{"id":79802,"date":"2026-05-01T15:42:26","date_gmt":"2026-05-01T15:42:26","guid":{"rendered":"https:\/\/loginfo24.com\/2026\/05\/01\/sgkv-publica-relatorio-estatistico-2025-para-membros\/"},"modified":"2026-05-01T15:42:26","modified_gmt":"2026-05-01T15:42:26","slug":"sgkv-publica-relatorio-estatistico-2025-para-membros","status":"publish","type":"post","link":"https:\/\/loginfo24.com\/pt-pt\/2026\/05\/01\/sgkv-publica-relatorio-estatistico-2025-para-membros\/","title":{"rendered":"SGKV publica relat\u00f3rio estat\u00edstico 2025 para membros"},"content":{"rendered":"<p>A Sociedade de Estudos para o Transporte Combinado (SGKV e.V.) publicou seu relat\u00f3rio estat\u00edstico atual &#8222;N\u00fameros e Fatos 2025&#8220;, que j\u00e1 est\u00e1 dispon\u00edvel para os membros. O relat\u00f3rio oferece an\u00e1lises abrangentes com base em estat\u00edsticas oficiais e pode ser consultado no site da SGKV em sgkv.de\/publikationen\/zahlen-und-fakten\/. Para o p\u00fablico em geral, o relat\u00f3rio dever\u00e1 estar dispon\u00edvel em meados de junho de 2026.<\/p>\n<h3>Destaques do Conte\u00fado do Relat\u00f3rio<\/h3>\n<p>O relat\u00f3rio estat\u00edstico analisa tanto o transporte combinado (KV) por via ferrovi\u00e1ria quanto por via aqu\u00e1tica, assim como o transporte de mercadorias total na Alemanha para o ano de 2025. Al\u00e9m das estat\u00edsticas oficiais, o relat\u00f3rio tamb\u00e9m cont\u00e9m previs\u00f5es sobre o desenvolvimento de volumes e desempenho para o transporte de mercadorias total e o transporte combinado. Dois excursos especiais oferecem insights adicionais: o primeiro aborda o consumo total de energia de um transporte de cont\u00eainer de Basileia a Roterd\u00e3 e compara graficamente os diferentes modos de transporte. O segundo excurso trata das necessidades de recursos esperadas para a substitui\u00e7\u00e3o de infraestrutura, bem como para a nova constru\u00e7\u00e3o e amplia\u00e7\u00e3o de terminais de KV at\u00e9 o ano de 2033, com base em uma pesquisa da SGKV de 2025.<\/p>\n<h3>Desenvolvimentos Atuais no Transporte de Mercadorias<\/h3>\n<p>Previamente, foram apresentadas tr\u00eas descobertas centrais sobre o transporte de mercadorias e o transporte combinado na Alemanha. Em 2025, quase todos os setores do transporte de mercadorias registraram quedas, exceto o transporte mar\u00edtimo. O transporte combinado em si experimentou uma queda tanto no volume de transporte (-1,6%) quanto no desempenho de transporte (-1,4%) em compara\u00e7\u00e3o com o ano anterior, devido \u00e0 situa\u00e7\u00e3o econ\u00f4mica geral. No entanto, segundo a &#8222;Previs\u00e3o de M\u00e9dio Prazo Flutuante&#8220; da Intraplan Consult e BALM, o transporte combinado por via ferrovi\u00e1ria continuar\u00e1 a ser visto como um motor de crescimento no transporte ferrovi\u00e1rio de mercadorias. At\u00e9 2029, espera-se um aumento de 3,0% no volume de tr\u00e1fego e 3,2% no desempenho de tr\u00e1fego no KV por via ferrovi\u00e1ria na Alemanha.<\/p>\n<p>A publica\u00e7\u00e3o do relat\u00f3rio oferece aos membros da SGKV informa\u00e7\u00f5es valiosas sobre a situa\u00e7\u00e3o atual e os desenvolvimentos futuros no campo do transporte combinado e do transporte de mercadorias em geral.<\/p>\n<p><a href=\"http:\/\/www.sgkv.de\" target=\"_blank\" rel=\"noopener noreferrer\">www.sgkv.de<\/a><\/p>\n","protected":false},"excerpt":{"rendered":"<p>A SGKV e.V. publicou o relat\u00f3rio estat\u00edstico &#8220;N\u00fameros e Fatos 2025&#8221;, que oferece an\u00e1lises abrangentes sobre o transporte combinado e o transporte de mercadorias na Alemanha.<\/p>\n","protected":false},"author":7,"featured_media":79797,"comment_status":"open","ping_status":"","sticky":false,"template":"","format":"standard","meta":{"_acf_changed":false,"footnotes":""},"categories":[6663,1616],"tags":[23536,23537,23538,23539,23540,23541,3353,13225,23542,23543,23544,10957,23545,7589,7593,23546,23547,23548,23549,23550,3872,23551,23552,23553,13238,5867,10972,23554,2869,23555,23556,2193,23557,1916,23558,23559,23560,23561,13243,7621,6544,3125,23562,23563,23564,23565,23566,23567,23568],"class_list":["post-79802","post","type-post","status-publish","format-standard","has-post-thumbnail","hentry","category-alemanha","category-intermodal-rodoviario","tag-comparaison-des-modes-de-transport","tag-consommation-denergie-transport-de-conteneurs","tag-container-transport-energy-consumption","tag-containertransport-energieeinsatz","tag-deutsch-kombinierter-verkehr","tag-developpement-des-infrastructures-transport-combine","tag-digitalisierung-logistik","tag-durabilite-dans-le-transport-de-marchandises","tag-economie-du-transport-allemagne","tag-evolutions-du-transport-maritime","tag-expansion-des-terminaux-kv","tag-fachkraeftemangel-logistikbranche","tag-freight-transport-forecasts-2025","tag-freight-transport-germany","tag-gueterverkehr-deutschland","tag-infrastructure-development-combined-transport","tag-infrastrukturentwicklung-kombinierter-verkehr","tag-inland-waterway-freight-transport","tag-kv-terminals-expansion","tag-kv-terminals-ausbau","tag-logistics-digitalization","tag-logistics-service-providers-germany-francais-transport-combine","tag-logistikdienstleister-deutschland-english-combined-transport","tag-maritime-transport-developments","tag-nachhaltigkeit-im-gueterverkehr","tag-numerisation-de-la-logistique","tag-penurie-de-main-doeuvre-secteur-logistique","tag-politique-de-transport-allemagne","tag-prestataires-de-services-logistiques-allemagne","tag-previsions-transport-de-marchandises-2025","tag-prognosen-gueterverkehr-2025","tag-rail-freight-transport","tag-rapport-statistique-sgkv","tag-schienengueterverkehr","tag-seeverkehr-entwicklungen","tag-sgkv-statistical-report","tag-sgkv-statistikbericht","tag-skills-shortage-logistics-sector","tag-sustainability-in-freight-transport","tag-transport-de-marchandises-allemagne","tag-transport-economy-germany","tag-transport-ferroviaire-de-marchandises","tag-transport-fluvial-de-marchandises","tag-transport-modes-comparison","tag-transport-policy-germany","tag-verkehrspolitik-deutschland","tag-verkehrstraeger-vergleich","tag-verkehrswirtschaft-deutschland","tag-wasserstrassengueterverkehr"],"acf":[],"yoast_head":"<!-- This site is optimized with the Yoast SEO plugin v27.3 - https:\/\/yoast.com\/product\/yoast-seo-wordpress\/ -->\n<title>SGKV publica relat\u00f3rio estat\u00edstico 2025 para membros - Loginfo24<\/title>\n<meta name=\"robots\" content=\"index, follow, max-snippet:-1, max-image-preview:large, max-video-preview:-1\" \/>\n<link rel=\"canonical\" href=\"https:\/\/loginfo24.com\/pt-pt\/2026\/05\/01\/sgkv-publica-relatorio-estatistico-2025-para-membros\/\" \/>\n<meta property=\"og:locale\" content=\"pt_PT\" \/>\n<meta property=\"og:type\" content=\"article\" \/>\n<meta property=\"og:title\" content=\"SGKV publica relat\u00f3rio estat\u00edstico 2025 para membros - Loginfo24\" \/>\n<meta property=\"og:description\" content=\"A SGKV e.V. publicou o relat\u00f3rio estat\u00edstico &quot;N\u00fameros e Fatos 2025&quot;, que oferece an\u00e1lises abrangentes sobre o transporte combinado e o transporte de mercadorias na Alemanha.\" \/>\n<meta property=\"og:url\" content=\"https:\/\/loginfo24.com\/pt-pt\/2026\/05\/01\/sgkv-publica-relatorio-estatistico-2025-para-membros\/\" \/>\n<meta property=\"og:site_name\" content=\"Loginfo24\" \/>\n<meta property=\"article:publisher\" content=\"https:\/\/www.facebook.com\/people\/Loginfo24\/100057360583332\/\" \/>\n<meta property=\"article:published_time\" content=\"2026-05-01T15:42:26+00:00\" \/>\n<meta property=\"og:image\" content=\"https:\/\/loginfo24.com\/wp-content\/uploads\/sites\/7\/2026\/05\/Kombinierter_Verkehr_2-aspect-ratio-1400-788.jpg\" \/>\n\t<meta property=\"og:image:width\" content=\"1467\" \/>\n\t<meta property=\"og:image:height\" content=\"826\" \/>\n\t<meta property=\"og:image:type\" content=\"image\/jpeg\" \/>\n<meta name=\"author\" content=\"Andreas M\u00fcller\" \/>\n<meta name=\"twitter:card\" content=\"summary_large_image\" \/>\n<meta name=\"twitter:label1\" content=\"Escrito por\" \/>\n\t<meta name=\"twitter:data1\" content=\"Andreas M\u00fcller\" \/>\n\t<meta name=\"twitter:label2\" content=\"Tempo estimado de leitura\" \/>\n\t<meta name=\"twitter:data2\" content=\"2 minutos\" \/>\n<script type=\"application\/ld+json\" class=\"yoast-schema-graph\">{\"@context\":\"https:\\\/\\\/schema.org\",\"@graph\":[{\"@type\":\"Article\",\"@id\":\"https:\\\/\\\/loginfo24.com\\\/pt-pt\\\/2026\\\/05\\\/01\\\/sgkv-publica-relatorio-estatistico-2025-para-membros\\\/#article\",\"isPartOf\":{\"@id\":\"https:\\\/\\\/loginfo24.com\\\/pt-pt\\\/2026\\\/05\\\/01\\\/sgkv-publica-relatorio-estatistico-2025-para-membros\\\/\"},\"author\":{\"name\":\"Andreas M\u00fcller\",\"@id\":\"https:\\\/\\\/loginfo24.com\\\/pt-pt\\\/#\\\/schema\\\/person\\\/7b1593b33567ba798d300c8a1b0b85b1\"},\"headline\":\"SGKV publica relat\u00f3rio estat\u00edstico 2025 para membros\",\"datePublished\":\"2026-05-01T15:42:26+00:00\",\"mainEntityOfPage\":{\"@id\":\"https:\\\/\\\/loginfo24.com\\\/pt-pt\\\/2026\\\/05\\\/01\\\/sgkv-publica-relatorio-estatistico-2025-para-membros\\\/\"},\"wordCount\":400,\"commentCount\":0,\"publisher\":{\"@id\":\"https:\\\/\\\/loginfo24.com\\\/pt-pt\\\/#organization\"},\"image\":{\"@id\":\"https:\\\/\\\/loginfo24.com\\\/pt-pt\\\/2026\\\/05\\\/01\\\/sgkv-publica-relatorio-estatistico-2025-para-membros\\\/#primaryimage\"},\"thumbnailUrl\":\"https:\\\/\\\/loginfo24.com\\\/wp-content\\\/uploads\\\/sites\\\/7\\\/2026\\\/05\\\/Kombinierter_Verkehr_2-aspect-ratio-1400-788.jpg\",\"keywords\":[\"comparaison des modes de transport\",\"consommation d'\u00e9nergie transport de conteneurs\",\"container transport energy consumption\",\"Containertransport Energieeinsatz\",\"Deutsch Kombinierter Verkehr\",\"d\u00e9veloppement des infrastructures transport combin\u00e9\",\"Digitalisierung Logistik\",\"durabilit\u00e9 dans le transport de marchandises\",\"\u00e9conomie du transport Allemagne\",\"\u00e9volutions du transport maritime\",\"expansion des terminaux KV\",\"Fachkr\u00e4ftemangel Logistikbranche\",\"freight transport forecasts 2025\",\"freight transport Germany\",\"G\u00fcterverkehr Deutschland\",\"infrastructure development combined transport\",\"Infrastrukturentwicklung Kombinierter Verkehr\",\"inland waterway freight transport\",\"KV terminals expansion\",\"KV-Terminals Ausbau\",\"logistics digitalization\",\"logistics service providers Germany Fran\u00e7ais Transport combin\u00e9\",\"Logistikdienstleister Deutschland English Combined transport\",\"maritime transport developments\",\"Nachhaltigkeit im G\u00fcterverkehr\",\"num\u00e9risation de la logistique\",\"p\u00e9nurie de main-d'\u0153uvre secteur logistique\",\"politique de transport Allemagne\",\"prestataires de services logistiques Allemagne\",\"pr\u00e9visions transport de marchandises 2025\",\"Prognosen G\u00fcterverkehr 2025\",\"rail freight transport\",\"rapport statistique SGKV\",\"Schieneng\u00fcterverkehr\",\"Seeverkehr Entwicklungen\",\"SGKV statistical report\",\"SGKV Statistikbericht\",\"skills shortage logistics sector\",\"sustainability in freight transport\",\"transport de marchandises Allemagne\",\"transport economy Germany\",\"transport ferroviaire de marchandises\",\"transport fluvial de marchandises\",\"transport modes comparison\",\"transport policy Germany\",\"Verkehrspolitik Deutschland\",\"Verkehrstr\u00e4ger Vergleich\",\"Verkehrswirtschaft Deutschland\",\"Wasserstra\u00dfeng\u00fcterverkehr\"],\"articleSection\":[\"Alemanha\",\"Intermodal \\\/ Rodovi\u00e1rio\"],\"inLanguage\":\"pt-PT\",\"potentialAction\":[{\"@type\":\"CommentAction\",\"name\":\"Comment\",\"target\":[\"https:\\\/\\\/loginfo24.com\\\/pt-pt\\\/2026\\\/05\\\/01\\\/sgkv-publica-relatorio-estatistico-2025-para-membros\\\/#respond\"]}]},{\"@type\":\"WebPage\",\"@id\":\"https:\\\/\\\/loginfo24.com\\\/pt-pt\\\/2026\\\/05\\\/01\\\/sgkv-publica-relatorio-estatistico-2025-para-membros\\\/\",\"url\":\"https:\\\/\\\/loginfo24.com\\\/pt-pt\\\/2026\\\/05\\\/01\\\/sgkv-publica-relatorio-estatistico-2025-para-membros\\\/\",\"name\":\"SGKV publica relat\u00f3rio estat\u00edstico 2025 para membros - Loginfo24\",\"isPartOf\":{\"@id\":\"https:\\\/\\\/loginfo24.com\\\/pt-pt\\\/#website\"},\"primaryImageOfPage\":{\"@id\":\"https:\\\/\\\/loginfo24.com\\\/pt-pt\\\/2026\\\/05\\\/01\\\/sgkv-publica-relatorio-estatistico-2025-para-membros\\\/#primaryimage\"},\"image\":{\"@id\":\"https:\\\/\\\/loginfo24.com\\\/pt-pt\\\/2026\\\/05\\\/01\\\/sgkv-publica-relatorio-estatistico-2025-para-membros\\\/#primaryimage\"},\"thumbnailUrl\":\"https:\\\/\\\/loginfo24.com\\\/wp-content\\\/uploads\\\/sites\\\/7\\\/2026\\\/05\\\/Kombinierter_Verkehr_2-aspect-ratio-1400-788.jpg\",\"datePublished\":\"2026-05-01T15:42:26+00:00\",\"breadcrumb\":{\"@id\":\"https:\\\/\\\/loginfo24.com\\\/pt-pt\\\/2026\\\/05\\\/01\\\/sgkv-publica-relatorio-estatistico-2025-para-membros\\\/#breadcrumb\"},\"inLanguage\":\"pt-PT\",\"potentialAction\":[{\"@type\":\"ReadAction\",\"target\":[\"https:\\\/\\\/loginfo24.com\\\/pt-pt\\\/2026\\\/05\\\/01\\\/sgkv-publica-relatorio-estatistico-2025-para-membros\\\/\"]}]},{\"@type\":\"ImageObject\",\"inLanguage\":\"pt-PT\",\"@id\":\"https:\\\/\\\/loginfo24.com\\\/pt-pt\\\/2026\\\/05\\\/01\\\/sgkv-publica-relatorio-estatistico-2025-para-membros\\\/#primaryimage\",\"url\":\"https:\\\/\\\/loginfo24.com\\\/wp-content\\\/uploads\\\/sites\\\/7\\\/2026\\\/05\\\/Kombinierter_Verkehr_2-aspect-ratio-1400-788.jpg\",\"contentUrl\":\"https:\\\/\\\/loginfo24.com\\\/wp-content\\\/uploads\\\/sites\\\/7\\\/2026\\\/05\\\/Kombinierter_Verkehr_2-aspect-ratio-1400-788.jpg\",\"width\":1467,\"height\":826},{\"@type\":\"BreadcrumbList\",\"@id\":\"https:\\\/\\\/loginfo24.com\\\/pt-pt\\\/2026\\\/05\\\/01\\\/sgkv-publica-relatorio-estatistico-2025-para-membros\\\/#breadcrumb\",\"itemListElement\":[{\"@type\":\"ListItem\",\"position\":1,\"name\":\"Startseite\",\"item\":\"https:\\\/\\\/loginfo24.com\\\/pt-pt\\\/\"},{\"@type\":\"ListItem\",\"position\":2,\"name\":\"SGKV publica relat\u00f3rio estat\u00edstico 2025 para membros\"}]},{\"@type\":\"WebSite\",\"@id\":\"https:\\\/\\\/loginfo24.com\\\/pt-pt\\\/#website\",\"url\":\"https:\\\/\\\/loginfo24.com\\\/pt-pt\\\/\",\"name\":\"Loginfo24\",\"description\":\"Loginfo24 \u00e9 a plataforma dedicada \u00e0 log\u00edstica e \u00e0s cadeias de abastecimento, com informa\u00e7\u00f5es dispon\u00edveis 24 horas por dia.\",\"publisher\":{\"@id\":\"https:\\\/\\\/loginfo24.com\\\/pt-pt\\\/#organization\"},\"potentialAction\":[{\"@type\":\"SearchAction\",\"target\":{\"@type\":\"EntryPoint\",\"urlTemplate\":\"https:\\\/\\\/loginfo24.com\\\/pt-pt\\\/?s={search_term_string}\"},\"query-input\":{\"@type\":\"PropertyValueSpecification\",\"valueRequired\":true,\"valueName\":\"search_term_string\"}}],\"inLanguage\":\"pt-PT\"},{\"@type\":\"Organization\",\"@id\":\"https:\\\/\\\/loginfo24.com\\\/pt-pt\\\/#organization\",\"name\":\"Logismedia Group AG\",\"url\":\"https:\\\/\\\/loginfo24.com\\\/pt-pt\\\/\",\"logo\":{\"@type\":\"ImageObject\",\"inLanguage\":\"pt-PT\",\"@id\":\"https:\\\/\\\/loginfo24.com\\\/pt-pt\\\/#\\\/schema\\\/logo\\\/image\\\/\",\"url\":\"https:\\\/\\\/loginfo24.com\\\/wp-content\\\/uploads\\\/sites\\\/7\\\/2026\\\/01\\\/Logo_LogInfo24.png\",\"contentUrl\":\"https:\\\/\\\/loginfo24.com\\\/wp-content\\\/uploads\\\/sites\\\/7\\\/2026\\\/01\\\/Logo_LogInfo24.png\",\"width\":938,\"height\":351,\"caption\":\"Logismedia Group AG\"},\"image\":{\"@id\":\"https:\\\/\\\/loginfo24.com\\\/pt-pt\\\/#\\\/schema\\\/logo\\\/image\\\/\"},\"sameAs\":[\"https:\\\/\\\/www.facebook.com\\\/people\\\/Loginfo24\\\/100057360583332\\\/\",\"https:\\\/\\\/www.linkedin.com\\\/company\\\/lofinfo24\\\/\"]},{\"@type\":\"Person\",\"@id\":\"https:\\\/\\\/loginfo24.com\\\/pt-pt\\\/#\\\/schema\\\/person\\\/7b1593b33567ba798d300c8a1b0b85b1\",\"name\":\"Andreas M\u00fcller\",\"url\":\"https:\\\/\\\/loginfo24.com\\\/pt-pt\\\/author\\\/logismedia\\\/\"}]}<\/script>\n<!-- \/ Yoast SEO plugin. -->","yoast_head_json":{"title":"SGKV publica relat\u00f3rio estat\u00edstico 2025 para membros - Loginfo24","robots":{"index":"index","follow":"follow","max-snippet":"max-snippet:-1","max-image-preview":"max-image-preview:large","max-video-preview":"max-video-preview:-1"},"canonical":"https:\/\/loginfo24.com\/pt-pt\/2026\/05\/01\/sgkv-publica-relatorio-estatistico-2025-para-membros\/","og_locale":"pt_PT","og_type":"article","og_title":"SGKV publica relat\u00f3rio estat\u00edstico 2025 para membros - Loginfo24","og_description":"A SGKV e.V. publicou o relat\u00f3rio estat\u00edstico \"N\u00fameros e Fatos 2025\", que oferece an\u00e1lises abrangentes sobre o transporte combinado e o transporte de mercadorias na Alemanha.","og_url":"https:\/\/loginfo24.com\/pt-pt\/2026\/05\/01\/sgkv-publica-relatorio-estatistico-2025-para-membros\/","og_site_name":"Loginfo24","article_publisher":"https:\/\/www.facebook.com\/people\/Loginfo24\/100057360583332\/","article_published_time":"2026-05-01T15:42:26+00:00","og_image":[{"width":1467,"height":826,"url":"https:\/\/loginfo24.com\/wp-content\/uploads\/sites\/7\/2026\/05\/Kombinierter_Verkehr_2-aspect-ratio-1400-788.jpg","type":"image\/jpeg"}],"author":"Andreas M\u00fcller","twitter_card":"summary_large_image","twitter_misc":{"Escrito por":"Andreas M\u00fcller","Tempo estimado de leitura":"2 minutos"},"schema":{"@context":"https:\/\/schema.org","@graph":[{"@type":"Article","@id":"https:\/\/loginfo24.com\/pt-pt\/2026\/05\/01\/sgkv-publica-relatorio-estatistico-2025-para-membros\/#article","isPartOf":{"@id":"https:\/\/loginfo24.com\/pt-pt\/2026\/05\/01\/sgkv-publica-relatorio-estatistico-2025-para-membros\/"},"author":{"name":"Andreas M\u00fcller","@id":"https:\/\/loginfo24.com\/pt-pt\/#\/schema\/person\/7b1593b33567ba798d300c8a1b0b85b1"},"headline":"SGKV publica relat\u00f3rio estat\u00edstico 2025 para membros","datePublished":"2026-05-01T15:42:26+00:00","mainEntityOfPage":{"@id":"https:\/\/loginfo24.com\/pt-pt\/2026\/05\/01\/sgkv-publica-relatorio-estatistico-2025-para-membros\/"},"wordCount":400,"commentCount":0,"publisher":{"@id":"https:\/\/loginfo24.com\/pt-pt\/#organization"},"image":{"@id":"https:\/\/loginfo24.com\/pt-pt\/2026\/05\/01\/sgkv-publica-relatorio-estatistico-2025-para-membros\/#primaryimage"},"thumbnailUrl":"https:\/\/loginfo24.com\/wp-content\/uploads\/sites\/7\/2026\/05\/Kombinierter_Verkehr_2-aspect-ratio-1400-788.jpg","keywords":["comparaison des modes de transport","consommation d'\u00e9nergie transport de conteneurs","container transport energy consumption","Containertransport Energieeinsatz","Deutsch Kombinierter Verkehr","d\u00e9veloppement des infrastructures transport combin\u00e9","Digitalisierung Logistik","durabilit\u00e9 dans le transport de marchandises","\u00e9conomie du transport Allemagne","\u00e9volutions du transport maritime","expansion des terminaux KV","Fachkr\u00e4ftemangel Logistikbranche","freight transport forecasts 2025","freight transport Germany","G\u00fcterverkehr Deutschland","infrastructure development combined transport","Infrastrukturentwicklung Kombinierter Verkehr","inland waterway freight transport","KV terminals expansion","KV-Terminals Ausbau","logistics digitalization","logistics service providers Germany Fran\u00e7ais Transport combin\u00e9","Logistikdienstleister Deutschland English Combined transport","maritime transport developments","Nachhaltigkeit im G\u00fcterverkehr","num\u00e9risation de la logistique","p\u00e9nurie de main-d'\u0153uvre secteur logistique","politique de transport Allemagne","prestataires de services logistiques Allemagne","pr\u00e9visions transport de marchandises 2025","Prognosen G\u00fcterverkehr 2025","rail freight transport","rapport statistique SGKV","Schieneng\u00fcterverkehr","Seeverkehr Entwicklungen","SGKV statistical report","SGKV Statistikbericht","skills shortage logistics sector","sustainability in freight transport","transport de marchandises Allemagne","transport economy Germany","transport ferroviaire de marchandises","transport fluvial de marchandises","transport modes comparison","transport policy Germany","Verkehrspolitik Deutschland","Verkehrstr\u00e4ger Vergleich","Verkehrswirtschaft Deutschland","Wasserstra\u00dfeng\u00fcterverkehr"],"articleSection":["Alemanha","Intermodal \/ Rodovi\u00e1rio"],"inLanguage":"pt-PT","potentialAction":[{"@type":"CommentAction","name":"Comment","target":["https:\/\/loginfo24.com\/pt-pt\/2026\/05\/01\/sgkv-publica-relatorio-estatistico-2025-para-membros\/#respond"]}]},{"@type":"WebPage","@id":"https:\/\/loginfo24.com\/pt-pt\/2026\/05\/01\/sgkv-publica-relatorio-estatistico-2025-para-membros\/","url":"https:\/\/loginfo24.com\/pt-pt\/2026\/05\/01\/sgkv-publica-relatorio-estatistico-2025-para-membros\/","name":"SGKV publica relat\u00f3rio estat\u00edstico 2025 para membros - Loginfo24","isPartOf":{"@id":"https:\/\/loginfo24.com\/pt-pt\/#website"},"primaryImageOfPage":{"@id":"https:\/\/loginfo24.com\/pt-pt\/2026\/05\/01\/sgkv-publica-relatorio-estatistico-2025-para-membros\/#primaryimage"},"image":{"@id":"https:\/\/loginfo24.com\/pt-pt\/2026\/05\/01\/sgkv-publica-relatorio-estatistico-2025-para-membros\/#primaryimage"},"thumbnailUrl":"https:\/\/loginfo24.com\/wp-content\/uploads\/sites\/7\/2026\/05\/Kombinierter_Verkehr_2-aspect-ratio-1400-788.jpg","datePublished":"2026-05-01T15:42:26+00:00","breadcrumb":{"@id":"https:\/\/loginfo24.com\/pt-pt\/2026\/05\/01\/sgkv-publica-relatorio-estatistico-2025-para-membros\/#breadcrumb"},"inLanguage":"pt-PT","potentialAction":[{"@type":"ReadAction","target":["https:\/\/loginfo24.com\/pt-pt\/2026\/05\/01\/sgkv-publica-relatorio-estatistico-2025-para-membros\/"]}]},{"@type":"ImageObject","inLanguage":"pt-PT","@id":"https:\/\/loginfo24.com\/pt-pt\/2026\/05\/01\/sgkv-publica-relatorio-estatistico-2025-para-membros\/#primaryimage","url":"https:\/\/loginfo24.com\/wp-content\/uploads\/sites\/7\/2026\/05\/Kombinierter_Verkehr_2-aspect-ratio-1400-788.jpg","contentUrl":"https:\/\/loginfo24.com\/wp-content\/uploads\/sites\/7\/2026\/05\/Kombinierter_Verkehr_2-aspect-ratio-1400-788.jpg","width":1467,"height":826},{"@type":"BreadcrumbList","@id":"https:\/\/loginfo24.com\/pt-pt\/2026\/05\/01\/sgkv-publica-relatorio-estatistico-2025-para-membros\/#breadcrumb","itemListElement":[{"@type":"ListItem","position":1,"name":"Startseite","item":"https:\/\/loginfo24.com\/pt-pt\/"},{"@type":"ListItem","position":2,"name":"SGKV publica relat\u00f3rio estat\u00edstico 2025 para membros"}]},{"@type":"WebSite","@id":"https:\/\/loginfo24.com\/pt-pt\/#website","url":"https:\/\/loginfo24.com\/pt-pt\/","name":"Loginfo24","description":"Loginfo24 \u00e9 a plataforma dedicada \u00e0 log\u00edstica e \u00e0s cadeias de abastecimento, com informa\u00e7\u00f5es dispon\u00edveis 24 horas por dia.","publisher":{"@id":"https:\/\/loginfo24.com\/pt-pt\/#organization"},"potentialAction":[{"@type":"SearchAction","target":{"@type":"EntryPoint","urlTemplate":"https:\/\/loginfo24.com\/pt-pt\/?s={search_term_string}"},"query-input":{"@type":"PropertyValueSpecification","valueRequired":true,"valueName":"search_term_string"}}],"inLanguage":"pt-PT"},{"@type":"Organization","@id":"https:\/\/loginfo24.com\/pt-pt\/#organization","name":"Logismedia Group AG","url":"https:\/\/loginfo24.com\/pt-pt\/","logo":{"@type":"ImageObject","inLanguage":"pt-PT","@id":"https:\/\/loginfo24.com\/pt-pt\/#\/schema\/logo\/image\/","url":"https:\/\/loginfo24.com\/wp-content\/uploads\/sites\/7\/2026\/01\/Logo_LogInfo24.png","contentUrl":"https:\/\/loginfo24.com\/wp-content\/uploads\/sites\/7\/2026\/01\/Logo_LogInfo24.png","width":938,"height":351,"caption":"Logismedia Group AG"},"image":{"@id":"https:\/\/loginfo24.com\/pt-pt\/#\/schema\/logo\/image\/"},"sameAs":["https:\/\/www.facebook.com\/people\/Loginfo24\/100057360583332\/","https:\/\/www.linkedin.com\/company\/lofinfo24\/"]},{"@type":"Person","@id":"https:\/\/loginfo24.com\/pt-pt\/#\/schema\/person\/7b1593b33567ba798d300c8a1b0b85b1","name":"Andreas M\u00fcller","url":"https:\/\/loginfo24.com\/pt-pt\/author\/logismedia\/"}]}},"_links":{"self":[{"href":"https:\/\/loginfo24.com\/pt-pt\/wp-json\/wp\/v2\/posts\/79802","targetHints":{"allow":["GET"]}}],"collection":[{"href":"https:\/\/loginfo24.com\/pt-pt\/wp-json\/wp\/v2\/posts"}],"about":[{"href":"https:\/\/loginfo24.com\/pt-pt\/wp-json\/wp\/v2\/types\/post"}],"author":[{"embeddable":true,"href":"https:\/\/loginfo24.com\/pt-pt\/wp-json\/wp\/v2\/users\/7"}],"replies":[{"embeddable":true,"href":"https:\/\/loginfo24.com\/pt-pt\/wp-json\/wp\/v2\/comments?post=79802"}],"version-history":[{"count":0,"href":"https:\/\/loginfo24.com\/pt-pt\/wp-json\/wp\/v2\/posts\/79802\/revisions"}],"wp:featuredmedia":[{"embeddable":true,"href":"https:\/\/loginfo24.com\/pt-pt\/wp-json\/wp\/v2\/media\/79797"}],"wp:attachment":[{"href":"https:\/\/loginfo24.com\/pt-pt\/wp-json\/wp\/v2\/media?parent=79802"}],"wp:term":[{"taxonomy":"category","embeddable":true,"href":"https:\/\/loginfo24.com\/pt-pt\/wp-json\/wp\/v2\/categories?post=79802"},{"taxonomy":"post_tag","embeddable":true,"href":"https:\/\/loginfo24.com\/pt-pt\/wp-json\/wp\/v2\/tags?post=79802"}],"curies":[{"name":"wp","href":"https:\/\/api.w.org\/{rel}","templated":true}]}}