{"id":79778,"date":"2026-05-01T15:17:30","date_gmt":"2026-05-01T15:17:30","guid":{"rendered":"https:\/\/loginfo24.com\/2026\/05\/01\/forum-do-setor-da-associacao-dos-armadores-alemaes\/"},"modified":"2026-05-01T15:17:30","modified_gmt":"2026-05-01T15:17:30","slug":"forum-do-setor-da-associacao-dos-armadores-alemaes","status":"publish","type":"post","link":"https:\/\/loginfo24.com\/pt-pt\/2026\/05\/01\/forum-do-setor-da-associacao-dos-armadores-alemaes\/","title":{"rendered":"F\u00f3rum do Setor da Associa\u00e7\u00e3o dos Armadores Alem\u00e3es"},"content":{"rendered":"<p>A navega\u00e7\u00e3o internacional desempenha um papel crucial para a economia e o abastecimento da Alemanha. Cerca de 90% do com\u00e9rcio mundial e aproximadamente dois ter\u00e7os do com\u00e9rcio exterior alem\u00e3o s\u00e3o realizados por via mar\u00edtima. Em tempos de crise, a navega\u00e7\u00e3o \u00e9 tamb\u00e9m fundamental para o transporte de equipamentos militares e ajuda humanit\u00e1ria. Nesse contexto, representantes da pol\u00edtica, da economia e dos trabalhadores discutiram no f\u00f3rum do setor da Associa\u00e7\u00e3o dos Armadores Alem\u00e3es (VDR), no \u00e2mbito da Confer\u00eancia Mar\u00edtima Nacional (NMK) em Emden, sobre o fortalecimento da resili\u00eancia mar\u00edtima e da competitividade em tempos de tens\u00f5es geopol\u00edticas.<\/p>\n<h3>Fortalecimento da infraestrutura mar\u00edtima<\/h3>\n<p>Gaby Bornheim, presidente do VDR, enfatizou a necessidade de uma frota comercial forte e de condi\u00e7\u00f5es competitivas para garantir a seguran\u00e7a do abastecimento da Alemanha. \u201cO compromisso com uma navega\u00e7\u00e3o segura e livre \u00e9 essencial para a Alemanha. Nossa economia e nosso abastecimento dependem em grande medida de cadeias de suprimento mar\u00edtimas funcionais\u201d, afirmou Bornheim. Para aumentar a resili\u00eancia da navega\u00e7\u00e3o, \u00e9 necess\u00e1ria uma base de pessoal nacional maior. O n\u00famero de novos entrantes na navega\u00e7\u00e3o j\u00e1 subiu para 537 em 2023, o que representa um aumento de quase 30% e o maior n\u00edvel em mais de dez anos. O VDR prop\u00f5e a introdu\u00e7\u00e3o de um servi\u00e7o mar\u00edtimo volunt\u00e1rio no \u00e2mbito do novo servi\u00e7o militar, para facilitar a entrada de jovens na navega\u00e7\u00e3o e construir uma reserva mar\u00edtima civil.<\/p>\n<p>Christian Hirte, secret\u00e1rio de Estado parlamentar no Minist\u00e9rio Federal dos Transportes, destacou que o governo federal est\u00e1 fortalecendo especificamente a resili\u00eancia das cadeias de suprimento mar\u00edtimas e investindo na forma\u00e7\u00e3o da nova gera\u00e7\u00e3o mar\u00edtima. \u201cPortos eficientes, vias naveg\u00e1veis modernas e uma infraestrutura mar\u00edtima confi\u00e1vel est\u00e3o intimamente relacionados \u00e0 estabilidade econ\u00f4mica, seguran\u00e7a e capacidade de a\u00e7\u00e3o estrat\u00e9gica\u201d, explicou Hirte.<\/p>\n<h3>Resili\u00eancia mar\u00edtima como pol\u00edtica de localiza\u00e7\u00e3o<\/h3>\n<p>Melanie Leonhard, senadora para Economia, Trabalho e Inova\u00e7\u00e3o da Cidade Livre e Hanse\u00e1tica de Hamburgo, sublinhou a import\u00e2ncia do porto de Hamburgo para a navega\u00e7\u00e3o, especialmente em tempos de crise. Ela enfatizou que a resili\u00eancia mar\u00edtima \u00e9 uma pol\u00edtica de localiza\u00e7\u00e3o concreta que ajuda a manter as cadeias de suprimento est\u00e1veis e, assim, garantir prosperidade e estabilidade na Alemanha. Rolf Habben Jansen, CEO da Hapag-Lloyd, acrescentou que a navega\u00e7\u00e3o hoje est\u00e1 mais do que nunca em um campo de tens\u00e3o devido a desenvolvimentos geopol\u00edticos. Uma frota comercial forte e condi\u00e7\u00f5es competitivas s\u00e3o decisivas para a estabilidade econ\u00f4mica e a seguran\u00e7a do abastecimento na Alemanha e na Europa.<\/p>\n<p>Uwe Schmidt, membro do Bundestag Alem\u00e3o, destacou que investimentos na forma\u00e7\u00e3o de pessoal n\u00e1utico s\u00e3o cruciais para a seguran\u00e7a. Propostas como um servi\u00e7o mar\u00edtimo volunt\u00e1rio poderiam ajudar a criar a profundidade de pessoal necess\u00e1ria para uma navega\u00e7\u00e3o confi\u00e1vel. Dennis Dacke, chefe da divis\u00e3o de Transporte A\u00e9reo e Economia Mar\u00edtima da ver.di, enfatizou que sem boas condi\u00e7\u00f5es de trabalho e cogest\u00e3o n\u00e3o \u00e9 poss\u00edvel ter uma navega\u00e7\u00e3o resiliente. Ele exigiu padr\u00f5es m\u00ednimos obrigat\u00f3rios para hor\u00e1rios de trabalho e descanso a bordo, bem como um controle rigoroso dos estados de bandeira.<\/p>\n<p>O capit\u00e3o Sebastian Die\u00dfner, presidente da Associa\u00e7\u00e3o dos Capit\u00e3es e Oficiais de Navios Alem\u00e3es (VDKS), apontou que uma perspectiva profissional de longo prazo para os profissionais \u00e9 necess\u00e1ria para garantir a expertise na navega\u00e7\u00e3o.<\/p>\n<p>A discuss\u00e3o deixou claro que a navega\u00e7\u00e3o vai muito al\u00e9m de sua import\u00e2ncia econ\u00f4mica e \u00e9 uma parte central da infraestrutura de seguran\u00e7a da Alemanha e da Europa. Ataques a navios mercantes e amea\u00e7as h\u00edbridas, como ciberataques, aumentam significativamente os riscos para o setor.<\/p>\n<h3>Conclus\u00e3o e perspectivas<\/h3>\n<p>Por fim, Christoph Plo\u00df, coordenador do governo federal para Economia Mar\u00edtima e Turismo, enfatizou o papel essencial de uma economia mar\u00edtima forte para a Alemanha. O governo federal est\u00e1 trabalhando para fortalecer a competitividade das empresas de navega\u00e7\u00e3o, entre outras coisas, por meio da amplia\u00e7\u00e3o do imposto sobre o tonelagem. A Confer\u00eancia Mar\u00edtima Nacional (NMK) atua como um formato central de di\u00e1logo do governo federal com o setor mar\u00edtimo e re\u00fane regularmente atores da pol\u00edtica, da economia e dos sindicatos para definir diretrizes estrat\u00e9gicas para o futuro da economia mar\u00edtima.<\/p>\n<p><a href=\"http:\/\/www.reederverband.de\" target=\"_blank\" rel=\"noopener noreferrer\">www.reederverband.de<\/a><\/p>\n","protected":false},"excerpt":{"rendered":"<p>A economia mar\u00edtima \u00e9 crucial para a seguran\u00e7a e o abastecimento da Alemanha, raz\u00e3o pela qual o governo federal fortalece sua competitividade por meio de investimentos direcionados e formatos de di\u00e1logo.<\/p>\n","protected":false},"author":7,"featured_media":79773,"comment_status":"open","ping_status":"","sticky":false,"template":"","format":"standard","meta":{"_acf_changed":false,"footnotes":""},"categories":[6663,1619],"tags":[23444,23445,23446,20974,23447,16905,5010,22305,23448,23449,5225,5226,23450,2909,14490,14491,1808,2125,2702,20989,5016,3011,2054,23451,23452,5017,23453,23454,23455,23456,23457,2925,12724,14508,2929,2193,23458,23459,1916,23460,23461,23462,23463,21003,23464,23465,2295,23466,23467,3125,2155,1837,23468,23469,23470],"class_list":["post-79778","post","type-post","status-publish","format-standard","has-post-thumbnail","hentry","category-alemanha","category-navegacao-e-portos","tag-association-des-armateurs-allemands","tag-ausbildung-nautisches-personal","tag-base-de-main-doeuvre-nationale","tag-chaines-dapprovisionnement","tag-conference-maritime-nationale","tag-deutsch-schifffahrt","tag-economie-maritime","tag-fachkraeftemangel-schifffahrt","tag-formation-du-personnel-nautique","tag-freiwilliger-seedienst","tag-geopolitical-tensions","tag-geopolitische-spannungen","tag-german-shipowners-association","tag-hafenbetrieb","tag-hamburg-port","tag-hamburger-hafen","tag-hapag-lloyd","tag-industrie-du-transport","tag-infrastructure-maritime","tag-lieferketten","tag-maritime-economy","tag-maritime-infrastructure","tag-maritime-infrastruktur","tag-maritime-resilience","tag-maritime-resilienz","tag-maritime-wirtschaft","tag-national-maritime-conference-francais-navigation","tag-national-workforce-base","tag-nationale-maritime-konferenz-english-shipping","tag-nationale-personalbasis","tag-nautical-personnel-training","tag-operations-portuaires","tag-penurie-de-main-doeuvre-maritime","tag-port-de-hambourg","tag-port-operations","tag-rail-freight-transport","tag-resilience-maritime","tag-resilienz-der-schifffahrt","tag-schienengueterverkehr","tag-securite-dapprovisionnement-allemagne","tag-service-maritime-volontaire","tag-shipping-resilience","tag-skilled-labor-shortage-shipping","tag-supply-chains","tag-supply-security-germany","tag-taxe-sur-le-tonnage","tag-tensions-geopolitiques","tag-tonnage-tax","tag-tonnagesteuer","tag-transport-ferroviaire-de-marchandises","tag-transport-industry","tag-transportwirtschaft","tag-verbands-deutscher-reeder","tag-versorgungssicherheit-deutschland","tag-voluntary-sea-service"],"acf":[],"yoast_head":"<!-- This site is optimized with the Yoast SEO plugin v27.3 - https:\/\/yoast.com\/product\/yoast-seo-wordpress\/ -->\n<title>F\u00f3rum do Setor da Associa\u00e7\u00e3o dos Armadores Alem\u00e3es - Loginfo24<\/title>\n<meta name=\"robots\" content=\"index, follow, max-snippet:-1, max-image-preview:large, max-video-preview:-1\" \/>\n<link rel=\"canonical\" href=\"https:\/\/loginfo24.com\/pt-pt\/2026\/05\/01\/forum-do-setor-da-associacao-dos-armadores-alemaes\/\" \/>\n<meta property=\"og:locale\" content=\"pt_PT\" \/>\n<meta property=\"og:type\" content=\"article\" \/>\n<meta property=\"og:title\" content=\"F\u00f3rum do Setor da Associa\u00e7\u00e3o dos Armadores Alem\u00e3es - Loginfo24\" \/>\n<meta property=\"og:description\" content=\"A economia mar\u00edtima \u00e9 crucial para a seguran\u00e7a e o abastecimento da Alemanha, raz\u00e3o pela qual o governo federal fortalece sua competitividade por meio de investimentos direcionados e formatos de di\u00e1logo.\" \/>\n<meta property=\"og:url\" content=\"https:\/\/loginfo24.com\/pt-pt\/2026\/05\/01\/forum-do-setor-da-associacao-dos-armadores-alemaes\/\" \/>\n<meta property=\"og:site_name\" content=\"Loginfo24\" \/>\n<meta property=\"article:publisher\" content=\"https:\/\/www.facebook.com\/people\/Loginfo24\/100057360583332\/\" \/>\n<meta property=\"article:published_time\" content=\"2026-05-01T15:17:30+00:00\" \/>\n<meta property=\"og:image\" content=\"https:\/\/loginfo24.com\/wp-content\/uploads\/sites\/7\/2026\/05\/Pressemitteilung-NMK-2026-aspect-ratio-1400-788.jpg\" \/>\n\t<meta property=\"og:image:width\" content=\"1364\" \/>\n\t<meta property=\"og:image:height\" content=\"768\" \/>\n\t<meta property=\"og:image:type\" content=\"image\/jpeg\" \/>\n<meta name=\"author\" content=\"Andreas M\u00fcller\" \/>\n<meta name=\"twitter:card\" content=\"summary_large_image\" \/>\n<meta name=\"twitter:label1\" content=\"Escrito por\" \/>\n\t<meta name=\"twitter:data1\" content=\"Andreas M\u00fcller\" \/>\n\t<meta name=\"twitter:label2\" content=\"Tempo estimado de leitura\" \/>\n\t<meta name=\"twitter:data2\" content=\"4 minutos\" \/>\n<script type=\"application\/ld+json\" class=\"yoast-schema-graph\">{\"@context\":\"https:\\\/\\\/schema.org\",\"@graph\":[{\"@type\":\"Article\",\"@id\":\"https:\\\/\\\/loginfo24.com\\\/pt-pt\\\/2026\\\/05\\\/01\\\/forum-do-setor-da-associacao-dos-armadores-alemaes\\\/#article\",\"isPartOf\":{\"@id\":\"https:\\\/\\\/loginfo24.com\\\/pt-pt\\\/2026\\\/05\\\/01\\\/forum-do-setor-da-associacao-dos-armadores-alemaes\\\/\"},\"author\":{\"name\":\"Andreas M\u00fcller\",\"@id\":\"https:\\\/\\\/loginfo24.com\\\/pt-pt\\\/#\\\/schema\\\/person\\\/7b1593b33567ba798d300c8a1b0b85b1\"},\"headline\":\"F\u00f3rum do Setor da Associa\u00e7\u00e3o dos Armadores Alem\u00e3es\",\"datePublished\":\"2026-05-01T15:17:30+00:00\",\"mainEntityOfPage\":{\"@id\":\"https:\\\/\\\/loginfo24.com\\\/pt-pt\\\/2026\\\/05\\\/01\\\/forum-do-setor-da-associacao-dos-armadores-alemaes\\\/\"},\"wordCount\":788,\"commentCount\":0,\"publisher\":{\"@id\":\"https:\\\/\\\/loginfo24.com\\\/pt-pt\\\/#organization\"},\"image\":{\"@id\":\"https:\\\/\\\/loginfo24.com\\\/pt-pt\\\/2026\\\/05\\\/01\\\/forum-do-setor-da-associacao-dos-armadores-alemaes\\\/#primaryimage\"},\"thumbnailUrl\":\"https:\\\/\\\/loginfo24.com\\\/wp-content\\\/uploads\\\/sites\\\/7\\\/2026\\\/05\\\/Pressemitteilung-NMK-2026-aspect-ratio-1400-788.jpg\",\"keywords\":[\"Association des armateurs allemands\",\"Ausbildung nautisches Personal\",\"base de main-d'\u0153uvre nationale\",\"cha\u00eenes d'approvisionnement\",\"Conf\u00e9rence maritime nationale\",\"Deutsch Schifffahrt\",\"\u00e9conomie maritime\",\"Fachkr\u00e4ftemangel Schifffahrt\",\"formation du personnel nautique\",\"freiwilliger Seedienst\",\"geopolitical tensions\",\"geopolitische Spannungen\",\"German Shipowners' Association\",\"Hafenbetrieb\",\"Hamburg port\",\"Hamburger Hafen\",\"Hapag-Lloyd\",\"industrie du transport\",\"infrastructure maritime\",\"Lieferketten\",\"maritime economy\",\"maritime infrastructure\",\"maritime Infrastruktur\",\"maritime resilience\",\"maritime Resilienz\",\"maritime Wirtschaft\",\"National Maritime Conference Fran\u00e7ais navigation\",\"national workforce base\",\"Nationale Maritime Konferenz English shipping\",\"nationale Personalbasis\",\"nautical personnel training\",\"op\u00e9rations portuaires\",\"p\u00e9nurie de main-d'\u0153uvre maritime\",\"port de Hambourg\",\"port operations\",\"rail freight transport\",\"r\u00e9silience maritime\",\"Resilienz der Schifffahrt\",\"Schieneng\u00fcterverkehr\",\"s\u00e9curit\u00e9 d'approvisionnement Allemagne\",\"service maritime volontaire\",\"shipping resilience\",\"skilled labor shortage shipping\",\"supply chains\",\"supply security Germany\",\"taxe sur le tonnage\",\"tensions g\u00e9opolitiques\",\"tonnage tax\",\"Tonnagesteuer\",\"transport ferroviaire de marchandises\",\"transport industry\",\"Transportwirtschaft\",\"Verbands Deutscher Reeder\",\"Versorgungssicherheit Deutschland\",\"voluntary sea service\"],\"articleSection\":[\"Alemanha\",\"Navega\u00e7\u00e3o e portos\"],\"inLanguage\":\"pt-PT\",\"potentialAction\":[{\"@type\":\"CommentAction\",\"name\":\"Comment\",\"target\":[\"https:\\\/\\\/loginfo24.com\\\/pt-pt\\\/2026\\\/05\\\/01\\\/forum-do-setor-da-associacao-dos-armadores-alemaes\\\/#respond\"]}]},{\"@type\":\"WebPage\",\"@id\":\"https:\\\/\\\/loginfo24.com\\\/pt-pt\\\/2026\\\/05\\\/01\\\/forum-do-setor-da-associacao-dos-armadores-alemaes\\\/\",\"url\":\"https:\\\/\\\/loginfo24.com\\\/pt-pt\\\/2026\\\/05\\\/01\\\/forum-do-setor-da-associacao-dos-armadores-alemaes\\\/\",\"name\":\"F\u00f3rum do Setor da Associa\u00e7\u00e3o dos Armadores Alem\u00e3es - Loginfo24\",\"isPartOf\":{\"@id\":\"https:\\\/\\\/loginfo24.com\\\/pt-pt\\\/#website\"},\"primaryImageOfPage\":{\"@id\":\"https:\\\/\\\/loginfo24.com\\\/pt-pt\\\/2026\\\/05\\\/01\\\/forum-do-setor-da-associacao-dos-armadores-alemaes\\\/#primaryimage\"},\"image\":{\"@id\":\"https:\\\/\\\/loginfo24.com\\\/pt-pt\\\/2026\\\/05\\\/01\\\/forum-do-setor-da-associacao-dos-armadores-alemaes\\\/#primaryimage\"},\"thumbnailUrl\":\"https:\\\/\\\/loginfo24.com\\\/wp-content\\\/uploads\\\/sites\\\/7\\\/2026\\\/05\\\/Pressemitteilung-NMK-2026-aspect-ratio-1400-788.jpg\",\"datePublished\":\"2026-05-01T15:17:30+00:00\",\"breadcrumb\":{\"@id\":\"https:\\\/\\\/loginfo24.com\\\/pt-pt\\\/2026\\\/05\\\/01\\\/forum-do-setor-da-associacao-dos-armadores-alemaes\\\/#breadcrumb\"},\"inLanguage\":\"pt-PT\",\"potentialAction\":[{\"@type\":\"ReadAction\",\"target\":[\"https:\\\/\\\/loginfo24.com\\\/pt-pt\\\/2026\\\/05\\\/01\\\/forum-do-setor-da-associacao-dos-armadores-alemaes\\\/\"]}]},{\"@type\":\"ImageObject\",\"inLanguage\":\"pt-PT\",\"@id\":\"https:\\\/\\\/loginfo24.com\\\/pt-pt\\\/2026\\\/05\\\/01\\\/forum-do-setor-da-associacao-dos-armadores-alemaes\\\/#primaryimage\",\"url\":\"https:\\\/\\\/loginfo24.com\\\/wp-content\\\/uploads\\\/sites\\\/7\\\/2026\\\/05\\\/Pressemitteilung-NMK-2026-aspect-ratio-1400-788.jpg\",\"contentUrl\":\"https:\\\/\\\/loginfo24.com\\\/wp-content\\\/uploads\\\/sites\\\/7\\\/2026\\\/05\\\/Pressemitteilung-NMK-2026-aspect-ratio-1400-788.jpg\",\"width\":1364,\"height\":768},{\"@type\":\"BreadcrumbList\",\"@id\":\"https:\\\/\\\/loginfo24.com\\\/pt-pt\\\/2026\\\/05\\\/01\\\/forum-do-setor-da-associacao-dos-armadores-alemaes\\\/#breadcrumb\",\"itemListElement\":[{\"@type\":\"ListItem\",\"position\":1,\"name\":\"Startseite\",\"item\":\"https:\\\/\\\/loginfo24.com\\\/pt-pt\\\/\"},{\"@type\":\"ListItem\",\"position\":2,\"name\":\"F\u00f3rum do Setor da Associa\u00e7\u00e3o dos Armadores Alem\u00e3es\"}]},{\"@type\":\"WebSite\",\"@id\":\"https:\\\/\\\/loginfo24.com\\\/pt-pt\\\/#website\",\"url\":\"https:\\\/\\\/loginfo24.com\\\/pt-pt\\\/\",\"name\":\"Loginfo24\",\"description\":\"Loginfo24 \u00e9 a plataforma dedicada \u00e0 log\u00edstica e \u00e0s cadeias de abastecimento, com informa\u00e7\u00f5es dispon\u00edveis 24 horas por dia.\",\"publisher\":{\"@id\":\"https:\\\/\\\/loginfo24.com\\\/pt-pt\\\/#organization\"},\"potentialAction\":[{\"@type\":\"SearchAction\",\"target\":{\"@type\":\"EntryPoint\",\"urlTemplate\":\"https:\\\/\\\/loginfo24.com\\\/pt-pt\\\/?s={search_term_string}\"},\"query-input\":{\"@type\":\"PropertyValueSpecification\",\"valueRequired\":true,\"valueName\":\"search_term_string\"}}],\"inLanguage\":\"pt-PT\"},{\"@type\":\"Organization\",\"@id\":\"https:\\\/\\\/loginfo24.com\\\/pt-pt\\\/#organization\",\"name\":\"Logismedia Group AG\",\"url\":\"https:\\\/\\\/loginfo24.com\\\/pt-pt\\\/\",\"logo\":{\"@type\":\"ImageObject\",\"inLanguage\":\"pt-PT\",\"@id\":\"https:\\\/\\\/loginfo24.com\\\/pt-pt\\\/#\\\/schema\\\/logo\\\/image\\\/\",\"url\":\"https:\\\/\\\/loginfo24.com\\\/wp-content\\\/uploads\\\/sites\\\/7\\\/2026\\\/01\\\/Logo_LogInfo24.png\",\"contentUrl\":\"https:\\\/\\\/loginfo24.com\\\/wp-content\\\/uploads\\\/sites\\\/7\\\/2026\\\/01\\\/Logo_LogInfo24.png\",\"width\":938,\"height\":351,\"caption\":\"Logismedia Group AG\"},\"image\":{\"@id\":\"https:\\\/\\\/loginfo24.com\\\/pt-pt\\\/#\\\/schema\\\/logo\\\/image\\\/\"},\"sameAs\":[\"https:\\\/\\\/www.facebook.com\\\/people\\\/Loginfo24\\\/100057360583332\\\/\",\"https:\\\/\\\/www.linkedin.com\\\/company\\\/lofinfo24\\\/\"]},{\"@type\":\"Person\",\"@id\":\"https:\\\/\\\/loginfo24.com\\\/pt-pt\\\/#\\\/schema\\\/person\\\/7b1593b33567ba798d300c8a1b0b85b1\",\"name\":\"Andreas M\u00fcller\",\"url\":\"https:\\\/\\\/loginfo24.com\\\/pt-pt\\\/author\\\/logismedia\\\/\"}]}<\/script>\n<!-- \/ Yoast SEO plugin. -->","yoast_head_json":{"title":"F\u00f3rum do Setor da Associa\u00e7\u00e3o dos Armadores Alem\u00e3es - Loginfo24","robots":{"index":"index","follow":"follow","max-snippet":"max-snippet:-1","max-image-preview":"max-image-preview:large","max-video-preview":"max-video-preview:-1"},"canonical":"https:\/\/loginfo24.com\/pt-pt\/2026\/05\/01\/forum-do-setor-da-associacao-dos-armadores-alemaes\/","og_locale":"pt_PT","og_type":"article","og_title":"F\u00f3rum do Setor da Associa\u00e7\u00e3o dos Armadores Alem\u00e3es - Loginfo24","og_description":"A economia mar\u00edtima \u00e9 crucial para a seguran\u00e7a e o abastecimento da Alemanha, raz\u00e3o pela qual o governo federal fortalece sua competitividade por meio de investimentos direcionados e formatos de di\u00e1logo.","og_url":"https:\/\/loginfo24.com\/pt-pt\/2026\/05\/01\/forum-do-setor-da-associacao-dos-armadores-alemaes\/","og_site_name":"Loginfo24","article_publisher":"https:\/\/www.facebook.com\/people\/Loginfo24\/100057360583332\/","article_published_time":"2026-05-01T15:17:30+00:00","og_image":[{"width":1364,"height":768,"url":"https:\/\/loginfo24.com\/wp-content\/uploads\/sites\/7\/2026\/05\/Pressemitteilung-NMK-2026-aspect-ratio-1400-788.jpg","type":"image\/jpeg"}],"author":"Andreas M\u00fcller","twitter_card":"summary_large_image","twitter_misc":{"Escrito por":"Andreas M\u00fcller","Tempo estimado de leitura":"4 minutos"},"schema":{"@context":"https:\/\/schema.org","@graph":[{"@type":"Article","@id":"https:\/\/loginfo24.com\/pt-pt\/2026\/05\/01\/forum-do-setor-da-associacao-dos-armadores-alemaes\/#article","isPartOf":{"@id":"https:\/\/loginfo24.com\/pt-pt\/2026\/05\/01\/forum-do-setor-da-associacao-dos-armadores-alemaes\/"},"author":{"name":"Andreas M\u00fcller","@id":"https:\/\/loginfo24.com\/pt-pt\/#\/schema\/person\/7b1593b33567ba798d300c8a1b0b85b1"},"headline":"F\u00f3rum do Setor da Associa\u00e7\u00e3o dos Armadores Alem\u00e3es","datePublished":"2026-05-01T15:17:30+00:00","mainEntityOfPage":{"@id":"https:\/\/loginfo24.com\/pt-pt\/2026\/05\/01\/forum-do-setor-da-associacao-dos-armadores-alemaes\/"},"wordCount":788,"commentCount":0,"publisher":{"@id":"https:\/\/loginfo24.com\/pt-pt\/#organization"},"image":{"@id":"https:\/\/loginfo24.com\/pt-pt\/2026\/05\/01\/forum-do-setor-da-associacao-dos-armadores-alemaes\/#primaryimage"},"thumbnailUrl":"https:\/\/loginfo24.com\/wp-content\/uploads\/sites\/7\/2026\/05\/Pressemitteilung-NMK-2026-aspect-ratio-1400-788.jpg","keywords":["Association des armateurs allemands","Ausbildung nautisches Personal","base de main-d'\u0153uvre nationale","cha\u00eenes d'approvisionnement","Conf\u00e9rence maritime nationale","Deutsch Schifffahrt","\u00e9conomie maritime","Fachkr\u00e4ftemangel Schifffahrt","formation du personnel nautique","freiwilliger Seedienst","geopolitical tensions","geopolitische Spannungen","German Shipowners' Association","Hafenbetrieb","Hamburg port","Hamburger Hafen","Hapag-Lloyd","industrie du transport","infrastructure maritime","Lieferketten","maritime economy","maritime infrastructure","maritime Infrastruktur","maritime resilience","maritime Resilienz","maritime Wirtschaft","National Maritime Conference Fran\u00e7ais navigation","national workforce base","Nationale Maritime Konferenz English shipping","nationale Personalbasis","nautical personnel training","op\u00e9rations portuaires","p\u00e9nurie de main-d'\u0153uvre maritime","port de Hambourg","port operations","rail freight transport","r\u00e9silience maritime","Resilienz der Schifffahrt","Schieneng\u00fcterverkehr","s\u00e9curit\u00e9 d'approvisionnement Allemagne","service maritime volontaire","shipping resilience","skilled labor shortage shipping","supply chains","supply security Germany","taxe sur le tonnage","tensions g\u00e9opolitiques","tonnage tax","Tonnagesteuer","transport ferroviaire de marchandises","transport industry","Transportwirtschaft","Verbands Deutscher Reeder","Versorgungssicherheit Deutschland","voluntary sea service"],"articleSection":["Alemanha","Navega\u00e7\u00e3o e portos"],"inLanguage":"pt-PT","potentialAction":[{"@type":"CommentAction","name":"Comment","target":["https:\/\/loginfo24.com\/pt-pt\/2026\/05\/01\/forum-do-setor-da-associacao-dos-armadores-alemaes\/#respond"]}]},{"@type":"WebPage","@id":"https:\/\/loginfo24.com\/pt-pt\/2026\/05\/01\/forum-do-setor-da-associacao-dos-armadores-alemaes\/","url":"https:\/\/loginfo24.com\/pt-pt\/2026\/05\/01\/forum-do-setor-da-associacao-dos-armadores-alemaes\/","name":"F\u00f3rum do Setor da Associa\u00e7\u00e3o dos Armadores Alem\u00e3es - Loginfo24","isPartOf":{"@id":"https:\/\/loginfo24.com\/pt-pt\/#website"},"primaryImageOfPage":{"@id":"https:\/\/loginfo24.com\/pt-pt\/2026\/05\/01\/forum-do-setor-da-associacao-dos-armadores-alemaes\/#primaryimage"},"image":{"@id":"https:\/\/loginfo24.com\/pt-pt\/2026\/05\/01\/forum-do-setor-da-associacao-dos-armadores-alemaes\/#primaryimage"},"thumbnailUrl":"https:\/\/loginfo24.com\/wp-content\/uploads\/sites\/7\/2026\/05\/Pressemitteilung-NMK-2026-aspect-ratio-1400-788.jpg","datePublished":"2026-05-01T15:17:30+00:00","breadcrumb":{"@id":"https:\/\/loginfo24.com\/pt-pt\/2026\/05\/01\/forum-do-setor-da-associacao-dos-armadores-alemaes\/#breadcrumb"},"inLanguage":"pt-PT","potentialAction":[{"@type":"ReadAction","target":["https:\/\/loginfo24.com\/pt-pt\/2026\/05\/01\/forum-do-setor-da-associacao-dos-armadores-alemaes\/"]}]},{"@type":"ImageObject","inLanguage":"pt-PT","@id":"https:\/\/loginfo24.com\/pt-pt\/2026\/05\/01\/forum-do-setor-da-associacao-dos-armadores-alemaes\/#primaryimage","url":"https:\/\/loginfo24.com\/wp-content\/uploads\/sites\/7\/2026\/05\/Pressemitteilung-NMK-2026-aspect-ratio-1400-788.jpg","contentUrl":"https:\/\/loginfo24.com\/wp-content\/uploads\/sites\/7\/2026\/05\/Pressemitteilung-NMK-2026-aspect-ratio-1400-788.jpg","width":1364,"height":768},{"@type":"BreadcrumbList","@id":"https:\/\/loginfo24.com\/pt-pt\/2026\/05\/01\/forum-do-setor-da-associacao-dos-armadores-alemaes\/#breadcrumb","itemListElement":[{"@type":"ListItem","position":1,"name":"Startseite","item":"https:\/\/loginfo24.com\/pt-pt\/"},{"@type":"ListItem","position":2,"name":"F\u00f3rum do Setor da Associa\u00e7\u00e3o dos Armadores Alem\u00e3es"}]},{"@type":"WebSite","@id":"https:\/\/loginfo24.com\/pt-pt\/#website","url":"https:\/\/loginfo24.com\/pt-pt\/","name":"Loginfo24","description":"Loginfo24 \u00e9 a plataforma dedicada \u00e0 log\u00edstica e \u00e0s cadeias de abastecimento, com informa\u00e7\u00f5es dispon\u00edveis 24 horas por dia.","publisher":{"@id":"https:\/\/loginfo24.com\/pt-pt\/#organization"},"potentialAction":[{"@type":"SearchAction","target":{"@type":"EntryPoint","urlTemplate":"https:\/\/loginfo24.com\/pt-pt\/?s={search_term_string}"},"query-input":{"@type":"PropertyValueSpecification","valueRequired":true,"valueName":"search_term_string"}}],"inLanguage":"pt-PT"},{"@type":"Organization","@id":"https:\/\/loginfo24.com\/pt-pt\/#organization","name":"Logismedia Group AG","url":"https:\/\/loginfo24.com\/pt-pt\/","logo":{"@type":"ImageObject","inLanguage":"pt-PT","@id":"https:\/\/loginfo24.com\/pt-pt\/#\/schema\/logo\/image\/","url":"https:\/\/loginfo24.com\/wp-content\/uploads\/sites\/7\/2026\/01\/Logo_LogInfo24.png","contentUrl":"https:\/\/loginfo24.com\/wp-content\/uploads\/sites\/7\/2026\/01\/Logo_LogInfo24.png","width":938,"height":351,"caption":"Logismedia Group AG"},"image":{"@id":"https:\/\/loginfo24.com\/pt-pt\/#\/schema\/logo\/image\/"},"sameAs":["https:\/\/www.facebook.com\/people\/Loginfo24\/100057360583332\/","https:\/\/www.linkedin.com\/company\/lofinfo24\/"]},{"@type":"Person","@id":"https:\/\/loginfo24.com\/pt-pt\/#\/schema\/person\/7b1593b33567ba798d300c8a1b0b85b1","name":"Andreas M\u00fcller","url":"https:\/\/loginfo24.com\/pt-pt\/author\/logismedia\/"}]}},"_links":{"self":[{"href":"https:\/\/loginfo24.com\/pt-pt\/wp-json\/wp\/v2\/posts\/79778","targetHints":{"allow":["GET"]}}],"collection":[{"href":"https:\/\/loginfo24.com\/pt-pt\/wp-json\/wp\/v2\/posts"}],"about":[{"href":"https:\/\/loginfo24.com\/pt-pt\/wp-json\/wp\/v2\/types\/post"}],"author":[{"embeddable":true,"href":"https:\/\/loginfo24.com\/pt-pt\/wp-json\/wp\/v2\/users\/7"}],"replies":[{"embeddable":true,"href":"https:\/\/loginfo24.com\/pt-pt\/wp-json\/wp\/v2\/comments?post=79778"}],"version-history":[{"count":0,"href":"https:\/\/loginfo24.com\/pt-pt\/wp-json\/wp\/v2\/posts\/79778\/revisions"}],"wp:featuredmedia":[{"embeddable":true,"href":"https:\/\/loginfo24.com\/pt-pt\/wp-json\/wp\/v2\/media\/79773"}],"wp:attachment":[{"href":"https:\/\/loginfo24.com\/pt-pt\/wp-json\/wp\/v2\/media?parent=79778"}],"wp:term":[{"taxonomy":"category","embeddable":true,"href":"https:\/\/loginfo24.com\/pt-pt\/wp-json\/wp\/v2\/categories?post=79778"},{"taxonomy":"post_tag","embeddable":true,"href":"https:\/\/loginfo24.com\/pt-pt\/wp-json\/wp\/v2\/tags?post=79778"}],"curies":[{"name":"wp","href":"https:\/\/api.w.org\/{rel}","templated":true}]}}