{"id":79749,"date":"2026-04-30T13:04:39","date_gmt":"2026-04-30T13:04:39","guid":{"rendered":"https:\/\/loginfo24.com\/2026\/04\/30\/nova-instalacao-de-carregamento-para-veiculos-comerciais-da-post\/"},"modified":"2026-04-30T13:04:39","modified_gmt":"2026-04-30T13:04:39","slug":"nova-instalacao-de-carregamento-para-veiculos-comerciais-da-post","status":"publish","type":"post","link":"https:\/\/loginfo24.com\/pt-pt\/2026\/04\/30\/nova-instalacao-de-carregamento-para-veiculos-comerciais-da-post\/","title":{"rendered":"Nova instala\u00e7\u00e3o de carregamento para ve\u00edculos comerciais da Post"},"content":{"rendered":"<p>Com a entrada em opera\u00e7\u00e3o de uma nova esta\u00e7\u00e3o de carregamento em Villmergen (AG), o Correio Su\u00ed\u00e7o d\u00e1 mais um passo em dire\u00e7\u00e3o \u00e0 eletrifica\u00e7\u00e3o de sua frota de ve\u00edculos comerciais. Esta instala\u00e7\u00e3o, localizada no terreno do novo centro log\u00edstico da Swiss Post Cargo, \u00e9 considerada uma das maiores do seu tipo na Su\u00ed\u00e7a e oferece uma infraestrutura robusta para caminh\u00f5es el\u00e9tricos e \u00f4nibus postais.<\/p>\n<h3>Infraestrutura de carregamento eficiente para ve\u00edculos comerciais el\u00e9tricos<\/h3>\n<p>A nova esta\u00e7\u00e3o de carregamento conta com um total de 16 pontos de carregamento, incluindo carregadores r\u00e1pidos com uma pot\u00eancia de at\u00e9 400 kW. Essas capacidades permitem n\u00e3o apenas o carregamento eficiente dos pr\u00f3prios ve\u00edculos pesados do Correio, mas tamb\u00e9m est\u00e3o dispon\u00edveis para parceiros log\u00edsticos e outros clientes terceiros. Com esta medida, o Correio pretende n\u00e3o apenas atender \u00e0s suas pr\u00f3prias necessidades operacionais, mas tamb\u00e9m facilitar a transi\u00e7\u00e3o para acionamentos el\u00e9tricos para outras empresas.<\/p>\n<p>Uma caracter\u00edstica especial da infraestrutura de carregamento constru\u00edda pela Repower \u00e9 a inovadora condu\u00e7\u00e3o de cabos, que se desenvolve em altura. Esta solu\u00e7\u00e3o permite ao Correio utilizar de forma otimizada a \u00e1rea log\u00edstica dispon\u00edvel, ao mesmo tempo em que fornece uma infraestrutura de carregamento eficiente.<\/p>\n<h3>Contribui\u00e7\u00e3o para a transi\u00e7\u00e3o da mobilidade no transporte pesado<\/h3>\n<p>O Correio v\u00ea na nova esta\u00e7\u00e3o de carregamento uma contribui\u00e7\u00e3o importante para a transi\u00e7\u00e3o da mobilidade no transporte pesado. Em um evento recente, parceiros dos setores de log\u00edstica, transporte e energia tiveram a oportunidade de conhecer a nova infraestrutura no local. A combina\u00e7\u00e3o de infraestrutura inteligente e alta pot\u00eancia de carregamento deve ajudar a promover a aceita\u00e7\u00e3o e o uso de ve\u00edculos comerciais el\u00e9tricos.<\/p>\n<p>Ao disponibilizar esta infraestrutura de carregamento, o Correio se posiciona como um agente ativo na transforma\u00e7\u00e3o do setor de transporte e apoia a ind\u00fastria na busca por solu\u00e7\u00f5es mais sustent\u00e1veis.<\/p>\n<p>&nbsp;<\/p>\n<p><a href=\"https:\/\/www.swisspost-cargo.com\/\" target=\"_blank\" rel=\"noopener noreferrer\">www.swisspost-cargo.com<\/a><\/p>\n<p>&nbsp;<\/p>\n","protected":false},"excerpt":{"rendered":"<p>A Post su\u00ed\u00e7a inaugurou em Villmergen uma nova instala\u00e7\u00e3o de carregamento para ve\u00edculos comerciais el\u00e9tricos, com o objetivo de impulsionar a eletrifica\u00e7\u00e3o de sua frota e a transi\u00e7\u00e3o de mobilidade no transporte pesado.<\/p>\n","protected":false},"author":12,"featured_media":79744,"comment_status":"open","ping_status":"","sticky":false,"template":"","format":"standard","meta":{"_acf_changed":false,"footnotes":""},"categories":[6679,1617,1616,6665],"tags":[23197,23198,23199,23200,2115,2116,23201,23202,23203,23204,9534,23205,23206,9537,23207,10957,23208,23209,23210,23211,23212,23213,23214,23215,23216,23217,23218,23219,23220,23221,23222,6379,3157,23223,10972,23224,23225,23226,23227,23228,23229,23230,10206,4268,4269,23231,23232,23233,9559],"class_list":["post-79749","post","type-post","status-publish","format-standard","has-post-thumbnail","hentry","category-europa","category-expedicao-e-logistica","category-intermodal-rodoviario","category-suica","tag-centre-logistique-swiss-post-cargo","tag-chargeurs-rapides-400-kw","tag-charging-infrastructure-switzerland","tag-deutsch-ladeanlage-villmergen","tag-digitalisierung-in-der-logistik","tag-digitalization-in-logistics","tag-e-ladepunkte","tag-efficient-charging-of-commercial-vehicles","tag-effizientes-laden-von-nutzfahrzeugen","tag-electric-charging-points","tag-electric-commercial-vehicles","tag-electric-drives","tag-elektrische-antriebe","tag-elektrische-nutzfahrzeuge","tag-entrainements-electriques","tag-fachkraeftemangel-logistikbranche","tag-fast-chargers-400-kw","tag-gestion-innovante-des-cables","tag-heavy-freight-transport","tag-infrastructure-de-recharge-repower","tag-infrastructure-de-recharge-suisse","tag-innovative-cable-management-francais-station-de-recharge-villmergen","tag-innovative-kabelfuehrung-english-charging-station-villmergen","tag-labor-shortage-logistics-industry","tag-ladeinfrastruktur-schweiz","tag-logistics-center-swiss-post-cargo","tag-logistics-partners-electric-charging","tag-logistikpartner-e-ladung","tag-logistikzentrum-swiss-post-cargo","tag-mobilitaetswende-schwerverkehr","tag-mobility-transition-heavy-transport","tag-nachhaltige-transportloesungen","tag-numerisation-dans-la-logistique","tag-partenaires-logistiques-recharge-electrique","tag-penurie-de-main-doeuvre-secteur-logistique","tag-points-de-recharge-electriques","tag-poste-suisse","tag-recharge-efficace-des-vehicules-utilitaires","tag-repower-charging-infrastructure","tag-repower-ladeinfrastruktur","tag-schnelllader-400-kw","tag-schweizerische-post","tag-schwerlasttransport","tag-solutions-de-transport-durables","tag-sustainable-transport-solutions","tag-swiss-post","tag-transition-de-mobilite-transport-lourd","tag-transport-de-fret-lourd","tag-vehicules-utilitaires-electriques"],"acf":[],"yoast_head":"<!-- This site is optimized with the Yoast SEO plugin v27.3 - https:\/\/yoast.com\/product\/yoast-seo-wordpress\/ -->\n<title>Nova instala\u00e7\u00e3o de carregamento para ve\u00edculos comerciais da Post - Loginfo24<\/title>\n<meta name=\"robots\" content=\"index, follow, max-snippet:-1, max-image-preview:large, max-video-preview:-1\" \/>\n<link rel=\"canonical\" href=\"https:\/\/loginfo24.com\/pt-pt\/2026\/04\/30\/nova-instalacao-de-carregamento-para-veiculos-comerciais-da-post\/\" \/>\n<meta property=\"og:locale\" content=\"pt_PT\" \/>\n<meta property=\"og:type\" content=\"article\" \/>\n<meta property=\"og:title\" content=\"Nova instala\u00e7\u00e3o de carregamento para ve\u00edculos comerciais da Post - Loginfo24\" \/>\n<meta property=\"og:description\" content=\"A Post su\u00ed\u00e7a inaugurou em Villmergen uma nova instala\u00e7\u00e3o de carregamento para ve\u00edculos comerciais el\u00e9tricos, com o objetivo de impulsionar a eletrifica\u00e7\u00e3o de sua frota e a transi\u00e7\u00e3o de mobilidade no transporte pesado.\" \/>\n<meta property=\"og:url\" content=\"https:\/\/loginfo24.com\/pt-pt\/2026\/04\/30\/nova-instalacao-de-carregamento-para-veiculos-comerciais-da-post\/\" \/>\n<meta property=\"og:site_name\" content=\"Loginfo24\" \/>\n<meta property=\"article:publisher\" content=\"https:\/\/www.facebook.com\/people\/Loginfo24\/100057360583332\/\" \/>\n<meta property=\"article:published_time\" content=\"2026-04-30T13:04:39+00:00\" \/>\n<meta property=\"og:image\" content=\"https:\/\/loginfo24.com\/wp-content\/uploads\/sites\/7\/2026\/04\/Post-CH-1776786129812-aspect-ratio-1400-788.jpg\" \/>\n\t<meta property=\"og:image:width\" content=\"1280\" \/>\n\t<meta property=\"og:image:height\" content=\"721\" \/>\n\t<meta property=\"og:image:type\" content=\"image\/jpeg\" \/>\n<meta name=\"author\" content=\"Andreas Haug\" \/>\n<meta name=\"twitter:card\" content=\"summary_large_image\" \/>\n<meta name=\"twitter:label1\" content=\"Escrito por\" \/>\n\t<meta name=\"twitter:data1\" content=\"Andreas Haug\" \/>\n\t<meta name=\"twitter:label2\" content=\"Tempo estimado de leitura\" \/>\n\t<meta name=\"twitter:data2\" content=\"2 minutos\" \/>\n<script type=\"application\/ld+json\" class=\"yoast-schema-graph\">{\"@context\":\"https:\\\/\\\/schema.org\",\"@graph\":[{\"@type\":\"Article\",\"@id\":\"https:\\\/\\\/loginfo24.com\\\/pt-pt\\\/2026\\\/04\\\/30\\\/nova-instalacao-de-carregamento-para-veiculos-comerciais-da-post\\\/#article\",\"isPartOf\":{\"@id\":\"https:\\\/\\\/loginfo24.com\\\/pt-pt\\\/2026\\\/04\\\/30\\\/nova-instalacao-de-carregamento-para-veiculos-comerciais-da-post\\\/\"},\"author\":{\"name\":\"Andreas Haug\",\"@id\":\"https:\\\/\\\/loginfo24.com\\\/pt-pt\\\/#\\\/schema\\\/person\\\/cf538b3157f15afd7589245a4b3dbd25\"},\"headline\":\"Nova instala\u00e7\u00e3o de carregamento para ve\u00edculos comerciais da Post\",\"datePublished\":\"2026-04-30T13:04:39+00:00\",\"mainEntityOfPage\":{\"@id\":\"https:\\\/\\\/loginfo24.com\\\/pt-pt\\\/2026\\\/04\\\/30\\\/nova-instalacao-de-carregamento-para-veiculos-comerciais-da-post\\\/\"},\"wordCount\":355,\"commentCount\":0,\"publisher\":{\"@id\":\"https:\\\/\\\/loginfo24.com\\\/pt-pt\\\/#organization\"},\"image\":{\"@id\":\"https:\\\/\\\/loginfo24.com\\\/pt-pt\\\/2026\\\/04\\\/30\\\/nova-instalacao-de-carregamento-para-veiculos-comerciais-da-post\\\/#primaryimage\"},\"thumbnailUrl\":\"https:\\\/\\\/loginfo24.com\\\/wp-content\\\/uploads\\\/sites\\\/7\\\/2026\\\/04\\\/Post-CH-1776786129812-aspect-ratio-1400-788.jpg\",\"keywords\":[\"centre logistique Swiss Post Cargo\",\"chargeurs rapides 400 kW\",\"charging infrastructure Switzerland\",\"Deutsch Ladeanlage Villmergen\",\"Digitalisierung in der Logistik\",\"digitalization in logistics\",\"E-Ladepunkte\",\"efficient charging of commercial vehicles\",\"effizientes Laden von Nutzfahrzeugen\",\"electric charging points\",\"electric commercial vehicles\",\"electric drives\",\"elektrische Antriebe\",\"elektrische Nutzfahrzeuge\",\"entra\u00eenements \u00e9lectriques\",\"Fachkr\u00e4ftemangel Logistikbranche\",\"fast chargers 400 kW\",\"gestion innovante des c\u00e2bles\",\"heavy freight transport\",\"infrastructure de recharge Repower\",\"infrastructure de recharge Suisse\",\"innovative cable management Fran\u00e7ais station de recharge Villmergen\",\"innovative Kabelf\u00fchrung English charging station Villmergen\",\"labor shortage logistics industry\",\"Ladeinfrastruktur Schweiz\",\"logistics center Swiss Post Cargo\",\"logistics partners electric charging\",\"Logistikpartner E-Ladung\",\"Logistikzentrum Swiss Post Cargo\",\"Mobilit\u00e4tswende Schwerverkehr\",\"mobility transition heavy transport\",\"nachhaltige Transportl\u00f6sungen\",\"num\u00e9risation dans la logistique\",\"partenaires logistiques recharge \u00e9lectrique\",\"p\u00e9nurie de main-d'\u0153uvre secteur logistique\",\"points de recharge \u00e9lectriques\",\"Poste Suisse\",\"recharge efficace des v\u00e9hicules utilitaires\",\"Repower charging infrastructure\",\"Repower Ladeinfrastruktur\",\"Schnelllader 400 kW\",\"Schweizerische Post\",\"Schwerlasttransport\",\"solutions de transport durables\",\"sustainable transport solutions\",\"Swiss Post\",\"transition de mobilit\u00e9 transport lourd\",\"transport de fret lourd\",\"v\u00e9hicules utilitaires \u00e9lectriques\"],\"articleSection\":[\"Europa\",\"Expedi\u00e7\u00e3o de Mercadorias e Log\u00edstica\",\"Intermodal \\\/ Rodovi\u00e1rio\",\"Su\u00ed\u00e7a\"],\"inLanguage\":\"pt-PT\",\"potentialAction\":[{\"@type\":\"CommentAction\",\"name\":\"Comment\",\"target\":[\"https:\\\/\\\/loginfo24.com\\\/pt-pt\\\/2026\\\/04\\\/30\\\/nova-instalacao-de-carregamento-para-veiculos-comerciais-da-post\\\/#respond\"]}]},{\"@type\":\"WebPage\",\"@id\":\"https:\\\/\\\/loginfo24.com\\\/pt-pt\\\/2026\\\/04\\\/30\\\/nova-instalacao-de-carregamento-para-veiculos-comerciais-da-post\\\/\",\"url\":\"https:\\\/\\\/loginfo24.com\\\/pt-pt\\\/2026\\\/04\\\/30\\\/nova-instalacao-de-carregamento-para-veiculos-comerciais-da-post\\\/\",\"name\":\"Nova instala\u00e7\u00e3o de carregamento para ve\u00edculos comerciais da Post - Loginfo24\",\"isPartOf\":{\"@id\":\"https:\\\/\\\/loginfo24.com\\\/pt-pt\\\/#website\"},\"primaryImageOfPage\":{\"@id\":\"https:\\\/\\\/loginfo24.com\\\/pt-pt\\\/2026\\\/04\\\/30\\\/nova-instalacao-de-carregamento-para-veiculos-comerciais-da-post\\\/#primaryimage\"},\"image\":{\"@id\":\"https:\\\/\\\/loginfo24.com\\\/pt-pt\\\/2026\\\/04\\\/30\\\/nova-instalacao-de-carregamento-para-veiculos-comerciais-da-post\\\/#primaryimage\"},\"thumbnailUrl\":\"https:\\\/\\\/loginfo24.com\\\/wp-content\\\/uploads\\\/sites\\\/7\\\/2026\\\/04\\\/Post-CH-1776786129812-aspect-ratio-1400-788.jpg\",\"datePublished\":\"2026-04-30T13:04:39+00:00\",\"breadcrumb\":{\"@id\":\"https:\\\/\\\/loginfo24.com\\\/pt-pt\\\/2026\\\/04\\\/30\\\/nova-instalacao-de-carregamento-para-veiculos-comerciais-da-post\\\/#breadcrumb\"},\"inLanguage\":\"pt-PT\",\"potentialAction\":[{\"@type\":\"ReadAction\",\"target\":[\"https:\\\/\\\/loginfo24.com\\\/pt-pt\\\/2026\\\/04\\\/30\\\/nova-instalacao-de-carregamento-para-veiculos-comerciais-da-post\\\/\"]}]},{\"@type\":\"ImageObject\",\"inLanguage\":\"pt-PT\",\"@id\":\"https:\\\/\\\/loginfo24.com\\\/pt-pt\\\/2026\\\/04\\\/30\\\/nova-instalacao-de-carregamento-para-veiculos-comerciais-da-post\\\/#primaryimage\",\"url\":\"https:\\\/\\\/loginfo24.com\\\/wp-content\\\/uploads\\\/sites\\\/7\\\/2026\\\/04\\\/Post-CH-1776786129812-aspect-ratio-1400-788.jpg\",\"contentUrl\":\"https:\\\/\\\/loginfo24.com\\\/wp-content\\\/uploads\\\/sites\\\/7\\\/2026\\\/04\\\/Post-CH-1776786129812-aspect-ratio-1400-788.jpg\",\"width\":1280,\"height\":721},{\"@type\":\"BreadcrumbList\",\"@id\":\"https:\\\/\\\/loginfo24.com\\\/pt-pt\\\/2026\\\/04\\\/30\\\/nova-instalacao-de-carregamento-para-veiculos-comerciais-da-post\\\/#breadcrumb\",\"itemListElement\":[{\"@type\":\"ListItem\",\"position\":1,\"name\":\"Startseite\",\"item\":\"https:\\\/\\\/loginfo24.com\\\/pt-pt\\\/\"},{\"@type\":\"ListItem\",\"position\":2,\"name\":\"Nova instala\u00e7\u00e3o de carregamento para ve\u00edculos comerciais da Post\"}]},{\"@type\":\"WebSite\",\"@id\":\"https:\\\/\\\/loginfo24.com\\\/pt-pt\\\/#website\",\"url\":\"https:\\\/\\\/loginfo24.com\\\/pt-pt\\\/\",\"name\":\"Loginfo24\",\"description\":\"Loginfo24 \u00e9 a plataforma dedicada \u00e0 log\u00edstica e \u00e0s cadeias de abastecimento, com informa\u00e7\u00f5es dispon\u00edveis 24 horas por dia.\",\"publisher\":{\"@id\":\"https:\\\/\\\/loginfo24.com\\\/pt-pt\\\/#organization\"},\"potentialAction\":[{\"@type\":\"SearchAction\",\"target\":{\"@type\":\"EntryPoint\",\"urlTemplate\":\"https:\\\/\\\/loginfo24.com\\\/pt-pt\\\/?s={search_term_string}\"},\"query-input\":{\"@type\":\"PropertyValueSpecification\",\"valueRequired\":true,\"valueName\":\"search_term_string\"}}],\"inLanguage\":\"pt-PT\"},{\"@type\":\"Organization\",\"@id\":\"https:\\\/\\\/loginfo24.com\\\/pt-pt\\\/#organization\",\"name\":\"Logismedia Group AG\",\"url\":\"https:\\\/\\\/loginfo24.com\\\/pt-pt\\\/\",\"logo\":{\"@type\":\"ImageObject\",\"inLanguage\":\"pt-PT\",\"@id\":\"https:\\\/\\\/loginfo24.com\\\/pt-pt\\\/#\\\/schema\\\/logo\\\/image\\\/\",\"url\":\"https:\\\/\\\/loginfo24.com\\\/wp-content\\\/uploads\\\/sites\\\/7\\\/2026\\\/01\\\/Logo_LogInfo24.png\",\"contentUrl\":\"https:\\\/\\\/loginfo24.com\\\/wp-content\\\/uploads\\\/sites\\\/7\\\/2026\\\/01\\\/Logo_LogInfo24.png\",\"width\":938,\"height\":351,\"caption\":\"Logismedia Group AG\"},\"image\":{\"@id\":\"https:\\\/\\\/loginfo24.com\\\/pt-pt\\\/#\\\/schema\\\/logo\\\/image\\\/\"},\"sameAs\":[\"https:\\\/\\\/www.facebook.com\\\/people\\\/Loginfo24\\\/100057360583332\\\/\",\"https:\\\/\\\/www.linkedin.com\\\/company\\\/lofinfo24\\\/\"]},{\"@type\":\"Person\",\"@id\":\"https:\\\/\\\/loginfo24.com\\\/pt-pt\\\/#\\\/schema\\\/person\\\/cf538b3157f15afd7589245a4b3dbd25\",\"name\":\"Andreas Haug\",\"url\":\"https:\\\/\\\/loginfo24.com\\\/pt-pt\\\/author\\\/andreas\\\/\"}]}<\/script>\n<!-- \/ Yoast SEO plugin. -->","yoast_head_json":{"title":"Nova instala\u00e7\u00e3o de carregamento para ve\u00edculos comerciais da Post - Loginfo24","robots":{"index":"index","follow":"follow","max-snippet":"max-snippet:-1","max-image-preview":"max-image-preview:large","max-video-preview":"max-video-preview:-1"},"canonical":"https:\/\/loginfo24.com\/pt-pt\/2026\/04\/30\/nova-instalacao-de-carregamento-para-veiculos-comerciais-da-post\/","og_locale":"pt_PT","og_type":"article","og_title":"Nova instala\u00e7\u00e3o de carregamento para ve\u00edculos comerciais da Post - Loginfo24","og_description":"A Post su\u00ed\u00e7a inaugurou em Villmergen uma nova instala\u00e7\u00e3o de carregamento para ve\u00edculos comerciais el\u00e9tricos, com o objetivo de impulsionar a eletrifica\u00e7\u00e3o de sua frota e a transi\u00e7\u00e3o de mobilidade no transporte pesado.","og_url":"https:\/\/loginfo24.com\/pt-pt\/2026\/04\/30\/nova-instalacao-de-carregamento-para-veiculos-comerciais-da-post\/","og_site_name":"Loginfo24","article_publisher":"https:\/\/www.facebook.com\/people\/Loginfo24\/100057360583332\/","article_published_time":"2026-04-30T13:04:39+00:00","og_image":[{"width":1280,"height":721,"url":"https:\/\/loginfo24.com\/wp-content\/uploads\/sites\/7\/2026\/04\/Post-CH-1776786129812-aspect-ratio-1400-788.jpg","type":"image\/jpeg"}],"author":"Andreas Haug","twitter_card":"summary_large_image","twitter_misc":{"Escrito por":"Andreas Haug","Tempo estimado de leitura":"2 minutos"},"schema":{"@context":"https:\/\/schema.org","@graph":[{"@type":"Article","@id":"https:\/\/loginfo24.com\/pt-pt\/2026\/04\/30\/nova-instalacao-de-carregamento-para-veiculos-comerciais-da-post\/#article","isPartOf":{"@id":"https:\/\/loginfo24.com\/pt-pt\/2026\/04\/30\/nova-instalacao-de-carregamento-para-veiculos-comerciais-da-post\/"},"author":{"name":"Andreas Haug","@id":"https:\/\/loginfo24.com\/pt-pt\/#\/schema\/person\/cf538b3157f15afd7589245a4b3dbd25"},"headline":"Nova instala\u00e7\u00e3o de carregamento para ve\u00edculos comerciais da Post","datePublished":"2026-04-30T13:04:39+00:00","mainEntityOfPage":{"@id":"https:\/\/loginfo24.com\/pt-pt\/2026\/04\/30\/nova-instalacao-de-carregamento-para-veiculos-comerciais-da-post\/"},"wordCount":355,"commentCount":0,"publisher":{"@id":"https:\/\/loginfo24.com\/pt-pt\/#organization"},"image":{"@id":"https:\/\/loginfo24.com\/pt-pt\/2026\/04\/30\/nova-instalacao-de-carregamento-para-veiculos-comerciais-da-post\/#primaryimage"},"thumbnailUrl":"https:\/\/loginfo24.com\/wp-content\/uploads\/sites\/7\/2026\/04\/Post-CH-1776786129812-aspect-ratio-1400-788.jpg","keywords":["centre logistique Swiss Post Cargo","chargeurs rapides 400 kW","charging infrastructure Switzerland","Deutsch Ladeanlage Villmergen","Digitalisierung in der Logistik","digitalization in logistics","E-Ladepunkte","efficient charging of commercial vehicles","effizientes Laden von Nutzfahrzeugen","electric charging points","electric commercial vehicles","electric drives","elektrische Antriebe","elektrische Nutzfahrzeuge","entra\u00eenements \u00e9lectriques","Fachkr\u00e4ftemangel Logistikbranche","fast chargers 400 kW","gestion innovante des c\u00e2bles","heavy freight transport","infrastructure de recharge Repower","infrastructure de recharge Suisse","innovative cable management Fran\u00e7ais station de recharge Villmergen","innovative Kabelf\u00fchrung English charging station Villmergen","labor shortage logistics industry","Ladeinfrastruktur Schweiz","logistics center Swiss Post Cargo","logistics partners electric charging","Logistikpartner E-Ladung","Logistikzentrum Swiss Post Cargo","Mobilit\u00e4tswende Schwerverkehr","mobility transition heavy transport","nachhaltige Transportl\u00f6sungen","num\u00e9risation dans la logistique","partenaires logistiques recharge \u00e9lectrique","p\u00e9nurie de main-d'\u0153uvre secteur logistique","points de recharge \u00e9lectriques","Poste Suisse","recharge efficace des v\u00e9hicules utilitaires","Repower charging infrastructure","Repower Ladeinfrastruktur","Schnelllader 400 kW","Schweizerische Post","Schwerlasttransport","solutions de transport durables","sustainable transport solutions","Swiss Post","transition de mobilit\u00e9 transport lourd","transport de fret lourd","v\u00e9hicules utilitaires \u00e9lectriques"],"articleSection":["Europa","Expedi\u00e7\u00e3o de Mercadorias e Log\u00edstica","Intermodal \/ Rodovi\u00e1rio","Su\u00ed\u00e7a"],"inLanguage":"pt-PT","potentialAction":[{"@type":"CommentAction","name":"Comment","target":["https:\/\/loginfo24.com\/pt-pt\/2026\/04\/30\/nova-instalacao-de-carregamento-para-veiculos-comerciais-da-post\/#respond"]}]},{"@type":"WebPage","@id":"https:\/\/loginfo24.com\/pt-pt\/2026\/04\/30\/nova-instalacao-de-carregamento-para-veiculos-comerciais-da-post\/","url":"https:\/\/loginfo24.com\/pt-pt\/2026\/04\/30\/nova-instalacao-de-carregamento-para-veiculos-comerciais-da-post\/","name":"Nova instala\u00e7\u00e3o de carregamento para ve\u00edculos comerciais da Post - Loginfo24","isPartOf":{"@id":"https:\/\/loginfo24.com\/pt-pt\/#website"},"primaryImageOfPage":{"@id":"https:\/\/loginfo24.com\/pt-pt\/2026\/04\/30\/nova-instalacao-de-carregamento-para-veiculos-comerciais-da-post\/#primaryimage"},"image":{"@id":"https:\/\/loginfo24.com\/pt-pt\/2026\/04\/30\/nova-instalacao-de-carregamento-para-veiculos-comerciais-da-post\/#primaryimage"},"thumbnailUrl":"https:\/\/loginfo24.com\/wp-content\/uploads\/sites\/7\/2026\/04\/Post-CH-1776786129812-aspect-ratio-1400-788.jpg","datePublished":"2026-04-30T13:04:39+00:00","breadcrumb":{"@id":"https:\/\/loginfo24.com\/pt-pt\/2026\/04\/30\/nova-instalacao-de-carregamento-para-veiculos-comerciais-da-post\/#breadcrumb"},"inLanguage":"pt-PT","potentialAction":[{"@type":"ReadAction","target":["https:\/\/loginfo24.com\/pt-pt\/2026\/04\/30\/nova-instalacao-de-carregamento-para-veiculos-comerciais-da-post\/"]}]},{"@type":"ImageObject","inLanguage":"pt-PT","@id":"https:\/\/loginfo24.com\/pt-pt\/2026\/04\/30\/nova-instalacao-de-carregamento-para-veiculos-comerciais-da-post\/#primaryimage","url":"https:\/\/loginfo24.com\/wp-content\/uploads\/sites\/7\/2026\/04\/Post-CH-1776786129812-aspect-ratio-1400-788.jpg","contentUrl":"https:\/\/loginfo24.com\/wp-content\/uploads\/sites\/7\/2026\/04\/Post-CH-1776786129812-aspect-ratio-1400-788.jpg","width":1280,"height":721},{"@type":"BreadcrumbList","@id":"https:\/\/loginfo24.com\/pt-pt\/2026\/04\/30\/nova-instalacao-de-carregamento-para-veiculos-comerciais-da-post\/#breadcrumb","itemListElement":[{"@type":"ListItem","position":1,"name":"Startseite","item":"https:\/\/loginfo24.com\/pt-pt\/"},{"@type":"ListItem","position":2,"name":"Nova instala\u00e7\u00e3o de carregamento para ve\u00edculos comerciais da Post"}]},{"@type":"WebSite","@id":"https:\/\/loginfo24.com\/pt-pt\/#website","url":"https:\/\/loginfo24.com\/pt-pt\/","name":"Loginfo24","description":"Loginfo24 \u00e9 a plataforma dedicada \u00e0 log\u00edstica e \u00e0s cadeias de abastecimento, com informa\u00e7\u00f5es dispon\u00edveis 24 horas por dia.","publisher":{"@id":"https:\/\/loginfo24.com\/pt-pt\/#organization"},"potentialAction":[{"@type":"SearchAction","target":{"@type":"EntryPoint","urlTemplate":"https:\/\/loginfo24.com\/pt-pt\/?s={search_term_string}"},"query-input":{"@type":"PropertyValueSpecification","valueRequired":true,"valueName":"search_term_string"}}],"inLanguage":"pt-PT"},{"@type":"Organization","@id":"https:\/\/loginfo24.com\/pt-pt\/#organization","name":"Logismedia Group AG","url":"https:\/\/loginfo24.com\/pt-pt\/","logo":{"@type":"ImageObject","inLanguage":"pt-PT","@id":"https:\/\/loginfo24.com\/pt-pt\/#\/schema\/logo\/image\/","url":"https:\/\/loginfo24.com\/wp-content\/uploads\/sites\/7\/2026\/01\/Logo_LogInfo24.png","contentUrl":"https:\/\/loginfo24.com\/wp-content\/uploads\/sites\/7\/2026\/01\/Logo_LogInfo24.png","width":938,"height":351,"caption":"Logismedia Group AG"},"image":{"@id":"https:\/\/loginfo24.com\/pt-pt\/#\/schema\/logo\/image\/"},"sameAs":["https:\/\/www.facebook.com\/people\/Loginfo24\/100057360583332\/","https:\/\/www.linkedin.com\/company\/lofinfo24\/"]},{"@type":"Person","@id":"https:\/\/loginfo24.com\/pt-pt\/#\/schema\/person\/cf538b3157f15afd7589245a4b3dbd25","name":"Andreas Haug","url":"https:\/\/loginfo24.com\/pt-pt\/author\/andreas\/"}]}},"_links":{"self":[{"href":"https:\/\/loginfo24.com\/pt-pt\/wp-json\/wp\/v2\/posts\/79749","targetHints":{"allow":["GET"]}}],"collection":[{"href":"https:\/\/loginfo24.com\/pt-pt\/wp-json\/wp\/v2\/posts"}],"about":[{"href":"https:\/\/loginfo24.com\/pt-pt\/wp-json\/wp\/v2\/types\/post"}],"author":[{"embeddable":true,"href":"https:\/\/loginfo24.com\/pt-pt\/wp-json\/wp\/v2\/users\/12"}],"replies":[{"embeddable":true,"href":"https:\/\/loginfo24.com\/pt-pt\/wp-json\/wp\/v2\/comments?post=79749"}],"version-history":[{"count":0,"href":"https:\/\/loginfo24.com\/pt-pt\/wp-json\/wp\/v2\/posts\/79749\/revisions"}],"wp:featuredmedia":[{"embeddable":true,"href":"https:\/\/loginfo24.com\/pt-pt\/wp-json\/wp\/v2\/media\/79744"}],"wp:attachment":[{"href":"https:\/\/loginfo24.com\/pt-pt\/wp-json\/wp\/v2\/media?parent=79749"}],"wp:term":[{"taxonomy":"category","embeddable":true,"href":"https:\/\/loginfo24.com\/pt-pt\/wp-json\/wp\/v2\/categories?post=79749"},{"taxonomy":"post_tag","embeddable":true,"href":"https:\/\/loginfo24.com\/pt-pt\/wp-json\/wp\/v2\/tags?post=79749"}],"curies":[{"name":"wp","href":"https:\/\/api.w.org\/{rel}","templated":true}]}}