{"id":79637,"date":"2026-04-29T16:42:42","date_gmt":"2026-04-29T16:42:42","guid":{"rendered":"https:\/\/loginfo24.com\/2026\/04\/29\/balm-entrega-certificado-ao-drewes-group\/"},"modified":"2026-04-29T16:42:42","modified_gmt":"2026-04-29T16:42:42","slug":"balm-entrega-certificado-ao-drewes-group","status":"publish","type":"post","link":"https:\/\/loginfo24.com\/pt-pt\/2026\/04\/29\/balm-entrega-certificado-ao-drewes-group\/","title":{"rendered":"BALM entrega certificado ao Drewes Group"},"content":{"rendered":"<p>Im \u00e2mbito de uma visita a Bremen, Christian Hoffmann, presidente do Bundesamt f\u00fcr Logistik und Mobilit\u00e4t (BALM), entregou um certificado ao Drewes Group. Esta distin\u00e7\u00e3o reconhece a participa\u00e7\u00e3o da empresa na prote\u00e7\u00e3o civil de emerg\u00eancia da Rep\u00fablica Federal da Alemanha. Durante o encontro com o diretor executivo Dr. Patric Drewes, foram discutidos temas centrais como a seguran\u00e7a da log\u00edstica em situa\u00e7\u00f5es de crise, bem como o transporte mar\u00edtimo e as subsequentes interfaces intermodais no setor de transportes de hinterland portu\u00e1rio.<\/p>\n<h3>Vis\u00f5es sobre os processos operacionais da Drewes Logistics GmbH<\/h3>\n<p>Hoffmann tamb\u00e9m recebeu uma vis\u00e3o abrangente dos processos operacionais da Drewes Logistics GmbH no porto de Bremen. Durante a visita, foi acordada uma nova troca sobre quest\u00f5es de log\u00edstica de crise, a fim de aprofundar a colabora\u00e7\u00e3o nesta \u00e1rea importante. A Drewes Logistics GmbH \u00e9 especializada em solu\u00e7\u00f5es globais para expedi\u00e7\u00f5es de carga e log\u00edstica de projetos. A empresa foca especialmente no transporte mar\u00edtimo de cargas a granel e cargas break-bulk, bem como na log\u00edstica de projetos multimodal, incluindo transportes pesados e de grandes dimens\u00f5es.<\/p>\n<p>O BALM desempenha um papel central na prote\u00e7\u00e3o civil de emerg\u00eancia, que est\u00e1 ancorada na Lei de Servi\u00e7os de Transporte e na Lei de Garantia de Transporte. Al\u00e9m das fun\u00e7\u00f5es no tr\u00e1fego rodovi\u00e1rio, o BALM tamb\u00e9m assume fun\u00e7\u00f5es de coordena\u00e7\u00e3o para garantir o abastecimento da popula\u00e7\u00e3o, da economia e das for\u00e7as armadas. Com a ades\u00e3o do Drewes Group, a rede da organiza\u00e7\u00e3o de transporte federal, composta por mais de 1.200 empresas de transporte e log\u00edstica de alto desempenho, ser\u00e1 ainda mais fortalecida.<\/p>\n<p>Para mais informa\u00e7\u00f5es sobre a organiza\u00e7\u00e3o de transporte federal, os interessados podem entrar em contato com o BALM pelo e-mail TOB@balm.bund.de ou visitar o site do BALM, onde informa\u00e7\u00f5es adicionais sobre a prote\u00e7\u00e3o civil de emerg\u00eancia est\u00e3o dispon\u00edveis.<\/p>\n<p>Na mesma cerim\u00f4nia, o presidente do BALM, Christian Hoffmann, concedeu certificados a outras empresas durante um evento solene em Col\u00f4nia, reconhecendo sua participa\u00e7\u00e3o na prote\u00e7\u00e3o civil de emerg\u00eancia da Rep\u00fablica Federal da Alemanha. A TOB \u00e9 uma associa\u00e7\u00e3o de mais de 1.200 empresas de transporte e log\u00edstica com expertise especializada em uma variedade de compet\u00eancias de transporte, bem como empresas de transporte de passageiros de alto desempenho na prote\u00e7\u00e3o civil de emerg\u00eancia da Rep\u00fablica Federal da Alemanha.<\/p>\n<blockquote>\n<p>Hoffmann enfatizou: \u201cEstamos construindo deliberadamente uma rede que conecta estabilidade, flexibilidade e confiabilidade. Aprecio muito a disposi\u00e7\u00e3o e a responsabilidade das empresas aqui presentes, que fazem uma contribui\u00e7\u00e3o indispens\u00e1vel para a prepara\u00e7\u00e3o para crises da Rep\u00fablica Federal da Alemanha.\u201d<\/p>\n<\/blockquote>\n<p>O evento de hoje \u00e9 uma estreia nesta forma: al\u00e9m da entrega do certificado, a troca conjunta sobre log\u00edstica em situa\u00e7\u00f5es de crise foi o foco central. Desta forma, a TOB deve ser desenvolvida como uma marca conhecida em todo o pa\u00eds na prote\u00e7\u00e3o civil de emerg\u00eancia. Em seguida, tamb\u00e9m foram apresentados os outros campos de atua\u00e7\u00e3o do BALM, desde controle e penaliza\u00e7\u00e3o at\u00e9 a economia de transporte e os programas de incentivo.<\/p>\n<p>O BALM agradece \u00e0s seguintes empresas com o certificado de prote\u00e7\u00e3o civil de emerg\u00eancia pela disposi\u00e7\u00e3o de apoio em situa\u00e7\u00f5es de crise: ALBERT SCHUCK GmbH &amp; Co. KG, Alheimer Reisen GCN GmbH, CTHS &#8211; Container Terminal Halle Saale, CTJ Janssen GmbH Spedition &amp; Logistik, DeuCon Chemielogistik GmbH, Hausemann &amp; Mager GmbH &amp; Co. KG, inTime Express Logistik GmbH, Johann M\u00fcller GmbH &amp; Co.KG Spedition, Kautetzky Internationale Spedition GmbH &amp; Co. KG, Ludwig Meyer GmbH &amp; Co. KG Logistik Services, Manfred Jungels GmbH, MF Mineral\u00f6lfrachten GmbH &amp; Co. Tankstellenspedition KG, Oxalis Logistik GmbH, PEKEAG GmbH, Piccolonia Bus-Reisen Verwaltungs-GmbH, SMS Spedition Management Service GmbH, team energie GmbH &amp; Co. KG, Verkehrsbetriebe H\u00f6ninger GmbH, Wanning Logistik GmbH, Werner Br\u00fcning GmbH, Zegarek GmbH Transporte e Zureck Logistik GmbH.<\/p>\n<p><a href=\"http:\/\/www.balm.bund.de\" target=\"_blank\" rel=\"noopener noreferrer\">www.balm.bund.de<\/a><\/p>\n","protected":false},"excerpt":{"rendered":"<p>Christian Hoffmann entregou ao Drewes Group em Bremen um certificado pela sua participa\u00e7\u00e3o na prepara\u00e7\u00e3o civil de emerg\u00eancia da Rep\u00fablica Federal da Alemanha.<\/p>\n","protected":false},"author":7,"featured_media":79632,"comment_status":"open","ping_status":"","sticky":false,"template":"","format":"standard","meta":{"_acf_changed":false,"footnotes":""},"categories":[6663,1616],"tags":[22970,22971,22972,22973,22974,22975,22976,16252,22977,2115,2116,22978,9565,2700,22979,22980,6594,22981,3682,3683,22982,22983,22984,22985,16274,22986,2133,1831,22987,22988,10197,2671,22989,22990,22991,11908,11909,3157,22992,10201,22993,22994,2148,10203,1991,9317,8547,16289,2731,21741,4105,2155,22995,22996,1837,22997,21745,22998],"class_list":["post-79637","post","type-post","status-publish","format-standard","has-post-thumbnail","hentry","category-alemanha","category-intermodal-rodoviario","tag-break-bulk-cargo","tag-break-bulk-ladungen","tag-bremen-port","tag-bulk-goods","tag-cargaison-break-bulk","tag-civil-emergency-preparedness","tag-crisis-logistics","tag-crisis-situations","tag-deutsch-balm","tag-digitalisierung-in-der-logistik","tag-digitalization-in-logistics","tag-drewes-group","tag-entreprises-de-logistique","tag-fachkraeftemangel-in-der-logistik","tag-federal-transport-organization","tag-frachtspedition","tag-freight-forwarding","tag-hafen-bremen","tag-infrastructure","tag-infrastruktur","tag-interfaces-intermodales","tag-intermodal-interfaces","tag-intermodale-schnittstellen","tag-krisenlogistik","tag-krisensituationen","tag-logistics-companies-francais-balm","tag-logistics-service-providers","tag-logistikdienstleister","tag-logistikunternehmen-english-balm","tag-logistique-de-crise","tag-logistique-de-projet","tag-logistique-multimodale","tag-loi-sur-la-securite-des-transports","tag-marchandises-en-vrac","tag-massengueter","tag-multimodal-logistics","tag-multimodale-logistik","tag-numerisation-dans-la-logistique","tag-organisation-federale-des-transports","tag-penurie-de-competences-en-logistique","tag-port-de-breme","tag-preparation-aux-urgences-civiles","tag-prestataires-de-services-logistiques","tag-project-logistics","tag-projektlogistik","tag-secteur-des-transports","tag-securite-dapprovisionnement","tag-situations-de-crise","tag-skills-shortage-in-logistics","tag-supply-security","tag-transport-de-fret","tag-transport-industry","tag-transport-security-law","tag-transportorganisation-des-bundes","tag-transportwirtschaft","tag-verkehrssicherstellungsgesetz","tag-versorgungssicherheit","tag-zivile-notfallvorsorge"],"acf":[],"yoast_head":"<!-- This site is optimized with the Yoast SEO plugin v27.3 - https:\/\/yoast.com\/product\/yoast-seo-wordpress\/ -->\n<title>BALM entrega certificado ao Drewes Group - Loginfo24<\/title>\n<meta name=\"robots\" content=\"index, follow, max-snippet:-1, max-image-preview:large, max-video-preview:-1\" \/>\n<link rel=\"canonical\" href=\"https:\/\/loginfo24.com\/pt-pt\/2026\/04\/29\/balm-entrega-certificado-ao-drewes-group\/\" \/>\n<meta property=\"og:locale\" content=\"pt_PT\" \/>\n<meta property=\"og:type\" content=\"article\" \/>\n<meta property=\"og:title\" content=\"BALM entrega certificado ao Drewes Group - Loginfo24\" \/>\n<meta property=\"og:description\" content=\"Christian Hoffmann entregou ao Drewes Group em Bremen um certificado pela sua participa\u00e7\u00e3o na prepara\u00e7\u00e3o civil de emerg\u00eancia da Rep\u00fablica Federal da Alemanha.\" \/>\n<meta property=\"og:url\" content=\"https:\/\/loginfo24.com\/pt-pt\/2026\/04\/29\/balm-entrega-certificado-ao-drewes-group\/\" \/>\n<meta property=\"og:site_name\" content=\"Loginfo24\" \/>\n<meta property=\"article:publisher\" content=\"https:\/\/www.facebook.com\/people\/Loginfo24\/100057360583332\/\" \/>\n<meta property=\"article:published_time\" content=\"2026-04-29T16:42:42+00:00\" \/>\n<meta property=\"og:image\" content=\"https:\/\/loginfo24.com\/wp-content\/uploads\/sites\/7\/2026\/04\/Drewes_tritt_TOB_bei-1-aspect-ratio-1400-788.jpg\" \/>\n\t<meta property=\"og:image:width\" content=\"727\" \/>\n\t<meta property=\"og:image:height\" content=\"410\" \/>\n\t<meta property=\"og:image:type\" content=\"image\/jpeg\" \/>\n<meta name=\"author\" content=\"Andreas M\u00fcller\" \/>\n<meta name=\"twitter:card\" content=\"summary_large_image\" \/>\n<meta name=\"twitter:label1\" content=\"Escrito por\" \/>\n\t<meta name=\"twitter:data1\" content=\"Andreas M\u00fcller\" \/>\n\t<meta name=\"twitter:label2\" content=\"Tempo estimado de leitura\" \/>\n\t<meta name=\"twitter:data2\" content=\"3 minutos\" \/>\n<script type=\"application\/ld+json\" class=\"yoast-schema-graph\">{\"@context\":\"https:\\\/\\\/schema.org\",\"@graph\":[{\"@type\":\"Article\",\"@id\":\"https:\\\/\\\/loginfo24.com\\\/pt-pt\\\/2026\\\/04\\\/29\\\/balm-entrega-certificado-ao-drewes-group\\\/#article\",\"isPartOf\":{\"@id\":\"https:\\\/\\\/loginfo24.com\\\/pt-pt\\\/2026\\\/04\\\/29\\\/balm-entrega-certificado-ao-drewes-group\\\/\"},\"author\":{\"name\":\"Andreas M\u00fcller\",\"@id\":\"https:\\\/\\\/loginfo24.com\\\/pt-pt\\\/#\\\/schema\\\/person\\\/7b1593b33567ba798d300c8a1b0b85b1\"},\"headline\":\"BALM entrega certificado ao Drewes Group\",\"datePublished\":\"2026-04-29T16:42:42+00:00\",\"mainEntityOfPage\":{\"@id\":\"https:\\\/\\\/loginfo24.com\\\/pt-pt\\\/2026\\\/04\\\/29\\\/balm-entrega-certificado-ao-drewes-group\\\/\"},\"wordCount\":695,\"commentCount\":0,\"publisher\":{\"@id\":\"https:\\\/\\\/loginfo24.com\\\/pt-pt\\\/#organization\"},\"image\":{\"@id\":\"https:\\\/\\\/loginfo24.com\\\/pt-pt\\\/2026\\\/04\\\/29\\\/balm-entrega-certificado-ao-drewes-group\\\/#primaryimage\"},\"thumbnailUrl\":\"https:\\\/\\\/loginfo24.com\\\/wp-content\\\/uploads\\\/sites\\\/7\\\/2026\\\/04\\\/Drewes_tritt_TOB_bei-1-aspect-ratio-1400-788.jpg\",\"keywords\":[\"break-bulk cargo\",\"Break-Bulk-Ladungen\",\"Bremen port\",\"bulk goods\",\"cargaison break-bulk\",\"Civil Emergency Preparedness\",\"crisis logistics\",\"crisis situations\",\"Deutsch BALM\",\"Digitalisierung in der Logistik\",\"digitalization in logistics\",\"Drewes Group\",\"entreprises de logistique\",\"Fachkr\u00e4ftemangel in der Logistik\",\"federal transport organization\",\"Frachtspedition\",\"freight forwarding\",\"Hafen Bremen\",\"infrastructure\",\"Infrastruktur\",\"interfaces intermodales\",\"intermodal interfaces\",\"intermodale Schnittstellen\",\"Krisenlogistik\",\"Krisensituationen\",\"logistics companies Fran\u00e7ais BALM\",\"logistics service providers\",\"Logistikdienstleister\",\"Logistikunternehmen English BALM\",\"logistique de crise\",\"logistique de projet\",\"logistique multimodale\",\"loi sur la s\u00e9curit\u00e9 des transports\",\"marchandises en vrac\",\"Masseng\u00fcter\",\"multimodal logistics\",\"multimodale Logistik\",\"num\u00e9risation dans la logistique\",\"organisation f\u00e9d\u00e9rale des transports\",\"p\u00e9nurie de comp\u00e9tences en logistique\",\"port de Br\u00eame\",\"Pr\u00e9paration aux urgences civiles\",\"prestataires de services logistiques\",\"project logistics\",\"Projektlogistik\",\"secteur des transports\",\"s\u00e9curit\u00e9 d'approvisionnement\",\"situations de crise\",\"skills shortage in logistics\",\"supply security\",\"transport de fret\",\"transport industry\",\"transport security law\",\"Transportorganisation des Bundes\",\"Transportwirtschaft\",\"Verkehrssicherstellungsgesetz\",\"Versorgungssicherheit\",\"Zivile Notfallvorsorge\"],\"articleSection\":[\"Alemanha\",\"Intermodal \\\/ Rodovi\u00e1rio\"],\"inLanguage\":\"pt-PT\",\"potentialAction\":[{\"@type\":\"CommentAction\",\"name\":\"Comment\",\"target\":[\"https:\\\/\\\/loginfo24.com\\\/pt-pt\\\/2026\\\/04\\\/29\\\/balm-entrega-certificado-ao-drewes-group\\\/#respond\"]}]},{\"@type\":\"WebPage\",\"@id\":\"https:\\\/\\\/loginfo24.com\\\/pt-pt\\\/2026\\\/04\\\/29\\\/balm-entrega-certificado-ao-drewes-group\\\/\",\"url\":\"https:\\\/\\\/loginfo24.com\\\/pt-pt\\\/2026\\\/04\\\/29\\\/balm-entrega-certificado-ao-drewes-group\\\/\",\"name\":\"BALM entrega certificado ao Drewes Group - Loginfo24\",\"isPartOf\":{\"@id\":\"https:\\\/\\\/loginfo24.com\\\/pt-pt\\\/#website\"},\"primaryImageOfPage\":{\"@id\":\"https:\\\/\\\/loginfo24.com\\\/pt-pt\\\/2026\\\/04\\\/29\\\/balm-entrega-certificado-ao-drewes-group\\\/#primaryimage\"},\"image\":{\"@id\":\"https:\\\/\\\/loginfo24.com\\\/pt-pt\\\/2026\\\/04\\\/29\\\/balm-entrega-certificado-ao-drewes-group\\\/#primaryimage\"},\"thumbnailUrl\":\"https:\\\/\\\/loginfo24.com\\\/wp-content\\\/uploads\\\/sites\\\/7\\\/2026\\\/04\\\/Drewes_tritt_TOB_bei-1-aspect-ratio-1400-788.jpg\",\"datePublished\":\"2026-04-29T16:42:42+00:00\",\"breadcrumb\":{\"@id\":\"https:\\\/\\\/loginfo24.com\\\/pt-pt\\\/2026\\\/04\\\/29\\\/balm-entrega-certificado-ao-drewes-group\\\/#breadcrumb\"},\"inLanguage\":\"pt-PT\",\"potentialAction\":[{\"@type\":\"ReadAction\",\"target\":[\"https:\\\/\\\/loginfo24.com\\\/pt-pt\\\/2026\\\/04\\\/29\\\/balm-entrega-certificado-ao-drewes-group\\\/\"]}]},{\"@type\":\"ImageObject\",\"inLanguage\":\"pt-PT\",\"@id\":\"https:\\\/\\\/loginfo24.com\\\/pt-pt\\\/2026\\\/04\\\/29\\\/balm-entrega-certificado-ao-drewes-group\\\/#primaryimage\",\"url\":\"https:\\\/\\\/loginfo24.com\\\/wp-content\\\/uploads\\\/sites\\\/7\\\/2026\\\/04\\\/Drewes_tritt_TOB_bei-1-aspect-ratio-1400-788.jpg\",\"contentUrl\":\"https:\\\/\\\/loginfo24.com\\\/wp-content\\\/uploads\\\/sites\\\/7\\\/2026\\\/04\\\/Drewes_tritt_TOB_bei-1-aspect-ratio-1400-788.jpg\",\"width\":727,\"height\":410},{\"@type\":\"BreadcrumbList\",\"@id\":\"https:\\\/\\\/loginfo24.com\\\/pt-pt\\\/2026\\\/04\\\/29\\\/balm-entrega-certificado-ao-drewes-group\\\/#breadcrumb\",\"itemListElement\":[{\"@type\":\"ListItem\",\"position\":1,\"name\":\"Startseite\",\"item\":\"https:\\\/\\\/loginfo24.com\\\/pt-pt\\\/\"},{\"@type\":\"ListItem\",\"position\":2,\"name\":\"BALM entrega certificado ao Drewes Group\"}]},{\"@type\":\"WebSite\",\"@id\":\"https:\\\/\\\/loginfo24.com\\\/pt-pt\\\/#website\",\"url\":\"https:\\\/\\\/loginfo24.com\\\/pt-pt\\\/\",\"name\":\"Loginfo24\",\"description\":\"Loginfo24 \u00e9 a plataforma dedicada \u00e0 log\u00edstica e \u00e0s cadeias de abastecimento, com informa\u00e7\u00f5es dispon\u00edveis 24 horas por dia.\",\"publisher\":{\"@id\":\"https:\\\/\\\/loginfo24.com\\\/pt-pt\\\/#organization\"},\"potentialAction\":[{\"@type\":\"SearchAction\",\"target\":{\"@type\":\"EntryPoint\",\"urlTemplate\":\"https:\\\/\\\/loginfo24.com\\\/pt-pt\\\/?s={search_term_string}\"},\"query-input\":{\"@type\":\"PropertyValueSpecification\",\"valueRequired\":true,\"valueName\":\"search_term_string\"}}],\"inLanguage\":\"pt-PT\"},{\"@type\":\"Organization\",\"@id\":\"https:\\\/\\\/loginfo24.com\\\/pt-pt\\\/#organization\",\"name\":\"Logismedia Group AG\",\"url\":\"https:\\\/\\\/loginfo24.com\\\/pt-pt\\\/\",\"logo\":{\"@type\":\"ImageObject\",\"inLanguage\":\"pt-PT\",\"@id\":\"https:\\\/\\\/loginfo24.com\\\/pt-pt\\\/#\\\/schema\\\/logo\\\/image\\\/\",\"url\":\"https:\\\/\\\/loginfo24.com\\\/wp-content\\\/uploads\\\/sites\\\/7\\\/2026\\\/01\\\/Logo_LogInfo24.png\",\"contentUrl\":\"https:\\\/\\\/loginfo24.com\\\/wp-content\\\/uploads\\\/sites\\\/7\\\/2026\\\/01\\\/Logo_LogInfo24.png\",\"width\":938,\"height\":351,\"caption\":\"Logismedia Group AG\"},\"image\":{\"@id\":\"https:\\\/\\\/loginfo24.com\\\/pt-pt\\\/#\\\/schema\\\/logo\\\/image\\\/\"},\"sameAs\":[\"https:\\\/\\\/www.facebook.com\\\/people\\\/Loginfo24\\\/100057360583332\\\/\",\"https:\\\/\\\/www.linkedin.com\\\/company\\\/lofinfo24\\\/\"]},{\"@type\":\"Person\",\"@id\":\"https:\\\/\\\/loginfo24.com\\\/pt-pt\\\/#\\\/schema\\\/person\\\/7b1593b33567ba798d300c8a1b0b85b1\",\"name\":\"Andreas M\u00fcller\",\"url\":\"https:\\\/\\\/loginfo24.com\\\/pt-pt\\\/author\\\/logismedia\\\/\"}]}<\/script>\n<!-- \/ Yoast SEO plugin. -->","yoast_head_json":{"title":"BALM entrega certificado ao Drewes Group - Loginfo24","robots":{"index":"index","follow":"follow","max-snippet":"max-snippet:-1","max-image-preview":"max-image-preview:large","max-video-preview":"max-video-preview:-1"},"canonical":"https:\/\/loginfo24.com\/pt-pt\/2026\/04\/29\/balm-entrega-certificado-ao-drewes-group\/","og_locale":"pt_PT","og_type":"article","og_title":"BALM entrega certificado ao Drewes Group - Loginfo24","og_description":"Christian Hoffmann entregou ao Drewes Group em Bremen um certificado pela sua participa\u00e7\u00e3o na prepara\u00e7\u00e3o civil de emerg\u00eancia da Rep\u00fablica Federal da Alemanha.","og_url":"https:\/\/loginfo24.com\/pt-pt\/2026\/04\/29\/balm-entrega-certificado-ao-drewes-group\/","og_site_name":"Loginfo24","article_publisher":"https:\/\/www.facebook.com\/people\/Loginfo24\/100057360583332\/","article_published_time":"2026-04-29T16:42:42+00:00","og_image":[{"width":727,"height":410,"url":"https:\/\/loginfo24.com\/wp-content\/uploads\/sites\/7\/2026\/04\/Drewes_tritt_TOB_bei-1-aspect-ratio-1400-788.jpg","type":"image\/jpeg"}],"author":"Andreas M\u00fcller","twitter_card":"summary_large_image","twitter_misc":{"Escrito por":"Andreas M\u00fcller","Tempo estimado de leitura":"3 minutos"},"schema":{"@context":"https:\/\/schema.org","@graph":[{"@type":"Article","@id":"https:\/\/loginfo24.com\/pt-pt\/2026\/04\/29\/balm-entrega-certificado-ao-drewes-group\/#article","isPartOf":{"@id":"https:\/\/loginfo24.com\/pt-pt\/2026\/04\/29\/balm-entrega-certificado-ao-drewes-group\/"},"author":{"name":"Andreas M\u00fcller","@id":"https:\/\/loginfo24.com\/pt-pt\/#\/schema\/person\/7b1593b33567ba798d300c8a1b0b85b1"},"headline":"BALM entrega certificado ao Drewes Group","datePublished":"2026-04-29T16:42:42+00:00","mainEntityOfPage":{"@id":"https:\/\/loginfo24.com\/pt-pt\/2026\/04\/29\/balm-entrega-certificado-ao-drewes-group\/"},"wordCount":695,"commentCount":0,"publisher":{"@id":"https:\/\/loginfo24.com\/pt-pt\/#organization"},"image":{"@id":"https:\/\/loginfo24.com\/pt-pt\/2026\/04\/29\/balm-entrega-certificado-ao-drewes-group\/#primaryimage"},"thumbnailUrl":"https:\/\/loginfo24.com\/wp-content\/uploads\/sites\/7\/2026\/04\/Drewes_tritt_TOB_bei-1-aspect-ratio-1400-788.jpg","keywords":["break-bulk cargo","Break-Bulk-Ladungen","Bremen port","bulk goods","cargaison break-bulk","Civil Emergency Preparedness","crisis logistics","crisis situations","Deutsch BALM","Digitalisierung in der Logistik","digitalization in logistics","Drewes Group","entreprises de logistique","Fachkr\u00e4ftemangel in der Logistik","federal transport organization","Frachtspedition","freight forwarding","Hafen Bremen","infrastructure","Infrastruktur","interfaces intermodales","intermodal interfaces","intermodale Schnittstellen","Krisenlogistik","Krisensituationen","logistics companies Fran\u00e7ais BALM","logistics service providers","Logistikdienstleister","Logistikunternehmen English BALM","logistique de crise","logistique de projet","logistique multimodale","loi sur la s\u00e9curit\u00e9 des transports","marchandises en vrac","Masseng\u00fcter","multimodal logistics","multimodale Logistik","num\u00e9risation dans la logistique","organisation f\u00e9d\u00e9rale des transports","p\u00e9nurie de comp\u00e9tences en logistique","port de Br\u00eame","Pr\u00e9paration aux urgences civiles","prestataires de services logistiques","project logistics","Projektlogistik","secteur des transports","s\u00e9curit\u00e9 d'approvisionnement","situations de crise","skills shortage in logistics","supply security","transport de fret","transport industry","transport security law","Transportorganisation des Bundes","Transportwirtschaft","Verkehrssicherstellungsgesetz","Versorgungssicherheit","Zivile Notfallvorsorge"],"articleSection":["Alemanha","Intermodal \/ Rodovi\u00e1rio"],"inLanguage":"pt-PT","potentialAction":[{"@type":"CommentAction","name":"Comment","target":["https:\/\/loginfo24.com\/pt-pt\/2026\/04\/29\/balm-entrega-certificado-ao-drewes-group\/#respond"]}]},{"@type":"WebPage","@id":"https:\/\/loginfo24.com\/pt-pt\/2026\/04\/29\/balm-entrega-certificado-ao-drewes-group\/","url":"https:\/\/loginfo24.com\/pt-pt\/2026\/04\/29\/balm-entrega-certificado-ao-drewes-group\/","name":"BALM entrega certificado ao Drewes Group - Loginfo24","isPartOf":{"@id":"https:\/\/loginfo24.com\/pt-pt\/#website"},"primaryImageOfPage":{"@id":"https:\/\/loginfo24.com\/pt-pt\/2026\/04\/29\/balm-entrega-certificado-ao-drewes-group\/#primaryimage"},"image":{"@id":"https:\/\/loginfo24.com\/pt-pt\/2026\/04\/29\/balm-entrega-certificado-ao-drewes-group\/#primaryimage"},"thumbnailUrl":"https:\/\/loginfo24.com\/wp-content\/uploads\/sites\/7\/2026\/04\/Drewes_tritt_TOB_bei-1-aspect-ratio-1400-788.jpg","datePublished":"2026-04-29T16:42:42+00:00","breadcrumb":{"@id":"https:\/\/loginfo24.com\/pt-pt\/2026\/04\/29\/balm-entrega-certificado-ao-drewes-group\/#breadcrumb"},"inLanguage":"pt-PT","potentialAction":[{"@type":"ReadAction","target":["https:\/\/loginfo24.com\/pt-pt\/2026\/04\/29\/balm-entrega-certificado-ao-drewes-group\/"]}]},{"@type":"ImageObject","inLanguage":"pt-PT","@id":"https:\/\/loginfo24.com\/pt-pt\/2026\/04\/29\/balm-entrega-certificado-ao-drewes-group\/#primaryimage","url":"https:\/\/loginfo24.com\/wp-content\/uploads\/sites\/7\/2026\/04\/Drewes_tritt_TOB_bei-1-aspect-ratio-1400-788.jpg","contentUrl":"https:\/\/loginfo24.com\/wp-content\/uploads\/sites\/7\/2026\/04\/Drewes_tritt_TOB_bei-1-aspect-ratio-1400-788.jpg","width":727,"height":410},{"@type":"BreadcrumbList","@id":"https:\/\/loginfo24.com\/pt-pt\/2026\/04\/29\/balm-entrega-certificado-ao-drewes-group\/#breadcrumb","itemListElement":[{"@type":"ListItem","position":1,"name":"Startseite","item":"https:\/\/loginfo24.com\/pt-pt\/"},{"@type":"ListItem","position":2,"name":"BALM entrega certificado ao Drewes Group"}]},{"@type":"WebSite","@id":"https:\/\/loginfo24.com\/pt-pt\/#website","url":"https:\/\/loginfo24.com\/pt-pt\/","name":"Loginfo24","description":"Loginfo24 \u00e9 a plataforma dedicada \u00e0 log\u00edstica e \u00e0s cadeias de abastecimento, com informa\u00e7\u00f5es dispon\u00edveis 24 horas por dia.","publisher":{"@id":"https:\/\/loginfo24.com\/pt-pt\/#organization"},"potentialAction":[{"@type":"SearchAction","target":{"@type":"EntryPoint","urlTemplate":"https:\/\/loginfo24.com\/pt-pt\/?s={search_term_string}"},"query-input":{"@type":"PropertyValueSpecification","valueRequired":true,"valueName":"search_term_string"}}],"inLanguage":"pt-PT"},{"@type":"Organization","@id":"https:\/\/loginfo24.com\/pt-pt\/#organization","name":"Logismedia Group AG","url":"https:\/\/loginfo24.com\/pt-pt\/","logo":{"@type":"ImageObject","inLanguage":"pt-PT","@id":"https:\/\/loginfo24.com\/pt-pt\/#\/schema\/logo\/image\/","url":"https:\/\/loginfo24.com\/wp-content\/uploads\/sites\/7\/2026\/01\/Logo_LogInfo24.png","contentUrl":"https:\/\/loginfo24.com\/wp-content\/uploads\/sites\/7\/2026\/01\/Logo_LogInfo24.png","width":938,"height":351,"caption":"Logismedia Group AG"},"image":{"@id":"https:\/\/loginfo24.com\/pt-pt\/#\/schema\/logo\/image\/"},"sameAs":["https:\/\/www.facebook.com\/people\/Loginfo24\/100057360583332\/","https:\/\/www.linkedin.com\/company\/lofinfo24\/"]},{"@type":"Person","@id":"https:\/\/loginfo24.com\/pt-pt\/#\/schema\/person\/7b1593b33567ba798d300c8a1b0b85b1","name":"Andreas M\u00fcller","url":"https:\/\/loginfo24.com\/pt-pt\/author\/logismedia\/"}]}},"_links":{"self":[{"href":"https:\/\/loginfo24.com\/pt-pt\/wp-json\/wp\/v2\/posts\/79637","targetHints":{"allow":["GET"]}}],"collection":[{"href":"https:\/\/loginfo24.com\/pt-pt\/wp-json\/wp\/v2\/posts"}],"about":[{"href":"https:\/\/loginfo24.com\/pt-pt\/wp-json\/wp\/v2\/types\/post"}],"author":[{"embeddable":true,"href":"https:\/\/loginfo24.com\/pt-pt\/wp-json\/wp\/v2\/users\/7"}],"replies":[{"embeddable":true,"href":"https:\/\/loginfo24.com\/pt-pt\/wp-json\/wp\/v2\/comments?post=79637"}],"version-history":[{"count":0,"href":"https:\/\/loginfo24.com\/pt-pt\/wp-json\/wp\/v2\/posts\/79637\/revisions"}],"wp:featuredmedia":[{"embeddable":true,"href":"https:\/\/loginfo24.com\/pt-pt\/wp-json\/wp\/v2\/media\/79632"}],"wp:attachment":[{"href":"https:\/\/loginfo24.com\/pt-pt\/wp-json\/wp\/v2\/media?parent=79637"}],"wp:term":[{"taxonomy":"category","embeddable":true,"href":"https:\/\/loginfo24.com\/pt-pt\/wp-json\/wp\/v2\/categories?post=79637"},{"taxonomy":"post_tag","embeddable":true,"href":"https:\/\/loginfo24.com\/pt-pt\/wp-json\/wp\/v2\/tags?post=79637"}],"curies":[{"name":"wp","href":"https:\/\/api.w.org\/{rel}","templated":true}]}}