{"id":79585,"date":"2026-04-29T11:51:10","date_gmt":"2026-04-29T11:51:10","guid":{"rendered":"https:\/\/loginfo24.com\/2026\/04\/29\/buildinx-2026-expande-para-a-area-de-data-center\/"},"modified":"2026-04-29T11:51:10","modified_gmt":"2026-04-29T11:51:10","slug":"buildinx-2026-expande-para-a-area-de-data-center","status":"publish","type":"post","link":"https:\/\/loginfo24.com\/pt-pt\/2026\/04\/29\/buildinx-2026-expande-para-a-area-de-data-center\/","title":{"rendered":"BUILDINX 2026 expande para a \u00e1rea de Data Center"},"content":{"rendered":"<p>A Messe Dortmund est\u00e1 ampliando sua oferta tem\u00e1tica para a BUILDINX 2026 com a inclus\u00e3o da \u00e1rea de data centers. Isso ocorre em um contexto de um mercado em crescimento, cujas demandas se sobrep\u00f5em em muitos aspectos \u00e0s de im\u00f3veis log\u00edsticos e industriais. Os temas centrais incluem, entre outros, a disponibilidade de espa\u00e7os, o fornecimento de energia, bem como aspectos de sustentabilidade, solu\u00e7\u00f5es t\u00e9cnicas para edif\u00edcios e gest\u00e3o de instala\u00e7\u00f5es.<\/p>\n<h3>Amplia\u00e7\u00e3o do campo tem\u00e1tico de data centers<\/h3>\n<p>Como informado pela Messe Dortmund, a \u00e1rea de data centers ser\u00e1 mais enfatizada na pr\u00f3xima edi\u00e7\u00e3o da BUILDINX. J\u00e1 nas edi\u00e7\u00f5es anteriores, o tema esteve presente na programa\u00e7\u00e3o paralela, e empresas expositoras apresentaram solu\u00e7\u00f5es para fornecimento de energia e prote\u00e7\u00e3o contra inc\u00eandios. Com a inclus\u00e3o do eco \u2013 Verband der Internetwirtschaft e.V. como parceiro, a expertise na \u00e1rea de infraestrutura digital e data centers ser\u00e1 integrada ao programa da confer\u00eancia.<\/p>\n<p>Sabine Loos, diretora executiva do grupo Westfalenhallen, enfatiza a import\u00e2ncia dos data centers: \u201cA demanda est\u00e1 crescendo rapidamente na Alemanha e na Europa, assim como as exig\u00eancias em rela\u00e7\u00e3o a espa\u00e7os, energia, sustentabilidade e infraestrutura t\u00e9cnica.\u201d Ela v\u00ea a maior consolida\u00e7\u00e3o dessa \u00e1rea como um passo l\u00f3gico, uma vez que muitos desafios est\u00e3o intimamente ligados a im\u00f3veis log\u00edsticos e industriais modernos. A colabora\u00e7\u00e3o com o eco deve trazer compet\u00eancia t\u00e9cnica adicional e aumentar a relev\u00e2ncia para empresas que consideram o ciclo de vida de im\u00f3veis sustent\u00e1veis de forma hol\u00edstica.<\/p>\n<h3>Conex\u00e3o entre o setor imobili\u00e1rio e a infraestrutura digital<\/h3>\n<p>A BUILDINX passar\u00e1 a abordar com mais intensidade as interfaces entre o setor imobili\u00e1rio e a infraestrutura digital. Isso inclui aspectos como quest\u00f5es de novas constru\u00e7\u00f5es e espa\u00e7os, seguran\u00e7a no fornecimento, resili\u00eancia, crit\u00e9rios ESG, bem como a integra\u00e7\u00e3o em redes existentes e a infraestrutura t\u00e9cnica dos edif\u00edcios. Assim, a BUILDINX se posiciona como uma plataforma ao longo de toda a cadeia de valor de im\u00f3veis inovadores para log\u00edstica, ind\u00fastria e data centers.<\/p>\n<p>A Bundesvereinigung Logistik (BVL) continua sendo parceira t\u00e9cnica da feira e ir\u00e1 contribuir significativamente para a programa\u00e7\u00e3o de confer\u00eancias e reuni\u00f5es com o tema de im\u00f3veis log\u00edsticos. A inclus\u00e3o do eco amplia a plataforma com perspectivas pr\u00e1ticas de um segmento de infraestrutura din\u00e2mico.<\/p>\n<p>A pr\u00f3xima BUILDINX ocorrer\u00e1 de 17 a 19 de novembro de 2026 na Messe Dortmund.<\/p>\n<p><a href=\"http:\/\/www.buildinx.de\" target=\"_blank\" rel=\"noopener noreferrer\">www.buildinx.de<\/a><\/p>\n","protected":false},"excerpt":{"rendered":"<p>A Messe Dortmund integrar\u00e1 a \u00e1rea de Data Centers na BUILDINX em 2026 para atender \u00e0s crescentes demandas da infraestrutura digital.<\/p>\n","protected":false},"author":7,"featured_media":79580,"comment_status":"open","ping_status":"","sticky":false,"template":"","format":"standard","meta":{"_acf_changed":false,"footnotes":""},"categories":[6663,1617],"tags":[22844,22895,22896,3349,22768,22897,22898,2501,2506,3355,5443,22899,22900,22852,22853,22772,22773,22901,3358,3359,3360,22902,3362,3363,4570,22903,22904,3682,2519,3683,4571,2133,1831,3371,22905,22906,3372,5454,22907,22908,2148,22909,3383,22910,22911,3388,8547,22912,21741,5460,22913,22914,21745],"class_list":["post-79585","post","type-post","status-publish","format-standard","has-post-thumbnail","hentry","category-alemanha","category-expedicao-e-logistica","tag-approvisionnement-en-energie","tag-association-eco","tag-buildinx-2026","tag-bundesvereinigung-logistik","tag-criteres-esg","tag-data-center-market","tag-deutsch-rechenzentren","tag-digital-infrastructure","tag-digitale-infrastruktur","tag-dortmund-fair","tag-durabilite","tag-eco-association","tag-eco-verband","tag-energieversorgung","tag-energy-supply","tag-esg-criteria","tag-esg-kriterien","tag-facility-management","tag-federal-association-of-logistics","tag-federation-allemande-de-logistique","tag-foire-de-dortmund","tag-gestion-des-installations","tag-immobilienwirtschaft","tag-immobilier-industriel","tag-immobilier-logistique","tag-industrial-real-estate-francais-centres-de-donnees","tag-industrieimmobilien-english-data-centers","tag-infrastructure","tag-infrastructure-numerique","tag-infrastruktur","tag-logistics-real-estate","tag-logistics-service-providers","tag-logistikdienstleister","tag-logistikimmobilien","tag-marche-des-centres-de-donnees","tag-markt-fuer-rechenzentren","tag-messe-dortmund","tag-nachhaltigkeit","tag-neubau-flaechenfragen","tag-new-construction-space-issues","tag-prestataires-de-services-logistiques","tag-questions-despace-de-construction-neuve","tag-real-estate-industry","tag-resilience","tag-resilienz","tag-secteur-immobilier","tag-securite-dapprovisionnement","tag-solutions-techniques","tag-supply-security","tag-sustainability","tag-technical-solutions","tag-technische-loesungen","tag-versorgungssicherheit"],"acf":[],"yoast_head":"<!-- This site is optimized with the Yoast SEO plugin v27.3 - https:\/\/yoast.com\/product\/yoast-seo-wordpress\/ -->\n<title>BUILDINX 2026 expande para a \u00e1rea de Data Center - Loginfo24<\/title>\n<meta name=\"robots\" content=\"index, follow, max-snippet:-1, max-image-preview:large, max-video-preview:-1\" \/>\n<link rel=\"canonical\" href=\"https:\/\/loginfo24.com\/pt-pt\/2026\/04\/29\/buildinx-2026-expande-para-a-area-de-data-center\/\" \/>\n<meta property=\"og:locale\" content=\"pt_PT\" \/>\n<meta property=\"og:type\" content=\"article\" \/>\n<meta property=\"og:title\" content=\"BUILDINX 2026 expande para a \u00e1rea de Data Center - Loginfo24\" \/>\n<meta property=\"og:description\" content=\"A Messe Dortmund integrar\u00e1 a \u00e1rea de Data Centers na BUILDINX em 2026 para atender \u00e0s crescentes demandas da infraestrutura digital.\" \/>\n<meta property=\"og:url\" content=\"https:\/\/loginfo24.com\/pt-pt\/2026\/04\/29\/buildinx-2026-expande-para-a-area-de-data-center\/\" \/>\n<meta property=\"og:site_name\" content=\"Loginfo24\" \/>\n<meta property=\"article:publisher\" content=\"https:\/\/www.facebook.com\/people\/Loginfo24\/100057360583332\/\" \/>\n<meta property=\"article:published_time\" content=\"2026-04-29T11:51:10+00:00\" \/>\n<meta property=\"og:image\" content=\"https:\/\/loginfo24.com\/wp-content\/uploads\/sites\/7\/2026\/04\/BX_25_0027.20251124112434354-fa487f04-aspect-ratio-1400-788.webp\" \/>\n\t<meta property=\"og:image:width\" content=\"1920\" \/>\n\t<meta property=\"og:image:height\" content=\"1081\" \/>\n\t<meta property=\"og:image:type\" content=\"image\/webp\" \/>\n<meta name=\"author\" content=\"Andreas M\u00fcller\" \/>\n<meta name=\"twitter:card\" content=\"summary_large_image\" \/>\n<meta name=\"twitter:label1\" content=\"Escrito por\" \/>\n\t<meta name=\"twitter:data1\" content=\"Andreas M\u00fcller\" \/>\n\t<meta name=\"twitter:label2\" content=\"Tempo estimado de leitura\" \/>\n\t<meta name=\"twitter:data2\" content=\"2 minutos\" \/>\n<script type=\"application\/ld+json\" class=\"yoast-schema-graph\">{\"@context\":\"https:\\\/\\\/schema.org\",\"@graph\":[{\"@type\":\"Article\",\"@id\":\"https:\\\/\\\/loginfo24.com\\\/pt-pt\\\/2026\\\/04\\\/29\\\/buildinx-2026-expande-para-a-area-de-data-center\\\/#article\",\"isPartOf\":{\"@id\":\"https:\\\/\\\/loginfo24.com\\\/pt-pt\\\/2026\\\/04\\\/29\\\/buildinx-2026-expande-para-a-area-de-data-center\\\/\"},\"author\":{\"name\":\"Andreas M\u00fcller\",\"@id\":\"https:\\\/\\\/loginfo24.com\\\/pt-pt\\\/#\\\/schema\\\/person\\\/7b1593b33567ba798d300c8a1b0b85b1\"},\"headline\":\"BUILDINX 2026 expande para a \u00e1rea de Data Center\",\"datePublished\":\"2026-04-29T11:51:10+00:00\",\"mainEntityOfPage\":{\"@id\":\"https:\\\/\\\/loginfo24.com\\\/pt-pt\\\/2026\\\/04\\\/29\\\/buildinx-2026-expande-para-a-area-de-data-center\\\/\"},\"wordCount\":446,\"commentCount\":0,\"publisher\":{\"@id\":\"https:\\\/\\\/loginfo24.com\\\/pt-pt\\\/#organization\"},\"image\":{\"@id\":\"https:\\\/\\\/loginfo24.com\\\/pt-pt\\\/2026\\\/04\\\/29\\\/buildinx-2026-expande-para-a-area-de-data-center\\\/#primaryimage\"},\"thumbnailUrl\":\"https:\\\/\\\/loginfo24.com\\\/wp-content\\\/uploads\\\/sites\\\/7\\\/2026\\\/04\\\/BX_25_0027.20251124112434354-fa487f04-aspect-ratio-1400-788.webp\",\"keywords\":[\"approvisionnement en \u00e9nergie\",\"association eco\",\"BUILDINX 2026\",\"Bundesvereinigung Logistik\",\"crit\u00e8res ESG\",\"data center market\",\"Deutsch Rechenzentren\",\"digital infrastructure\",\"digitale Infrastruktur\",\"Dortmund fair\",\"durabilit\u00e9\",\"eco association\",\"eco Verband\",\"Energieversorgung\",\"energy supply\",\"ESG criteria\",\"ESG-Kriterien\",\"Facility Management\",\"Federal Association of Logistics\",\"F\u00e9d\u00e9ration allemande de logistique\",\"foire de Dortmund\",\"gestion des installations\",\"Immobilienwirtschaft\",\"immobilier industriel\",\"immobilier logistique\",\"industrial real estate Fran\u00e7ais centres de donn\u00e9es\",\"Industrieimmobilien English data centers\",\"infrastructure\",\"infrastructure num\u00e9rique\",\"Infrastruktur\",\"logistics real estate\",\"logistics service providers\",\"Logistikdienstleister\",\"Logistikimmobilien\",\"march\u00e9 des centres de donn\u00e9es\",\"Markt f\u00fcr Rechenzentren\",\"Messe Dortmund\",\"Nachhaltigkeit\",\"Neubau Fl\u00e4chenfragen\",\"new construction space issues\",\"prestataires de services logistiques\",\"questions d'espace de construction neuve\",\"real estate industry\",\"resilience\",\"Resilienz\",\"secteur immobilier\",\"s\u00e9curit\u00e9 d'approvisionnement\",\"solutions techniques\",\"supply security\",\"sustainability\",\"technical solutions\",\"technische L\u00f6sungen\",\"Versorgungssicherheit\"],\"articleSection\":[\"Alemanha\",\"Expedi\u00e7\u00e3o de Mercadorias e Log\u00edstica\"],\"inLanguage\":\"pt-PT\",\"potentialAction\":[{\"@type\":\"CommentAction\",\"name\":\"Comment\",\"target\":[\"https:\\\/\\\/loginfo24.com\\\/pt-pt\\\/2026\\\/04\\\/29\\\/buildinx-2026-expande-para-a-area-de-data-center\\\/#respond\"]}]},{\"@type\":\"WebPage\",\"@id\":\"https:\\\/\\\/loginfo24.com\\\/pt-pt\\\/2026\\\/04\\\/29\\\/buildinx-2026-expande-para-a-area-de-data-center\\\/\",\"url\":\"https:\\\/\\\/loginfo24.com\\\/pt-pt\\\/2026\\\/04\\\/29\\\/buildinx-2026-expande-para-a-area-de-data-center\\\/\",\"name\":\"BUILDINX 2026 expande para a \u00e1rea de Data Center - Loginfo24\",\"isPartOf\":{\"@id\":\"https:\\\/\\\/loginfo24.com\\\/pt-pt\\\/#website\"},\"primaryImageOfPage\":{\"@id\":\"https:\\\/\\\/loginfo24.com\\\/pt-pt\\\/2026\\\/04\\\/29\\\/buildinx-2026-expande-para-a-area-de-data-center\\\/#primaryimage\"},\"image\":{\"@id\":\"https:\\\/\\\/loginfo24.com\\\/pt-pt\\\/2026\\\/04\\\/29\\\/buildinx-2026-expande-para-a-area-de-data-center\\\/#primaryimage\"},\"thumbnailUrl\":\"https:\\\/\\\/loginfo24.com\\\/wp-content\\\/uploads\\\/sites\\\/7\\\/2026\\\/04\\\/BX_25_0027.20251124112434354-fa487f04-aspect-ratio-1400-788.webp\",\"datePublished\":\"2026-04-29T11:51:10+00:00\",\"breadcrumb\":{\"@id\":\"https:\\\/\\\/loginfo24.com\\\/pt-pt\\\/2026\\\/04\\\/29\\\/buildinx-2026-expande-para-a-area-de-data-center\\\/#breadcrumb\"},\"inLanguage\":\"pt-PT\",\"potentialAction\":[{\"@type\":\"ReadAction\",\"target\":[\"https:\\\/\\\/loginfo24.com\\\/pt-pt\\\/2026\\\/04\\\/29\\\/buildinx-2026-expande-para-a-area-de-data-center\\\/\"]}]},{\"@type\":\"ImageObject\",\"inLanguage\":\"pt-PT\",\"@id\":\"https:\\\/\\\/loginfo24.com\\\/pt-pt\\\/2026\\\/04\\\/29\\\/buildinx-2026-expande-para-a-area-de-data-center\\\/#primaryimage\",\"url\":\"https:\\\/\\\/loginfo24.com\\\/wp-content\\\/uploads\\\/sites\\\/7\\\/2026\\\/04\\\/BX_25_0027.20251124112434354-fa487f04-aspect-ratio-1400-788.webp\",\"contentUrl\":\"https:\\\/\\\/loginfo24.com\\\/wp-content\\\/uploads\\\/sites\\\/7\\\/2026\\\/04\\\/BX_25_0027.20251124112434354-fa487f04-aspect-ratio-1400-788.webp\",\"width\":1920,\"height\":1081},{\"@type\":\"BreadcrumbList\",\"@id\":\"https:\\\/\\\/loginfo24.com\\\/pt-pt\\\/2026\\\/04\\\/29\\\/buildinx-2026-expande-para-a-area-de-data-center\\\/#breadcrumb\",\"itemListElement\":[{\"@type\":\"ListItem\",\"position\":1,\"name\":\"Startseite\",\"item\":\"https:\\\/\\\/loginfo24.com\\\/pt-pt\\\/\"},{\"@type\":\"ListItem\",\"position\":2,\"name\":\"BUILDINX 2026 expande para a \u00e1rea de Data Center\"}]},{\"@type\":\"WebSite\",\"@id\":\"https:\\\/\\\/loginfo24.com\\\/pt-pt\\\/#website\",\"url\":\"https:\\\/\\\/loginfo24.com\\\/pt-pt\\\/\",\"name\":\"Loginfo24\",\"description\":\"Loginfo24 \u00e9 a plataforma dedicada \u00e0 log\u00edstica e \u00e0s cadeias de abastecimento, com informa\u00e7\u00f5es dispon\u00edveis 24 horas por dia.\",\"publisher\":{\"@id\":\"https:\\\/\\\/loginfo24.com\\\/pt-pt\\\/#organization\"},\"potentialAction\":[{\"@type\":\"SearchAction\",\"target\":{\"@type\":\"EntryPoint\",\"urlTemplate\":\"https:\\\/\\\/loginfo24.com\\\/pt-pt\\\/?s={search_term_string}\"},\"query-input\":{\"@type\":\"PropertyValueSpecification\",\"valueRequired\":true,\"valueName\":\"search_term_string\"}}],\"inLanguage\":\"pt-PT\"},{\"@type\":\"Organization\",\"@id\":\"https:\\\/\\\/loginfo24.com\\\/pt-pt\\\/#organization\",\"name\":\"Logismedia Group AG\",\"url\":\"https:\\\/\\\/loginfo24.com\\\/pt-pt\\\/\",\"logo\":{\"@type\":\"ImageObject\",\"inLanguage\":\"pt-PT\",\"@id\":\"https:\\\/\\\/loginfo24.com\\\/pt-pt\\\/#\\\/schema\\\/logo\\\/image\\\/\",\"url\":\"https:\\\/\\\/loginfo24.com\\\/wp-content\\\/uploads\\\/sites\\\/7\\\/2026\\\/01\\\/Logo_LogInfo24.png\",\"contentUrl\":\"https:\\\/\\\/loginfo24.com\\\/wp-content\\\/uploads\\\/sites\\\/7\\\/2026\\\/01\\\/Logo_LogInfo24.png\",\"width\":938,\"height\":351,\"caption\":\"Logismedia Group AG\"},\"image\":{\"@id\":\"https:\\\/\\\/loginfo24.com\\\/pt-pt\\\/#\\\/schema\\\/logo\\\/image\\\/\"},\"sameAs\":[\"https:\\\/\\\/www.facebook.com\\\/people\\\/Loginfo24\\\/100057360583332\\\/\",\"https:\\\/\\\/www.linkedin.com\\\/company\\\/lofinfo24\\\/\"]},{\"@type\":\"Person\",\"@id\":\"https:\\\/\\\/loginfo24.com\\\/pt-pt\\\/#\\\/schema\\\/person\\\/7b1593b33567ba798d300c8a1b0b85b1\",\"name\":\"Andreas M\u00fcller\",\"url\":\"https:\\\/\\\/loginfo24.com\\\/pt-pt\\\/author\\\/logismedia\\\/\"}]}<\/script>\n<!-- \/ Yoast SEO plugin. -->","yoast_head_json":{"title":"BUILDINX 2026 expande para a \u00e1rea de Data Center - Loginfo24","robots":{"index":"index","follow":"follow","max-snippet":"max-snippet:-1","max-image-preview":"max-image-preview:large","max-video-preview":"max-video-preview:-1"},"canonical":"https:\/\/loginfo24.com\/pt-pt\/2026\/04\/29\/buildinx-2026-expande-para-a-area-de-data-center\/","og_locale":"pt_PT","og_type":"article","og_title":"BUILDINX 2026 expande para a \u00e1rea de Data Center - Loginfo24","og_description":"A Messe Dortmund integrar\u00e1 a \u00e1rea de Data Centers na BUILDINX em 2026 para atender \u00e0s crescentes demandas da infraestrutura digital.","og_url":"https:\/\/loginfo24.com\/pt-pt\/2026\/04\/29\/buildinx-2026-expande-para-a-area-de-data-center\/","og_site_name":"Loginfo24","article_publisher":"https:\/\/www.facebook.com\/people\/Loginfo24\/100057360583332\/","article_published_time":"2026-04-29T11:51:10+00:00","og_image":[{"width":1920,"height":1081,"url":"https:\/\/loginfo24.com\/wp-content\/uploads\/sites\/7\/2026\/04\/BX_25_0027.20251124112434354-fa487f04-aspect-ratio-1400-788.webp","type":"image\/webp"}],"author":"Andreas M\u00fcller","twitter_card":"summary_large_image","twitter_misc":{"Escrito por":"Andreas M\u00fcller","Tempo estimado de leitura":"2 minutos"},"schema":{"@context":"https:\/\/schema.org","@graph":[{"@type":"Article","@id":"https:\/\/loginfo24.com\/pt-pt\/2026\/04\/29\/buildinx-2026-expande-para-a-area-de-data-center\/#article","isPartOf":{"@id":"https:\/\/loginfo24.com\/pt-pt\/2026\/04\/29\/buildinx-2026-expande-para-a-area-de-data-center\/"},"author":{"name":"Andreas M\u00fcller","@id":"https:\/\/loginfo24.com\/pt-pt\/#\/schema\/person\/7b1593b33567ba798d300c8a1b0b85b1"},"headline":"BUILDINX 2026 expande para a \u00e1rea de Data Center","datePublished":"2026-04-29T11:51:10+00:00","mainEntityOfPage":{"@id":"https:\/\/loginfo24.com\/pt-pt\/2026\/04\/29\/buildinx-2026-expande-para-a-area-de-data-center\/"},"wordCount":446,"commentCount":0,"publisher":{"@id":"https:\/\/loginfo24.com\/pt-pt\/#organization"},"image":{"@id":"https:\/\/loginfo24.com\/pt-pt\/2026\/04\/29\/buildinx-2026-expande-para-a-area-de-data-center\/#primaryimage"},"thumbnailUrl":"https:\/\/loginfo24.com\/wp-content\/uploads\/sites\/7\/2026\/04\/BX_25_0027.20251124112434354-fa487f04-aspect-ratio-1400-788.webp","keywords":["approvisionnement en \u00e9nergie","association eco","BUILDINX 2026","Bundesvereinigung Logistik","crit\u00e8res ESG","data center market","Deutsch Rechenzentren","digital infrastructure","digitale Infrastruktur","Dortmund fair","durabilit\u00e9","eco association","eco Verband","Energieversorgung","energy supply","ESG criteria","ESG-Kriterien","Facility Management","Federal Association of Logistics","F\u00e9d\u00e9ration allemande de logistique","foire de Dortmund","gestion des installations","Immobilienwirtschaft","immobilier industriel","immobilier logistique","industrial real estate Fran\u00e7ais centres de donn\u00e9es","Industrieimmobilien English data centers","infrastructure","infrastructure num\u00e9rique","Infrastruktur","logistics real estate","logistics service providers","Logistikdienstleister","Logistikimmobilien","march\u00e9 des centres de donn\u00e9es","Markt f\u00fcr Rechenzentren","Messe Dortmund","Nachhaltigkeit","Neubau Fl\u00e4chenfragen","new construction space issues","prestataires de services logistiques","questions d'espace de construction neuve","real estate industry","resilience","Resilienz","secteur immobilier","s\u00e9curit\u00e9 d'approvisionnement","solutions techniques","supply security","sustainability","technical solutions","technische L\u00f6sungen","Versorgungssicherheit"],"articleSection":["Alemanha","Expedi\u00e7\u00e3o de Mercadorias e Log\u00edstica"],"inLanguage":"pt-PT","potentialAction":[{"@type":"CommentAction","name":"Comment","target":["https:\/\/loginfo24.com\/pt-pt\/2026\/04\/29\/buildinx-2026-expande-para-a-area-de-data-center\/#respond"]}]},{"@type":"WebPage","@id":"https:\/\/loginfo24.com\/pt-pt\/2026\/04\/29\/buildinx-2026-expande-para-a-area-de-data-center\/","url":"https:\/\/loginfo24.com\/pt-pt\/2026\/04\/29\/buildinx-2026-expande-para-a-area-de-data-center\/","name":"BUILDINX 2026 expande para a \u00e1rea de Data Center - Loginfo24","isPartOf":{"@id":"https:\/\/loginfo24.com\/pt-pt\/#website"},"primaryImageOfPage":{"@id":"https:\/\/loginfo24.com\/pt-pt\/2026\/04\/29\/buildinx-2026-expande-para-a-area-de-data-center\/#primaryimage"},"image":{"@id":"https:\/\/loginfo24.com\/pt-pt\/2026\/04\/29\/buildinx-2026-expande-para-a-area-de-data-center\/#primaryimage"},"thumbnailUrl":"https:\/\/loginfo24.com\/wp-content\/uploads\/sites\/7\/2026\/04\/BX_25_0027.20251124112434354-fa487f04-aspect-ratio-1400-788.webp","datePublished":"2026-04-29T11:51:10+00:00","breadcrumb":{"@id":"https:\/\/loginfo24.com\/pt-pt\/2026\/04\/29\/buildinx-2026-expande-para-a-area-de-data-center\/#breadcrumb"},"inLanguage":"pt-PT","potentialAction":[{"@type":"ReadAction","target":["https:\/\/loginfo24.com\/pt-pt\/2026\/04\/29\/buildinx-2026-expande-para-a-area-de-data-center\/"]}]},{"@type":"ImageObject","inLanguage":"pt-PT","@id":"https:\/\/loginfo24.com\/pt-pt\/2026\/04\/29\/buildinx-2026-expande-para-a-area-de-data-center\/#primaryimage","url":"https:\/\/loginfo24.com\/wp-content\/uploads\/sites\/7\/2026\/04\/BX_25_0027.20251124112434354-fa487f04-aspect-ratio-1400-788.webp","contentUrl":"https:\/\/loginfo24.com\/wp-content\/uploads\/sites\/7\/2026\/04\/BX_25_0027.20251124112434354-fa487f04-aspect-ratio-1400-788.webp","width":1920,"height":1081},{"@type":"BreadcrumbList","@id":"https:\/\/loginfo24.com\/pt-pt\/2026\/04\/29\/buildinx-2026-expande-para-a-area-de-data-center\/#breadcrumb","itemListElement":[{"@type":"ListItem","position":1,"name":"Startseite","item":"https:\/\/loginfo24.com\/pt-pt\/"},{"@type":"ListItem","position":2,"name":"BUILDINX 2026 expande para a \u00e1rea de Data Center"}]},{"@type":"WebSite","@id":"https:\/\/loginfo24.com\/pt-pt\/#website","url":"https:\/\/loginfo24.com\/pt-pt\/","name":"Loginfo24","description":"Loginfo24 \u00e9 a plataforma dedicada \u00e0 log\u00edstica e \u00e0s cadeias de abastecimento, com informa\u00e7\u00f5es dispon\u00edveis 24 horas por dia.","publisher":{"@id":"https:\/\/loginfo24.com\/pt-pt\/#organization"},"potentialAction":[{"@type":"SearchAction","target":{"@type":"EntryPoint","urlTemplate":"https:\/\/loginfo24.com\/pt-pt\/?s={search_term_string}"},"query-input":{"@type":"PropertyValueSpecification","valueRequired":true,"valueName":"search_term_string"}}],"inLanguage":"pt-PT"},{"@type":"Organization","@id":"https:\/\/loginfo24.com\/pt-pt\/#organization","name":"Logismedia Group AG","url":"https:\/\/loginfo24.com\/pt-pt\/","logo":{"@type":"ImageObject","inLanguage":"pt-PT","@id":"https:\/\/loginfo24.com\/pt-pt\/#\/schema\/logo\/image\/","url":"https:\/\/loginfo24.com\/wp-content\/uploads\/sites\/7\/2026\/01\/Logo_LogInfo24.png","contentUrl":"https:\/\/loginfo24.com\/wp-content\/uploads\/sites\/7\/2026\/01\/Logo_LogInfo24.png","width":938,"height":351,"caption":"Logismedia Group AG"},"image":{"@id":"https:\/\/loginfo24.com\/pt-pt\/#\/schema\/logo\/image\/"},"sameAs":["https:\/\/www.facebook.com\/people\/Loginfo24\/100057360583332\/","https:\/\/www.linkedin.com\/company\/lofinfo24\/"]},{"@type":"Person","@id":"https:\/\/loginfo24.com\/pt-pt\/#\/schema\/person\/7b1593b33567ba798d300c8a1b0b85b1","name":"Andreas M\u00fcller","url":"https:\/\/loginfo24.com\/pt-pt\/author\/logismedia\/"}]}},"_links":{"self":[{"href":"https:\/\/loginfo24.com\/pt-pt\/wp-json\/wp\/v2\/posts\/79585","targetHints":{"allow":["GET"]}}],"collection":[{"href":"https:\/\/loginfo24.com\/pt-pt\/wp-json\/wp\/v2\/posts"}],"about":[{"href":"https:\/\/loginfo24.com\/pt-pt\/wp-json\/wp\/v2\/types\/post"}],"author":[{"embeddable":true,"href":"https:\/\/loginfo24.com\/pt-pt\/wp-json\/wp\/v2\/users\/7"}],"replies":[{"embeddable":true,"href":"https:\/\/loginfo24.com\/pt-pt\/wp-json\/wp\/v2\/comments?post=79585"}],"version-history":[{"count":0,"href":"https:\/\/loginfo24.com\/pt-pt\/wp-json\/wp\/v2\/posts\/79585\/revisions"}],"wp:featuredmedia":[{"embeddable":true,"href":"https:\/\/loginfo24.com\/pt-pt\/wp-json\/wp\/v2\/media\/79580"}],"wp:attachment":[{"href":"https:\/\/loginfo24.com\/pt-pt\/wp-json\/wp\/v2\/media?parent=79585"}],"wp:term":[{"taxonomy":"category","embeddable":true,"href":"https:\/\/loginfo24.com\/pt-pt\/wp-json\/wp\/v2\/categories?post=79585"},{"taxonomy":"post_tag","embeddable":true,"href":"https:\/\/loginfo24.com\/pt-pt\/wp-json\/wp\/v2\/tags?post=79585"}],"curies":[{"name":"wp","href":"https:\/\/api.w.org\/{rel}","templated":true}]}}