{"id":79555,"date":"2026-04-29T11:34:56","date_gmt":"2026-04-29T11:34:56","guid":{"rendered":"https:\/\/loginfo24.com\/2026\/04\/29\/dvf-pede-apoio-para-portos-e-navegacao\/"},"modified":"2026-04-29T11:34:56","modified_gmt":"2026-04-29T11:34:56","slug":"dvf-pede-apoio-para-portos-e-navegacao","status":"publish","type":"post","link":"https:\/\/loginfo24.com\/pt-pt\/2026\/04\/29\/dvf-pede-apoio-para-portos-e-navegacao\/","title":{"rendered":"DVF pede apoio para portos e navega\u00e7\u00e3o"},"content":{"rendered":"<p>Em raz\u00e3o da Confer\u00eancia Mar\u00edtima Nacional em Emden, o F\u00f3rum de Transporte Alem\u00e3o (DVF) pediu ao governo federal que tome medidas direcionadas para apoiar os portos e a navega\u00e7\u00e3o. Esses passos s\u00e3o necess\u00e1rios para fortalecer a economia alem\u00e3. Matthias Magnor, presidente do conselho da BLG LOGISTICS e vice-presidente do DVF, enfatizou a urg\u00eancia dessas demandas e destacou o papel central da economia mar\u00edtima para a localiza\u00e7\u00e3o da Alemanha.<\/p>\n<h3>Portos como atores-chave da economia<\/h3>\n<p>Magnor ressaltou que os portos s\u00e3o fundamentais n\u00e3o apenas para o desenvolvimento econ\u00f4mico, mas tamb\u00e9m para a transforma\u00e7\u00e3o clim\u00e1tica e a capacidade de defesa militar da Alemanha. Ele apontou que a navega\u00e7\u00e3o desempenha um papel fundamental nas rela\u00e7\u00f5es comerciais e no fornecimento de energia. \u201cO governo federal e a UE devem continuar a defender mercados abertos e uma ordem baseada em regras\u201d, declarou Magnor. \u00c9 importante que a Alemanha mantenha sua pr\u00f3pria for\u00e7a e competitividade.<\/p>\n<p>Para alcan\u00e7ar isso, Magnor exige uma infraestrutura excelente e a redu\u00e7\u00e3o de barreiras burocr\u00e1ticas. \u201cO governo federal deve aumentar o financiamento dos portos. N\u00e3o em algum momento. N\u00e3o com valores simb\u00f3licos. Mas agora e com um financiamento que corresponda \u00e0 import\u00e2ncia estrat\u00e9gica de nossos portos\u201d, continuou Magnor. Essas medidas s\u00e3o essenciais para garantir a competitividade dos portos alem\u00e3es e fortalecer a base econ\u00f4mica do pa\u00eds.<\/p>\n<p>A confer\u00eancia em Emden \u00e9 utilizada como uma plataforma para comunicar essas preocupa\u00e7\u00f5es e destacar a import\u00e2ncia da economia mar\u00edtima na agenda pol\u00edtica.<\/p>\n<p><strong>Demandas centrais do DVF na \u00e1rea de portos\/navega\u00e7\u00e3o:<\/strong><\/p>\n<ul>\n<li>Reabilitar e modernizar as infraestruturas portu\u00e1rias com o apoio do governo federal &#8211; para seguran\u00e7a energ\u00e9tica, transforma\u00e7\u00e3o, capacidade de defesa e competitividade do local industrial.<\/li>\n<li>Estabelecer uma nova e sustent\u00e1vel base de financiamento para a infraestrutura portu\u00e1ria &#8211; tanto para os portos mar\u00edtimos quanto para os interiores.<\/li>\n<li>Proteger as infraestruturas mar\u00edtimas, portos e navega\u00e7\u00e3o contra interven\u00e7\u00f5es externas &#8211; entre outras coisas, por meio de defesa eficaz contra drones.<\/li>\n<li>Aumentar a capacidade das vias de acesso mar\u00edtimas, das vias naveg\u00e1veis, das conex\u00f5es ferrovi\u00e1rias e rodovi\u00e1rias dos portos &#8211; garantir os or\u00e7amentos para a infraestrutura de transporte &#8211; acelerar as taxas de reabilita\u00e7\u00e3o.<\/li>\n<li>Acelerar projetos de infraestrutura importantes &#8211; todos os projetos de vias naveg\u00e1veis priorit\u00e1rios e os portos devem ser colocados no interesse p\u00fablico superior (Lei de Futuro da Infraestrutura).<\/li>\n<li>Finalmente abordar a reforma h\u00e1 muito esperada do imposto sobre o valor agregado na importa\u00e7\u00e3o &#8211; introduzir um modelo de compensa\u00e7\u00e3o.<\/li>\n<li>Apoiar a navega\u00e7\u00e3o na transforma\u00e7\u00e3o &#8211; garantir o fornecimento de combust\u00edveis sustent\u00e1veis &#8211; reinvestir as receitas do com\u00e9rcio de emiss\u00f5es da UE no setor.<\/li>\n<\/ul>\n<p>Modernizar a aplica\u00e7\u00e3o do direito de aux\u00edlios \u00e0 economia mar\u00edtima.<\/p>\n<p><a href=\"http:\/\/www.verkehrsforum.de\" target=\"_blank\" rel=\"noopener noreferrer\">www.verkehrsforum.de<\/a><\/p>\n","protected":false},"excerpt":{"rendered":"<p>O F\u00f3rum Alem\u00e3o de Transportes pede ao governo federal que tome medidas imediatas para apoiar os portos e a navega\u00e7\u00e3o, a fim de garantir a competitividade.<\/p>\n","protected":false},"author":7,"featured_media":79550,"comment_status":"open","ping_status":"","sticky":false,"template":"","format":"standard","meta":{"_acf_changed":false,"footnotes":""},"categories":[6663,1619],"tags":[22844,21082,22845,22846,6392,22847,22848,22849,22850,5322,5323,22851,5010,22852,22853,22854,1889,22855,22856,4052,2125,3682,4054,3683,22857,22858,5016,22859,5017,22860,6409,2231,6412,4096,4065,22861,22862,1766,22863,3609,22864,2236,4099,6426,22865,2155,16927,1837,22866,22867,16931,22868],"class_list":["post-79555","post","type-post","status-publish","format-standard","has-post-thumbnail","hentry","category-alemanha","category-navegacao-e-portos","tag-approvisionnement-en-energie","tag-binnenhafen","tag-blg-logistics","tag-bundesregierung","tag-carburants-durables","tag-climate-policy-transformation","tag-competitiveness-of-ports","tag-competitivite-des-ports","tag-deutsch-haefen","tag-digitalisierung-in-der-schifffahrt","tag-digitalization-in-shipping","tag-dvf","tag-economie-maritime","tag-energieversorgung","tag-energy-supply","tag-eu","tag-fachkraeftemangel","tag-federal-government","tag-gouvernement-federal","tag-hafeninfrastruktur","tag-industrie-du-transport","tag-infrastructure","tag-infrastructure-portuaire","tag-infrastruktur","tag-inland-ports","tag-klimapolitische-transformation","tag-maritime-economy","tag-maritime-sector-francais-ports","tag-maritime-wirtschaft","tag-maritimer-sektor-english-ports","tag-nachhaltige-kraftstoffe","tag-navigation","tag-numerisation-dans-la-navigation","tag-penurie-de-main-doeuvre-qualifiee","tag-port-infrastructure","tag-ports-interieurs","tag-ports-maritimes","tag-schifffahrt","tag-seaports","tag-secteur-maritime","tag-seehaefen","tag-shipping","tag-skilled-labor-shortage","tag-sustainable-fuels","tag-transformation-climatique","tag-transport-industry","tag-transport-routes","tag-transportwirtschaft","tag-ue","tag-verkehrswege","tag-voies-de-transport","tag-wettbewerbsfaehigkeit-der-haefen"],"acf":[],"yoast_head":"<!-- This site is optimized with the Yoast SEO plugin v27.3 - https:\/\/yoast.com\/product\/yoast-seo-wordpress\/ -->\n<title>DVF pede apoio para portos e navega\u00e7\u00e3o - Loginfo24<\/title>\n<meta name=\"robots\" content=\"index, follow, max-snippet:-1, max-image-preview:large, max-video-preview:-1\" \/>\n<link rel=\"canonical\" href=\"https:\/\/loginfo24.com\/pt-pt\/2026\/04\/29\/dvf-pede-apoio-para-portos-e-navegacao\/\" \/>\n<meta property=\"og:locale\" content=\"pt_PT\" \/>\n<meta property=\"og:type\" content=\"article\" \/>\n<meta property=\"og:title\" content=\"DVF pede apoio para portos e navega\u00e7\u00e3o - Loginfo24\" \/>\n<meta property=\"og:description\" content=\"O F\u00f3rum Alem\u00e3o de Transportes pede ao governo federal que tome medidas imediatas para apoiar os portos e a navega\u00e7\u00e3o, a fim de garantir a competitividade.\" \/>\n<meta property=\"og:url\" content=\"https:\/\/loginfo24.com\/pt-pt\/2026\/04\/29\/dvf-pede-apoio-para-portos-e-navegacao\/\" \/>\n<meta property=\"og:site_name\" content=\"Loginfo24\" \/>\n<meta property=\"article:publisher\" content=\"https:\/\/www.facebook.com\/people\/Loginfo24\/100057360583332\/\" \/>\n<meta property=\"article:published_time\" content=\"2026-04-29T11:34:56+00:00\" \/>\n<meta property=\"og:image\" content=\"https:\/\/loginfo24.com\/wp-content\/uploads\/sites\/7\/2026\/04\/csm_2025-matthias-magnor-img_26f6736e25-aspect-ratio-1400-788.jpg\" \/>\n\t<meta property=\"og:image:width\" content=\"470\" \/>\n\t<meta property=\"og:image:height\" content=\"265\" \/>\n\t<meta property=\"og:image:type\" content=\"image\/jpeg\" \/>\n<meta name=\"author\" content=\"Andreas M\u00fcller\" \/>\n<meta name=\"twitter:card\" content=\"summary_large_image\" \/>\n<meta name=\"twitter:label1\" content=\"Escrito por\" \/>\n\t<meta name=\"twitter:data1\" content=\"Andreas M\u00fcller\" \/>\n\t<meta name=\"twitter:label2\" content=\"Tempo estimado de leitura\" \/>\n\t<meta name=\"twitter:data2\" content=\"2 minutos\" \/>\n<script type=\"application\/ld+json\" class=\"yoast-schema-graph\">{\"@context\":\"https:\\\/\\\/schema.org\",\"@graph\":[{\"@type\":\"Article\",\"@id\":\"https:\\\/\\\/loginfo24.com\\\/pt-pt\\\/2026\\\/04\\\/29\\\/dvf-pede-apoio-para-portos-e-navegacao\\\/#article\",\"isPartOf\":{\"@id\":\"https:\\\/\\\/loginfo24.com\\\/pt-pt\\\/2026\\\/04\\\/29\\\/dvf-pede-apoio-para-portos-e-navegacao\\\/\"},\"author\":{\"name\":\"Andreas M\u00fcller\",\"@id\":\"https:\\\/\\\/loginfo24.com\\\/pt-pt\\\/#\\\/schema\\\/person\\\/7b1593b33567ba798d300c8a1b0b85b1\"},\"headline\":\"DVF pede apoio para portos e navega\u00e7\u00e3o\",\"datePublished\":\"2026-04-29T11:34:56+00:00\",\"mainEntityOfPage\":{\"@id\":\"https:\\\/\\\/loginfo24.com\\\/pt-pt\\\/2026\\\/04\\\/29\\\/dvf-pede-apoio-para-portos-e-navegacao\\\/\"},\"wordCount\":497,\"commentCount\":0,\"publisher\":{\"@id\":\"https:\\\/\\\/loginfo24.com\\\/pt-pt\\\/#organization\"},\"image\":{\"@id\":\"https:\\\/\\\/loginfo24.com\\\/pt-pt\\\/2026\\\/04\\\/29\\\/dvf-pede-apoio-para-portos-e-navegacao\\\/#primaryimage\"},\"thumbnailUrl\":\"https:\\\/\\\/loginfo24.com\\\/wp-content\\\/uploads\\\/sites\\\/7\\\/2026\\\/04\\\/csm_2025-matthias-magnor-img_26f6736e25-aspect-ratio-1400-788.jpg\",\"keywords\":[\"approvisionnement en \u00e9nergie\",\"Binnenhafen\",\"BLG LOGISTICS\",\"Bundesregierung\",\"carburants durables\",\"climate policy transformation\",\"competitiveness of ports\",\"comp\u00e9titivit\u00e9 des ports\",\"Deutsch H\u00e4fen\",\"Digitalisierung in der Schifffahrt\",\"digitalization in shipping\",\"DVF\",\"\u00e9conomie maritime\",\"Energieversorgung\",\"energy supply\",\"EU\",\"Fachkr\u00e4ftemangel\",\"federal government\",\"gouvernement f\u00e9d\u00e9ral\",\"Hafeninfrastruktur\",\"industrie du transport\",\"infrastructure\",\"infrastructure portuaire\",\"Infrastruktur\",\"inland ports\",\"klimapolitische Transformation\",\"maritime economy\",\"maritime sector Fran\u00e7ais ports\",\"maritime Wirtschaft\",\"maritimer Sektor English ports\",\"nachhaltige Kraftstoffe\",\"navigation\",\"num\u00e9risation dans la navigation\",\"p\u00e9nurie de main-d'\u0153uvre qualifi\u00e9e\",\"port infrastructure\",\"ports int\u00e9rieurs\",\"ports maritimes\",\"Schifffahrt\",\"seaports\",\"secteur maritime\",\"Seeh\u00e4fen\",\"shipping\",\"skilled labor shortage\",\"sustainable fuels\",\"transformation climatique\",\"transport industry\",\"transport routes\",\"Transportwirtschaft\",\"UE\",\"Verkehrswege\",\"voies de transport\",\"Wettbewerbsf\u00e4higkeit der H\u00e4fen\"],\"articleSection\":[\"Alemanha\",\"Navega\u00e7\u00e3o e portos\"],\"inLanguage\":\"pt-PT\",\"potentialAction\":[{\"@type\":\"CommentAction\",\"name\":\"Comment\",\"target\":[\"https:\\\/\\\/loginfo24.com\\\/pt-pt\\\/2026\\\/04\\\/29\\\/dvf-pede-apoio-para-portos-e-navegacao\\\/#respond\"]}]},{\"@type\":\"WebPage\",\"@id\":\"https:\\\/\\\/loginfo24.com\\\/pt-pt\\\/2026\\\/04\\\/29\\\/dvf-pede-apoio-para-portos-e-navegacao\\\/\",\"url\":\"https:\\\/\\\/loginfo24.com\\\/pt-pt\\\/2026\\\/04\\\/29\\\/dvf-pede-apoio-para-portos-e-navegacao\\\/\",\"name\":\"DVF pede apoio para portos e navega\u00e7\u00e3o - Loginfo24\",\"isPartOf\":{\"@id\":\"https:\\\/\\\/loginfo24.com\\\/pt-pt\\\/#website\"},\"primaryImageOfPage\":{\"@id\":\"https:\\\/\\\/loginfo24.com\\\/pt-pt\\\/2026\\\/04\\\/29\\\/dvf-pede-apoio-para-portos-e-navegacao\\\/#primaryimage\"},\"image\":{\"@id\":\"https:\\\/\\\/loginfo24.com\\\/pt-pt\\\/2026\\\/04\\\/29\\\/dvf-pede-apoio-para-portos-e-navegacao\\\/#primaryimage\"},\"thumbnailUrl\":\"https:\\\/\\\/loginfo24.com\\\/wp-content\\\/uploads\\\/sites\\\/7\\\/2026\\\/04\\\/csm_2025-matthias-magnor-img_26f6736e25-aspect-ratio-1400-788.jpg\",\"datePublished\":\"2026-04-29T11:34:56+00:00\",\"breadcrumb\":{\"@id\":\"https:\\\/\\\/loginfo24.com\\\/pt-pt\\\/2026\\\/04\\\/29\\\/dvf-pede-apoio-para-portos-e-navegacao\\\/#breadcrumb\"},\"inLanguage\":\"pt-PT\",\"potentialAction\":[{\"@type\":\"ReadAction\",\"target\":[\"https:\\\/\\\/loginfo24.com\\\/pt-pt\\\/2026\\\/04\\\/29\\\/dvf-pede-apoio-para-portos-e-navegacao\\\/\"]}]},{\"@type\":\"ImageObject\",\"inLanguage\":\"pt-PT\",\"@id\":\"https:\\\/\\\/loginfo24.com\\\/pt-pt\\\/2026\\\/04\\\/29\\\/dvf-pede-apoio-para-portos-e-navegacao\\\/#primaryimage\",\"url\":\"https:\\\/\\\/loginfo24.com\\\/wp-content\\\/uploads\\\/sites\\\/7\\\/2026\\\/04\\\/csm_2025-matthias-magnor-img_26f6736e25-aspect-ratio-1400-788.jpg\",\"contentUrl\":\"https:\\\/\\\/loginfo24.com\\\/wp-content\\\/uploads\\\/sites\\\/7\\\/2026\\\/04\\\/csm_2025-matthias-magnor-img_26f6736e25-aspect-ratio-1400-788.jpg\",\"width\":470,\"height\":265},{\"@type\":\"BreadcrumbList\",\"@id\":\"https:\\\/\\\/loginfo24.com\\\/pt-pt\\\/2026\\\/04\\\/29\\\/dvf-pede-apoio-para-portos-e-navegacao\\\/#breadcrumb\",\"itemListElement\":[{\"@type\":\"ListItem\",\"position\":1,\"name\":\"Startseite\",\"item\":\"https:\\\/\\\/loginfo24.com\\\/pt-pt\\\/\"},{\"@type\":\"ListItem\",\"position\":2,\"name\":\"DVF pede apoio para portos e navega\u00e7\u00e3o\"}]},{\"@type\":\"WebSite\",\"@id\":\"https:\\\/\\\/loginfo24.com\\\/pt-pt\\\/#website\",\"url\":\"https:\\\/\\\/loginfo24.com\\\/pt-pt\\\/\",\"name\":\"Loginfo24\",\"description\":\"Loginfo24 \u00e9 a plataforma dedicada \u00e0 log\u00edstica e \u00e0s cadeias de abastecimento, com informa\u00e7\u00f5es dispon\u00edveis 24 horas por dia.\",\"publisher\":{\"@id\":\"https:\\\/\\\/loginfo24.com\\\/pt-pt\\\/#organization\"},\"potentialAction\":[{\"@type\":\"SearchAction\",\"target\":{\"@type\":\"EntryPoint\",\"urlTemplate\":\"https:\\\/\\\/loginfo24.com\\\/pt-pt\\\/?s={search_term_string}\"},\"query-input\":{\"@type\":\"PropertyValueSpecification\",\"valueRequired\":true,\"valueName\":\"search_term_string\"}}],\"inLanguage\":\"pt-PT\"},{\"@type\":\"Organization\",\"@id\":\"https:\\\/\\\/loginfo24.com\\\/pt-pt\\\/#organization\",\"name\":\"Logismedia Group AG\",\"url\":\"https:\\\/\\\/loginfo24.com\\\/pt-pt\\\/\",\"logo\":{\"@type\":\"ImageObject\",\"inLanguage\":\"pt-PT\",\"@id\":\"https:\\\/\\\/loginfo24.com\\\/pt-pt\\\/#\\\/schema\\\/logo\\\/image\\\/\",\"url\":\"https:\\\/\\\/loginfo24.com\\\/wp-content\\\/uploads\\\/sites\\\/7\\\/2026\\\/01\\\/Logo_LogInfo24.png\",\"contentUrl\":\"https:\\\/\\\/loginfo24.com\\\/wp-content\\\/uploads\\\/sites\\\/7\\\/2026\\\/01\\\/Logo_LogInfo24.png\",\"width\":938,\"height\":351,\"caption\":\"Logismedia Group AG\"},\"image\":{\"@id\":\"https:\\\/\\\/loginfo24.com\\\/pt-pt\\\/#\\\/schema\\\/logo\\\/image\\\/\"},\"sameAs\":[\"https:\\\/\\\/www.facebook.com\\\/people\\\/Loginfo24\\\/100057360583332\\\/\",\"https:\\\/\\\/www.linkedin.com\\\/company\\\/lofinfo24\\\/\"]},{\"@type\":\"Person\",\"@id\":\"https:\\\/\\\/loginfo24.com\\\/pt-pt\\\/#\\\/schema\\\/person\\\/7b1593b33567ba798d300c8a1b0b85b1\",\"name\":\"Andreas M\u00fcller\",\"url\":\"https:\\\/\\\/loginfo24.com\\\/pt-pt\\\/author\\\/logismedia\\\/\"}]}<\/script>\n<!-- \/ Yoast SEO plugin. -->","yoast_head_json":{"title":"DVF pede apoio para portos e navega\u00e7\u00e3o - Loginfo24","robots":{"index":"index","follow":"follow","max-snippet":"max-snippet:-1","max-image-preview":"max-image-preview:large","max-video-preview":"max-video-preview:-1"},"canonical":"https:\/\/loginfo24.com\/pt-pt\/2026\/04\/29\/dvf-pede-apoio-para-portos-e-navegacao\/","og_locale":"pt_PT","og_type":"article","og_title":"DVF pede apoio para portos e navega\u00e7\u00e3o - Loginfo24","og_description":"O F\u00f3rum Alem\u00e3o de Transportes pede ao governo federal que tome medidas imediatas para apoiar os portos e a navega\u00e7\u00e3o, a fim de garantir a competitividade.","og_url":"https:\/\/loginfo24.com\/pt-pt\/2026\/04\/29\/dvf-pede-apoio-para-portos-e-navegacao\/","og_site_name":"Loginfo24","article_publisher":"https:\/\/www.facebook.com\/people\/Loginfo24\/100057360583332\/","article_published_time":"2026-04-29T11:34:56+00:00","og_image":[{"width":470,"height":265,"url":"https:\/\/loginfo24.com\/wp-content\/uploads\/sites\/7\/2026\/04\/csm_2025-matthias-magnor-img_26f6736e25-aspect-ratio-1400-788.jpg","type":"image\/jpeg"}],"author":"Andreas M\u00fcller","twitter_card":"summary_large_image","twitter_misc":{"Escrito por":"Andreas M\u00fcller","Tempo estimado de leitura":"2 minutos"},"schema":{"@context":"https:\/\/schema.org","@graph":[{"@type":"Article","@id":"https:\/\/loginfo24.com\/pt-pt\/2026\/04\/29\/dvf-pede-apoio-para-portos-e-navegacao\/#article","isPartOf":{"@id":"https:\/\/loginfo24.com\/pt-pt\/2026\/04\/29\/dvf-pede-apoio-para-portos-e-navegacao\/"},"author":{"name":"Andreas M\u00fcller","@id":"https:\/\/loginfo24.com\/pt-pt\/#\/schema\/person\/7b1593b33567ba798d300c8a1b0b85b1"},"headline":"DVF pede apoio para portos e navega\u00e7\u00e3o","datePublished":"2026-04-29T11:34:56+00:00","mainEntityOfPage":{"@id":"https:\/\/loginfo24.com\/pt-pt\/2026\/04\/29\/dvf-pede-apoio-para-portos-e-navegacao\/"},"wordCount":497,"commentCount":0,"publisher":{"@id":"https:\/\/loginfo24.com\/pt-pt\/#organization"},"image":{"@id":"https:\/\/loginfo24.com\/pt-pt\/2026\/04\/29\/dvf-pede-apoio-para-portos-e-navegacao\/#primaryimage"},"thumbnailUrl":"https:\/\/loginfo24.com\/wp-content\/uploads\/sites\/7\/2026\/04\/csm_2025-matthias-magnor-img_26f6736e25-aspect-ratio-1400-788.jpg","keywords":["approvisionnement en \u00e9nergie","Binnenhafen","BLG LOGISTICS","Bundesregierung","carburants durables","climate policy transformation","competitiveness of ports","comp\u00e9titivit\u00e9 des ports","Deutsch H\u00e4fen","Digitalisierung in der Schifffahrt","digitalization in shipping","DVF","\u00e9conomie maritime","Energieversorgung","energy supply","EU","Fachkr\u00e4ftemangel","federal government","gouvernement f\u00e9d\u00e9ral","Hafeninfrastruktur","industrie du transport","infrastructure","infrastructure portuaire","Infrastruktur","inland ports","klimapolitische Transformation","maritime economy","maritime sector Fran\u00e7ais ports","maritime Wirtschaft","maritimer Sektor English ports","nachhaltige Kraftstoffe","navigation","num\u00e9risation dans la navigation","p\u00e9nurie de main-d'\u0153uvre qualifi\u00e9e","port infrastructure","ports int\u00e9rieurs","ports maritimes","Schifffahrt","seaports","secteur maritime","Seeh\u00e4fen","shipping","skilled labor shortage","sustainable fuels","transformation climatique","transport industry","transport routes","Transportwirtschaft","UE","Verkehrswege","voies de transport","Wettbewerbsf\u00e4higkeit der H\u00e4fen"],"articleSection":["Alemanha","Navega\u00e7\u00e3o e portos"],"inLanguage":"pt-PT","potentialAction":[{"@type":"CommentAction","name":"Comment","target":["https:\/\/loginfo24.com\/pt-pt\/2026\/04\/29\/dvf-pede-apoio-para-portos-e-navegacao\/#respond"]}]},{"@type":"WebPage","@id":"https:\/\/loginfo24.com\/pt-pt\/2026\/04\/29\/dvf-pede-apoio-para-portos-e-navegacao\/","url":"https:\/\/loginfo24.com\/pt-pt\/2026\/04\/29\/dvf-pede-apoio-para-portos-e-navegacao\/","name":"DVF pede apoio para portos e navega\u00e7\u00e3o - Loginfo24","isPartOf":{"@id":"https:\/\/loginfo24.com\/pt-pt\/#website"},"primaryImageOfPage":{"@id":"https:\/\/loginfo24.com\/pt-pt\/2026\/04\/29\/dvf-pede-apoio-para-portos-e-navegacao\/#primaryimage"},"image":{"@id":"https:\/\/loginfo24.com\/pt-pt\/2026\/04\/29\/dvf-pede-apoio-para-portos-e-navegacao\/#primaryimage"},"thumbnailUrl":"https:\/\/loginfo24.com\/wp-content\/uploads\/sites\/7\/2026\/04\/csm_2025-matthias-magnor-img_26f6736e25-aspect-ratio-1400-788.jpg","datePublished":"2026-04-29T11:34:56+00:00","breadcrumb":{"@id":"https:\/\/loginfo24.com\/pt-pt\/2026\/04\/29\/dvf-pede-apoio-para-portos-e-navegacao\/#breadcrumb"},"inLanguage":"pt-PT","potentialAction":[{"@type":"ReadAction","target":["https:\/\/loginfo24.com\/pt-pt\/2026\/04\/29\/dvf-pede-apoio-para-portos-e-navegacao\/"]}]},{"@type":"ImageObject","inLanguage":"pt-PT","@id":"https:\/\/loginfo24.com\/pt-pt\/2026\/04\/29\/dvf-pede-apoio-para-portos-e-navegacao\/#primaryimage","url":"https:\/\/loginfo24.com\/wp-content\/uploads\/sites\/7\/2026\/04\/csm_2025-matthias-magnor-img_26f6736e25-aspect-ratio-1400-788.jpg","contentUrl":"https:\/\/loginfo24.com\/wp-content\/uploads\/sites\/7\/2026\/04\/csm_2025-matthias-magnor-img_26f6736e25-aspect-ratio-1400-788.jpg","width":470,"height":265},{"@type":"BreadcrumbList","@id":"https:\/\/loginfo24.com\/pt-pt\/2026\/04\/29\/dvf-pede-apoio-para-portos-e-navegacao\/#breadcrumb","itemListElement":[{"@type":"ListItem","position":1,"name":"Startseite","item":"https:\/\/loginfo24.com\/pt-pt\/"},{"@type":"ListItem","position":2,"name":"DVF pede apoio para portos e navega\u00e7\u00e3o"}]},{"@type":"WebSite","@id":"https:\/\/loginfo24.com\/pt-pt\/#website","url":"https:\/\/loginfo24.com\/pt-pt\/","name":"Loginfo24","description":"Loginfo24 \u00e9 a plataforma dedicada \u00e0 log\u00edstica e \u00e0s cadeias de abastecimento, com informa\u00e7\u00f5es dispon\u00edveis 24 horas por dia.","publisher":{"@id":"https:\/\/loginfo24.com\/pt-pt\/#organization"},"potentialAction":[{"@type":"SearchAction","target":{"@type":"EntryPoint","urlTemplate":"https:\/\/loginfo24.com\/pt-pt\/?s={search_term_string}"},"query-input":{"@type":"PropertyValueSpecification","valueRequired":true,"valueName":"search_term_string"}}],"inLanguage":"pt-PT"},{"@type":"Organization","@id":"https:\/\/loginfo24.com\/pt-pt\/#organization","name":"Logismedia Group AG","url":"https:\/\/loginfo24.com\/pt-pt\/","logo":{"@type":"ImageObject","inLanguage":"pt-PT","@id":"https:\/\/loginfo24.com\/pt-pt\/#\/schema\/logo\/image\/","url":"https:\/\/loginfo24.com\/wp-content\/uploads\/sites\/7\/2026\/01\/Logo_LogInfo24.png","contentUrl":"https:\/\/loginfo24.com\/wp-content\/uploads\/sites\/7\/2026\/01\/Logo_LogInfo24.png","width":938,"height":351,"caption":"Logismedia Group AG"},"image":{"@id":"https:\/\/loginfo24.com\/pt-pt\/#\/schema\/logo\/image\/"},"sameAs":["https:\/\/www.facebook.com\/people\/Loginfo24\/100057360583332\/","https:\/\/www.linkedin.com\/company\/lofinfo24\/"]},{"@type":"Person","@id":"https:\/\/loginfo24.com\/pt-pt\/#\/schema\/person\/7b1593b33567ba798d300c8a1b0b85b1","name":"Andreas M\u00fcller","url":"https:\/\/loginfo24.com\/pt-pt\/author\/logismedia\/"}]}},"_links":{"self":[{"href":"https:\/\/loginfo24.com\/pt-pt\/wp-json\/wp\/v2\/posts\/79555","targetHints":{"allow":["GET"]}}],"collection":[{"href":"https:\/\/loginfo24.com\/pt-pt\/wp-json\/wp\/v2\/posts"}],"about":[{"href":"https:\/\/loginfo24.com\/pt-pt\/wp-json\/wp\/v2\/types\/post"}],"author":[{"embeddable":true,"href":"https:\/\/loginfo24.com\/pt-pt\/wp-json\/wp\/v2\/users\/7"}],"replies":[{"embeddable":true,"href":"https:\/\/loginfo24.com\/pt-pt\/wp-json\/wp\/v2\/comments?post=79555"}],"version-history":[{"count":0,"href":"https:\/\/loginfo24.com\/pt-pt\/wp-json\/wp\/v2\/posts\/79555\/revisions"}],"wp:featuredmedia":[{"embeddable":true,"href":"https:\/\/loginfo24.com\/pt-pt\/wp-json\/wp\/v2\/media\/79550"}],"wp:attachment":[{"href":"https:\/\/loginfo24.com\/pt-pt\/wp-json\/wp\/v2\/media?parent=79555"}],"wp:term":[{"taxonomy":"category","embeddable":true,"href":"https:\/\/loginfo24.com\/pt-pt\/wp-json\/wp\/v2\/categories?post=79555"},{"taxonomy":"post_tag","embeddable":true,"href":"https:\/\/loginfo24.com\/pt-pt\/wp-json\/wp\/v2\/tags?post=79555"}],"curies":[{"name":"wp","href":"https:\/\/api.w.org\/{rel}","templated":true}]}}