{"id":79539,"date":"2026-04-29T10:50:54","date_gmt":"2026-04-29T10:50:54","guid":{"rendered":"https:\/\/loginfo24.com\/2026\/04\/29\/garbe-industrial-constroi-parque-empresarial-em-holzgerlingen\/"},"modified":"2026-04-29T10:50:54","modified_gmt":"2026-04-29T10:50:54","slug":"garbe-industrial-constroi-parque-empresarial-em-holzgerlingen","status":"publish","type":"post","link":"https:\/\/loginfo24.com\/pt-pt\/2026\/04\/29\/garbe-industrial-constroi-parque-empresarial-em-holzgerlingen\/","title":{"rendered":"Garbe Industrial constr\u00f3i parque empresarial em Holzgerlingen"},"content":{"rendered":"<p>As obras no parque industrial da Garbe Industrial em Holzgerlingen, ao sul de Stuttgart, est\u00e3o avan\u00e7ando conforme o planejado. Seis meses ap\u00f3s o in\u00edcio da constru\u00e7\u00e3o, uma cerim\u00f4nia de inaugura\u00e7\u00e3o foi realizada, com a presen\u00e7a de representantes da cidade, das empresas envolvidas na obra e de parceiros comerciais. A conclus\u00e3o das obras na \u00e1rea industrial &#8222;Buch&#8220; est\u00e1 prevista para o terceiro trimestre de 2026.<\/p>\n<h3>Detalhes sobre o parque industrial<\/h3>\n<p>O parque industrial abrange dois edif\u00edcios com uma \u00e1rea total de aproximadamente 16.600 m\u00b2. A \u00e1rea do armaz\u00e9m \u00e9 de cerca de 14.300 m\u00b2, complementada por aproximadamente 560 m\u00b2 para escrit\u00f3rios e \u00e1reas sociais, al\u00e9m de cerca de 1.700 m\u00b2 de \u00e1rea de mezanino, que pode ser utilizada para armazenamento de mercadorias. Para carga e descarga de caminh\u00f5es, est\u00e3o planejadas doze pontes de carga e sete port\u00f5es seccionais no n\u00edvel do solo. Al\u00e9m disso, ser\u00e3o criados espa\u00e7os para 124 ve\u00edculos de passeio na \u00e1rea externa.<\/p>\n<p>Kathrin Fuhrmann, diretora regional do sudoeste na Garbe Industrial, declarou: &#8222;Com o Garbe Industrial Park em Holzgerlingen, estamos criando um potencial moderno de instala\u00e7\u00e3o em uma localiza\u00e7\u00e3o industrial consolidada, que combina constru\u00e7\u00e3o sustent\u00e1vel e op\u00e7\u00f5es de uso flex\u00edveis.&#8220; O novo edif\u00edcio ser\u00e1 desenvolvido de acordo com os padr\u00f5es ecol\u00f3gicos atuais e crit\u00e9rios ESG, direcionando-se a empresas dos setores industrial, light industrial e produ\u00e7\u00e3o.<\/p>\n<p>A \u00e1rea do armaz\u00e9m pode ser dividida em unidades a partir de aproximadamente 1.300 m\u00b2, e a capacidade de carga do solo \u00e9 de seis toneladas por metro quadrado. Ap\u00f3s a conclus\u00e3o, o parque industrial atender\u00e1 ao padr\u00e3o de efici\u00eancia energ\u00e9tica BEG-40 e funcionar\u00e1 sem combust\u00edveis f\u00f3sseis. O aquecimento ser\u00e1 realizado por meio de bombas de calor ar-ar, e no telhado ser\u00e1 instalada uma usina fotovoltaica com uma capacidade de 1,2 megawatt pico. A Garbe Industrial tamb\u00e9m busca uma certifica\u00e7\u00e3o segundo o padr\u00e3o Gold da Deutsche Gesellschaft f\u00fcr Nachhaltiges Bauen.<\/p>\n<h3>Conclus\u00e3o do desenvolvimento<\/h3>\n<p>Com a terceira fase de constru\u00e7\u00e3o, o desenvolvimento do terreno de 100.000 m\u00b2 ser\u00e1 conclu\u00eddo. A Garbe Industrial adquiriu a \u00e1rea, que anteriormente era utilizada por um fabricante de equipamentos, em 2021. J\u00e1 est\u00e3o alugados um edif\u00edcio existente e um novo edif\u00edcio que foi conclu\u00eddo em 2023.<\/p>\n<p>O prefeito Ioannis Delakos se manifestou positivamente sobre a revitaliza\u00e7\u00e3o da terceira fase de constru\u00e7\u00e3o: &#8222;O parque industrial da Garbe Industrial \u00e9 um importante impulso para o desenvolvimento cont\u00ednuo da \u00e1rea industrial de Buch e fortalecer\u00e1 a localiza\u00e7\u00e3o econ\u00f4mica de Holzgerlingen.&#8220;<\/p>\n<p>Se e quais empresas se instalar\u00e3o no novo parque industrial ainda n\u00e3o est\u00e1 claro. &#8222;Atualmente, estamos em conversas avan\u00e7adas com interessados e acreditamos que conseguiremos alugar o Garbe Industrial Park em breve, especialmente devido \u00e0 excelente localiza\u00e7\u00e3o&#8220;, afirmou Kathrin Fuhrmann. Holzgerlingen est\u00e1 na regi\u00e3o metropolitana de Stuttgart e \u00e9 acess\u00edvel pela B 464 e pela A 81, que conecta o local a Karlsruhe a oeste e ao aeroporto de Stuttgart, al\u00e9m de Ulm e Munique a leste. O parque industrial tamb\u00e9m est\u00e1 a apenas algumas centenas de metros da pr\u00f3xima conex\u00e3o com o transporte p\u00fablico.<\/p>\n<p><a href=\"http:\/\/www.garbe-industrial.de\" target=\"_blank\" rel=\"noopener noreferrer\">www.garbe-industrial.de <\/a><\/p>\n","protected":false},"excerpt":{"rendered":"<p>As obras no parque empresarial em Holzgerlingen est\u00e3o avan\u00e7ando conforme o planejado, e a conclus\u00e3o est\u00e1 prevista para o terceiro trimestre de 2026.<\/p>\n","protected":false},"author":7,"featured_media":79534,"comment_status":"open","ping_status":"","sticky":false,"template":"","format":"standard","meta":{"_acf_changed":false,"footnotes":""},"categories":[6663,1617],"tags":[22759,22760,22761,22762,22763,22764,22765,22766,17943,22767,22768,18122,22769,22770,22771,22772,22773,21998,21999,22774,22775,22776,22777,22778,2125,22779,22780,22781,2133,1831,22782,22783,17967,22784,22014,22785,22786,7116,7117,22787,22788,22789,2829,22790,22791,22792,22793,22794,22795,22796,22797,17981,7127,2155,1837,22798,22799,22800],"class_list":["post-79539","post","type-post","status-publish","format-standard","has-post-thumbnail","hentry","category-alemanha","category-expedicao-e-logistica","tag-air-air-heat-pumps","tag-bauarbeiten-gewerbepark","tag-bodentragfaehigkeit-english-garbe-industrial","tag-capacite-portante","tag-commerce-and-production","tag-commerce-et-production","tag-commercial-area-buch","tag-commercial-park-holzgerlingen","tag-construction-durable","tag-construction-works-commercial-park","tag-criteres-esg","tag-deutsch-garbe-industrial","tag-developpement-de-site-holzgerlingen","tag-energieeffizienzstandard","tag-energy-efficiency-standard","tag-esg-criteria","tag-esg-kriterien","tag-flexible-nutzungsmoeglichkeiten","tag-flexible-usage-options","tag-gewerbe-und-produktion","tag-gewerbegebiet-buch","tag-gewerbepark-holzgerlingen","tag-hall-area-m","tag-hallenflaeche-m","tag-industrie-du-transport","tag-load-bearing-capacity-francais-garbe-industrial","tag-loading-bridges","tag-location-development-holzgerlingen","tag-logistics-service-providers","tag-logistikdienstleister","tag-luft-luft-waermepumpen","tag-metropolregion-stuttgart","tag-nachhaltige-bauweise","tag-norme-defficacite-energetique","tag-options-dutilisation-flexibles","tag-parc-dactivites-holzgerlingen","tag-parking-spaces-cars","tag-photovoltaic-system","tag-photovoltaikanlage","tag-places-de-stationnement-voitures","tag-pompes-a-chaleur-air-air","tag-ponts-de-chargement","tag-prestataires-logistiques","tag-region-metropolitaine-de-stuttgart","tag-revitalisation-parc-dactivites","tag-revitalisierung-gewerbepark","tag-revitalization-commercial-park","tag-standortentwicklung-holzgerlingen","tag-stellplaetze-pkw","tag-stuttgart-metropolitan-region","tag-surface-de-hall-m","tag-sustainable-construction","tag-systeme-photovoltaique","tag-transport-industry","tag-transportwirtschaft","tag-travaux-de-construction-parc","tag-ueberladebruecken","tag-zone-commerciale-buch"],"acf":[],"yoast_head":"<!-- This site is optimized with the Yoast SEO plugin v27.3 - https:\/\/yoast.com\/product\/yoast-seo-wordpress\/ -->\n<title>Garbe Industrial constr\u00f3i parque empresarial em Holzgerlingen - Loginfo24<\/title>\n<meta name=\"robots\" content=\"index, follow, max-snippet:-1, max-image-preview:large, max-video-preview:-1\" \/>\n<link rel=\"canonical\" href=\"https:\/\/loginfo24.com\/pt-pt\/2026\/04\/29\/garbe-industrial-constroi-parque-empresarial-em-holzgerlingen\/\" \/>\n<meta property=\"og:locale\" content=\"pt_PT\" \/>\n<meta property=\"og:type\" content=\"article\" \/>\n<meta property=\"og:title\" content=\"Garbe Industrial constr\u00f3i parque empresarial em Holzgerlingen - Loginfo24\" \/>\n<meta property=\"og:description\" content=\"As obras no parque empresarial em Holzgerlingen est\u00e3o avan\u00e7ando conforme o planejado, e a conclus\u00e3o est\u00e1 prevista para o terceiro trimestre de 2026.\" \/>\n<meta property=\"og:url\" content=\"https:\/\/loginfo24.com\/pt-pt\/2026\/04\/29\/garbe-industrial-constroi-parque-empresarial-em-holzgerlingen\/\" \/>\n<meta property=\"og:site_name\" content=\"Loginfo24\" \/>\n<meta property=\"article:publisher\" content=\"https:\/\/www.facebook.com\/people\/Loginfo24\/100057360583332\/\" \/>\n<meta property=\"article:published_time\" content=\"2026-04-29T10:50:54+00:00\" \/>\n<meta property=\"og:image\" content=\"https:\/\/loginfo24.com\/wp-content\/uploads\/sites\/7\/2026\/04\/Garbe_29.4.26-scaled-aspect-ratio-1400-788-scaled-1.jpg\" \/>\n\t<meta property=\"og:image:width\" content=\"2560\" \/>\n\t<meta property=\"og:image:height\" content=\"1440\" \/>\n\t<meta property=\"og:image:type\" content=\"image\/jpeg\" \/>\n<meta name=\"author\" content=\"Andreas M\u00fcller\" \/>\n<meta name=\"twitter:card\" content=\"summary_large_image\" \/>\n<meta name=\"twitter:label1\" content=\"Escrito por\" \/>\n\t<meta name=\"twitter:data1\" content=\"Andreas M\u00fcller\" \/>\n\t<meta name=\"twitter:label2\" content=\"Tempo estimado de leitura\" \/>\n\t<meta name=\"twitter:data2\" content=\"3 minutos\" \/>\n<script type=\"application\/ld+json\" class=\"yoast-schema-graph\">{\"@context\":\"https:\\\/\\\/schema.org\",\"@graph\":[{\"@type\":\"Article\",\"@id\":\"https:\\\/\\\/loginfo24.com\\\/pt-pt\\\/2026\\\/04\\\/29\\\/garbe-industrial-constroi-parque-empresarial-em-holzgerlingen\\\/#article\",\"isPartOf\":{\"@id\":\"https:\\\/\\\/loginfo24.com\\\/pt-pt\\\/2026\\\/04\\\/29\\\/garbe-industrial-constroi-parque-empresarial-em-holzgerlingen\\\/\"},\"author\":{\"name\":\"Andreas M\u00fcller\",\"@id\":\"https:\\\/\\\/loginfo24.com\\\/pt-pt\\\/#\\\/schema\\\/person\\\/7b1593b33567ba798d300c8a1b0b85b1\"},\"headline\":\"Garbe Industrial constr\u00f3i parque empresarial em Holzgerlingen\",\"datePublished\":\"2026-04-29T10:50:54+00:00\",\"mainEntityOfPage\":{\"@id\":\"https:\\\/\\\/loginfo24.com\\\/pt-pt\\\/2026\\\/04\\\/29\\\/garbe-industrial-constroi-parque-empresarial-em-holzgerlingen\\\/\"},\"wordCount\":553,\"commentCount\":0,\"publisher\":{\"@id\":\"https:\\\/\\\/loginfo24.com\\\/pt-pt\\\/#organization\"},\"image\":{\"@id\":\"https:\\\/\\\/loginfo24.com\\\/pt-pt\\\/2026\\\/04\\\/29\\\/garbe-industrial-constroi-parque-empresarial-em-holzgerlingen\\\/#primaryimage\"},\"thumbnailUrl\":\"https:\\\/\\\/loginfo24.com\\\/wp-content\\\/uploads\\\/sites\\\/7\\\/2026\\\/04\\\/Garbe_29.4.26-scaled-aspect-ratio-1400-788-scaled-1.jpg\",\"keywords\":[\"air-air heat pumps\",\"Bauarbeiten Gewerbepark\",\"Bodentragf\u00e4higkeit English Garbe Industrial\",\"capacit\u00e9 portante\",\"commerce and production\",\"commerce et production\",\"commercial area Buch\",\"commercial park Holzgerlingen\",\"construction durable\",\"construction works commercial park\",\"crit\u00e8res ESG\",\"Deutsch Garbe Industrial\",\"d\u00e9veloppement de site Holzgerlingen\",\"Energieeffizienzstandard\",\"energy efficiency standard\",\"ESG criteria\",\"ESG-Kriterien\",\"flexible Nutzungsm\u00f6glichkeiten\",\"flexible usage options\",\"Gewerbe und Produktion\",\"Gewerbegebiet Buch\",\"Gewerbepark Holzgerlingen\",\"hall area m\u00b2\",\"Hallenfl\u00e4che m\u00b2\",\"industrie du transport\",\"load-bearing capacity Fran\u00e7ais Garbe Industrial\",\"loading bridges\",\"location development Holzgerlingen\",\"logistics service providers\",\"Logistikdienstleister\",\"Luft-Luft-W\u00e4rmepumpen\",\"Metropolregion Stuttgart\",\"nachhaltige Bauweise\",\"norme d'efficacit\u00e9 \u00e9nerg\u00e9tique\",\"options d'utilisation flexibles\",\"parc d'activit\u00e9s Holzgerlingen\",\"parking spaces cars\",\"photovoltaic system\",\"Photovoltaikanlage\",\"places de stationnement voitures\",\"pompes \u00e0 chaleur air-air\",\"ponts de chargement\",\"prestataires logistiques\",\"r\u00e9gion m\u00e9tropolitaine de Stuttgart\",\"revitalisation parc d'activit\u00e9s\",\"Revitalisierung Gewerbepark\",\"revitalization commercial park\",\"Standortentwicklung Holzgerlingen\",\"Stellpl\u00e4tze Pkw\",\"Stuttgart metropolitan region\",\"surface de hall m\u00b2\",\"sustainable construction\",\"syst\u00e8me photovolta\u00efque\",\"transport industry\",\"Transportwirtschaft\",\"travaux de construction parc\",\"\u00dcberladebr\u00fccken\",\"zone commerciale Buch\"],\"articleSection\":[\"Alemanha\",\"Expedi\u00e7\u00e3o de Mercadorias e Log\u00edstica\"],\"inLanguage\":\"pt-PT\",\"potentialAction\":[{\"@type\":\"CommentAction\",\"name\":\"Comment\",\"target\":[\"https:\\\/\\\/loginfo24.com\\\/pt-pt\\\/2026\\\/04\\\/29\\\/garbe-industrial-constroi-parque-empresarial-em-holzgerlingen\\\/#respond\"]}]},{\"@type\":\"WebPage\",\"@id\":\"https:\\\/\\\/loginfo24.com\\\/pt-pt\\\/2026\\\/04\\\/29\\\/garbe-industrial-constroi-parque-empresarial-em-holzgerlingen\\\/\",\"url\":\"https:\\\/\\\/loginfo24.com\\\/pt-pt\\\/2026\\\/04\\\/29\\\/garbe-industrial-constroi-parque-empresarial-em-holzgerlingen\\\/\",\"name\":\"Garbe Industrial constr\u00f3i parque empresarial em Holzgerlingen - Loginfo24\",\"isPartOf\":{\"@id\":\"https:\\\/\\\/loginfo24.com\\\/pt-pt\\\/#website\"},\"primaryImageOfPage\":{\"@id\":\"https:\\\/\\\/loginfo24.com\\\/pt-pt\\\/2026\\\/04\\\/29\\\/garbe-industrial-constroi-parque-empresarial-em-holzgerlingen\\\/#primaryimage\"},\"image\":{\"@id\":\"https:\\\/\\\/loginfo24.com\\\/pt-pt\\\/2026\\\/04\\\/29\\\/garbe-industrial-constroi-parque-empresarial-em-holzgerlingen\\\/#primaryimage\"},\"thumbnailUrl\":\"https:\\\/\\\/loginfo24.com\\\/wp-content\\\/uploads\\\/sites\\\/7\\\/2026\\\/04\\\/Garbe_29.4.26-scaled-aspect-ratio-1400-788-scaled-1.jpg\",\"datePublished\":\"2026-04-29T10:50:54+00:00\",\"breadcrumb\":{\"@id\":\"https:\\\/\\\/loginfo24.com\\\/pt-pt\\\/2026\\\/04\\\/29\\\/garbe-industrial-constroi-parque-empresarial-em-holzgerlingen\\\/#breadcrumb\"},\"inLanguage\":\"pt-PT\",\"potentialAction\":[{\"@type\":\"ReadAction\",\"target\":[\"https:\\\/\\\/loginfo24.com\\\/pt-pt\\\/2026\\\/04\\\/29\\\/garbe-industrial-constroi-parque-empresarial-em-holzgerlingen\\\/\"]}]},{\"@type\":\"ImageObject\",\"inLanguage\":\"pt-PT\",\"@id\":\"https:\\\/\\\/loginfo24.com\\\/pt-pt\\\/2026\\\/04\\\/29\\\/garbe-industrial-constroi-parque-empresarial-em-holzgerlingen\\\/#primaryimage\",\"url\":\"https:\\\/\\\/loginfo24.com\\\/wp-content\\\/uploads\\\/sites\\\/7\\\/2026\\\/04\\\/Garbe_29.4.26-scaled-aspect-ratio-1400-788-scaled-1.jpg\",\"contentUrl\":\"https:\\\/\\\/loginfo24.com\\\/wp-content\\\/uploads\\\/sites\\\/7\\\/2026\\\/04\\\/Garbe_29.4.26-scaled-aspect-ratio-1400-788-scaled-1.jpg\",\"width\":2560,\"height\":1440},{\"@type\":\"BreadcrumbList\",\"@id\":\"https:\\\/\\\/loginfo24.com\\\/pt-pt\\\/2026\\\/04\\\/29\\\/garbe-industrial-constroi-parque-empresarial-em-holzgerlingen\\\/#breadcrumb\",\"itemListElement\":[{\"@type\":\"ListItem\",\"position\":1,\"name\":\"Startseite\",\"item\":\"https:\\\/\\\/loginfo24.com\\\/pt-pt\\\/\"},{\"@type\":\"ListItem\",\"position\":2,\"name\":\"Garbe Industrial constr\u00f3i parque empresarial em Holzgerlingen\"}]},{\"@type\":\"WebSite\",\"@id\":\"https:\\\/\\\/loginfo24.com\\\/pt-pt\\\/#website\",\"url\":\"https:\\\/\\\/loginfo24.com\\\/pt-pt\\\/\",\"name\":\"Loginfo24\",\"description\":\"Loginfo24 \u00e9 a plataforma dedicada \u00e0 log\u00edstica e \u00e0s cadeias de abastecimento, com informa\u00e7\u00f5es dispon\u00edveis 24 horas por dia.\",\"publisher\":{\"@id\":\"https:\\\/\\\/loginfo24.com\\\/pt-pt\\\/#organization\"},\"potentialAction\":[{\"@type\":\"SearchAction\",\"target\":{\"@type\":\"EntryPoint\",\"urlTemplate\":\"https:\\\/\\\/loginfo24.com\\\/pt-pt\\\/?s={search_term_string}\"},\"query-input\":{\"@type\":\"PropertyValueSpecification\",\"valueRequired\":true,\"valueName\":\"search_term_string\"}}],\"inLanguage\":\"pt-PT\"},{\"@type\":\"Organization\",\"@id\":\"https:\\\/\\\/loginfo24.com\\\/pt-pt\\\/#organization\",\"name\":\"Logismedia Group AG\",\"url\":\"https:\\\/\\\/loginfo24.com\\\/pt-pt\\\/\",\"logo\":{\"@type\":\"ImageObject\",\"inLanguage\":\"pt-PT\",\"@id\":\"https:\\\/\\\/loginfo24.com\\\/pt-pt\\\/#\\\/schema\\\/logo\\\/image\\\/\",\"url\":\"https:\\\/\\\/loginfo24.com\\\/wp-content\\\/uploads\\\/sites\\\/7\\\/2026\\\/01\\\/Logo_LogInfo24.png\",\"contentUrl\":\"https:\\\/\\\/loginfo24.com\\\/wp-content\\\/uploads\\\/sites\\\/7\\\/2026\\\/01\\\/Logo_LogInfo24.png\",\"width\":938,\"height\":351,\"caption\":\"Logismedia Group AG\"},\"image\":{\"@id\":\"https:\\\/\\\/loginfo24.com\\\/pt-pt\\\/#\\\/schema\\\/logo\\\/image\\\/\"},\"sameAs\":[\"https:\\\/\\\/www.facebook.com\\\/people\\\/Loginfo24\\\/100057360583332\\\/\",\"https:\\\/\\\/www.linkedin.com\\\/company\\\/lofinfo24\\\/\"]},{\"@type\":\"Person\",\"@id\":\"https:\\\/\\\/loginfo24.com\\\/pt-pt\\\/#\\\/schema\\\/person\\\/7b1593b33567ba798d300c8a1b0b85b1\",\"name\":\"Andreas M\u00fcller\",\"url\":\"https:\\\/\\\/loginfo24.com\\\/pt-pt\\\/author\\\/logismedia\\\/\"}]}<\/script>\n<!-- \/ Yoast SEO plugin. -->","yoast_head_json":{"title":"Garbe Industrial constr\u00f3i parque empresarial em Holzgerlingen - Loginfo24","robots":{"index":"index","follow":"follow","max-snippet":"max-snippet:-1","max-image-preview":"max-image-preview:large","max-video-preview":"max-video-preview:-1"},"canonical":"https:\/\/loginfo24.com\/pt-pt\/2026\/04\/29\/garbe-industrial-constroi-parque-empresarial-em-holzgerlingen\/","og_locale":"pt_PT","og_type":"article","og_title":"Garbe Industrial constr\u00f3i parque empresarial em Holzgerlingen - Loginfo24","og_description":"As obras no parque empresarial em Holzgerlingen est\u00e3o avan\u00e7ando conforme o planejado, e a conclus\u00e3o est\u00e1 prevista para o terceiro trimestre de 2026.","og_url":"https:\/\/loginfo24.com\/pt-pt\/2026\/04\/29\/garbe-industrial-constroi-parque-empresarial-em-holzgerlingen\/","og_site_name":"Loginfo24","article_publisher":"https:\/\/www.facebook.com\/people\/Loginfo24\/100057360583332\/","article_published_time":"2026-04-29T10:50:54+00:00","og_image":[{"width":2560,"height":1440,"url":"https:\/\/loginfo24.com\/wp-content\/uploads\/sites\/7\/2026\/04\/Garbe_29.4.26-scaled-aspect-ratio-1400-788-scaled-1.jpg","type":"image\/jpeg"}],"author":"Andreas M\u00fcller","twitter_card":"summary_large_image","twitter_misc":{"Escrito por":"Andreas M\u00fcller","Tempo estimado de leitura":"3 minutos"},"schema":{"@context":"https:\/\/schema.org","@graph":[{"@type":"Article","@id":"https:\/\/loginfo24.com\/pt-pt\/2026\/04\/29\/garbe-industrial-constroi-parque-empresarial-em-holzgerlingen\/#article","isPartOf":{"@id":"https:\/\/loginfo24.com\/pt-pt\/2026\/04\/29\/garbe-industrial-constroi-parque-empresarial-em-holzgerlingen\/"},"author":{"name":"Andreas M\u00fcller","@id":"https:\/\/loginfo24.com\/pt-pt\/#\/schema\/person\/7b1593b33567ba798d300c8a1b0b85b1"},"headline":"Garbe Industrial constr\u00f3i parque empresarial em Holzgerlingen","datePublished":"2026-04-29T10:50:54+00:00","mainEntityOfPage":{"@id":"https:\/\/loginfo24.com\/pt-pt\/2026\/04\/29\/garbe-industrial-constroi-parque-empresarial-em-holzgerlingen\/"},"wordCount":553,"commentCount":0,"publisher":{"@id":"https:\/\/loginfo24.com\/pt-pt\/#organization"},"image":{"@id":"https:\/\/loginfo24.com\/pt-pt\/2026\/04\/29\/garbe-industrial-constroi-parque-empresarial-em-holzgerlingen\/#primaryimage"},"thumbnailUrl":"https:\/\/loginfo24.com\/wp-content\/uploads\/sites\/7\/2026\/04\/Garbe_29.4.26-scaled-aspect-ratio-1400-788-scaled-1.jpg","keywords":["air-air heat pumps","Bauarbeiten Gewerbepark","Bodentragf\u00e4higkeit English Garbe Industrial","capacit\u00e9 portante","commerce and production","commerce et production","commercial area Buch","commercial park Holzgerlingen","construction durable","construction works commercial park","crit\u00e8res ESG","Deutsch Garbe Industrial","d\u00e9veloppement de site Holzgerlingen","Energieeffizienzstandard","energy efficiency standard","ESG criteria","ESG-Kriterien","flexible Nutzungsm\u00f6glichkeiten","flexible usage options","Gewerbe und Produktion","Gewerbegebiet Buch","Gewerbepark Holzgerlingen","hall area m\u00b2","Hallenfl\u00e4che m\u00b2","industrie du transport","load-bearing capacity Fran\u00e7ais Garbe Industrial","loading bridges","location development Holzgerlingen","logistics service providers","Logistikdienstleister","Luft-Luft-W\u00e4rmepumpen","Metropolregion Stuttgart","nachhaltige Bauweise","norme d'efficacit\u00e9 \u00e9nerg\u00e9tique","options d'utilisation flexibles","parc d'activit\u00e9s Holzgerlingen","parking spaces cars","photovoltaic system","Photovoltaikanlage","places de stationnement voitures","pompes \u00e0 chaleur air-air","ponts de chargement","prestataires logistiques","r\u00e9gion m\u00e9tropolitaine de Stuttgart","revitalisation parc d'activit\u00e9s","Revitalisierung Gewerbepark","revitalization commercial park","Standortentwicklung Holzgerlingen","Stellpl\u00e4tze Pkw","Stuttgart metropolitan region","surface de hall m\u00b2","sustainable construction","syst\u00e8me photovolta\u00efque","transport industry","Transportwirtschaft","travaux de construction parc","\u00dcberladebr\u00fccken","zone commerciale Buch"],"articleSection":["Alemanha","Expedi\u00e7\u00e3o de Mercadorias e Log\u00edstica"],"inLanguage":"pt-PT","potentialAction":[{"@type":"CommentAction","name":"Comment","target":["https:\/\/loginfo24.com\/pt-pt\/2026\/04\/29\/garbe-industrial-constroi-parque-empresarial-em-holzgerlingen\/#respond"]}]},{"@type":"WebPage","@id":"https:\/\/loginfo24.com\/pt-pt\/2026\/04\/29\/garbe-industrial-constroi-parque-empresarial-em-holzgerlingen\/","url":"https:\/\/loginfo24.com\/pt-pt\/2026\/04\/29\/garbe-industrial-constroi-parque-empresarial-em-holzgerlingen\/","name":"Garbe Industrial constr\u00f3i parque empresarial em Holzgerlingen - Loginfo24","isPartOf":{"@id":"https:\/\/loginfo24.com\/pt-pt\/#website"},"primaryImageOfPage":{"@id":"https:\/\/loginfo24.com\/pt-pt\/2026\/04\/29\/garbe-industrial-constroi-parque-empresarial-em-holzgerlingen\/#primaryimage"},"image":{"@id":"https:\/\/loginfo24.com\/pt-pt\/2026\/04\/29\/garbe-industrial-constroi-parque-empresarial-em-holzgerlingen\/#primaryimage"},"thumbnailUrl":"https:\/\/loginfo24.com\/wp-content\/uploads\/sites\/7\/2026\/04\/Garbe_29.4.26-scaled-aspect-ratio-1400-788-scaled-1.jpg","datePublished":"2026-04-29T10:50:54+00:00","breadcrumb":{"@id":"https:\/\/loginfo24.com\/pt-pt\/2026\/04\/29\/garbe-industrial-constroi-parque-empresarial-em-holzgerlingen\/#breadcrumb"},"inLanguage":"pt-PT","potentialAction":[{"@type":"ReadAction","target":["https:\/\/loginfo24.com\/pt-pt\/2026\/04\/29\/garbe-industrial-constroi-parque-empresarial-em-holzgerlingen\/"]}]},{"@type":"ImageObject","inLanguage":"pt-PT","@id":"https:\/\/loginfo24.com\/pt-pt\/2026\/04\/29\/garbe-industrial-constroi-parque-empresarial-em-holzgerlingen\/#primaryimage","url":"https:\/\/loginfo24.com\/wp-content\/uploads\/sites\/7\/2026\/04\/Garbe_29.4.26-scaled-aspect-ratio-1400-788-scaled-1.jpg","contentUrl":"https:\/\/loginfo24.com\/wp-content\/uploads\/sites\/7\/2026\/04\/Garbe_29.4.26-scaled-aspect-ratio-1400-788-scaled-1.jpg","width":2560,"height":1440},{"@type":"BreadcrumbList","@id":"https:\/\/loginfo24.com\/pt-pt\/2026\/04\/29\/garbe-industrial-constroi-parque-empresarial-em-holzgerlingen\/#breadcrumb","itemListElement":[{"@type":"ListItem","position":1,"name":"Startseite","item":"https:\/\/loginfo24.com\/pt-pt\/"},{"@type":"ListItem","position":2,"name":"Garbe Industrial constr\u00f3i parque empresarial em Holzgerlingen"}]},{"@type":"WebSite","@id":"https:\/\/loginfo24.com\/pt-pt\/#website","url":"https:\/\/loginfo24.com\/pt-pt\/","name":"Loginfo24","description":"Loginfo24 \u00e9 a plataforma dedicada \u00e0 log\u00edstica e \u00e0s cadeias de abastecimento, com informa\u00e7\u00f5es dispon\u00edveis 24 horas por dia.","publisher":{"@id":"https:\/\/loginfo24.com\/pt-pt\/#organization"},"potentialAction":[{"@type":"SearchAction","target":{"@type":"EntryPoint","urlTemplate":"https:\/\/loginfo24.com\/pt-pt\/?s={search_term_string}"},"query-input":{"@type":"PropertyValueSpecification","valueRequired":true,"valueName":"search_term_string"}}],"inLanguage":"pt-PT"},{"@type":"Organization","@id":"https:\/\/loginfo24.com\/pt-pt\/#organization","name":"Logismedia Group AG","url":"https:\/\/loginfo24.com\/pt-pt\/","logo":{"@type":"ImageObject","inLanguage":"pt-PT","@id":"https:\/\/loginfo24.com\/pt-pt\/#\/schema\/logo\/image\/","url":"https:\/\/loginfo24.com\/wp-content\/uploads\/sites\/7\/2026\/01\/Logo_LogInfo24.png","contentUrl":"https:\/\/loginfo24.com\/wp-content\/uploads\/sites\/7\/2026\/01\/Logo_LogInfo24.png","width":938,"height":351,"caption":"Logismedia Group AG"},"image":{"@id":"https:\/\/loginfo24.com\/pt-pt\/#\/schema\/logo\/image\/"},"sameAs":["https:\/\/www.facebook.com\/people\/Loginfo24\/100057360583332\/","https:\/\/www.linkedin.com\/company\/lofinfo24\/"]},{"@type":"Person","@id":"https:\/\/loginfo24.com\/pt-pt\/#\/schema\/person\/7b1593b33567ba798d300c8a1b0b85b1","name":"Andreas M\u00fcller","url":"https:\/\/loginfo24.com\/pt-pt\/author\/logismedia\/"}]}},"_links":{"self":[{"href":"https:\/\/loginfo24.com\/pt-pt\/wp-json\/wp\/v2\/posts\/79539","targetHints":{"allow":["GET"]}}],"collection":[{"href":"https:\/\/loginfo24.com\/pt-pt\/wp-json\/wp\/v2\/posts"}],"about":[{"href":"https:\/\/loginfo24.com\/pt-pt\/wp-json\/wp\/v2\/types\/post"}],"author":[{"embeddable":true,"href":"https:\/\/loginfo24.com\/pt-pt\/wp-json\/wp\/v2\/users\/7"}],"replies":[{"embeddable":true,"href":"https:\/\/loginfo24.com\/pt-pt\/wp-json\/wp\/v2\/comments?post=79539"}],"version-history":[{"count":0,"href":"https:\/\/loginfo24.com\/pt-pt\/wp-json\/wp\/v2\/posts\/79539\/revisions"}],"wp:featuredmedia":[{"embeddable":true,"href":"https:\/\/loginfo24.com\/pt-pt\/wp-json\/wp\/v2\/media\/79534"}],"wp:attachment":[{"href":"https:\/\/loginfo24.com\/pt-pt\/wp-json\/wp\/v2\/media?parent=79539"}],"wp:term":[{"taxonomy":"category","embeddable":true,"href":"https:\/\/loginfo24.com\/pt-pt\/wp-json\/wp\/v2\/categories?post=79539"},{"taxonomy":"post_tag","embeddable":true,"href":"https:\/\/loginfo24.com\/pt-pt\/wp-json\/wp\/v2\/tags?post=79539"}],"curies":[{"name":"wp","href":"https:\/\/api.w.org\/{rel}","templated":true}]}}