{"id":79516,"date":"2026-04-29T10:32:31","date_gmt":"2026-04-29T10:32:31","guid":{"rendered":"https:\/\/loginfo24.com\/2026\/04\/29\/proibicao-temporaria-de-trafego-noturno-no-brenner\/"},"modified":"2026-04-29T14:43:52","modified_gmt":"2026-04-29T12:43:52","slug":"proibicao-temporaria-de-trafego-noturno-no-brenner","status":"publish","type":"post","link":"https:\/\/loginfo24.com\/pt-pt\/2026\/04\/29\/proibicao-temporaria-de-trafego-noturno-no-brenner\/","title":{"rendered":"Proibi\u00e7\u00e3o tempor\u00e1ria de tr\u00e1fego noturno no Brenner"},"content":{"rendered":"<p>Auf da Luegbr\u00fccke da autoestrada Brenner (A13) haver\u00e1 restri\u00e7\u00f5es entre 4 e 9 de maio. Como informam a Associa\u00e7\u00e3o dos Transportes e Log\u00edstica da Baviera (LBT) e a Verkehrsrundschau, durante o dia estar\u00e1 dispon\u00edvel apenas uma faixa de rodagem em cada dire\u00e7\u00e3o. O motivo s\u00e3o obras de recupera\u00e7\u00e3o na pista, que dever\u00e3o ocorrer principalmente \u00e0 noite.<\/p>\n<p>Durante este per\u00edodo, haver\u00e1 proibi\u00e7\u00f5es adicionais de circula\u00e7\u00e3o. Ve\u00edculos com mais de 3,5 t n\u00e3o poder\u00e3o transitar de segunda a quinta-feira entre 22h e 5h no trecho entre Matrei-Steinach e Brenner Nord. Al\u00e9m disso, h\u00e1 uma proibi\u00e7\u00e3o anterior na autoestrada A12 Inntal e na A13, caso o destino passe pelo trecho afetado.<\/p>\n<p>A LBT ressalta que a regulamenta\u00e7\u00e3o se aplica a todos os caminh\u00f5es. Tamb\u00e9m est\u00e3o afetados os transportes com exce\u00e7\u00f5es, como os de produtos perec\u00edveis, durante este per\u00edodo.<\/p>\n","protected":false},"excerpt":{"rendered":"<p>Entre 4 e 9 de maio, haver\u00e1 estreitamento de faixas e proibi\u00e7\u00f5es de tr\u00e1fego para caminh\u00f5es na autoestrada Brenner.<\/p>\n","protected":false},"author":14,"featured_media":79511,"comment_status":"open","ping_status":"","sticky":false,"template":"","format":"standard","meta":{"_acf_changed":false,"footnotes":""},"categories":[6679,1617,1616],"tags":[22682,22683,22684,22685,22686,22687,22688,22689,22690,22691,22692,22693,22694,22695,22696,22697,22698,22699,22700,22701,22702,22703,22704,22705,2467,2470,22706,22707,22708,22709,22710,22711,22712,22713,22714,22715,22716,22717,22718,22719,22720,22721,2484,22722,22723,22724,22725,22726,22727,22728,6941,22729,22730,22731,22732,22733,22734],"class_list":["post-79516","post","type-post","status-publish","format-standard","has-post-thumbnail","hentry","category-europa","category-expedicao-e-logistica","category-intermodal-rodoviario","tag-a12-inntal-autobahn","tag-a12-inntal-highway","tag-a13-einschraenkungen","tag-a13-restrictions","tag-association-des-transporteurs-bavarois","tag-autoroute-a12-inntal","tag-bavarian-transport-association","tag-bayerischer-transportverband","tag-brenner-infrastructure","tag-deutsch-brenner-autobahn","tag-economie-du-transport-baviere","tag-entreprises-de-transport-et-logistique","tag-fahrbahn-sanierung","tag-fahrspuren-einschraenkungen-english-brenner-highway","tag-fahrverbot-lkw","tag-fermeture-nocturne-poids-lourds","tag-freight-transport-brenner","tag-gueterverkehr-brenner","tag-infrastructure-brenner","tag-infrastruktur-brenner","tag-interdiction-de-circulation-nocturne-brenner","tag-interdiction-de-circulation-poids-lourds","tag-lane-restrictions-francais-autoroute-brenner","tag-lkw-fahrverbot","tag-logistics-industry-germany","tag-logistikbranche-deutschland","tag-lueg-bridge","tag-luegbruecke","tag-nachtfahrverbot-brenner","tag-nachtsperre-lkw","tag-night-closure-trucks","tag-night-driving-ban-brenner","tag-pont-lueg","tag-reglementations-de-circulation-brenner","tag-reparation-de-la-chaussee","tag-restrictions-a13","tag-restrictions-de-voies","tag-restrictions-temporaires-de-circulation","tag-revue-du-trafic","tag-road-maintenance-highway","tag-road-surface-repair","tag-sanierungsarbeiten-autobahn","tag-secteur-logistique-allemagne","tag-temporaere-verkehrseinschraenkungen","tag-temporary-traffic-restrictions","tag-traffic-regulations-brenner","tag-traffic-round-up","tag-transport-and-logistics-companies","tag-transport-de-marchandises-brenner","tag-transport-economy-bavaria","tag-transport-und-logistikunternehmen","tag-transportwirtschaft-bayern","tag-travaux-de-maintenance-autoroute","tag-truck-driving-ban","tag-truck-traffic-ban","tag-verkehrsregelungen-brenner","tag-verkehrsrundschau"],"acf":[],"yoast_head":"<!-- This site is optimized with the Yoast SEO plugin v27.3 - https:\/\/yoast.com\/product\/yoast-seo-wordpress\/ -->\n<title>Proibi\u00e7\u00e3o tempor\u00e1ria de tr\u00e1fego noturno no Brenner - Loginfo24<\/title>\n<meta name=\"robots\" content=\"index, follow, max-snippet:-1, max-image-preview:large, max-video-preview:-1\" \/>\n<link rel=\"canonical\" href=\"https:\/\/loginfo24.com\/pt-pt\/2026\/04\/29\/proibicao-temporaria-de-trafego-noturno-no-brenner\/\" \/>\n<meta property=\"og:locale\" content=\"pt_PT\" \/>\n<meta property=\"og:type\" content=\"article\" \/>\n<meta property=\"og:title\" content=\"Proibi\u00e7\u00e3o tempor\u00e1ria de tr\u00e1fego noturno no Brenner - Loginfo24\" \/>\n<meta property=\"og:description\" content=\"Entre 4 e 9 de maio, haver\u00e1 estreitamento de faixas e proibi\u00e7\u00f5es de tr\u00e1fego para caminh\u00f5es na autoestrada Brenner.\" \/>\n<meta property=\"og:url\" content=\"https:\/\/loginfo24.com\/pt-pt\/2026\/04\/29\/proibicao-temporaria-de-trafego-noturno-no-brenner\/\" \/>\n<meta property=\"og:site_name\" content=\"Loginfo24\" \/>\n<meta property=\"article:publisher\" content=\"https:\/\/www.facebook.com\/people\/Loginfo24\/100057360583332\/\" \/>\n<meta property=\"article:published_time\" content=\"2026-04-29T10:32:31+00:00\" \/>\n<meta property=\"article:modified_time\" content=\"2026-04-29T12:43:52+00:00\" \/>\n<meta property=\"og:image\" content=\"https:\/\/loginfo24.com\/wp-content\/uploads\/sites\/7\/2026\/04\/Brenner-Pass-Strasse-Foto-Adobe-Stock-Franke-182_AdobeStock_111222275-scaled-aspect-ratio-1400-788-scaled-1.jpeg\" \/>\n\t<meta property=\"og:image:width\" content=\"2560\" \/>\n\t<meta property=\"og:image:height\" content=\"1441\" \/>\n\t<meta property=\"og:image:type\" content=\"image\/jpeg\" \/>\n<meta name=\"author\" content=\"Gyan Sharan\" \/>\n<meta name=\"twitter:card\" content=\"summary_large_image\" \/>\n<meta name=\"twitter:label1\" content=\"Escrito por\" \/>\n\t<meta name=\"twitter:data1\" content=\"Gyan Sharan\" \/>\n\t<meta name=\"twitter:label2\" content=\"Tempo estimado de leitura\" \/>\n\t<meta name=\"twitter:data2\" content=\"1 minuto\" \/>\n<script type=\"application\/ld+json\" class=\"yoast-schema-graph\">{\"@context\":\"https:\\\/\\\/schema.org\",\"@graph\":[{\"@type\":\"Article\",\"@id\":\"https:\\\/\\\/loginfo24.com\\\/pt-pt\\\/2026\\\/04\\\/29\\\/proibicao-temporaria-de-trafego-noturno-no-brenner\\\/#article\",\"isPartOf\":{\"@id\":\"https:\\\/\\\/loginfo24.com\\\/pt-pt\\\/2026\\\/04\\\/29\\\/proibicao-temporaria-de-trafego-noturno-no-brenner\\\/\"},\"author\":{\"name\":\"Gyan Sharan\",\"@id\":\"https:\\\/\\\/loginfo24.com\\\/pt-pt\\\/#\\\/schema\\\/person\\\/13a9fc605c753db60ef7750a229cd042\"},\"headline\":\"Proibi\u00e7\u00e3o tempor\u00e1ria de tr\u00e1fego noturno no Brenner\",\"datePublished\":\"2026-04-29T10:32:31+00:00\",\"dateModified\":\"2026-04-29T12:43:52+00:00\",\"mainEntityOfPage\":{\"@id\":\"https:\\\/\\\/loginfo24.com\\\/pt-pt\\\/2026\\\/04\\\/29\\\/proibicao-temporaria-de-trafego-noturno-no-brenner\\\/\"},\"wordCount\":165,\"commentCount\":0,\"publisher\":{\"@id\":\"https:\\\/\\\/loginfo24.com\\\/pt-pt\\\/#organization\"},\"image\":{\"@id\":\"https:\\\/\\\/loginfo24.com\\\/pt-pt\\\/2026\\\/04\\\/29\\\/proibicao-temporaria-de-trafego-noturno-no-brenner\\\/#primaryimage\"},\"thumbnailUrl\":\"https:\\\/\\\/loginfo24.com\\\/wp-content\\\/uploads\\\/sites\\\/7\\\/2026\\\/04\\\/Brenner-Pass-Strasse-Foto-Adobe-Stock-Franke-182_AdobeStock_111222275-scaled-aspect-ratio-1400-788-scaled-1.jpeg\",\"keywords\":[\"A12 Inntal Autobahn\",\"A12 Inntal Highway\",\"A13 Einschr\u00e4nkungen\",\"A13 restrictions\",\"association des transporteurs bavarois\",\"autoroute A12 Inntal\",\"Bavarian Transport Association\",\"Bayerischer Transportverband\",\"Brenner infrastructure\",\"Deutsch Brenner Autobahn\",\"\u00e9conomie du transport Bavi\u00e8re\",\"entreprises de transport et logistique\",\"Fahrbahn Sanierung\",\"Fahrspuren Einschr\u00e4nkungen English Brenner Highway\",\"Fahrverbot Lkw\",\"fermeture nocturne poids lourds\",\"freight transport Brenner\",\"G\u00fcterverkehr Brenner\",\"infrastructure Brenner\",\"Infrastruktur Brenner\",\"interdiction de circulation nocturne Brenner\",\"interdiction de circulation poids lourds\",\"lane restrictions Fran\u00e7ais Autoroute Brenner\",\"Lkw Fahrverbot\",\"logistics industry Germany\",\"Logistikbranche Deutschland\",\"Lueg Bridge\",\"Luegbr\u00fccke\",\"Nachtfahrverbot Brenner\",\"Nachtsperre Lkw\",\"night closure trucks\",\"night driving ban Brenner\",\"pont Lueg\",\"r\u00e9glementations de circulation Brenner\",\"r\u00e9paration de la chauss\u00e9e\",\"restrictions A13\",\"restrictions de voies\",\"restrictions temporaires de circulation\",\"revue du trafic\",\"road maintenance highway\",\"road surface repair\",\"Sanierungsarbeiten Autobahn\",\"secteur logistique Allemagne\",\"tempor\u00e4re Verkehrseinschr\u00e4nkungen\",\"temporary traffic restrictions\",\"traffic regulations Brenner\",\"traffic round-up\",\"transport and logistics companies\",\"transport de marchandises Brenner\",\"transport economy Bavaria\",\"Transport- und Logistikunternehmen\",\"Transportwirtschaft Bayern\",\"travaux de maintenance autoroute\",\"truck driving ban\",\"truck traffic ban\",\"Verkehrsregelungen Brenner\",\"Verkehrsrundschau\"],\"articleSection\":[\"Europa\",\"Expedi\u00e7\u00e3o de Mercadorias e Log\u00edstica\",\"Intermodal \\\/ Rodovi\u00e1rio\"],\"inLanguage\":\"pt-PT\",\"potentialAction\":[{\"@type\":\"CommentAction\",\"name\":\"Comment\",\"target\":[\"https:\\\/\\\/loginfo24.com\\\/pt-pt\\\/2026\\\/04\\\/29\\\/proibicao-temporaria-de-trafego-noturno-no-brenner\\\/#respond\"]}]},{\"@type\":\"WebPage\",\"@id\":\"https:\\\/\\\/loginfo24.com\\\/pt-pt\\\/2026\\\/04\\\/29\\\/proibicao-temporaria-de-trafego-noturno-no-brenner\\\/\",\"url\":\"https:\\\/\\\/loginfo24.com\\\/pt-pt\\\/2026\\\/04\\\/29\\\/proibicao-temporaria-de-trafego-noturno-no-brenner\\\/\",\"name\":\"Proibi\u00e7\u00e3o tempor\u00e1ria de tr\u00e1fego noturno no Brenner - Loginfo24\",\"isPartOf\":{\"@id\":\"https:\\\/\\\/loginfo24.com\\\/pt-pt\\\/#website\"},\"primaryImageOfPage\":{\"@id\":\"https:\\\/\\\/loginfo24.com\\\/pt-pt\\\/2026\\\/04\\\/29\\\/proibicao-temporaria-de-trafego-noturno-no-brenner\\\/#primaryimage\"},\"image\":{\"@id\":\"https:\\\/\\\/loginfo24.com\\\/pt-pt\\\/2026\\\/04\\\/29\\\/proibicao-temporaria-de-trafego-noturno-no-brenner\\\/#primaryimage\"},\"thumbnailUrl\":\"https:\\\/\\\/loginfo24.com\\\/wp-content\\\/uploads\\\/sites\\\/7\\\/2026\\\/04\\\/Brenner-Pass-Strasse-Foto-Adobe-Stock-Franke-182_AdobeStock_111222275-scaled-aspect-ratio-1400-788-scaled-1.jpeg\",\"datePublished\":\"2026-04-29T10:32:31+00:00\",\"dateModified\":\"2026-04-29T12:43:52+00:00\",\"breadcrumb\":{\"@id\":\"https:\\\/\\\/loginfo24.com\\\/pt-pt\\\/2026\\\/04\\\/29\\\/proibicao-temporaria-de-trafego-noturno-no-brenner\\\/#breadcrumb\"},\"inLanguage\":\"pt-PT\",\"potentialAction\":[{\"@type\":\"ReadAction\",\"target\":[\"https:\\\/\\\/loginfo24.com\\\/pt-pt\\\/2026\\\/04\\\/29\\\/proibicao-temporaria-de-trafego-noturno-no-brenner\\\/\"]}]},{\"@type\":\"ImageObject\",\"inLanguage\":\"pt-PT\",\"@id\":\"https:\\\/\\\/loginfo24.com\\\/pt-pt\\\/2026\\\/04\\\/29\\\/proibicao-temporaria-de-trafego-noturno-no-brenner\\\/#primaryimage\",\"url\":\"https:\\\/\\\/loginfo24.com\\\/wp-content\\\/uploads\\\/sites\\\/7\\\/2026\\\/04\\\/Brenner-Pass-Strasse-Foto-Adobe-Stock-Franke-182_AdobeStock_111222275-scaled-aspect-ratio-1400-788-scaled-1.jpeg\",\"contentUrl\":\"https:\\\/\\\/loginfo24.com\\\/wp-content\\\/uploads\\\/sites\\\/7\\\/2026\\\/04\\\/Brenner-Pass-Strasse-Foto-Adobe-Stock-Franke-182_AdobeStock_111222275-scaled-aspect-ratio-1400-788-scaled-1.jpeg\",\"width\":2560,\"height\":1441},{\"@type\":\"BreadcrumbList\",\"@id\":\"https:\\\/\\\/loginfo24.com\\\/pt-pt\\\/2026\\\/04\\\/29\\\/proibicao-temporaria-de-trafego-noturno-no-brenner\\\/#breadcrumb\",\"itemListElement\":[{\"@type\":\"ListItem\",\"position\":1,\"name\":\"Startseite\",\"item\":\"https:\\\/\\\/loginfo24.com\\\/pt-pt\\\/\"},{\"@type\":\"ListItem\",\"position\":2,\"name\":\"Proibi\u00e7\u00e3o tempor\u00e1ria de tr\u00e1fego noturno no Brenner\"}]},{\"@type\":\"WebSite\",\"@id\":\"https:\\\/\\\/loginfo24.com\\\/pt-pt\\\/#website\",\"url\":\"https:\\\/\\\/loginfo24.com\\\/pt-pt\\\/\",\"name\":\"Loginfo24\",\"description\":\"Loginfo24 \u00e9 a plataforma dedicada \u00e0 log\u00edstica e \u00e0s cadeias de abastecimento, com informa\u00e7\u00f5es dispon\u00edveis 24 horas por dia.\",\"publisher\":{\"@id\":\"https:\\\/\\\/loginfo24.com\\\/pt-pt\\\/#organization\"},\"potentialAction\":[{\"@type\":\"SearchAction\",\"target\":{\"@type\":\"EntryPoint\",\"urlTemplate\":\"https:\\\/\\\/loginfo24.com\\\/pt-pt\\\/?s={search_term_string}\"},\"query-input\":{\"@type\":\"PropertyValueSpecification\",\"valueRequired\":true,\"valueName\":\"search_term_string\"}}],\"inLanguage\":\"pt-PT\"},{\"@type\":\"Organization\",\"@id\":\"https:\\\/\\\/loginfo24.com\\\/pt-pt\\\/#organization\",\"name\":\"Logismedia Group AG\",\"url\":\"https:\\\/\\\/loginfo24.com\\\/pt-pt\\\/\",\"logo\":{\"@type\":\"ImageObject\",\"inLanguage\":\"pt-PT\",\"@id\":\"https:\\\/\\\/loginfo24.com\\\/pt-pt\\\/#\\\/schema\\\/logo\\\/image\\\/\",\"url\":\"https:\\\/\\\/loginfo24.com\\\/wp-content\\\/uploads\\\/sites\\\/7\\\/2026\\\/01\\\/Logo_LogInfo24.png\",\"contentUrl\":\"https:\\\/\\\/loginfo24.com\\\/wp-content\\\/uploads\\\/sites\\\/7\\\/2026\\\/01\\\/Logo_LogInfo24.png\",\"width\":938,\"height\":351,\"caption\":\"Logismedia Group AG\"},\"image\":{\"@id\":\"https:\\\/\\\/loginfo24.com\\\/pt-pt\\\/#\\\/schema\\\/logo\\\/image\\\/\"},\"sameAs\":[\"https:\\\/\\\/www.facebook.com\\\/people\\\/Loginfo24\\\/100057360583332\\\/\",\"https:\\\/\\\/www.linkedin.com\\\/company\\\/lofinfo24\\\/\"]},{\"@type\":\"Person\",\"@id\":\"https:\\\/\\\/loginfo24.com\\\/pt-pt\\\/#\\\/schema\\\/person\\\/13a9fc605c753db60ef7750a229cd042\",\"name\":\"Gyan Sharan\",\"url\":\"https:\\\/\\\/loginfo24.com\\\/pt-pt\\\/author\\\/gyan\\\/\"}]}<\/script>\n<!-- \/ Yoast SEO plugin. -->","yoast_head_json":{"title":"Proibi\u00e7\u00e3o tempor\u00e1ria de tr\u00e1fego noturno no Brenner - Loginfo24","robots":{"index":"index","follow":"follow","max-snippet":"max-snippet:-1","max-image-preview":"max-image-preview:large","max-video-preview":"max-video-preview:-1"},"canonical":"https:\/\/loginfo24.com\/pt-pt\/2026\/04\/29\/proibicao-temporaria-de-trafego-noturno-no-brenner\/","og_locale":"pt_PT","og_type":"article","og_title":"Proibi\u00e7\u00e3o tempor\u00e1ria de tr\u00e1fego noturno no Brenner - Loginfo24","og_description":"Entre 4 e 9 de maio, haver\u00e1 estreitamento de faixas e proibi\u00e7\u00f5es de tr\u00e1fego para caminh\u00f5es na autoestrada Brenner.","og_url":"https:\/\/loginfo24.com\/pt-pt\/2026\/04\/29\/proibicao-temporaria-de-trafego-noturno-no-brenner\/","og_site_name":"Loginfo24","article_publisher":"https:\/\/www.facebook.com\/people\/Loginfo24\/100057360583332\/","article_published_time":"2026-04-29T10:32:31+00:00","article_modified_time":"2026-04-29T12:43:52+00:00","og_image":[{"width":2560,"height":1441,"url":"https:\/\/loginfo24.com\/wp-content\/uploads\/sites\/7\/2026\/04\/Brenner-Pass-Strasse-Foto-Adobe-Stock-Franke-182_AdobeStock_111222275-scaled-aspect-ratio-1400-788-scaled-1.jpeg","type":"image\/jpeg"}],"author":"Gyan Sharan","twitter_card":"summary_large_image","twitter_misc":{"Escrito por":"Gyan Sharan","Tempo estimado de leitura":"1 minuto"},"schema":{"@context":"https:\/\/schema.org","@graph":[{"@type":"Article","@id":"https:\/\/loginfo24.com\/pt-pt\/2026\/04\/29\/proibicao-temporaria-de-trafego-noturno-no-brenner\/#article","isPartOf":{"@id":"https:\/\/loginfo24.com\/pt-pt\/2026\/04\/29\/proibicao-temporaria-de-trafego-noturno-no-brenner\/"},"author":{"name":"Gyan Sharan","@id":"https:\/\/loginfo24.com\/pt-pt\/#\/schema\/person\/13a9fc605c753db60ef7750a229cd042"},"headline":"Proibi\u00e7\u00e3o tempor\u00e1ria de tr\u00e1fego noturno no Brenner","datePublished":"2026-04-29T10:32:31+00:00","dateModified":"2026-04-29T12:43:52+00:00","mainEntityOfPage":{"@id":"https:\/\/loginfo24.com\/pt-pt\/2026\/04\/29\/proibicao-temporaria-de-trafego-noturno-no-brenner\/"},"wordCount":165,"commentCount":0,"publisher":{"@id":"https:\/\/loginfo24.com\/pt-pt\/#organization"},"image":{"@id":"https:\/\/loginfo24.com\/pt-pt\/2026\/04\/29\/proibicao-temporaria-de-trafego-noturno-no-brenner\/#primaryimage"},"thumbnailUrl":"https:\/\/loginfo24.com\/wp-content\/uploads\/sites\/7\/2026\/04\/Brenner-Pass-Strasse-Foto-Adobe-Stock-Franke-182_AdobeStock_111222275-scaled-aspect-ratio-1400-788-scaled-1.jpeg","keywords":["A12 Inntal Autobahn","A12 Inntal Highway","A13 Einschr\u00e4nkungen","A13 restrictions","association des transporteurs bavarois","autoroute A12 Inntal","Bavarian Transport Association","Bayerischer Transportverband","Brenner infrastructure","Deutsch Brenner Autobahn","\u00e9conomie du transport Bavi\u00e8re","entreprises de transport et logistique","Fahrbahn Sanierung","Fahrspuren Einschr\u00e4nkungen English Brenner Highway","Fahrverbot Lkw","fermeture nocturne poids lourds","freight transport Brenner","G\u00fcterverkehr Brenner","infrastructure Brenner","Infrastruktur Brenner","interdiction de circulation nocturne Brenner","interdiction de circulation poids lourds","lane restrictions Fran\u00e7ais Autoroute Brenner","Lkw Fahrverbot","logistics industry Germany","Logistikbranche Deutschland","Lueg Bridge","Luegbr\u00fccke","Nachtfahrverbot Brenner","Nachtsperre Lkw","night closure trucks","night driving ban Brenner","pont Lueg","r\u00e9glementations de circulation Brenner","r\u00e9paration de la chauss\u00e9e","restrictions A13","restrictions de voies","restrictions temporaires de circulation","revue du trafic","road maintenance highway","road surface repair","Sanierungsarbeiten Autobahn","secteur logistique Allemagne","tempor\u00e4re Verkehrseinschr\u00e4nkungen","temporary traffic restrictions","traffic regulations Brenner","traffic round-up","transport and logistics companies","transport de marchandises Brenner","transport economy Bavaria","Transport- und Logistikunternehmen","Transportwirtschaft Bayern","travaux de maintenance autoroute","truck driving ban","truck traffic ban","Verkehrsregelungen Brenner","Verkehrsrundschau"],"articleSection":["Europa","Expedi\u00e7\u00e3o de Mercadorias e Log\u00edstica","Intermodal \/ Rodovi\u00e1rio"],"inLanguage":"pt-PT","potentialAction":[{"@type":"CommentAction","name":"Comment","target":["https:\/\/loginfo24.com\/pt-pt\/2026\/04\/29\/proibicao-temporaria-de-trafego-noturno-no-brenner\/#respond"]}]},{"@type":"WebPage","@id":"https:\/\/loginfo24.com\/pt-pt\/2026\/04\/29\/proibicao-temporaria-de-trafego-noturno-no-brenner\/","url":"https:\/\/loginfo24.com\/pt-pt\/2026\/04\/29\/proibicao-temporaria-de-trafego-noturno-no-brenner\/","name":"Proibi\u00e7\u00e3o tempor\u00e1ria de tr\u00e1fego noturno no Brenner - Loginfo24","isPartOf":{"@id":"https:\/\/loginfo24.com\/pt-pt\/#website"},"primaryImageOfPage":{"@id":"https:\/\/loginfo24.com\/pt-pt\/2026\/04\/29\/proibicao-temporaria-de-trafego-noturno-no-brenner\/#primaryimage"},"image":{"@id":"https:\/\/loginfo24.com\/pt-pt\/2026\/04\/29\/proibicao-temporaria-de-trafego-noturno-no-brenner\/#primaryimage"},"thumbnailUrl":"https:\/\/loginfo24.com\/wp-content\/uploads\/sites\/7\/2026\/04\/Brenner-Pass-Strasse-Foto-Adobe-Stock-Franke-182_AdobeStock_111222275-scaled-aspect-ratio-1400-788-scaled-1.jpeg","datePublished":"2026-04-29T10:32:31+00:00","dateModified":"2026-04-29T12:43:52+00:00","breadcrumb":{"@id":"https:\/\/loginfo24.com\/pt-pt\/2026\/04\/29\/proibicao-temporaria-de-trafego-noturno-no-brenner\/#breadcrumb"},"inLanguage":"pt-PT","potentialAction":[{"@type":"ReadAction","target":["https:\/\/loginfo24.com\/pt-pt\/2026\/04\/29\/proibicao-temporaria-de-trafego-noturno-no-brenner\/"]}]},{"@type":"ImageObject","inLanguage":"pt-PT","@id":"https:\/\/loginfo24.com\/pt-pt\/2026\/04\/29\/proibicao-temporaria-de-trafego-noturno-no-brenner\/#primaryimage","url":"https:\/\/loginfo24.com\/wp-content\/uploads\/sites\/7\/2026\/04\/Brenner-Pass-Strasse-Foto-Adobe-Stock-Franke-182_AdobeStock_111222275-scaled-aspect-ratio-1400-788-scaled-1.jpeg","contentUrl":"https:\/\/loginfo24.com\/wp-content\/uploads\/sites\/7\/2026\/04\/Brenner-Pass-Strasse-Foto-Adobe-Stock-Franke-182_AdobeStock_111222275-scaled-aspect-ratio-1400-788-scaled-1.jpeg","width":2560,"height":1441},{"@type":"BreadcrumbList","@id":"https:\/\/loginfo24.com\/pt-pt\/2026\/04\/29\/proibicao-temporaria-de-trafego-noturno-no-brenner\/#breadcrumb","itemListElement":[{"@type":"ListItem","position":1,"name":"Startseite","item":"https:\/\/loginfo24.com\/pt-pt\/"},{"@type":"ListItem","position":2,"name":"Proibi\u00e7\u00e3o tempor\u00e1ria de tr\u00e1fego noturno no Brenner"}]},{"@type":"WebSite","@id":"https:\/\/loginfo24.com\/pt-pt\/#website","url":"https:\/\/loginfo24.com\/pt-pt\/","name":"Loginfo24","description":"Loginfo24 \u00e9 a plataforma dedicada \u00e0 log\u00edstica e \u00e0s cadeias de abastecimento, com informa\u00e7\u00f5es dispon\u00edveis 24 horas por dia.","publisher":{"@id":"https:\/\/loginfo24.com\/pt-pt\/#organization"},"potentialAction":[{"@type":"SearchAction","target":{"@type":"EntryPoint","urlTemplate":"https:\/\/loginfo24.com\/pt-pt\/?s={search_term_string}"},"query-input":{"@type":"PropertyValueSpecification","valueRequired":true,"valueName":"search_term_string"}}],"inLanguage":"pt-PT"},{"@type":"Organization","@id":"https:\/\/loginfo24.com\/pt-pt\/#organization","name":"Logismedia Group AG","url":"https:\/\/loginfo24.com\/pt-pt\/","logo":{"@type":"ImageObject","inLanguage":"pt-PT","@id":"https:\/\/loginfo24.com\/pt-pt\/#\/schema\/logo\/image\/","url":"https:\/\/loginfo24.com\/wp-content\/uploads\/sites\/7\/2026\/01\/Logo_LogInfo24.png","contentUrl":"https:\/\/loginfo24.com\/wp-content\/uploads\/sites\/7\/2026\/01\/Logo_LogInfo24.png","width":938,"height":351,"caption":"Logismedia Group AG"},"image":{"@id":"https:\/\/loginfo24.com\/pt-pt\/#\/schema\/logo\/image\/"},"sameAs":["https:\/\/www.facebook.com\/people\/Loginfo24\/100057360583332\/","https:\/\/www.linkedin.com\/company\/lofinfo24\/"]},{"@type":"Person","@id":"https:\/\/loginfo24.com\/pt-pt\/#\/schema\/person\/13a9fc605c753db60ef7750a229cd042","name":"Gyan Sharan","url":"https:\/\/loginfo24.com\/pt-pt\/author\/gyan\/"}]}},"_links":{"self":[{"href":"https:\/\/loginfo24.com\/pt-pt\/wp-json\/wp\/v2\/posts\/79516","targetHints":{"allow":["GET"]}}],"collection":[{"href":"https:\/\/loginfo24.com\/pt-pt\/wp-json\/wp\/v2\/posts"}],"about":[{"href":"https:\/\/loginfo24.com\/pt-pt\/wp-json\/wp\/v2\/types\/post"}],"author":[{"embeddable":true,"href":"https:\/\/loginfo24.com\/pt-pt\/wp-json\/wp\/v2\/users\/14"}],"replies":[{"embeddable":true,"href":"https:\/\/loginfo24.com\/pt-pt\/wp-json\/wp\/v2\/comments?post=79516"}],"version-history":[{"count":1,"href":"https:\/\/loginfo24.com\/pt-pt\/wp-json\/wp\/v2\/posts\/79516\/revisions"}],"predecessor-version":[{"id":79592,"href":"https:\/\/loginfo24.com\/pt-pt\/wp-json\/wp\/v2\/posts\/79516\/revisions\/79592"}],"wp:featuredmedia":[{"embeddable":true,"href":"https:\/\/loginfo24.com\/pt-pt\/wp-json\/wp\/v2\/media\/79511"}],"wp:attachment":[{"href":"https:\/\/loginfo24.com\/pt-pt\/wp-json\/wp\/v2\/media?parent=79516"}],"wp:term":[{"taxonomy":"category","embeddable":true,"href":"https:\/\/loginfo24.com\/pt-pt\/wp-json\/wp\/v2\/categories?post=79516"},{"taxonomy":"post_tag","embeddable":true,"href":"https:\/\/loginfo24.com\/pt-pt\/wp-json\/wp\/v2\/tags?post=79516"}],"curies":[{"name":"wp","href":"https:\/\/api.w.org\/{rel}","templated":true}]}}