{"id":79426,"date":"2026-04-28T12:31:15","date_gmt":"2026-04-28T12:31:15","guid":{"rendered":"https:\/\/loginfo24.com\/2026\/04\/28\/blg-logistics-apresenta-ano-fiscal-solido-de-2025\/"},"modified":"2026-04-28T12:31:15","modified_gmt":"2026-04-28T12:31:15","slug":"blg-logistics-apresenta-ano-fiscal-solido-de-2025","status":"publish","type":"post","link":"https:\/\/loginfo24.com\/pt-pt\/2026\/04\/28\/blg-logistics-apresenta-ano-fiscal-solido-de-2025\/","title":{"rendered":"BLG LOGISTICS apresenta ano fiscal s\u00f3lido de 2025"},"content":{"rendered":"<p>O conselho da BLG LOGISTICS apresentou hoje, na confer\u00eancia de imprensa sobre os resultados financeiros, os resultados do ano fiscal de 2025. A receita da empresa foi de 1,2 bilh\u00f5es de euros, o que representa uma queda de 4,5 por cento ou 55 milh\u00f5es de euros em compara\u00e7\u00e3o ao ano anterior. O EBIT foi de 87,2 milh\u00f5es de euros, superando as expectativas, enquanto o EBT ficou ligeiramente abaixo do valor do ano anterior, com 77,4 milh\u00f5es de euros. Apesar das condi\u00e7\u00f5es desafiadoras, a empresa conseguiu um resultado s\u00f3lido.<\/p>\n<p>Matthias Magnor, presidente do conselho da BLG-Gruppe, explicou os desafios do ano: \u201c2025 foi marcado por uma simultaneidade que teve seu peso: a pol\u00edtica tarif\u00e1ria imprevis\u00edvel do governo dos EUA, guerras persistentes e uma economia lenta. Como log\u00edsticos, sentimos cada tremor imediatamente. Mas em cada tremor n\u00e3o h\u00e1 apenas risco, mas tamb\u00e9m oportunidade \u2013 para novas solu\u00e7\u00f5es, ajustes necess\u00e1rios e maior capacidade de resposta.&#8220;<\/p>\n<h3>Desenvolvimentos nas \u00e1reas de neg\u00f3cios<\/h3>\n<p>As tr\u00eas \u00e1reas de neg\u00f3cios da BLG, AUTOM\u00d3VEIS, CONTRATO e CONT\u00caINER, apresentaram desenvolvimentos diferentes. A \u00e1rea AUTOM\u00d3VEIS conseguiu aumentar o resultado, apesar da queda nos volumes de ve\u00edculos. A receita caiu ligeiramente para 678 milh\u00f5es de euros, influenciada pela economia e pelas tarifas dos EUA. Axel Krichel, COO da BLG-Gruppe, enfatizou a necessidade de solu\u00e7\u00f5es inovadoras na log\u00edstica automotiva: \u201cNovos modelos de mobilidade apresentam novos desafios para empresas e operadores de frotas. Solu\u00e7\u00f5es de rede inovadoras e abrangentes s\u00e3o necess\u00e1rias na log\u00edstica automotiva.&#8220;<\/p>\n<p>Na \u00e1rea de neg\u00f3cios CONTRATO, a receita caiu de 536 para 488 milh\u00f5es de euros. As quedas na log\u00edstica de pe\u00e7as de autom\u00f3veis e industrial, bem como os efeitos das tarifas dos EUA, impactaram o resultado. No entanto, medidas corretivas como gest\u00e3o de custos e foco em atividades com alta margem j\u00e1 mostram os primeiros sucessos. Para 2026, espera-se uma estabiliza\u00e7\u00e3o da receita e um leve aumento no resultado.<\/p>\n<p>A \u00e1rea de neg\u00f3cios CONT\u00caINER contribuiu significativamente para o resultado total. A participa\u00e7\u00e3o contabilizada na EUROGATE obteve um resultado ap\u00f3s impostos de 56,6 milh\u00f5es de euros. Os terminais de cont\u00eaineres alem\u00e3es registraram um crescimento de volume de cerca de 21 por cento, totalizando aproximadamente 8,8 milh\u00f5es de cont\u00eaineres padr\u00e3o. Michael Blach, membro do conselho, destacou a import\u00e2ncia de rotas comerciais livres para o com\u00e9rcio global: \u201cRotas comerciais livres e seguras s\u00e3o fundamentais para o com\u00e9rcio global.&#8220;<\/p>\n<h3>Compromisso dos colaboradores e iniciativas de forma\u00e7\u00e3o<\/h3>\n<p>O ano fiscal de 2025 teve como lema \u201cJuntos\u201d. Ulrike Riedel, diretora de recursos humanos, enfatizou a contribui\u00e7\u00e3o dos colaboradores para o sucesso da empresa: \u201c10.452 pessoas trabalham para o grupo BLG LOGISTICS. Cada uma delas tornou o resultado poss\u00edvel.&#8220; Em m\u00e9dia, a BLG empregou 8.838 colaboradores nas empresas totalmente consolidadas. A taxa de sindicaliza\u00e7\u00e3o \u00e9 de 98,1 por cento, o que representa um valor elevado no setor de log\u00edstica.<\/p>\n<p>A forma\u00e7\u00e3o continua a ser um foco central da empresa. Em 2025, 222 aprendizes em profiss\u00f5es comerciais e t\u00e9cnicas, bem como em cursos de bacharelado dual, foram atendidos. Com uma taxa de forma\u00e7\u00e3o de 2,8 por cento, a BLG superou a meta autoimposta de 2,0 por cento.<\/p>\n<h3>Avan\u00e7os em sustentabilidade<\/h3>\n<p>No ano do relat\u00f3rio, o grupo BLG fez progressos significativos na \u00e1rea de log\u00edstica amiga do clima. No \u00e2mbito da \u201cMiss\u00e3o Clima\u201d, as emiss\u00f5es de gases de efeito estufa (Escopo 1 e 2) foram reduzidas em 45,3 por cento em rela\u00e7\u00e3o ao ano base de 2018. A meta at\u00e9 2030 \u00e9 uma redu\u00e7\u00e3o de 50,4 por cento. Desde 2025, a BLG cobre toda a sua demanda de eletricidade exclusivamente com energias renov\u00e1veis.<\/p>\n<h3>Perspectivas para 2026<\/h3>\n<p>Apesar das condi\u00e7\u00f5es desafiadoras, o conselho olha para 2026 com cauteloso otimismo. A receita deve permanecer no n\u00edvel do ano anterior, enquanto o EBT \u00e9 esperado abaixo do valor de 2025, mas ainda na casa das dezenas de milh\u00f5es. Matthias Magnor encerrou a confer\u00eancia de imprensa sobre os resultados financeiros com as palavras: \u201cA resili\u00eancia n\u00e3o surge sozinha. Ela se forma em conjunto \u2013 com nossos colaboradores, com nossos clientes, com nossos parceiros.&#8220;<\/p>\n<p><a href=\"http:\/\/www.blg.de\" target=\"_blank\" rel=\"noopener noreferrer\">www.blg.de<\/a><\/p>\n","protected":false},"excerpt":{"rendered":"<p>A diretoria da BLG LOGISTICS apresentou hoje os resultados financeiros de 2025, que, apesar dos desafios, mostram um resultado s\u00f3lido e avan\u00e7os em sustentabilidade.<\/p>\n","protected":false},"author":7,"featured_media":79421,"comment_status":"open","ping_status":"","sticky":false,"template":"","format":"standard","meta":{"_acf_changed":false,"footnotes":""},"categories":[6663,6679,1617,1742],"tags":[22491,22492,9775,22493,22494,6433,6435,22495,22496,22497,22498,2115,2116,2166,22499,2122,2123,2909,22500,22501,22502,22503,22504,20961,20962,22505,22506,2469,1831,9790,3750,4058,22507,22508,2139,3157,2925,3756,3757,2145,2929,2481,2193,22509,1916,7754,8977,2106,2154,6458,22510,22511,3125,22512,22513,22514],"class_list":["post-79426","post","type-post","status-publish","format-standard","has-post-thumbnail","hentry","category-alemanha","category-europa","category-expedicao-e-logistica","category-relatorios-financeiros-anuais","tag-ausbildungsinitiativen-logistik","tag-automobil-logistik","tag-automotive-logistics","tag-branchenentwicklung-2026","tag-climate-friendly-logistics","tag-container-terminals-germany","tag-containerterminals-deutschland","tag-cost-management-logistics-francais-blg-logistics","tag-deutsch-blg-logistics","tag-developpement-du-chiffre-daffaires-2025","tag-developpement-du-secteur-2026","tag-digitalisierung-in-der-logistik","tag-digitalization-in-logistics","tag-durabilite-dans-la-logistique","tag-employee-motivation-logistics","tag-fachkraeftemangel-logistik","tag-gestion-de-la-chaine-dapprovisionnement","tag-hafenbetrieb","tag-handelsrouten-bedeutung","tag-impact-des-tarifs-douaniers-americains","tag-importance-des-routes-commerciales","tag-industry-development-2026","tag-initiatives-de-formation-logistique","tag-innovative-logistics-solutions","tag-innovative-logistikloesungen","tag-klimafreundliche-logistik","tag-kostenmanagement-logistik-english-blg-logistics","tag-logistics-service-provider","tag-logistikdienstleister","tag-logistique-automobile","tag-logistique-de-colis","tag-logistique-ecologique","tag-mitarbeitermotivation-logistik","tag-motivation-des-employes-logistique","tag-nachhaltigkeit-in-der-logistik","tag-numerisation-dans-la-logistique","tag-operations-portuaires","tag-paketlogistik","tag-parcel-logistics","tag-penurie-de-main-doeuvre-logistique","tag-port-operations","tag-prestataire-logistique","tag-rail-freight-transport","tag-revenue-development-2025","tag-schienengueterverkehr","tag-skilled-labor-shortage-logistics","tag-solutions-logistiques-innovantes","tag-supply-chain-management","tag-sustainability-in-logistics","tag-terminaux-a-conteneurs-allemagne","tag-trade-routes-significance","tag-training-initiatives-logistics","tag-transport-ferroviaire-de-marchandises","tag-umsatzentwicklung-2025","tag-us-tariffs-impact","tag-us-zoelle-auswirkungen"],"acf":[],"yoast_head":"<!-- This site is optimized with the Yoast SEO plugin v27.3 - https:\/\/yoast.com\/product\/yoast-seo-wordpress\/ -->\n<title>BLG LOGISTICS apresenta ano fiscal s\u00f3lido de 2025 - Loginfo24<\/title>\n<meta name=\"robots\" content=\"index, follow, max-snippet:-1, max-image-preview:large, max-video-preview:-1\" \/>\n<link rel=\"canonical\" href=\"https:\/\/loginfo24.com\/pt-pt\/2026\/04\/28\/blg-logistics-apresenta-ano-fiscal-solido-de-2025\/\" \/>\n<meta property=\"og:locale\" content=\"pt_PT\" \/>\n<meta property=\"og:type\" content=\"article\" \/>\n<meta property=\"og:title\" content=\"BLG LOGISTICS apresenta ano fiscal s\u00f3lido de 2025 - Loginfo24\" \/>\n<meta property=\"og:description\" content=\"A diretoria da BLG LOGISTICS apresentou hoje os resultados financeiros de 2025, que, apesar dos desafios, mostram um resultado s\u00f3lido e avan\u00e7os em sustentabilidade.\" \/>\n<meta property=\"og:url\" content=\"https:\/\/loginfo24.com\/pt-pt\/2026\/04\/28\/blg-logistics-apresenta-ano-fiscal-solido-de-2025\/\" \/>\n<meta property=\"og:site_name\" content=\"Loginfo24\" \/>\n<meta property=\"article:publisher\" content=\"https:\/\/www.facebook.com\/people\/Loginfo24\/100057360583332\/\" \/>\n<meta property=\"article:published_time\" content=\"2026-04-28T12:31:15+00:00\" \/>\n<meta property=\"og:image\" content=\"https:\/\/loginfo24.com\/wp-content\/uploads\/sites\/7\/2026\/04\/csm_260428_BLG_BPK-01_ea04f10f77-aspect-ratio-1400-788.jpg\" \/>\n\t<meta property=\"og:image:width\" content=\"1170\" \/>\n\t<meta property=\"og:image:height\" content=\"659\" \/>\n\t<meta property=\"og:image:type\" content=\"image\/jpeg\" \/>\n<meta name=\"author\" content=\"Andreas M\u00fcller\" \/>\n<meta name=\"twitter:card\" content=\"summary_large_image\" \/>\n<meta name=\"twitter:label1\" content=\"Escrito por\" \/>\n\t<meta name=\"twitter:data1\" content=\"Andreas M\u00fcller\" \/>\n\t<meta name=\"twitter:label2\" content=\"Tempo estimado de leitura\" \/>\n\t<meta name=\"twitter:data2\" content=\"4 minutos\" \/>\n<script type=\"application\/ld+json\" class=\"yoast-schema-graph\">{\"@context\":\"https:\\\/\\\/schema.org\",\"@graph\":[{\"@type\":\"Article\",\"@id\":\"https:\\\/\\\/loginfo24.com\\\/pt-pt\\\/2026\\\/04\\\/28\\\/blg-logistics-apresenta-ano-fiscal-solido-de-2025\\\/#article\",\"isPartOf\":{\"@id\":\"https:\\\/\\\/loginfo24.com\\\/pt-pt\\\/2026\\\/04\\\/28\\\/blg-logistics-apresenta-ano-fiscal-solido-de-2025\\\/\"},\"author\":{\"name\":\"Andreas M\u00fcller\",\"@id\":\"https:\\\/\\\/loginfo24.com\\\/pt-pt\\\/#\\\/schema\\\/person\\\/7b1593b33567ba798d300c8a1b0b85b1\"},\"headline\":\"BLG LOGISTICS apresenta ano fiscal s\u00f3lido de 2025\",\"datePublished\":\"2026-04-28T12:31:15+00:00\",\"mainEntityOfPage\":{\"@id\":\"https:\\\/\\\/loginfo24.com\\\/pt-pt\\\/2026\\\/04\\\/28\\\/blg-logistics-apresenta-ano-fiscal-solido-de-2025\\\/\"},\"wordCount\":709,\"commentCount\":0,\"publisher\":{\"@id\":\"https:\\\/\\\/loginfo24.com\\\/pt-pt\\\/#organization\"},\"image\":{\"@id\":\"https:\\\/\\\/loginfo24.com\\\/pt-pt\\\/2026\\\/04\\\/28\\\/blg-logistics-apresenta-ano-fiscal-solido-de-2025\\\/#primaryimage\"},\"thumbnailUrl\":\"https:\\\/\\\/loginfo24.com\\\/wp-content\\\/uploads\\\/sites\\\/7\\\/2026\\\/04\\\/csm_260428_BLG_BPK-01_ea04f10f77-aspect-ratio-1400-788.jpg\",\"keywords\":[\"Ausbildungsinitiativen Logistik\",\"Automobil-Logistik\",\"Automotive logistics\",\"Branchenentwicklung 2026\",\"climate-friendly logistics\",\"container terminals Germany\",\"Containerterminals Deutschland\",\"cost management logistics Fran\u00e7ais BLG LOGISTICS\",\"Deutsch BLG LOGISTICS\",\"d\u00e9veloppement du chiffre d'affaires 2025\",\"d\u00e9veloppement du secteur 2026\",\"Digitalisierung in der Logistik\",\"digitalization in logistics\",\"durabilit\u00e9 dans la logistique\",\"employee motivation logistics\",\"Fachkr\u00e4ftemangel Logistik\",\"gestion de la cha\u00eene d'approvisionnement\",\"Hafenbetrieb\",\"Handelsrouten Bedeutung\",\"impact des tarifs douaniers am\u00e9ricains\",\"importance des routes commerciales\",\"industry development 2026\",\"initiatives de formation logistique\",\"innovative logistics solutions\",\"innovative Logistikl\u00f6sungen\",\"Klimafreundliche Logistik\",\"Kostenmanagement Logistik English BLG LOGISTICS\",\"logistics service provider\",\"Logistikdienstleister\",\"Logistique automobile\",\"logistique de colis\",\"logistique \u00e9cologique\",\"Mitarbeitermotivation Logistik\",\"motivation des employ\u00e9s logistique\",\"Nachhaltigkeit in der Logistik\",\"num\u00e9risation dans la logistique\",\"op\u00e9rations portuaires\",\"Paketlogistik\",\"parcel logistics\",\"p\u00e9nurie de main-d'\u0153uvre logistique\",\"port operations\",\"prestataire logistique\",\"rail freight transport\",\"revenue development 2025\",\"Schieneng\u00fcterverkehr\",\"skilled labor shortage logistics\",\"solutions logistiques innovantes\",\"Supply Chain Management\",\"sustainability in logistics\",\"terminaux \u00e0 conteneurs Allemagne\",\"trade routes significance\",\"training initiatives logistics\",\"transport ferroviaire de marchandises\",\"Umsatzentwicklung 2025\",\"US tariffs impact\",\"US-Z\u00f6lle Auswirkungen\"],\"articleSection\":[\"Alemanha\",\"Europa\",\"Expedi\u00e7\u00e3o de Mercadorias e Log\u00edstica\",\"Relat\u00f3rios financeiros\\\/anuais\"],\"inLanguage\":\"pt-PT\",\"potentialAction\":[{\"@type\":\"CommentAction\",\"name\":\"Comment\",\"target\":[\"https:\\\/\\\/loginfo24.com\\\/pt-pt\\\/2026\\\/04\\\/28\\\/blg-logistics-apresenta-ano-fiscal-solido-de-2025\\\/#respond\"]}]},{\"@type\":\"WebPage\",\"@id\":\"https:\\\/\\\/loginfo24.com\\\/pt-pt\\\/2026\\\/04\\\/28\\\/blg-logistics-apresenta-ano-fiscal-solido-de-2025\\\/\",\"url\":\"https:\\\/\\\/loginfo24.com\\\/pt-pt\\\/2026\\\/04\\\/28\\\/blg-logistics-apresenta-ano-fiscal-solido-de-2025\\\/\",\"name\":\"BLG LOGISTICS apresenta ano fiscal s\u00f3lido de 2025 - Loginfo24\",\"isPartOf\":{\"@id\":\"https:\\\/\\\/loginfo24.com\\\/pt-pt\\\/#website\"},\"primaryImageOfPage\":{\"@id\":\"https:\\\/\\\/loginfo24.com\\\/pt-pt\\\/2026\\\/04\\\/28\\\/blg-logistics-apresenta-ano-fiscal-solido-de-2025\\\/#primaryimage\"},\"image\":{\"@id\":\"https:\\\/\\\/loginfo24.com\\\/pt-pt\\\/2026\\\/04\\\/28\\\/blg-logistics-apresenta-ano-fiscal-solido-de-2025\\\/#primaryimage\"},\"thumbnailUrl\":\"https:\\\/\\\/loginfo24.com\\\/wp-content\\\/uploads\\\/sites\\\/7\\\/2026\\\/04\\\/csm_260428_BLG_BPK-01_ea04f10f77-aspect-ratio-1400-788.jpg\",\"datePublished\":\"2026-04-28T12:31:15+00:00\",\"breadcrumb\":{\"@id\":\"https:\\\/\\\/loginfo24.com\\\/pt-pt\\\/2026\\\/04\\\/28\\\/blg-logistics-apresenta-ano-fiscal-solido-de-2025\\\/#breadcrumb\"},\"inLanguage\":\"pt-PT\",\"potentialAction\":[{\"@type\":\"ReadAction\",\"target\":[\"https:\\\/\\\/loginfo24.com\\\/pt-pt\\\/2026\\\/04\\\/28\\\/blg-logistics-apresenta-ano-fiscal-solido-de-2025\\\/\"]}]},{\"@type\":\"ImageObject\",\"inLanguage\":\"pt-PT\",\"@id\":\"https:\\\/\\\/loginfo24.com\\\/pt-pt\\\/2026\\\/04\\\/28\\\/blg-logistics-apresenta-ano-fiscal-solido-de-2025\\\/#primaryimage\",\"url\":\"https:\\\/\\\/loginfo24.com\\\/wp-content\\\/uploads\\\/sites\\\/7\\\/2026\\\/04\\\/csm_260428_BLG_BPK-01_ea04f10f77-aspect-ratio-1400-788.jpg\",\"contentUrl\":\"https:\\\/\\\/loginfo24.com\\\/wp-content\\\/uploads\\\/sites\\\/7\\\/2026\\\/04\\\/csm_260428_BLG_BPK-01_ea04f10f77-aspect-ratio-1400-788.jpg\",\"width\":1170,\"height\":659},{\"@type\":\"BreadcrumbList\",\"@id\":\"https:\\\/\\\/loginfo24.com\\\/pt-pt\\\/2026\\\/04\\\/28\\\/blg-logistics-apresenta-ano-fiscal-solido-de-2025\\\/#breadcrumb\",\"itemListElement\":[{\"@type\":\"ListItem\",\"position\":1,\"name\":\"Startseite\",\"item\":\"https:\\\/\\\/loginfo24.com\\\/pt-pt\\\/\"},{\"@type\":\"ListItem\",\"position\":2,\"name\":\"BLG LOGISTICS apresenta ano fiscal s\u00f3lido de 2025\"}]},{\"@type\":\"WebSite\",\"@id\":\"https:\\\/\\\/loginfo24.com\\\/pt-pt\\\/#website\",\"url\":\"https:\\\/\\\/loginfo24.com\\\/pt-pt\\\/\",\"name\":\"Loginfo24\",\"description\":\"Loginfo24 \u00e9 a plataforma dedicada \u00e0 log\u00edstica e \u00e0s cadeias de abastecimento, com informa\u00e7\u00f5es dispon\u00edveis 24 horas por dia.\",\"publisher\":{\"@id\":\"https:\\\/\\\/loginfo24.com\\\/pt-pt\\\/#organization\"},\"potentialAction\":[{\"@type\":\"SearchAction\",\"target\":{\"@type\":\"EntryPoint\",\"urlTemplate\":\"https:\\\/\\\/loginfo24.com\\\/pt-pt\\\/?s={search_term_string}\"},\"query-input\":{\"@type\":\"PropertyValueSpecification\",\"valueRequired\":true,\"valueName\":\"search_term_string\"}}],\"inLanguage\":\"pt-PT\"},{\"@type\":\"Organization\",\"@id\":\"https:\\\/\\\/loginfo24.com\\\/pt-pt\\\/#organization\",\"name\":\"Logismedia Group AG\",\"url\":\"https:\\\/\\\/loginfo24.com\\\/pt-pt\\\/\",\"logo\":{\"@type\":\"ImageObject\",\"inLanguage\":\"pt-PT\",\"@id\":\"https:\\\/\\\/loginfo24.com\\\/pt-pt\\\/#\\\/schema\\\/logo\\\/image\\\/\",\"url\":\"https:\\\/\\\/loginfo24.com\\\/wp-content\\\/uploads\\\/sites\\\/7\\\/2026\\\/01\\\/Logo_LogInfo24.png\",\"contentUrl\":\"https:\\\/\\\/loginfo24.com\\\/wp-content\\\/uploads\\\/sites\\\/7\\\/2026\\\/01\\\/Logo_LogInfo24.png\",\"width\":938,\"height\":351,\"caption\":\"Logismedia Group AG\"},\"image\":{\"@id\":\"https:\\\/\\\/loginfo24.com\\\/pt-pt\\\/#\\\/schema\\\/logo\\\/image\\\/\"},\"sameAs\":[\"https:\\\/\\\/www.facebook.com\\\/people\\\/Loginfo24\\\/100057360583332\\\/\",\"https:\\\/\\\/www.linkedin.com\\\/company\\\/lofinfo24\\\/\"]},{\"@type\":\"Person\",\"@id\":\"https:\\\/\\\/loginfo24.com\\\/pt-pt\\\/#\\\/schema\\\/person\\\/7b1593b33567ba798d300c8a1b0b85b1\",\"name\":\"Andreas M\u00fcller\",\"url\":\"https:\\\/\\\/loginfo24.com\\\/pt-pt\\\/author\\\/logismedia\\\/\"}]}<\/script>\n<!-- \/ Yoast SEO plugin. -->","yoast_head_json":{"title":"BLG LOGISTICS apresenta ano fiscal s\u00f3lido de 2025 - Loginfo24","robots":{"index":"index","follow":"follow","max-snippet":"max-snippet:-1","max-image-preview":"max-image-preview:large","max-video-preview":"max-video-preview:-1"},"canonical":"https:\/\/loginfo24.com\/pt-pt\/2026\/04\/28\/blg-logistics-apresenta-ano-fiscal-solido-de-2025\/","og_locale":"pt_PT","og_type":"article","og_title":"BLG LOGISTICS apresenta ano fiscal s\u00f3lido de 2025 - Loginfo24","og_description":"A diretoria da BLG LOGISTICS apresentou hoje os resultados financeiros de 2025, que, apesar dos desafios, mostram um resultado s\u00f3lido e avan\u00e7os em sustentabilidade.","og_url":"https:\/\/loginfo24.com\/pt-pt\/2026\/04\/28\/blg-logistics-apresenta-ano-fiscal-solido-de-2025\/","og_site_name":"Loginfo24","article_publisher":"https:\/\/www.facebook.com\/people\/Loginfo24\/100057360583332\/","article_published_time":"2026-04-28T12:31:15+00:00","og_image":[{"width":1170,"height":659,"url":"https:\/\/loginfo24.com\/wp-content\/uploads\/sites\/7\/2026\/04\/csm_260428_BLG_BPK-01_ea04f10f77-aspect-ratio-1400-788.jpg","type":"image\/jpeg"}],"author":"Andreas M\u00fcller","twitter_card":"summary_large_image","twitter_misc":{"Escrito por":"Andreas M\u00fcller","Tempo estimado de leitura":"4 minutos"},"schema":{"@context":"https:\/\/schema.org","@graph":[{"@type":"Article","@id":"https:\/\/loginfo24.com\/pt-pt\/2026\/04\/28\/blg-logistics-apresenta-ano-fiscal-solido-de-2025\/#article","isPartOf":{"@id":"https:\/\/loginfo24.com\/pt-pt\/2026\/04\/28\/blg-logistics-apresenta-ano-fiscal-solido-de-2025\/"},"author":{"name":"Andreas M\u00fcller","@id":"https:\/\/loginfo24.com\/pt-pt\/#\/schema\/person\/7b1593b33567ba798d300c8a1b0b85b1"},"headline":"BLG LOGISTICS apresenta ano fiscal s\u00f3lido de 2025","datePublished":"2026-04-28T12:31:15+00:00","mainEntityOfPage":{"@id":"https:\/\/loginfo24.com\/pt-pt\/2026\/04\/28\/blg-logistics-apresenta-ano-fiscal-solido-de-2025\/"},"wordCount":709,"commentCount":0,"publisher":{"@id":"https:\/\/loginfo24.com\/pt-pt\/#organization"},"image":{"@id":"https:\/\/loginfo24.com\/pt-pt\/2026\/04\/28\/blg-logistics-apresenta-ano-fiscal-solido-de-2025\/#primaryimage"},"thumbnailUrl":"https:\/\/loginfo24.com\/wp-content\/uploads\/sites\/7\/2026\/04\/csm_260428_BLG_BPK-01_ea04f10f77-aspect-ratio-1400-788.jpg","keywords":["Ausbildungsinitiativen Logistik","Automobil-Logistik","Automotive logistics","Branchenentwicklung 2026","climate-friendly logistics","container terminals Germany","Containerterminals Deutschland","cost management logistics Fran\u00e7ais BLG LOGISTICS","Deutsch BLG LOGISTICS","d\u00e9veloppement du chiffre d'affaires 2025","d\u00e9veloppement du secteur 2026","Digitalisierung in der Logistik","digitalization in logistics","durabilit\u00e9 dans la logistique","employee motivation logistics","Fachkr\u00e4ftemangel Logistik","gestion de la cha\u00eene d'approvisionnement","Hafenbetrieb","Handelsrouten Bedeutung","impact des tarifs douaniers am\u00e9ricains","importance des routes commerciales","industry development 2026","initiatives de formation logistique","innovative logistics solutions","innovative Logistikl\u00f6sungen","Klimafreundliche Logistik","Kostenmanagement Logistik English BLG LOGISTICS","logistics service provider","Logistikdienstleister","Logistique automobile","logistique de colis","logistique \u00e9cologique","Mitarbeitermotivation Logistik","motivation des employ\u00e9s logistique","Nachhaltigkeit in der Logistik","num\u00e9risation dans la logistique","op\u00e9rations portuaires","Paketlogistik","parcel logistics","p\u00e9nurie de main-d'\u0153uvre logistique","port operations","prestataire logistique","rail freight transport","revenue development 2025","Schieneng\u00fcterverkehr","skilled labor shortage logistics","solutions logistiques innovantes","Supply Chain Management","sustainability in logistics","terminaux \u00e0 conteneurs Allemagne","trade routes significance","training initiatives logistics","transport ferroviaire de marchandises","Umsatzentwicklung 2025","US tariffs impact","US-Z\u00f6lle Auswirkungen"],"articleSection":["Alemanha","Europa","Expedi\u00e7\u00e3o de Mercadorias e Log\u00edstica","Relat\u00f3rios financeiros\/anuais"],"inLanguage":"pt-PT","potentialAction":[{"@type":"CommentAction","name":"Comment","target":["https:\/\/loginfo24.com\/pt-pt\/2026\/04\/28\/blg-logistics-apresenta-ano-fiscal-solido-de-2025\/#respond"]}]},{"@type":"WebPage","@id":"https:\/\/loginfo24.com\/pt-pt\/2026\/04\/28\/blg-logistics-apresenta-ano-fiscal-solido-de-2025\/","url":"https:\/\/loginfo24.com\/pt-pt\/2026\/04\/28\/blg-logistics-apresenta-ano-fiscal-solido-de-2025\/","name":"BLG LOGISTICS apresenta ano fiscal s\u00f3lido de 2025 - Loginfo24","isPartOf":{"@id":"https:\/\/loginfo24.com\/pt-pt\/#website"},"primaryImageOfPage":{"@id":"https:\/\/loginfo24.com\/pt-pt\/2026\/04\/28\/blg-logistics-apresenta-ano-fiscal-solido-de-2025\/#primaryimage"},"image":{"@id":"https:\/\/loginfo24.com\/pt-pt\/2026\/04\/28\/blg-logistics-apresenta-ano-fiscal-solido-de-2025\/#primaryimage"},"thumbnailUrl":"https:\/\/loginfo24.com\/wp-content\/uploads\/sites\/7\/2026\/04\/csm_260428_BLG_BPK-01_ea04f10f77-aspect-ratio-1400-788.jpg","datePublished":"2026-04-28T12:31:15+00:00","breadcrumb":{"@id":"https:\/\/loginfo24.com\/pt-pt\/2026\/04\/28\/blg-logistics-apresenta-ano-fiscal-solido-de-2025\/#breadcrumb"},"inLanguage":"pt-PT","potentialAction":[{"@type":"ReadAction","target":["https:\/\/loginfo24.com\/pt-pt\/2026\/04\/28\/blg-logistics-apresenta-ano-fiscal-solido-de-2025\/"]}]},{"@type":"ImageObject","inLanguage":"pt-PT","@id":"https:\/\/loginfo24.com\/pt-pt\/2026\/04\/28\/blg-logistics-apresenta-ano-fiscal-solido-de-2025\/#primaryimage","url":"https:\/\/loginfo24.com\/wp-content\/uploads\/sites\/7\/2026\/04\/csm_260428_BLG_BPK-01_ea04f10f77-aspect-ratio-1400-788.jpg","contentUrl":"https:\/\/loginfo24.com\/wp-content\/uploads\/sites\/7\/2026\/04\/csm_260428_BLG_BPK-01_ea04f10f77-aspect-ratio-1400-788.jpg","width":1170,"height":659},{"@type":"BreadcrumbList","@id":"https:\/\/loginfo24.com\/pt-pt\/2026\/04\/28\/blg-logistics-apresenta-ano-fiscal-solido-de-2025\/#breadcrumb","itemListElement":[{"@type":"ListItem","position":1,"name":"Startseite","item":"https:\/\/loginfo24.com\/pt-pt\/"},{"@type":"ListItem","position":2,"name":"BLG LOGISTICS apresenta ano fiscal s\u00f3lido de 2025"}]},{"@type":"WebSite","@id":"https:\/\/loginfo24.com\/pt-pt\/#website","url":"https:\/\/loginfo24.com\/pt-pt\/","name":"Loginfo24","description":"Loginfo24 \u00e9 a plataforma dedicada \u00e0 log\u00edstica e \u00e0s cadeias de abastecimento, com informa\u00e7\u00f5es dispon\u00edveis 24 horas por dia.","publisher":{"@id":"https:\/\/loginfo24.com\/pt-pt\/#organization"},"potentialAction":[{"@type":"SearchAction","target":{"@type":"EntryPoint","urlTemplate":"https:\/\/loginfo24.com\/pt-pt\/?s={search_term_string}"},"query-input":{"@type":"PropertyValueSpecification","valueRequired":true,"valueName":"search_term_string"}}],"inLanguage":"pt-PT"},{"@type":"Organization","@id":"https:\/\/loginfo24.com\/pt-pt\/#organization","name":"Logismedia Group AG","url":"https:\/\/loginfo24.com\/pt-pt\/","logo":{"@type":"ImageObject","inLanguage":"pt-PT","@id":"https:\/\/loginfo24.com\/pt-pt\/#\/schema\/logo\/image\/","url":"https:\/\/loginfo24.com\/wp-content\/uploads\/sites\/7\/2026\/01\/Logo_LogInfo24.png","contentUrl":"https:\/\/loginfo24.com\/wp-content\/uploads\/sites\/7\/2026\/01\/Logo_LogInfo24.png","width":938,"height":351,"caption":"Logismedia Group AG"},"image":{"@id":"https:\/\/loginfo24.com\/pt-pt\/#\/schema\/logo\/image\/"},"sameAs":["https:\/\/www.facebook.com\/people\/Loginfo24\/100057360583332\/","https:\/\/www.linkedin.com\/company\/lofinfo24\/"]},{"@type":"Person","@id":"https:\/\/loginfo24.com\/pt-pt\/#\/schema\/person\/7b1593b33567ba798d300c8a1b0b85b1","name":"Andreas M\u00fcller","url":"https:\/\/loginfo24.com\/pt-pt\/author\/logismedia\/"}]}},"_links":{"self":[{"href":"https:\/\/loginfo24.com\/pt-pt\/wp-json\/wp\/v2\/posts\/79426","targetHints":{"allow":["GET"]}}],"collection":[{"href":"https:\/\/loginfo24.com\/pt-pt\/wp-json\/wp\/v2\/posts"}],"about":[{"href":"https:\/\/loginfo24.com\/pt-pt\/wp-json\/wp\/v2\/types\/post"}],"author":[{"embeddable":true,"href":"https:\/\/loginfo24.com\/pt-pt\/wp-json\/wp\/v2\/users\/7"}],"replies":[{"embeddable":true,"href":"https:\/\/loginfo24.com\/pt-pt\/wp-json\/wp\/v2\/comments?post=79426"}],"version-history":[{"count":0,"href":"https:\/\/loginfo24.com\/pt-pt\/wp-json\/wp\/v2\/posts\/79426\/revisions"}],"wp:featuredmedia":[{"embeddable":true,"href":"https:\/\/loginfo24.com\/pt-pt\/wp-json\/wp\/v2\/media\/79421"}],"wp:attachment":[{"href":"https:\/\/loginfo24.com\/pt-pt\/wp-json\/wp\/v2\/media?parent=79426"}],"wp:term":[{"taxonomy":"category","embeddable":true,"href":"https:\/\/loginfo24.com\/pt-pt\/wp-json\/wp\/v2\/categories?post=79426"},{"taxonomy":"post_tag","embeddable":true,"href":"https:\/\/loginfo24.com\/pt-pt\/wp-json\/wp\/v2\/tags?post=79426"}],"curies":[{"name":"wp","href":"https:\/\/api.w.org\/{rel}","templated":true}]}}