{"id":79402,"date":"2026-04-28T10:54:12","date_gmt":"2026-04-28T10:54:12","guid":{"rendered":"https:\/\/loginfo24.com\/2026\/04\/28\/gebrueder-weiss-encomenda-14-mercedes-benz-eactros-600\/"},"modified":"2026-04-28T10:54:12","modified_gmt":"2026-04-28T10:54:12","slug":"gebrueder-weiss-encomenda-14-mercedes-benz-eactros-600","status":"publish","type":"post","link":"https:\/\/loginfo24.com\/pt-pt\/2026\/04\/28\/gebrueder-weiss-encomenda-14-mercedes-benz-eactros-600\/","title":{"rendered":"Gebr\u00fcder Weiss encomenda 14 Mercedes-Benz eActros 600"},"content":{"rendered":"<p>O operador log\u00edstico austr\u00edaco Gebr\u00fcder Weiss opera desde o final de 2025 quatorze caminh\u00f5es el\u00e9tricos do tipo Mercedes-Benz eActros 600, que s\u00e3o utilizados no transporte di\u00e1rio de carga fracionada, em linhas regulares e no transporte de longa dist\u00e2ncia em suas instala\u00e7\u00f5es em Viena, P\u00f6chlarn, Wels e Hall em Tirol, bem como em sua sede em Lauterach. O eActros 600 \u00e9 utilizado pela Gebr\u00fcder Weiss tanto em transportes regionais quanto em linhas regulares e de longa dist\u00e2ncia mais exigentes. A base para isso \u00e9 uma infraestrutura de carregamento pr\u00f3pria da empresa.<\/p>\n<p>\u201cO eActros 600 \u00e9 um verdadeiro divisor de \u00e1guas. Ele prova que caminh\u00f5es el\u00e9tricos n\u00e3o s\u00e3o mais uma m\u00fasica do futuro, mas uma realidade \u2013 e n\u00e3o apenas no transporte de distribui\u00e7\u00e3o, mas tamb\u00e9m no transporte nacional e internacional de longa dist\u00e2ncia\u201d, diz Jens Tittel, CEO da Daimler Truck Austria. \u201cPara uma transforma\u00e7\u00e3o bem-sucedida, s\u00e3o necess\u00e1rios os produtos certos, uma infraestrutura de carregamento funcional e clientes que avancem com coragem. Agradecemos \u00e0 Gebr\u00fcder Weiss pelos investimentos e pelo compromisso claro com solu\u00e7\u00f5es de transporte neutras em CO\u2082.\u201d<\/p>\n<p>A Gebr\u00fcder Weiss representa h\u00e1 mais de 500 anos continuidade atrav\u00e9s de gera\u00e7\u00f5es e a ambi\u00e7\u00e3o de repensar a log\u00edstica continuamente. Justamente porque a economia sustent\u00e1vel n\u00e3o come\u00e7a apenas hoje, mas deve ser planejada a longo prazo, a empresa investe precocemente na mobilidade el\u00e9trica no setor de transporte pesado. \u201cUma empresa s\u00f3 pode ser bem-sucedida a longo prazo se operar de forma sustent\u00e1vel e planejar investimentos a longo prazo\u201d, afirma J\u00fcrgen Bauer, membro da diretoria da Gebr\u00fcder Weiss. \u201cPor isso, decidimos cedo por uma estrat\u00e9gia el\u00e9trica. Trabalhamos com a Daimler Truck no setor de motores de combust\u00e3o h\u00e1 dez anos. Para n\u00f3s, a lideran\u00e7a tecnol\u00f3gica, efici\u00eancia e seguran\u00e7a s\u00e3o decisivas. O eActros 600 foi o primeiro a atender \u00e0s exig\u00eancias de alcance em nossos transportes de rede \u2013 e com a rede de servi\u00e7os em toda a Europa da Daimler Truck, o pacote completo atende \u00e0s nossas necessidades.\u201d<\/p>\n<p>Um componente central da estrat\u00e9gia de eletrifica\u00e7\u00e3o \u00e9 a infraestrutura de energia e carregamento pr\u00f3pria da empresa. Como as ofertas de carregamento p\u00fablico para caminh\u00f5es el\u00e9tricos ainda n\u00e3o s\u00e3o suficientes em muitos lugares, a Gebr\u00fcder Weiss construiu sistemas pr\u00f3prios de carregamento e fornecimento de energia em v\u00e1rios locais na \u00c1ustria e no sul da Alemanha. A energia prov\u00e9m da usina fotovoltaica da empresa ou de eletricidade verde certificada.<\/p>\n<p>\u201cNossos clientes esperam confiabilidade e pontualidade tamb\u00e9m em transportes sem emiss\u00f5es\u201d, enfatiza Stefan Oberhauser, gerente da filial de Terra &amp; Log\u00edstica Vorarlberg na Gebr\u00fcder Weiss. \u201cCom nosso pr\u00f3prio fornecimento de energia e as novas solu\u00e7\u00f5es de ve\u00edculos, o transporte sustent\u00e1vel na estrada pode ser realizado de forma ideal. Al\u00e9m disso, os ve\u00edculos podem recarregar a bateria enquanto carregam ou descarregam mercadorias \u2013 sem tempos de espera adicionais.\u201d<\/p>\n<p>Os caminh\u00f5es el\u00e9tricos na localiza\u00e7\u00e3o de Vorarlberg (\u00c1ustria) est\u00e3o em opera\u00e7\u00e3o durante o dia e a noite. Eles s\u00e3o utilizados para transportes regionais em Vorarlberg, para rotas para a Su\u00ed\u00e7a e Alemanha, bem como para linhas regulares, por exemplo, em dire\u00e7\u00e3o a Hall em Tirol e Freiburg im Breisgau. Oberhauser: \u201cA mobilidade el\u00e9trica tamb\u00e9m significa uma nova mentalidade \u2013 mais planejamento, gerenciamento de carga eficiente e uma disposi\u00e7\u00e3o que integra inteligentemente os tempos de carregamento. Mas tamb\u00e9m mostra onde a infraestrutura e as condi\u00e7\u00f5es ainda precisam evoluir.\u201d<\/p>\n<p>A Gebr\u00fcder Weiss planeja expandir sua pr\u00f3pria infraestrutura de carregamento em mais locais, a fim de realizar rotas de forma ainda mais independente de esta\u00e7\u00f5es de carregamento externas. At\u00e9 o final de 2026, a frota el\u00e9trica na \u00c1ustria deve crescer para um total de 25 Mercedes-Benz eActros.<\/p>\n<p><a href=\"http:\/\/www.daimlertruck.com\" target=\"_blank\" rel=\"noopener noreferrer\">www.daimlertruck.com<\/a><\/p>\n","protected":false},"excerpt":{"rendered":"<p>O logisticista Gebr\u00fcder Weiss ir\u00e1 utilizar um total de 25 Mercedes-Benz eActros at\u00e9 o final de 2026 e expandir\u00e1 sua pr\u00f3pria infraestrutura de carregamento em v\u00e1rios locais.<\/p>\n","protected":false},"author":7,"featured_media":79397,"comment_status":"open","ping_status":"","sticky":false,"template":"","format":"standard","meta":{"_acf_changed":false,"footnotes":""},"categories":[6663,6664,1616],"tags":[22387,22388,22389,22390,22391,22392,22393,22394,18083,3353,3354,22395,22396,22397,22398,22399,22400,22401,22402,22403,2999,3000,22404,22405,22406,22407,22408,10506,22409,22410,22411,22412,22413,3146,3147,2622,22414,22415,1800,3379,22416,13559,3158,22417,22418,22419,22420,22421,2641,22422,22423,6757,22424,3033,22425,6759],"class_list":["post-79402","post","type-post","status-publish","format-standard","has-post-thumbnail","hentry","category-alemanha","category-austria","category-intermodal-rodoviario","tag-camions-electriques-autriche","tag-camions-lourds-electriques","tag-charging-infrastructure-electric-trucks","tag-co-neutral-transport-solutions","tag-co-neutrale-transportloesungen","tag-daimler-truck-austria","tag-daimler-truck-autriche","tag-daimler-truck-oesterreich","tag-deutsch-gebrueder-weiss","tag-digitalisierung-logistik","tag-digitalization-logistics","tag-e-fleet-expansion-francais-gebrueder-weiss","tag-e-flotte-ausbau-english-gebrueder-weiss","tag-e-lkw-oesterreich","tag-e-mobilitaet-strategie","tag-e-mobility-strategy","tag-electric-trucks-austria","tag-electromobilite-transport","tag-electromobility-transport","tag-elektromobilitaet-transport","tag-emission-free-transport","tag-emissionsfreier-transport","tag-energieversorgungssysteme","tag-energy-supply-systems","tag-expansion-flotte-electrique","tag-fernverkehr-e-lkw","tag-heavy-duty-electric-trucks","tag-industrie-du-transport-autriche","tag-infrastructure-charging-points","tag-infrastructure-de-recharge-camions-electriques","tag-infrastructure-points-de-recharge","tag-infrastruktur-ladepunkte","tag-ladeinfrastruktur-e-lkw","tag-logistics-service-providers-austria","tag-logistikdienstleister-oesterreich","tag-logistique-durable","tag-long-distance-transport-electric-trucks","tag-mercedes-benz-eactros-600","tag-nachhaltige-logistik","tag-numerisation-logistique","tag-photovoltaic-systems-logistics","tag-photovoltaikanlage-logistik","tag-prestataires-de-services-logistiques-autriche","tag-regional-transport-vorarlberg","tag-regionale-verkehre-vorarlberg","tag-schwerlastverkehr-e-lkw","tag-solutions-de-transport-neutres-en-co","tag-strategie-delectromobilite","tag-sustainable-logistics","tag-systemes-dapprovisionnement-en-energie","tag-systemes-photovoltaiques-logistique","tag-transport-industry-austria","tag-transport-longue-distance-camions-electriques","tag-transport-sans-emissions","tag-transports-regionaux-vorarlberg","tag-transportwirtschaft-oesterreich"],"acf":[],"yoast_head":"<!-- This site is optimized with the Yoast SEO plugin v27.3 - https:\/\/yoast.com\/product\/yoast-seo-wordpress\/ -->\n<title>Gebr\u00fcder Weiss encomenda 14 Mercedes-Benz eActros 600 - Loginfo24<\/title>\n<meta name=\"robots\" content=\"index, follow, max-snippet:-1, max-image-preview:large, max-video-preview:-1\" \/>\n<link rel=\"canonical\" href=\"https:\/\/loginfo24.com\/pt-pt\/2026\/04\/28\/gebrueder-weiss-encomenda-14-mercedes-benz-eactros-600\/\" \/>\n<meta property=\"og:locale\" content=\"pt_PT\" \/>\n<meta property=\"og:type\" content=\"article\" \/>\n<meta property=\"og:title\" content=\"Gebr\u00fcder Weiss encomenda 14 Mercedes-Benz eActros 600 - Loginfo24\" \/>\n<meta property=\"og:description\" content=\"O logisticista Gebr\u00fcder Weiss ir\u00e1 utilizar um total de 25 Mercedes-Benz eActros at\u00e9 o final de 2026 e expandir\u00e1 sua pr\u00f3pria infraestrutura de carregamento em v\u00e1rios locais.\" \/>\n<meta property=\"og:url\" content=\"https:\/\/loginfo24.com\/pt-pt\/2026\/04\/28\/gebrueder-weiss-encomenda-14-mercedes-benz-eactros-600\/\" \/>\n<meta property=\"og:site_name\" content=\"Loginfo24\" \/>\n<meta property=\"article:publisher\" content=\"https:\/\/www.facebook.com\/people\/Loginfo24\/100057360583332\/\" \/>\n<meta property=\"article:published_time\" content=\"2026-04-28T10:54:12+00:00\" \/>\n<meta property=\"og:image\" content=\"https:\/\/loginfo24.com\/wp-content\/uploads\/sites\/7\/2026\/04\/26DT076_001-scaled-aspect-ratio-1400-788-scaled-1.jpg\" \/>\n\t<meta property=\"og:image:width\" content=\"2560\" \/>\n\t<meta property=\"og:image:height\" content=\"1441\" \/>\n\t<meta property=\"og:image:type\" content=\"image\/jpeg\" \/>\n<meta name=\"author\" content=\"Andreas M\u00fcller\" \/>\n<meta name=\"twitter:card\" content=\"summary_large_image\" \/>\n<meta name=\"twitter:label1\" content=\"Escrito por\" \/>\n\t<meta name=\"twitter:data1\" content=\"Andreas M\u00fcller\" \/>\n\t<meta name=\"twitter:label2\" content=\"Tempo estimado de leitura\" \/>\n\t<meta name=\"twitter:data2\" content=\"3 minutos\" \/>\n<script type=\"application\/ld+json\" class=\"yoast-schema-graph\">{\"@context\":\"https:\\\/\\\/schema.org\",\"@graph\":[{\"@type\":\"Article\",\"@id\":\"https:\\\/\\\/loginfo24.com\\\/pt-pt\\\/2026\\\/04\\\/28\\\/gebrueder-weiss-encomenda-14-mercedes-benz-eactros-600\\\/#article\",\"isPartOf\":{\"@id\":\"https:\\\/\\\/loginfo24.com\\\/pt-pt\\\/2026\\\/04\\\/28\\\/gebrueder-weiss-encomenda-14-mercedes-benz-eactros-600\\\/\"},\"author\":{\"name\":\"Andreas M\u00fcller\",\"@id\":\"https:\\\/\\\/loginfo24.com\\\/pt-pt\\\/#\\\/schema\\\/person\\\/7b1593b33567ba798d300c8a1b0b85b1\"},\"headline\":\"Gebr\u00fcder Weiss encomenda 14 Mercedes-Benz eActros 600\",\"datePublished\":\"2026-04-28T10:54:12+00:00\",\"mainEntityOfPage\":{\"@id\":\"https:\\\/\\\/loginfo24.com\\\/pt-pt\\\/2026\\\/04\\\/28\\\/gebrueder-weiss-encomenda-14-mercedes-benz-eactros-600\\\/\"},\"wordCount\":675,\"commentCount\":0,\"publisher\":{\"@id\":\"https:\\\/\\\/loginfo24.com\\\/pt-pt\\\/#organization\"},\"image\":{\"@id\":\"https:\\\/\\\/loginfo24.com\\\/pt-pt\\\/2026\\\/04\\\/28\\\/gebrueder-weiss-encomenda-14-mercedes-benz-eactros-600\\\/#primaryimage\"},\"thumbnailUrl\":\"https:\\\/\\\/loginfo24.com\\\/wp-content\\\/uploads\\\/sites\\\/7\\\/2026\\\/04\\\/26DT076_001-scaled-aspect-ratio-1400-788-scaled-1.jpg\",\"keywords\":[\"camions \u00e9lectriques Autriche\",\"camions lourds \u00e9lectriques\",\"charging infrastructure electric trucks\",\"CO\u2082-neutral transport solutions\",\"CO\u2082-neutrale Transportl\u00f6sungen\",\"Daimler Truck Austria\",\"Daimler Truck Autriche\",\"Daimler Truck \u00d6sterreich\",\"Deutsch Gebr\u00fcder Weiss\",\"Digitalisierung Logistik\",\"digitalization logistics\",\"e-fleet expansion Fran\u00e7ais Gebr\u00fcder Weiss\",\"E-Flotte Ausbau English Gebr\u00fcder Weiss\",\"E-Lkw \u00d6sterreich\",\"E-Mobilit\u00e4t Strategie\",\"e-mobility strategy\",\"electric trucks Austria\",\"\u00e9lectromobilit\u00e9 transport\",\"electromobility transport\",\"Elektromobilit\u00e4t Transport\",\"emission-free transport\",\"emissionsfreier Transport\",\"Energieversorgungssysteme\",\"energy supply systems\",\"expansion flotte \u00e9lectrique\",\"Fernverkehr E-Lkw\",\"heavy-duty electric trucks\",\"industrie du transport Autriche\",\"infrastructure charging points\",\"infrastructure de recharge camions \u00e9lectriques\",\"infrastructure points de recharge\",\"Infrastruktur Ladepunkte\",\"Ladeinfrastruktur E-Lkw\",\"logistics service providers Austria\",\"Logistikdienstleister \u00d6sterreich\",\"logistique durable\",\"long-distance transport electric trucks\",\"Mercedes-Benz eActros 600\",\"nachhaltige Logistik\",\"num\u00e9risation logistique\",\"photovoltaic systems logistics\",\"Photovoltaikanlage Logistik\",\"prestataires de services logistiques Autriche\",\"regional transport Vorarlberg\",\"regionale Verkehre Vorarlberg\",\"Schwerlastverkehr E-Lkw\",\"solutions de transport neutres en CO\u2082\",\"strat\u00e9gie d'\u00e9lectromobilit\u00e9\",\"sustainable logistics\",\"syst\u00e8mes d'approvisionnement en \u00e9nergie\",\"syst\u00e8mes photovolta\u00efques logistique\",\"transport industry Austria\",\"transport longue distance camions \u00e9lectriques\",\"transport sans \u00e9missions\",\"transports r\u00e9gionaux Vorarlberg\",\"Transportwirtschaft \u00d6sterreich\"],\"articleSection\":[\"Alemanha\",\"\u00c1ustria\",\"Intermodal \\\/ Rodovi\u00e1rio\"],\"inLanguage\":\"pt-PT\",\"potentialAction\":[{\"@type\":\"CommentAction\",\"name\":\"Comment\",\"target\":[\"https:\\\/\\\/loginfo24.com\\\/pt-pt\\\/2026\\\/04\\\/28\\\/gebrueder-weiss-encomenda-14-mercedes-benz-eactros-600\\\/#respond\"]}]},{\"@type\":\"WebPage\",\"@id\":\"https:\\\/\\\/loginfo24.com\\\/pt-pt\\\/2026\\\/04\\\/28\\\/gebrueder-weiss-encomenda-14-mercedes-benz-eactros-600\\\/\",\"url\":\"https:\\\/\\\/loginfo24.com\\\/pt-pt\\\/2026\\\/04\\\/28\\\/gebrueder-weiss-encomenda-14-mercedes-benz-eactros-600\\\/\",\"name\":\"Gebr\u00fcder Weiss encomenda 14 Mercedes-Benz eActros 600 - Loginfo24\",\"isPartOf\":{\"@id\":\"https:\\\/\\\/loginfo24.com\\\/pt-pt\\\/#website\"},\"primaryImageOfPage\":{\"@id\":\"https:\\\/\\\/loginfo24.com\\\/pt-pt\\\/2026\\\/04\\\/28\\\/gebrueder-weiss-encomenda-14-mercedes-benz-eactros-600\\\/#primaryimage\"},\"image\":{\"@id\":\"https:\\\/\\\/loginfo24.com\\\/pt-pt\\\/2026\\\/04\\\/28\\\/gebrueder-weiss-encomenda-14-mercedes-benz-eactros-600\\\/#primaryimage\"},\"thumbnailUrl\":\"https:\\\/\\\/loginfo24.com\\\/wp-content\\\/uploads\\\/sites\\\/7\\\/2026\\\/04\\\/26DT076_001-scaled-aspect-ratio-1400-788-scaled-1.jpg\",\"datePublished\":\"2026-04-28T10:54:12+00:00\",\"breadcrumb\":{\"@id\":\"https:\\\/\\\/loginfo24.com\\\/pt-pt\\\/2026\\\/04\\\/28\\\/gebrueder-weiss-encomenda-14-mercedes-benz-eactros-600\\\/#breadcrumb\"},\"inLanguage\":\"pt-PT\",\"potentialAction\":[{\"@type\":\"ReadAction\",\"target\":[\"https:\\\/\\\/loginfo24.com\\\/pt-pt\\\/2026\\\/04\\\/28\\\/gebrueder-weiss-encomenda-14-mercedes-benz-eactros-600\\\/\"]}]},{\"@type\":\"ImageObject\",\"inLanguage\":\"pt-PT\",\"@id\":\"https:\\\/\\\/loginfo24.com\\\/pt-pt\\\/2026\\\/04\\\/28\\\/gebrueder-weiss-encomenda-14-mercedes-benz-eactros-600\\\/#primaryimage\",\"url\":\"https:\\\/\\\/loginfo24.com\\\/wp-content\\\/uploads\\\/sites\\\/7\\\/2026\\\/04\\\/26DT076_001-scaled-aspect-ratio-1400-788-scaled-1.jpg\",\"contentUrl\":\"https:\\\/\\\/loginfo24.com\\\/wp-content\\\/uploads\\\/sites\\\/7\\\/2026\\\/04\\\/26DT076_001-scaled-aspect-ratio-1400-788-scaled-1.jpg\",\"width\":2560,\"height\":1441},{\"@type\":\"BreadcrumbList\",\"@id\":\"https:\\\/\\\/loginfo24.com\\\/pt-pt\\\/2026\\\/04\\\/28\\\/gebrueder-weiss-encomenda-14-mercedes-benz-eactros-600\\\/#breadcrumb\",\"itemListElement\":[{\"@type\":\"ListItem\",\"position\":1,\"name\":\"Startseite\",\"item\":\"https:\\\/\\\/loginfo24.com\\\/pt-pt\\\/\"},{\"@type\":\"ListItem\",\"position\":2,\"name\":\"Gebr\u00fcder Weiss encomenda 14 Mercedes-Benz eActros 600\"}]},{\"@type\":\"WebSite\",\"@id\":\"https:\\\/\\\/loginfo24.com\\\/pt-pt\\\/#website\",\"url\":\"https:\\\/\\\/loginfo24.com\\\/pt-pt\\\/\",\"name\":\"Loginfo24\",\"description\":\"Loginfo24 \u00e9 a plataforma dedicada \u00e0 log\u00edstica e \u00e0s cadeias de abastecimento, com informa\u00e7\u00f5es dispon\u00edveis 24 horas por dia.\",\"publisher\":{\"@id\":\"https:\\\/\\\/loginfo24.com\\\/pt-pt\\\/#organization\"},\"potentialAction\":[{\"@type\":\"SearchAction\",\"target\":{\"@type\":\"EntryPoint\",\"urlTemplate\":\"https:\\\/\\\/loginfo24.com\\\/pt-pt\\\/?s={search_term_string}\"},\"query-input\":{\"@type\":\"PropertyValueSpecification\",\"valueRequired\":true,\"valueName\":\"search_term_string\"}}],\"inLanguage\":\"pt-PT\"},{\"@type\":\"Organization\",\"@id\":\"https:\\\/\\\/loginfo24.com\\\/pt-pt\\\/#organization\",\"name\":\"Logismedia Group AG\",\"url\":\"https:\\\/\\\/loginfo24.com\\\/pt-pt\\\/\",\"logo\":{\"@type\":\"ImageObject\",\"inLanguage\":\"pt-PT\",\"@id\":\"https:\\\/\\\/loginfo24.com\\\/pt-pt\\\/#\\\/schema\\\/logo\\\/image\\\/\",\"url\":\"https:\\\/\\\/loginfo24.com\\\/wp-content\\\/uploads\\\/sites\\\/7\\\/2026\\\/01\\\/Logo_LogInfo24.png\",\"contentUrl\":\"https:\\\/\\\/loginfo24.com\\\/wp-content\\\/uploads\\\/sites\\\/7\\\/2026\\\/01\\\/Logo_LogInfo24.png\",\"width\":938,\"height\":351,\"caption\":\"Logismedia Group AG\"},\"image\":{\"@id\":\"https:\\\/\\\/loginfo24.com\\\/pt-pt\\\/#\\\/schema\\\/logo\\\/image\\\/\"},\"sameAs\":[\"https:\\\/\\\/www.facebook.com\\\/people\\\/Loginfo24\\\/100057360583332\\\/\",\"https:\\\/\\\/www.linkedin.com\\\/company\\\/lofinfo24\\\/\"]},{\"@type\":\"Person\",\"@id\":\"https:\\\/\\\/loginfo24.com\\\/pt-pt\\\/#\\\/schema\\\/person\\\/7b1593b33567ba798d300c8a1b0b85b1\",\"name\":\"Andreas M\u00fcller\",\"url\":\"https:\\\/\\\/loginfo24.com\\\/pt-pt\\\/author\\\/logismedia\\\/\"}]}<\/script>\n<!-- \/ Yoast SEO plugin. -->","yoast_head_json":{"title":"Gebr\u00fcder Weiss encomenda 14 Mercedes-Benz eActros 600 - Loginfo24","robots":{"index":"index","follow":"follow","max-snippet":"max-snippet:-1","max-image-preview":"max-image-preview:large","max-video-preview":"max-video-preview:-1"},"canonical":"https:\/\/loginfo24.com\/pt-pt\/2026\/04\/28\/gebrueder-weiss-encomenda-14-mercedes-benz-eactros-600\/","og_locale":"pt_PT","og_type":"article","og_title":"Gebr\u00fcder Weiss encomenda 14 Mercedes-Benz eActros 600 - Loginfo24","og_description":"O logisticista Gebr\u00fcder Weiss ir\u00e1 utilizar um total de 25 Mercedes-Benz eActros at\u00e9 o final de 2026 e expandir\u00e1 sua pr\u00f3pria infraestrutura de carregamento em v\u00e1rios locais.","og_url":"https:\/\/loginfo24.com\/pt-pt\/2026\/04\/28\/gebrueder-weiss-encomenda-14-mercedes-benz-eactros-600\/","og_site_name":"Loginfo24","article_publisher":"https:\/\/www.facebook.com\/people\/Loginfo24\/100057360583332\/","article_published_time":"2026-04-28T10:54:12+00:00","og_image":[{"width":2560,"height":1441,"url":"https:\/\/loginfo24.com\/wp-content\/uploads\/sites\/7\/2026\/04\/26DT076_001-scaled-aspect-ratio-1400-788-scaled-1.jpg","type":"image\/jpeg"}],"author":"Andreas M\u00fcller","twitter_card":"summary_large_image","twitter_misc":{"Escrito por":"Andreas M\u00fcller","Tempo estimado de leitura":"3 minutos"},"schema":{"@context":"https:\/\/schema.org","@graph":[{"@type":"Article","@id":"https:\/\/loginfo24.com\/pt-pt\/2026\/04\/28\/gebrueder-weiss-encomenda-14-mercedes-benz-eactros-600\/#article","isPartOf":{"@id":"https:\/\/loginfo24.com\/pt-pt\/2026\/04\/28\/gebrueder-weiss-encomenda-14-mercedes-benz-eactros-600\/"},"author":{"name":"Andreas M\u00fcller","@id":"https:\/\/loginfo24.com\/pt-pt\/#\/schema\/person\/7b1593b33567ba798d300c8a1b0b85b1"},"headline":"Gebr\u00fcder Weiss encomenda 14 Mercedes-Benz eActros 600","datePublished":"2026-04-28T10:54:12+00:00","mainEntityOfPage":{"@id":"https:\/\/loginfo24.com\/pt-pt\/2026\/04\/28\/gebrueder-weiss-encomenda-14-mercedes-benz-eactros-600\/"},"wordCount":675,"commentCount":0,"publisher":{"@id":"https:\/\/loginfo24.com\/pt-pt\/#organization"},"image":{"@id":"https:\/\/loginfo24.com\/pt-pt\/2026\/04\/28\/gebrueder-weiss-encomenda-14-mercedes-benz-eactros-600\/#primaryimage"},"thumbnailUrl":"https:\/\/loginfo24.com\/wp-content\/uploads\/sites\/7\/2026\/04\/26DT076_001-scaled-aspect-ratio-1400-788-scaled-1.jpg","keywords":["camions \u00e9lectriques Autriche","camions lourds \u00e9lectriques","charging infrastructure electric trucks","CO\u2082-neutral transport solutions","CO\u2082-neutrale Transportl\u00f6sungen","Daimler Truck Austria","Daimler Truck Autriche","Daimler Truck \u00d6sterreich","Deutsch Gebr\u00fcder Weiss","Digitalisierung Logistik","digitalization logistics","e-fleet expansion Fran\u00e7ais Gebr\u00fcder Weiss","E-Flotte Ausbau English Gebr\u00fcder Weiss","E-Lkw \u00d6sterreich","E-Mobilit\u00e4t Strategie","e-mobility strategy","electric trucks Austria","\u00e9lectromobilit\u00e9 transport","electromobility transport","Elektromobilit\u00e4t Transport","emission-free transport","emissionsfreier Transport","Energieversorgungssysteme","energy supply systems","expansion flotte \u00e9lectrique","Fernverkehr E-Lkw","heavy-duty electric trucks","industrie du transport Autriche","infrastructure charging points","infrastructure de recharge camions \u00e9lectriques","infrastructure points de recharge","Infrastruktur Ladepunkte","Ladeinfrastruktur E-Lkw","logistics service providers Austria","Logistikdienstleister \u00d6sterreich","logistique durable","long-distance transport electric trucks","Mercedes-Benz eActros 600","nachhaltige Logistik","num\u00e9risation logistique","photovoltaic systems logistics","Photovoltaikanlage Logistik","prestataires de services logistiques Autriche","regional transport Vorarlberg","regionale Verkehre Vorarlberg","Schwerlastverkehr E-Lkw","solutions de transport neutres en CO\u2082","strat\u00e9gie d'\u00e9lectromobilit\u00e9","sustainable logistics","syst\u00e8mes d'approvisionnement en \u00e9nergie","syst\u00e8mes photovolta\u00efques logistique","transport industry Austria","transport longue distance camions \u00e9lectriques","transport sans \u00e9missions","transports r\u00e9gionaux Vorarlberg","Transportwirtschaft \u00d6sterreich"],"articleSection":["Alemanha","\u00c1ustria","Intermodal \/ Rodovi\u00e1rio"],"inLanguage":"pt-PT","potentialAction":[{"@type":"CommentAction","name":"Comment","target":["https:\/\/loginfo24.com\/pt-pt\/2026\/04\/28\/gebrueder-weiss-encomenda-14-mercedes-benz-eactros-600\/#respond"]}]},{"@type":"WebPage","@id":"https:\/\/loginfo24.com\/pt-pt\/2026\/04\/28\/gebrueder-weiss-encomenda-14-mercedes-benz-eactros-600\/","url":"https:\/\/loginfo24.com\/pt-pt\/2026\/04\/28\/gebrueder-weiss-encomenda-14-mercedes-benz-eactros-600\/","name":"Gebr\u00fcder Weiss encomenda 14 Mercedes-Benz eActros 600 - Loginfo24","isPartOf":{"@id":"https:\/\/loginfo24.com\/pt-pt\/#website"},"primaryImageOfPage":{"@id":"https:\/\/loginfo24.com\/pt-pt\/2026\/04\/28\/gebrueder-weiss-encomenda-14-mercedes-benz-eactros-600\/#primaryimage"},"image":{"@id":"https:\/\/loginfo24.com\/pt-pt\/2026\/04\/28\/gebrueder-weiss-encomenda-14-mercedes-benz-eactros-600\/#primaryimage"},"thumbnailUrl":"https:\/\/loginfo24.com\/wp-content\/uploads\/sites\/7\/2026\/04\/26DT076_001-scaled-aspect-ratio-1400-788-scaled-1.jpg","datePublished":"2026-04-28T10:54:12+00:00","breadcrumb":{"@id":"https:\/\/loginfo24.com\/pt-pt\/2026\/04\/28\/gebrueder-weiss-encomenda-14-mercedes-benz-eactros-600\/#breadcrumb"},"inLanguage":"pt-PT","potentialAction":[{"@type":"ReadAction","target":["https:\/\/loginfo24.com\/pt-pt\/2026\/04\/28\/gebrueder-weiss-encomenda-14-mercedes-benz-eactros-600\/"]}]},{"@type":"ImageObject","inLanguage":"pt-PT","@id":"https:\/\/loginfo24.com\/pt-pt\/2026\/04\/28\/gebrueder-weiss-encomenda-14-mercedes-benz-eactros-600\/#primaryimage","url":"https:\/\/loginfo24.com\/wp-content\/uploads\/sites\/7\/2026\/04\/26DT076_001-scaled-aspect-ratio-1400-788-scaled-1.jpg","contentUrl":"https:\/\/loginfo24.com\/wp-content\/uploads\/sites\/7\/2026\/04\/26DT076_001-scaled-aspect-ratio-1400-788-scaled-1.jpg","width":2560,"height":1441},{"@type":"BreadcrumbList","@id":"https:\/\/loginfo24.com\/pt-pt\/2026\/04\/28\/gebrueder-weiss-encomenda-14-mercedes-benz-eactros-600\/#breadcrumb","itemListElement":[{"@type":"ListItem","position":1,"name":"Startseite","item":"https:\/\/loginfo24.com\/pt-pt\/"},{"@type":"ListItem","position":2,"name":"Gebr\u00fcder Weiss encomenda 14 Mercedes-Benz eActros 600"}]},{"@type":"WebSite","@id":"https:\/\/loginfo24.com\/pt-pt\/#website","url":"https:\/\/loginfo24.com\/pt-pt\/","name":"Loginfo24","description":"Loginfo24 \u00e9 a plataforma dedicada \u00e0 log\u00edstica e \u00e0s cadeias de abastecimento, com informa\u00e7\u00f5es dispon\u00edveis 24 horas por dia.","publisher":{"@id":"https:\/\/loginfo24.com\/pt-pt\/#organization"},"potentialAction":[{"@type":"SearchAction","target":{"@type":"EntryPoint","urlTemplate":"https:\/\/loginfo24.com\/pt-pt\/?s={search_term_string}"},"query-input":{"@type":"PropertyValueSpecification","valueRequired":true,"valueName":"search_term_string"}}],"inLanguage":"pt-PT"},{"@type":"Organization","@id":"https:\/\/loginfo24.com\/pt-pt\/#organization","name":"Logismedia Group AG","url":"https:\/\/loginfo24.com\/pt-pt\/","logo":{"@type":"ImageObject","inLanguage":"pt-PT","@id":"https:\/\/loginfo24.com\/pt-pt\/#\/schema\/logo\/image\/","url":"https:\/\/loginfo24.com\/wp-content\/uploads\/sites\/7\/2026\/01\/Logo_LogInfo24.png","contentUrl":"https:\/\/loginfo24.com\/wp-content\/uploads\/sites\/7\/2026\/01\/Logo_LogInfo24.png","width":938,"height":351,"caption":"Logismedia Group AG"},"image":{"@id":"https:\/\/loginfo24.com\/pt-pt\/#\/schema\/logo\/image\/"},"sameAs":["https:\/\/www.facebook.com\/people\/Loginfo24\/100057360583332\/","https:\/\/www.linkedin.com\/company\/lofinfo24\/"]},{"@type":"Person","@id":"https:\/\/loginfo24.com\/pt-pt\/#\/schema\/person\/7b1593b33567ba798d300c8a1b0b85b1","name":"Andreas M\u00fcller","url":"https:\/\/loginfo24.com\/pt-pt\/author\/logismedia\/"}]}},"_links":{"self":[{"href":"https:\/\/loginfo24.com\/pt-pt\/wp-json\/wp\/v2\/posts\/79402","targetHints":{"allow":["GET"]}}],"collection":[{"href":"https:\/\/loginfo24.com\/pt-pt\/wp-json\/wp\/v2\/posts"}],"about":[{"href":"https:\/\/loginfo24.com\/pt-pt\/wp-json\/wp\/v2\/types\/post"}],"author":[{"embeddable":true,"href":"https:\/\/loginfo24.com\/pt-pt\/wp-json\/wp\/v2\/users\/7"}],"replies":[{"embeddable":true,"href":"https:\/\/loginfo24.com\/pt-pt\/wp-json\/wp\/v2\/comments?post=79402"}],"version-history":[{"count":0,"href":"https:\/\/loginfo24.com\/pt-pt\/wp-json\/wp\/v2\/posts\/79402\/revisions"}],"wp:featuredmedia":[{"embeddable":true,"href":"https:\/\/loginfo24.com\/pt-pt\/wp-json\/wp\/v2\/media\/79397"}],"wp:attachment":[{"href":"https:\/\/loginfo24.com\/pt-pt\/wp-json\/wp\/v2\/media?parent=79402"}],"wp:term":[{"taxonomy":"category","embeddable":true,"href":"https:\/\/loginfo24.com\/pt-pt\/wp-json\/wp\/v2\/categories?post=79402"},{"taxonomy":"post_tag","embeddable":true,"href":"https:\/\/loginfo24.com\/pt-pt\/wp-json\/wp\/v2\/tags?post=79402"}],"curies":[{"name":"wp","href":"https:\/\/api.w.org\/{rel}","templated":true}]}}