{"id":79371,"date":"2026-04-28T10:26:05","date_gmt":"2026-04-28T10:26:05","guid":{"rendered":"https:\/\/loginfo24.com\/2026\/04\/28\/forum-de-formacao-da-associacao-dos-armadores-alemaes\/"},"modified":"2026-04-28T10:26:05","modified_gmt":"2026-04-28T10:26:05","slug":"forum-de-formacao-da-associacao-dos-armadores-alemaes","status":"publish","type":"post","link":"https:\/\/loginfo24.com\/pt-pt\/2026\/04\/28\/forum-de-formacao-da-associacao-dos-armadores-alemaes\/","title":{"rendered":"F\u00f3rum de Forma\u00e7\u00e3o da Associa\u00e7\u00e3o dos Armadores Alem\u00e3es"},"content":{"rendered":"<p>Em Baixa Sax\u00f4nia, a economia e a pol\u00edtica mar\u00edtimas deram um sinal em 28 de abril, durante o f\u00f3rum de forma\u00e7\u00e3o da Associa\u00e7\u00e3o dos Armadores Alem\u00e3es (VDR) em Leer, para atrair novos talentos para a navega\u00e7\u00e3o mar\u00edtima. Antes da Confer\u00eancia Mar\u00edtima Nacional do governo federal em Emden, foi destacada a import\u00e2ncia de profissionais qualificados para o local mar\u00edtimo da Alemanha.<\/p>\n<p>Os n\u00fameros mostram um desenvolvimento positivo: em 2025, o n\u00famero de iniciantes na navega\u00e7\u00e3o comercial alem\u00e3 atingiu 743 novos entrantes, o maior n\u00edvel em mais de uma d\u00e9cada. As carreiras de oficiais n\u00e1uticos e t\u00e9cnicos, a forma\u00e7\u00e3o de mec\u00e2nicos de navios e a forma\u00e7\u00e3o de comerciantes mar\u00edtimos s\u00e3o especialmente procuradas.<\/p>\n<h3>Novos talentos como chave para o futuro<\/h3>\n<p>Gaby Bornheim, presidente do VDR, enfatizou a necessidade de fortalecer ainda mais a din\u00e2mica na capta\u00e7\u00e3o de novos talentos. \u201cNossos esfor\u00e7os est\u00e3o dando frutos: novos talentos s\u00e3o a chave para o futuro da navega\u00e7\u00e3o comercial e para a competitividade do nosso local. Quem vivencia a navega\u00e7\u00e3o fica entusiasmado \u2013 equipes internacionais, tecnologia de ponta e a chance de descobrir o mundo tornam a navega\u00e7\u00e3o comercial atraente para muitos jovens\u201d, explicou.<\/p>\n<p>O setor aposta em programas de novos talentos novos e comprovados para proporcionar uma vis\u00e3o precoce do mundo profissional. O programa de embaixadores SeaYou oferece aos jovens marinheiros uma vis\u00e3o aut\u00eantica do seu dia a dia profissional, enquanto o programa de f\u00e9rias para marinheiros permite que alunos vivenciem de perto a rotina em navios porta-cont\u00eaineres, graneleiros e rebocadores. Neste ano, mais de 70 jovens se inscreveram para participar deste programa.<\/p>\n<h3>Import\u00e2ncia regional da economia mar\u00edtima<\/h3>\n<p>Para a cidade de Leer, a economia mar\u00edtima \u00e9 de import\u00e2ncia central. O prefeito Claus-Peter Horst declarou: \u201cA economia mar\u00edtima \u00e9 uma parte marcante da identidade da cidade de Leer. Portanto, \u00e9 do nosso interesse primordial atrair novas for\u00e7as para a navega\u00e7\u00e3o. Com a oferta de cursos pr\u00e1ticos e programas de forma\u00e7\u00e3o, o Maritime Campus em nossa cidade desempenha um papel decisivo na promo\u00e7\u00e3o de novos talentos.\u201d<\/p>\n<p>A pol\u00edtica apoia essa dire\u00e7\u00e3o. Gitta Connemann, secret\u00e1ria de Estado parlamentar no Minist\u00e9rio Federal da Economia e Energia, enfatizou a import\u00e2ncia do trabalho em alto-mar: \u201cOs n\u00fameros crescentes de iniciantes na navega\u00e7\u00e3o comercial mostram: o trabalho em alto-mar \u00e9 emocionante e resistente a crises. Nossos portos, nossos navios, nossos locais mar\u00edtimos precisam de jovens bem treinados. Isso beneficia n\u00e3o apenas as empresas nos cais, mas toda a economia alem\u00e3.\u201d<\/p>\n<h3>Falta de m\u00e3o de obra qualificada e padr\u00f5es de forma\u00e7\u00e3o<\/h3>\n<p>Wibke Mellwig, chefe do departamento de vias naveg\u00e1veis e navega\u00e7\u00e3o no Minist\u00e9rio Federal dos Transportes, destacou que o conhecimento mar\u00edtimo desempenha um papel fundamental para o local de navega\u00e7\u00e3o da Alemanha. \u201cCombater a falta de m\u00e3o de obra qualificada na navega\u00e7\u00e3o mar\u00edtima e garantir uma forma\u00e7\u00e3o mar\u00edtima sustent\u00e1vel s\u00e3o nossas altas prioridades. Queremos atrair novos talentos e manter o conhecimento na Alemanha\u201d, disse ela.<\/p>\n<p>Apoio tamb\u00e9m vem do Bundestag alem\u00e3o para o desenvolvimento cont\u00ednuo. Uwe Schmidt, membro do Bundestag, enfatizou a necessidade de fortalecer ainda mais a forma\u00e7\u00e3o e a qualifica\u00e7\u00e3o: \u201cSem novos talentos qualificados, nosso local de navega\u00e7\u00e3o na Alemanha carece da base para o futuro e o sucesso.\u201d Claudia M\u00fcller, membro do Bundestag, acrescentou que \u00e9 importante manter os jovens a bordo de forma duradoura e oferecer boas perspectivas de emprego.<\/p>\n<p>Stefan J\u00fcngerhans, diretor da empresa de navega\u00e7\u00e3o J\u00fcngerhans e membro da presid\u00eancia do VDR, observou que a competi\u00e7\u00e3o por talentos continua intensa. \u201cQuem introduz os jovens na navega\u00e7\u00e3o cedo e lhes mostra perspectivas reais pode atra\u00ed-los para nosso setor. O crucial \u00e9 que n\u00e3o apenas ofere\u00e7amos forma\u00e7\u00e3o, mas a tornemos vivencial e a acompanhamos de forma confi\u00e1vel\u201d, disse J\u00fcngerhans.<\/p>\n<p>O f\u00f3rum de forma\u00e7\u00e3o destacou a necessidade de alcan\u00e7ar os jovens precocemente, tornar as perspectivas vis\u00edveis e despertar entusiasmo para desenvolver carreiras de longo prazo na navega\u00e7\u00e3o mar\u00edtima.<\/p>\n<p><a href=\"http:\/\/www.reederverband.de\" target=\"_blank\" rel=\"noopener noreferrer\">www.reederverband.de<\/a><\/p>\n","protected":false},"excerpt":{"rendered":"<p>Em 28 de abril, a economia mar\u00edtima e a pol\u00edtica na Baixa Sax\u00f4nia deram um sinal para a capta\u00e7\u00e3o de novos talentos na navega\u00e7\u00e3o mar\u00edtima, visando tornar o setor sustent\u00e1vel para o futuro.<\/p>\n","protected":false},"author":7,"featured_media":79366,"comment_status":"open","ping_status":"","sticky":false,"template":"","format":"standard","meta":{"_acf_changed":false,"footnotes":""},"categories":[6663,1619],"tags":[22292,22293,22294,22295,22296,22297,22298,22299,22300,22301,22302,22303,5010,22304,22305,22306,7301,22307,22308,22309,22310,5050,5051,22311,22312,5016,22313,5017,22314,22315,22316,22317,22318,22319,22320,22321,12724,22322,22323,22324,22325,22326,22327,22328,7320,7322,22329,7324,22330,7327,22331,22332,22333,22334,22335,22336,22337,22338,22339,22340],"class_list":["post-79371","post","type-post","status-publish","format-standard","has-post-thumbnail","hentry","category-alemanha","category-navegacao-e-portos","tag-ausbildung-standards","tag-avenir-formation-maritime","tag-berufseinsteiger-schifffahrt","tag-campus-maritime-leer","tag-career-starters-shipping","tag-carriere-dofficier-nautique","tag-carriere-dofficier-technique","tag-carriere-maritime","tag-commerce-maritime","tag-container-ship-training","tag-containerschiffe-ausbildung","tag-deutsch-ausbildungsforum","tag-economie-maritime","tag-expertise-maritime","tag-fachkraeftemangel-schifffahrt","tag-ferienfahrer-programm","tag-formation-mecanicien-de-navire","tag-formation-sur-navires-porte-conteneurs","tag-future-maritime-training-francais-forum-de-formation","tag-handelsschifffahrt-deutschland","tag-holiday-sailor-program","tag-international-shipping","tag-internationale-schifffahrt","tag-jeunes-professionnels-navigation","tag-maritime-campus-leer","tag-maritime-economy","tag-maritime-expertise","tag-maritime-wirtschaft","tag-maritimes-know-how","tag-merchant-shipping-germany","tag-nachwuchsgewinnung-seeschifffahrt","tag-nautical-officer-career","tag-nautische-offizierslaufbahn","tag-navigation-internationale","tag-navigation-marchande-allemagne","tag-normes-de-formation","tag-penurie-de-main-doeuvre-maritime","tag-politics-maritime-economy","tag-politik-maritime-wirtschaft","tag-politique-economie-maritime","tag-programme-de-marin-de-vacances","tag-recruitment-shipping-industry","tag-recrutement-industrie-maritime","tag-schifffahrtskaufleute","tag-schifffahrtsstandort-deutschland","tag-schiffsmechaniker-ausbildung","tag-seeschifffahrt-karriere","tag-ship-mechanic-training","tag-shipping-career","tag-shipping-location-germany","tag-shipping-merchant","tag-shortage-of-skilled-workers-shipping","tag-site-de-navigation-allemagne","tag-technical-officer-career","tag-technische-offizierslaufbahn","tag-training-standards","tag-vdr-association-des-armateurs-allemands","tag-vdr-association-of-german-shipowners","tag-vdr-verband-deutscher-reeder","tag-zukunft-maritime-ausbildung-english-training-forum"],"acf":[],"yoast_head":"<!-- This site is optimized with the Yoast SEO plugin v27.3 - https:\/\/yoast.com\/product\/yoast-seo-wordpress\/ -->\n<title>F\u00f3rum de Forma\u00e7\u00e3o da Associa\u00e7\u00e3o dos Armadores Alem\u00e3es - Loginfo24<\/title>\n<meta name=\"robots\" content=\"index, follow, max-snippet:-1, max-image-preview:large, max-video-preview:-1\" \/>\n<link rel=\"canonical\" href=\"https:\/\/loginfo24.com\/pt-pt\/2026\/04\/28\/forum-de-formacao-da-associacao-dos-armadores-alemaes\/\" \/>\n<meta property=\"og:locale\" content=\"pt_PT\" \/>\n<meta property=\"og:type\" content=\"article\" \/>\n<meta property=\"og:title\" content=\"F\u00f3rum de Forma\u00e7\u00e3o da Associa\u00e7\u00e3o dos Armadores Alem\u00e3es - Loginfo24\" \/>\n<meta property=\"og:description\" content=\"Em 28 de abril, a economia mar\u00edtima e a pol\u00edtica na Baixa Sax\u00f4nia deram um sinal para a capta\u00e7\u00e3o de novos talentos na navega\u00e7\u00e3o mar\u00edtima, visando tornar o setor sustent\u00e1vel para o futuro.\" \/>\n<meta property=\"og:url\" content=\"https:\/\/loginfo24.com\/pt-pt\/2026\/04\/28\/forum-de-formacao-da-associacao-dos-armadores-alemaes\/\" \/>\n<meta property=\"og:site_name\" content=\"Loginfo24\" \/>\n<meta property=\"article:publisher\" content=\"https:\/\/www.facebook.com\/people\/Loginfo24\/100057360583332\/\" \/>\n<meta property=\"article:published_time\" content=\"2026-04-28T10:26:05+00:00\" \/>\n<meta property=\"og:image\" content=\"https:\/\/loginfo24.com\/wp-content\/uploads\/sites\/7\/2026\/04\/frauen_machen_meer_1125_025_1920x1080-aspect-ratio-1400-788.jpg\" \/>\n\t<meta property=\"og:image:width\" content=\"1920\" \/>\n\t<meta property=\"og:image:height\" content=\"1081\" \/>\n\t<meta property=\"og:image:type\" content=\"image\/jpeg\" \/>\n<meta name=\"author\" content=\"Andreas M\u00fcller\" \/>\n<meta name=\"twitter:card\" content=\"summary_large_image\" \/>\n<meta name=\"twitter:label1\" content=\"Escrito por\" \/>\n\t<meta name=\"twitter:data1\" content=\"Andreas M\u00fcller\" \/>\n\t<meta name=\"twitter:label2\" content=\"Tempo estimado de leitura\" \/>\n\t<meta name=\"twitter:data2\" content=\"4 minutos\" \/>\n<script type=\"application\/ld+json\" class=\"yoast-schema-graph\">{\"@context\":\"https:\\\/\\\/schema.org\",\"@graph\":[{\"@type\":\"Article\",\"@id\":\"https:\\\/\\\/loginfo24.com\\\/pt-pt\\\/2026\\\/04\\\/28\\\/forum-de-formacao-da-associacao-dos-armadores-alemaes\\\/#article\",\"isPartOf\":{\"@id\":\"https:\\\/\\\/loginfo24.com\\\/pt-pt\\\/2026\\\/04\\\/28\\\/forum-de-formacao-da-associacao-dos-armadores-alemaes\\\/\"},\"author\":{\"name\":\"Andreas M\u00fcller\",\"@id\":\"https:\\\/\\\/loginfo24.com\\\/pt-pt\\\/#\\\/schema\\\/person\\\/7b1593b33567ba798d300c8a1b0b85b1\"},\"headline\":\"F\u00f3rum de Forma\u00e7\u00e3o da Associa\u00e7\u00e3o dos Armadores Alem\u00e3es\",\"datePublished\":\"2026-04-28T10:26:05+00:00\",\"mainEntityOfPage\":{\"@id\":\"https:\\\/\\\/loginfo24.com\\\/pt-pt\\\/2026\\\/04\\\/28\\\/forum-de-formacao-da-associacao-dos-armadores-alemaes\\\/\"},\"wordCount\":729,\"commentCount\":0,\"publisher\":{\"@id\":\"https:\\\/\\\/loginfo24.com\\\/pt-pt\\\/#organization\"},\"image\":{\"@id\":\"https:\\\/\\\/loginfo24.com\\\/pt-pt\\\/2026\\\/04\\\/28\\\/forum-de-formacao-da-associacao-dos-armadores-alemaes\\\/#primaryimage\"},\"thumbnailUrl\":\"https:\\\/\\\/loginfo24.com\\\/wp-content\\\/uploads\\\/sites\\\/7\\\/2026\\\/04\\\/frauen_machen_meer_1125_025_1920x1080-aspect-ratio-1400-788.jpg\",\"keywords\":[\"Ausbildung Standards\",\"avenir formation maritime\",\"Berufseinsteiger Schifffahrt\",\"Campus Maritime Leer\",\"career starters shipping\",\"carri\u00e8re d'officier nautique\",\"carri\u00e8re d'officier technique\",\"carri\u00e8re maritime\",\"commerce maritime\",\"container ship training\",\"Containerschiffe Ausbildung\",\"Deutsch Ausbildungsforum\",\"\u00e9conomie maritime\",\"expertise maritime\",\"Fachkr\u00e4ftemangel Schifffahrt\",\"Ferienfahrer-Programm\",\"formation m\u00e9canicien de navire\",\"formation sur navires porte-conteneurs\",\"future maritime training Fran\u00e7ais Forum de formation\",\"Handelsschifffahrt Deutschland\",\"holiday sailor program\",\"international shipping\",\"internationale Schifffahrt\",\"jeunes professionnels navigation\",\"Maritime Campus Leer\",\"maritime economy\",\"maritime Expertise\",\"maritime Wirtschaft\",\"maritimes Know-how\",\"merchant shipping Germany\",\"Nachwuchsgewinnung Seeschifffahrt\",\"nautical officer career\",\"nautische Offizierslaufbahn\",\"navigation internationale\",\"navigation marchande Allemagne\",\"normes de formation\",\"p\u00e9nurie de main-d'\u0153uvre maritime\",\"politics maritime economy\",\"Politik maritime Wirtschaft\",\"politique \u00e9conomie maritime\",\"programme de marin de vacances\",\"recruitment shipping industry\",\"recrutement industrie maritime\",\"Schifffahrtskaufleute\",\"Schifffahrtsstandort Deutschland\",\"Schiffsmechaniker Ausbildung\",\"Seeschifffahrt Karriere\",\"ship mechanic training\",\"shipping career\",\"shipping location Germany\",\"shipping merchant\",\"shortage of skilled workers shipping\",\"site de navigation Allemagne\",\"technical officer career\",\"technische Offizierslaufbahn\",\"training standards\",\"VDR Association des armateurs allemands\",\"VDR Association of German Shipowners\",\"VDR Verband Deutscher Reeder\",\"Zukunft maritime Ausbildung English Training forum\"],\"articleSection\":[\"Alemanha\",\"Navega\u00e7\u00e3o e portos\"],\"inLanguage\":\"pt-PT\",\"potentialAction\":[{\"@type\":\"CommentAction\",\"name\":\"Comment\",\"target\":[\"https:\\\/\\\/loginfo24.com\\\/pt-pt\\\/2026\\\/04\\\/28\\\/forum-de-formacao-da-associacao-dos-armadores-alemaes\\\/#respond\"]}]},{\"@type\":\"WebPage\",\"@id\":\"https:\\\/\\\/loginfo24.com\\\/pt-pt\\\/2026\\\/04\\\/28\\\/forum-de-formacao-da-associacao-dos-armadores-alemaes\\\/\",\"url\":\"https:\\\/\\\/loginfo24.com\\\/pt-pt\\\/2026\\\/04\\\/28\\\/forum-de-formacao-da-associacao-dos-armadores-alemaes\\\/\",\"name\":\"F\u00f3rum de Forma\u00e7\u00e3o da Associa\u00e7\u00e3o dos Armadores Alem\u00e3es - Loginfo24\",\"isPartOf\":{\"@id\":\"https:\\\/\\\/loginfo24.com\\\/pt-pt\\\/#website\"},\"primaryImageOfPage\":{\"@id\":\"https:\\\/\\\/loginfo24.com\\\/pt-pt\\\/2026\\\/04\\\/28\\\/forum-de-formacao-da-associacao-dos-armadores-alemaes\\\/#primaryimage\"},\"image\":{\"@id\":\"https:\\\/\\\/loginfo24.com\\\/pt-pt\\\/2026\\\/04\\\/28\\\/forum-de-formacao-da-associacao-dos-armadores-alemaes\\\/#primaryimage\"},\"thumbnailUrl\":\"https:\\\/\\\/loginfo24.com\\\/wp-content\\\/uploads\\\/sites\\\/7\\\/2026\\\/04\\\/frauen_machen_meer_1125_025_1920x1080-aspect-ratio-1400-788.jpg\",\"datePublished\":\"2026-04-28T10:26:05+00:00\",\"breadcrumb\":{\"@id\":\"https:\\\/\\\/loginfo24.com\\\/pt-pt\\\/2026\\\/04\\\/28\\\/forum-de-formacao-da-associacao-dos-armadores-alemaes\\\/#breadcrumb\"},\"inLanguage\":\"pt-PT\",\"potentialAction\":[{\"@type\":\"ReadAction\",\"target\":[\"https:\\\/\\\/loginfo24.com\\\/pt-pt\\\/2026\\\/04\\\/28\\\/forum-de-formacao-da-associacao-dos-armadores-alemaes\\\/\"]}]},{\"@type\":\"ImageObject\",\"inLanguage\":\"pt-PT\",\"@id\":\"https:\\\/\\\/loginfo24.com\\\/pt-pt\\\/2026\\\/04\\\/28\\\/forum-de-formacao-da-associacao-dos-armadores-alemaes\\\/#primaryimage\",\"url\":\"https:\\\/\\\/loginfo24.com\\\/wp-content\\\/uploads\\\/sites\\\/7\\\/2026\\\/04\\\/frauen_machen_meer_1125_025_1920x1080-aspect-ratio-1400-788.jpg\",\"contentUrl\":\"https:\\\/\\\/loginfo24.com\\\/wp-content\\\/uploads\\\/sites\\\/7\\\/2026\\\/04\\\/frauen_machen_meer_1125_025_1920x1080-aspect-ratio-1400-788.jpg\",\"width\":1920,\"height\":1081},{\"@type\":\"BreadcrumbList\",\"@id\":\"https:\\\/\\\/loginfo24.com\\\/pt-pt\\\/2026\\\/04\\\/28\\\/forum-de-formacao-da-associacao-dos-armadores-alemaes\\\/#breadcrumb\",\"itemListElement\":[{\"@type\":\"ListItem\",\"position\":1,\"name\":\"Startseite\",\"item\":\"https:\\\/\\\/loginfo24.com\\\/pt-pt\\\/\"},{\"@type\":\"ListItem\",\"position\":2,\"name\":\"F\u00f3rum de Forma\u00e7\u00e3o da Associa\u00e7\u00e3o dos Armadores Alem\u00e3es\"}]},{\"@type\":\"WebSite\",\"@id\":\"https:\\\/\\\/loginfo24.com\\\/pt-pt\\\/#website\",\"url\":\"https:\\\/\\\/loginfo24.com\\\/pt-pt\\\/\",\"name\":\"Loginfo24\",\"description\":\"Loginfo24 \u00e9 a plataforma dedicada \u00e0 log\u00edstica e \u00e0s cadeias de abastecimento, com informa\u00e7\u00f5es dispon\u00edveis 24 horas por dia.\",\"publisher\":{\"@id\":\"https:\\\/\\\/loginfo24.com\\\/pt-pt\\\/#organization\"},\"potentialAction\":[{\"@type\":\"SearchAction\",\"target\":{\"@type\":\"EntryPoint\",\"urlTemplate\":\"https:\\\/\\\/loginfo24.com\\\/pt-pt\\\/?s={search_term_string}\"},\"query-input\":{\"@type\":\"PropertyValueSpecification\",\"valueRequired\":true,\"valueName\":\"search_term_string\"}}],\"inLanguage\":\"pt-PT\"},{\"@type\":\"Organization\",\"@id\":\"https:\\\/\\\/loginfo24.com\\\/pt-pt\\\/#organization\",\"name\":\"Logismedia Group AG\",\"url\":\"https:\\\/\\\/loginfo24.com\\\/pt-pt\\\/\",\"logo\":{\"@type\":\"ImageObject\",\"inLanguage\":\"pt-PT\",\"@id\":\"https:\\\/\\\/loginfo24.com\\\/pt-pt\\\/#\\\/schema\\\/logo\\\/image\\\/\",\"url\":\"https:\\\/\\\/loginfo24.com\\\/wp-content\\\/uploads\\\/sites\\\/7\\\/2026\\\/01\\\/Logo_LogInfo24.png\",\"contentUrl\":\"https:\\\/\\\/loginfo24.com\\\/wp-content\\\/uploads\\\/sites\\\/7\\\/2026\\\/01\\\/Logo_LogInfo24.png\",\"width\":938,\"height\":351,\"caption\":\"Logismedia Group AG\"},\"image\":{\"@id\":\"https:\\\/\\\/loginfo24.com\\\/pt-pt\\\/#\\\/schema\\\/logo\\\/image\\\/\"},\"sameAs\":[\"https:\\\/\\\/www.facebook.com\\\/people\\\/Loginfo24\\\/100057360583332\\\/\",\"https:\\\/\\\/www.linkedin.com\\\/company\\\/lofinfo24\\\/\"]},{\"@type\":\"Person\",\"@id\":\"https:\\\/\\\/loginfo24.com\\\/pt-pt\\\/#\\\/schema\\\/person\\\/7b1593b33567ba798d300c8a1b0b85b1\",\"name\":\"Andreas M\u00fcller\",\"url\":\"https:\\\/\\\/loginfo24.com\\\/pt-pt\\\/author\\\/logismedia\\\/\"}]}<\/script>\n<!-- \/ Yoast SEO plugin. -->","yoast_head_json":{"title":"F\u00f3rum de Forma\u00e7\u00e3o da Associa\u00e7\u00e3o dos Armadores Alem\u00e3es - Loginfo24","robots":{"index":"index","follow":"follow","max-snippet":"max-snippet:-1","max-image-preview":"max-image-preview:large","max-video-preview":"max-video-preview:-1"},"canonical":"https:\/\/loginfo24.com\/pt-pt\/2026\/04\/28\/forum-de-formacao-da-associacao-dos-armadores-alemaes\/","og_locale":"pt_PT","og_type":"article","og_title":"F\u00f3rum de Forma\u00e7\u00e3o da Associa\u00e7\u00e3o dos Armadores Alem\u00e3es - Loginfo24","og_description":"Em 28 de abril, a economia mar\u00edtima e a pol\u00edtica na Baixa Sax\u00f4nia deram um sinal para a capta\u00e7\u00e3o de novos talentos na navega\u00e7\u00e3o mar\u00edtima, visando tornar o setor sustent\u00e1vel para o futuro.","og_url":"https:\/\/loginfo24.com\/pt-pt\/2026\/04\/28\/forum-de-formacao-da-associacao-dos-armadores-alemaes\/","og_site_name":"Loginfo24","article_publisher":"https:\/\/www.facebook.com\/people\/Loginfo24\/100057360583332\/","article_published_time":"2026-04-28T10:26:05+00:00","og_image":[{"width":1920,"height":1081,"url":"https:\/\/loginfo24.com\/wp-content\/uploads\/sites\/7\/2026\/04\/frauen_machen_meer_1125_025_1920x1080-aspect-ratio-1400-788.jpg","type":"image\/jpeg"}],"author":"Andreas M\u00fcller","twitter_card":"summary_large_image","twitter_misc":{"Escrito por":"Andreas M\u00fcller","Tempo estimado de leitura":"4 minutos"},"schema":{"@context":"https:\/\/schema.org","@graph":[{"@type":"Article","@id":"https:\/\/loginfo24.com\/pt-pt\/2026\/04\/28\/forum-de-formacao-da-associacao-dos-armadores-alemaes\/#article","isPartOf":{"@id":"https:\/\/loginfo24.com\/pt-pt\/2026\/04\/28\/forum-de-formacao-da-associacao-dos-armadores-alemaes\/"},"author":{"name":"Andreas M\u00fcller","@id":"https:\/\/loginfo24.com\/pt-pt\/#\/schema\/person\/7b1593b33567ba798d300c8a1b0b85b1"},"headline":"F\u00f3rum de Forma\u00e7\u00e3o da Associa\u00e7\u00e3o dos Armadores Alem\u00e3es","datePublished":"2026-04-28T10:26:05+00:00","mainEntityOfPage":{"@id":"https:\/\/loginfo24.com\/pt-pt\/2026\/04\/28\/forum-de-formacao-da-associacao-dos-armadores-alemaes\/"},"wordCount":729,"commentCount":0,"publisher":{"@id":"https:\/\/loginfo24.com\/pt-pt\/#organization"},"image":{"@id":"https:\/\/loginfo24.com\/pt-pt\/2026\/04\/28\/forum-de-formacao-da-associacao-dos-armadores-alemaes\/#primaryimage"},"thumbnailUrl":"https:\/\/loginfo24.com\/wp-content\/uploads\/sites\/7\/2026\/04\/frauen_machen_meer_1125_025_1920x1080-aspect-ratio-1400-788.jpg","keywords":["Ausbildung Standards","avenir formation maritime","Berufseinsteiger Schifffahrt","Campus Maritime Leer","career starters shipping","carri\u00e8re d'officier nautique","carri\u00e8re d'officier technique","carri\u00e8re maritime","commerce maritime","container ship training","Containerschiffe Ausbildung","Deutsch Ausbildungsforum","\u00e9conomie maritime","expertise maritime","Fachkr\u00e4ftemangel Schifffahrt","Ferienfahrer-Programm","formation m\u00e9canicien de navire","formation sur navires porte-conteneurs","future maritime training Fran\u00e7ais Forum de formation","Handelsschifffahrt Deutschland","holiday sailor program","international shipping","internationale Schifffahrt","jeunes professionnels navigation","Maritime Campus Leer","maritime economy","maritime Expertise","maritime Wirtschaft","maritimes Know-how","merchant shipping Germany","Nachwuchsgewinnung Seeschifffahrt","nautical officer career","nautische Offizierslaufbahn","navigation internationale","navigation marchande Allemagne","normes de formation","p\u00e9nurie de main-d'\u0153uvre maritime","politics maritime economy","Politik maritime Wirtschaft","politique \u00e9conomie maritime","programme de marin de vacances","recruitment shipping industry","recrutement industrie maritime","Schifffahrtskaufleute","Schifffahrtsstandort Deutschland","Schiffsmechaniker Ausbildung","Seeschifffahrt Karriere","ship mechanic training","shipping career","shipping location Germany","shipping merchant","shortage of skilled workers shipping","site de navigation Allemagne","technical officer career","technische Offizierslaufbahn","training standards","VDR Association des armateurs allemands","VDR Association of German Shipowners","VDR Verband Deutscher Reeder","Zukunft maritime Ausbildung English Training forum"],"articleSection":["Alemanha","Navega\u00e7\u00e3o e portos"],"inLanguage":"pt-PT","potentialAction":[{"@type":"CommentAction","name":"Comment","target":["https:\/\/loginfo24.com\/pt-pt\/2026\/04\/28\/forum-de-formacao-da-associacao-dos-armadores-alemaes\/#respond"]}]},{"@type":"WebPage","@id":"https:\/\/loginfo24.com\/pt-pt\/2026\/04\/28\/forum-de-formacao-da-associacao-dos-armadores-alemaes\/","url":"https:\/\/loginfo24.com\/pt-pt\/2026\/04\/28\/forum-de-formacao-da-associacao-dos-armadores-alemaes\/","name":"F\u00f3rum de Forma\u00e7\u00e3o da Associa\u00e7\u00e3o dos Armadores Alem\u00e3es - Loginfo24","isPartOf":{"@id":"https:\/\/loginfo24.com\/pt-pt\/#website"},"primaryImageOfPage":{"@id":"https:\/\/loginfo24.com\/pt-pt\/2026\/04\/28\/forum-de-formacao-da-associacao-dos-armadores-alemaes\/#primaryimage"},"image":{"@id":"https:\/\/loginfo24.com\/pt-pt\/2026\/04\/28\/forum-de-formacao-da-associacao-dos-armadores-alemaes\/#primaryimage"},"thumbnailUrl":"https:\/\/loginfo24.com\/wp-content\/uploads\/sites\/7\/2026\/04\/frauen_machen_meer_1125_025_1920x1080-aspect-ratio-1400-788.jpg","datePublished":"2026-04-28T10:26:05+00:00","breadcrumb":{"@id":"https:\/\/loginfo24.com\/pt-pt\/2026\/04\/28\/forum-de-formacao-da-associacao-dos-armadores-alemaes\/#breadcrumb"},"inLanguage":"pt-PT","potentialAction":[{"@type":"ReadAction","target":["https:\/\/loginfo24.com\/pt-pt\/2026\/04\/28\/forum-de-formacao-da-associacao-dos-armadores-alemaes\/"]}]},{"@type":"ImageObject","inLanguage":"pt-PT","@id":"https:\/\/loginfo24.com\/pt-pt\/2026\/04\/28\/forum-de-formacao-da-associacao-dos-armadores-alemaes\/#primaryimage","url":"https:\/\/loginfo24.com\/wp-content\/uploads\/sites\/7\/2026\/04\/frauen_machen_meer_1125_025_1920x1080-aspect-ratio-1400-788.jpg","contentUrl":"https:\/\/loginfo24.com\/wp-content\/uploads\/sites\/7\/2026\/04\/frauen_machen_meer_1125_025_1920x1080-aspect-ratio-1400-788.jpg","width":1920,"height":1081},{"@type":"BreadcrumbList","@id":"https:\/\/loginfo24.com\/pt-pt\/2026\/04\/28\/forum-de-formacao-da-associacao-dos-armadores-alemaes\/#breadcrumb","itemListElement":[{"@type":"ListItem","position":1,"name":"Startseite","item":"https:\/\/loginfo24.com\/pt-pt\/"},{"@type":"ListItem","position":2,"name":"F\u00f3rum de Forma\u00e7\u00e3o da Associa\u00e7\u00e3o dos Armadores Alem\u00e3es"}]},{"@type":"WebSite","@id":"https:\/\/loginfo24.com\/pt-pt\/#website","url":"https:\/\/loginfo24.com\/pt-pt\/","name":"Loginfo24","description":"Loginfo24 \u00e9 a plataforma dedicada \u00e0 log\u00edstica e \u00e0s cadeias de abastecimento, com informa\u00e7\u00f5es dispon\u00edveis 24 horas por dia.","publisher":{"@id":"https:\/\/loginfo24.com\/pt-pt\/#organization"},"potentialAction":[{"@type":"SearchAction","target":{"@type":"EntryPoint","urlTemplate":"https:\/\/loginfo24.com\/pt-pt\/?s={search_term_string}"},"query-input":{"@type":"PropertyValueSpecification","valueRequired":true,"valueName":"search_term_string"}}],"inLanguage":"pt-PT"},{"@type":"Organization","@id":"https:\/\/loginfo24.com\/pt-pt\/#organization","name":"Logismedia Group AG","url":"https:\/\/loginfo24.com\/pt-pt\/","logo":{"@type":"ImageObject","inLanguage":"pt-PT","@id":"https:\/\/loginfo24.com\/pt-pt\/#\/schema\/logo\/image\/","url":"https:\/\/loginfo24.com\/wp-content\/uploads\/sites\/7\/2026\/01\/Logo_LogInfo24.png","contentUrl":"https:\/\/loginfo24.com\/wp-content\/uploads\/sites\/7\/2026\/01\/Logo_LogInfo24.png","width":938,"height":351,"caption":"Logismedia Group AG"},"image":{"@id":"https:\/\/loginfo24.com\/pt-pt\/#\/schema\/logo\/image\/"},"sameAs":["https:\/\/www.facebook.com\/people\/Loginfo24\/100057360583332\/","https:\/\/www.linkedin.com\/company\/lofinfo24\/"]},{"@type":"Person","@id":"https:\/\/loginfo24.com\/pt-pt\/#\/schema\/person\/7b1593b33567ba798d300c8a1b0b85b1","name":"Andreas M\u00fcller","url":"https:\/\/loginfo24.com\/pt-pt\/author\/logismedia\/"}]}},"_links":{"self":[{"href":"https:\/\/loginfo24.com\/pt-pt\/wp-json\/wp\/v2\/posts\/79371","targetHints":{"allow":["GET"]}}],"collection":[{"href":"https:\/\/loginfo24.com\/pt-pt\/wp-json\/wp\/v2\/posts"}],"about":[{"href":"https:\/\/loginfo24.com\/pt-pt\/wp-json\/wp\/v2\/types\/post"}],"author":[{"embeddable":true,"href":"https:\/\/loginfo24.com\/pt-pt\/wp-json\/wp\/v2\/users\/7"}],"replies":[{"embeddable":true,"href":"https:\/\/loginfo24.com\/pt-pt\/wp-json\/wp\/v2\/comments?post=79371"}],"version-history":[{"count":0,"href":"https:\/\/loginfo24.com\/pt-pt\/wp-json\/wp\/v2\/posts\/79371\/revisions"}],"wp:featuredmedia":[{"embeddable":true,"href":"https:\/\/loginfo24.com\/pt-pt\/wp-json\/wp\/v2\/media\/79366"}],"wp:attachment":[{"href":"https:\/\/loginfo24.com\/pt-pt\/wp-json\/wp\/v2\/media?parent=79371"}],"wp:term":[{"taxonomy":"category","embeddable":true,"href":"https:\/\/loginfo24.com\/pt-pt\/wp-json\/wp\/v2\/categories?post=79371"},{"taxonomy":"post_tag","embeddable":true,"href":"https:\/\/loginfo24.com\/pt-pt\/wp-json\/wp\/v2\/tags?post=79371"}],"curies":[{"name":"wp","href":"https:\/\/api.w.org\/{rel}","templated":true}]}}