{"id":79301,"date":"2026-04-27T11:14:00","date_gmt":"2026-04-27T11:14:00","guid":{"rendered":"https:\/\/loginfo24.com\/2026\/04\/27\/geis-gruppe-atinge-receita-recorde-em-2025\/"},"modified":"2026-04-27T13:35:45","modified_gmt":"2026-04-27T11:35:45","slug":"geis-gruppe-atinge-receita-recorde-em-2025","status":"publish","type":"post","link":"https:\/\/loginfo24.com\/pt-pt\/2026\/04\/27\/geis-gruppe-atinge-receita-recorde-em-2025\/","title":{"rendered":"Geis Gruppe atinge receita recorde em 2025"},"content":{"rendered":"<p>A Geis Gruppe alcan\u00e7ou um crescimento de receita de 8,8% no ano fiscal de 2025, totalizando 2,12 bilh\u00f5es de euros, o que representa um novo recorde na hist\u00f3ria da empresa. Apesar das condi\u00e7\u00f5es desafiadoras do mercado, incluindo uma economia moderada e alta press\u00e3o de pre\u00e7os, o grupo familiar conseguiu expandir ainda mais sua posi\u00e7\u00e3o no mercado. Isso foi apoiado por quatro aquisi\u00e7\u00f5es, al\u00e9m de avan\u00e7os nas \u00e1reas de integra\u00e7\u00e3o, internacionaliza\u00e7\u00e3o e digitaliza\u00e7\u00e3o.<\/p>\n<p>Os s\u00f3cios-gerentes Hans-Wolfgang Geis e Jochen Geis enfatizam: \u201c2025 foi novamente marcado por uma economia moderada, alta press\u00e3o de pre\u00e7os e condi\u00e7\u00f5es de mercado, em geral, desafiadoras. Portanto, estamos ainda mais satisfeitos por termos nos mantido firmes e ampliado nossa posi\u00e7\u00e3o no mercado.\u201d Um foco central foi a maior interconex\u00e3o internacional dentro do grupo, bem como a integra\u00e7\u00e3o das empresas adquiridas.<\/p>\n<h3>Aquisi\u00e7\u00f5es estrat\u00e9gicas e crescimento de pessoal<\/h3>\n<p>A Geis Gruppe expandiu sua presen\u00e7a em mercados importantes por meio da aquisi\u00e7\u00e3o do grupo Gras, das localiza\u00e7\u00f5es em G\u00f6ttingen da transportadora Kr\u00fcger, da Agotrans e da ZZ Agentur Stoll na \u00c1ustria. Essas aquisi\u00e7\u00f5es visam fortalecer a posi\u00e7\u00e3o estrat\u00e9gica da empresa a longo prazo. No final de 2025, a Geis Gruppe empregava cerca de 10.000 funcion\u00e1rios em mais de 200 locais em 14 pa\u00edses europeus, o que representa um aumento de aproximadamente 650 funcion\u00e1rios em compara\u00e7\u00e3o ao ano anterior.<\/p>\n<p>No setor de Road Services, foi gerada uma receita de 1,46 bilh\u00f5es de euros, o que corresponde a um aumento de 13,6%. Na Alemanha, o crescimento devido a aquisi\u00e7\u00f5es foi de 26%. Enquanto os mercados de carga fracionada permaneceram tensos, os setores LTL (Less Than Truckload) e FTL (Full Truckload) se mantiveram est\u00e1veis. Um foco central foi a integra\u00e7\u00e3o dos novos locais, que deve ser conclu\u00edda at\u00e9 o final de 2026. Al\u00e9m disso, a Geis Gruppe est\u00e1 avan\u00e7ando na automa\u00e7\u00e3o nas \u00e1reas LTL e FTL por meio de processos baseados em IA.<\/p>\n<h3>Estabilidade no setor de Logistics Services<\/h3>\n<p>O setor de Logistics Services permaneceu est\u00e1vel em rela\u00e7\u00e3o ao ano anterior, com uma receita de 406 milh\u00f5es de euros. Desenvolvimentos particularmente positivos foram registrados na Alemanha, Rep\u00fablica Tcheca e Eslov\u00e1quia. A Geis opera atualmente mais de 100 locais e projetos de log\u00edstica contratada em toda a Europa. As perspectivas para 2026 s\u00e3o otimistas, uma vez que novos clientes importantes j\u00e1 foram conquistados na Alemanha e na \u00c1ustria. Al\u00e9m disso, o grupo v\u00ea potencial de crescimento adicional na Europa Oriental.<\/p>\n<p>No setor de Air + Sea Services, foi gerada uma receita de 181 milh\u00f5es de euros, o que representa uma queda de 2,3% em compara\u00e7\u00e3o ao ano anterior. A principal causa dessa queda s\u00e3o as taxas de frete a\u00e9reo e mar\u00edtimo em decl\u00ednio. No entanto, o setor foi reestruturado estrategicamente e consolidado sob uma lideran\u00e7a central. Klaus Hrazdira, COO da Quehenberger Logistics, \u00e9 respons\u00e1vel pelo neg\u00f3cio europeu desde abril de 2025. A ades\u00e3o \u00e0 rede internacional WACO deve proporcionar novos impulsos.<\/p>\n<h3>Colabora\u00e7\u00e3o internacional e temas futuros<\/h3>\n<p>A Quehenberger Logistics, cujos n\u00fameros est\u00e3o inclu\u00eddos nos valores do grupo, conseguiu um aumento de receita de 1,3% em 2025, totalizando 641 milh\u00f5es de euros. Em particular, os transportes rodovi\u00e1rios se desenvolveram de forma est\u00e1vel. A colabora\u00e7\u00e3o internacional entre Geis e Quehenberger foi intensificada, especialmente nas \u00e1reas de cross-selling e internacionaliza\u00e7\u00e3o. A cria\u00e7\u00e3o de uma gest\u00e3o de contas corporativas internacionais na Geis deve fornecer novos impulsos.<\/p>\n<p>A Geis Gruppe tamb\u00e9m colocou um alto foco em TI e sustentabilidade em 2025. Investimentos direcionados na infraestrutura de TI aumentaram a seguran\u00e7a e a estabilidade dos sistemas. A seguran\u00e7a da TI continua sendo um foco estrat\u00e9gico para minimizar riscos precocemente. A implementa\u00e7\u00e3o da estrat\u00e9gia clim\u00e1tica resultou em uma redu\u00e7\u00e3o significativa das emiss\u00f5es de CO\u2082, apoiada pelo uso de 8,1 milh\u00f5es de litros de HVO. Al\u00e9m disso, a Geis investiu em solu\u00e7\u00f5es pr\u00f3prias de energia e mobilidade el\u00e9trica, incluindo grandes sistemas de armazenamento de baterias e \u00e1reas de fotovoltaica.<\/p>\n<h3>Perspectivas para 2026<\/h3>\n<p>Para o ano de 2026, os s\u00f3cios-gerentes Hans-Wolfgang Geis e Jochen Geis planejam continuar a implementar a estrat\u00e9gia conjunta nas opera\u00e7\u00f5es e expandir o cross-selling. A organiza\u00e7\u00e3o deve ser desenvolvida de forma direcionada para interconectar mais estreitamente as empresas Geis e Quehenberger internacionalmente. O foco estar\u00e1 em otimiza\u00e7\u00f5es de processos, bem como em investimentos em digitaliza\u00e7\u00e3o e IA, para criar estruturas uniformes e eficientes.<\/p>\n<p><a href=\"http:\/\/www.geis-group.de\" target=\"_blank\" rel=\"noopener noreferrer\">www.geis-group.de<\/a><\/p>\n","protected":false},"excerpt":{"rendered":"<p>A Geis Gruppe registrou um crescimento de receita de 8,8 por cento em 2025, totalizando 2,12 bilh\u00f5es de euros, e planeja para 2026 novos investimentos estrat\u00e9gicos em digitaliza\u00e7\u00e3o e colabora\u00e7\u00e3o internacional.<\/p>\n","protected":false},"author":7,"featured_media":79296,"comment_status":"open","ping_status":"","sticky":false,"template":"","format":"standard","meta":{"_acf_changed":false,"footnotes":""},"categories":[6663,6679,1617,1742],"tags":[22075,22076,22077,9590,9591,9592,3855,22078,22079,9906,22080,22081,22082,3738,2115,4521,2166,22083,22084,2700,22085,9917,7153,22086,22087,22088,6446,22089,2133,1831,22090,22091,3750,22092,22093,22094,22095,22096,2139,3157,3756,3757,2720,2148,22097,2193,12290,12291,4098,10888,1916,22098,22099,22100,2154,3125,22101,22102],"class_list":["post-79301","post","type-post","status-publish","format-standard","has-post-thumbnail","hentry","category-alemanha","category-europa","category-expedicao-e-logistica","category-relatorios-financeiros-anuais","tag-acquisitions-dans-lindustrie-du-transport","tag-acquisitions-in-the-transport-industry","tag-akquisitionen-in-der-transportwirtschaft","tag-automation-in-logistics","tag-automatisation-dans-la-logistique","tag-automatisierung-in-der-logistik","tag-co-emissionen-reduzieren","tag-conditions-du-marche-2025","tag-contract-logistics-in-europe","tag-cooperation-internationale","tag-croissance-des-revenus-2025","tag-cross-selling-strategien","tag-cross-selling-strategies","tag-deutsch-geis-gruppe","tag-digitalisierung-in-der-logistik","tag-digitization-in-logistics","tag-durabilite-dans-la-logistique","tag-energie-und-e-mobilitaetsloesungen","tag-energy-and-e-mobility-solutions","tag-fachkraeftemangel-in-der-logistik","tag-infrastructure-informatique-dans-la-logistique","tag-international-cooperation","tag-internationale-zusammenarbeit","tag-it-infrastructure-in-logistics","tag-it-infrastruktur-in-der-logistik","tag-kontraktlogistik-in-europa","tag-labor-shortage-in-logistics","tag-logistics-projects-in-germany","tag-logistics-service-providers","tag-logistikdienstleister","tag-logistikprojekte-in-deutschland","tag-logistique-contractuelle-en-europe","tag-logistique-de-colis","tag-ltl-and-ftl-transport","tag-ltl-und-ftl-transport","tag-market-conditions-2025","tag-marktbedingungen-2025","tag-marktposition-staerken-english-geis-group","tag-nachhaltigkeit-in-der-logistik","tag-numerisation-dans-la-logistique","tag-paketlogistik","tag-parcel-logistics","tag-penurie-de-main-doeuvre-dans-la-logistique","tag-prestataires-de-services-logistiques","tag-projets-logistiques-en-allemagne","tag-rail-freight-transport","tag-reducing-co2-emissions","tag-reduction-des-emissions-de-co","tag-renforcement-de-la-position-sur-le-marche","tag-revenue-growth-2025","tag-schienengueterverkehr","tag-solutions-energetiques-et-de-mobilite-electrique","tag-strategies-de-vente-croisee","tag-strengthening-market-position-francais-groupe-geis","tag-sustainability-in-logistics","tag-transport-ferroviaire-de-marchandises","tag-transport-ltl-et-ftl","tag-umsatzwachstum-2025"],"acf":[],"yoast_head":"<!-- This site is optimized with the Yoast SEO plugin v27.3 - https:\/\/yoast.com\/product\/yoast-seo-wordpress\/ -->\n<title>Geis Gruppe atinge receita recorde em 2025 - Loginfo24<\/title>\n<meta name=\"robots\" content=\"index, follow, max-snippet:-1, max-image-preview:large, max-video-preview:-1\" \/>\n<link rel=\"canonical\" href=\"https:\/\/loginfo24.com\/pt-pt\/2026\/04\/27\/geis-gruppe-atinge-receita-recorde-em-2025\/\" \/>\n<meta property=\"og:locale\" content=\"pt_PT\" \/>\n<meta property=\"og:type\" content=\"article\" \/>\n<meta property=\"og:title\" content=\"Geis Gruppe atinge receita recorde em 2025 - Loginfo24\" \/>\n<meta property=\"og:description\" content=\"A Geis Gruppe registrou um crescimento de receita de 8,8 por cento em 2025, totalizando 2,12 bilh\u00f5es de euros, e planeja para 2026 novos investimentos estrat\u00e9gicos em digitaliza\u00e7\u00e3o e colabora\u00e7\u00e3o internacional.\" \/>\n<meta property=\"og:url\" content=\"https:\/\/loginfo24.com\/pt-pt\/2026\/04\/27\/geis-gruppe-atinge-receita-recorde-em-2025\/\" \/>\n<meta property=\"og:site_name\" content=\"Loginfo24\" \/>\n<meta property=\"article:publisher\" content=\"https:\/\/www.facebook.com\/people\/Loginfo24\/100057360583332\/\" \/>\n<meta property=\"article:published_time\" content=\"2026-04-27T11:14:00+00:00\" \/>\n<meta property=\"article:modified_time\" content=\"2026-04-27T11:35:45+00:00\" \/>\n<meta property=\"og:image\" content=\"https:\/\/loginfo24.com\/wp-content\/uploads\/sites\/7\/2026\/04\/Geis-Gruppe_27.4.26-scaled-aspect-ratio-1400-788-scaled-1.jpg\" \/>\n\t<meta property=\"og:image:width\" content=\"2560\" \/>\n\t<meta property=\"og:image:height\" content=\"1441\" \/>\n\t<meta property=\"og:image:type\" content=\"image\/jpeg\" \/>\n<meta name=\"author\" content=\"Andreas M\u00fcller\" \/>\n<meta name=\"twitter:card\" content=\"summary_large_image\" \/>\n<meta name=\"twitter:label1\" content=\"Escrito por\" \/>\n\t<meta name=\"twitter:data1\" content=\"Andreas M\u00fcller\" \/>\n\t<meta name=\"twitter:label2\" content=\"Tempo estimado de leitura\" \/>\n\t<meta name=\"twitter:data2\" content=\"4 minutos\" \/>\n<script type=\"application\/ld+json\" class=\"yoast-schema-graph\">{\"@context\":\"https:\\\/\\\/schema.org\",\"@graph\":[{\"@type\":\"Article\",\"@id\":\"https:\\\/\\\/loginfo24.com\\\/pt-pt\\\/2026\\\/04\\\/27\\\/geis-gruppe-atinge-receita-recorde-em-2025\\\/#article\",\"isPartOf\":{\"@id\":\"https:\\\/\\\/loginfo24.com\\\/pt-pt\\\/2026\\\/04\\\/27\\\/geis-gruppe-atinge-receita-recorde-em-2025\\\/\"},\"author\":{\"name\":\"Andreas M\u00fcller\",\"@id\":\"https:\\\/\\\/loginfo24.com\\\/pt-pt\\\/#\\\/schema\\\/person\\\/7b1593b33567ba798d300c8a1b0b85b1\"},\"headline\":\"Geis Gruppe atinge receita recorde em 2025\",\"datePublished\":\"2026-04-27T11:14:00+00:00\",\"dateModified\":\"2026-04-27T11:35:45+00:00\",\"mainEntityOfPage\":{\"@id\":\"https:\\\/\\\/loginfo24.com\\\/pt-pt\\\/2026\\\/04\\\/27\\\/geis-gruppe-atinge-receita-recorde-em-2025\\\/\"},\"wordCount\":775,\"commentCount\":0,\"publisher\":{\"@id\":\"https:\\\/\\\/loginfo24.com\\\/pt-pt\\\/#organization\"},\"image\":{\"@id\":\"https:\\\/\\\/loginfo24.com\\\/pt-pt\\\/2026\\\/04\\\/27\\\/geis-gruppe-atinge-receita-recorde-em-2025\\\/#primaryimage\"},\"thumbnailUrl\":\"https:\\\/\\\/loginfo24.com\\\/wp-content\\\/uploads\\\/sites\\\/7\\\/2026\\\/04\\\/Geis-Gruppe_27.4.26-scaled-aspect-ratio-1400-788-scaled-1.jpg\",\"keywords\":[\"acquisitions dans l'industrie du transport\",\"acquisitions in the transport industry\",\"Akquisitionen in der Transportwirtschaft\",\"automation in logistics\",\"automatisation dans la logistique\",\"Automatisierung in der Logistik\",\"CO\u2082-Emissionen reduzieren\",\"conditions du march\u00e9 2025\",\"contract logistics in Europe\",\"coop\u00e9ration internationale\",\"croissance des revenus 2025\",\"Cross-Selling Strategien\",\"cross-selling strategies\",\"Deutsch Geis Gruppe\",\"Digitalisierung in der Logistik\",\"digitization in logistics\",\"durabilit\u00e9 dans la logistique\",\"Energie- und E-Mobilit\u00e4tsl\u00f6sungen\",\"energy and e-mobility solutions\",\"Fachkr\u00e4ftemangel in der Logistik\",\"infrastructure informatique dans la logistique\",\"international cooperation\",\"internationale Zusammenarbeit\",\"IT infrastructure in logistics\",\"IT-Infrastruktur in der Logistik\",\"Kontraktlogistik in Europa\",\"labor shortage in logistics\",\"logistics projects in Germany\",\"logistics service providers\",\"Logistikdienstleister\",\"Logistikprojekte in Deutschland\",\"logistique contractuelle en Europe\",\"logistique de colis\",\"LTL and FTL transport\",\"LTL und FTL Transport\",\"market conditions 2025\",\"Marktbedingungen 2025\",\"Marktposition st\u00e4rken English Geis Group\",\"Nachhaltigkeit in der Logistik\",\"num\u00e9risation dans la logistique\",\"Paketlogistik\",\"parcel logistics\",\"p\u00e9nurie de main-d'\u0153uvre dans la logistique\",\"prestataires de services logistiques\",\"projets logistiques en Allemagne\",\"rail freight transport\",\"reducing CO2 emissions\",\"r\u00e9duction des \u00e9missions de CO\u2082\",\"renforcement de la position sur le march\u00e9\",\"revenue growth 2025\",\"Schieneng\u00fcterverkehr\",\"solutions \u00e9nerg\u00e9tiques et de mobilit\u00e9 \u00e9lectrique\",\"strat\u00e9gies de vente crois\u00e9e\",\"strengthening market position Fran\u00e7ais Groupe Geis\",\"sustainability in logistics\",\"transport ferroviaire de marchandises\",\"transport LTL et FTL\",\"Umsatzwachstum 2025\"],\"articleSection\":[\"Alemanha\",\"Europa\",\"Expedi\u00e7\u00e3o de Mercadorias e Log\u00edstica\",\"Relat\u00f3rios financeiros\\\/anuais\"],\"inLanguage\":\"pt-PT\",\"potentialAction\":[{\"@type\":\"CommentAction\",\"name\":\"Comment\",\"target\":[\"https:\\\/\\\/loginfo24.com\\\/pt-pt\\\/2026\\\/04\\\/27\\\/geis-gruppe-atinge-receita-recorde-em-2025\\\/#respond\"]}]},{\"@type\":\"WebPage\",\"@id\":\"https:\\\/\\\/loginfo24.com\\\/pt-pt\\\/2026\\\/04\\\/27\\\/geis-gruppe-atinge-receita-recorde-em-2025\\\/\",\"url\":\"https:\\\/\\\/loginfo24.com\\\/pt-pt\\\/2026\\\/04\\\/27\\\/geis-gruppe-atinge-receita-recorde-em-2025\\\/\",\"name\":\"Geis Gruppe atinge receita recorde em 2025 - Loginfo24\",\"isPartOf\":{\"@id\":\"https:\\\/\\\/loginfo24.com\\\/pt-pt\\\/#website\"},\"primaryImageOfPage\":{\"@id\":\"https:\\\/\\\/loginfo24.com\\\/pt-pt\\\/2026\\\/04\\\/27\\\/geis-gruppe-atinge-receita-recorde-em-2025\\\/#primaryimage\"},\"image\":{\"@id\":\"https:\\\/\\\/loginfo24.com\\\/pt-pt\\\/2026\\\/04\\\/27\\\/geis-gruppe-atinge-receita-recorde-em-2025\\\/#primaryimage\"},\"thumbnailUrl\":\"https:\\\/\\\/loginfo24.com\\\/wp-content\\\/uploads\\\/sites\\\/7\\\/2026\\\/04\\\/Geis-Gruppe_27.4.26-scaled-aspect-ratio-1400-788-scaled-1.jpg\",\"datePublished\":\"2026-04-27T11:14:00+00:00\",\"dateModified\":\"2026-04-27T11:35:45+00:00\",\"breadcrumb\":{\"@id\":\"https:\\\/\\\/loginfo24.com\\\/pt-pt\\\/2026\\\/04\\\/27\\\/geis-gruppe-atinge-receita-recorde-em-2025\\\/#breadcrumb\"},\"inLanguage\":\"pt-PT\",\"potentialAction\":[{\"@type\":\"ReadAction\",\"target\":[\"https:\\\/\\\/loginfo24.com\\\/pt-pt\\\/2026\\\/04\\\/27\\\/geis-gruppe-atinge-receita-recorde-em-2025\\\/\"]}]},{\"@type\":\"ImageObject\",\"inLanguage\":\"pt-PT\",\"@id\":\"https:\\\/\\\/loginfo24.com\\\/pt-pt\\\/2026\\\/04\\\/27\\\/geis-gruppe-atinge-receita-recorde-em-2025\\\/#primaryimage\",\"url\":\"https:\\\/\\\/loginfo24.com\\\/wp-content\\\/uploads\\\/sites\\\/7\\\/2026\\\/04\\\/Geis-Gruppe_27.4.26-scaled-aspect-ratio-1400-788-scaled-1.jpg\",\"contentUrl\":\"https:\\\/\\\/loginfo24.com\\\/wp-content\\\/uploads\\\/sites\\\/7\\\/2026\\\/04\\\/Geis-Gruppe_27.4.26-scaled-aspect-ratio-1400-788-scaled-1.jpg\",\"width\":2560,\"height\":1441},{\"@type\":\"BreadcrumbList\",\"@id\":\"https:\\\/\\\/loginfo24.com\\\/pt-pt\\\/2026\\\/04\\\/27\\\/geis-gruppe-atinge-receita-recorde-em-2025\\\/#breadcrumb\",\"itemListElement\":[{\"@type\":\"ListItem\",\"position\":1,\"name\":\"Startseite\",\"item\":\"https:\\\/\\\/loginfo24.com\\\/pt-pt\\\/\"},{\"@type\":\"ListItem\",\"position\":2,\"name\":\"Geis Gruppe atinge receita recorde em 2025\"}]},{\"@type\":\"WebSite\",\"@id\":\"https:\\\/\\\/loginfo24.com\\\/pt-pt\\\/#website\",\"url\":\"https:\\\/\\\/loginfo24.com\\\/pt-pt\\\/\",\"name\":\"Loginfo24\",\"description\":\"Loginfo24 \u00e9 a plataforma dedicada \u00e0 log\u00edstica e \u00e0s cadeias de abastecimento, com informa\u00e7\u00f5es dispon\u00edveis 24 horas por dia.\",\"publisher\":{\"@id\":\"https:\\\/\\\/loginfo24.com\\\/pt-pt\\\/#organization\"},\"potentialAction\":[{\"@type\":\"SearchAction\",\"target\":{\"@type\":\"EntryPoint\",\"urlTemplate\":\"https:\\\/\\\/loginfo24.com\\\/pt-pt\\\/?s={search_term_string}\"},\"query-input\":{\"@type\":\"PropertyValueSpecification\",\"valueRequired\":true,\"valueName\":\"search_term_string\"}}],\"inLanguage\":\"pt-PT\"},{\"@type\":\"Organization\",\"@id\":\"https:\\\/\\\/loginfo24.com\\\/pt-pt\\\/#organization\",\"name\":\"Logismedia Group AG\",\"url\":\"https:\\\/\\\/loginfo24.com\\\/pt-pt\\\/\",\"logo\":{\"@type\":\"ImageObject\",\"inLanguage\":\"pt-PT\",\"@id\":\"https:\\\/\\\/loginfo24.com\\\/pt-pt\\\/#\\\/schema\\\/logo\\\/image\\\/\",\"url\":\"https:\\\/\\\/loginfo24.com\\\/wp-content\\\/uploads\\\/sites\\\/7\\\/2026\\\/01\\\/Logo_LogInfo24.png\",\"contentUrl\":\"https:\\\/\\\/loginfo24.com\\\/wp-content\\\/uploads\\\/sites\\\/7\\\/2026\\\/01\\\/Logo_LogInfo24.png\",\"width\":938,\"height\":351,\"caption\":\"Logismedia Group AG\"},\"image\":{\"@id\":\"https:\\\/\\\/loginfo24.com\\\/pt-pt\\\/#\\\/schema\\\/logo\\\/image\\\/\"},\"sameAs\":[\"https:\\\/\\\/www.facebook.com\\\/people\\\/Loginfo24\\\/100057360583332\\\/\",\"https:\\\/\\\/www.linkedin.com\\\/company\\\/lofinfo24\\\/\"]},{\"@type\":\"Person\",\"@id\":\"https:\\\/\\\/loginfo24.com\\\/pt-pt\\\/#\\\/schema\\\/person\\\/7b1593b33567ba798d300c8a1b0b85b1\",\"name\":\"Andreas M\u00fcller\",\"url\":\"https:\\\/\\\/loginfo24.com\\\/pt-pt\\\/author\\\/logismedia\\\/\"}]}<\/script>\n<!-- \/ Yoast SEO plugin. -->","yoast_head_json":{"title":"Geis Gruppe atinge receita recorde em 2025 - Loginfo24","robots":{"index":"index","follow":"follow","max-snippet":"max-snippet:-1","max-image-preview":"max-image-preview:large","max-video-preview":"max-video-preview:-1"},"canonical":"https:\/\/loginfo24.com\/pt-pt\/2026\/04\/27\/geis-gruppe-atinge-receita-recorde-em-2025\/","og_locale":"pt_PT","og_type":"article","og_title":"Geis Gruppe atinge receita recorde em 2025 - Loginfo24","og_description":"A Geis Gruppe registrou um crescimento de receita de 8,8 por cento em 2025, totalizando 2,12 bilh\u00f5es de euros, e planeja para 2026 novos investimentos estrat\u00e9gicos em digitaliza\u00e7\u00e3o e colabora\u00e7\u00e3o internacional.","og_url":"https:\/\/loginfo24.com\/pt-pt\/2026\/04\/27\/geis-gruppe-atinge-receita-recorde-em-2025\/","og_site_name":"Loginfo24","article_publisher":"https:\/\/www.facebook.com\/people\/Loginfo24\/100057360583332\/","article_published_time":"2026-04-27T11:14:00+00:00","article_modified_time":"2026-04-27T11:35:45+00:00","og_image":[{"width":2560,"height":1441,"url":"https:\/\/loginfo24.com\/wp-content\/uploads\/sites\/7\/2026\/04\/Geis-Gruppe_27.4.26-scaled-aspect-ratio-1400-788-scaled-1.jpg","type":"image\/jpeg"}],"author":"Andreas M\u00fcller","twitter_card":"summary_large_image","twitter_misc":{"Escrito por":"Andreas M\u00fcller","Tempo estimado de leitura":"4 minutos"},"schema":{"@context":"https:\/\/schema.org","@graph":[{"@type":"Article","@id":"https:\/\/loginfo24.com\/pt-pt\/2026\/04\/27\/geis-gruppe-atinge-receita-recorde-em-2025\/#article","isPartOf":{"@id":"https:\/\/loginfo24.com\/pt-pt\/2026\/04\/27\/geis-gruppe-atinge-receita-recorde-em-2025\/"},"author":{"name":"Andreas M\u00fcller","@id":"https:\/\/loginfo24.com\/pt-pt\/#\/schema\/person\/7b1593b33567ba798d300c8a1b0b85b1"},"headline":"Geis Gruppe atinge receita recorde em 2025","datePublished":"2026-04-27T11:14:00+00:00","dateModified":"2026-04-27T11:35:45+00:00","mainEntityOfPage":{"@id":"https:\/\/loginfo24.com\/pt-pt\/2026\/04\/27\/geis-gruppe-atinge-receita-recorde-em-2025\/"},"wordCount":775,"commentCount":0,"publisher":{"@id":"https:\/\/loginfo24.com\/pt-pt\/#organization"},"image":{"@id":"https:\/\/loginfo24.com\/pt-pt\/2026\/04\/27\/geis-gruppe-atinge-receita-recorde-em-2025\/#primaryimage"},"thumbnailUrl":"https:\/\/loginfo24.com\/wp-content\/uploads\/sites\/7\/2026\/04\/Geis-Gruppe_27.4.26-scaled-aspect-ratio-1400-788-scaled-1.jpg","keywords":["acquisitions dans l'industrie du transport","acquisitions in the transport industry","Akquisitionen in der Transportwirtschaft","automation in logistics","automatisation dans la logistique","Automatisierung in der Logistik","CO\u2082-Emissionen reduzieren","conditions du march\u00e9 2025","contract logistics in Europe","coop\u00e9ration internationale","croissance des revenus 2025","Cross-Selling Strategien","cross-selling strategies","Deutsch Geis Gruppe","Digitalisierung in der Logistik","digitization in logistics","durabilit\u00e9 dans la logistique","Energie- und E-Mobilit\u00e4tsl\u00f6sungen","energy and e-mobility solutions","Fachkr\u00e4ftemangel in der Logistik","infrastructure informatique dans la logistique","international cooperation","internationale Zusammenarbeit","IT infrastructure in logistics","IT-Infrastruktur in der Logistik","Kontraktlogistik in Europa","labor shortage in logistics","logistics projects in Germany","logistics service providers","Logistikdienstleister","Logistikprojekte in Deutschland","logistique contractuelle en Europe","logistique de colis","LTL and FTL transport","LTL und FTL Transport","market conditions 2025","Marktbedingungen 2025","Marktposition st\u00e4rken English Geis Group","Nachhaltigkeit in der Logistik","num\u00e9risation dans la logistique","Paketlogistik","parcel logistics","p\u00e9nurie de main-d'\u0153uvre dans la logistique","prestataires de services logistiques","projets logistiques en Allemagne","rail freight transport","reducing CO2 emissions","r\u00e9duction des \u00e9missions de CO\u2082","renforcement de la position sur le march\u00e9","revenue growth 2025","Schieneng\u00fcterverkehr","solutions \u00e9nerg\u00e9tiques et de mobilit\u00e9 \u00e9lectrique","strat\u00e9gies de vente crois\u00e9e","strengthening market position Fran\u00e7ais Groupe Geis","sustainability in logistics","transport ferroviaire de marchandises","transport LTL et FTL","Umsatzwachstum 2025"],"articleSection":["Alemanha","Europa","Expedi\u00e7\u00e3o de Mercadorias e Log\u00edstica","Relat\u00f3rios financeiros\/anuais"],"inLanguage":"pt-PT","potentialAction":[{"@type":"CommentAction","name":"Comment","target":["https:\/\/loginfo24.com\/pt-pt\/2026\/04\/27\/geis-gruppe-atinge-receita-recorde-em-2025\/#respond"]}]},{"@type":"WebPage","@id":"https:\/\/loginfo24.com\/pt-pt\/2026\/04\/27\/geis-gruppe-atinge-receita-recorde-em-2025\/","url":"https:\/\/loginfo24.com\/pt-pt\/2026\/04\/27\/geis-gruppe-atinge-receita-recorde-em-2025\/","name":"Geis Gruppe atinge receita recorde em 2025 - Loginfo24","isPartOf":{"@id":"https:\/\/loginfo24.com\/pt-pt\/#website"},"primaryImageOfPage":{"@id":"https:\/\/loginfo24.com\/pt-pt\/2026\/04\/27\/geis-gruppe-atinge-receita-recorde-em-2025\/#primaryimage"},"image":{"@id":"https:\/\/loginfo24.com\/pt-pt\/2026\/04\/27\/geis-gruppe-atinge-receita-recorde-em-2025\/#primaryimage"},"thumbnailUrl":"https:\/\/loginfo24.com\/wp-content\/uploads\/sites\/7\/2026\/04\/Geis-Gruppe_27.4.26-scaled-aspect-ratio-1400-788-scaled-1.jpg","datePublished":"2026-04-27T11:14:00+00:00","dateModified":"2026-04-27T11:35:45+00:00","breadcrumb":{"@id":"https:\/\/loginfo24.com\/pt-pt\/2026\/04\/27\/geis-gruppe-atinge-receita-recorde-em-2025\/#breadcrumb"},"inLanguage":"pt-PT","potentialAction":[{"@type":"ReadAction","target":["https:\/\/loginfo24.com\/pt-pt\/2026\/04\/27\/geis-gruppe-atinge-receita-recorde-em-2025\/"]}]},{"@type":"ImageObject","inLanguage":"pt-PT","@id":"https:\/\/loginfo24.com\/pt-pt\/2026\/04\/27\/geis-gruppe-atinge-receita-recorde-em-2025\/#primaryimage","url":"https:\/\/loginfo24.com\/wp-content\/uploads\/sites\/7\/2026\/04\/Geis-Gruppe_27.4.26-scaled-aspect-ratio-1400-788-scaled-1.jpg","contentUrl":"https:\/\/loginfo24.com\/wp-content\/uploads\/sites\/7\/2026\/04\/Geis-Gruppe_27.4.26-scaled-aspect-ratio-1400-788-scaled-1.jpg","width":2560,"height":1441},{"@type":"BreadcrumbList","@id":"https:\/\/loginfo24.com\/pt-pt\/2026\/04\/27\/geis-gruppe-atinge-receita-recorde-em-2025\/#breadcrumb","itemListElement":[{"@type":"ListItem","position":1,"name":"Startseite","item":"https:\/\/loginfo24.com\/pt-pt\/"},{"@type":"ListItem","position":2,"name":"Geis Gruppe atinge receita recorde em 2025"}]},{"@type":"WebSite","@id":"https:\/\/loginfo24.com\/pt-pt\/#website","url":"https:\/\/loginfo24.com\/pt-pt\/","name":"Loginfo24","description":"Loginfo24 \u00e9 a plataforma dedicada \u00e0 log\u00edstica e \u00e0s cadeias de abastecimento, com informa\u00e7\u00f5es dispon\u00edveis 24 horas por dia.","publisher":{"@id":"https:\/\/loginfo24.com\/pt-pt\/#organization"},"potentialAction":[{"@type":"SearchAction","target":{"@type":"EntryPoint","urlTemplate":"https:\/\/loginfo24.com\/pt-pt\/?s={search_term_string}"},"query-input":{"@type":"PropertyValueSpecification","valueRequired":true,"valueName":"search_term_string"}}],"inLanguage":"pt-PT"},{"@type":"Organization","@id":"https:\/\/loginfo24.com\/pt-pt\/#organization","name":"Logismedia Group AG","url":"https:\/\/loginfo24.com\/pt-pt\/","logo":{"@type":"ImageObject","inLanguage":"pt-PT","@id":"https:\/\/loginfo24.com\/pt-pt\/#\/schema\/logo\/image\/","url":"https:\/\/loginfo24.com\/wp-content\/uploads\/sites\/7\/2026\/01\/Logo_LogInfo24.png","contentUrl":"https:\/\/loginfo24.com\/wp-content\/uploads\/sites\/7\/2026\/01\/Logo_LogInfo24.png","width":938,"height":351,"caption":"Logismedia Group AG"},"image":{"@id":"https:\/\/loginfo24.com\/pt-pt\/#\/schema\/logo\/image\/"},"sameAs":["https:\/\/www.facebook.com\/people\/Loginfo24\/100057360583332\/","https:\/\/www.linkedin.com\/company\/lofinfo24\/"]},{"@type":"Person","@id":"https:\/\/loginfo24.com\/pt-pt\/#\/schema\/person\/7b1593b33567ba798d300c8a1b0b85b1","name":"Andreas M\u00fcller","url":"https:\/\/loginfo24.com\/pt-pt\/author\/logismedia\/"}]}},"_links":{"self":[{"href":"https:\/\/loginfo24.com\/pt-pt\/wp-json\/wp\/v2\/posts\/79301","targetHints":{"allow":["GET"]}}],"collection":[{"href":"https:\/\/loginfo24.com\/pt-pt\/wp-json\/wp\/v2\/posts"}],"about":[{"href":"https:\/\/loginfo24.com\/pt-pt\/wp-json\/wp\/v2\/types\/post"}],"author":[{"embeddable":true,"href":"https:\/\/loginfo24.com\/pt-pt\/wp-json\/wp\/v2\/users\/7"}],"replies":[{"embeddable":true,"href":"https:\/\/loginfo24.com\/pt-pt\/wp-json\/wp\/v2\/comments?post=79301"}],"version-history":[{"count":2,"href":"https:\/\/loginfo24.com\/pt-pt\/wp-json\/wp\/v2\/posts\/79301\/revisions"}],"predecessor-version":[{"id":79315,"href":"https:\/\/loginfo24.com\/pt-pt\/wp-json\/wp\/v2\/posts\/79301\/revisions\/79315"}],"wp:featuredmedia":[{"embeddable":true,"href":"https:\/\/loginfo24.com\/pt-pt\/wp-json\/wp\/v2\/media\/79296"}],"wp:attachment":[{"href":"https:\/\/loginfo24.com\/pt-pt\/wp-json\/wp\/v2\/media?parent=79301"}],"wp:term":[{"taxonomy":"category","embeddable":true,"href":"https:\/\/loginfo24.com\/pt-pt\/wp-json\/wp\/v2\/categories?post=79301"},{"taxonomy":"post_tag","embeddable":true,"href":"https:\/\/loginfo24.com\/pt-pt\/wp-json\/wp\/v2\/tags?post=79301"}],"curies":[{"name":"wp","href":"https:\/\/api.w.org\/{rel}","templated":true}]}}