{"id":79293,"date":"2026-04-27T11:07:40","date_gmt":"2026-04-27T11:07:40","guid":{"rendered":"https:\/\/loginfo24.com\/2026\/04\/27\/clark-europe-abre-nova-filial-em-duisburgo\/"},"modified":"2026-04-27T11:07:40","modified_gmt":"2026-04-27T11:07:40","slug":"clark-europe-abre-nova-filial-em-duisburgo","status":"publish","type":"post","link":"https:\/\/loginfo24.com\/pt-pt\/2026\/04\/27\/clark-europe-abre-nova-filial-em-duisburgo\/","title":{"rendered":"Clark Europe abre nova filial em Duisburgo"},"content":{"rendered":"<p>A inaugura\u00e7\u00e3o oficial da nova filial Oeste da Clark Europe ocorreu em 24 de abril de 2026, em Duisburgo. Com este passo, a empresa, considerada a inventora do empilhador, busca uma expans\u00e3o direcionada na venda direta. As novas instala\u00e7\u00f5es no Businesspark Asterlagen est\u00e3o localizadas nas proximidades da sede europeia da Clark e visam explorar melhor o potencial de mercado na regi\u00e3o do Ruhr.<\/p>\n<h3>Reorienta\u00e7\u00e3o estrat\u00e9gica nas vendas<\/h3>\n<p>A Clark Europe est\u00e1 intensificando a venda direta, al\u00e9m da distribui\u00e7\u00e3o tradicional por meio de revendedores. Stefan Budweit, Presidente &amp; CEO da Clark Europe, enfatiza: \u201cA abertura da filial Oeste \u00e9 um claro compromisso com nossa localiza\u00e7\u00e3o em Duisburgo e um passo essencial para nossa estrat\u00e9gia de crescimento na Europa.\u201d Atrav\u00e9s da venda direta, busca-se criar um v\u00ednculo mais estreito com os clientes, permitindo uma consultoria abrangente diretamente da f\u00e1brica e a constru\u00e7\u00e3o de parcerias de longo prazo.<\/p>\n<p>A nova filial abrange uma \u00e1rea total de 3.441 m\u00b2, dos quais 900 m\u00b2 s\u00e3o destinados a armaz\u00e9m, oficina e \u00e1reas de apresenta\u00e7\u00e3o. Al\u00e9m disso, est\u00e3o dispon\u00edveis 435 m\u00b2 para modernos escrit\u00f3rios e salas de reuni\u00e3o. Um elemento central do local \u00e9 o centro integrado de pesquisa e desenvolvimento (P&amp;D), que, com 355 m\u00b2, aproveita a proximidade da sede europeia e do centro internacional de pe\u00e7as de reposi\u00e7\u00e3o para impulsionar inova\u00e7\u00f5es t\u00e9cnicas.<\/p>\n<h3>Expans\u00e3o da oferta de servi\u00e7os<\/h3>\n<p>Dirk Blanke, Gerente Regional &amp; Gerente da Filial Oeste, que lidera a nova filial, destaca que os clientes se beneficiam de uma consultoria direta do fabricante. \u201cQueremos n\u00e3o apenas entender melhor as demandas do mercado, mas tamb\u00e9m reagir de forma mais r\u00e1pida e direcionada\u201d, explica Blanke. A filial oferece diversos servi\u00e7os, incluindo test drives, an\u00e1lises de uso e solu\u00e7\u00f5es de financiamento personalizadas.<\/p>\n<p>Atualmente, a equipe de vendas diretas \u00e9 composta por nove colaboradores e cinco ve\u00edculos de servi\u00e7o. Uma expans\u00e3o da equipe j\u00e1 est\u00e1 em planejamento para garantir uma rede de servi\u00e7os abrangente na regi\u00e3o do Ruhr. Blanke anuncia: \u201cQueremos aumentar nossa equipe com 2-3 consultores especializados e 4-5 t\u00e9cnicos de servi\u00e7o.\u201d<\/p>\n<h3>Vislumbres de inova\u00e7\u00e3o e portf\u00f3lio de produtos<\/h3>\n<p>Durante a cerim\u00f4nia de inaugura\u00e7\u00e3o, os convidados tiveram a oportunidade de conhecer as novas instala\u00e7\u00f5es, bem como a sede europeia e o centro internacional de pe\u00e7as de reposi\u00e7\u00e3o da Clark Europe. Este \u00faltimo oferece espa\u00e7o para mais de 23.000 itens diferentes, incluindo pe\u00e7as para marcas de terceiros. Al\u00e9m disso, os visitantes puderam apreciar as linhas de produtos atuais da Clark, como as s\u00e9ries Crossover Raider e Renegade, bem como os novos motores el\u00e9tricos.<\/p>\n<p>A filial Oeste ser\u00e1 posicionada como um prestador de servi\u00e7os abrangente, que, al\u00e9m da venda de equipamentos novos, tamb\u00e9m oferece uma extensa frota de aluguel. Dirk Blanke explica que equipamentos usados podem representar uma alternativa econ\u00f4mica para muitas empresas. Cada ve\u00edculo retornado \u00e9 cuidadosamente inspecionado e, se necess\u00e1rio, reparado para garantir alta qualidade.<\/p>\n<p>Com a nova filial no cora\u00e7\u00e3o do maior porto interior do mundo, a Clark Europe busca otimizar a qualidade dos processos e maximizar a satisfa\u00e7\u00e3o do cliente.<\/p>\n<p><a href=\"http:\/\/www.clarkmheu.com\" target=\"_blank\" rel=\"noopener noreferrer\">www.clarkmheu.com<\/a><\/p>\n","protected":false},"excerpt":{"rendered":"<p>A Clark Europe inaugurou uma nova filial em Duisburgo no dia 24 de abril de 2026, com o objetivo de expandir de forma direcionada a venda direta na regi\u00e3o do Ruhr e atender melhor os clientes.<\/p>\n","protected":false},"author":7,"featured_media":79288,"comment_status":"open","ping_status":"","sticky":false,"template":"","format":"standard","meta":{"_acf_changed":false,"footnotes":""},"categories":[6663,6679,1620],"tags":[22034,22035,22036,22037,22038,22039,4041,22040,22041,12305,22042,22043,22044,10686,10687,22045,22046,22047,22048,1889,4207,22049,22050,22051,22052,22053,22054,22055,22056,4209,12320,2133,1831,22057,22058,22059,22060,22061,22062,4874,22063,4096,22064,2148,22065,22066,22067,22068,22069,12328,4887,22070,4099,22071,22072,22073,22074],"class_list":["post-79293","post","type-post","status-publish","format-standard","has-post-thumbnail","hentry","category-alemanha","category-europa","category-intralogistica","tag-analyses-dapplication","tag-application-analyses","tag-asterlagen-business-park","tag-businesspark-asterlagen","tag-centre-de-pieces-de-rechange-international","tag-centre-de-recherche-et-developpement","tag-chariots-elevateurs","tag-chariots-elevateurs-electriques","tag-customer-loyalty","tag-customer-satisfaction","tag-deutsch-clark-europe","tag-direct-sales","tag-direktvertrieb","tag-duisbourg","tag-duisburg","tag-einsatzanalysen","tag-electric-forklifts","tag-elektrostapler","tag-essais-de-conduite","tag-fachkraeftemangel","tag-fidelisation-des-clients","tag-financing-solutions","tag-finanzierungsloesungen","tag-flotte-de-location","tag-forklifts","tag-forschungs-und-entwicklungszentrum","tag-gabelstapler","tag-international-spare-parts-center-francais-clark-europe","tag-internationale-ersatzteilzentrum-english-clark-europe","tag-kundenbindung","tag-kundenzufriedenheit","tag-logistics-service-providers","tag-logistikdienstleister","tag-market-potential-ruhr-area","tag-marktpotenzial-ruhrgebiet","tag-mietflotte","tag-neugruendung-duisburg","tag-new-branch-duisburg","tag-nouvelle-succursale-duisbourg","tag-offres-de-services","tag-parc-daffaires-asterlagen","tag-penurie-de-main-doeuvre-qualifiee","tag-potentiel-de-marche-region-de-la-ruhr","tag-prestataires-de-services-logistiques","tag-process-quality","tag-prozessqualitaet","tag-qualite-des-processus","tag-rental-fleet","tag-research-and-development-center","tag-satisfaction-client","tag-service-offerings","tag-serviceangebote","tag-skilled-labor-shortage","tag-solutions-de-financement","tag-test-drives","tag-testfahrten","tag-vente-directe"],"acf":[],"yoast_head":"<!-- This site is optimized with the Yoast SEO plugin v27.3 - https:\/\/yoast.com\/product\/yoast-seo-wordpress\/ -->\n<title>Clark Europe abre nova filial em Duisburgo - Loginfo24<\/title>\n<meta name=\"robots\" content=\"index, follow, max-snippet:-1, max-image-preview:large, max-video-preview:-1\" \/>\n<link rel=\"canonical\" href=\"https:\/\/loginfo24.com\/pt-pt\/2026\/04\/27\/clark-europe-abre-nova-filial-em-duisburgo\/\" \/>\n<meta property=\"og:locale\" content=\"pt_PT\" \/>\n<meta property=\"og:type\" content=\"article\" \/>\n<meta property=\"og:title\" content=\"Clark Europe abre nova filial em Duisburgo - Loginfo24\" \/>\n<meta property=\"og:description\" content=\"A Clark Europe inaugurou uma nova filial em Duisburgo no dia 24 de abril de 2026, com o objetivo de expandir de forma direcionada a venda direta na regi\u00e3o do Ruhr e atender melhor os clientes.\" \/>\n<meta property=\"og:url\" content=\"https:\/\/loginfo24.com\/pt-pt\/2026\/04\/27\/clark-europe-abre-nova-filial-em-duisburgo\/\" \/>\n<meta property=\"og:site_name\" content=\"Loginfo24\" \/>\n<meta property=\"article:publisher\" content=\"https:\/\/www.facebook.com\/people\/Loginfo24\/100057360583332\/\" \/>\n<meta property=\"article:published_time\" content=\"2026-04-27T11:07:40+00:00\" \/>\n<meta property=\"og:image\" content=\"https:\/\/loginfo24.com\/wp-content\/uploads\/sites\/7\/2026\/04\/CLARK_Niederlassung-West_01-scaled-aspect-ratio-1400-788-scaled-1.jpg\" \/>\n\t<meta property=\"og:image:width\" content=\"2560\" \/>\n\t<meta property=\"og:image:height\" content=\"1441\" \/>\n\t<meta property=\"og:image:type\" content=\"image\/jpeg\" \/>\n<meta name=\"author\" content=\"Andreas M\u00fcller\" \/>\n<meta name=\"twitter:card\" content=\"summary_large_image\" \/>\n<meta name=\"twitter:label1\" content=\"Escrito por\" \/>\n\t<meta name=\"twitter:data1\" content=\"Andreas M\u00fcller\" \/>\n\t<meta name=\"twitter:label2\" content=\"Tempo estimado de leitura\" \/>\n\t<meta name=\"twitter:data2\" content=\"3 minutos\" \/>\n<script type=\"application\/ld+json\" class=\"yoast-schema-graph\">{\"@context\":\"https:\\\/\\\/schema.org\",\"@graph\":[{\"@type\":\"Article\",\"@id\":\"https:\\\/\\\/loginfo24.com\\\/pt-pt\\\/2026\\\/04\\\/27\\\/clark-europe-abre-nova-filial-em-duisburgo\\\/#article\",\"isPartOf\":{\"@id\":\"https:\\\/\\\/loginfo24.com\\\/pt-pt\\\/2026\\\/04\\\/27\\\/clark-europe-abre-nova-filial-em-duisburgo\\\/\"},\"author\":{\"name\":\"Andreas M\u00fcller\",\"@id\":\"https:\\\/\\\/loginfo24.com\\\/pt-pt\\\/#\\\/schema\\\/person\\\/7b1593b33567ba798d300c8a1b0b85b1\"},\"headline\":\"Clark Europe abre nova filial em Duisburgo\",\"datePublished\":\"2026-04-27T11:07:40+00:00\",\"mainEntityOfPage\":{\"@id\":\"https:\\\/\\\/loginfo24.com\\\/pt-pt\\\/2026\\\/04\\\/27\\\/clark-europe-abre-nova-filial-em-duisburgo\\\/\"},\"wordCount\":557,\"commentCount\":0,\"publisher\":{\"@id\":\"https:\\\/\\\/loginfo24.com\\\/pt-pt\\\/#organization\"},\"image\":{\"@id\":\"https:\\\/\\\/loginfo24.com\\\/pt-pt\\\/2026\\\/04\\\/27\\\/clark-europe-abre-nova-filial-em-duisburgo\\\/#primaryimage\"},\"thumbnailUrl\":\"https:\\\/\\\/loginfo24.com\\\/wp-content\\\/uploads\\\/sites\\\/7\\\/2026\\\/04\\\/CLARK_Niederlassung-West_01-scaled-aspect-ratio-1400-788-scaled-1.jpg\",\"keywords\":[\"analyses d'application\",\"application analyses\",\"Asterlagen business park\",\"Businesspark Asterlagen\",\"centre de pi\u00e8ces de rechange international\",\"centre de recherche et d\u00e9veloppement\",\"chariots \u00e9l\u00e9vateurs\",\"chariots \u00e9l\u00e9vateurs \u00e9lectriques\",\"customer loyalty\",\"customer satisfaction\",\"Deutsch Clark Europe\",\"direct sales\",\"Direktvertrieb\",\"Duisbourg\",\"Duisburg\",\"Einsatzanalysen\",\"electric forklifts\",\"Elektrostapler\",\"essais de conduite\",\"Fachkr\u00e4ftemangel\",\"fid\u00e9lisation des clients\",\"financing solutions\",\"Finanzierungsl\u00f6sungen\",\"flotte de location\",\"forklifts\",\"Forschungs- und Entwicklungszentrum\",\"Gabelstapler\",\"international spare parts center Fran\u00e7ais Clark Europe\",\"internationale Ersatzteilzentrum English Clark Europe\",\"Kundenbindung\",\"Kundenzufriedenheit\",\"logistics service providers\",\"Logistikdienstleister\",\"market potential Ruhr area\",\"Marktpotenzial Ruhrgebiet\",\"Mietflotte\",\"Neugr\u00fcndung Duisburg\",\"new branch Duisburg\",\"nouvelle succursale Duisbourg\",\"offres de services\",\"parc d'affaires Asterlagen\",\"p\u00e9nurie de main-d'\u0153uvre qualifi\u00e9e\",\"potentiel de march\u00e9 r\u00e9gion de la Ruhr\",\"prestataires de services logistiques\",\"process quality\",\"Prozessqualit\u00e4t\",\"qualit\u00e9 des processus\",\"rental fleet\",\"research and development center\",\"satisfaction client\",\"service offerings\",\"Serviceangebote\",\"skilled labor shortage\",\"solutions de financement\",\"test drives\",\"Testfahrten\",\"vente directe\"],\"articleSection\":[\"Alemanha\",\"Europa\",\"Intralog\u00edstica\"],\"inLanguage\":\"pt-PT\",\"potentialAction\":[{\"@type\":\"CommentAction\",\"name\":\"Comment\",\"target\":[\"https:\\\/\\\/loginfo24.com\\\/pt-pt\\\/2026\\\/04\\\/27\\\/clark-europe-abre-nova-filial-em-duisburgo\\\/#respond\"]}]},{\"@type\":\"WebPage\",\"@id\":\"https:\\\/\\\/loginfo24.com\\\/pt-pt\\\/2026\\\/04\\\/27\\\/clark-europe-abre-nova-filial-em-duisburgo\\\/\",\"url\":\"https:\\\/\\\/loginfo24.com\\\/pt-pt\\\/2026\\\/04\\\/27\\\/clark-europe-abre-nova-filial-em-duisburgo\\\/\",\"name\":\"Clark Europe abre nova filial em Duisburgo - Loginfo24\",\"isPartOf\":{\"@id\":\"https:\\\/\\\/loginfo24.com\\\/pt-pt\\\/#website\"},\"primaryImageOfPage\":{\"@id\":\"https:\\\/\\\/loginfo24.com\\\/pt-pt\\\/2026\\\/04\\\/27\\\/clark-europe-abre-nova-filial-em-duisburgo\\\/#primaryimage\"},\"image\":{\"@id\":\"https:\\\/\\\/loginfo24.com\\\/pt-pt\\\/2026\\\/04\\\/27\\\/clark-europe-abre-nova-filial-em-duisburgo\\\/#primaryimage\"},\"thumbnailUrl\":\"https:\\\/\\\/loginfo24.com\\\/wp-content\\\/uploads\\\/sites\\\/7\\\/2026\\\/04\\\/CLARK_Niederlassung-West_01-scaled-aspect-ratio-1400-788-scaled-1.jpg\",\"datePublished\":\"2026-04-27T11:07:40+00:00\",\"breadcrumb\":{\"@id\":\"https:\\\/\\\/loginfo24.com\\\/pt-pt\\\/2026\\\/04\\\/27\\\/clark-europe-abre-nova-filial-em-duisburgo\\\/#breadcrumb\"},\"inLanguage\":\"pt-PT\",\"potentialAction\":[{\"@type\":\"ReadAction\",\"target\":[\"https:\\\/\\\/loginfo24.com\\\/pt-pt\\\/2026\\\/04\\\/27\\\/clark-europe-abre-nova-filial-em-duisburgo\\\/\"]}]},{\"@type\":\"ImageObject\",\"inLanguage\":\"pt-PT\",\"@id\":\"https:\\\/\\\/loginfo24.com\\\/pt-pt\\\/2026\\\/04\\\/27\\\/clark-europe-abre-nova-filial-em-duisburgo\\\/#primaryimage\",\"url\":\"https:\\\/\\\/loginfo24.com\\\/wp-content\\\/uploads\\\/sites\\\/7\\\/2026\\\/04\\\/CLARK_Niederlassung-West_01-scaled-aspect-ratio-1400-788-scaled-1.jpg\",\"contentUrl\":\"https:\\\/\\\/loginfo24.com\\\/wp-content\\\/uploads\\\/sites\\\/7\\\/2026\\\/04\\\/CLARK_Niederlassung-West_01-scaled-aspect-ratio-1400-788-scaled-1.jpg\",\"width\":2560,\"height\":1441},{\"@type\":\"BreadcrumbList\",\"@id\":\"https:\\\/\\\/loginfo24.com\\\/pt-pt\\\/2026\\\/04\\\/27\\\/clark-europe-abre-nova-filial-em-duisburgo\\\/#breadcrumb\",\"itemListElement\":[{\"@type\":\"ListItem\",\"position\":1,\"name\":\"Startseite\",\"item\":\"https:\\\/\\\/loginfo24.com\\\/pt-pt\\\/\"},{\"@type\":\"ListItem\",\"position\":2,\"name\":\"Clark Europe abre nova filial em Duisburgo\"}]},{\"@type\":\"WebSite\",\"@id\":\"https:\\\/\\\/loginfo24.com\\\/pt-pt\\\/#website\",\"url\":\"https:\\\/\\\/loginfo24.com\\\/pt-pt\\\/\",\"name\":\"Loginfo24\",\"description\":\"Loginfo24 \u00e9 a plataforma dedicada \u00e0 log\u00edstica e \u00e0s cadeias de abastecimento, com informa\u00e7\u00f5es dispon\u00edveis 24 horas por dia.\",\"publisher\":{\"@id\":\"https:\\\/\\\/loginfo24.com\\\/pt-pt\\\/#organization\"},\"potentialAction\":[{\"@type\":\"SearchAction\",\"target\":{\"@type\":\"EntryPoint\",\"urlTemplate\":\"https:\\\/\\\/loginfo24.com\\\/pt-pt\\\/?s={search_term_string}\"},\"query-input\":{\"@type\":\"PropertyValueSpecification\",\"valueRequired\":true,\"valueName\":\"search_term_string\"}}],\"inLanguage\":\"pt-PT\"},{\"@type\":\"Organization\",\"@id\":\"https:\\\/\\\/loginfo24.com\\\/pt-pt\\\/#organization\",\"name\":\"Logismedia Group AG\",\"url\":\"https:\\\/\\\/loginfo24.com\\\/pt-pt\\\/\",\"logo\":{\"@type\":\"ImageObject\",\"inLanguage\":\"pt-PT\",\"@id\":\"https:\\\/\\\/loginfo24.com\\\/pt-pt\\\/#\\\/schema\\\/logo\\\/image\\\/\",\"url\":\"https:\\\/\\\/loginfo24.com\\\/wp-content\\\/uploads\\\/sites\\\/7\\\/2026\\\/01\\\/Logo_LogInfo24.png\",\"contentUrl\":\"https:\\\/\\\/loginfo24.com\\\/wp-content\\\/uploads\\\/sites\\\/7\\\/2026\\\/01\\\/Logo_LogInfo24.png\",\"width\":938,\"height\":351,\"caption\":\"Logismedia Group AG\"},\"image\":{\"@id\":\"https:\\\/\\\/loginfo24.com\\\/pt-pt\\\/#\\\/schema\\\/logo\\\/image\\\/\"},\"sameAs\":[\"https:\\\/\\\/www.facebook.com\\\/people\\\/Loginfo24\\\/100057360583332\\\/\",\"https:\\\/\\\/www.linkedin.com\\\/company\\\/lofinfo24\\\/\"]},{\"@type\":\"Person\",\"@id\":\"https:\\\/\\\/loginfo24.com\\\/pt-pt\\\/#\\\/schema\\\/person\\\/7b1593b33567ba798d300c8a1b0b85b1\",\"name\":\"Andreas M\u00fcller\",\"url\":\"https:\\\/\\\/loginfo24.com\\\/pt-pt\\\/author\\\/logismedia\\\/\"}]}<\/script>\n<!-- \/ Yoast SEO plugin. -->","yoast_head_json":{"title":"Clark Europe abre nova filial em Duisburgo - Loginfo24","robots":{"index":"index","follow":"follow","max-snippet":"max-snippet:-1","max-image-preview":"max-image-preview:large","max-video-preview":"max-video-preview:-1"},"canonical":"https:\/\/loginfo24.com\/pt-pt\/2026\/04\/27\/clark-europe-abre-nova-filial-em-duisburgo\/","og_locale":"pt_PT","og_type":"article","og_title":"Clark Europe abre nova filial em Duisburgo - Loginfo24","og_description":"A Clark Europe inaugurou uma nova filial em Duisburgo no dia 24 de abril de 2026, com o objetivo de expandir de forma direcionada a venda direta na regi\u00e3o do Ruhr e atender melhor os clientes.","og_url":"https:\/\/loginfo24.com\/pt-pt\/2026\/04\/27\/clark-europe-abre-nova-filial-em-duisburgo\/","og_site_name":"Loginfo24","article_publisher":"https:\/\/www.facebook.com\/people\/Loginfo24\/100057360583332\/","article_published_time":"2026-04-27T11:07:40+00:00","og_image":[{"width":2560,"height":1441,"url":"https:\/\/loginfo24.com\/wp-content\/uploads\/sites\/7\/2026\/04\/CLARK_Niederlassung-West_01-scaled-aspect-ratio-1400-788-scaled-1.jpg","type":"image\/jpeg"}],"author":"Andreas M\u00fcller","twitter_card":"summary_large_image","twitter_misc":{"Escrito por":"Andreas M\u00fcller","Tempo estimado de leitura":"3 minutos"},"schema":{"@context":"https:\/\/schema.org","@graph":[{"@type":"Article","@id":"https:\/\/loginfo24.com\/pt-pt\/2026\/04\/27\/clark-europe-abre-nova-filial-em-duisburgo\/#article","isPartOf":{"@id":"https:\/\/loginfo24.com\/pt-pt\/2026\/04\/27\/clark-europe-abre-nova-filial-em-duisburgo\/"},"author":{"name":"Andreas M\u00fcller","@id":"https:\/\/loginfo24.com\/pt-pt\/#\/schema\/person\/7b1593b33567ba798d300c8a1b0b85b1"},"headline":"Clark Europe abre nova filial em Duisburgo","datePublished":"2026-04-27T11:07:40+00:00","mainEntityOfPage":{"@id":"https:\/\/loginfo24.com\/pt-pt\/2026\/04\/27\/clark-europe-abre-nova-filial-em-duisburgo\/"},"wordCount":557,"commentCount":0,"publisher":{"@id":"https:\/\/loginfo24.com\/pt-pt\/#organization"},"image":{"@id":"https:\/\/loginfo24.com\/pt-pt\/2026\/04\/27\/clark-europe-abre-nova-filial-em-duisburgo\/#primaryimage"},"thumbnailUrl":"https:\/\/loginfo24.com\/wp-content\/uploads\/sites\/7\/2026\/04\/CLARK_Niederlassung-West_01-scaled-aspect-ratio-1400-788-scaled-1.jpg","keywords":["analyses d'application","application analyses","Asterlagen business park","Businesspark Asterlagen","centre de pi\u00e8ces de rechange international","centre de recherche et d\u00e9veloppement","chariots \u00e9l\u00e9vateurs","chariots \u00e9l\u00e9vateurs \u00e9lectriques","customer loyalty","customer satisfaction","Deutsch Clark Europe","direct sales","Direktvertrieb","Duisbourg","Duisburg","Einsatzanalysen","electric forklifts","Elektrostapler","essais de conduite","Fachkr\u00e4ftemangel","fid\u00e9lisation des clients","financing solutions","Finanzierungsl\u00f6sungen","flotte de location","forklifts","Forschungs- und Entwicklungszentrum","Gabelstapler","international spare parts center Fran\u00e7ais Clark Europe","internationale Ersatzteilzentrum English Clark Europe","Kundenbindung","Kundenzufriedenheit","logistics service providers","Logistikdienstleister","market potential Ruhr area","Marktpotenzial Ruhrgebiet","Mietflotte","Neugr\u00fcndung Duisburg","new branch Duisburg","nouvelle succursale Duisbourg","offres de services","parc d'affaires Asterlagen","p\u00e9nurie de main-d'\u0153uvre qualifi\u00e9e","potentiel de march\u00e9 r\u00e9gion de la Ruhr","prestataires de services logistiques","process quality","Prozessqualit\u00e4t","qualit\u00e9 des processus","rental fleet","research and development center","satisfaction client","service offerings","Serviceangebote","skilled labor shortage","solutions de financement","test drives","Testfahrten","vente directe"],"articleSection":["Alemanha","Europa","Intralog\u00edstica"],"inLanguage":"pt-PT","potentialAction":[{"@type":"CommentAction","name":"Comment","target":["https:\/\/loginfo24.com\/pt-pt\/2026\/04\/27\/clark-europe-abre-nova-filial-em-duisburgo\/#respond"]}]},{"@type":"WebPage","@id":"https:\/\/loginfo24.com\/pt-pt\/2026\/04\/27\/clark-europe-abre-nova-filial-em-duisburgo\/","url":"https:\/\/loginfo24.com\/pt-pt\/2026\/04\/27\/clark-europe-abre-nova-filial-em-duisburgo\/","name":"Clark Europe abre nova filial em Duisburgo - Loginfo24","isPartOf":{"@id":"https:\/\/loginfo24.com\/pt-pt\/#website"},"primaryImageOfPage":{"@id":"https:\/\/loginfo24.com\/pt-pt\/2026\/04\/27\/clark-europe-abre-nova-filial-em-duisburgo\/#primaryimage"},"image":{"@id":"https:\/\/loginfo24.com\/pt-pt\/2026\/04\/27\/clark-europe-abre-nova-filial-em-duisburgo\/#primaryimage"},"thumbnailUrl":"https:\/\/loginfo24.com\/wp-content\/uploads\/sites\/7\/2026\/04\/CLARK_Niederlassung-West_01-scaled-aspect-ratio-1400-788-scaled-1.jpg","datePublished":"2026-04-27T11:07:40+00:00","breadcrumb":{"@id":"https:\/\/loginfo24.com\/pt-pt\/2026\/04\/27\/clark-europe-abre-nova-filial-em-duisburgo\/#breadcrumb"},"inLanguage":"pt-PT","potentialAction":[{"@type":"ReadAction","target":["https:\/\/loginfo24.com\/pt-pt\/2026\/04\/27\/clark-europe-abre-nova-filial-em-duisburgo\/"]}]},{"@type":"ImageObject","inLanguage":"pt-PT","@id":"https:\/\/loginfo24.com\/pt-pt\/2026\/04\/27\/clark-europe-abre-nova-filial-em-duisburgo\/#primaryimage","url":"https:\/\/loginfo24.com\/wp-content\/uploads\/sites\/7\/2026\/04\/CLARK_Niederlassung-West_01-scaled-aspect-ratio-1400-788-scaled-1.jpg","contentUrl":"https:\/\/loginfo24.com\/wp-content\/uploads\/sites\/7\/2026\/04\/CLARK_Niederlassung-West_01-scaled-aspect-ratio-1400-788-scaled-1.jpg","width":2560,"height":1441},{"@type":"BreadcrumbList","@id":"https:\/\/loginfo24.com\/pt-pt\/2026\/04\/27\/clark-europe-abre-nova-filial-em-duisburgo\/#breadcrumb","itemListElement":[{"@type":"ListItem","position":1,"name":"Startseite","item":"https:\/\/loginfo24.com\/pt-pt\/"},{"@type":"ListItem","position":2,"name":"Clark Europe abre nova filial em Duisburgo"}]},{"@type":"WebSite","@id":"https:\/\/loginfo24.com\/pt-pt\/#website","url":"https:\/\/loginfo24.com\/pt-pt\/","name":"Loginfo24","description":"Loginfo24 \u00e9 a plataforma dedicada \u00e0 log\u00edstica e \u00e0s cadeias de abastecimento, com informa\u00e7\u00f5es dispon\u00edveis 24 horas por dia.","publisher":{"@id":"https:\/\/loginfo24.com\/pt-pt\/#organization"},"potentialAction":[{"@type":"SearchAction","target":{"@type":"EntryPoint","urlTemplate":"https:\/\/loginfo24.com\/pt-pt\/?s={search_term_string}"},"query-input":{"@type":"PropertyValueSpecification","valueRequired":true,"valueName":"search_term_string"}}],"inLanguage":"pt-PT"},{"@type":"Organization","@id":"https:\/\/loginfo24.com\/pt-pt\/#organization","name":"Logismedia Group AG","url":"https:\/\/loginfo24.com\/pt-pt\/","logo":{"@type":"ImageObject","inLanguage":"pt-PT","@id":"https:\/\/loginfo24.com\/pt-pt\/#\/schema\/logo\/image\/","url":"https:\/\/loginfo24.com\/wp-content\/uploads\/sites\/7\/2026\/01\/Logo_LogInfo24.png","contentUrl":"https:\/\/loginfo24.com\/wp-content\/uploads\/sites\/7\/2026\/01\/Logo_LogInfo24.png","width":938,"height":351,"caption":"Logismedia Group AG"},"image":{"@id":"https:\/\/loginfo24.com\/pt-pt\/#\/schema\/logo\/image\/"},"sameAs":["https:\/\/www.facebook.com\/people\/Loginfo24\/100057360583332\/","https:\/\/www.linkedin.com\/company\/lofinfo24\/"]},{"@type":"Person","@id":"https:\/\/loginfo24.com\/pt-pt\/#\/schema\/person\/7b1593b33567ba798d300c8a1b0b85b1","name":"Andreas M\u00fcller","url":"https:\/\/loginfo24.com\/pt-pt\/author\/logismedia\/"}]}},"_links":{"self":[{"href":"https:\/\/loginfo24.com\/pt-pt\/wp-json\/wp\/v2\/posts\/79293","targetHints":{"allow":["GET"]}}],"collection":[{"href":"https:\/\/loginfo24.com\/pt-pt\/wp-json\/wp\/v2\/posts"}],"about":[{"href":"https:\/\/loginfo24.com\/pt-pt\/wp-json\/wp\/v2\/types\/post"}],"author":[{"embeddable":true,"href":"https:\/\/loginfo24.com\/pt-pt\/wp-json\/wp\/v2\/users\/7"}],"replies":[{"embeddable":true,"href":"https:\/\/loginfo24.com\/pt-pt\/wp-json\/wp\/v2\/comments?post=79293"}],"version-history":[{"count":0,"href":"https:\/\/loginfo24.com\/pt-pt\/wp-json\/wp\/v2\/posts\/79293\/revisions"}],"wp:featuredmedia":[{"embeddable":true,"href":"https:\/\/loginfo24.com\/pt-pt\/wp-json\/wp\/v2\/media\/79288"}],"wp:attachment":[{"href":"https:\/\/loginfo24.com\/pt-pt\/wp-json\/wp\/v2\/media?parent=79293"}],"wp:term":[{"taxonomy":"category","embeddable":true,"href":"https:\/\/loginfo24.com\/pt-pt\/wp-json\/wp\/v2\/categories?post=79293"},{"taxonomy":"post_tag","embeddable":true,"href":"https:\/\/loginfo24.com\/pt-pt\/wp-json\/wp\/v2\/tags?post=79293"}],"curies":[{"name":"wp","href":"https:\/\/api.w.org\/{rel}","templated":true}]}}