{"id":79285,"date":"2026-04-27T10:59:38","date_gmt":"2026-04-27T10:59:38","guid":{"rendered":"https:\/\/loginfo24.com\/2026\/04\/27\/four-parx-com-a-cerimonia-de-inicio-das-obras-para-o-parque-empresarial-kirchheim-munique\/"},"modified":"2026-04-27T10:59:38","modified_gmt":"2026-04-27T10:59:38","slug":"four-parx-com-a-cerimonia-de-inicio-das-obras-para-o-parque-empresarial-kirchheim-munique","status":"publish","type":"post","link":"https:\/\/loginfo24.com\/pt-pt\/2026\/04\/27\/four-parx-com-a-cerimonia-de-inicio-das-obras-para-o-parque-empresarial-kirchheim-munique\/","title":{"rendered":"Four Parx com a cerim\u00f4nia de in\u00edcio das obras para o parque empresarial Kirchheim\/Munique"},"content":{"rendered":"<p>O desenvolvedor de projetos FOUR PARX, de Dreieich, celebrou no dia 24 de abril de 2026, juntamente com a QUINCAP Investment Partners, o in\u00edcio oficial da constru\u00e7\u00e3o de um novo local comercial e de produ\u00e7\u00e3o em Kirchheim, na regi\u00e3o leste de Munique. O evento contou com a presen\u00e7a de representantes de ambas as empresas, al\u00e9m de Stephan Keck, prefeito de Kirchheim, e outros membros da comunidade.<\/p>\n<h3>Novo Parque Empresarial em Kirchheim<\/h3>\n<p>O projeto de constru\u00e7\u00e3o abrange um terreno de aproximadamente 76.500 m\u00b2 na Feldkirchener Stra\u00dfe 15-17. Est\u00e1 prevista uma propriedade comercial com uma \u00e1rea de loca\u00e7\u00e3o de cerca de 52.550 m\u00b2, projetada para diversos usu\u00e1rios nas \u00e1reas de com\u00e9rcio, produ\u00e7\u00e3o, Light Industrial e log\u00edstica. A conclus\u00e3o do projeto est\u00e1 prevista para o segundo trimestre de 2027.<\/p>\n<p>Stephan Keck se manifestou de forma positiva sobre o empreendimento: \u201cCom o novo local comercial e de produ\u00e7\u00e3o, a FOUR PARX e a QUINCAP n\u00e3o apenas criam \u00e1reas adicionais para empresas que desejam expandir ou se reposicionar na forte regi\u00e3o econ\u00f4mica de Munique. O projeto tamb\u00e9m fortalece o desenvolvimento econ\u00f4mico de nossa comunidade.\u201d Ele destacou que inova\u00e7\u00e3o e sustentabilidade est\u00e3o intimamente ligadas neste projeto e agradeceu a todos os envolvidos pela colabora\u00e7\u00e3o.<\/p>\n<h3>Possibilidades de Uso Flex\u00edveis e Sustentabilidade<\/h3>\n<p>O parque empresarial Munique-Kirchheim incluir\u00e1 dois galp\u00f5es, equipados com unidades combin\u00e1veis de forma vari\u00e1vel e uma altura livre de 12 m (UKB). \u00c1reas de escrit\u00f3rio e servi\u00e7os integradas se estender\u00e3o por v\u00e1rios n\u00edveis, permitindo uma adapta\u00e7\u00e3o flex\u00edvel a diferentes requisitos operacionais. A propriedade ser\u00e1 realizada de acordo com os padr\u00f5es atuais de sustentabilidade, com uma certifica\u00e7\u00e3o DGNB Gold sendo almejada.<\/p>\n<p>Uma instala\u00e7\u00e3o de pain\u00e9is fotovoltaicos com uma capacidade de cerca de 4,8 MW dever\u00e1 contribuir para o fornecimento de energia do local. Al\u00e9m disso, est\u00e3o previstas instala\u00e7\u00f5es t\u00e9cnicas energeticamente eficientes, uma solu\u00e7\u00e3o de bomba de calor e sistemas inteligentes de controle de consumo. Uma certifica\u00e7\u00e3o segundo o padr\u00e3o WiredScore tamb\u00e9m dever\u00e1 garantir uma conectividade robusta e \u00e0 prova de futuro.<\/p>\n<p>Oliver Schmitt, s\u00f3cio-gerente da FOUR PARX GmbH, enfatizou a import\u00e2ncia do projeto: \u201cCom a cerim\u00f4nia de lan\u00e7amento, alcan\u00e7amos um passo importante no desenvolvimento deste projeto. Kirchheim \u00e9 um dos locais comerciais mais procurados no leste de Munique e estamos felizes em fortalecer a qualidade do local a longo prazo com o parque empresarial Munique-Kirchheim.\u201d<\/p>\n<p>Johannes Siekmann, s\u00f3cio-gerente da QUINCAP Investment Partners GmbH &amp; Co. KG, complementou: \u201cPara n\u00f3s, o desenvolvimento sustent\u00e1vel do local est\u00e1 no centro. Vemos neste projeto uma oportunidade de longo prazo para conectar estabilidade econ\u00f4mica com padr\u00f5es modernos nas \u00e1reas de efici\u00eancia energ\u00e9tica e infraestrutura digital.\u201d<\/p>\n<p><a href=\"http:\/\/www.four-parx.com\" target=\"_blank\" rel=\"noopener noreferrer\">www.four-parx.com<\/a><\/p>\n","protected":false},"excerpt":{"rendered":"<p>Em 24 de abril de 2026, a FOUR PARX e a QUINCAP celebraram o in\u00edcio da constru\u00e7\u00e3o de um novo parque empresarial em Kirchheim, que dever\u00e1 ser conclu\u00eddo at\u00e9 o segundo trimestre de 2027.<\/p>\n","protected":false},"author":7,"featured_media":79280,"comment_status":"open","ping_status":"","sticky":false,"template":"","format":"standard","meta":{"_acf_changed":false,"footnotes":""},"categories":[6663,6679,1617],"tags":[21984,21985,21986,21987,21988,21989,21990,21991,21992,21993,21994,2166,21995,21996,21997,21998,21999,22000,22001,22002,22003,22004,22005,22006,22007,22008,21186,22009,22010,22011,22012,22013,2139,22014,22015,22016,22017,22018,22019,22020,22021,22022,22023,22024,22025,22026,22027,22028,22029,2154,22030,22031,22032,22033],"class_list":["post-79285","post","type-post","status-publish","format-standard","has-post-thumbnail","hentry","category-alemanha","category-europa","category-expedicao-e-logistica","tag-bauvorhaben-muenchen","tag-ceremonie-de-pose-de-la-premiere-pierre-parc-dactivites","tag-certification-dgnb-gold","tag-commercial-property-munich","tag-construction-project-munich","tag-deutsch-gewerbepark-kirchheim","tag-developpement-economique-kirchheim","tag-dgnb-gold-certification","tag-dgnb-gold-zertifizierung","tag-digital-infrastructure-logistics","tag-digitale-infrastruktur-logistik","tag-durabilite-dans-la-logistique","tag-economic-development-kirchheim","tag-energieeffiziente-technische-anlagen","tag-energy-efficient-technical-systems","tag-flexible-nutzungsmoeglichkeiten","tag-flexible-usage-options","tag-four-parx","tag-gewerbeimmobilie-muenchen","tag-groundbreaking-business-park","tag-heat-pump-solutions","tag-infrastructure-numerique-logistique","tag-innovation-hub-munich-francais-parc-dactivites-kirchheim","tag-innovationsstandort-muenchen-english-kirchheim-business-park","tag-kirchheim-outskirts","tag-kirchheim-umland","tag-light-industrial-immobilien","tag-light-industrial-properties","tag-location-quality-munich","tag-logistics-munich","tag-logistik-muenchen","tag-logistique-munich","tag-nachhaltigkeit-in-der-logistik","tag-options-dutilisation-flexibles","tag-peripherie-de-kirchheim","tag-photovoltaic-system-business-park","tag-photovoltaikanlage-gewerbepark","tag-pole-dinnovation-munich","tag-production-site-kirchheim","tag-produktionsstandort-kirchheim","tag-projet-de-construction-munich","tag-propriete-commerciale-munich","tag-proprietes-industrielles-legeres","tag-qualite-demplacement-munich","tag-quincap-investment-partners","tag-site-de-production-kirchheim","tag-solutions-de-pompe-a-chaleur","tag-spatenstich-gewerbepark","tag-standortqualitaet-muenchen","tag-sustainability-in-logistics","tag-systeme-photovoltaique-parc-dactivites","tag-systemes-techniques-ecoenergetiques","tag-waermepumpenloesungen","tag-wirtschaftliche-entwicklung-kirchheim"],"acf":[],"yoast_head":"<!-- This site is optimized with the Yoast SEO plugin v27.3 - https:\/\/yoast.com\/product\/yoast-seo-wordpress\/ -->\n<title>Four Parx com a cerim\u00f4nia de in\u00edcio das obras para o parque empresarial Kirchheim\/Munique - Loginfo24<\/title>\n<meta name=\"robots\" content=\"index, follow, max-snippet:-1, max-image-preview:large, max-video-preview:-1\" \/>\n<link rel=\"canonical\" href=\"https:\/\/loginfo24.com\/pt-pt\/2026\/04\/27\/four-parx-com-a-cerimonia-de-inicio-das-obras-para-o-parque-empresarial-kirchheim-munique\/\" \/>\n<meta property=\"og:locale\" content=\"pt_PT\" \/>\n<meta property=\"og:type\" content=\"article\" \/>\n<meta property=\"og:title\" content=\"Four Parx com a cerim\u00f4nia de in\u00edcio das obras para o parque empresarial Kirchheim\/Munique - Loginfo24\" \/>\n<meta property=\"og:description\" content=\"Em 24 de abril de 2026, a FOUR PARX e a QUINCAP celebraram o in\u00edcio da constru\u00e7\u00e3o de um novo parque empresarial em Kirchheim, que dever\u00e1 ser conclu\u00eddo at\u00e9 o segundo trimestre de 2027.\" \/>\n<meta property=\"og:url\" content=\"https:\/\/loginfo24.com\/pt-pt\/2026\/04\/27\/four-parx-com-a-cerimonia-de-inicio-das-obras-para-o-parque-empresarial-kirchheim-munique\/\" \/>\n<meta property=\"og:site_name\" content=\"Loginfo24\" \/>\n<meta property=\"article:publisher\" content=\"https:\/\/www.facebook.com\/people\/Loginfo24\/100057360583332\/\" \/>\n<meta property=\"article:published_time\" content=\"2026-04-27T10:59:38+00:00\" \/>\n<meta property=\"og:image\" content=\"https:\/\/loginfo24.com\/wp-content\/uploads\/sites\/7\/2026\/04\/Four-Parx_Spatenstich-Kirchheim-scaled-aspect-ratio-1400-788-scaled-1.jpg\" \/>\n\t<meta property=\"og:image:width\" content=\"2560\" \/>\n\t<meta property=\"og:image:height\" content=\"1441\" \/>\n\t<meta property=\"og:image:type\" content=\"image\/jpeg\" \/>\n<meta name=\"author\" content=\"Andreas M\u00fcller\" \/>\n<meta name=\"twitter:card\" content=\"summary_large_image\" \/>\n<meta name=\"twitter:label1\" content=\"Escrito por\" \/>\n\t<meta name=\"twitter:data1\" content=\"Andreas M\u00fcller\" \/>\n\t<meta name=\"twitter:label2\" content=\"Tempo estimado de leitura\" \/>\n\t<meta name=\"twitter:data2\" content=\"2 minutos\" \/>\n<script type=\"application\/ld+json\" class=\"yoast-schema-graph\">{\"@context\":\"https:\\\/\\\/schema.org\",\"@graph\":[{\"@type\":\"Article\",\"@id\":\"https:\\\/\\\/loginfo24.com\\\/pt-pt\\\/2026\\\/04\\\/27\\\/four-parx-com-a-cerimonia-de-inicio-das-obras-para-o-parque-empresarial-kirchheim-munique\\\/#article\",\"isPartOf\":{\"@id\":\"https:\\\/\\\/loginfo24.com\\\/pt-pt\\\/2026\\\/04\\\/27\\\/four-parx-com-a-cerimonia-de-inicio-das-obras-para-o-parque-empresarial-kirchheim-munique\\\/\"},\"author\":{\"name\":\"Andreas M\u00fcller\",\"@id\":\"https:\\\/\\\/loginfo24.com\\\/pt-pt\\\/#\\\/schema\\\/person\\\/7b1593b33567ba798d300c8a1b0b85b1\"},\"headline\":\"Four Parx com a cerim\u00f4nia de in\u00edcio das obras para o parque empresarial Kirchheim\\\/Munique\",\"datePublished\":\"2026-04-27T10:59:38+00:00\",\"mainEntityOfPage\":{\"@id\":\"https:\\\/\\\/loginfo24.com\\\/pt-pt\\\/2026\\\/04\\\/27\\\/four-parx-com-a-cerimonia-de-inicio-das-obras-para-o-parque-empresarial-kirchheim-munique\\\/\"},\"wordCount\":492,\"commentCount\":0,\"publisher\":{\"@id\":\"https:\\\/\\\/loginfo24.com\\\/pt-pt\\\/#organization\"},\"image\":{\"@id\":\"https:\\\/\\\/loginfo24.com\\\/pt-pt\\\/2026\\\/04\\\/27\\\/four-parx-com-a-cerimonia-de-inicio-das-obras-para-o-parque-empresarial-kirchheim-munique\\\/#primaryimage\"},\"thumbnailUrl\":\"https:\\\/\\\/loginfo24.com\\\/wp-content\\\/uploads\\\/sites\\\/7\\\/2026\\\/04\\\/Four-Parx_Spatenstich-Kirchheim-scaled-aspect-ratio-1400-788-scaled-1.jpg\",\"keywords\":[\"Bauvorhaben M\u00fcnchen\",\"c\u00e9r\u00e9monie de pose de la premi\u00e8re pierre parc d'activit\u00e9s\",\"certification DGNB Gold\",\"commercial property Munich\",\"construction project Munich\",\"Deutsch Gewerbepark Kirchheim\",\"d\u00e9veloppement \u00e9conomique Kirchheim\",\"DGNB Gold certification\",\"DGNB Gold Zertifizierung\",\"digital infrastructure logistics\",\"digitale Infrastruktur Logistik\",\"durabilit\u00e9 dans la logistique\",\"economic development Kirchheim\",\"energieeffiziente technische Anlagen\",\"energy-efficient technical systems\",\"flexible Nutzungsm\u00f6glichkeiten\",\"flexible usage options\",\"FOUR PARX\",\"Gewerbeimmobilie M\u00fcnchen\",\"groundbreaking business park\",\"heat pump solutions\",\"infrastructure num\u00e9rique logistique\",\"innovation hub Munich Fran\u00e7ais parc d'activit\u00e9s Kirchheim\",\"Innovationsstandort M\u00fcnchen English Kirchheim business park\",\"Kirchheim outskirts\",\"Kirchheim Umland\",\"Light Industrial Immobilien\",\"light industrial properties\",\"location quality Munich\",\"logistics Munich\",\"Logistik M\u00fcnchen\",\"logistique Munich\",\"Nachhaltigkeit in der Logistik\",\"options d'utilisation flexibles\",\"p\u00e9riph\u00e9rie de Kirchheim\",\"photovoltaic system business park\",\"Photovoltaikanlage Gewerbepark\",\"p\u00f4le d'innovation Munich\",\"production site Kirchheim\",\"Produktionsstandort Kirchheim\",\"projet de construction Munich\",\"propri\u00e9t\u00e9 commerciale Munich\",\"propri\u00e9t\u00e9s industrielles l\u00e9g\u00e8res\",\"qualit\u00e9 d'emplacement Munich\",\"QUINCAP Investment Partners\",\"site de production Kirchheim\",\"solutions de pompe \u00e0 chaleur\",\"Spatenstich Gewerbepark\",\"Standortqualit\u00e4t M\u00fcnchen\",\"sustainability in logistics\",\"syst\u00e8me photovolta\u00efque parc d'activit\u00e9s\",\"syst\u00e8mes techniques \u00e9co\u00e9nerg\u00e9tiques\",\"W\u00e4rmepumpenl\u00f6sungen\",\"wirtschaftliche Entwicklung Kirchheim\"],\"articleSection\":[\"Alemanha\",\"Europa\",\"Expedi\u00e7\u00e3o de Mercadorias e Log\u00edstica\"],\"inLanguage\":\"pt-PT\",\"potentialAction\":[{\"@type\":\"CommentAction\",\"name\":\"Comment\",\"target\":[\"https:\\\/\\\/loginfo24.com\\\/pt-pt\\\/2026\\\/04\\\/27\\\/four-parx-com-a-cerimonia-de-inicio-das-obras-para-o-parque-empresarial-kirchheim-munique\\\/#respond\"]}]},{\"@type\":\"WebPage\",\"@id\":\"https:\\\/\\\/loginfo24.com\\\/pt-pt\\\/2026\\\/04\\\/27\\\/four-parx-com-a-cerimonia-de-inicio-das-obras-para-o-parque-empresarial-kirchheim-munique\\\/\",\"url\":\"https:\\\/\\\/loginfo24.com\\\/pt-pt\\\/2026\\\/04\\\/27\\\/four-parx-com-a-cerimonia-de-inicio-das-obras-para-o-parque-empresarial-kirchheim-munique\\\/\",\"name\":\"Four Parx com a cerim\u00f4nia de in\u00edcio das obras para o parque empresarial Kirchheim\\\/Munique - Loginfo24\",\"isPartOf\":{\"@id\":\"https:\\\/\\\/loginfo24.com\\\/pt-pt\\\/#website\"},\"primaryImageOfPage\":{\"@id\":\"https:\\\/\\\/loginfo24.com\\\/pt-pt\\\/2026\\\/04\\\/27\\\/four-parx-com-a-cerimonia-de-inicio-das-obras-para-o-parque-empresarial-kirchheim-munique\\\/#primaryimage\"},\"image\":{\"@id\":\"https:\\\/\\\/loginfo24.com\\\/pt-pt\\\/2026\\\/04\\\/27\\\/four-parx-com-a-cerimonia-de-inicio-das-obras-para-o-parque-empresarial-kirchheim-munique\\\/#primaryimage\"},\"thumbnailUrl\":\"https:\\\/\\\/loginfo24.com\\\/wp-content\\\/uploads\\\/sites\\\/7\\\/2026\\\/04\\\/Four-Parx_Spatenstich-Kirchheim-scaled-aspect-ratio-1400-788-scaled-1.jpg\",\"datePublished\":\"2026-04-27T10:59:38+00:00\",\"breadcrumb\":{\"@id\":\"https:\\\/\\\/loginfo24.com\\\/pt-pt\\\/2026\\\/04\\\/27\\\/four-parx-com-a-cerimonia-de-inicio-das-obras-para-o-parque-empresarial-kirchheim-munique\\\/#breadcrumb\"},\"inLanguage\":\"pt-PT\",\"potentialAction\":[{\"@type\":\"ReadAction\",\"target\":[\"https:\\\/\\\/loginfo24.com\\\/pt-pt\\\/2026\\\/04\\\/27\\\/four-parx-com-a-cerimonia-de-inicio-das-obras-para-o-parque-empresarial-kirchheim-munique\\\/\"]}]},{\"@type\":\"ImageObject\",\"inLanguage\":\"pt-PT\",\"@id\":\"https:\\\/\\\/loginfo24.com\\\/pt-pt\\\/2026\\\/04\\\/27\\\/four-parx-com-a-cerimonia-de-inicio-das-obras-para-o-parque-empresarial-kirchheim-munique\\\/#primaryimage\",\"url\":\"https:\\\/\\\/loginfo24.com\\\/wp-content\\\/uploads\\\/sites\\\/7\\\/2026\\\/04\\\/Four-Parx_Spatenstich-Kirchheim-scaled-aspect-ratio-1400-788-scaled-1.jpg\",\"contentUrl\":\"https:\\\/\\\/loginfo24.com\\\/wp-content\\\/uploads\\\/sites\\\/7\\\/2026\\\/04\\\/Four-Parx_Spatenstich-Kirchheim-scaled-aspect-ratio-1400-788-scaled-1.jpg\",\"width\":2560,\"height\":1441},{\"@type\":\"BreadcrumbList\",\"@id\":\"https:\\\/\\\/loginfo24.com\\\/pt-pt\\\/2026\\\/04\\\/27\\\/four-parx-com-a-cerimonia-de-inicio-das-obras-para-o-parque-empresarial-kirchheim-munique\\\/#breadcrumb\",\"itemListElement\":[{\"@type\":\"ListItem\",\"position\":1,\"name\":\"Startseite\",\"item\":\"https:\\\/\\\/loginfo24.com\\\/pt-pt\\\/\"},{\"@type\":\"ListItem\",\"position\":2,\"name\":\"Four Parx com a cerim\u00f4nia de in\u00edcio das obras para o parque empresarial Kirchheim\\\/Munique\"}]},{\"@type\":\"WebSite\",\"@id\":\"https:\\\/\\\/loginfo24.com\\\/pt-pt\\\/#website\",\"url\":\"https:\\\/\\\/loginfo24.com\\\/pt-pt\\\/\",\"name\":\"Loginfo24\",\"description\":\"Loginfo24 \u00e9 a plataforma dedicada \u00e0 log\u00edstica e \u00e0s cadeias de abastecimento, com informa\u00e7\u00f5es dispon\u00edveis 24 horas por dia.\",\"publisher\":{\"@id\":\"https:\\\/\\\/loginfo24.com\\\/pt-pt\\\/#organization\"},\"potentialAction\":[{\"@type\":\"SearchAction\",\"target\":{\"@type\":\"EntryPoint\",\"urlTemplate\":\"https:\\\/\\\/loginfo24.com\\\/pt-pt\\\/?s={search_term_string}\"},\"query-input\":{\"@type\":\"PropertyValueSpecification\",\"valueRequired\":true,\"valueName\":\"search_term_string\"}}],\"inLanguage\":\"pt-PT\"},{\"@type\":\"Organization\",\"@id\":\"https:\\\/\\\/loginfo24.com\\\/pt-pt\\\/#organization\",\"name\":\"Logismedia Group AG\",\"url\":\"https:\\\/\\\/loginfo24.com\\\/pt-pt\\\/\",\"logo\":{\"@type\":\"ImageObject\",\"inLanguage\":\"pt-PT\",\"@id\":\"https:\\\/\\\/loginfo24.com\\\/pt-pt\\\/#\\\/schema\\\/logo\\\/image\\\/\",\"url\":\"https:\\\/\\\/loginfo24.com\\\/wp-content\\\/uploads\\\/sites\\\/7\\\/2026\\\/01\\\/Logo_LogInfo24.png\",\"contentUrl\":\"https:\\\/\\\/loginfo24.com\\\/wp-content\\\/uploads\\\/sites\\\/7\\\/2026\\\/01\\\/Logo_LogInfo24.png\",\"width\":938,\"height\":351,\"caption\":\"Logismedia Group AG\"},\"image\":{\"@id\":\"https:\\\/\\\/loginfo24.com\\\/pt-pt\\\/#\\\/schema\\\/logo\\\/image\\\/\"},\"sameAs\":[\"https:\\\/\\\/www.facebook.com\\\/people\\\/Loginfo24\\\/100057360583332\\\/\",\"https:\\\/\\\/www.linkedin.com\\\/company\\\/lofinfo24\\\/\"]},{\"@type\":\"Person\",\"@id\":\"https:\\\/\\\/loginfo24.com\\\/pt-pt\\\/#\\\/schema\\\/person\\\/7b1593b33567ba798d300c8a1b0b85b1\",\"name\":\"Andreas M\u00fcller\",\"url\":\"https:\\\/\\\/loginfo24.com\\\/pt-pt\\\/author\\\/logismedia\\\/\"}]}<\/script>\n<!-- \/ Yoast SEO plugin. -->","yoast_head_json":{"title":"Four Parx com a cerim\u00f4nia de in\u00edcio das obras para o parque empresarial Kirchheim\/Munique - Loginfo24","robots":{"index":"index","follow":"follow","max-snippet":"max-snippet:-1","max-image-preview":"max-image-preview:large","max-video-preview":"max-video-preview:-1"},"canonical":"https:\/\/loginfo24.com\/pt-pt\/2026\/04\/27\/four-parx-com-a-cerimonia-de-inicio-das-obras-para-o-parque-empresarial-kirchheim-munique\/","og_locale":"pt_PT","og_type":"article","og_title":"Four Parx com a cerim\u00f4nia de in\u00edcio das obras para o parque empresarial Kirchheim\/Munique - Loginfo24","og_description":"Em 24 de abril de 2026, a FOUR PARX e a QUINCAP celebraram o in\u00edcio da constru\u00e7\u00e3o de um novo parque empresarial em Kirchheim, que dever\u00e1 ser conclu\u00eddo at\u00e9 o segundo trimestre de 2027.","og_url":"https:\/\/loginfo24.com\/pt-pt\/2026\/04\/27\/four-parx-com-a-cerimonia-de-inicio-das-obras-para-o-parque-empresarial-kirchheim-munique\/","og_site_name":"Loginfo24","article_publisher":"https:\/\/www.facebook.com\/people\/Loginfo24\/100057360583332\/","article_published_time":"2026-04-27T10:59:38+00:00","og_image":[{"width":2560,"height":1441,"url":"https:\/\/loginfo24.com\/wp-content\/uploads\/sites\/7\/2026\/04\/Four-Parx_Spatenstich-Kirchheim-scaled-aspect-ratio-1400-788-scaled-1.jpg","type":"image\/jpeg"}],"author":"Andreas M\u00fcller","twitter_card":"summary_large_image","twitter_misc":{"Escrito por":"Andreas M\u00fcller","Tempo estimado de leitura":"2 minutos"},"schema":{"@context":"https:\/\/schema.org","@graph":[{"@type":"Article","@id":"https:\/\/loginfo24.com\/pt-pt\/2026\/04\/27\/four-parx-com-a-cerimonia-de-inicio-das-obras-para-o-parque-empresarial-kirchheim-munique\/#article","isPartOf":{"@id":"https:\/\/loginfo24.com\/pt-pt\/2026\/04\/27\/four-parx-com-a-cerimonia-de-inicio-das-obras-para-o-parque-empresarial-kirchheim-munique\/"},"author":{"name":"Andreas M\u00fcller","@id":"https:\/\/loginfo24.com\/pt-pt\/#\/schema\/person\/7b1593b33567ba798d300c8a1b0b85b1"},"headline":"Four Parx com a cerim\u00f4nia de in\u00edcio das obras para o parque empresarial Kirchheim\/Munique","datePublished":"2026-04-27T10:59:38+00:00","mainEntityOfPage":{"@id":"https:\/\/loginfo24.com\/pt-pt\/2026\/04\/27\/four-parx-com-a-cerimonia-de-inicio-das-obras-para-o-parque-empresarial-kirchheim-munique\/"},"wordCount":492,"commentCount":0,"publisher":{"@id":"https:\/\/loginfo24.com\/pt-pt\/#organization"},"image":{"@id":"https:\/\/loginfo24.com\/pt-pt\/2026\/04\/27\/four-parx-com-a-cerimonia-de-inicio-das-obras-para-o-parque-empresarial-kirchheim-munique\/#primaryimage"},"thumbnailUrl":"https:\/\/loginfo24.com\/wp-content\/uploads\/sites\/7\/2026\/04\/Four-Parx_Spatenstich-Kirchheim-scaled-aspect-ratio-1400-788-scaled-1.jpg","keywords":["Bauvorhaben M\u00fcnchen","c\u00e9r\u00e9monie de pose de la premi\u00e8re pierre parc d'activit\u00e9s","certification DGNB Gold","commercial property Munich","construction project Munich","Deutsch Gewerbepark Kirchheim","d\u00e9veloppement \u00e9conomique Kirchheim","DGNB Gold certification","DGNB Gold Zertifizierung","digital infrastructure logistics","digitale Infrastruktur Logistik","durabilit\u00e9 dans la logistique","economic development Kirchheim","energieeffiziente technische Anlagen","energy-efficient technical systems","flexible Nutzungsm\u00f6glichkeiten","flexible usage options","FOUR PARX","Gewerbeimmobilie M\u00fcnchen","groundbreaking business park","heat pump solutions","infrastructure num\u00e9rique logistique","innovation hub Munich Fran\u00e7ais parc d'activit\u00e9s Kirchheim","Innovationsstandort M\u00fcnchen English Kirchheim business park","Kirchheim outskirts","Kirchheim Umland","Light Industrial Immobilien","light industrial properties","location quality Munich","logistics Munich","Logistik M\u00fcnchen","logistique Munich","Nachhaltigkeit in der Logistik","options d'utilisation flexibles","p\u00e9riph\u00e9rie de Kirchheim","photovoltaic system business park","Photovoltaikanlage Gewerbepark","p\u00f4le d'innovation Munich","production site Kirchheim","Produktionsstandort Kirchheim","projet de construction Munich","propri\u00e9t\u00e9 commerciale Munich","propri\u00e9t\u00e9s industrielles l\u00e9g\u00e8res","qualit\u00e9 d'emplacement Munich","QUINCAP Investment Partners","site de production Kirchheim","solutions de pompe \u00e0 chaleur","Spatenstich Gewerbepark","Standortqualit\u00e4t M\u00fcnchen","sustainability in logistics","syst\u00e8me photovolta\u00efque parc d'activit\u00e9s","syst\u00e8mes techniques \u00e9co\u00e9nerg\u00e9tiques","W\u00e4rmepumpenl\u00f6sungen","wirtschaftliche Entwicklung Kirchheim"],"articleSection":["Alemanha","Europa","Expedi\u00e7\u00e3o de Mercadorias e Log\u00edstica"],"inLanguage":"pt-PT","potentialAction":[{"@type":"CommentAction","name":"Comment","target":["https:\/\/loginfo24.com\/pt-pt\/2026\/04\/27\/four-parx-com-a-cerimonia-de-inicio-das-obras-para-o-parque-empresarial-kirchheim-munique\/#respond"]}]},{"@type":"WebPage","@id":"https:\/\/loginfo24.com\/pt-pt\/2026\/04\/27\/four-parx-com-a-cerimonia-de-inicio-das-obras-para-o-parque-empresarial-kirchheim-munique\/","url":"https:\/\/loginfo24.com\/pt-pt\/2026\/04\/27\/four-parx-com-a-cerimonia-de-inicio-das-obras-para-o-parque-empresarial-kirchheim-munique\/","name":"Four Parx com a cerim\u00f4nia de in\u00edcio das obras para o parque empresarial Kirchheim\/Munique - Loginfo24","isPartOf":{"@id":"https:\/\/loginfo24.com\/pt-pt\/#website"},"primaryImageOfPage":{"@id":"https:\/\/loginfo24.com\/pt-pt\/2026\/04\/27\/four-parx-com-a-cerimonia-de-inicio-das-obras-para-o-parque-empresarial-kirchheim-munique\/#primaryimage"},"image":{"@id":"https:\/\/loginfo24.com\/pt-pt\/2026\/04\/27\/four-parx-com-a-cerimonia-de-inicio-das-obras-para-o-parque-empresarial-kirchheim-munique\/#primaryimage"},"thumbnailUrl":"https:\/\/loginfo24.com\/wp-content\/uploads\/sites\/7\/2026\/04\/Four-Parx_Spatenstich-Kirchheim-scaled-aspect-ratio-1400-788-scaled-1.jpg","datePublished":"2026-04-27T10:59:38+00:00","breadcrumb":{"@id":"https:\/\/loginfo24.com\/pt-pt\/2026\/04\/27\/four-parx-com-a-cerimonia-de-inicio-das-obras-para-o-parque-empresarial-kirchheim-munique\/#breadcrumb"},"inLanguage":"pt-PT","potentialAction":[{"@type":"ReadAction","target":["https:\/\/loginfo24.com\/pt-pt\/2026\/04\/27\/four-parx-com-a-cerimonia-de-inicio-das-obras-para-o-parque-empresarial-kirchheim-munique\/"]}]},{"@type":"ImageObject","inLanguage":"pt-PT","@id":"https:\/\/loginfo24.com\/pt-pt\/2026\/04\/27\/four-parx-com-a-cerimonia-de-inicio-das-obras-para-o-parque-empresarial-kirchheim-munique\/#primaryimage","url":"https:\/\/loginfo24.com\/wp-content\/uploads\/sites\/7\/2026\/04\/Four-Parx_Spatenstich-Kirchheim-scaled-aspect-ratio-1400-788-scaled-1.jpg","contentUrl":"https:\/\/loginfo24.com\/wp-content\/uploads\/sites\/7\/2026\/04\/Four-Parx_Spatenstich-Kirchheim-scaled-aspect-ratio-1400-788-scaled-1.jpg","width":2560,"height":1441},{"@type":"BreadcrumbList","@id":"https:\/\/loginfo24.com\/pt-pt\/2026\/04\/27\/four-parx-com-a-cerimonia-de-inicio-das-obras-para-o-parque-empresarial-kirchheim-munique\/#breadcrumb","itemListElement":[{"@type":"ListItem","position":1,"name":"Startseite","item":"https:\/\/loginfo24.com\/pt-pt\/"},{"@type":"ListItem","position":2,"name":"Four Parx com a cerim\u00f4nia de in\u00edcio das obras para o parque empresarial Kirchheim\/Munique"}]},{"@type":"WebSite","@id":"https:\/\/loginfo24.com\/pt-pt\/#website","url":"https:\/\/loginfo24.com\/pt-pt\/","name":"Loginfo24","description":"Loginfo24 \u00e9 a plataforma dedicada \u00e0 log\u00edstica e \u00e0s cadeias de abastecimento, com informa\u00e7\u00f5es dispon\u00edveis 24 horas por dia.","publisher":{"@id":"https:\/\/loginfo24.com\/pt-pt\/#organization"},"potentialAction":[{"@type":"SearchAction","target":{"@type":"EntryPoint","urlTemplate":"https:\/\/loginfo24.com\/pt-pt\/?s={search_term_string}"},"query-input":{"@type":"PropertyValueSpecification","valueRequired":true,"valueName":"search_term_string"}}],"inLanguage":"pt-PT"},{"@type":"Organization","@id":"https:\/\/loginfo24.com\/pt-pt\/#organization","name":"Logismedia Group AG","url":"https:\/\/loginfo24.com\/pt-pt\/","logo":{"@type":"ImageObject","inLanguage":"pt-PT","@id":"https:\/\/loginfo24.com\/pt-pt\/#\/schema\/logo\/image\/","url":"https:\/\/loginfo24.com\/wp-content\/uploads\/sites\/7\/2026\/01\/Logo_LogInfo24.png","contentUrl":"https:\/\/loginfo24.com\/wp-content\/uploads\/sites\/7\/2026\/01\/Logo_LogInfo24.png","width":938,"height":351,"caption":"Logismedia Group AG"},"image":{"@id":"https:\/\/loginfo24.com\/pt-pt\/#\/schema\/logo\/image\/"},"sameAs":["https:\/\/www.facebook.com\/people\/Loginfo24\/100057360583332\/","https:\/\/www.linkedin.com\/company\/lofinfo24\/"]},{"@type":"Person","@id":"https:\/\/loginfo24.com\/pt-pt\/#\/schema\/person\/7b1593b33567ba798d300c8a1b0b85b1","name":"Andreas M\u00fcller","url":"https:\/\/loginfo24.com\/pt-pt\/author\/logismedia\/"}]}},"_links":{"self":[{"href":"https:\/\/loginfo24.com\/pt-pt\/wp-json\/wp\/v2\/posts\/79285","targetHints":{"allow":["GET"]}}],"collection":[{"href":"https:\/\/loginfo24.com\/pt-pt\/wp-json\/wp\/v2\/posts"}],"about":[{"href":"https:\/\/loginfo24.com\/pt-pt\/wp-json\/wp\/v2\/types\/post"}],"author":[{"embeddable":true,"href":"https:\/\/loginfo24.com\/pt-pt\/wp-json\/wp\/v2\/users\/7"}],"replies":[{"embeddable":true,"href":"https:\/\/loginfo24.com\/pt-pt\/wp-json\/wp\/v2\/comments?post=79285"}],"version-history":[{"count":0,"href":"https:\/\/loginfo24.com\/pt-pt\/wp-json\/wp\/v2\/posts\/79285\/revisions"}],"wp:featuredmedia":[{"embeddable":true,"href":"https:\/\/loginfo24.com\/pt-pt\/wp-json\/wp\/v2\/media\/79280"}],"wp:attachment":[{"href":"https:\/\/loginfo24.com\/pt-pt\/wp-json\/wp\/v2\/media?parent=79285"}],"wp:term":[{"taxonomy":"category","embeddable":true,"href":"https:\/\/loginfo24.com\/pt-pt\/wp-json\/wp\/v2\/categories?post=79285"},{"taxonomy":"post_tag","embeddable":true,"href":"https:\/\/loginfo24.com\/pt-pt\/wp-json\/wp\/v2\/tags?post=79285"}],"curies":[{"name":"wp","href":"https:\/\/api.w.org\/{rel}","templated":true}]}}