{"id":76708,"date":"2026-03-16T13:26:26","date_gmt":"2026-03-16T13:26:26","guid":{"rendered":"https:\/\/loginfo24.com\/2026\/03\/16\/dp-world-estabelece-ferrovia-entre-a-alemanha-e-a-servia\/"},"modified":"2026-03-16T14:37:22","modified_gmt":"2026-03-16T13:37:22","slug":"dp-world-estabelece-ferrovia-entre-a-alemanha-e-a-servia","status":"publish","type":"post","link":"https:\/\/loginfo24.com\/pt-pt\/2026\/03\/16\/dp-world-estabelece-ferrovia-entre-a-alemanha-e-a-servia\/","title":{"rendered":"DP World estabelece ferrovia entre a Alemanha e a S\u00e9rvia"},"content":{"rendered":"<p>O operador global de terminais DP World lan\u00e7ou um novo servi\u00e7o de transporte ferrovi\u00e1rio intermodal que conecta sua instala\u00e7\u00e3o em Novi Sad, na S\u00e9rvia, a Herne, um importante centro log\u00edstico na regi\u00e3o do Reno-Ruhr, na Alemanha. Este servi\u00e7o, operado pela empresa de transporte austr\u00edaca LKW Walter, oferece tr\u00eas partidas semanais e reduz o tempo de viagem para 45 horas. Isso representa uma alternativa mais r\u00e1pida ao transporte rodovi\u00e1rio convencional de longa dist\u00e2ncia e permite uma redu\u00e7\u00e3o das emiss\u00f5es de CO\u2082 em at\u00e9 80%.<\/p>\n<p>A instala\u00e7\u00e3o em Novi Sad \u00e9 a primeira na S\u00e9rvia a oferecer uma conex\u00e3o ferrovi\u00e1ria intermodal regular para a Europa Ocidental. Gokhan Yurteken, diretor-geral da DP World Novi Sad, enfatiza que este servi\u00e7o fortalece a integra\u00e7\u00e3o da S\u00e9rvia nas cadeias de suprimento europeias e consolida seu papel como um gateway comercial estrat\u00e9gico no Sudeste Europeu. &#8222;Este servi\u00e7o oferece aos nossos clientes uma rota mais r\u00e1pida e previs\u00edvel da S\u00e9rvia para a Europa Ocidental, reduz a depend\u00eancia do transporte rodovi\u00e1rio transfronteiri\u00e7o e melhora a confiabilidade dos hor\u00e1rios&#8220;, explica Yurteken.<\/p>\n<h3>Rea\u00e7\u00e3o a desafios regulat\u00f3rios<\/h3>\n<p>O novo servi\u00e7o ferrovi\u00e1rio responde aos crescentes desafios regulat\u00f3rios e operacionais no transporte de longa dist\u00e2ncia entre a S\u00e9rvia e a Europa Ocidental. As empresas enfrentam tempos de tr\u00e2nsito imprevis\u00edveis e crescentes exig\u00eancias da Uni\u00e3o Europeia no setor de transporte rodovi\u00e1rio, incluindo o Sistema de Entrada\/Sa\u00edda (EES) e regulamentos mais rigorosos sobre a mobilidade dos motoristas, como restri\u00e7\u00f5es ao n\u00famero de dias que os motoristas podem passar no territ\u00f3rio da UE.<\/p>\n<p>Vladica \u0106ulafi\u0107, diretor comercial da DP World Novi Sad, destaca que as exig\u00eancias regulat\u00f3rias em evolu\u00e7\u00e3o no transporte rodovi\u00e1rio est\u00e3o levando os clientes a buscar solu\u00e7\u00f5es que ofere\u00e7am mais velocidade, previsibilidade e menor complexidade administrativa. &#8222;O transporte ferrovi\u00e1rio intermodal oferece tudo isso e tamb\u00e9m possibilita economias mensur\u00e1veis nas emiss\u00f5es de carbono&#8220;, afirma \u0106ulafi\u0107.<\/p>\n<p>&nbsp;<\/p>\n<p><a href=\"https:\/\/www.dpworld.com\/\" target=\"_blank\" rel=\"noopener noreferrer\">www.dpworld.com<\/a><\/p>\n<p>&nbsp;<\/p>\n<p><a href=\"https:\/\/www.lkw-walter.com\/\" target=\"_blank\" rel=\"noopener noreferrer\">www.lkw-walter.com<\/a><\/p>\n<p>&nbsp;<\/p>\n","protected":false},"excerpt":{"rendered":"<p>A DP World lan\u00e7ou um novo servi\u00e7o de transporte ferrovi\u00e1rio intermodal entre Novi Sad e Herne, que reduz o tempo de viagem para 45 horas e diminui as emiss\u00f5es de CO\u2082 em 80%.<\/p>\n","protected":false},"author":12,"featured_media":76703,"comment_status":"open","ping_status":"","sticky":false,"template":"","format":"standard","meta":{"_acf_changed":false,"footnotes":""},"categories":[6663,6679,1617,1616],"tags":[14522,3855,14523,3410,14524,2115,2116,14525,14526,14527,3953,14528,4161,14529,14530,2125,14531,14532,14533,14534,2133,1831,1913,14535,3157,14536,14537,14538,14539,2148,4179,3875,3878,14540,3435,3436,14541,14542,1916,3978,14543,14544,3980,14545,4341,14546,4345,14547,14548,2155,14549,1837],"class_list":["post-76708","post","type-post","status-publish","format-standard","has-post-thumbnail","hentry","category-alemanha","category-europa","category-expedicao-e-logistica","category-intermodal-rodoviario","tag-chaines-dapprovisionnement-serbie","tag-co-emissionen-reduzieren","tag-cross-border-transport","tag-defis-reglementaires","tag-deutsch-dp-world","tag-digitalisierung-in-der-logistik","tag-digitalization-in-logistics","tag-efficacite-du-transport","tag-effizienz-im-transport","tag-erste-intermodale-verbindung-serbien","tag-europe-du-sud-est","tag-first-intermodal-connection-serbia","tag-fret-ferroviaire","tag-grenzueberschreitender-transport","tag-herne","tag-industrie-du-transport","tag-intermodal-rail-transport","tag-intermodaler-schienenverkehr","tag-lieferketten-serbien","tag-lkw-walter","tag-logistics-service-providers","tag-logistikdienstleister","tag-nachhaltiger-transport","tag-novi-sad","tag-numerisation-dans-la-logistique","tag-optimiser-les-temps-de-transit","tag-optimize-transit-times","tag-passerelle-commerciale-strategique","tag-premiere-connexion-intermodale-serbie","tag-prestataires-de-services-logistiques","tag-rail-freight","tag-reduce-co-emissions","tag-reduire-les-emissions-de-co","tag-region-rhin-ruhr","tag-regulatorische-herausforderungen","tag-regulatory-challenges","tag-rhein-ruhr-region","tag-rhine-ruhr-region","tag-schienengueterverkehr","tag-southeast-europe","tag-strategic-trade-gateway-francais-dp-world","tag-strategisches-handelsgateway-english-dp-world","tag-suedosteuropa","tag-supply-chains-serbia","tag-sustainable-transport","tag-transitzeiten-optimieren","tag-transport-durable","tag-transport-efficiency","tag-transport-ferroviaire-intermodal","tag-transport-industry","tag-transport-transfrontalier","tag-transportwirtschaft"],"acf":[],"yoast_head":"<!-- This site is optimized with the Yoast SEO plugin v27.3 - https:\/\/yoast.com\/product\/yoast-seo-wordpress\/ -->\n<title>DP World estabelece ferrovia entre a Alemanha e a S\u00e9rvia - Loginfo24<\/title>\n<meta name=\"robots\" content=\"index, follow, max-snippet:-1, max-image-preview:large, max-video-preview:-1\" \/>\n<link rel=\"canonical\" href=\"https:\/\/loginfo24.com\/pt-pt\/2026\/03\/16\/dp-world-estabelece-ferrovia-entre-a-alemanha-e-a-servia\/\" \/>\n<meta property=\"og:locale\" content=\"pt_PT\" \/>\n<meta property=\"og:type\" content=\"article\" \/>\n<meta property=\"og:title\" content=\"DP World estabelece ferrovia entre a Alemanha e a S\u00e9rvia - Loginfo24\" \/>\n<meta property=\"og:description\" content=\"A DP World lan\u00e7ou um novo servi\u00e7o de transporte ferrovi\u00e1rio intermodal entre Novi Sad e Herne, que reduz o tempo de viagem para 45 horas e diminui as emiss\u00f5es de CO\u2082 em 80%.\" \/>\n<meta property=\"og:url\" content=\"https:\/\/loginfo24.com\/pt-pt\/2026\/03\/16\/dp-world-estabelece-ferrovia-entre-a-alemanha-e-a-servia\/\" \/>\n<meta property=\"og:site_name\" content=\"Loginfo24\" \/>\n<meta property=\"article:publisher\" content=\"https:\/\/www.facebook.com\/people\/Loginfo24\/100057360583332\/\" \/>\n<meta property=\"article:published_time\" content=\"2026-03-16T13:26:26+00:00\" \/>\n<meta property=\"article:modified_time\" content=\"2026-03-16T13:37:22+00:00\" \/>\n<meta property=\"og:image\" content=\"https:\/\/loginfo24.com\/wp-content\/uploads\/sites\/7\/2026\/03\/newrailservicepic-scaled-aspect-ratio-1400-788-scaled-1.jpg\" \/>\n\t<meta property=\"og:image:width\" content=\"2560\" \/>\n\t<meta property=\"og:image:height\" content=\"1441\" \/>\n\t<meta property=\"og:image:type\" content=\"image\/jpeg\" \/>\n<meta name=\"author\" content=\"Andreas Haug\" \/>\n<meta name=\"twitter:card\" content=\"summary_large_image\" \/>\n<meta name=\"twitter:label1\" content=\"Escrito por\" \/>\n\t<meta name=\"twitter:data1\" content=\"Andreas Haug\" \/>\n\t<meta name=\"twitter:label2\" content=\"Tempo estimado de leitura\" \/>\n\t<meta name=\"twitter:data2\" content=\"2 minutos\" \/>\n<script type=\"application\/ld+json\" class=\"yoast-schema-graph\">{\"@context\":\"https:\\\/\\\/schema.org\",\"@graph\":[{\"@type\":\"Article\",\"@id\":\"https:\\\/\\\/loginfo24.com\\\/pt-pt\\\/2026\\\/03\\\/16\\\/dp-world-estabelece-ferrovia-entre-a-alemanha-e-a-servia\\\/#article\",\"isPartOf\":{\"@id\":\"https:\\\/\\\/loginfo24.com\\\/pt-pt\\\/2026\\\/03\\\/16\\\/dp-world-estabelece-ferrovia-entre-a-alemanha-e-a-servia\\\/\"},\"author\":{\"name\":\"Andreas Haug\",\"@id\":\"https:\\\/\\\/loginfo24.com\\\/pt-pt\\\/#\\\/schema\\\/person\\\/cf538b3157f15afd7589245a4b3dbd25\"},\"headline\":\"DP World estabelece ferrovia entre a Alemanha e a S\u00e9rvia\",\"datePublished\":\"2026-03-16T13:26:26+00:00\",\"dateModified\":\"2026-03-16T13:37:22+00:00\",\"mainEntityOfPage\":{\"@id\":\"https:\\\/\\\/loginfo24.com\\\/pt-pt\\\/2026\\\/03\\\/16\\\/dp-world-estabelece-ferrovia-entre-a-alemanha-e-a-servia\\\/\"},\"wordCount\":375,\"commentCount\":0,\"publisher\":{\"@id\":\"https:\\\/\\\/loginfo24.com\\\/pt-pt\\\/#organization\"},\"image\":{\"@id\":\"https:\\\/\\\/loginfo24.com\\\/pt-pt\\\/2026\\\/03\\\/16\\\/dp-world-estabelece-ferrovia-entre-a-alemanha-e-a-servia\\\/#primaryimage\"},\"thumbnailUrl\":\"https:\\\/\\\/loginfo24.com\\\/wp-content\\\/uploads\\\/sites\\\/7\\\/2026\\\/03\\\/newrailservicepic-scaled-aspect-ratio-1400-788-scaled-1.jpg\",\"keywords\":[\"cha\u00eenes d'approvisionnement Serbie\",\"CO\u2082-Emissionen reduzieren\",\"cross-border transport\",\"d\u00e9fis r\u00e9glementaires\",\"Deutsch DP World\",\"Digitalisierung in der Logistik\",\"digitalization in logistics\",\"efficacit\u00e9 du transport\",\"Effizienz im Transport\",\"erste intermodale Verbindung Serbien\",\"Europe du Sud-Est\",\"first intermodal connection Serbia\",\"fret ferroviaire\",\"grenz\u00fcberschreitender Transport\",\"Herne\",\"industrie du transport\",\"intermodal rail transport\",\"intermodaler Schienenverkehr\",\"Lieferketten Serbien\",\"Lkw Walter\",\"logistics service providers\",\"Logistikdienstleister\",\"nachhaltiger Transport\",\"Novi Sad\",\"num\u00e9risation dans la logistique\",\"optimiser les temps de transit\",\"optimize transit times\",\"passerelle commerciale strat\u00e9gique\",\"premi\u00e8re connexion intermodale Serbie\",\"prestataires de services logistiques\",\"rail freight\",\"reduce CO\u2082 emissions\",\"r\u00e9duire les \u00e9missions de CO\u2082\",\"r\u00e9gion Rhin-Ruhr\",\"regulatorische Herausforderungen\",\"regulatory challenges\",\"Rhein-Ruhr-Region\",\"Rhine-Ruhr region\",\"Schieneng\u00fcterverkehr\",\"Southeast Europe\",\"strategic trade gateway Fran\u00e7ais DP World\",\"strategisches Handelsgateway English DP World\",\"S\u00fcdosteuropa\",\"supply chains Serbia\",\"sustainable transport\",\"Transitzeiten optimieren\",\"transport durable\",\"transport efficiency\",\"transport ferroviaire intermodal\",\"transport industry\",\"transport transfrontalier\",\"Transportwirtschaft\"],\"articleSection\":[\"Alemanha\",\"Europa\",\"Expedi\u00e7\u00e3o de Mercadorias e Log\u00edstica\",\"Intermodal \\\/ Rodovi\u00e1rio\"],\"inLanguage\":\"pt-PT\",\"potentialAction\":[{\"@type\":\"CommentAction\",\"name\":\"Comment\",\"target\":[\"https:\\\/\\\/loginfo24.com\\\/pt-pt\\\/2026\\\/03\\\/16\\\/dp-world-estabelece-ferrovia-entre-a-alemanha-e-a-servia\\\/#respond\"]}]},{\"@type\":\"WebPage\",\"@id\":\"https:\\\/\\\/loginfo24.com\\\/pt-pt\\\/2026\\\/03\\\/16\\\/dp-world-estabelece-ferrovia-entre-a-alemanha-e-a-servia\\\/\",\"url\":\"https:\\\/\\\/loginfo24.com\\\/pt-pt\\\/2026\\\/03\\\/16\\\/dp-world-estabelece-ferrovia-entre-a-alemanha-e-a-servia\\\/\",\"name\":\"DP World estabelece ferrovia entre a Alemanha e a S\u00e9rvia - Loginfo24\",\"isPartOf\":{\"@id\":\"https:\\\/\\\/loginfo24.com\\\/pt-pt\\\/#website\"},\"primaryImageOfPage\":{\"@id\":\"https:\\\/\\\/loginfo24.com\\\/pt-pt\\\/2026\\\/03\\\/16\\\/dp-world-estabelece-ferrovia-entre-a-alemanha-e-a-servia\\\/#primaryimage\"},\"image\":{\"@id\":\"https:\\\/\\\/loginfo24.com\\\/pt-pt\\\/2026\\\/03\\\/16\\\/dp-world-estabelece-ferrovia-entre-a-alemanha-e-a-servia\\\/#primaryimage\"},\"thumbnailUrl\":\"https:\\\/\\\/loginfo24.com\\\/wp-content\\\/uploads\\\/sites\\\/7\\\/2026\\\/03\\\/newrailservicepic-scaled-aspect-ratio-1400-788-scaled-1.jpg\",\"datePublished\":\"2026-03-16T13:26:26+00:00\",\"dateModified\":\"2026-03-16T13:37:22+00:00\",\"breadcrumb\":{\"@id\":\"https:\\\/\\\/loginfo24.com\\\/pt-pt\\\/2026\\\/03\\\/16\\\/dp-world-estabelece-ferrovia-entre-a-alemanha-e-a-servia\\\/#breadcrumb\"},\"inLanguage\":\"pt-PT\",\"potentialAction\":[{\"@type\":\"ReadAction\",\"target\":[\"https:\\\/\\\/loginfo24.com\\\/pt-pt\\\/2026\\\/03\\\/16\\\/dp-world-estabelece-ferrovia-entre-a-alemanha-e-a-servia\\\/\"]}]},{\"@type\":\"ImageObject\",\"inLanguage\":\"pt-PT\",\"@id\":\"https:\\\/\\\/loginfo24.com\\\/pt-pt\\\/2026\\\/03\\\/16\\\/dp-world-estabelece-ferrovia-entre-a-alemanha-e-a-servia\\\/#primaryimage\",\"url\":\"https:\\\/\\\/loginfo24.com\\\/wp-content\\\/uploads\\\/sites\\\/7\\\/2026\\\/03\\\/newrailservicepic-scaled-aspect-ratio-1400-788-scaled-1.jpg\",\"contentUrl\":\"https:\\\/\\\/loginfo24.com\\\/wp-content\\\/uploads\\\/sites\\\/7\\\/2026\\\/03\\\/newrailservicepic-scaled-aspect-ratio-1400-788-scaled-1.jpg\",\"width\":2560,\"height\":1441},{\"@type\":\"BreadcrumbList\",\"@id\":\"https:\\\/\\\/loginfo24.com\\\/pt-pt\\\/2026\\\/03\\\/16\\\/dp-world-estabelece-ferrovia-entre-a-alemanha-e-a-servia\\\/#breadcrumb\",\"itemListElement\":[{\"@type\":\"ListItem\",\"position\":1,\"name\":\"Startseite\",\"item\":\"https:\\\/\\\/loginfo24.com\\\/pt-pt\\\/\"},{\"@type\":\"ListItem\",\"position\":2,\"name\":\"DP World estabelece ferrovia entre a Alemanha e a S\u00e9rvia\"}]},{\"@type\":\"WebSite\",\"@id\":\"https:\\\/\\\/loginfo24.com\\\/pt-pt\\\/#website\",\"url\":\"https:\\\/\\\/loginfo24.com\\\/pt-pt\\\/\",\"name\":\"Loginfo24\",\"description\":\"Loginfo24 \u00e9 a plataforma dedicada \u00e0 log\u00edstica e \u00e0s cadeias de abastecimento, com informa\u00e7\u00f5es dispon\u00edveis 24 horas por dia.\",\"publisher\":{\"@id\":\"https:\\\/\\\/loginfo24.com\\\/pt-pt\\\/#organization\"},\"potentialAction\":[{\"@type\":\"SearchAction\",\"target\":{\"@type\":\"EntryPoint\",\"urlTemplate\":\"https:\\\/\\\/loginfo24.com\\\/pt-pt\\\/?s={search_term_string}\"},\"query-input\":{\"@type\":\"PropertyValueSpecification\",\"valueRequired\":true,\"valueName\":\"search_term_string\"}}],\"inLanguage\":\"pt-PT\"},{\"@type\":\"Organization\",\"@id\":\"https:\\\/\\\/loginfo24.com\\\/pt-pt\\\/#organization\",\"name\":\"Logismedia Group AG\",\"url\":\"https:\\\/\\\/loginfo24.com\\\/pt-pt\\\/\",\"logo\":{\"@type\":\"ImageObject\",\"inLanguage\":\"pt-PT\",\"@id\":\"https:\\\/\\\/loginfo24.com\\\/pt-pt\\\/#\\\/schema\\\/logo\\\/image\\\/\",\"url\":\"https:\\\/\\\/loginfo24.com\\\/wp-content\\\/uploads\\\/sites\\\/7\\\/2026\\\/01\\\/Logo_LogInfo24.png\",\"contentUrl\":\"https:\\\/\\\/loginfo24.com\\\/wp-content\\\/uploads\\\/sites\\\/7\\\/2026\\\/01\\\/Logo_LogInfo24.png\",\"width\":938,\"height\":351,\"caption\":\"Logismedia Group AG\"},\"image\":{\"@id\":\"https:\\\/\\\/loginfo24.com\\\/pt-pt\\\/#\\\/schema\\\/logo\\\/image\\\/\"},\"sameAs\":[\"https:\\\/\\\/www.facebook.com\\\/people\\\/Loginfo24\\\/100057360583332\\\/\",\"https:\\\/\\\/www.linkedin.com\\\/company\\\/lofinfo24\\\/\"]},{\"@type\":\"Person\",\"@id\":\"https:\\\/\\\/loginfo24.com\\\/pt-pt\\\/#\\\/schema\\\/person\\\/cf538b3157f15afd7589245a4b3dbd25\",\"name\":\"Andreas Haug\",\"url\":\"https:\\\/\\\/loginfo24.com\\\/pt-pt\\\/author\\\/andreas\\\/\"}]}<\/script>\n<!-- \/ Yoast SEO plugin. -->","yoast_head_json":{"title":"DP World estabelece ferrovia entre a Alemanha e a S\u00e9rvia - Loginfo24","robots":{"index":"index","follow":"follow","max-snippet":"max-snippet:-1","max-image-preview":"max-image-preview:large","max-video-preview":"max-video-preview:-1"},"canonical":"https:\/\/loginfo24.com\/pt-pt\/2026\/03\/16\/dp-world-estabelece-ferrovia-entre-a-alemanha-e-a-servia\/","og_locale":"pt_PT","og_type":"article","og_title":"DP World estabelece ferrovia entre a Alemanha e a S\u00e9rvia - Loginfo24","og_description":"A DP World lan\u00e7ou um novo servi\u00e7o de transporte ferrovi\u00e1rio intermodal entre Novi Sad e Herne, que reduz o tempo de viagem para 45 horas e diminui as emiss\u00f5es de CO\u2082 em 80%.","og_url":"https:\/\/loginfo24.com\/pt-pt\/2026\/03\/16\/dp-world-estabelece-ferrovia-entre-a-alemanha-e-a-servia\/","og_site_name":"Loginfo24","article_publisher":"https:\/\/www.facebook.com\/people\/Loginfo24\/100057360583332\/","article_published_time":"2026-03-16T13:26:26+00:00","article_modified_time":"2026-03-16T13:37:22+00:00","og_image":[{"width":2560,"height":1441,"url":"https:\/\/loginfo24.com\/wp-content\/uploads\/sites\/7\/2026\/03\/newrailservicepic-scaled-aspect-ratio-1400-788-scaled-1.jpg","type":"image\/jpeg"}],"author":"Andreas Haug","twitter_card":"summary_large_image","twitter_misc":{"Escrito por":"Andreas Haug","Tempo estimado de leitura":"2 minutos"},"schema":{"@context":"https:\/\/schema.org","@graph":[{"@type":"Article","@id":"https:\/\/loginfo24.com\/pt-pt\/2026\/03\/16\/dp-world-estabelece-ferrovia-entre-a-alemanha-e-a-servia\/#article","isPartOf":{"@id":"https:\/\/loginfo24.com\/pt-pt\/2026\/03\/16\/dp-world-estabelece-ferrovia-entre-a-alemanha-e-a-servia\/"},"author":{"name":"Andreas Haug","@id":"https:\/\/loginfo24.com\/pt-pt\/#\/schema\/person\/cf538b3157f15afd7589245a4b3dbd25"},"headline":"DP World estabelece ferrovia entre a Alemanha e a S\u00e9rvia","datePublished":"2026-03-16T13:26:26+00:00","dateModified":"2026-03-16T13:37:22+00:00","mainEntityOfPage":{"@id":"https:\/\/loginfo24.com\/pt-pt\/2026\/03\/16\/dp-world-estabelece-ferrovia-entre-a-alemanha-e-a-servia\/"},"wordCount":375,"commentCount":0,"publisher":{"@id":"https:\/\/loginfo24.com\/pt-pt\/#organization"},"image":{"@id":"https:\/\/loginfo24.com\/pt-pt\/2026\/03\/16\/dp-world-estabelece-ferrovia-entre-a-alemanha-e-a-servia\/#primaryimage"},"thumbnailUrl":"https:\/\/loginfo24.com\/wp-content\/uploads\/sites\/7\/2026\/03\/newrailservicepic-scaled-aspect-ratio-1400-788-scaled-1.jpg","keywords":["cha\u00eenes d'approvisionnement Serbie","CO\u2082-Emissionen reduzieren","cross-border transport","d\u00e9fis r\u00e9glementaires","Deutsch DP World","Digitalisierung in der Logistik","digitalization in logistics","efficacit\u00e9 du transport","Effizienz im Transport","erste intermodale Verbindung Serbien","Europe du Sud-Est","first intermodal connection Serbia","fret ferroviaire","grenz\u00fcberschreitender Transport","Herne","industrie du transport","intermodal rail transport","intermodaler Schienenverkehr","Lieferketten Serbien","Lkw Walter","logistics service providers","Logistikdienstleister","nachhaltiger Transport","Novi Sad","num\u00e9risation dans la logistique","optimiser les temps de transit","optimize transit times","passerelle commerciale strat\u00e9gique","premi\u00e8re connexion intermodale Serbie","prestataires de services logistiques","rail freight","reduce CO\u2082 emissions","r\u00e9duire les \u00e9missions de CO\u2082","r\u00e9gion Rhin-Ruhr","regulatorische Herausforderungen","regulatory challenges","Rhein-Ruhr-Region","Rhine-Ruhr region","Schieneng\u00fcterverkehr","Southeast Europe","strategic trade gateway Fran\u00e7ais DP World","strategisches Handelsgateway English DP World","S\u00fcdosteuropa","supply chains Serbia","sustainable transport","Transitzeiten optimieren","transport durable","transport efficiency","transport ferroviaire intermodal","transport industry","transport transfrontalier","Transportwirtschaft"],"articleSection":["Alemanha","Europa","Expedi\u00e7\u00e3o de Mercadorias e Log\u00edstica","Intermodal \/ Rodovi\u00e1rio"],"inLanguage":"pt-PT","potentialAction":[{"@type":"CommentAction","name":"Comment","target":["https:\/\/loginfo24.com\/pt-pt\/2026\/03\/16\/dp-world-estabelece-ferrovia-entre-a-alemanha-e-a-servia\/#respond"]}]},{"@type":"WebPage","@id":"https:\/\/loginfo24.com\/pt-pt\/2026\/03\/16\/dp-world-estabelece-ferrovia-entre-a-alemanha-e-a-servia\/","url":"https:\/\/loginfo24.com\/pt-pt\/2026\/03\/16\/dp-world-estabelece-ferrovia-entre-a-alemanha-e-a-servia\/","name":"DP World estabelece ferrovia entre a Alemanha e a S\u00e9rvia - Loginfo24","isPartOf":{"@id":"https:\/\/loginfo24.com\/pt-pt\/#website"},"primaryImageOfPage":{"@id":"https:\/\/loginfo24.com\/pt-pt\/2026\/03\/16\/dp-world-estabelece-ferrovia-entre-a-alemanha-e-a-servia\/#primaryimage"},"image":{"@id":"https:\/\/loginfo24.com\/pt-pt\/2026\/03\/16\/dp-world-estabelece-ferrovia-entre-a-alemanha-e-a-servia\/#primaryimage"},"thumbnailUrl":"https:\/\/loginfo24.com\/wp-content\/uploads\/sites\/7\/2026\/03\/newrailservicepic-scaled-aspect-ratio-1400-788-scaled-1.jpg","datePublished":"2026-03-16T13:26:26+00:00","dateModified":"2026-03-16T13:37:22+00:00","breadcrumb":{"@id":"https:\/\/loginfo24.com\/pt-pt\/2026\/03\/16\/dp-world-estabelece-ferrovia-entre-a-alemanha-e-a-servia\/#breadcrumb"},"inLanguage":"pt-PT","potentialAction":[{"@type":"ReadAction","target":["https:\/\/loginfo24.com\/pt-pt\/2026\/03\/16\/dp-world-estabelece-ferrovia-entre-a-alemanha-e-a-servia\/"]}]},{"@type":"ImageObject","inLanguage":"pt-PT","@id":"https:\/\/loginfo24.com\/pt-pt\/2026\/03\/16\/dp-world-estabelece-ferrovia-entre-a-alemanha-e-a-servia\/#primaryimage","url":"https:\/\/loginfo24.com\/wp-content\/uploads\/sites\/7\/2026\/03\/newrailservicepic-scaled-aspect-ratio-1400-788-scaled-1.jpg","contentUrl":"https:\/\/loginfo24.com\/wp-content\/uploads\/sites\/7\/2026\/03\/newrailservicepic-scaled-aspect-ratio-1400-788-scaled-1.jpg","width":2560,"height":1441},{"@type":"BreadcrumbList","@id":"https:\/\/loginfo24.com\/pt-pt\/2026\/03\/16\/dp-world-estabelece-ferrovia-entre-a-alemanha-e-a-servia\/#breadcrumb","itemListElement":[{"@type":"ListItem","position":1,"name":"Startseite","item":"https:\/\/loginfo24.com\/pt-pt\/"},{"@type":"ListItem","position":2,"name":"DP World estabelece ferrovia entre a Alemanha e a S\u00e9rvia"}]},{"@type":"WebSite","@id":"https:\/\/loginfo24.com\/pt-pt\/#website","url":"https:\/\/loginfo24.com\/pt-pt\/","name":"Loginfo24","description":"Loginfo24 \u00e9 a plataforma dedicada \u00e0 log\u00edstica e \u00e0s cadeias de abastecimento, com informa\u00e7\u00f5es dispon\u00edveis 24 horas por dia.","publisher":{"@id":"https:\/\/loginfo24.com\/pt-pt\/#organization"},"potentialAction":[{"@type":"SearchAction","target":{"@type":"EntryPoint","urlTemplate":"https:\/\/loginfo24.com\/pt-pt\/?s={search_term_string}"},"query-input":{"@type":"PropertyValueSpecification","valueRequired":true,"valueName":"search_term_string"}}],"inLanguage":"pt-PT"},{"@type":"Organization","@id":"https:\/\/loginfo24.com\/pt-pt\/#organization","name":"Logismedia Group AG","url":"https:\/\/loginfo24.com\/pt-pt\/","logo":{"@type":"ImageObject","inLanguage":"pt-PT","@id":"https:\/\/loginfo24.com\/pt-pt\/#\/schema\/logo\/image\/","url":"https:\/\/loginfo24.com\/wp-content\/uploads\/sites\/7\/2026\/01\/Logo_LogInfo24.png","contentUrl":"https:\/\/loginfo24.com\/wp-content\/uploads\/sites\/7\/2026\/01\/Logo_LogInfo24.png","width":938,"height":351,"caption":"Logismedia Group AG"},"image":{"@id":"https:\/\/loginfo24.com\/pt-pt\/#\/schema\/logo\/image\/"},"sameAs":["https:\/\/www.facebook.com\/people\/Loginfo24\/100057360583332\/","https:\/\/www.linkedin.com\/company\/lofinfo24\/"]},{"@type":"Person","@id":"https:\/\/loginfo24.com\/pt-pt\/#\/schema\/person\/cf538b3157f15afd7589245a4b3dbd25","name":"Andreas Haug","url":"https:\/\/loginfo24.com\/pt-pt\/author\/andreas\/"}]}},"_links":{"self":[{"href":"https:\/\/loginfo24.com\/pt-pt\/wp-json\/wp\/v2\/posts\/76708","targetHints":{"allow":["GET"]}}],"collection":[{"href":"https:\/\/loginfo24.com\/pt-pt\/wp-json\/wp\/v2\/posts"}],"about":[{"href":"https:\/\/loginfo24.com\/pt-pt\/wp-json\/wp\/v2\/types\/post"}],"author":[{"embeddable":true,"href":"https:\/\/loginfo24.com\/pt-pt\/wp-json\/wp\/v2\/users\/12"}],"replies":[{"embeddable":true,"href":"https:\/\/loginfo24.com\/pt-pt\/wp-json\/wp\/v2\/comments?post=76708"}],"version-history":[{"count":1,"href":"https:\/\/loginfo24.com\/pt-pt\/wp-json\/wp\/v2\/posts\/76708\/revisions"}],"predecessor-version":[{"id":76715,"href":"https:\/\/loginfo24.com\/pt-pt\/wp-json\/wp\/v2\/posts\/76708\/revisions\/76715"}],"wp:featuredmedia":[{"embeddable":true,"href":"https:\/\/loginfo24.com\/pt-pt\/wp-json\/wp\/v2\/media\/76703"}],"wp:attachment":[{"href":"https:\/\/loginfo24.com\/pt-pt\/wp-json\/wp\/v2\/media?parent=76708"}],"wp:term":[{"taxonomy":"category","embeddable":true,"href":"https:\/\/loginfo24.com\/pt-pt\/wp-json\/wp\/v2\/categories?post=76708"},{"taxonomy":"post_tag","embeddable":true,"href":"https:\/\/loginfo24.com\/pt-pt\/wp-json\/wp\/v2\/tags?post=76708"}],"curies":[{"name":"wp","href":"https:\/\/api.w.org\/{rel}","templated":true}]}}