{"id":76637,"date":"2026-03-13T10:36:09","date_gmt":"2026-03-13T10:36:09","guid":{"rendered":"https:\/\/loginfo24.com\/2026\/03\/13\/armazem-regional-para-pecas-de-reposicao-de-prestadora-de-servicos-de-energia\/"},"modified":"2026-03-13T10:36:09","modified_gmt":"2026-03-13T10:36:09","slug":"armazem-regional-para-pecas-de-reposicao-de-prestadora-de-servicos-de-energia","status":"publish","type":"post","link":"https:\/\/loginfo24.com\/pt-pt\/2026\/03\/13\/armazem-regional-para-pecas-de-reposicao-de-prestadora-de-servicos-de-energia\/","title":{"rendered":"Armaz\u00e9m regional para pe\u00e7as de reposi\u00e7\u00e3o de prestadora de servi\u00e7os de energia"},"content":{"rendered":"<p>A Mainova AG anunciou a constru\u00e7\u00e3o de um novo armaz\u00e9m regional no leste de Frankfurt, com o objetivo de centralizar a log\u00edstica de pe\u00e7as de reposi\u00e7\u00e3o anteriormente descentralizada em um \u00fanico local. O objetivo dessa medida \u00e9 aumentar a disponibilidade de pe\u00e7as de reposi\u00e7\u00e3o para a infraestrutura t\u00e9cnica e simplificar os processos log\u00edsticos. O novo armaz\u00e9m regional ser\u00e1 realizado pela Jungheinrich. As duas empresas j\u00e1 colaboraram com sucesso nos \u00faltimos anos, com a Jungheinrich implementando dois projetos menores de armaz\u00e9m para a Mainova em 2022. O novo armaz\u00e9m regional deve entrar em opera\u00e7\u00e3o em mar\u00e7o de 2027.<\/p>\n<h3>Estrutura de armaz\u00e9m eficiente para pe\u00e7as de reposi\u00e7\u00e3o<\/h3>\n<p>Ele inclui um armaz\u00e9m de corredores estreitos com cerca de 6.200 locais para paletes e uma altura de at\u00e9 17,1 m. Esta solu\u00e7\u00e3o de armazenamento \u00e9 especialmente projetada para o fornecedor de energia, que fornece eletricidade, g\u00e1s, aquecimento e \u00e1gua para mais de um milh\u00e3o de pessoas. Para os processos de armazenamento e retirada, ser\u00e3o utilizados dois empilhadores de tr\u00eas rodas Jungheinrich EKX 516, que, devido \u00e0 sua alta precis\u00e3o de posicionamento e tecnologia de acionamento energeticamente eficiente, operam de forma econ\u00f4mica mesmo em grandes alturas de eleva\u00e7\u00e3o.<\/p>\n<p>O armaz\u00e9m de paletes ser\u00e1 complementado por um armaz\u00e9m de pequenas pe\u00e7as com uma altura de armazenamento de 7,5 m. Um total de onze m\u00f3dulos de eleva\u00e7\u00e3o verticais da Jungheinrich garantem uma coleta compacta e tempos de acesso curtos, o que \u00e9 crucial para a r\u00e1pida disponibiliza\u00e7\u00e3o de pe\u00e7as de reposi\u00e7\u00e3o, especialmente em caso de uma alta diversidade de itens.<\/p>\n<p>Al\u00e9m disso, um armaz\u00e9m de corredores largos ser\u00e1 integrado ao novo complexo de halls. O manuseio ser\u00e1 realizado por um empilhador el\u00e9trico contrabalan\u00e7ado EFG 425k. Em uma se\u00e7\u00e3o do hall com 10 m de altura, ser\u00e1 instalada uma prateleira de paletes de profundidade dupla, que tamb\u00e9m ser\u00e1 operada com o EFG utilizando garfos telesc\u00f3picos.<\/p>\n<p>Para o armazenamento de materiais longos, ser\u00e1 instalado tanto no novo edif\u00edcio quanto em um hall adjacente um sistema de prateleiras de bra\u00e7o em cantilever. Enquanto o sistema de prateleiras de bra\u00e7o em cantilever no novo edif\u00edcio tamb\u00e9m ser\u00e1 atendido pelo EFG 425k, a Jungheinrich, como empreiteira geral, fornecer\u00e1 um ve\u00edculo especial da Hubtex para o manuseio das prateleiras de bra\u00e7o em cantilever no hall existente, a fim de integrar perfeitamente essa \u00e1rea ao conceito geral.<\/p>\n<p>Uma \u00e1rea separada para o armazenamento de subst\u00e2ncias perigosas tamb\u00e9m ser\u00e1 criada no novo hall, onde materiais como \u00f3leos e tintas ser\u00e3o armazenados. No total, tr\u00eas se\u00e7\u00f5es de hall interconectadas com alturas de 25, 10 e 5 m, al\u00e9m de um hall existente com tecnologia de armazenamento, ser\u00e3o equipadas. As se\u00e7\u00f5es do hall s\u00e3o projetadas para garantir um fluxo cont\u00ednuo de materiais sem interrup\u00e7\u00f5es estruturais.<\/p>\n<p>Leonid Feldman, gerente de projeto e engenheiro civil da Mainova AG, explica: &#8222;Com o novo armaz\u00e9m regional, aumentamos significativamente a efici\u00eancia e a confiabilidade do fornecimento da nossa log\u00edstica de pe\u00e7as de reposi\u00e7\u00e3o, aproveitando ao m\u00e1ximo o terreno dispon\u00edvel.&#8220;<\/p>\n<p>&nbsp;<\/p>\n<p><a href=\"https:\/\/www.jungheinrich.com\/\" target=\"_blank\" rel=\"noopener noreferrer\">www.jungheinrich.com<\/a><\/p>\n<p>&nbsp;<\/p>\n<p><a href=\"https:\/\/www.mainova.de\/\" target=\"_blank\" rel=\"noopener noreferrer\">www.mainova.de<\/a><\/p>\n<p>&nbsp;<\/p>\n","protected":false},"excerpt":{"rendered":"<p>A Mainova AG planeja a constru\u00e7\u00e3o de um novo armaz\u00e9m regional em Frankfurt para centralizar a log\u00edstica de pe\u00e7as de reposi\u00e7\u00e3o e aumentar a disponibilidade e efici\u00eancia.<\/p>\n","protected":false},"author":12,"featured_media":76632,"comment_status":"open","ping_status":"","sticky":false,"template":"","format":"standard","meta":{"_acf_changed":false,"footnotes":""},"categories":[6663,6679,1617,1620],"tags":[14296,14297,14298,14299,14300,14301,14302,14303,14304,14305,14306,14307,14308,14309,14310,5727,14311,14312,14313,14314,14315,14316,14317,9817,14318,6700,14319,8960,14320,2131,10351,10352,2136,14321,14322,14323,14324,10359,9824,14325,14326,14327,14328,9826,14329,14330,14331,14332,14333,14334,14335,14336,5750,14337],"class_list":["post-76637","post","type-post","status-publish","format-standard","has-post-thumbnail","hentry","category-alemanha","category-europa","category-expedicao-e-logistica","category-intralogistica","tag-approvisionnement-en-pieces-de-rechange","tag-bauingenieur-english-regional-warehouse","tag-civil-engineer-francais-entrepot-regional","tag-deutsch-regionallager","tag-efficient-storage-solution","tag-effiziente-lagerloesung","tag-energieversorger","tag-energy-supplier","tag-ersatzteilversorgung","tag-eu-weites-ausschreibungsverfahren","tag-eu-wide-tendering-process","tag-exigences-de-stockage","tag-fiabilite-dapprovisionnement","tag-fournisseur-denergie","tag-gefahrstofflager","tag-gestion-dentrepot","tag-hazardous-materials-storage","tag-hubtechnik","tag-infrastructure-technique","tag-ingenieur-civil","tag-integrated-system","tag-integriertes-system","tag-jungheinrich","tag-kleinteilelager","tag-lageranforderungen","tag-lagerlogistik","tag-lagerstruktur","tag-lagerverwaltung","tag-lifting-technology","tag-logistics","tag-logistics-processes","tag-logistikprozesse","tag-logistique","tag-mainova-ag","tag-palettenlager","tag-pallet-storage","tag-procedure-dappel-doffres-a-lechelle-de-lue","tag-processus-logistiques","tag-small-parts-storage","tag-solution-de-stockage-efficace","tag-spare-parts-supply","tag-stockage-de-matieres-dangereuses","tag-stockage-de-palettes","tag-stockage-de-petites-pieces","tag-storage-requirements","tag-structure-dentrepot","tag-supply-reliability","tag-systeme-integre","tag-technical-infrastructure","tag-technische-infrastruktur","tag-technologie-de-levage","tag-versorgungszuverlaessigkeit","tag-warehouse-management","tag-warehouse-structure"],"acf":[],"yoast_head":"<!-- This site is optimized with the Yoast SEO plugin v27.3 - https:\/\/yoast.com\/product\/yoast-seo-wordpress\/ -->\n<title>Armaz\u00e9m regional para pe\u00e7as de reposi\u00e7\u00e3o de prestadora de servi\u00e7os de energia - Loginfo24<\/title>\n<meta name=\"robots\" content=\"index, follow, max-snippet:-1, max-image-preview:large, max-video-preview:-1\" \/>\n<link rel=\"canonical\" href=\"https:\/\/loginfo24.com\/pt-pt\/2026\/03\/13\/armazem-regional-para-pecas-de-reposicao-de-prestadora-de-servicos-de-energia\/\" \/>\n<meta property=\"og:locale\" content=\"pt_PT\" \/>\n<meta property=\"og:type\" content=\"article\" \/>\n<meta property=\"og:title\" content=\"Armaz\u00e9m regional para pe\u00e7as de reposi\u00e7\u00e3o de prestadora de servi\u00e7os de energia - Loginfo24\" \/>\n<meta property=\"og:description\" content=\"A Mainova AG planeja a constru\u00e7\u00e3o de um novo armaz\u00e9m regional em Frankfurt para centralizar a log\u00edstica de pe\u00e7as de reposi\u00e7\u00e3o e aumentar a disponibilidade e efici\u00eancia.\" \/>\n<meta property=\"og:url\" content=\"https:\/\/loginfo24.com\/pt-pt\/2026\/03\/13\/armazem-regional-para-pecas-de-reposicao-de-prestadora-de-servicos-de-energia\/\" \/>\n<meta property=\"og:site_name\" content=\"Loginfo24\" \/>\n<meta property=\"article:publisher\" content=\"https:\/\/www.facebook.com\/people\/Loginfo24\/100057360583332\/\" \/>\n<meta property=\"article:published_time\" content=\"2026-03-13T10:36:09+00:00\" \/>\n<meta property=\"og:image\" content=\"https:\/\/loginfo24.com\/wp-content\/uploads\/sites\/7\/2026\/03\/Jungheinrich-picture-mainova-aspect-ratio-1400-788.jpg\" \/>\n\t<meta property=\"og:image:width\" content=\"1422\" \/>\n\t<meta property=\"og:image:height\" content=\"800\" \/>\n\t<meta property=\"og:image:type\" content=\"image\/jpeg\" \/>\n<meta name=\"author\" content=\"Andreas Haug\" \/>\n<meta name=\"twitter:card\" content=\"summary_large_image\" \/>\n<meta name=\"twitter:label1\" content=\"Escrito por\" \/>\n\t<meta name=\"twitter:data1\" content=\"Andreas Haug\" \/>\n\t<meta name=\"twitter:label2\" content=\"Tempo estimado de leitura\" \/>\n\t<meta name=\"twitter:data2\" content=\"3 minutos\" \/>\n<script type=\"application\/ld+json\" class=\"yoast-schema-graph\">{\"@context\":\"https:\\\/\\\/schema.org\",\"@graph\":[{\"@type\":\"Article\",\"@id\":\"https:\\\/\\\/loginfo24.com\\\/pt-pt\\\/2026\\\/03\\\/13\\\/armazem-regional-para-pecas-de-reposicao-de-prestadora-de-servicos-de-energia\\\/#article\",\"isPartOf\":{\"@id\":\"https:\\\/\\\/loginfo24.com\\\/pt-pt\\\/2026\\\/03\\\/13\\\/armazem-regional-para-pecas-de-reposicao-de-prestadora-de-servicos-de-energia\\\/\"},\"author\":{\"name\":\"Andreas Haug\",\"@id\":\"https:\\\/\\\/loginfo24.com\\\/pt-pt\\\/#\\\/schema\\\/person\\\/cf538b3157f15afd7589245a4b3dbd25\"},\"headline\":\"Armaz\u00e9m regional para pe\u00e7as de reposi\u00e7\u00e3o de prestadora de servi\u00e7os de energia\",\"datePublished\":\"2026-03-13T10:36:09+00:00\",\"mainEntityOfPage\":{\"@id\":\"https:\\\/\\\/loginfo24.com\\\/pt-pt\\\/2026\\\/03\\\/13\\\/armazem-regional-para-pecas-de-reposicao-de-prestadora-de-servicos-de-energia\\\/\"},\"wordCount\":565,\"commentCount\":0,\"publisher\":{\"@id\":\"https:\\\/\\\/loginfo24.com\\\/pt-pt\\\/#organization\"},\"image\":{\"@id\":\"https:\\\/\\\/loginfo24.com\\\/pt-pt\\\/2026\\\/03\\\/13\\\/armazem-regional-para-pecas-de-reposicao-de-prestadora-de-servicos-de-energia\\\/#primaryimage\"},\"thumbnailUrl\":\"https:\\\/\\\/loginfo24.com\\\/wp-content\\\/uploads\\\/sites\\\/7\\\/2026\\\/03\\\/Jungheinrich-picture-mainova-aspect-ratio-1400-788.jpg\",\"keywords\":[\"approvisionnement en pi\u00e8ces de rechange\",\"Bauingenieur English Regional warehouse\",\"civil engineer Fran\u00e7ais Entrep\u00f4t r\u00e9gional\",\"Deutsch Regionallager\",\"efficient storage solution\",\"effiziente Lagerl\u00f6sung\",\"Energieversorger\",\"energy supplier\",\"Ersatzteilversorgung\",\"EU-weites Ausschreibungsverfahren\",\"EU-wide tendering process\",\"exigences de stockage\",\"fiabilit\u00e9 d'approvisionnement\",\"fournisseur d'\u00e9nergie\",\"Gefahrstofflager\",\"gestion d'entrep\u00f4t\",\"hazardous materials storage\",\"Hubtechnik\",\"infrastructure technique\",\"ing\u00e9nieur civil\",\"integrated system\",\"integriertes System\",\"Jungheinrich\",\"Kleinteilelager\",\"Lageranforderungen\",\"Lagerlogistik\",\"Lagerstruktur\",\"Lagerverwaltung\",\"lifting technology\",\"logistics\",\"logistics processes\",\"Logistikprozesse\",\"logistique\",\"Mainova AG\",\"Palettenlager\",\"pallet storage\",\"proc\u00e9dure d'appel d'offres \u00e0 l'\u00e9chelle de l'UE\",\"processus logistiques\",\"small parts storage\",\"solution de stockage efficace\",\"spare parts supply\",\"stockage de mati\u00e8res dangereuses\",\"stockage de palettes\",\"stockage de petites pi\u00e8ces\",\"storage requirements\",\"structure d'entrep\u00f4t\",\"supply reliability\",\"syst\u00e8me int\u00e9gr\u00e9\",\"technical infrastructure\",\"technische Infrastruktur\",\"technologie de levage\",\"Versorgungszuverl\u00e4ssigkeit\",\"warehouse management\",\"warehouse structure\"],\"articleSection\":[\"Alemanha\",\"Europa\",\"Expedi\u00e7\u00e3o de Mercadorias e Log\u00edstica\",\"Intralog\u00edstica\"],\"inLanguage\":\"pt-PT\",\"potentialAction\":[{\"@type\":\"CommentAction\",\"name\":\"Comment\",\"target\":[\"https:\\\/\\\/loginfo24.com\\\/pt-pt\\\/2026\\\/03\\\/13\\\/armazem-regional-para-pecas-de-reposicao-de-prestadora-de-servicos-de-energia\\\/#respond\"]}]},{\"@type\":\"WebPage\",\"@id\":\"https:\\\/\\\/loginfo24.com\\\/pt-pt\\\/2026\\\/03\\\/13\\\/armazem-regional-para-pecas-de-reposicao-de-prestadora-de-servicos-de-energia\\\/\",\"url\":\"https:\\\/\\\/loginfo24.com\\\/pt-pt\\\/2026\\\/03\\\/13\\\/armazem-regional-para-pecas-de-reposicao-de-prestadora-de-servicos-de-energia\\\/\",\"name\":\"Armaz\u00e9m regional para pe\u00e7as de reposi\u00e7\u00e3o de prestadora de servi\u00e7os de energia - Loginfo24\",\"isPartOf\":{\"@id\":\"https:\\\/\\\/loginfo24.com\\\/pt-pt\\\/#website\"},\"primaryImageOfPage\":{\"@id\":\"https:\\\/\\\/loginfo24.com\\\/pt-pt\\\/2026\\\/03\\\/13\\\/armazem-regional-para-pecas-de-reposicao-de-prestadora-de-servicos-de-energia\\\/#primaryimage\"},\"image\":{\"@id\":\"https:\\\/\\\/loginfo24.com\\\/pt-pt\\\/2026\\\/03\\\/13\\\/armazem-regional-para-pecas-de-reposicao-de-prestadora-de-servicos-de-energia\\\/#primaryimage\"},\"thumbnailUrl\":\"https:\\\/\\\/loginfo24.com\\\/wp-content\\\/uploads\\\/sites\\\/7\\\/2026\\\/03\\\/Jungheinrich-picture-mainova-aspect-ratio-1400-788.jpg\",\"datePublished\":\"2026-03-13T10:36:09+00:00\",\"breadcrumb\":{\"@id\":\"https:\\\/\\\/loginfo24.com\\\/pt-pt\\\/2026\\\/03\\\/13\\\/armazem-regional-para-pecas-de-reposicao-de-prestadora-de-servicos-de-energia\\\/#breadcrumb\"},\"inLanguage\":\"pt-PT\",\"potentialAction\":[{\"@type\":\"ReadAction\",\"target\":[\"https:\\\/\\\/loginfo24.com\\\/pt-pt\\\/2026\\\/03\\\/13\\\/armazem-regional-para-pecas-de-reposicao-de-prestadora-de-servicos-de-energia\\\/\"]}]},{\"@type\":\"ImageObject\",\"inLanguage\":\"pt-PT\",\"@id\":\"https:\\\/\\\/loginfo24.com\\\/pt-pt\\\/2026\\\/03\\\/13\\\/armazem-regional-para-pecas-de-reposicao-de-prestadora-de-servicos-de-energia\\\/#primaryimage\",\"url\":\"https:\\\/\\\/loginfo24.com\\\/wp-content\\\/uploads\\\/sites\\\/7\\\/2026\\\/03\\\/Jungheinrich-picture-mainova-aspect-ratio-1400-788.jpg\",\"contentUrl\":\"https:\\\/\\\/loginfo24.com\\\/wp-content\\\/uploads\\\/sites\\\/7\\\/2026\\\/03\\\/Jungheinrich-picture-mainova-aspect-ratio-1400-788.jpg\",\"width\":1422,\"height\":800},{\"@type\":\"BreadcrumbList\",\"@id\":\"https:\\\/\\\/loginfo24.com\\\/pt-pt\\\/2026\\\/03\\\/13\\\/armazem-regional-para-pecas-de-reposicao-de-prestadora-de-servicos-de-energia\\\/#breadcrumb\",\"itemListElement\":[{\"@type\":\"ListItem\",\"position\":1,\"name\":\"Startseite\",\"item\":\"https:\\\/\\\/loginfo24.com\\\/pt-pt\\\/\"},{\"@type\":\"ListItem\",\"position\":2,\"name\":\"Armaz\u00e9m regional para pe\u00e7as de reposi\u00e7\u00e3o de prestadora de servi\u00e7os de energia\"}]},{\"@type\":\"WebSite\",\"@id\":\"https:\\\/\\\/loginfo24.com\\\/pt-pt\\\/#website\",\"url\":\"https:\\\/\\\/loginfo24.com\\\/pt-pt\\\/\",\"name\":\"Loginfo24\",\"description\":\"Loginfo24 \u00e9 a plataforma dedicada \u00e0 log\u00edstica e \u00e0s cadeias de abastecimento, com informa\u00e7\u00f5es dispon\u00edveis 24 horas por dia.\",\"publisher\":{\"@id\":\"https:\\\/\\\/loginfo24.com\\\/pt-pt\\\/#organization\"},\"potentialAction\":[{\"@type\":\"SearchAction\",\"target\":{\"@type\":\"EntryPoint\",\"urlTemplate\":\"https:\\\/\\\/loginfo24.com\\\/pt-pt\\\/?s={search_term_string}\"},\"query-input\":{\"@type\":\"PropertyValueSpecification\",\"valueRequired\":true,\"valueName\":\"search_term_string\"}}],\"inLanguage\":\"pt-PT\"},{\"@type\":\"Organization\",\"@id\":\"https:\\\/\\\/loginfo24.com\\\/pt-pt\\\/#organization\",\"name\":\"Logismedia Group AG\",\"url\":\"https:\\\/\\\/loginfo24.com\\\/pt-pt\\\/\",\"logo\":{\"@type\":\"ImageObject\",\"inLanguage\":\"pt-PT\",\"@id\":\"https:\\\/\\\/loginfo24.com\\\/pt-pt\\\/#\\\/schema\\\/logo\\\/image\\\/\",\"url\":\"https:\\\/\\\/loginfo24.com\\\/wp-content\\\/uploads\\\/sites\\\/7\\\/2026\\\/01\\\/Logo_LogInfo24.png\",\"contentUrl\":\"https:\\\/\\\/loginfo24.com\\\/wp-content\\\/uploads\\\/sites\\\/7\\\/2026\\\/01\\\/Logo_LogInfo24.png\",\"width\":938,\"height\":351,\"caption\":\"Logismedia Group AG\"},\"image\":{\"@id\":\"https:\\\/\\\/loginfo24.com\\\/pt-pt\\\/#\\\/schema\\\/logo\\\/image\\\/\"},\"sameAs\":[\"https:\\\/\\\/www.facebook.com\\\/people\\\/Loginfo24\\\/100057360583332\\\/\",\"https:\\\/\\\/www.linkedin.com\\\/company\\\/lofinfo24\\\/\"]},{\"@type\":\"Person\",\"@id\":\"https:\\\/\\\/loginfo24.com\\\/pt-pt\\\/#\\\/schema\\\/person\\\/cf538b3157f15afd7589245a4b3dbd25\",\"name\":\"Andreas Haug\",\"url\":\"https:\\\/\\\/loginfo24.com\\\/pt-pt\\\/author\\\/andreas\\\/\"}]}<\/script>\n<!-- \/ Yoast SEO plugin. -->","yoast_head_json":{"title":"Armaz\u00e9m regional para pe\u00e7as de reposi\u00e7\u00e3o de prestadora de servi\u00e7os de energia - Loginfo24","robots":{"index":"index","follow":"follow","max-snippet":"max-snippet:-1","max-image-preview":"max-image-preview:large","max-video-preview":"max-video-preview:-1"},"canonical":"https:\/\/loginfo24.com\/pt-pt\/2026\/03\/13\/armazem-regional-para-pecas-de-reposicao-de-prestadora-de-servicos-de-energia\/","og_locale":"pt_PT","og_type":"article","og_title":"Armaz\u00e9m regional para pe\u00e7as de reposi\u00e7\u00e3o de prestadora de servi\u00e7os de energia - Loginfo24","og_description":"A Mainova AG planeja a constru\u00e7\u00e3o de um novo armaz\u00e9m regional em Frankfurt para centralizar a log\u00edstica de pe\u00e7as de reposi\u00e7\u00e3o e aumentar a disponibilidade e efici\u00eancia.","og_url":"https:\/\/loginfo24.com\/pt-pt\/2026\/03\/13\/armazem-regional-para-pecas-de-reposicao-de-prestadora-de-servicos-de-energia\/","og_site_name":"Loginfo24","article_publisher":"https:\/\/www.facebook.com\/people\/Loginfo24\/100057360583332\/","article_published_time":"2026-03-13T10:36:09+00:00","og_image":[{"width":1422,"height":800,"url":"https:\/\/loginfo24.com\/wp-content\/uploads\/sites\/7\/2026\/03\/Jungheinrich-picture-mainova-aspect-ratio-1400-788.jpg","type":"image\/jpeg"}],"author":"Andreas Haug","twitter_card":"summary_large_image","twitter_misc":{"Escrito por":"Andreas Haug","Tempo estimado de leitura":"3 minutos"},"schema":{"@context":"https:\/\/schema.org","@graph":[{"@type":"Article","@id":"https:\/\/loginfo24.com\/pt-pt\/2026\/03\/13\/armazem-regional-para-pecas-de-reposicao-de-prestadora-de-servicos-de-energia\/#article","isPartOf":{"@id":"https:\/\/loginfo24.com\/pt-pt\/2026\/03\/13\/armazem-regional-para-pecas-de-reposicao-de-prestadora-de-servicos-de-energia\/"},"author":{"name":"Andreas Haug","@id":"https:\/\/loginfo24.com\/pt-pt\/#\/schema\/person\/cf538b3157f15afd7589245a4b3dbd25"},"headline":"Armaz\u00e9m regional para pe\u00e7as de reposi\u00e7\u00e3o de prestadora de servi\u00e7os de energia","datePublished":"2026-03-13T10:36:09+00:00","mainEntityOfPage":{"@id":"https:\/\/loginfo24.com\/pt-pt\/2026\/03\/13\/armazem-regional-para-pecas-de-reposicao-de-prestadora-de-servicos-de-energia\/"},"wordCount":565,"commentCount":0,"publisher":{"@id":"https:\/\/loginfo24.com\/pt-pt\/#organization"},"image":{"@id":"https:\/\/loginfo24.com\/pt-pt\/2026\/03\/13\/armazem-regional-para-pecas-de-reposicao-de-prestadora-de-servicos-de-energia\/#primaryimage"},"thumbnailUrl":"https:\/\/loginfo24.com\/wp-content\/uploads\/sites\/7\/2026\/03\/Jungheinrich-picture-mainova-aspect-ratio-1400-788.jpg","keywords":["approvisionnement en pi\u00e8ces de rechange","Bauingenieur English Regional warehouse","civil engineer Fran\u00e7ais Entrep\u00f4t r\u00e9gional","Deutsch Regionallager","efficient storage solution","effiziente Lagerl\u00f6sung","Energieversorger","energy supplier","Ersatzteilversorgung","EU-weites Ausschreibungsverfahren","EU-wide tendering process","exigences de stockage","fiabilit\u00e9 d'approvisionnement","fournisseur d'\u00e9nergie","Gefahrstofflager","gestion d'entrep\u00f4t","hazardous materials storage","Hubtechnik","infrastructure technique","ing\u00e9nieur civil","integrated system","integriertes System","Jungheinrich","Kleinteilelager","Lageranforderungen","Lagerlogistik","Lagerstruktur","Lagerverwaltung","lifting technology","logistics","logistics processes","Logistikprozesse","logistique","Mainova AG","Palettenlager","pallet storage","proc\u00e9dure d'appel d'offres \u00e0 l'\u00e9chelle de l'UE","processus logistiques","small parts storage","solution de stockage efficace","spare parts supply","stockage de mati\u00e8res dangereuses","stockage de palettes","stockage de petites pi\u00e8ces","storage requirements","structure d'entrep\u00f4t","supply reliability","syst\u00e8me int\u00e9gr\u00e9","technical infrastructure","technische Infrastruktur","technologie de levage","Versorgungszuverl\u00e4ssigkeit","warehouse management","warehouse structure"],"articleSection":["Alemanha","Europa","Expedi\u00e7\u00e3o de Mercadorias e Log\u00edstica","Intralog\u00edstica"],"inLanguage":"pt-PT","potentialAction":[{"@type":"CommentAction","name":"Comment","target":["https:\/\/loginfo24.com\/pt-pt\/2026\/03\/13\/armazem-regional-para-pecas-de-reposicao-de-prestadora-de-servicos-de-energia\/#respond"]}]},{"@type":"WebPage","@id":"https:\/\/loginfo24.com\/pt-pt\/2026\/03\/13\/armazem-regional-para-pecas-de-reposicao-de-prestadora-de-servicos-de-energia\/","url":"https:\/\/loginfo24.com\/pt-pt\/2026\/03\/13\/armazem-regional-para-pecas-de-reposicao-de-prestadora-de-servicos-de-energia\/","name":"Armaz\u00e9m regional para pe\u00e7as de reposi\u00e7\u00e3o de prestadora de servi\u00e7os de energia - Loginfo24","isPartOf":{"@id":"https:\/\/loginfo24.com\/pt-pt\/#website"},"primaryImageOfPage":{"@id":"https:\/\/loginfo24.com\/pt-pt\/2026\/03\/13\/armazem-regional-para-pecas-de-reposicao-de-prestadora-de-servicos-de-energia\/#primaryimage"},"image":{"@id":"https:\/\/loginfo24.com\/pt-pt\/2026\/03\/13\/armazem-regional-para-pecas-de-reposicao-de-prestadora-de-servicos-de-energia\/#primaryimage"},"thumbnailUrl":"https:\/\/loginfo24.com\/wp-content\/uploads\/sites\/7\/2026\/03\/Jungheinrich-picture-mainova-aspect-ratio-1400-788.jpg","datePublished":"2026-03-13T10:36:09+00:00","breadcrumb":{"@id":"https:\/\/loginfo24.com\/pt-pt\/2026\/03\/13\/armazem-regional-para-pecas-de-reposicao-de-prestadora-de-servicos-de-energia\/#breadcrumb"},"inLanguage":"pt-PT","potentialAction":[{"@type":"ReadAction","target":["https:\/\/loginfo24.com\/pt-pt\/2026\/03\/13\/armazem-regional-para-pecas-de-reposicao-de-prestadora-de-servicos-de-energia\/"]}]},{"@type":"ImageObject","inLanguage":"pt-PT","@id":"https:\/\/loginfo24.com\/pt-pt\/2026\/03\/13\/armazem-regional-para-pecas-de-reposicao-de-prestadora-de-servicos-de-energia\/#primaryimage","url":"https:\/\/loginfo24.com\/wp-content\/uploads\/sites\/7\/2026\/03\/Jungheinrich-picture-mainova-aspect-ratio-1400-788.jpg","contentUrl":"https:\/\/loginfo24.com\/wp-content\/uploads\/sites\/7\/2026\/03\/Jungheinrich-picture-mainova-aspect-ratio-1400-788.jpg","width":1422,"height":800},{"@type":"BreadcrumbList","@id":"https:\/\/loginfo24.com\/pt-pt\/2026\/03\/13\/armazem-regional-para-pecas-de-reposicao-de-prestadora-de-servicos-de-energia\/#breadcrumb","itemListElement":[{"@type":"ListItem","position":1,"name":"Startseite","item":"https:\/\/loginfo24.com\/pt-pt\/"},{"@type":"ListItem","position":2,"name":"Armaz\u00e9m regional para pe\u00e7as de reposi\u00e7\u00e3o de prestadora de servi\u00e7os de energia"}]},{"@type":"WebSite","@id":"https:\/\/loginfo24.com\/pt-pt\/#website","url":"https:\/\/loginfo24.com\/pt-pt\/","name":"Loginfo24","description":"Loginfo24 \u00e9 a plataforma dedicada \u00e0 log\u00edstica e \u00e0s cadeias de abastecimento, com informa\u00e7\u00f5es dispon\u00edveis 24 horas por dia.","publisher":{"@id":"https:\/\/loginfo24.com\/pt-pt\/#organization"},"potentialAction":[{"@type":"SearchAction","target":{"@type":"EntryPoint","urlTemplate":"https:\/\/loginfo24.com\/pt-pt\/?s={search_term_string}"},"query-input":{"@type":"PropertyValueSpecification","valueRequired":true,"valueName":"search_term_string"}}],"inLanguage":"pt-PT"},{"@type":"Organization","@id":"https:\/\/loginfo24.com\/pt-pt\/#organization","name":"Logismedia Group AG","url":"https:\/\/loginfo24.com\/pt-pt\/","logo":{"@type":"ImageObject","inLanguage":"pt-PT","@id":"https:\/\/loginfo24.com\/pt-pt\/#\/schema\/logo\/image\/","url":"https:\/\/loginfo24.com\/wp-content\/uploads\/sites\/7\/2026\/01\/Logo_LogInfo24.png","contentUrl":"https:\/\/loginfo24.com\/wp-content\/uploads\/sites\/7\/2026\/01\/Logo_LogInfo24.png","width":938,"height":351,"caption":"Logismedia Group AG"},"image":{"@id":"https:\/\/loginfo24.com\/pt-pt\/#\/schema\/logo\/image\/"},"sameAs":["https:\/\/www.facebook.com\/people\/Loginfo24\/100057360583332\/","https:\/\/www.linkedin.com\/company\/lofinfo24\/"]},{"@type":"Person","@id":"https:\/\/loginfo24.com\/pt-pt\/#\/schema\/person\/cf538b3157f15afd7589245a4b3dbd25","name":"Andreas Haug","url":"https:\/\/loginfo24.com\/pt-pt\/author\/andreas\/"}]}},"_links":{"self":[{"href":"https:\/\/loginfo24.com\/pt-pt\/wp-json\/wp\/v2\/posts\/76637","targetHints":{"allow":["GET"]}}],"collection":[{"href":"https:\/\/loginfo24.com\/pt-pt\/wp-json\/wp\/v2\/posts"}],"about":[{"href":"https:\/\/loginfo24.com\/pt-pt\/wp-json\/wp\/v2\/types\/post"}],"author":[{"embeddable":true,"href":"https:\/\/loginfo24.com\/pt-pt\/wp-json\/wp\/v2\/users\/12"}],"replies":[{"embeddable":true,"href":"https:\/\/loginfo24.com\/pt-pt\/wp-json\/wp\/v2\/comments?post=76637"}],"version-history":[{"count":0,"href":"https:\/\/loginfo24.com\/pt-pt\/wp-json\/wp\/v2\/posts\/76637\/revisions"}],"wp:featuredmedia":[{"embeddable":true,"href":"https:\/\/loginfo24.com\/pt-pt\/wp-json\/wp\/v2\/media\/76632"}],"wp:attachment":[{"href":"https:\/\/loginfo24.com\/pt-pt\/wp-json\/wp\/v2\/media?parent=76637"}],"wp:term":[{"taxonomy":"category","embeddable":true,"href":"https:\/\/loginfo24.com\/pt-pt\/wp-json\/wp\/v2\/categories?post=76637"},{"taxonomy":"post_tag","embeddable":true,"href":"https:\/\/loginfo24.com\/pt-pt\/wp-json\/wp\/v2\/tags?post=76637"}],"curies":[{"name":"wp","href":"https:\/\/api.w.org\/{rel}","templated":true}]}}