{"id":76487,"date":"2026-03-11T14:41:50","date_gmt":"2026-03-11T14:41:50","guid":{"rendered":"https:\/\/loginfo24.com\/2026\/03\/11\/scandlines-lanca-ferry-de-carga-sem-emissoes\/"},"modified":"2026-03-12T09:30:30","modified_gmt":"2026-03-12T08:30:30","slug":"scandlines-lanca-ferry-de-carga-sem-emissoes","status":"publish","type":"post","link":"https:\/\/loginfo24.com\/pt-pt\/2026\/03\/11\/scandlines-lanca-ferry-de-carga-sem-emissoes\/","title":{"rendered":"Scandlines lan\u00e7a ferry de carga sem emiss\u00f5es"},"content":{"rendered":"<p>Scandlines colocou em opera\u00e7\u00e3o a nova balsa de carga &#8222;The Baltic Whale&#8220; na rota R\u00f8dby\u2013Puttgarden. A balsa \u00e9 uma das maiores de seu tipo, que pode ser operada exclusivamente com energia terrestre. Com essa entrada em servi\u00e7o, a empresa mar\u00edtima tem como objetivo realizar uma opera\u00e7\u00e3o de balsa sem emiss\u00f5es at\u00e9 2040, ao mesmo tempo em que aumenta a capacidade para clientes de carga.<\/p>\n<p>A viagem inaugural da &#8222;The Baltic Whale&#8220; come\u00e7ou em 10 de mar\u00e7o de 2026 \u00e0s 08:05. A bordo estavam, al\u00e9m da tripula\u00e7\u00e3o, clientes de carga que puderam vivenciar a primeira travessia. A balsa est\u00e1 equipada com um dos maiores sistemas de baterias atualmente encontrados em uma balsa e pode realizar a travessia sem emiss\u00f5es diretas. Al\u00e9m disso, reduz as emiss\u00f5es de ru\u00eddo tanto acima quanto abaixo da \u00e1gua, o que tem um impacto positivo na experi\u00eancia dos passageiros e no meio ambiente marinho.<\/p>\n<p>Michael Guldmann Petersen, COO da Scandlines: &#8222;Esta entrada em servi\u00e7o no Fehmarnbelt \u00e9 um marco para a Scandlines \u2013 um dia pelo qual esperamos h\u00e1 muitos anos.&#8220; A ideia de uma balsa movida a bateria foi desenvolvida em 2018.<\/p>\n<h3>Balsa de carga para o futuro<\/h3>\n<p>A &#8222;The Baltic Whale&#8220; foi projetada especificamente para o transporte de carga e oferece espa\u00e7o para 66 caminh\u00f5es em dois decks. Ela \u00e9 capaz de transportar eficientemente diferentes tipos de mercadorias perigosas, como produtos industriais e pe\u00e7as de autom\u00f3veis. Isso permite uma transfer\u00eancia de carga para esta balsa, criando capacidade adicional para carros de passeio e passageiros nas outras balsas da Scandlines, especialmente na alta temporada.<\/p>\n<p>Petersen enfatiza a import\u00e2ncia da nova balsa para a estrat\u00e9gia da empresa: &#8222;A nova balsa \u00e9 um componente importante da Ambi\u00e7\u00e3o Verde da Scandlines, que visa garantir a opera\u00e7\u00e3o da balsa sem emiss\u00f5es diretas at\u00e9 2040.&#8220; Com a entrada em servi\u00e7o, a capacidade de transporte para unidades de carga na rota R\u00f8dby\u2013Puttgarden aumenta em 27%, oferecendo melhores condi\u00e7\u00f5es a bordo para os clientes de carga.<\/p>\n<p>A balsa percorre a dist\u00e2ncia de 18,5 km em cerca de 45 minutos. Gra\u00e7as a uma infraestrutura de carregamento moderna nos portos, o tempo de carregamento \u00e9 de apenas doze minutos. Uma esta\u00e7\u00e3o de carregamento inteligente garante que a balsa esteja pronta para opera\u00e7\u00e3o automaticamente em menos de 15 segundos, independentemente dos n\u00edveis da \u00e1gua. Al\u00e9m disso, o navio est\u00e1 equipado com geradores a diesel que podem ser utilizados para opera\u00e7\u00e3o h\u00edbrida, se necess\u00e1rio.<\/p>\n<p>As especifica\u00e7\u00f5es t\u00e9cnicas da &#8222;The Baltic Whale&#8220; incluem um comprimento de 147,4 m, uma largura de 25,4 m e uma capacidade de carga de 66 unidades de carga. O n\u00famero m\u00e1ximo de passageiros \u00e9 de 140, e a velocidade de servi\u00e7o \u00e9 de 16 n\u00f3s. O investimento total no projeto \u00e9 de 84 milh\u00f5es de euros.<\/p>\n<p>&nbsp;<\/p>\n<p><a href=\"https:\/\/www.scandlines.de\/\" target=\"_blank\" rel=\"noopener noreferrer\">www.scandlines.de<\/a><\/p>\n<p>&nbsp;<\/p>\n","protected":false},"excerpt":{"rendered":"<p>A Scandlines colocou em opera\u00e7\u00e3o o ferry de carga sem emiss\u00f5es &#8220;The Baltic Whale&#8221; para aumentar a capacidade para clientes de carga at\u00e9 2040.<\/p>\n","protected":false},"author":12,"featured_media":76482,"comment_status":"open","ping_status":"","sticky":false,"template":"","format":"standard","meta":{"_acf_changed":false,"footnotes":""},"categories":[6663,6679,1619],"tags":[13885,2794,13886,13887,13888,13889,5322,5323,13890,13891,13892,13893,13894,13895,13896,13897,13898,13899,13900,13901,13902,2810,13903,13904,2854,13905,13906,2857,13907,13908,13909,2223,13910,13911,13912,13913,13914,13915,13916,5333,13917,13918,13919,13920,1766,2728,13921,13922,13923,13924,2888,1837],"class_list":["post-76487","post","type-post","status-publish","format-standard","has-post-thumbnail","hentry","category-alemanha","category-europa","category-navegacao-e-portos","tag-augmentation-de-la-capacite-de-transport","tag-augmenter-la-capacite-de-fret","tag-batteriesystem-faehre","tag-battery-system-ferry","tag-clients-de-fret","tag-deutsch-frachtfaehre","tag-digitalisierung-in-der-schifffahrt","tag-digitalization-in-shipping","tag-emission-free-ferry","tag-emission-free-ferry-operation","tag-emissionsfreie-faehre","tag-emissionsfreier-faehrbetrieb","tag-environnement-marin","tag-exploitation-de-ferry-sans-emissions","tag-faehre-fuer-die-zukunft-english-freight-ferry","tag-fehmarnbelt","tag-ferry-a-alimentation-terrestre","tag-ferry-a-batterie","tag-ferry-for-the-future","tag-ferry-pour-lavenir","tag-ferry-sans-emissions","tag-frachtkapazitaet-erhoehen","tag-frachtkunden","tag-freight-customers","tag-gefahrguttransport","tag-green-logistics","tag-gruene-logistik","tag-hazardous-goods-transport","tag-hybrid-operation-ferry","tag-hybridbetrieb-faehre","tag-increase-freight-capacity","tag-industrie-maritime","tag-infrastructure-de-recharge-portuaire","tag-ladeinfrastruktur-haefen","tag-landstrom-faehre","tag-logistique-verte","tag-marine-environment","tag-maritime-umwelt","tag-nachhaltiger-frachtverkehr","tag-numerisation-dans-le-transport-maritime","tag-operation-hybride-ferry","tag-port-charging-infrastructure","tag-rodby-puttgarden","tag-scandlines","tag-schifffahrt","tag-shipping-industry","tag-shore-power-ferry","tag-sustainable-freight-transport","tag-transport-capacity-increase-francais-ferry-de-fret","tag-transport-de-fret-durable","tag-transport-de-marchandises-dangereuses","tag-transportwirtschaft"],"acf":[],"yoast_head":"<!-- This site is optimized with the Yoast SEO plugin v27.3 - https:\/\/yoast.com\/product\/yoast-seo-wordpress\/ -->\n<title>Scandlines lan\u00e7a ferry de carga sem emiss\u00f5es - Loginfo24<\/title>\n<meta name=\"robots\" content=\"index, follow, max-snippet:-1, max-image-preview:large, max-video-preview:-1\" \/>\n<link rel=\"canonical\" href=\"https:\/\/loginfo24.com\/pt-pt\/2026\/03\/11\/scandlines-lanca-ferry-de-carga-sem-emissoes\/\" \/>\n<meta property=\"og:locale\" content=\"pt_PT\" \/>\n<meta property=\"og:type\" content=\"article\" \/>\n<meta property=\"og:title\" content=\"Scandlines lan\u00e7a ferry de carga sem emiss\u00f5es - Loginfo24\" \/>\n<meta property=\"og:description\" content=\"A Scandlines colocou em opera\u00e7\u00e3o o ferry de carga sem emiss\u00f5es &quot;The Baltic Whale&quot; para aumentar a capacidade para clientes de carga at\u00e9 2040.\" \/>\n<meta property=\"og:url\" content=\"https:\/\/loginfo24.com\/pt-pt\/2026\/03\/11\/scandlines-lanca-ferry-de-carga-sem-emissoes\/\" \/>\n<meta property=\"og:site_name\" content=\"Loginfo24\" \/>\n<meta property=\"article:publisher\" content=\"https:\/\/www.facebook.com\/people\/Loginfo24\/100057360583332\/\" \/>\n<meta property=\"article:published_time\" content=\"2026-03-11T14:41:50+00:00\" \/>\n<meta property=\"article:modified_time\" content=\"2026-03-12T08:30:30+00:00\" \/>\n<meta property=\"og:image\" content=\"https:\/\/loginfo24.com\/wp-content\/uploads\/sites\/7\/2026\/03\/The-Baltic-Whale_5532x3512px_small-scaled-aspect-ratio-1400-788-scaled-1.jpg\" \/>\n\t<meta property=\"og:image:width\" content=\"2560\" \/>\n\t<meta property=\"og:image:height\" content=\"1441\" \/>\n\t<meta property=\"og:image:type\" content=\"image\/jpeg\" \/>\n<meta name=\"author\" content=\"Andreas Haug\" \/>\n<meta name=\"twitter:card\" content=\"summary_large_image\" \/>\n<meta name=\"twitter:label1\" content=\"Escrito por\" \/>\n\t<meta name=\"twitter:data1\" content=\"Andreas Haug\" \/>\n\t<meta name=\"twitter:label2\" content=\"Tempo estimado de leitura\" \/>\n\t<meta name=\"twitter:data2\" content=\"2 minutos\" \/>\n<script type=\"application\/ld+json\" class=\"yoast-schema-graph\">{\"@context\":\"https:\\\/\\\/schema.org\",\"@graph\":[{\"@type\":\"Article\",\"@id\":\"https:\\\/\\\/loginfo24.com\\\/pt-pt\\\/2026\\\/03\\\/11\\\/scandlines-lanca-ferry-de-carga-sem-emissoes\\\/#article\",\"isPartOf\":{\"@id\":\"https:\\\/\\\/loginfo24.com\\\/pt-pt\\\/2026\\\/03\\\/11\\\/scandlines-lanca-ferry-de-carga-sem-emissoes\\\/\"},\"author\":{\"name\":\"Andreas Haug\",\"@id\":\"https:\\\/\\\/loginfo24.com\\\/pt-pt\\\/#\\\/schema\\\/person\\\/cf538b3157f15afd7589245a4b3dbd25\"},\"headline\":\"Scandlines lan\u00e7a ferry de carga sem emiss\u00f5es\",\"datePublished\":\"2026-03-11T14:41:50+00:00\",\"dateModified\":\"2026-03-12T08:30:30+00:00\",\"mainEntityOfPage\":{\"@id\":\"https:\\\/\\\/loginfo24.com\\\/pt-pt\\\/2026\\\/03\\\/11\\\/scandlines-lanca-ferry-de-carga-sem-emissoes\\\/\"},\"wordCount\":488,\"commentCount\":0,\"publisher\":{\"@id\":\"https:\\\/\\\/loginfo24.com\\\/pt-pt\\\/#organization\"},\"image\":{\"@id\":\"https:\\\/\\\/loginfo24.com\\\/pt-pt\\\/2026\\\/03\\\/11\\\/scandlines-lanca-ferry-de-carga-sem-emissoes\\\/#primaryimage\"},\"thumbnailUrl\":\"https:\\\/\\\/loginfo24.com\\\/wp-content\\\/uploads\\\/sites\\\/7\\\/2026\\\/03\\\/The-Baltic-Whale_5532x3512px_small-scaled-aspect-ratio-1400-788-scaled-1.jpg\",\"keywords\":[\"augmentation de la capacit\u00e9 de transport\",\"augmenter la capacit\u00e9 de fret\",\"Batteriesystem F\u00e4hre\",\"battery system ferry\",\"clients de fret\",\"Deutsch Frachtf\u00e4hre\",\"Digitalisierung in der Schifffahrt\",\"digitalization in shipping\",\"emission-free ferry\",\"emission-free ferry operation\",\"emissionsfreie F\u00e4hre\",\"emissionsfreier F\u00e4hrbetrieb\",\"environnement marin\",\"exploitation de ferry sans \u00e9missions\",\"F\u00e4hre f\u00fcr die Zukunft English freight ferry\",\"Fehmarnbelt\",\"ferry \u00e0 alimentation terrestre\",\"ferry \u00e0 batterie\",\"ferry for the future\",\"ferry pour l'avenir\",\"ferry sans \u00e9missions\",\"Frachtkapazit\u00e4t erh\u00f6hen\",\"Frachtkunden\",\"freight customers\",\"Gefahrguttransport\",\"green logistics\",\"gr\u00fcne Logistik\",\"hazardous goods transport\",\"hybrid operation ferry\",\"Hybridbetrieb F\u00e4hre\",\"increase freight capacity\",\"industrie maritime\",\"infrastructure de recharge portuaire\",\"Ladeinfrastruktur H\u00e4fen\",\"Landstrom F\u00e4hre\",\"logistique verte\",\"marine environment\",\"maritime Umwelt\",\"nachhaltiger Frachtverkehr\",\"num\u00e9risation dans le transport maritime\",\"op\u00e9ration hybride ferry\",\"port charging infrastructure\",\"R\u00f8dby Puttgarden\",\"Scandlines\",\"Schifffahrt\",\"shipping industry\",\"shore power ferry\",\"sustainable freight transport\",\"transport capacity increase Fran\u00e7ais ferry de fret\",\"transport de fret durable\",\"transport de marchandises dangereuses\",\"Transportwirtschaft\"],\"articleSection\":[\"Alemanha\",\"Europa\",\"Navega\u00e7\u00e3o e portos\"],\"inLanguage\":\"pt-PT\",\"potentialAction\":[{\"@type\":\"CommentAction\",\"name\":\"Comment\",\"target\":[\"https:\\\/\\\/loginfo24.com\\\/pt-pt\\\/2026\\\/03\\\/11\\\/scandlines-lanca-ferry-de-carga-sem-emissoes\\\/#respond\"]}]},{\"@type\":\"WebPage\",\"@id\":\"https:\\\/\\\/loginfo24.com\\\/pt-pt\\\/2026\\\/03\\\/11\\\/scandlines-lanca-ferry-de-carga-sem-emissoes\\\/\",\"url\":\"https:\\\/\\\/loginfo24.com\\\/pt-pt\\\/2026\\\/03\\\/11\\\/scandlines-lanca-ferry-de-carga-sem-emissoes\\\/\",\"name\":\"Scandlines lan\u00e7a ferry de carga sem emiss\u00f5es - Loginfo24\",\"isPartOf\":{\"@id\":\"https:\\\/\\\/loginfo24.com\\\/pt-pt\\\/#website\"},\"primaryImageOfPage\":{\"@id\":\"https:\\\/\\\/loginfo24.com\\\/pt-pt\\\/2026\\\/03\\\/11\\\/scandlines-lanca-ferry-de-carga-sem-emissoes\\\/#primaryimage\"},\"image\":{\"@id\":\"https:\\\/\\\/loginfo24.com\\\/pt-pt\\\/2026\\\/03\\\/11\\\/scandlines-lanca-ferry-de-carga-sem-emissoes\\\/#primaryimage\"},\"thumbnailUrl\":\"https:\\\/\\\/loginfo24.com\\\/wp-content\\\/uploads\\\/sites\\\/7\\\/2026\\\/03\\\/The-Baltic-Whale_5532x3512px_small-scaled-aspect-ratio-1400-788-scaled-1.jpg\",\"datePublished\":\"2026-03-11T14:41:50+00:00\",\"dateModified\":\"2026-03-12T08:30:30+00:00\",\"breadcrumb\":{\"@id\":\"https:\\\/\\\/loginfo24.com\\\/pt-pt\\\/2026\\\/03\\\/11\\\/scandlines-lanca-ferry-de-carga-sem-emissoes\\\/#breadcrumb\"},\"inLanguage\":\"pt-PT\",\"potentialAction\":[{\"@type\":\"ReadAction\",\"target\":[\"https:\\\/\\\/loginfo24.com\\\/pt-pt\\\/2026\\\/03\\\/11\\\/scandlines-lanca-ferry-de-carga-sem-emissoes\\\/\"]}]},{\"@type\":\"ImageObject\",\"inLanguage\":\"pt-PT\",\"@id\":\"https:\\\/\\\/loginfo24.com\\\/pt-pt\\\/2026\\\/03\\\/11\\\/scandlines-lanca-ferry-de-carga-sem-emissoes\\\/#primaryimage\",\"url\":\"https:\\\/\\\/loginfo24.com\\\/wp-content\\\/uploads\\\/sites\\\/7\\\/2026\\\/03\\\/The-Baltic-Whale_5532x3512px_small-scaled-aspect-ratio-1400-788-scaled-1.jpg\",\"contentUrl\":\"https:\\\/\\\/loginfo24.com\\\/wp-content\\\/uploads\\\/sites\\\/7\\\/2026\\\/03\\\/The-Baltic-Whale_5532x3512px_small-scaled-aspect-ratio-1400-788-scaled-1.jpg\",\"width\":2560,\"height\":1441},{\"@type\":\"BreadcrumbList\",\"@id\":\"https:\\\/\\\/loginfo24.com\\\/pt-pt\\\/2026\\\/03\\\/11\\\/scandlines-lanca-ferry-de-carga-sem-emissoes\\\/#breadcrumb\",\"itemListElement\":[{\"@type\":\"ListItem\",\"position\":1,\"name\":\"Startseite\",\"item\":\"https:\\\/\\\/loginfo24.com\\\/pt-pt\\\/\"},{\"@type\":\"ListItem\",\"position\":2,\"name\":\"Scandlines lan\u00e7a ferry de carga sem emiss\u00f5es\"}]},{\"@type\":\"WebSite\",\"@id\":\"https:\\\/\\\/loginfo24.com\\\/pt-pt\\\/#website\",\"url\":\"https:\\\/\\\/loginfo24.com\\\/pt-pt\\\/\",\"name\":\"Loginfo24\",\"description\":\"Loginfo24 \u00e9 a plataforma dedicada \u00e0 log\u00edstica e \u00e0s cadeias de abastecimento, com informa\u00e7\u00f5es dispon\u00edveis 24 horas por dia.\",\"publisher\":{\"@id\":\"https:\\\/\\\/loginfo24.com\\\/pt-pt\\\/#organization\"},\"potentialAction\":[{\"@type\":\"SearchAction\",\"target\":{\"@type\":\"EntryPoint\",\"urlTemplate\":\"https:\\\/\\\/loginfo24.com\\\/pt-pt\\\/?s={search_term_string}\"},\"query-input\":{\"@type\":\"PropertyValueSpecification\",\"valueRequired\":true,\"valueName\":\"search_term_string\"}}],\"inLanguage\":\"pt-PT\"},{\"@type\":\"Organization\",\"@id\":\"https:\\\/\\\/loginfo24.com\\\/pt-pt\\\/#organization\",\"name\":\"Logismedia Group AG\",\"url\":\"https:\\\/\\\/loginfo24.com\\\/pt-pt\\\/\",\"logo\":{\"@type\":\"ImageObject\",\"inLanguage\":\"pt-PT\",\"@id\":\"https:\\\/\\\/loginfo24.com\\\/pt-pt\\\/#\\\/schema\\\/logo\\\/image\\\/\",\"url\":\"https:\\\/\\\/loginfo24.com\\\/wp-content\\\/uploads\\\/sites\\\/7\\\/2026\\\/01\\\/Logo_LogInfo24.png\",\"contentUrl\":\"https:\\\/\\\/loginfo24.com\\\/wp-content\\\/uploads\\\/sites\\\/7\\\/2026\\\/01\\\/Logo_LogInfo24.png\",\"width\":938,\"height\":351,\"caption\":\"Logismedia Group AG\"},\"image\":{\"@id\":\"https:\\\/\\\/loginfo24.com\\\/pt-pt\\\/#\\\/schema\\\/logo\\\/image\\\/\"},\"sameAs\":[\"https:\\\/\\\/www.facebook.com\\\/people\\\/Loginfo24\\\/100057360583332\\\/\",\"https:\\\/\\\/www.linkedin.com\\\/company\\\/lofinfo24\\\/\"]},{\"@type\":\"Person\",\"@id\":\"https:\\\/\\\/loginfo24.com\\\/pt-pt\\\/#\\\/schema\\\/person\\\/cf538b3157f15afd7589245a4b3dbd25\",\"name\":\"Andreas Haug\",\"url\":\"https:\\\/\\\/loginfo24.com\\\/pt-pt\\\/author\\\/andreas\\\/\"}]}<\/script>\n<!-- \/ Yoast SEO plugin. -->","yoast_head_json":{"title":"Scandlines lan\u00e7a ferry de carga sem emiss\u00f5es - Loginfo24","robots":{"index":"index","follow":"follow","max-snippet":"max-snippet:-1","max-image-preview":"max-image-preview:large","max-video-preview":"max-video-preview:-1"},"canonical":"https:\/\/loginfo24.com\/pt-pt\/2026\/03\/11\/scandlines-lanca-ferry-de-carga-sem-emissoes\/","og_locale":"pt_PT","og_type":"article","og_title":"Scandlines lan\u00e7a ferry de carga sem emiss\u00f5es - Loginfo24","og_description":"A Scandlines colocou em opera\u00e7\u00e3o o ferry de carga sem emiss\u00f5es \"The Baltic Whale\" para aumentar a capacidade para clientes de carga at\u00e9 2040.","og_url":"https:\/\/loginfo24.com\/pt-pt\/2026\/03\/11\/scandlines-lanca-ferry-de-carga-sem-emissoes\/","og_site_name":"Loginfo24","article_publisher":"https:\/\/www.facebook.com\/people\/Loginfo24\/100057360583332\/","article_published_time":"2026-03-11T14:41:50+00:00","article_modified_time":"2026-03-12T08:30:30+00:00","og_image":[{"width":2560,"height":1441,"url":"https:\/\/loginfo24.com\/wp-content\/uploads\/sites\/7\/2026\/03\/The-Baltic-Whale_5532x3512px_small-scaled-aspect-ratio-1400-788-scaled-1.jpg","type":"image\/jpeg"}],"author":"Andreas Haug","twitter_card":"summary_large_image","twitter_misc":{"Escrito por":"Andreas Haug","Tempo estimado de leitura":"2 minutos"},"schema":{"@context":"https:\/\/schema.org","@graph":[{"@type":"Article","@id":"https:\/\/loginfo24.com\/pt-pt\/2026\/03\/11\/scandlines-lanca-ferry-de-carga-sem-emissoes\/#article","isPartOf":{"@id":"https:\/\/loginfo24.com\/pt-pt\/2026\/03\/11\/scandlines-lanca-ferry-de-carga-sem-emissoes\/"},"author":{"name":"Andreas Haug","@id":"https:\/\/loginfo24.com\/pt-pt\/#\/schema\/person\/cf538b3157f15afd7589245a4b3dbd25"},"headline":"Scandlines lan\u00e7a ferry de carga sem emiss\u00f5es","datePublished":"2026-03-11T14:41:50+00:00","dateModified":"2026-03-12T08:30:30+00:00","mainEntityOfPage":{"@id":"https:\/\/loginfo24.com\/pt-pt\/2026\/03\/11\/scandlines-lanca-ferry-de-carga-sem-emissoes\/"},"wordCount":488,"commentCount":0,"publisher":{"@id":"https:\/\/loginfo24.com\/pt-pt\/#organization"},"image":{"@id":"https:\/\/loginfo24.com\/pt-pt\/2026\/03\/11\/scandlines-lanca-ferry-de-carga-sem-emissoes\/#primaryimage"},"thumbnailUrl":"https:\/\/loginfo24.com\/wp-content\/uploads\/sites\/7\/2026\/03\/The-Baltic-Whale_5532x3512px_small-scaled-aspect-ratio-1400-788-scaled-1.jpg","keywords":["augmentation de la capacit\u00e9 de transport","augmenter la capacit\u00e9 de fret","Batteriesystem F\u00e4hre","battery system ferry","clients de fret","Deutsch Frachtf\u00e4hre","Digitalisierung in der Schifffahrt","digitalization in shipping","emission-free ferry","emission-free ferry operation","emissionsfreie F\u00e4hre","emissionsfreier F\u00e4hrbetrieb","environnement marin","exploitation de ferry sans \u00e9missions","F\u00e4hre f\u00fcr die Zukunft English freight ferry","Fehmarnbelt","ferry \u00e0 alimentation terrestre","ferry \u00e0 batterie","ferry for the future","ferry pour l'avenir","ferry sans \u00e9missions","Frachtkapazit\u00e4t erh\u00f6hen","Frachtkunden","freight customers","Gefahrguttransport","green logistics","gr\u00fcne Logistik","hazardous goods transport","hybrid operation ferry","Hybridbetrieb F\u00e4hre","increase freight capacity","industrie maritime","infrastructure de recharge portuaire","Ladeinfrastruktur H\u00e4fen","Landstrom F\u00e4hre","logistique verte","marine environment","maritime Umwelt","nachhaltiger Frachtverkehr","num\u00e9risation dans le transport maritime","op\u00e9ration hybride ferry","port charging infrastructure","R\u00f8dby Puttgarden","Scandlines","Schifffahrt","shipping industry","shore power ferry","sustainable freight transport","transport capacity increase Fran\u00e7ais ferry de fret","transport de fret durable","transport de marchandises dangereuses","Transportwirtschaft"],"articleSection":["Alemanha","Europa","Navega\u00e7\u00e3o e portos"],"inLanguage":"pt-PT","potentialAction":[{"@type":"CommentAction","name":"Comment","target":["https:\/\/loginfo24.com\/pt-pt\/2026\/03\/11\/scandlines-lanca-ferry-de-carga-sem-emissoes\/#respond"]}]},{"@type":"WebPage","@id":"https:\/\/loginfo24.com\/pt-pt\/2026\/03\/11\/scandlines-lanca-ferry-de-carga-sem-emissoes\/","url":"https:\/\/loginfo24.com\/pt-pt\/2026\/03\/11\/scandlines-lanca-ferry-de-carga-sem-emissoes\/","name":"Scandlines lan\u00e7a ferry de carga sem emiss\u00f5es - Loginfo24","isPartOf":{"@id":"https:\/\/loginfo24.com\/pt-pt\/#website"},"primaryImageOfPage":{"@id":"https:\/\/loginfo24.com\/pt-pt\/2026\/03\/11\/scandlines-lanca-ferry-de-carga-sem-emissoes\/#primaryimage"},"image":{"@id":"https:\/\/loginfo24.com\/pt-pt\/2026\/03\/11\/scandlines-lanca-ferry-de-carga-sem-emissoes\/#primaryimage"},"thumbnailUrl":"https:\/\/loginfo24.com\/wp-content\/uploads\/sites\/7\/2026\/03\/The-Baltic-Whale_5532x3512px_small-scaled-aspect-ratio-1400-788-scaled-1.jpg","datePublished":"2026-03-11T14:41:50+00:00","dateModified":"2026-03-12T08:30:30+00:00","breadcrumb":{"@id":"https:\/\/loginfo24.com\/pt-pt\/2026\/03\/11\/scandlines-lanca-ferry-de-carga-sem-emissoes\/#breadcrumb"},"inLanguage":"pt-PT","potentialAction":[{"@type":"ReadAction","target":["https:\/\/loginfo24.com\/pt-pt\/2026\/03\/11\/scandlines-lanca-ferry-de-carga-sem-emissoes\/"]}]},{"@type":"ImageObject","inLanguage":"pt-PT","@id":"https:\/\/loginfo24.com\/pt-pt\/2026\/03\/11\/scandlines-lanca-ferry-de-carga-sem-emissoes\/#primaryimage","url":"https:\/\/loginfo24.com\/wp-content\/uploads\/sites\/7\/2026\/03\/The-Baltic-Whale_5532x3512px_small-scaled-aspect-ratio-1400-788-scaled-1.jpg","contentUrl":"https:\/\/loginfo24.com\/wp-content\/uploads\/sites\/7\/2026\/03\/The-Baltic-Whale_5532x3512px_small-scaled-aspect-ratio-1400-788-scaled-1.jpg","width":2560,"height":1441},{"@type":"BreadcrumbList","@id":"https:\/\/loginfo24.com\/pt-pt\/2026\/03\/11\/scandlines-lanca-ferry-de-carga-sem-emissoes\/#breadcrumb","itemListElement":[{"@type":"ListItem","position":1,"name":"Startseite","item":"https:\/\/loginfo24.com\/pt-pt\/"},{"@type":"ListItem","position":2,"name":"Scandlines lan\u00e7a ferry de carga sem emiss\u00f5es"}]},{"@type":"WebSite","@id":"https:\/\/loginfo24.com\/pt-pt\/#website","url":"https:\/\/loginfo24.com\/pt-pt\/","name":"Loginfo24","description":"Loginfo24 \u00e9 a plataforma dedicada \u00e0 log\u00edstica e \u00e0s cadeias de abastecimento, com informa\u00e7\u00f5es dispon\u00edveis 24 horas por dia.","publisher":{"@id":"https:\/\/loginfo24.com\/pt-pt\/#organization"},"potentialAction":[{"@type":"SearchAction","target":{"@type":"EntryPoint","urlTemplate":"https:\/\/loginfo24.com\/pt-pt\/?s={search_term_string}"},"query-input":{"@type":"PropertyValueSpecification","valueRequired":true,"valueName":"search_term_string"}}],"inLanguage":"pt-PT"},{"@type":"Organization","@id":"https:\/\/loginfo24.com\/pt-pt\/#organization","name":"Logismedia Group AG","url":"https:\/\/loginfo24.com\/pt-pt\/","logo":{"@type":"ImageObject","inLanguage":"pt-PT","@id":"https:\/\/loginfo24.com\/pt-pt\/#\/schema\/logo\/image\/","url":"https:\/\/loginfo24.com\/wp-content\/uploads\/sites\/7\/2026\/01\/Logo_LogInfo24.png","contentUrl":"https:\/\/loginfo24.com\/wp-content\/uploads\/sites\/7\/2026\/01\/Logo_LogInfo24.png","width":938,"height":351,"caption":"Logismedia Group AG"},"image":{"@id":"https:\/\/loginfo24.com\/pt-pt\/#\/schema\/logo\/image\/"},"sameAs":["https:\/\/www.facebook.com\/people\/Loginfo24\/100057360583332\/","https:\/\/www.linkedin.com\/company\/lofinfo24\/"]},{"@type":"Person","@id":"https:\/\/loginfo24.com\/pt-pt\/#\/schema\/person\/cf538b3157f15afd7589245a4b3dbd25","name":"Andreas Haug","url":"https:\/\/loginfo24.com\/pt-pt\/author\/andreas\/"}]}},"_links":{"self":[{"href":"https:\/\/loginfo24.com\/pt-pt\/wp-json\/wp\/v2\/posts\/76487","targetHints":{"allow":["GET"]}}],"collection":[{"href":"https:\/\/loginfo24.com\/pt-pt\/wp-json\/wp\/v2\/posts"}],"about":[{"href":"https:\/\/loginfo24.com\/pt-pt\/wp-json\/wp\/v2\/types\/post"}],"author":[{"embeddable":true,"href":"https:\/\/loginfo24.com\/pt-pt\/wp-json\/wp\/v2\/users\/12"}],"replies":[{"embeddable":true,"href":"https:\/\/loginfo24.com\/pt-pt\/wp-json\/wp\/v2\/comments?post=76487"}],"version-history":[{"count":1,"href":"https:\/\/loginfo24.com\/pt-pt\/wp-json\/wp\/v2\/posts\/76487\/revisions"}],"predecessor-version":[{"id":76516,"href":"https:\/\/loginfo24.com\/pt-pt\/wp-json\/wp\/v2\/posts\/76487\/revisions\/76516"}],"wp:featuredmedia":[{"embeddable":true,"href":"https:\/\/loginfo24.com\/pt-pt\/wp-json\/wp\/v2\/media\/76482"}],"wp:attachment":[{"href":"https:\/\/loginfo24.com\/pt-pt\/wp-json\/wp\/v2\/media?parent=76487"}],"wp:term":[{"taxonomy":"category","embeddable":true,"href":"https:\/\/loginfo24.com\/pt-pt\/wp-json\/wp\/v2\/categories?post=76487"},{"taxonomy":"post_tag","embeddable":true,"href":"https:\/\/loginfo24.com\/pt-pt\/wp-json\/wp\/v2\/tags?post=76487"}],"curies":[{"name":"wp","href":"https:\/\/api.w.org\/{rel}","templated":true}]}}