{"id":76465,"date":"2026-03-11T14:31:19","date_gmt":"2026-03-11T14:31:19","guid":{"rendered":"https:\/\/loginfo24.com\/2026\/03\/11\/pilotos-da-lufthansa-planejam-greve-de-dois-dias\/"},"modified":"2026-03-11T15:47:13","modified_gmt":"2026-03-11T14:47:13","slug":"pilotos-da-lufthansa-planejam-greve-de-dois-dias","status":"publish","type":"post","link":"https:\/\/loginfo24.com\/pt-pt\/2026\/03\/11\/pilotos-da-lufthansa-planejam-greve-de-dois-dias\/","title":{"rendered":"Pilotos da Lufthansa planejam greve de dois dias"},"content":{"rendered":"<p>Na Lufthansa, um greve de pilotos est\u00e1 se formando. O sindicato Vereinigung Cockpit (VC) convocou seus membros a pararem de trabalhar na quinta e sexta-feira (12-13.3.). A greve planejada deve durar 48 horas e pode afetar numerosos voos do grupo Lufthansa.<\/p>\n<p>Os voos mais afetados seriam os de partida na Alemanha, incluindo conex\u00f5es da marca Lufthansa, sua companhia de carga Lufthansa Cargo e a linha a\u00e9rea regional Lufthansa Cityline. O fundo da quest\u00e3o s\u00e3o as negocia\u00e7\u00f5es salariais ainda n\u00e3o resolvidas entre a companhia a\u00e9rea e a representa\u00e7\u00e3o dos pilotos.<\/p>\n<p>J\u00e1 em meados de fevereiro, houve uma greve de um dia no \u00e2mbito da atual rodada de negocia\u00e7\u00f5es salariais. Novamente, os pilotos das empresas a\u00e9reas afetadas se manifestaram, em referendos, majoritariamente a favor de a\u00e7\u00f5es de greve. Na Eurowings, uma vota\u00e7\u00e3o correspondente ainda est\u00e1 em andamento, raz\u00e3o pela qual seus funcion\u00e1rios provavelmente n\u00e3o participar\u00e3o das greves atuais.<\/p>\n<p>Voos para o Oriente M\u00e9dio n\u00e3o devem ser afetados pela greve. O sindicato justifica isso com a situa\u00e7\u00e3o tensa no tr\u00e1fego a\u00e9reo regional.<\/p>\n<p>Segundo o VC, a origem do conflito s\u00e3o as conversas infrut\u00edferas sobre a previd\u00eancia privada na Lufthansa e na Lufthansa Cargo. O sindicato exige uma proposta melhor por parte da empresa.<\/p>\n<p><a href=\"https:\/\/newsroom.lufthansagroup.com\" target=\"_blank\" rel=\"noopener noreferrer\">www.newsroom.lufthansagroup.com<\/a><\/p>\n<p><a href=\"https:\/\/www.zdfheute.de\" target=\"_blank\" rel=\"noopener noreferrer\">www.zdfheute.de<\/a><\/p>\n","protected":false},"excerpt":{"rendered":"<p>Uma greve de pilotos na Lufthansa est\u00e1 marcada para os dias 12 e 13 de mar\u00e7o, o que pode afetar numerosos voos da companhia a\u00e9rea.<\/p>\n","protected":false},"author":14,"featured_media":76460,"comment_status":"open","ping_status":"","sticky":false,"template":"","format":"standard","meta":{"_acf_changed":false,"footnotes":""},"categories":[6679,1618],"tags":[13833,13834,13835,13836,13837,13838,13839,3397,13840,13841,13842,13843,13844,13845,13846,13847,13848,13849,13850,13851,13852,13853,13854,13855,13856,13857,13858,3418,13859,4293,2035,13860,13861,13862,13863,13864,13865,13866,13867,13868,13869,13870,13871,13872,13873,13874,13875,13876,13877,13878,13879,13880,13881,13882,13883,13884],"class_list":["post-76465","post","type-post","status-publish","format-standard","has-post-thumbnail","hentry","category-europa","category-transporte-aereo-de-mercadorias","tag-actions-de-greve","tag-affected-flights","tag-air-freight-logistics-francais-lufthansa","tag-air-traffic-middle-east","tag-annonce-de-greve","tag-arbeitskampf","tag-arbeitskampfmassnahmen","tag-aviation-industry","tag-bargaining-round","tag-betriebliche-altersversorgung","tag-collective-bargaining","tag-compagnie-regionale-lufthansa-cityline","tag-conflit-de-travail","tag-deutsch-lufthansa","tag-droits-des-passagers","tag-duree-de-greve-48-heures","tag-eurowings-streik","tag-eurowings-strike","tag-flights-germany","tag-fluege-beeintraechtigt","tag-fluege-deutschland","tag-fluggastrechte","tag-frachtgesellschaft-lufthansa","tag-freight-company-lufthansa","tag-gewerkschaft-vereinigung-cockpit","tag-greve-des-pilotes","tag-greve-eurowings","tag-industrie-aeronautique","tag-labor-dispute","tag-logistique-aerienne","tag-luftfahrtbranche","tag-luftfahrtlogistik-english-lufthansa","tag-lufthansa-cargo","tag-luftverkehr-naher-osten","tag-negociations-collectives","tag-occupational-pension-scheme","tag-passenger-rights","tag-pilotenstreik","tag-pilots-strike","tag-regime-de-retraite-professionnel","tag-regional-airline-lufthansa-cityline","tag-regionalfluglinie-lufthansa-cityline","tag-ronde-de-negociations","tag-societe-de-fret-lufthansa","tag-streikankuendigung","tag-streikdauer-48-stunden","tag-strike-actions","tag-strike-announcement","tag-strike-duration-48-hours","tag-syndicat-vereinigung-cockpit","tag-tarifrunde","tag-tarifverhandlungen","tag-trafic-aerien-moyen-orient","tag-vereinigung-cockpit-union","tag-vols-affectes","tag-vols-allemagne"],"acf":[],"yoast_head":"<!-- This site is optimized with the Yoast SEO plugin v27.3 - https:\/\/yoast.com\/product\/yoast-seo-wordpress\/ -->\n<title>Pilotos da Lufthansa planejam greve de dois dias - Loginfo24<\/title>\n<meta name=\"robots\" content=\"index, follow, max-snippet:-1, max-image-preview:large, max-video-preview:-1\" \/>\n<link rel=\"canonical\" href=\"https:\/\/loginfo24.com\/pt-pt\/2026\/03\/11\/pilotos-da-lufthansa-planejam-greve-de-dois-dias\/\" \/>\n<meta property=\"og:locale\" content=\"pt_PT\" \/>\n<meta property=\"og:type\" content=\"article\" \/>\n<meta property=\"og:title\" content=\"Pilotos da Lufthansa planejam greve de dois dias - Loginfo24\" \/>\n<meta property=\"og:description\" content=\"Uma greve de pilotos na Lufthansa est\u00e1 marcada para os dias 12 e 13 de mar\u00e7o, o que pode afetar numerosos voos da companhia a\u00e9rea.\" \/>\n<meta property=\"og:url\" content=\"https:\/\/loginfo24.com\/pt-pt\/2026\/03\/11\/pilotos-da-lufthansa-planejam-greve-de-dois-dias\/\" \/>\n<meta property=\"og:site_name\" content=\"Loginfo24\" \/>\n<meta property=\"article:publisher\" content=\"https:\/\/www.facebook.com\/people\/Loginfo24\/100057360583332\/\" \/>\n<meta property=\"article:published_time\" content=\"2026-03-11T14:31:19+00:00\" \/>\n<meta property=\"article:modified_time\" content=\"2026-03-11T14:47:13+00:00\" \/>\n<meta property=\"og:image\" content=\"https:\/\/loginfo24.com\/wp-content\/uploads\/sites\/7\/2026\/03\/NEW_A321F_B777F_Lateral_PPT_Min-scaled-aspect-ratio-1400-788-2.jpg\" \/>\n\t<meta property=\"og:image:width\" content=\"2471\" \/>\n\t<meta property=\"og:image:height\" content=\"1391\" \/>\n\t<meta property=\"og:image:type\" content=\"image\/jpeg\" \/>\n<meta name=\"author\" content=\"Gyan Sharan\" \/>\n<meta name=\"twitter:card\" content=\"summary_large_image\" \/>\n<meta name=\"twitter:label1\" content=\"Escrito por\" \/>\n\t<meta name=\"twitter:data1\" content=\"Gyan Sharan\" \/>\n\t<meta name=\"twitter:label2\" content=\"Tempo estimado de leitura\" \/>\n\t<meta name=\"twitter:data2\" content=\"1 minuto\" \/>\n<script type=\"application\/ld+json\" class=\"yoast-schema-graph\">{\"@context\":\"https:\\\/\\\/schema.org\",\"@graph\":[{\"@type\":\"Article\",\"@id\":\"https:\\\/\\\/loginfo24.com\\\/pt-pt\\\/2026\\\/03\\\/11\\\/pilotos-da-lufthansa-planejam-greve-de-dois-dias\\\/#article\",\"isPartOf\":{\"@id\":\"https:\\\/\\\/loginfo24.com\\\/pt-pt\\\/2026\\\/03\\\/11\\\/pilotos-da-lufthansa-planejam-greve-de-dois-dias\\\/\"},\"author\":{\"name\":\"Gyan Sharan\",\"@id\":\"https:\\\/\\\/loginfo24.com\\\/pt-pt\\\/#\\\/schema\\\/person\\\/13a9fc605c753db60ef7750a229cd042\"},\"headline\":\"Pilotos da Lufthansa planejam greve de dois dias\",\"datePublished\":\"2026-03-11T14:31:19+00:00\",\"dateModified\":\"2026-03-11T14:47:13+00:00\",\"mainEntityOfPage\":{\"@id\":\"https:\\\/\\\/loginfo24.com\\\/pt-pt\\\/2026\\\/03\\\/11\\\/pilotos-da-lufthansa-planejam-greve-de-dois-dias\\\/\"},\"wordCount\":238,\"commentCount\":0,\"publisher\":{\"@id\":\"https:\\\/\\\/loginfo24.com\\\/pt-pt\\\/#organization\"},\"image\":{\"@id\":\"https:\\\/\\\/loginfo24.com\\\/pt-pt\\\/2026\\\/03\\\/11\\\/pilotos-da-lufthansa-planejam-greve-de-dois-dias\\\/#primaryimage\"},\"thumbnailUrl\":\"https:\\\/\\\/loginfo24.com\\\/wp-content\\\/uploads\\\/sites\\\/7\\\/2026\\\/03\\\/NEW_A321F_B777F_Lateral_PPT_Min-scaled-aspect-ratio-1400-788-2.jpg\",\"keywords\":[\"actions de gr\u00e8ve\",\"affected flights\",\"air freight logistics Fran\u00e7ais Lufthansa\",\"air traffic Middle East\",\"annonce de gr\u00e8ve\",\"Arbeitskampf\",\"Arbeitskampfmassnahmen\",\"aviation industry\",\"bargaining round\",\"betriebliche Altersversorgung\",\"collective bargaining\",\"compagnie r\u00e9gionale Lufthansa Cityline\",\"conflit de travail\",\"Deutsch Lufthansa\",\"droits des passagers\",\"dur\u00e9e de gr\u00e8ve 48 heures\",\"Eurowings Streik\",\"Eurowings strike\",\"flights Germany\",\"Fl\u00fcge beeintr\u00e4chtigt\",\"Fl\u00fcge Deutschland\",\"Fluggastrechte\",\"Frachtgesellschaft Lufthansa\",\"freight company Lufthansa\",\"Gewerkschaft Vereinigung Cockpit\",\"gr\u00e8ve des pilotes\",\"gr\u00e8ve Eurowings\",\"industrie a\u00e9ronautique\",\"labor dispute\",\"logistique a\u00e9rienne\",\"Luftfahrtbranche\",\"Luftfahrtlogistik English Lufthansa\",\"Lufthansa Cargo\",\"Luftverkehr Naher Osten\",\"n\u00e9gociations collectives\",\"occupational pension scheme\",\"passenger rights\",\"Pilotenstreik\",\"pilots strike\",\"r\u00e9gime de retraite professionnel\",\"regional airline Lufthansa Cityline\",\"Regionalfluglinie Lufthansa Cityline\",\"ronde de n\u00e9gociations\",\"soci\u00e9t\u00e9 de fret Lufthansa\",\"Streikank\u00fcndigung\",\"Streikdauer 48 Stunden\",\"strike actions\",\"strike announcement\",\"strike duration 48 hours\",\"syndicat Vereinigung Cockpit\",\"Tarifrunde\",\"Tarifverhandlungen\",\"trafic a\u00e9rien Moyen-Orient\",\"Vereinigung Cockpit union\",\"vols affect\u00e9s\",\"vols Allemagne\"],\"articleSection\":[\"Europa\",\"Transporte a\u00e9reo de mercadorias\"],\"inLanguage\":\"pt-PT\",\"potentialAction\":[{\"@type\":\"CommentAction\",\"name\":\"Comment\",\"target\":[\"https:\\\/\\\/loginfo24.com\\\/pt-pt\\\/2026\\\/03\\\/11\\\/pilotos-da-lufthansa-planejam-greve-de-dois-dias\\\/#respond\"]}]},{\"@type\":\"WebPage\",\"@id\":\"https:\\\/\\\/loginfo24.com\\\/pt-pt\\\/2026\\\/03\\\/11\\\/pilotos-da-lufthansa-planejam-greve-de-dois-dias\\\/\",\"url\":\"https:\\\/\\\/loginfo24.com\\\/pt-pt\\\/2026\\\/03\\\/11\\\/pilotos-da-lufthansa-planejam-greve-de-dois-dias\\\/\",\"name\":\"Pilotos da Lufthansa planejam greve de dois dias - Loginfo24\",\"isPartOf\":{\"@id\":\"https:\\\/\\\/loginfo24.com\\\/pt-pt\\\/#website\"},\"primaryImageOfPage\":{\"@id\":\"https:\\\/\\\/loginfo24.com\\\/pt-pt\\\/2026\\\/03\\\/11\\\/pilotos-da-lufthansa-planejam-greve-de-dois-dias\\\/#primaryimage\"},\"image\":{\"@id\":\"https:\\\/\\\/loginfo24.com\\\/pt-pt\\\/2026\\\/03\\\/11\\\/pilotos-da-lufthansa-planejam-greve-de-dois-dias\\\/#primaryimage\"},\"thumbnailUrl\":\"https:\\\/\\\/loginfo24.com\\\/wp-content\\\/uploads\\\/sites\\\/7\\\/2026\\\/03\\\/NEW_A321F_B777F_Lateral_PPT_Min-scaled-aspect-ratio-1400-788-2.jpg\",\"datePublished\":\"2026-03-11T14:31:19+00:00\",\"dateModified\":\"2026-03-11T14:47:13+00:00\",\"breadcrumb\":{\"@id\":\"https:\\\/\\\/loginfo24.com\\\/pt-pt\\\/2026\\\/03\\\/11\\\/pilotos-da-lufthansa-planejam-greve-de-dois-dias\\\/#breadcrumb\"},\"inLanguage\":\"pt-PT\",\"potentialAction\":[{\"@type\":\"ReadAction\",\"target\":[\"https:\\\/\\\/loginfo24.com\\\/pt-pt\\\/2026\\\/03\\\/11\\\/pilotos-da-lufthansa-planejam-greve-de-dois-dias\\\/\"]}]},{\"@type\":\"ImageObject\",\"inLanguage\":\"pt-PT\",\"@id\":\"https:\\\/\\\/loginfo24.com\\\/pt-pt\\\/2026\\\/03\\\/11\\\/pilotos-da-lufthansa-planejam-greve-de-dois-dias\\\/#primaryimage\",\"url\":\"https:\\\/\\\/loginfo24.com\\\/wp-content\\\/uploads\\\/sites\\\/7\\\/2026\\\/03\\\/NEW_A321F_B777F_Lateral_PPT_Min-scaled-aspect-ratio-1400-788-2.jpg\",\"contentUrl\":\"https:\\\/\\\/loginfo24.com\\\/wp-content\\\/uploads\\\/sites\\\/7\\\/2026\\\/03\\\/NEW_A321F_B777F_Lateral_PPT_Min-scaled-aspect-ratio-1400-788-2.jpg\",\"width\":2471,\"height\":1391},{\"@type\":\"BreadcrumbList\",\"@id\":\"https:\\\/\\\/loginfo24.com\\\/pt-pt\\\/2026\\\/03\\\/11\\\/pilotos-da-lufthansa-planejam-greve-de-dois-dias\\\/#breadcrumb\",\"itemListElement\":[{\"@type\":\"ListItem\",\"position\":1,\"name\":\"Startseite\",\"item\":\"https:\\\/\\\/loginfo24.com\\\/pt-pt\\\/\"},{\"@type\":\"ListItem\",\"position\":2,\"name\":\"Pilotos da Lufthansa planejam greve de dois dias\"}]},{\"@type\":\"WebSite\",\"@id\":\"https:\\\/\\\/loginfo24.com\\\/pt-pt\\\/#website\",\"url\":\"https:\\\/\\\/loginfo24.com\\\/pt-pt\\\/\",\"name\":\"Loginfo24\",\"description\":\"Loginfo24 \u00e9 a plataforma dedicada \u00e0 log\u00edstica e \u00e0s cadeias de abastecimento, com informa\u00e7\u00f5es dispon\u00edveis 24 horas por dia.\",\"publisher\":{\"@id\":\"https:\\\/\\\/loginfo24.com\\\/pt-pt\\\/#organization\"},\"potentialAction\":[{\"@type\":\"SearchAction\",\"target\":{\"@type\":\"EntryPoint\",\"urlTemplate\":\"https:\\\/\\\/loginfo24.com\\\/pt-pt\\\/?s={search_term_string}\"},\"query-input\":{\"@type\":\"PropertyValueSpecification\",\"valueRequired\":true,\"valueName\":\"search_term_string\"}}],\"inLanguage\":\"pt-PT\"},{\"@type\":\"Organization\",\"@id\":\"https:\\\/\\\/loginfo24.com\\\/pt-pt\\\/#organization\",\"name\":\"Logismedia Group AG\",\"url\":\"https:\\\/\\\/loginfo24.com\\\/pt-pt\\\/\",\"logo\":{\"@type\":\"ImageObject\",\"inLanguage\":\"pt-PT\",\"@id\":\"https:\\\/\\\/loginfo24.com\\\/pt-pt\\\/#\\\/schema\\\/logo\\\/image\\\/\",\"url\":\"https:\\\/\\\/loginfo24.com\\\/wp-content\\\/uploads\\\/sites\\\/7\\\/2026\\\/01\\\/Logo_LogInfo24.png\",\"contentUrl\":\"https:\\\/\\\/loginfo24.com\\\/wp-content\\\/uploads\\\/sites\\\/7\\\/2026\\\/01\\\/Logo_LogInfo24.png\",\"width\":938,\"height\":351,\"caption\":\"Logismedia Group AG\"},\"image\":{\"@id\":\"https:\\\/\\\/loginfo24.com\\\/pt-pt\\\/#\\\/schema\\\/logo\\\/image\\\/\"},\"sameAs\":[\"https:\\\/\\\/www.facebook.com\\\/people\\\/Loginfo24\\\/100057360583332\\\/\",\"https:\\\/\\\/www.linkedin.com\\\/company\\\/lofinfo24\\\/\"]},{\"@type\":\"Person\",\"@id\":\"https:\\\/\\\/loginfo24.com\\\/pt-pt\\\/#\\\/schema\\\/person\\\/13a9fc605c753db60ef7750a229cd042\",\"name\":\"Gyan Sharan\",\"url\":\"https:\\\/\\\/loginfo24.com\\\/pt-pt\\\/author\\\/gyan\\\/\"}]}<\/script>\n<!-- \/ Yoast SEO plugin. -->","yoast_head_json":{"title":"Pilotos da Lufthansa planejam greve de dois dias - Loginfo24","robots":{"index":"index","follow":"follow","max-snippet":"max-snippet:-1","max-image-preview":"max-image-preview:large","max-video-preview":"max-video-preview:-1"},"canonical":"https:\/\/loginfo24.com\/pt-pt\/2026\/03\/11\/pilotos-da-lufthansa-planejam-greve-de-dois-dias\/","og_locale":"pt_PT","og_type":"article","og_title":"Pilotos da Lufthansa planejam greve de dois dias - Loginfo24","og_description":"Uma greve de pilotos na Lufthansa est\u00e1 marcada para os dias 12 e 13 de mar\u00e7o, o que pode afetar numerosos voos da companhia a\u00e9rea.","og_url":"https:\/\/loginfo24.com\/pt-pt\/2026\/03\/11\/pilotos-da-lufthansa-planejam-greve-de-dois-dias\/","og_site_name":"Loginfo24","article_publisher":"https:\/\/www.facebook.com\/people\/Loginfo24\/100057360583332\/","article_published_time":"2026-03-11T14:31:19+00:00","article_modified_time":"2026-03-11T14:47:13+00:00","og_image":[{"width":2471,"height":1391,"url":"https:\/\/loginfo24.com\/wp-content\/uploads\/sites\/7\/2026\/03\/NEW_A321F_B777F_Lateral_PPT_Min-scaled-aspect-ratio-1400-788-2.jpg","type":"image\/jpeg"}],"author":"Gyan Sharan","twitter_card":"summary_large_image","twitter_misc":{"Escrito por":"Gyan Sharan","Tempo estimado de leitura":"1 minuto"},"schema":{"@context":"https:\/\/schema.org","@graph":[{"@type":"Article","@id":"https:\/\/loginfo24.com\/pt-pt\/2026\/03\/11\/pilotos-da-lufthansa-planejam-greve-de-dois-dias\/#article","isPartOf":{"@id":"https:\/\/loginfo24.com\/pt-pt\/2026\/03\/11\/pilotos-da-lufthansa-planejam-greve-de-dois-dias\/"},"author":{"name":"Gyan Sharan","@id":"https:\/\/loginfo24.com\/pt-pt\/#\/schema\/person\/13a9fc605c753db60ef7750a229cd042"},"headline":"Pilotos da Lufthansa planejam greve de dois dias","datePublished":"2026-03-11T14:31:19+00:00","dateModified":"2026-03-11T14:47:13+00:00","mainEntityOfPage":{"@id":"https:\/\/loginfo24.com\/pt-pt\/2026\/03\/11\/pilotos-da-lufthansa-planejam-greve-de-dois-dias\/"},"wordCount":238,"commentCount":0,"publisher":{"@id":"https:\/\/loginfo24.com\/pt-pt\/#organization"},"image":{"@id":"https:\/\/loginfo24.com\/pt-pt\/2026\/03\/11\/pilotos-da-lufthansa-planejam-greve-de-dois-dias\/#primaryimage"},"thumbnailUrl":"https:\/\/loginfo24.com\/wp-content\/uploads\/sites\/7\/2026\/03\/NEW_A321F_B777F_Lateral_PPT_Min-scaled-aspect-ratio-1400-788-2.jpg","keywords":["actions de gr\u00e8ve","affected flights","air freight logistics Fran\u00e7ais Lufthansa","air traffic Middle East","annonce de gr\u00e8ve","Arbeitskampf","Arbeitskampfmassnahmen","aviation industry","bargaining round","betriebliche Altersversorgung","collective bargaining","compagnie r\u00e9gionale Lufthansa Cityline","conflit de travail","Deutsch Lufthansa","droits des passagers","dur\u00e9e de gr\u00e8ve 48 heures","Eurowings Streik","Eurowings strike","flights Germany","Fl\u00fcge beeintr\u00e4chtigt","Fl\u00fcge Deutschland","Fluggastrechte","Frachtgesellschaft Lufthansa","freight company Lufthansa","Gewerkschaft Vereinigung Cockpit","gr\u00e8ve des pilotes","gr\u00e8ve Eurowings","industrie a\u00e9ronautique","labor dispute","logistique a\u00e9rienne","Luftfahrtbranche","Luftfahrtlogistik English Lufthansa","Lufthansa Cargo","Luftverkehr Naher Osten","n\u00e9gociations collectives","occupational pension scheme","passenger rights","Pilotenstreik","pilots strike","r\u00e9gime de retraite professionnel","regional airline Lufthansa Cityline","Regionalfluglinie Lufthansa Cityline","ronde de n\u00e9gociations","soci\u00e9t\u00e9 de fret Lufthansa","Streikank\u00fcndigung","Streikdauer 48 Stunden","strike actions","strike announcement","strike duration 48 hours","syndicat Vereinigung Cockpit","Tarifrunde","Tarifverhandlungen","trafic a\u00e9rien Moyen-Orient","Vereinigung Cockpit union","vols affect\u00e9s","vols Allemagne"],"articleSection":["Europa","Transporte a\u00e9reo de mercadorias"],"inLanguage":"pt-PT","potentialAction":[{"@type":"CommentAction","name":"Comment","target":["https:\/\/loginfo24.com\/pt-pt\/2026\/03\/11\/pilotos-da-lufthansa-planejam-greve-de-dois-dias\/#respond"]}]},{"@type":"WebPage","@id":"https:\/\/loginfo24.com\/pt-pt\/2026\/03\/11\/pilotos-da-lufthansa-planejam-greve-de-dois-dias\/","url":"https:\/\/loginfo24.com\/pt-pt\/2026\/03\/11\/pilotos-da-lufthansa-planejam-greve-de-dois-dias\/","name":"Pilotos da Lufthansa planejam greve de dois dias - Loginfo24","isPartOf":{"@id":"https:\/\/loginfo24.com\/pt-pt\/#website"},"primaryImageOfPage":{"@id":"https:\/\/loginfo24.com\/pt-pt\/2026\/03\/11\/pilotos-da-lufthansa-planejam-greve-de-dois-dias\/#primaryimage"},"image":{"@id":"https:\/\/loginfo24.com\/pt-pt\/2026\/03\/11\/pilotos-da-lufthansa-planejam-greve-de-dois-dias\/#primaryimage"},"thumbnailUrl":"https:\/\/loginfo24.com\/wp-content\/uploads\/sites\/7\/2026\/03\/NEW_A321F_B777F_Lateral_PPT_Min-scaled-aspect-ratio-1400-788-2.jpg","datePublished":"2026-03-11T14:31:19+00:00","dateModified":"2026-03-11T14:47:13+00:00","breadcrumb":{"@id":"https:\/\/loginfo24.com\/pt-pt\/2026\/03\/11\/pilotos-da-lufthansa-planejam-greve-de-dois-dias\/#breadcrumb"},"inLanguage":"pt-PT","potentialAction":[{"@type":"ReadAction","target":["https:\/\/loginfo24.com\/pt-pt\/2026\/03\/11\/pilotos-da-lufthansa-planejam-greve-de-dois-dias\/"]}]},{"@type":"ImageObject","inLanguage":"pt-PT","@id":"https:\/\/loginfo24.com\/pt-pt\/2026\/03\/11\/pilotos-da-lufthansa-planejam-greve-de-dois-dias\/#primaryimage","url":"https:\/\/loginfo24.com\/wp-content\/uploads\/sites\/7\/2026\/03\/NEW_A321F_B777F_Lateral_PPT_Min-scaled-aspect-ratio-1400-788-2.jpg","contentUrl":"https:\/\/loginfo24.com\/wp-content\/uploads\/sites\/7\/2026\/03\/NEW_A321F_B777F_Lateral_PPT_Min-scaled-aspect-ratio-1400-788-2.jpg","width":2471,"height":1391},{"@type":"BreadcrumbList","@id":"https:\/\/loginfo24.com\/pt-pt\/2026\/03\/11\/pilotos-da-lufthansa-planejam-greve-de-dois-dias\/#breadcrumb","itemListElement":[{"@type":"ListItem","position":1,"name":"Startseite","item":"https:\/\/loginfo24.com\/pt-pt\/"},{"@type":"ListItem","position":2,"name":"Pilotos da Lufthansa planejam greve de dois dias"}]},{"@type":"WebSite","@id":"https:\/\/loginfo24.com\/pt-pt\/#website","url":"https:\/\/loginfo24.com\/pt-pt\/","name":"Loginfo24","description":"Loginfo24 \u00e9 a plataforma dedicada \u00e0 log\u00edstica e \u00e0s cadeias de abastecimento, com informa\u00e7\u00f5es dispon\u00edveis 24 horas por dia.","publisher":{"@id":"https:\/\/loginfo24.com\/pt-pt\/#organization"},"potentialAction":[{"@type":"SearchAction","target":{"@type":"EntryPoint","urlTemplate":"https:\/\/loginfo24.com\/pt-pt\/?s={search_term_string}"},"query-input":{"@type":"PropertyValueSpecification","valueRequired":true,"valueName":"search_term_string"}}],"inLanguage":"pt-PT"},{"@type":"Organization","@id":"https:\/\/loginfo24.com\/pt-pt\/#organization","name":"Logismedia Group AG","url":"https:\/\/loginfo24.com\/pt-pt\/","logo":{"@type":"ImageObject","inLanguage":"pt-PT","@id":"https:\/\/loginfo24.com\/pt-pt\/#\/schema\/logo\/image\/","url":"https:\/\/loginfo24.com\/wp-content\/uploads\/sites\/7\/2026\/01\/Logo_LogInfo24.png","contentUrl":"https:\/\/loginfo24.com\/wp-content\/uploads\/sites\/7\/2026\/01\/Logo_LogInfo24.png","width":938,"height":351,"caption":"Logismedia Group AG"},"image":{"@id":"https:\/\/loginfo24.com\/pt-pt\/#\/schema\/logo\/image\/"},"sameAs":["https:\/\/www.facebook.com\/people\/Loginfo24\/100057360583332\/","https:\/\/www.linkedin.com\/company\/lofinfo24\/"]},{"@type":"Person","@id":"https:\/\/loginfo24.com\/pt-pt\/#\/schema\/person\/13a9fc605c753db60ef7750a229cd042","name":"Gyan Sharan","url":"https:\/\/loginfo24.com\/pt-pt\/author\/gyan\/"}]}},"_links":{"self":[{"href":"https:\/\/loginfo24.com\/pt-pt\/wp-json\/wp\/v2\/posts\/76465","targetHints":{"allow":["GET"]}}],"collection":[{"href":"https:\/\/loginfo24.com\/pt-pt\/wp-json\/wp\/v2\/posts"}],"about":[{"href":"https:\/\/loginfo24.com\/pt-pt\/wp-json\/wp\/v2\/types\/post"}],"author":[{"embeddable":true,"href":"https:\/\/loginfo24.com\/pt-pt\/wp-json\/wp\/v2\/users\/14"}],"replies":[{"embeddable":true,"href":"https:\/\/loginfo24.com\/pt-pt\/wp-json\/wp\/v2\/comments?post=76465"}],"version-history":[{"count":2,"href":"https:\/\/loginfo24.com\/pt-pt\/wp-json\/wp\/v2\/posts\/76465\/revisions"}],"predecessor-version":[{"id":76479,"href":"https:\/\/loginfo24.com\/pt-pt\/wp-json\/wp\/v2\/posts\/76465\/revisions\/76479"}],"wp:featuredmedia":[{"embeddable":true,"href":"https:\/\/loginfo24.com\/pt-pt\/wp-json\/wp\/v2\/media\/76460"}],"wp:attachment":[{"href":"https:\/\/loginfo24.com\/pt-pt\/wp-json\/wp\/v2\/media?parent=76465"}],"wp:term":[{"taxonomy":"category","embeddable":true,"href":"https:\/\/loginfo24.com\/pt-pt\/wp-json\/wp\/v2\/categories?post=76465"},{"taxonomy":"post_tag","embeddable":true,"href":"https:\/\/loginfo24.com\/pt-pt\/wp-json\/wp\/v2\/tags?post=76465"}],"curies":[{"name":"wp","href":"https:\/\/api.w.org\/{rel}","templated":true}]}}