{"id":76457,"date":"2026-03-11T13:29:34","date_gmt":"2026-03-11T13:29:34","guid":{"rendered":"https:\/\/loginfo24.com\/2026\/03\/11\/nagel-group-inaugura-centro-de-logistica-em-poznan\/"},"modified":"2026-03-12T10:21:57","modified_gmt":"2026-03-12T09:21:57","slug":"nagel-group-inaugura-centro-de-logistica-em-poznan","status":"publish","type":"post","link":"https:\/\/loginfo24.com\/pt-pt\/2026\/03\/11\/nagel-group-inaugura-centro-de-logistica-em-poznan\/","title":{"rendered":"Nagel-Group inaugura centro de log\u00edstica em Pozna\u0144"},"content":{"rendered":"<p>A log\u00edstica alimentar Nagel-Group planeja a abertura de um novo centro log\u00edstico central nas proximidades de Pozna\u0144, Pol\u00f4nia. A constru\u00e7\u00e3o do centro log\u00edstico sob medida faz parte de uma estrat\u00e9gia abrangente de consolida\u00e7\u00e3o e aumento de efici\u00eancia, prevista para a primeira metade de 2027. No \u00e2mbito deste projeto, quatro locais existentes ser\u00e3o unificados para criar um ponto operacional central.<\/p>\n<h3>Consolida\u00e7\u00e3o para aumento de efici\u00eancia<\/h3>\n<p>O novo centro log\u00edstico ser\u00e1 constru\u00eddo no Panattoni Park Pozna\u0144 East III. O desenvolvedor Panattoni est\u00e1 realizando um im\u00f3vel moderno com uma \u00e1rea total de cerca de 46.000 m\u00b2. Esta nova instala\u00e7\u00e3o funcionar\u00e1 como o local operacional central da Nagel-Group na Pol\u00f4nia. A unifica\u00e7\u00e3o dos atuais armaz\u00e9ns em Diamentowa, Kolumba, Robakowo e Wi\u015bniowa em um novo local visa aumentar a efici\u00eancia operacional, ao mesmo tempo em que oferece caminhos curtos e um ambiente de trabalho moderno para os funcion\u00e1rios.<\/p>\n<p>A nova filial se destaca pela excelente conex\u00e3o com as autoestradas A2 e S5. Marek Dobrzycki, parceiro da Panattoni, enfatiza: \u201cO projeto BTS da Nagel-Group em Pozna\u0144 representa o pr\u00f3ximo cap\u00edtulo em nossa longa parceria, que cresceu paralelamente \u00e0s atividades crescentes de nosso parceiro na Pol\u00f4nia.\u201d<\/p>\n<h3>Espa\u00e7os log\u00edsticos modernos para diferentes faixas de temperatura<\/h3>\n<p>O novo centro log\u00edstico contar\u00e1 com quase 42.000 m\u00b2 de \u00e1rea de armazenamento e cerca de 4.500 m\u00b2 de \u00e1rea de escrit\u00f3rio, cobrindo todos os requisitos de controle de temperatura da log\u00edstica alimentar. Isso inclui \u00e1reas para produtos ultrafrescos (0-2\/0-4 \u00b0C), frescos (4-7 \u00b0C) e temperatura ambiente (16-18 \u00b0C), suportadas por modernos sistemas de controle de temperatura. Al\u00e9m disso, a instala\u00e7\u00e3o ter\u00e1 uma \u00e1rea de Cross-Dock de aproximadamente 11.000 m\u00b2 e 66 docas de carga. No total, estar\u00e3o dispon\u00edveis 300 vagas para carros e 120 para caminh\u00f5es.<\/p>\n<p>O projeto atende a altos requisitos de sustentabilidade e est\u00e1 certificado pelo padr\u00e3o BREEAM no n\u00edvel &#8222;Excellent&#8220;.<\/p>\n<h3>Import\u00e2ncia estrat\u00e9gica de Pozna\u0144<\/h3>\n<p>Andr\u00e9 Pleines, Diretor Executivo de Im\u00f3veis da Nagel-Group, destaca: \u201cCom o novo local em Pozna\u0144, estamos estabelecendo a base para um crescimento sustent\u00e1vel adicional na Pol\u00f4nia. A consolida\u00e7\u00e3o de quatro filiais existentes em uma instala\u00e7\u00e3o log\u00edstica moderna e otimamente conectada aumenta nossa efici\u00eancia e fortalece nosso desempenho operacional.\u201d Pozna\u0144 se tornar\u00e1, assim, uma parte central da rede nacional e europeia da Nagel-Group.<\/p>\n<p>O mercado log\u00edstico em Pozna\u0144 tem sido um dos mais din\u00e2micos da Pol\u00f4nia h\u00e1 anos. A excelente infraestrutura, a proximidade de importantes vias de transporte e o acesso a m\u00e3o de obra qualificada tornam a regi\u00e3o um local estrategicamente importante no mapa log\u00edstico europeu.<\/p>\n<p>&nbsp;<\/p>\n<p><a href=\"https:\/\/www.nagel-group.com\/\" target=\"_blank\" rel=\"noopener noreferrer\">www.nagel-group.com<\/a><\/p>\n<p>&nbsp;<\/p>\n","protected":false},"excerpt":{"rendered":"<p>A Nagel-Group inaugurar\u00e1 at\u00e9 2027 um moderno centro de log\u00edstica em Pozna\u0144, para consolidar quatro locais e aumentar a efici\u00eancia operacional.<\/p>\n","protected":false},"author":12,"featured_media":76452,"comment_status":"open","ping_status":"","sticky":false,"template":"","format":"standard","meta":{"_acf_changed":false,"footnotes":""},"categories":[6663,6679,1617],"tags":[3268,13788,13789,13790,13791,13792,13793,13794,13795,13796,13797,13798,13799,13800,13801,7023,4232,3274,3275,13802,13803,13804,13805,13806,13807,13808,13809,13810,13811,13812,13813,13814,13815,13816,13817,13818,13819,13820,13821,5112,4257,5738,13822,13823,13824,13825,13826,5119,13827,13828,5120,13829,13830,13831,13832,8651],"class_list":["post-76457","post","type-post","status-publish","format-standard","has-post-thumbnail","hentry","category-alemanha","category-europa","category-expedicao-e-logistica","tag-amelioration-de-lefficacite-logistique","tag-autobahn-a2","tag-autobahn-s5","tag-autoroute-a2","tag-autoroute-s5","tag-bien-etre-des-employes-logistique","tag-breeam-certified","tag-breeam-zertifiziert","tag-central-logistics-locations","tag-centre-logistique-poznan","tag-certifie-breeam","tag-consolidation-de-sites","tag-consolidation-of-sites","tag-cross-dock-area","tag-cross-dock-flaeche","tag-deutsch-nagel-group","tag-efficacite-operationnelle","tag-efficiency-improvement-logistics","tag-effizienzsteigerung-logistik","tag-emplacements-logistiques-centraux","tag-emplacements-logistiques-strategiques","tag-employee-well-being-logistics","tag-food-logistics-europe","tag-highway-a2","tag-highway-s5","tag-konsolidierung-von-standorten","tag-lebensmittellogistik-europa","tag-logistics-center-poznan","tag-logistics-market-poznan","tag-logistics-service-providers-poland","tag-logistikdienstleister-polen","tag-logistikmarkt-poznan","tag-logistikzentrum-poznan","tag-logistique-alimentaire-europe","tag-main-doeuvre-qualifiee","tag-marche-logistique-poznan","tag-mitarbeiterwohlbefinden-logistik","tag-modern-logistics-properties","tag-moderne-logistikimmobilien","tag-nachhaltige-logistikloesungen","tag-operational-efficiency","tag-operative-effizienz","tag-panattoni-park-poznan","tag-prestataires-logistiques-pologne","tag-proprietes-logistiques-modernes","tag-qualified-workforce-francais-nagel-group","tag-qualifizierte-arbeitskraefte-english-nagel-group","tag-solutions-logistiques-durables","tag-strategic-logistics-locations","tag-strategische-logistikstandorte","tag-sustainable-logistics-solutions","tag-temperature-controlled-storage-areas","tag-temperaturkontrollierte-lagerflaechen","tag-zentrale-logistikstandorte","tag-zone-de-cross-dock","tag-zones-de-stockage-a-temperature-controlee"],"acf":[],"yoast_head":"<!-- This site is optimized with the Yoast SEO plugin v27.3 - https:\/\/yoast.com\/product\/yoast-seo-wordpress\/ -->\n<title>Nagel-Group inaugura centro de log\u00edstica em Pozna\u0144 - Loginfo24<\/title>\n<meta name=\"robots\" content=\"index, follow, max-snippet:-1, max-image-preview:large, max-video-preview:-1\" \/>\n<link rel=\"canonical\" href=\"https:\/\/loginfo24.com\/pt-pt\/2026\/03\/11\/nagel-group-inaugura-centro-de-logistica-em-poznan\/\" \/>\n<meta property=\"og:locale\" content=\"pt_PT\" \/>\n<meta property=\"og:type\" content=\"article\" \/>\n<meta property=\"og:title\" content=\"Nagel-Group inaugura centro de log\u00edstica em Pozna\u0144 - Loginfo24\" \/>\n<meta property=\"og:description\" content=\"A Nagel-Group inaugurar\u00e1 at\u00e9 2027 um moderno centro de log\u00edstica em Pozna\u0144, para consolidar quatro locais e aumentar a efici\u00eancia operacional.\" \/>\n<meta property=\"og:url\" content=\"https:\/\/loginfo24.com\/pt-pt\/2026\/03\/11\/nagel-group-inaugura-centro-de-logistica-em-poznan\/\" \/>\n<meta property=\"og:site_name\" content=\"Loginfo24\" \/>\n<meta property=\"article:publisher\" content=\"https:\/\/www.facebook.com\/people\/Loginfo24\/100057360583332\/\" \/>\n<meta property=\"article:published_time\" content=\"2026-03-11T13:29:34+00:00\" \/>\n<meta property=\"article:modified_time\" content=\"2026-03-12T09:21:57+00:00\" \/>\n<meta property=\"og:image\" content=\"https:\/\/loginfo24.com\/wp-content\/uploads\/sites\/7\/2026\/03\/PM_Nagel-Group_-Logistik-Hub-in-Poznan-1536x926-1-aspect-ratio-1400-788.jpg\" \/>\n\t<meta property=\"og:image:width\" content=\"1391\" \/>\n\t<meta property=\"og:image:height\" content=\"783\" \/>\n\t<meta property=\"og:image:type\" content=\"image\/jpeg\" \/>\n<meta name=\"author\" content=\"Andreas Haug\" \/>\n<meta name=\"twitter:card\" content=\"summary_large_image\" \/>\n<meta name=\"twitter:label1\" content=\"Escrito por\" \/>\n\t<meta name=\"twitter:data1\" content=\"Andreas Haug\" \/>\n\t<meta name=\"twitter:label2\" content=\"Tempo estimado de leitura\" \/>\n\t<meta name=\"twitter:data2\" content=\"2 minutos\" \/>\n<script type=\"application\/ld+json\" class=\"yoast-schema-graph\">{\"@context\":\"https:\\\/\\\/schema.org\",\"@graph\":[{\"@type\":\"Article\",\"@id\":\"https:\\\/\\\/loginfo24.com\\\/pt-pt\\\/2026\\\/03\\\/11\\\/nagel-group-inaugura-centro-de-logistica-em-poznan\\\/#article\",\"isPartOf\":{\"@id\":\"https:\\\/\\\/loginfo24.com\\\/pt-pt\\\/2026\\\/03\\\/11\\\/nagel-group-inaugura-centro-de-logistica-em-poznan\\\/\"},\"author\":{\"name\":\"Andreas Haug\",\"@id\":\"https:\\\/\\\/loginfo24.com\\\/pt-pt\\\/#\\\/schema\\\/person\\\/cf538b3157f15afd7589245a4b3dbd25\"},\"headline\":\"Nagel-Group inaugura centro de log\u00edstica em Pozna\u0144\",\"datePublished\":\"2026-03-11T13:29:34+00:00\",\"dateModified\":\"2026-03-12T09:21:57+00:00\",\"mainEntityOfPage\":{\"@id\":\"https:\\\/\\\/loginfo24.com\\\/pt-pt\\\/2026\\\/03\\\/11\\\/nagel-group-inaugura-centro-de-logistica-em-poznan\\\/\"},\"wordCount\":469,\"commentCount\":0,\"publisher\":{\"@id\":\"https:\\\/\\\/loginfo24.com\\\/pt-pt\\\/#organization\"},\"image\":{\"@id\":\"https:\\\/\\\/loginfo24.com\\\/pt-pt\\\/2026\\\/03\\\/11\\\/nagel-group-inaugura-centro-de-logistica-em-poznan\\\/#primaryimage\"},\"thumbnailUrl\":\"https:\\\/\\\/loginfo24.com\\\/wp-content\\\/uploads\\\/sites\\\/7\\\/2026\\\/03\\\/PM_Nagel-Group_-Logistik-Hub-in-Poznan-1536x926-1-aspect-ratio-1400-788.jpg\",\"keywords\":[\"am\u00e9lioration de l'efficacit\u00e9 logistique\",\"Autobahn A2\",\"Autobahn S5\",\"autoroute A2\",\"autoroute S5\",\"bien-\u00eatre des employ\u00e9s logistique\",\"BREEAM certified\",\"BREEAM zertifiziert\",\"central logistics locations\",\"centre logistique Pozna\u0144\",\"certifi\u00e9 BREEAM\",\"consolidation de sites\",\"consolidation of sites\",\"cross-dock area\",\"Cross-Dock-Fl\u00e4che\",\"Deutsch Nagel-Group\",\"efficacit\u00e9 op\u00e9rationnelle\",\"efficiency improvement logistics\",\"Effizienzsteigerung Logistik\",\"emplacements logistiques centraux\",\"emplacements logistiques strat\u00e9giques\",\"employee well-being logistics\",\"food logistics Europe\",\"highway A2\",\"highway S5\",\"Konsolidierung von Standorten\",\"Lebensmittellogistik Europa\",\"logistics center Pozna\u0144\",\"logistics market Pozna\u0144\",\"logistics service providers Poland\",\"Logistikdienstleister Polen\",\"Logistikmarkt Pozna\u0144\",\"Logistikzentrum Pozna\u0144\",\"logistique alimentaire Europe\",\"main-d'\u0153uvre qualifi\u00e9e\",\"march\u00e9 logistique Pozna\u0144\",\"Mitarbeiterwohlbefinden Logistik\",\"modern logistics properties\",\"moderne Logistikimmobilien\",\"nachhaltige Logistikl\u00f6sungen\",\"operational efficiency\",\"operative Effizienz\",\"Panattoni Park Pozna\u0144\",\"prestataires logistiques Pologne\",\"propri\u00e9t\u00e9s logistiques modernes\",\"qualified workforce Fran\u00e7ais Nagel-Group\",\"qualifizierte Arbeitskr\u00e4fte English Nagel-Group\",\"solutions logistiques durables\",\"strategic logistics locations\",\"strategische Logistikstandorte\",\"sustainable logistics solutions\",\"temperature-controlled storage areas\",\"temperaturkontrollierte Lagerfl\u00e4chen\",\"zentrale Logistikstandorte\",\"zone de cross-dock\",\"zones de stockage \u00e0 temp\u00e9rature contr\u00f4l\u00e9e\"],\"articleSection\":[\"Alemanha\",\"Europa\",\"Expedi\u00e7\u00e3o de Mercadorias e Log\u00edstica\"],\"inLanguage\":\"pt-PT\",\"potentialAction\":[{\"@type\":\"CommentAction\",\"name\":\"Comment\",\"target\":[\"https:\\\/\\\/loginfo24.com\\\/pt-pt\\\/2026\\\/03\\\/11\\\/nagel-group-inaugura-centro-de-logistica-em-poznan\\\/#respond\"]}]},{\"@type\":\"WebPage\",\"@id\":\"https:\\\/\\\/loginfo24.com\\\/pt-pt\\\/2026\\\/03\\\/11\\\/nagel-group-inaugura-centro-de-logistica-em-poznan\\\/\",\"url\":\"https:\\\/\\\/loginfo24.com\\\/pt-pt\\\/2026\\\/03\\\/11\\\/nagel-group-inaugura-centro-de-logistica-em-poznan\\\/\",\"name\":\"Nagel-Group inaugura centro de log\u00edstica em Pozna\u0144 - Loginfo24\",\"isPartOf\":{\"@id\":\"https:\\\/\\\/loginfo24.com\\\/pt-pt\\\/#website\"},\"primaryImageOfPage\":{\"@id\":\"https:\\\/\\\/loginfo24.com\\\/pt-pt\\\/2026\\\/03\\\/11\\\/nagel-group-inaugura-centro-de-logistica-em-poznan\\\/#primaryimage\"},\"image\":{\"@id\":\"https:\\\/\\\/loginfo24.com\\\/pt-pt\\\/2026\\\/03\\\/11\\\/nagel-group-inaugura-centro-de-logistica-em-poznan\\\/#primaryimage\"},\"thumbnailUrl\":\"https:\\\/\\\/loginfo24.com\\\/wp-content\\\/uploads\\\/sites\\\/7\\\/2026\\\/03\\\/PM_Nagel-Group_-Logistik-Hub-in-Poznan-1536x926-1-aspect-ratio-1400-788.jpg\",\"datePublished\":\"2026-03-11T13:29:34+00:00\",\"dateModified\":\"2026-03-12T09:21:57+00:00\",\"breadcrumb\":{\"@id\":\"https:\\\/\\\/loginfo24.com\\\/pt-pt\\\/2026\\\/03\\\/11\\\/nagel-group-inaugura-centro-de-logistica-em-poznan\\\/#breadcrumb\"},\"inLanguage\":\"pt-PT\",\"potentialAction\":[{\"@type\":\"ReadAction\",\"target\":[\"https:\\\/\\\/loginfo24.com\\\/pt-pt\\\/2026\\\/03\\\/11\\\/nagel-group-inaugura-centro-de-logistica-em-poznan\\\/\"]}]},{\"@type\":\"ImageObject\",\"inLanguage\":\"pt-PT\",\"@id\":\"https:\\\/\\\/loginfo24.com\\\/pt-pt\\\/2026\\\/03\\\/11\\\/nagel-group-inaugura-centro-de-logistica-em-poznan\\\/#primaryimage\",\"url\":\"https:\\\/\\\/loginfo24.com\\\/wp-content\\\/uploads\\\/sites\\\/7\\\/2026\\\/03\\\/PM_Nagel-Group_-Logistik-Hub-in-Poznan-1536x926-1-aspect-ratio-1400-788.jpg\",\"contentUrl\":\"https:\\\/\\\/loginfo24.com\\\/wp-content\\\/uploads\\\/sites\\\/7\\\/2026\\\/03\\\/PM_Nagel-Group_-Logistik-Hub-in-Poznan-1536x926-1-aspect-ratio-1400-788.jpg\",\"width\":1391,\"height\":783},{\"@type\":\"BreadcrumbList\",\"@id\":\"https:\\\/\\\/loginfo24.com\\\/pt-pt\\\/2026\\\/03\\\/11\\\/nagel-group-inaugura-centro-de-logistica-em-poznan\\\/#breadcrumb\",\"itemListElement\":[{\"@type\":\"ListItem\",\"position\":1,\"name\":\"Startseite\",\"item\":\"https:\\\/\\\/loginfo24.com\\\/pt-pt\\\/\"},{\"@type\":\"ListItem\",\"position\":2,\"name\":\"Nagel-Group inaugura centro de log\u00edstica em Pozna\u0144\"}]},{\"@type\":\"WebSite\",\"@id\":\"https:\\\/\\\/loginfo24.com\\\/pt-pt\\\/#website\",\"url\":\"https:\\\/\\\/loginfo24.com\\\/pt-pt\\\/\",\"name\":\"Loginfo24\",\"description\":\"Loginfo24 \u00e9 a plataforma dedicada \u00e0 log\u00edstica e \u00e0s cadeias de abastecimento, com informa\u00e7\u00f5es dispon\u00edveis 24 horas por dia.\",\"publisher\":{\"@id\":\"https:\\\/\\\/loginfo24.com\\\/pt-pt\\\/#organization\"},\"potentialAction\":[{\"@type\":\"SearchAction\",\"target\":{\"@type\":\"EntryPoint\",\"urlTemplate\":\"https:\\\/\\\/loginfo24.com\\\/pt-pt\\\/?s={search_term_string}\"},\"query-input\":{\"@type\":\"PropertyValueSpecification\",\"valueRequired\":true,\"valueName\":\"search_term_string\"}}],\"inLanguage\":\"pt-PT\"},{\"@type\":\"Organization\",\"@id\":\"https:\\\/\\\/loginfo24.com\\\/pt-pt\\\/#organization\",\"name\":\"Logismedia Group AG\",\"url\":\"https:\\\/\\\/loginfo24.com\\\/pt-pt\\\/\",\"logo\":{\"@type\":\"ImageObject\",\"inLanguage\":\"pt-PT\",\"@id\":\"https:\\\/\\\/loginfo24.com\\\/pt-pt\\\/#\\\/schema\\\/logo\\\/image\\\/\",\"url\":\"https:\\\/\\\/loginfo24.com\\\/wp-content\\\/uploads\\\/sites\\\/7\\\/2026\\\/01\\\/Logo_LogInfo24.png\",\"contentUrl\":\"https:\\\/\\\/loginfo24.com\\\/wp-content\\\/uploads\\\/sites\\\/7\\\/2026\\\/01\\\/Logo_LogInfo24.png\",\"width\":938,\"height\":351,\"caption\":\"Logismedia Group AG\"},\"image\":{\"@id\":\"https:\\\/\\\/loginfo24.com\\\/pt-pt\\\/#\\\/schema\\\/logo\\\/image\\\/\"},\"sameAs\":[\"https:\\\/\\\/www.facebook.com\\\/people\\\/Loginfo24\\\/100057360583332\\\/\",\"https:\\\/\\\/www.linkedin.com\\\/company\\\/lofinfo24\\\/\"]},{\"@type\":\"Person\",\"@id\":\"https:\\\/\\\/loginfo24.com\\\/pt-pt\\\/#\\\/schema\\\/person\\\/cf538b3157f15afd7589245a4b3dbd25\",\"name\":\"Andreas Haug\",\"url\":\"https:\\\/\\\/loginfo24.com\\\/pt-pt\\\/author\\\/andreas\\\/\"}]}<\/script>\n<!-- \/ Yoast SEO plugin. -->","yoast_head_json":{"title":"Nagel-Group inaugura centro de log\u00edstica em Pozna\u0144 - Loginfo24","robots":{"index":"index","follow":"follow","max-snippet":"max-snippet:-1","max-image-preview":"max-image-preview:large","max-video-preview":"max-video-preview:-1"},"canonical":"https:\/\/loginfo24.com\/pt-pt\/2026\/03\/11\/nagel-group-inaugura-centro-de-logistica-em-poznan\/","og_locale":"pt_PT","og_type":"article","og_title":"Nagel-Group inaugura centro de log\u00edstica em Pozna\u0144 - Loginfo24","og_description":"A Nagel-Group inaugurar\u00e1 at\u00e9 2027 um moderno centro de log\u00edstica em Pozna\u0144, para consolidar quatro locais e aumentar a efici\u00eancia operacional.","og_url":"https:\/\/loginfo24.com\/pt-pt\/2026\/03\/11\/nagel-group-inaugura-centro-de-logistica-em-poznan\/","og_site_name":"Loginfo24","article_publisher":"https:\/\/www.facebook.com\/people\/Loginfo24\/100057360583332\/","article_published_time":"2026-03-11T13:29:34+00:00","article_modified_time":"2026-03-12T09:21:57+00:00","og_image":[{"width":1391,"height":783,"url":"https:\/\/loginfo24.com\/wp-content\/uploads\/sites\/7\/2026\/03\/PM_Nagel-Group_-Logistik-Hub-in-Poznan-1536x926-1-aspect-ratio-1400-788.jpg","type":"image\/jpeg"}],"author":"Andreas Haug","twitter_card":"summary_large_image","twitter_misc":{"Escrito por":"Andreas Haug","Tempo estimado de leitura":"2 minutos"},"schema":{"@context":"https:\/\/schema.org","@graph":[{"@type":"Article","@id":"https:\/\/loginfo24.com\/pt-pt\/2026\/03\/11\/nagel-group-inaugura-centro-de-logistica-em-poznan\/#article","isPartOf":{"@id":"https:\/\/loginfo24.com\/pt-pt\/2026\/03\/11\/nagel-group-inaugura-centro-de-logistica-em-poznan\/"},"author":{"name":"Andreas Haug","@id":"https:\/\/loginfo24.com\/pt-pt\/#\/schema\/person\/cf538b3157f15afd7589245a4b3dbd25"},"headline":"Nagel-Group inaugura centro de log\u00edstica em Pozna\u0144","datePublished":"2026-03-11T13:29:34+00:00","dateModified":"2026-03-12T09:21:57+00:00","mainEntityOfPage":{"@id":"https:\/\/loginfo24.com\/pt-pt\/2026\/03\/11\/nagel-group-inaugura-centro-de-logistica-em-poznan\/"},"wordCount":469,"commentCount":0,"publisher":{"@id":"https:\/\/loginfo24.com\/pt-pt\/#organization"},"image":{"@id":"https:\/\/loginfo24.com\/pt-pt\/2026\/03\/11\/nagel-group-inaugura-centro-de-logistica-em-poznan\/#primaryimage"},"thumbnailUrl":"https:\/\/loginfo24.com\/wp-content\/uploads\/sites\/7\/2026\/03\/PM_Nagel-Group_-Logistik-Hub-in-Poznan-1536x926-1-aspect-ratio-1400-788.jpg","keywords":["am\u00e9lioration de l'efficacit\u00e9 logistique","Autobahn A2","Autobahn S5","autoroute A2","autoroute S5","bien-\u00eatre des employ\u00e9s logistique","BREEAM certified","BREEAM zertifiziert","central logistics locations","centre logistique Pozna\u0144","certifi\u00e9 BREEAM","consolidation de sites","consolidation of sites","cross-dock area","Cross-Dock-Fl\u00e4che","Deutsch Nagel-Group","efficacit\u00e9 op\u00e9rationnelle","efficiency improvement logistics","Effizienzsteigerung Logistik","emplacements logistiques centraux","emplacements logistiques strat\u00e9giques","employee well-being logistics","food logistics Europe","highway A2","highway S5","Konsolidierung von Standorten","Lebensmittellogistik Europa","logistics center Pozna\u0144","logistics market Pozna\u0144","logistics service providers Poland","Logistikdienstleister Polen","Logistikmarkt Pozna\u0144","Logistikzentrum Pozna\u0144","logistique alimentaire Europe","main-d'\u0153uvre qualifi\u00e9e","march\u00e9 logistique Pozna\u0144","Mitarbeiterwohlbefinden Logistik","modern logistics properties","moderne Logistikimmobilien","nachhaltige Logistikl\u00f6sungen","operational efficiency","operative Effizienz","Panattoni Park Pozna\u0144","prestataires logistiques Pologne","propri\u00e9t\u00e9s logistiques modernes","qualified workforce Fran\u00e7ais Nagel-Group","qualifizierte Arbeitskr\u00e4fte English Nagel-Group","solutions logistiques durables","strategic logistics locations","strategische Logistikstandorte","sustainable logistics solutions","temperature-controlled storage areas","temperaturkontrollierte Lagerfl\u00e4chen","zentrale Logistikstandorte","zone de cross-dock","zones de stockage \u00e0 temp\u00e9rature contr\u00f4l\u00e9e"],"articleSection":["Alemanha","Europa","Expedi\u00e7\u00e3o de Mercadorias e Log\u00edstica"],"inLanguage":"pt-PT","potentialAction":[{"@type":"CommentAction","name":"Comment","target":["https:\/\/loginfo24.com\/pt-pt\/2026\/03\/11\/nagel-group-inaugura-centro-de-logistica-em-poznan\/#respond"]}]},{"@type":"WebPage","@id":"https:\/\/loginfo24.com\/pt-pt\/2026\/03\/11\/nagel-group-inaugura-centro-de-logistica-em-poznan\/","url":"https:\/\/loginfo24.com\/pt-pt\/2026\/03\/11\/nagel-group-inaugura-centro-de-logistica-em-poznan\/","name":"Nagel-Group inaugura centro de log\u00edstica em Pozna\u0144 - Loginfo24","isPartOf":{"@id":"https:\/\/loginfo24.com\/pt-pt\/#website"},"primaryImageOfPage":{"@id":"https:\/\/loginfo24.com\/pt-pt\/2026\/03\/11\/nagel-group-inaugura-centro-de-logistica-em-poznan\/#primaryimage"},"image":{"@id":"https:\/\/loginfo24.com\/pt-pt\/2026\/03\/11\/nagel-group-inaugura-centro-de-logistica-em-poznan\/#primaryimage"},"thumbnailUrl":"https:\/\/loginfo24.com\/wp-content\/uploads\/sites\/7\/2026\/03\/PM_Nagel-Group_-Logistik-Hub-in-Poznan-1536x926-1-aspect-ratio-1400-788.jpg","datePublished":"2026-03-11T13:29:34+00:00","dateModified":"2026-03-12T09:21:57+00:00","breadcrumb":{"@id":"https:\/\/loginfo24.com\/pt-pt\/2026\/03\/11\/nagel-group-inaugura-centro-de-logistica-em-poznan\/#breadcrumb"},"inLanguage":"pt-PT","potentialAction":[{"@type":"ReadAction","target":["https:\/\/loginfo24.com\/pt-pt\/2026\/03\/11\/nagel-group-inaugura-centro-de-logistica-em-poznan\/"]}]},{"@type":"ImageObject","inLanguage":"pt-PT","@id":"https:\/\/loginfo24.com\/pt-pt\/2026\/03\/11\/nagel-group-inaugura-centro-de-logistica-em-poznan\/#primaryimage","url":"https:\/\/loginfo24.com\/wp-content\/uploads\/sites\/7\/2026\/03\/PM_Nagel-Group_-Logistik-Hub-in-Poznan-1536x926-1-aspect-ratio-1400-788.jpg","contentUrl":"https:\/\/loginfo24.com\/wp-content\/uploads\/sites\/7\/2026\/03\/PM_Nagel-Group_-Logistik-Hub-in-Poznan-1536x926-1-aspect-ratio-1400-788.jpg","width":1391,"height":783},{"@type":"BreadcrumbList","@id":"https:\/\/loginfo24.com\/pt-pt\/2026\/03\/11\/nagel-group-inaugura-centro-de-logistica-em-poznan\/#breadcrumb","itemListElement":[{"@type":"ListItem","position":1,"name":"Startseite","item":"https:\/\/loginfo24.com\/pt-pt\/"},{"@type":"ListItem","position":2,"name":"Nagel-Group inaugura centro de log\u00edstica em Pozna\u0144"}]},{"@type":"WebSite","@id":"https:\/\/loginfo24.com\/pt-pt\/#website","url":"https:\/\/loginfo24.com\/pt-pt\/","name":"Loginfo24","description":"Loginfo24 \u00e9 a plataforma dedicada \u00e0 log\u00edstica e \u00e0s cadeias de abastecimento, com informa\u00e7\u00f5es dispon\u00edveis 24 horas por dia.","publisher":{"@id":"https:\/\/loginfo24.com\/pt-pt\/#organization"},"potentialAction":[{"@type":"SearchAction","target":{"@type":"EntryPoint","urlTemplate":"https:\/\/loginfo24.com\/pt-pt\/?s={search_term_string}"},"query-input":{"@type":"PropertyValueSpecification","valueRequired":true,"valueName":"search_term_string"}}],"inLanguage":"pt-PT"},{"@type":"Organization","@id":"https:\/\/loginfo24.com\/pt-pt\/#organization","name":"Logismedia Group AG","url":"https:\/\/loginfo24.com\/pt-pt\/","logo":{"@type":"ImageObject","inLanguage":"pt-PT","@id":"https:\/\/loginfo24.com\/pt-pt\/#\/schema\/logo\/image\/","url":"https:\/\/loginfo24.com\/wp-content\/uploads\/sites\/7\/2026\/01\/Logo_LogInfo24.png","contentUrl":"https:\/\/loginfo24.com\/wp-content\/uploads\/sites\/7\/2026\/01\/Logo_LogInfo24.png","width":938,"height":351,"caption":"Logismedia Group AG"},"image":{"@id":"https:\/\/loginfo24.com\/pt-pt\/#\/schema\/logo\/image\/"},"sameAs":["https:\/\/www.facebook.com\/people\/Loginfo24\/100057360583332\/","https:\/\/www.linkedin.com\/company\/lofinfo24\/"]},{"@type":"Person","@id":"https:\/\/loginfo24.com\/pt-pt\/#\/schema\/person\/cf538b3157f15afd7589245a4b3dbd25","name":"Andreas Haug","url":"https:\/\/loginfo24.com\/pt-pt\/author\/andreas\/"}]}},"_links":{"self":[{"href":"https:\/\/loginfo24.com\/pt-pt\/wp-json\/wp\/v2\/posts\/76457","targetHints":{"allow":["GET"]}}],"collection":[{"href":"https:\/\/loginfo24.com\/pt-pt\/wp-json\/wp\/v2\/posts"}],"about":[{"href":"https:\/\/loginfo24.com\/pt-pt\/wp-json\/wp\/v2\/types\/post"}],"author":[{"embeddable":true,"href":"https:\/\/loginfo24.com\/pt-pt\/wp-json\/wp\/v2\/users\/12"}],"replies":[{"embeddable":true,"href":"https:\/\/loginfo24.com\/pt-pt\/wp-json\/wp\/v2\/comments?post=76457"}],"version-history":[{"count":2,"href":"https:\/\/loginfo24.com\/pt-pt\/wp-json\/wp\/v2\/posts\/76457\/revisions"}],"predecessor-version":[{"id":76528,"href":"https:\/\/loginfo24.com\/pt-pt\/wp-json\/wp\/v2\/posts\/76457\/revisions\/76528"}],"wp:featuredmedia":[{"embeddable":true,"href":"https:\/\/loginfo24.com\/pt-pt\/wp-json\/wp\/v2\/media\/76452"}],"wp:attachment":[{"href":"https:\/\/loginfo24.com\/pt-pt\/wp-json\/wp\/v2\/media?parent=76457"}],"wp:term":[{"taxonomy":"category","embeddable":true,"href":"https:\/\/loginfo24.com\/pt-pt\/wp-json\/wp\/v2\/categories?post=76457"},{"taxonomy":"post_tag","embeddable":true,"href":"https:\/\/loginfo24.com\/pt-pt\/wp-json\/wp\/v2\/tags?post=76457"}],"curies":[{"name":"wp","href":"https:\/\/api.w.org\/{rel}","templated":true}]}}