{"id":76183,"date":"2026-03-10T10:14:01","date_gmt":"2026-03-10T10:14:01","guid":{"rendered":"https:\/\/loginfo24.com\/2026\/03\/10\/hoelkemeier-constroi-centro-logistico-para-melitta-em-kalldorf\/"},"modified":"2026-03-12T20:17:47","modified_gmt":"2026-03-12T19:17:47","slug":"hoelkemeier-constroi-centro-logistico-para-melitta-em-kalldorf","status":"publish","type":"post","link":"https:\/\/loginfo24.com\/pt-pt\/2026\/03\/10\/hoelkemeier-constroi-centro-logistico-para-melitta-em-kalldorf\/","title":{"rendered":"H\u00f6lkemeier constr\u00f3i centro log\u00edstico para Melitta em Kalldorf"},"content":{"rendered":"<p>A H\u00f6lkemeier Spedition GmbH anunciou a expans\u00e3o de sua rede de locais na Ren\u00e2nia do Norte-Vestf\u00e1lia. Um novo centro log\u00edstico ser\u00e1 constru\u00eddo no antigo terreno da Meyra, na localidade de Kalldorf. A subsidi\u00e1ria do grupo Braker L.I.T. investir\u00e1, em conjunto com a ESM Ertl Systemlogistik GmbH &amp; Co. KG, cerca de 20 milh\u00f5es de euros na constru\u00e7\u00e3o de um armaz\u00e9m central europeu para os produtos dom\u00e9sticos do grupo Melitta.<\/p>\n<h3>Infraestrutura planejada e empregos<\/h3>\n<p>Antes do in\u00edcio das obras de demoli\u00e7\u00e3o na \u00e1rea, o uso futuro j\u00e1 est\u00e1 definido. O edif\u00edcio administrativo existente ser\u00e1 demolido, enquanto o armaz\u00e9m de prateleiras altas e o armaz\u00e9m adjacente, com uma \u00e1rea de cerca de 18.000 m\u00b2, ser\u00e3o mantidos e integrados ao novo conceito log\u00edstico. Al\u00e9m disso, novos galp\u00f5es com uma \u00e1rea \u00fatil de cerca de 19.000 m\u00b2 est\u00e3o planejados.<\/p>\n<p>Com o novo centro log\u00edstico, cerca de 50 empregos ser\u00e3o criados. Ser\u00e3o procurados colaboradores em diferentes n\u00edveis de qualifica\u00e7\u00e3o, incluindo trabalhadores para o armaz\u00e9m, pessoal especializado em processos log\u00edsticos e especialistas em TI.<\/p>\n<p>Lars H\u00f6lkemeier, diretor-geral da H\u00f6lkemeier Spedition GmbH e da ESM Ertl Systemlogistik GmbH &amp; Co. KG, comentou sobre os planos: \u201cCom o novo centro log\u00edstico em Kalletal, estamos expandindo estrategicamente nossa colabora\u00e7\u00e3o com a Melitta e centralizando os fluxos de mercadorias em um local central. \u00c9 importante para n\u00f3s atrair colaboradores qualificados da regi\u00e3o. Caminhos curtos entre o local de resid\u00eancia e o trabalho criam estabilidade e fortalecem a conex\u00e3o com o local.\u201d<\/p>\n<h3>Processos log\u00edsticos eficientes e orienta\u00e7\u00e3o sustent\u00e1vel<\/h3>\n<p>O novo centro log\u00edstico ser\u00e1 projetado para um armazenamento estruturado de mercadorias e uma distribui\u00e7\u00e3o sob demanda. Os produtos ser\u00e3o armazenados centralmente e entregues de forma eficiente em paletes para os mercados europeus. Atrav\u00e9s de fluxos de mercadorias bem planejados e processos coordenados, ser\u00e1 garantido um funcionamento operacional est\u00e1vel e bem control\u00e1vel. Al\u00e9m disso, o uso de caminh\u00f5es el\u00e9tricos apoiar\u00e1 uma log\u00edstica com baixa emiss\u00e3o.<\/p>\n<p>A orienta\u00e7\u00e3o sustent\u00e1vel do projeto est\u00e1 ligada a investimentos anteriores do grupo empresarial. No ano passado, uma nova sala log\u00edstica com um sistema fotovoltaico abrangente foi colocada em opera\u00e7\u00e3o no Regioport em Minden. L\u00e1, caminh\u00f5es el\u00e9tricos j\u00e1 est\u00e3o em opera\u00e7\u00e3o no transporte de shuttle.<\/p>\n<p>Julian Lachnitt, membro do conselho do grupo L.I.T., enfatizou a import\u00e2ncia do investimento: \u201cO investimento em Kalletal sublinha nossa estrat\u00e9gia de crescimento de longo prazo na log\u00edstica contratual. Com infraestruturas modernas, conceitos energeticamente eficientes e processos digitalmente controlados, criamos a base para solu\u00e7\u00f5es log\u00edsticas sustent\u00e1veis e escal\u00e1veis na Europa. Ao mesmo tempo, fortalecemos nossa presen\u00e7a regional na Ostwestfalen-Lippe.\u201d<\/p>\n<p>Com o novo armaz\u00e9m central, o grupo L.I.T. expande suas capacidades na \u00e1rea de log\u00edstica de bens de consumo e consolida sua posi\u00e7\u00e3o como parceiro de fabricantes de marcas internacionais.<\/p>\n<p><a href=\"http:\/\/www.lit.de\" target=\"_blank\" rel=\"noopener noreferrer\">www.lit.de<\/a><\/p>\n","protected":false},"excerpt":{"rendered":"<p>A H\u00f6lkemeier Spedition GmbH est\u00e1 construindo um novo centro log\u00edstico em Kalldorf, criando 50 postos de trabalho e investindo 20 milh\u00f5es de euros na infraestrutura.<\/p>\n","protected":false},"author":7,"featured_media":76178,"comment_status":"open","ping_status":"","sticky":false,"template":"","format":"standard","meta":{"_acf_changed":false,"footnotes":""},"categories":[6663,6679,1617],"tags":[13527,13528,13529,12087,12089,13530,13531,2355,2356,13532,13533,13534,13535,13536,13537,13538,13539,13540,2122,2123,13541,13542,7598,13543,13544,13545,12099,2373,13546,13547,13548,13549,13550,13551,13552,13553,13554,13555,13556,13557,2145,13558,13559,13560,13561,13562,13563,13564,2394,2106,13565,13566,9192,6545,13567,13568,13569],"class_list":["post-76183","post","type-post","status-publish","format-standard","has-post-thumbnail","hentry","category-alemanha","category-europa","category-expedicao-e-logistica","tag-arbeitsplaetze-logistikzentrum","tag-camions-electriques-logistique","tag-centre-logistique-kalldorf","tag-contract-logistics-growth","tag-croissance-logistique-contractuelle","tag-deutsch-hoelkemeier-spedition","tag-developpement-des-infrastructures-kalletal","tag-digital-logistics-solutions","tag-digitale-logistikloesungen","tag-e-lkw-logistik","tag-electric-trucks-logistics","tag-emplois-centre-logistique","tag-energieeffiziente-logistik","tag-energy-efficient-logistics","tag-entreposage-europe","tag-entrepot-central-europeen","tag-europaeisches-zentrallager","tag-european-central-warehouse","tag-fachkraeftemangel-logistik","tag-gestion-de-la-chaine-dapprovisionnement","tag-groupe-melitta","tag-halles-logistiques-minden","tag-industrie-du-transport-allemagne","tag-infrastructure-development-kalletal","tag-infrastrukturentwicklung-kalletal","tag-jobs-logistics-center","tag-kontraktlogistik-wachstum","tag-labor-shortage-logistics","tag-logistics-center-kalldorf","tag-logistics-hall-minden","tag-logistics-service-providers-north-rhine-westphalia","tag-logistikdienstleister-nordrhein-westfalen","tag-logistikhalle-minden","tag-logistikzentrum-kalldorf","tag-logistique-ecoenergetique","tag-melitta-group","tag-melitta-gruppe","tag-nachhaltige-logistikprozesse","tag-optimiser-les-flux-de-marchandises","tag-optimize-goods-flows-francais-hoelkemeier-spedition","tag-penurie-de-main-doeuvre-logistique","tag-photovoltaic-system-logistics","tag-photovoltaikanlage-logistik","tag-presence-regionale-ostwestfalen-lippe","tag-prestataires-logistiques-rhenanie-du-nord-westphalie","tag-processus-logistiques-durables","tag-regional-presence-east-westphalia-lippe","tag-regionale-praesenz-ostwestfalen-lippe","tag-solutions-logistiques-numeriques","tag-supply-chain-management","tag-sustainable-logistics-processes","tag-systeme-photovoltaique-logistique","tag-transport-industry-germany","tag-transportwirtschaft-deutschland","tag-warehousing-europe","tag-warenlagerung-europa","tag-warenstroeme-optimieren-english-hoelkemeier-spedition"],"acf":[],"yoast_head":"<!-- This site is optimized with the Yoast SEO plugin v27.3 - https:\/\/yoast.com\/product\/yoast-seo-wordpress\/ -->\n<title>H\u00f6lkemeier constr\u00f3i centro log\u00edstico para Melitta em Kalldorf - Loginfo24<\/title>\n<meta name=\"robots\" content=\"index, follow, max-snippet:-1, max-image-preview:large, max-video-preview:-1\" \/>\n<link rel=\"canonical\" href=\"https:\/\/loginfo24.com\/pt-pt\/2026\/03\/10\/hoelkemeier-constroi-centro-logistico-para-melitta-em-kalldorf\/\" \/>\n<meta property=\"og:locale\" content=\"pt_PT\" \/>\n<meta property=\"og:type\" content=\"article\" \/>\n<meta property=\"og:title\" content=\"H\u00f6lkemeier constr\u00f3i centro log\u00edstico para Melitta em Kalldorf - Loginfo24\" \/>\n<meta property=\"og:description\" content=\"A H\u00f6lkemeier Spedition GmbH est\u00e1 construindo um novo centro log\u00edstico em Kalldorf, criando 50 postos de trabalho e investindo 20 milh\u00f5es de euros na infraestrutura.\" \/>\n<meta property=\"og:url\" content=\"https:\/\/loginfo24.com\/pt-pt\/2026\/03\/10\/hoelkemeier-constroi-centro-logistico-para-melitta-em-kalldorf\/\" \/>\n<meta property=\"og:site_name\" content=\"Loginfo24\" \/>\n<meta property=\"article:publisher\" content=\"https:\/\/www.facebook.com\/people\/Loginfo24\/100057360583332\/\" \/>\n<meta property=\"article:published_time\" content=\"2026-03-10T10:14:01+00:00\" \/>\n<meta property=\"article:modified_time\" content=\"2026-03-12T19:17:47+00:00\" \/>\n<meta property=\"og:image\" content=\"https:\/\/loginfo24.com\/wp-content\/uploads\/sites\/7\/2026\/03\/LIT_10.3.26-aspect-ratio-1400-788.png\" \/>\n\t<meta property=\"og:image:width\" content=\"1200\" \/>\n\t<meta property=\"og:image:height\" content=\"676\" \/>\n\t<meta property=\"og:image:type\" content=\"image\/png\" \/>\n<meta name=\"author\" content=\"Andreas M\u00fcller\" \/>\n<meta name=\"twitter:card\" content=\"summary_large_image\" \/>\n<meta name=\"twitter:label1\" content=\"Escrito por\" \/>\n\t<meta name=\"twitter:data1\" content=\"Andreas M\u00fcller\" \/>\n\t<meta name=\"twitter:label2\" content=\"Tempo estimado de leitura\" \/>\n\t<meta name=\"twitter:data2\" content=\"3 minutos\" \/>\n<script type=\"application\/ld+json\" class=\"yoast-schema-graph\">{\"@context\":\"https:\\\/\\\/schema.org\",\"@graph\":[{\"@type\":\"Article\",\"@id\":\"https:\\\/\\\/loginfo24.com\\\/pt-pt\\\/2026\\\/03\\\/10\\\/hoelkemeier-constroi-centro-logistico-para-melitta-em-kalldorf\\\/#article\",\"isPartOf\":{\"@id\":\"https:\\\/\\\/loginfo24.com\\\/pt-pt\\\/2026\\\/03\\\/10\\\/hoelkemeier-constroi-centro-logistico-para-melitta-em-kalldorf\\\/\"},\"author\":{\"name\":\"Andreas M\u00fcller\",\"@id\":\"https:\\\/\\\/loginfo24.com\\\/pt-pt\\\/#\\\/schema\\\/person\\\/7b1593b33567ba798d300c8a1b0b85b1\"},\"headline\":\"H\u00f6lkemeier constr\u00f3i centro log\u00edstico para Melitta em Kalldorf\",\"datePublished\":\"2026-03-10T10:14:01+00:00\",\"dateModified\":\"2026-03-12T19:17:47+00:00\",\"mainEntityOfPage\":{\"@id\":\"https:\\\/\\\/loginfo24.com\\\/pt-pt\\\/2026\\\/03\\\/10\\\/hoelkemeier-constroi-centro-logistico-para-melitta-em-kalldorf\\\/\"},\"wordCount\":528,\"commentCount\":0,\"publisher\":{\"@id\":\"https:\\\/\\\/loginfo24.com\\\/pt-pt\\\/#organization\"},\"image\":{\"@id\":\"https:\\\/\\\/loginfo24.com\\\/pt-pt\\\/2026\\\/03\\\/10\\\/hoelkemeier-constroi-centro-logistico-para-melitta-em-kalldorf\\\/#primaryimage\"},\"thumbnailUrl\":\"https:\\\/\\\/loginfo24.com\\\/wp-content\\\/uploads\\\/sites\\\/7\\\/2026\\\/03\\\/LIT_10.3.26-aspect-ratio-1400-788.png\",\"keywords\":[\"Arbeitspl\u00e4tze Logistikzentrum\",\"camions \u00e9lectriques logistique\",\"centre logistique Kalldorf\",\"contract logistics growth\",\"croissance logistique contractuelle\",\"Deutsch H\u00f6lkemeier Spedition\",\"d\u00e9veloppement des infrastructures Kalletal\",\"digital logistics solutions\",\"digitale Logistikl\u00f6sungen\",\"E-Lkw Logistik\",\"electric trucks logistics\",\"emplois centre logistique\",\"energieeffiziente Logistik\",\"energy-efficient logistics\",\"entreposage Europe\",\"entrep\u00f4t central europ\u00e9en\",\"europ\u00e4isches Zentrallager\",\"European central warehouse\",\"Fachkr\u00e4ftemangel Logistik\",\"gestion de la cha\u00eene d'approvisionnement\",\"groupe Melitta\",\"halles logistiques Minden\",\"industrie du transport Allemagne\",\"infrastructure development Kalletal\",\"Infrastrukturentwicklung Kalletal\",\"jobs logistics center\",\"Kontraktlogistik Wachstum\",\"labor shortage logistics\",\"logistics center Kalldorf\",\"logistics hall Minden\",\"logistics service providers North Rhine-Westphalia\",\"Logistikdienstleister Nordrhein-Westfalen\",\"Logistikhalle Minden\",\"Logistikzentrum Kalldorf\",\"logistique \u00e9co\u00e9nerg\u00e9tique\",\"Melitta Group\",\"Melitta Gruppe\",\"nachhaltige Logistikprozesse\",\"optimiser les flux de marchandises\",\"optimize goods flows Fran\u00e7ais H\u00f6lkemeier Spedition\",\"p\u00e9nurie de main-d'\u0153uvre logistique\",\"photovoltaic system logistics\",\"Photovoltaikanlage Logistik\",\"pr\u00e9sence r\u00e9gionale Ostwestfalen-Lippe\",\"prestataires logistiques Rh\u00e9nanie-du-Nord-Westphalie\",\"processus logistiques durables\",\"regional presence East Westphalia-Lippe\",\"regionale Pr\u00e4senz Ostwestfalen-Lippe\",\"solutions logistiques num\u00e9riques\",\"Supply Chain Management\",\"sustainable logistics processes\",\"syst\u00e8me photovolta\u00efque logistique\",\"transport industry Germany\",\"Transportwirtschaft Deutschland\",\"warehousing Europe\",\"Warenlagerung Europa\",\"Warenstr\u00f6me optimieren English H\u00f6lkemeier Spedition\"],\"articleSection\":[\"Alemanha\",\"Europa\",\"Expedi\u00e7\u00e3o de Mercadorias e Log\u00edstica\"],\"inLanguage\":\"pt-PT\",\"potentialAction\":[{\"@type\":\"CommentAction\",\"name\":\"Comment\",\"target\":[\"https:\\\/\\\/loginfo24.com\\\/pt-pt\\\/2026\\\/03\\\/10\\\/hoelkemeier-constroi-centro-logistico-para-melitta-em-kalldorf\\\/#respond\"]}]},{\"@type\":\"WebPage\",\"@id\":\"https:\\\/\\\/loginfo24.com\\\/pt-pt\\\/2026\\\/03\\\/10\\\/hoelkemeier-constroi-centro-logistico-para-melitta-em-kalldorf\\\/\",\"url\":\"https:\\\/\\\/loginfo24.com\\\/pt-pt\\\/2026\\\/03\\\/10\\\/hoelkemeier-constroi-centro-logistico-para-melitta-em-kalldorf\\\/\",\"name\":\"H\u00f6lkemeier constr\u00f3i centro log\u00edstico para Melitta em Kalldorf - Loginfo24\",\"isPartOf\":{\"@id\":\"https:\\\/\\\/loginfo24.com\\\/pt-pt\\\/#website\"},\"primaryImageOfPage\":{\"@id\":\"https:\\\/\\\/loginfo24.com\\\/pt-pt\\\/2026\\\/03\\\/10\\\/hoelkemeier-constroi-centro-logistico-para-melitta-em-kalldorf\\\/#primaryimage\"},\"image\":{\"@id\":\"https:\\\/\\\/loginfo24.com\\\/pt-pt\\\/2026\\\/03\\\/10\\\/hoelkemeier-constroi-centro-logistico-para-melitta-em-kalldorf\\\/#primaryimage\"},\"thumbnailUrl\":\"https:\\\/\\\/loginfo24.com\\\/wp-content\\\/uploads\\\/sites\\\/7\\\/2026\\\/03\\\/LIT_10.3.26-aspect-ratio-1400-788.png\",\"datePublished\":\"2026-03-10T10:14:01+00:00\",\"dateModified\":\"2026-03-12T19:17:47+00:00\",\"breadcrumb\":{\"@id\":\"https:\\\/\\\/loginfo24.com\\\/pt-pt\\\/2026\\\/03\\\/10\\\/hoelkemeier-constroi-centro-logistico-para-melitta-em-kalldorf\\\/#breadcrumb\"},\"inLanguage\":\"pt-PT\",\"potentialAction\":[{\"@type\":\"ReadAction\",\"target\":[\"https:\\\/\\\/loginfo24.com\\\/pt-pt\\\/2026\\\/03\\\/10\\\/hoelkemeier-constroi-centro-logistico-para-melitta-em-kalldorf\\\/\"]}]},{\"@type\":\"ImageObject\",\"inLanguage\":\"pt-PT\",\"@id\":\"https:\\\/\\\/loginfo24.com\\\/pt-pt\\\/2026\\\/03\\\/10\\\/hoelkemeier-constroi-centro-logistico-para-melitta-em-kalldorf\\\/#primaryimage\",\"url\":\"https:\\\/\\\/loginfo24.com\\\/wp-content\\\/uploads\\\/sites\\\/7\\\/2026\\\/03\\\/LIT_10.3.26-aspect-ratio-1400-788.png\",\"contentUrl\":\"https:\\\/\\\/loginfo24.com\\\/wp-content\\\/uploads\\\/sites\\\/7\\\/2026\\\/03\\\/LIT_10.3.26-aspect-ratio-1400-788.png\",\"width\":1200,\"height\":676},{\"@type\":\"BreadcrumbList\",\"@id\":\"https:\\\/\\\/loginfo24.com\\\/pt-pt\\\/2026\\\/03\\\/10\\\/hoelkemeier-constroi-centro-logistico-para-melitta-em-kalldorf\\\/#breadcrumb\",\"itemListElement\":[{\"@type\":\"ListItem\",\"position\":1,\"name\":\"Startseite\",\"item\":\"https:\\\/\\\/loginfo24.com\\\/pt-pt\\\/\"},{\"@type\":\"ListItem\",\"position\":2,\"name\":\"H\u00f6lkemeier constr\u00f3i centro log\u00edstico para Melitta em Kalldorf\"}]},{\"@type\":\"WebSite\",\"@id\":\"https:\\\/\\\/loginfo24.com\\\/pt-pt\\\/#website\",\"url\":\"https:\\\/\\\/loginfo24.com\\\/pt-pt\\\/\",\"name\":\"Loginfo24\",\"description\":\"Loginfo24 \u00e9 a plataforma dedicada \u00e0 log\u00edstica e \u00e0s cadeias de abastecimento, com informa\u00e7\u00f5es dispon\u00edveis 24 horas por dia.\",\"publisher\":{\"@id\":\"https:\\\/\\\/loginfo24.com\\\/pt-pt\\\/#organization\"},\"potentialAction\":[{\"@type\":\"SearchAction\",\"target\":{\"@type\":\"EntryPoint\",\"urlTemplate\":\"https:\\\/\\\/loginfo24.com\\\/pt-pt\\\/?s={search_term_string}\"},\"query-input\":{\"@type\":\"PropertyValueSpecification\",\"valueRequired\":true,\"valueName\":\"search_term_string\"}}],\"inLanguage\":\"pt-PT\"},{\"@type\":\"Organization\",\"@id\":\"https:\\\/\\\/loginfo24.com\\\/pt-pt\\\/#organization\",\"name\":\"Logismedia Group AG\",\"url\":\"https:\\\/\\\/loginfo24.com\\\/pt-pt\\\/\",\"logo\":{\"@type\":\"ImageObject\",\"inLanguage\":\"pt-PT\",\"@id\":\"https:\\\/\\\/loginfo24.com\\\/pt-pt\\\/#\\\/schema\\\/logo\\\/image\\\/\",\"url\":\"https:\\\/\\\/loginfo24.com\\\/wp-content\\\/uploads\\\/sites\\\/7\\\/2026\\\/01\\\/Logo_LogInfo24.png\",\"contentUrl\":\"https:\\\/\\\/loginfo24.com\\\/wp-content\\\/uploads\\\/sites\\\/7\\\/2026\\\/01\\\/Logo_LogInfo24.png\",\"width\":938,\"height\":351,\"caption\":\"Logismedia Group AG\"},\"image\":{\"@id\":\"https:\\\/\\\/loginfo24.com\\\/pt-pt\\\/#\\\/schema\\\/logo\\\/image\\\/\"},\"sameAs\":[\"https:\\\/\\\/www.facebook.com\\\/people\\\/Loginfo24\\\/100057360583332\\\/\",\"https:\\\/\\\/www.linkedin.com\\\/company\\\/lofinfo24\\\/\"]},{\"@type\":\"Person\",\"@id\":\"https:\\\/\\\/loginfo24.com\\\/pt-pt\\\/#\\\/schema\\\/person\\\/7b1593b33567ba798d300c8a1b0b85b1\",\"name\":\"Andreas M\u00fcller\",\"url\":\"https:\\\/\\\/loginfo24.com\\\/pt-pt\\\/author\\\/logismedia\\\/\"}]}<\/script>\n<!-- \/ Yoast SEO plugin. -->","yoast_head_json":{"title":"H\u00f6lkemeier constr\u00f3i centro log\u00edstico para Melitta em Kalldorf - Loginfo24","robots":{"index":"index","follow":"follow","max-snippet":"max-snippet:-1","max-image-preview":"max-image-preview:large","max-video-preview":"max-video-preview:-1"},"canonical":"https:\/\/loginfo24.com\/pt-pt\/2026\/03\/10\/hoelkemeier-constroi-centro-logistico-para-melitta-em-kalldorf\/","og_locale":"pt_PT","og_type":"article","og_title":"H\u00f6lkemeier constr\u00f3i centro log\u00edstico para Melitta em Kalldorf - Loginfo24","og_description":"A H\u00f6lkemeier Spedition GmbH est\u00e1 construindo um novo centro log\u00edstico em Kalldorf, criando 50 postos de trabalho e investindo 20 milh\u00f5es de euros na infraestrutura.","og_url":"https:\/\/loginfo24.com\/pt-pt\/2026\/03\/10\/hoelkemeier-constroi-centro-logistico-para-melitta-em-kalldorf\/","og_site_name":"Loginfo24","article_publisher":"https:\/\/www.facebook.com\/people\/Loginfo24\/100057360583332\/","article_published_time":"2026-03-10T10:14:01+00:00","article_modified_time":"2026-03-12T19:17:47+00:00","og_image":[{"width":1200,"height":676,"url":"https:\/\/loginfo24.com\/wp-content\/uploads\/sites\/7\/2026\/03\/LIT_10.3.26-aspect-ratio-1400-788.png","type":"image\/png"}],"author":"Andreas M\u00fcller","twitter_card":"summary_large_image","twitter_misc":{"Escrito por":"Andreas M\u00fcller","Tempo estimado de leitura":"3 minutos"},"schema":{"@context":"https:\/\/schema.org","@graph":[{"@type":"Article","@id":"https:\/\/loginfo24.com\/pt-pt\/2026\/03\/10\/hoelkemeier-constroi-centro-logistico-para-melitta-em-kalldorf\/#article","isPartOf":{"@id":"https:\/\/loginfo24.com\/pt-pt\/2026\/03\/10\/hoelkemeier-constroi-centro-logistico-para-melitta-em-kalldorf\/"},"author":{"name":"Andreas M\u00fcller","@id":"https:\/\/loginfo24.com\/pt-pt\/#\/schema\/person\/7b1593b33567ba798d300c8a1b0b85b1"},"headline":"H\u00f6lkemeier constr\u00f3i centro log\u00edstico para Melitta em Kalldorf","datePublished":"2026-03-10T10:14:01+00:00","dateModified":"2026-03-12T19:17:47+00:00","mainEntityOfPage":{"@id":"https:\/\/loginfo24.com\/pt-pt\/2026\/03\/10\/hoelkemeier-constroi-centro-logistico-para-melitta-em-kalldorf\/"},"wordCount":528,"commentCount":0,"publisher":{"@id":"https:\/\/loginfo24.com\/pt-pt\/#organization"},"image":{"@id":"https:\/\/loginfo24.com\/pt-pt\/2026\/03\/10\/hoelkemeier-constroi-centro-logistico-para-melitta-em-kalldorf\/#primaryimage"},"thumbnailUrl":"https:\/\/loginfo24.com\/wp-content\/uploads\/sites\/7\/2026\/03\/LIT_10.3.26-aspect-ratio-1400-788.png","keywords":["Arbeitspl\u00e4tze Logistikzentrum","camions \u00e9lectriques logistique","centre logistique Kalldorf","contract logistics growth","croissance logistique contractuelle","Deutsch H\u00f6lkemeier Spedition","d\u00e9veloppement des infrastructures Kalletal","digital logistics solutions","digitale Logistikl\u00f6sungen","E-Lkw Logistik","electric trucks logistics","emplois centre logistique","energieeffiziente Logistik","energy-efficient logistics","entreposage Europe","entrep\u00f4t central europ\u00e9en","europ\u00e4isches Zentrallager","European central warehouse","Fachkr\u00e4ftemangel Logistik","gestion de la cha\u00eene d'approvisionnement","groupe Melitta","halles logistiques Minden","industrie du transport Allemagne","infrastructure development Kalletal","Infrastrukturentwicklung Kalletal","jobs logistics center","Kontraktlogistik Wachstum","labor shortage logistics","logistics center Kalldorf","logistics hall Minden","logistics service providers North Rhine-Westphalia","Logistikdienstleister Nordrhein-Westfalen","Logistikhalle Minden","Logistikzentrum Kalldorf","logistique \u00e9co\u00e9nerg\u00e9tique","Melitta Group","Melitta Gruppe","nachhaltige Logistikprozesse","optimiser les flux de marchandises","optimize goods flows Fran\u00e7ais H\u00f6lkemeier Spedition","p\u00e9nurie de main-d'\u0153uvre logistique","photovoltaic system logistics","Photovoltaikanlage Logistik","pr\u00e9sence r\u00e9gionale Ostwestfalen-Lippe","prestataires logistiques Rh\u00e9nanie-du-Nord-Westphalie","processus logistiques durables","regional presence East Westphalia-Lippe","regionale Pr\u00e4senz Ostwestfalen-Lippe","solutions logistiques num\u00e9riques","Supply Chain Management","sustainable logistics processes","syst\u00e8me photovolta\u00efque logistique","transport industry Germany","Transportwirtschaft Deutschland","warehousing Europe","Warenlagerung Europa","Warenstr\u00f6me optimieren English H\u00f6lkemeier Spedition"],"articleSection":["Alemanha","Europa","Expedi\u00e7\u00e3o de Mercadorias e Log\u00edstica"],"inLanguage":"pt-PT","potentialAction":[{"@type":"CommentAction","name":"Comment","target":["https:\/\/loginfo24.com\/pt-pt\/2026\/03\/10\/hoelkemeier-constroi-centro-logistico-para-melitta-em-kalldorf\/#respond"]}]},{"@type":"WebPage","@id":"https:\/\/loginfo24.com\/pt-pt\/2026\/03\/10\/hoelkemeier-constroi-centro-logistico-para-melitta-em-kalldorf\/","url":"https:\/\/loginfo24.com\/pt-pt\/2026\/03\/10\/hoelkemeier-constroi-centro-logistico-para-melitta-em-kalldorf\/","name":"H\u00f6lkemeier constr\u00f3i centro log\u00edstico para Melitta em Kalldorf - Loginfo24","isPartOf":{"@id":"https:\/\/loginfo24.com\/pt-pt\/#website"},"primaryImageOfPage":{"@id":"https:\/\/loginfo24.com\/pt-pt\/2026\/03\/10\/hoelkemeier-constroi-centro-logistico-para-melitta-em-kalldorf\/#primaryimage"},"image":{"@id":"https:\/\/loginfo24.com\/pt-pt\/2026\/03\/10\/hoelkemeier-constroi-centro-logistico-para-melitta-em-kalldorf\/#primaryimage"},"thumbnailUrl":"https:\/\/loginfo24.com\/wp-content\/uploads\/sites\/7\/2026\/03\/LIT_10.3.26-aspect-ratio-1400-788.png","datePublished":"2026-03-10T10:14:01+00:00","dateModified":"2026-03-12T19:17:47+00:00","breadcrumb":{"@id":"https:\/\/loginfo24.com\/pt-pt\/2026\/03\/10\/hoelkemeier-constroi-centro-logistico-para-melitta-em-kalldorf\/#breadcrumb"},"inLanguage":"pt-PT","potentialAction":[{"@type":"ReadAction","target":["https:\/\/loginfo24.com\/pt-pt\/2026\/03\/10\/hoelkemeier-constroi-centro-logistico-para-melitta-em-kalldorf\/"]}]},{"@type":"ImageObject","inLanguage":"pt-PT","@id":"https:\/\/loginfo24.com\/pt-pt\/2026\/03\/10\/hoelkemeier-constroi-centro-logistico-para-melitta-em-kalldorf\/#primaryimage","url":"https:\/\/loginfo24.com\/wp-content\/uploads\/sites\/7\/2026\/03\/LIT_10.3.26-aspect-ratio-1400-788.png","contentUrl":"https:\/\/loginfo24.com\/wp-content\/uploads\/sites\/7\/2026\/03\/LIT_10.3.26-aspect-ratio-1400-788.png","width":1200,"height":676},{"@type":"BreadcrumbList","@id":"https:\/\/loginfo24.com\/pt-pt\/2026\/03\/10\/hoelkemeier-constroi-centro-logistico-para-melitta-em-kalldorf\/#breadcrumb","itemListElement":[{"@type":"ListItem","position":1,"name":"Startseite","item":"https:\/\/loginfo24.com\/pt-pt\/"},{"@type":"ListItem","position":2,"name":"H\u00f6lkemeier constr\u00f3i centro log\u00edstico para Melitta em Kalldorf"}]},{"@type":"WebSite","@id":"https:\/\/loginfo24.com\/pt-pt\/#website","url":"https:\/\/loginfo24.com\/pt-pt\/","name":"Loginfo24","description":"Loginfo24 \u00e9 a plataforma dedicada \u00e0 log\u00edstica e \u00e0s cadeias de abastecimento, com informa\u00e7\u00f5es dispon\u00edveis 24 horas por dia.","publisher":{"@id":"https:\/\/loginfo24.com\/pt-pt\/#organization"},"potentialAction":[{"@type":"SearchAction","target":{"@type":"EntryPoint","urlTemplate":"https:\/\/loginfo24.com\/pt-pt\/?s={search_term_string}"},"query-input":{"@type":"PropertyValueSpecification","valueRequired":true,"valueName":"search_term_string"}}],"inLanguage":"pt-PT"},{"@type":"Organization","@id":"https:\/\/loginfo24.com\/pt-pt\/#organization","name":"Logismedia Group AG","url":"https:\/\/loginfo24.com\/pt-pt\/","logo":{"@type":"ImageObject","inLanguage":"pt-PT","@id":"https:\/\/loginfo24.com\/pt-pt\/#\/schema\/logo\/image\/","url":"https:\/\/loginfo24.com\/wp-content\/uploads\/sites\/7\/2026\/01\/Logo_LogInfo24.png","contentUrl":"https:\/\/loginfo24.com\/wp-content\/uploads\/sites\/7\/2026\/01\/Logo_LogInfo24.png","width":938,"height":351,"caption":"Logismedia Group AG"},"image":{"@id":"https:\/\/loginfo24.com\/pt-pt\/#\/schema\/logo\/image\/"},"sameAs":["https:\/\/www.facebook.com\/people\/Loginfo24\/100057360583332\/","https:\/\/www.linkedin.com\/company\/lofinfo24\/"]},{"@type":"Person","@id":"https:\/\/loginfo24.com\/pt-pt\/#\/schema\/person\/7b1593b33567ba798d300c8a1b0b85b1","name":"Andreas M\u00fcller","url":"https:\/\/loginfo24.com\/pt-pt\/author\/logismedia\/"}]}},"_links":{"self":[{"href":"https:\/\/loginfo24.com\/pt-pt\/wp-json\/wp\/v2\/posts\/76183","targetHints":{"allow":["GET"]}}],"collection":[{"href":"https:\/\/loginfo24.com\/pt-pt\/wp-json\/wp\/v2\/posts"}],"about":[{"href":"https:\/\/loginfo24.com\/pt-pt\/wp-json\/wp\/v2\/types\/post"}],"author":[{"embeddable":true,"href":"https:\/\/loginfo24.com\/pt-pt\/wp-json\/wp\/v2\/users\/7"}],"replies":[{"embeddable":true,"href":"https:\/\/loginfo24.com\/pt-pt\/wp-json\/wp\/v2\/comments?post=76183"}],"version-history":[{"count":16,"href":"https:\/\/loginfo24.com\/pt-pt\/wp-json\/wp\/v2\/posts\/76183\/revisions"}],"predecessor-version":[{"id":76590,"href":"https:\/\/loginfo24.com\/pt-pt\/wp-json\/wp\/v2\/posts\/76183\/revisions\/76590"}],"wp:featuredmedia":[{"embeddable":true,"href":"https:\/\/loginfo24.com\/pt-pt\/wp-json\/wp\/v2\/media\/76178"}],"wp:attachment":[{"href":"https:\/\/loginfo24.com\/pt-pt\/wp-json\/wp\/v2\/media?parent=76183"}],"wp:term":[{"taxonomy":"category","embeddable":true,"href":"https:\/\/loginfo24.com\/pt-pt\/wp-json\/wp\/v2\/categories?post=76183"},{"taxonomy":"post_tag","embeddable":true,"href":"https:\/\/loginfo24.com\/pt-pt\/wp-json\/wp\/v2\/tags?post=76183"}],"curies":[{"name":"wp","href":"https:\/\/api.w.org\/{rel}","templated":true}]}}