{"id":76137,"date":"2026-03-10T08:15:20","date_gmt":"2026-03-10T08:15:20","guid":{"rendered":"https:\/\/loginfo24.com\/2026\/03\/10\/harder-logistics-organiza-mudanca-das-oficinas-de-formacao-de-ulm\/"},"modified":"2026-03-10T09:31:20","modified_gmt":"2026-03-10T08:31:20","slug":"harder-logistics-organiza-mudanca-das-oficinas-de-formacao-de-ulm","status":"publish","type":"post","link":"https:\/\/loginfo24.com\/pt-pt\/2026\/03\/10\/harder-logistics-organiza-mudanca-das-oficinas-de-formacao-de-ulm\/","title":{"rendered":"Harder Logistics organiza mudan\u00e7a das oficinas de forma\u00e7\u00e3o de Ulm"},"content":{"rendered":"<p>As oficinas de forma\u00e7\u00e3o da IHK Akademie Schwaben unificaram sua forma\u00e7\u00e3o t\u00e9cnico-comercial cl\u00e1ssica em um novo centro de compet\u00eancia em metal em Neu-Ulm. A mudan\u00e7a dos dois locais anteriores foi realizada pelo prestador de servi\u00e7os HARDER logistics. Um desafio especial foi o curto prazo de apenas dez dias, durante o qual a opera\u00e7\u00e3o de treinamento em andamento teve que ser mantida.<\/p>\n<p>Para a mudan\u00e7a, foi necess\u00e1rio transportar todo o invent\u00e1rio das oficinas de forma\u00e7\u00e3o. Isso incluiu mais de 30 m\u00e1quinas, que pesavam entre uma e cinco toneladas cada, al\u00e9m de arm\u00e1rios de material, mat\u00e9ria-prima e equipamentos de escrit\u00f3rio. Wolfgang Gollmann, diretor do Akademie Campus Neu-Ulm, enfatiza a import\u00e2ncia de um fluxo de trabalho sem interrup\u00e7\u00f5es: \u201cAl\u00e9m do manuseio seguro e profissional das m\u00e1quinas de alto valor, era central minimizar o impacto nas medidas de forma\u00e7\u00e3o e qualifica\u00e7\u00e3o em andamento. Atualmente, atendemos cerca de 50 participantes.\u201d<\/p>\n<h3>Mudan\u00e7a em duas etapas<\/h3>\n<p>A transfer\u00eancia das oficinas de forma\u00e7\u00e3o ocorreu em duas etapas. O primeiro local externo na Baumgartenstra\u00dfe foi transferido para o novo centro de compet\u00eancia na Finninger Stra\u00dfe em dezembro do ano passado. Nos \u00faltimos dez dias, seguiu-se a mudan\u00e7a do segundo local na Heinz-R\u00fchmann-Stra\u00dfe, cuja transfer\u00eancia foi especialmente cr\u00edtica em termos de tempo e logisticamente desafiadora.<\/p>\n<p>Desafios adicionais surgiram das condi\u00e7\u00f5es estruturais. As oficinas de forma\u00e7\u00e3o estavam localizadas em um edif\u00edcio de tr\u00eas andares, com cerca de 40% das instala\u00e7\u00f5es situadas no subsolo. Andreas Hermann, gerente de projeto da HARDER logistics, explica o procedimento: \u201cEssa \u00e1rea foi carregada diretamente no ve\u00edculo especial com um guindaste de carga espec\u00edfico a partir do p\u00e1tio interno. Assim, conseguimos evitar desmontar m\u00e1quinas ou realizar v\u00e1rias transfer\u00eancias. Um plano de a\u00e7\u00e3o detalhado, juntamente com a estreita colabora\u00e7\u00e3o com os respons\u00e1veis da IHK, contribuiu significativamente para que pud\u00e9ssemos realizar o projeto dentro do prazo apertado com sucesso.\u201d Para a implementa\u00e7\u00e3o, cinco colaboradores e equipamentos especiais foram utilizados.<\/p>\n<p>Desde 9 de mar\u00e7o, a oficina de forma\u00e7\u00e3o no novo centro de compet\u00eancia em metal na Finninger Stra\u00dfe 46 est\u00e1 novamente dispon\u00edvel para alunos da IHK. Gollmann faz um balan\u00e7o positivo: \u201cCom a unifica\u00e7\u00e3o de nossa estrutura descentralizada e historicamente desenvolvida, conseguimos nos posicionar de forma segura e coerente para o futuro. O novo conceito impressiona com instala\u00e7\u00f5es modernas, caminhos curtos e cria condi\u00e7\u00f5es ideais para docentes e participantes.\u201d<\/p>\n<p><a href=\"http:\/\/harder-logistics.com\" target=\"_blank\" rel=\"noopener noreferrer\"><span data-olk-copy-source=\"MessageBody\">www.harder-logistics.com <\/span><\/a><\/p>\n","protected":false},"excerpt":{"rendered":"<p>A IHK Akademie Schwaben transferiu com sucesso suas oficinas de forma\u00e7\u00e3o para um novo centro de compet\u00eancia em metal em Neu-Ulm, a fim de criar condi\u00e7\u00f5es de forma\u00e7\u00e3o ideais.<\/p>\n","protected":false},"author":7,"featured_media":76132,"comment_status":"open","ping_status":"","sticky":false,"template":"","format":"standard","meta":{"_acf_changed":false,"footnotes":""},"categories":[6663,6679,1617],"tags":[13393,13394,13395,13396,13397,13398,13399,7630,13400,2700,13401,13402,13403,13404,13405,13406,13407,13408,13409,13410,6446,13411,13412,13413,2469,1831,2431,13414,13415,13416,13417,13418,11207,13419,2720,2481,13420,13421,13422,13423,13424,13425,13426,13427,13428,13429,13430,13431,13432,13433,2449,2450,13434,13435],"class_list":["post-76137","post","type-post","status-publish","format-standard","has-post-thumbnail","hentry","category-alemanha","category-europa","category-expedicao-e-logistica","tag-academie-ihk-schwaben","tag-ateliers-de-formation","tag-aus-und-qualifizierungsmassnahmen","tag-bauliche-gegebenheiten","tag-centre-de-competences-metalliques","tag-conditions-structurelles","tag-crane-for-machines","tag-defis-logistiques","tag-deutsch-umzug","tag-fachkraeftemangel-in-der-logistik","tag-gestion-de-projet-dans-le-demenagement","tag-gestion-du-temps-dans-le-demenagement","tag-grue-pour-machines","tag-harder-logistics","tag-ihk-academy-schwaben-francais-demenagement","tag-ihk-akademie-schwaben-english-moving","tag-infrastructure-for-educational-institutions","tag-infrastructure-pour-les-etablissements-educatifs","tag-infrastruktur-fuer-bildungseinrichtungen","tag-kompetenzzentrum-metall","tag-labor-shortage-in-logistics","tag-ladekran-fuer-maschinen","tag-lehrwerkstaetten","tag-logistical-challenges","tag-logistics-service-provider","tag-logistikdienstleister","tag-logistique-de-transport","tag-logistische-herausforderungen","tag-machine-transport","tag-maschinentransport","tag-mesures-de-formation-et-de-qualification","tag-metal-competence-center","tag-neu-ulm","tag-operations-de-formation","tag-penurie-de-main-doeuvre-dans-la-logistique","tag-prestataire-logistique","tag-processus-fluide","tag-project-management-in-moving","tag-projektmanagement-im-umzug","tag-reibungsloser-ablauf","tag-schulungsbetrieb","tag-smooth-process","tag-special-vehicle-for-moving","tag-spezialfahrzeug-fuer-umzuege","tag-structural-conditions","tag-time-management-in-moving","tag-training-and-qualification-measures","tag-training-operations","tag-training-workshops","tag-transport-de-machines","tag-transport-logistics","tag-transportlogistik","tag-vehicule-special-pour-le-demenagement","tag-zeitmanagement-im-umzug"],"acf":[],"yoast_head":"<!-- This site is optimized with the Yoast SEO plugin v27.3 - https:\/\/yoast.com\/product\/yoast-seo-wordpress\/ -->\n<title>Harder Logistics organiza mudan\u00e7a das oficinas de forma\u00e7\u00e3o de Ulm - Loginfo24<\/title>\n<meta name=\"robots\" content=\"index, follow, max-snippet:-1, max-image-preview:large, max-video-preview:-1\" \/>\n<link rel=\"canonical\" href=\"https:\/\/loginfo24.com\/pt-pt\/2026\/03\/10\/harder-logistics-organiza-mudanca-das-oficinas-de-formacao-de-ulm\/\" \/>\n<meta property=\"og:locale\" content=\"pt_PT\" \/>\n<meta property=\"og:type\" content=\"article\" \/>\n<meta property=\"og:title\" content=\"Harder Logistics organiza mudan\u00e7a das oficinas de forma\u00e7\u00e3o de Ulm - Loginfo24\" \/>\n<meta property=\"og:description\" content=\"A IHK Akademie Schwaben transferiu com sucesso suas oficinas de forma\u00e7\u00e3o para um novo centro de compet\u00eancia em metal em Neu-Ulm, a fim de criar condi\u00e7\u00f5es de forma\u00e7\u00e3o ideais.\" \/>\n<meta property=\"og:url\" content=\"https:\/\/loginfo24.com\/pt-pt\/2026\/03\/10\/harder-logistics-organiza-mudanca-das-oficinas-de-formacao-de-ulm\/\" \/>\n<meta property=\"og:site_name\" content=\"Loginfo24\" \/>\n<meta property=\"article:publisher\" content=\"https:\/\/www.facebook.com\/people\/Loginfo24\/100057360583332\/\" \/>\n<meta property=\"article:published_time\" content=\"2026-03-10T08:15:20+00:00\" \/>\n<meta property=\"article:modified_time\" content=\"2026-03-10T08:31:20+00:00\" \/>\n<meta property=\"og:image\" content=\"https:\/\/loginfo24.com\/wp-content\/uploads\/sites\/7\/2026\/03\/Harder_10.3.26.png_2-aspect-ratio-1400-788.jpg\" \/>\n\t<meta property=\"og:image:width\" content=\"1114\" \/>\n\t<meta property=\"og:image:height\" content=\"627\" \/>\n\t<meta property=\"og:image:type\" content=\"image\/jpeg\" \/>\n<meta name=\"author\" content=\"Andreas M\u00fcller\" \/>\n<meta name=\"twitter:card\" content=\"summary_large_image\" \/>\n<meta name=\"twitter:label1\" content=\"Escrito por\" \/>\n\t<meta name=\"twitter:data1\" content=\"Andreas M\u00fcller\" \/>\n\t<meta name=\"twitter:label2\" content=\"Tempo estimado de leitura\" \/>\n\t<meta name=\"twitter:data2\" content=\"2 minutos\" \/>\n<script type=\"application\/ld+json\" class=\"yoast-schema-graph\">{\"@context\":\"https:\\\/\\\/schema.org\",\"@graph\":[{\"@type\":\"Article\",\"@id\":\"https:\\\/\\\/loginfo24.com\\\/pt-pt\\\/2026\\\/03\\\/10\\\/harder-logistics-organiza-mudanca-das-oficinas-de-formacao-de-ulm\\\/#article\",\"isPartOf\":{\"@id\":\"https:\\\/\\\/loginfo24.com\\\/pt-pt\\\/2026\\\/03\\\/10\\\/harder-logistics-organiza-mudanca-das-oficinas-de-formacao-de-ulm\\\/\"},\"author\":{\"name\":\"Andreas M\u00fcller\",\"@id\":\"https:\\\/\\\/loginfo24.com\\\/pt-pt\\\/#\\\/schema\\\/person\\\/7b1593b33567ba798d300c8a1b0b85b1\"},\"headline\":\"Harder Logistics organiza mudan\u00e7a das oficinas de forma\u00e7\u00e3o de Ulm\",\"datePublished\":\"2026-03-10T08:15:20+00:00\",\"dateModified\":\"2026-03-10T08:31:20+00:00\",\"mainEntityOfPage\":{\"@id\":\"https:\\\/\\\/loginfo24.com\\\/pt-pt\\\/2026\\\/03\\\/10\\\/harder-logistics-organiza-mudanca-das-oficinas-de-formacao-de-ulm\\\/\"},\"wordCount\":448,\"commentCount\":0,\"publisher\":{\"@id\":\"https:\\\/\\\/loginfo24.com\\\/pt-pt\\\/#organization\"},\"image\":{\"@id\":\"https:\\\/\\\/loginfo24.com\\\/pt-pt\\\/2026\\\/03\\\/10\\\/harder-logistics-organiza-mudanca-das-oficinas-de-formacao-de-ulm\\\/#primaryimage\"},\"thumbnailUrl\":\"https:\\\/\\\/loginfo24.com\\\/wp-content\\\/uploads\\\/sites\\\/7\\\/2026\\\/03\\\/Harder_10.3.26.png_2-aspect-ratio-1400-788.jpg\",\"keywords\":[\"Acad\u00e9mie IHK Schwaben\",\"ateliers de formation\",\"Aus- und Qualifizierungsma\u00dfnahmen\",\"bauliche Gegebenheiten\",\"centre de comp\u00e9tences m\u00e9talliques\",\"conditions structurelles\",\"crane for machines\",\"d\u00e9fis logistiques\",\"Deutsch Umzug\",\"Fachkr\u00e4ftemangel in der Logistik\",\"gestion de projet dans le d\u00e9m\u00e9nagement\",\"gestion du temps dans le d\u00e9m\u00e9nagement\",\"grue pour machines\",\"HARDER logistics\",\"IHK Academy Schwaben Fran\u00e7ais d\u00e9m\u00e9nagement\",\"IHK Akademie Schwaben English moving\",\"infrastructure for educational institutions\",\"infrastructure pour les \u00e9tablissements \u00e9ducatifs\",\"Infrastruktur f\u00fcr Bildungseinrichtungen\",\"Kompetenzzentrum Metall\",\"labor shortage in logistics\",\"Ladekran f\u00fcr Maschinen\",\"Lehrwerkst\u00e4tten\",\"logistical challenges\",\"logistics service provider\",\"Logistikdienstleister\",\"logistique de transport\",\"logistische Herausforderungen\",\"machine transport\",\"Maschinentransport\",\"mesures de formation et de qualification\",\"metal competence center\",\"Neu-Ulm\",\"op\u00e9rations de formation\",\"p\u00e9nurie de main-d'\u0153uvre dans la logistique\",\"prestataire logistique\",\"processus fluide\",\"project management in moving\",\"Projektmanagement im Umzug\",\"reibungsloser Ablauf\",\"Schulungsbetrieb\",\"smooth process\",\"special vehicle for moving\",\"Spezialfahrzeug f\u00fcr Umz\u00fcge\",\"structural conditions\",\"time management in moving\",\"training and qualification measures\",\"training operations\",\"training workshops\",\"transport de machines\",\"transport logistics\",\"Transportlogistik\",\"v\u00e9hicule sp\u00e9cial pour le d\u00e9m\u00e9nagement\",\"Zeitmanagement im Umzug\"],\"articleSection\":[\"Alemanha\",\"Europa\",\"Expedi\u00e7\u00e3o de Mercadorias e Log\u00edstica\"],\"inLanguage\":\"pt-PT\",\"potentialAction\":[{\"@type\":\"CommentAction\",\"name\":\"Comment\",\"target\":[\"https:\\\/\\\/loginfo24.com\\\/pt-pt\\\/2026\\\/03\\\/10\\\/harder-logistics-organiza-mudanca-das-oficinas-de-formacao-de-ulm\\\/#respond\"]}]},{\"@type\":\"WebPage\",\"@id\":\"https:\\\/\\\/loginfo24.com\\\/pt-pt\\\/2026\\\/03\\\/10\\\/harder-logistics-organiza-mudanca-das-oficinas-de-formacao-de-ulm\\\/\",\"url\":\"https:\\\/\\\/loginfo24.com\\\/pt-pt\\\/2026\\\/03\\\/10\\\/harder-logistics-organiza-mudanca-das-oficinas-de-formacao-de-ulm\\\/\",\"name\":\"Harder Logistics organiza mudan\u00e7a das oficinas de forma\u00e7\u00e3o de Ulm - Loginfo24\",\"isPartOf\":{\"@id\":\"https:\\\/\\\/loginfo24.com\\\/pt-pt\\\/#website\"},\"primaryImageOfPage\":{\"@id\":\"https:\\\/\\\/loginfo24.com\\\/pt-pt\\\/2026\\\/03\\\/10\\\/harder-logistics-organiza-mudanca-das-oficinas-de-formacao-de-ulm\\\/#primaryimage\"},\"image\":{\"@id\":\"https:\\\/\\\/loginfo24.com\\\/pt-pt\\\/2026\\\/03\\\/10\\\/harder-logistics-organiza-mudanca-das-oficinas-de-formacao-de-ulm\\\/#primaryimage\"},\"thumbnailUrl\":\"https:\\\/\\\/loginfo24.com\\\/wp-content\\\/uploads\\\/sites\\\/7\\\/2026\\\/03\\\/Harder_10.3.26.png_2-aspect-ratio-1400-788.jpg\",\"datePublished\":\"2026-03-10T08:15:20+00:00\",\"dateModified\":\"2026-03-10T08:31:20+00:00\",\"breadcrumb\":{\"@id\":\"https:\\\/\\\/loginfo24.com\\\/pt-pt\\\/2026\\\/03\\\/10\\\/harder-logistics-organiza-mudanca-das-oficinas-de-formacao-de-ulm\\\/#breadcrumb\"},\"inLanguage\":\"pt-PT\",\"potentialAction\":[{\"@type\":\"ReadAction\",\"target\":[\"https:\\\/\\\/loginfo24.com\\\/pt-pt\\\/2026\\\/03\\\/10\\\/harder-logistics-organiza-mudanca-das-oficinas-de-formacao-de-ulm\\\/\"]}]},{\"@type\":\"ImageObject\",\"inLanguage\":\"pt-PT\",\"@id\":\"https:\\\/\\\/loginfo24.com\\\/pt-pt\\\/2026\\\/03\\\/10\\\/harder-logistics-organiza-mudanca-das-oficinas-de-formacao-de-ulm\\\/#primaryimage\",\"url\":\"https:\\\/\\\/loginfo24.com\\\/wp-content\\\/uploads\\\/sites\\\/7\\\/2026\\\/03\\\/Harder_10.3.26.png_2-aspect-ratio-1400-788.jpg\",\"contentUrl\":\"https:\\\/\\\/loginfo24.com\\\/wp-content\\\/uploads\\\/sites\\\/7\\\/2026\\\/03\\\/Harder_10.3.26.png_2-aspect-ratio-1400-788.jpg\",\"width\":1114,\"height\":627},{\"@type\":\"BreadcrumbList\",\"@id\":\"https:\\\/\\\/loginfo24.com\\\/pt-pt\\\/2026\\\/03\\\/10\\\/harder-logistics-organiza-mudanca-das-oficinas-de-formacao-de-ulm\\\/#breadcrumb\",\"itemListElement\":[{\"@type\":\"ListItem\",\"position\":1,\"name\":\"Startseite\",\"item\":\"https:\\\/\\\/loginfo24.com\\\/pt-pt\\\/\"},{\"@type\":\"ListItem\",\"position\":2,\"name\":\"Harder Logistics organiza mudan\u00e7a das oficinas de forma\u00e7\u00e3o de Ulm\"}]},{\"@type\":\"WebSite\",\"@id\":\"https:\\\/\\\/loginfo24.com\\\/pt-pt\\\/#website\",\"url\":\"https:\\\/\\\/loginfo24.com\\\/pt-pt\\\/\",\"name\":\"Loginfo24\",\"description\":\"Loginfo24 \u00e9 a plataforma dedicada \u00e0 log\u00edstica e \u00e0s cadeias de abastecimento, com informa\u00e7\u00f5es dispon\u00edveis 24 horas por dia.\",\"publisher\":{\"@id\":\"https:\\\/\\\/loginfo24.com\\\/pt-pt\\\/#organization\"},\"potentialAction\":[{\"@type\":\"SearchAction\",\"target\":{\"@type\":\"EntryPoint\",\"urlTemplate\":\"https:\\\/\\\/loginfo24.com\\\/pt-pt\\\/?s={search_term_string}\"},\"query-input\":{\"@type\":\"PropertyValueSpecification\",\"valueRequired\":true,\"valueName\":\"search_term_string\"}}],\"inLanguage\":\"pt-PT\"},{\"@type\":\"Organization\",\"@id\":\"https:\\\/\\\/loginfo24.com\\\/pt-pt\\\/#organization\",\"name\":\"Logismedia Group AG\",\"url\":\"https:\\\/\\\/loginfo24.com\\\/pt-pt\\\/\",\"logo\":{\"@type\":\"ImageObject\",\"inLanguage\":\"pt-PT\",\"@id\":\"https:\\\/\\\/loginfo24.com\\\/pt-pt\\\/#\\\/schema\\\/logo\\\/image\\\/\",\"url\":\"https:\\\/\\\/loginfo24.com\\\/wp-content\\\/uploads\\\/sites\\\/7\\\/2026\\\/01\\\/Logo_LogInfo24.png\",\"contentUrl\":\"https:\\\/\\\/loginfo24.com\\\/wp-content\\\/uploads\\\/sites\\\/7\\\/2026\\\/01\\\/Logo_LogInfo24.png\",\"width\":938,\"height\":351,\"caption\":\"Logismedia Group AG\"},\"image\":{\"@id\":\"https:\\\/\\\/loginfo24.com\\\/pt-pt\\\/#\\\/schema\\\/logo\\\/image\\\/\"},\"sameAs\":[\"https:\\\/\\\/www.facebook.com\\\/people\\\/Loginfo24\\\/100057360583332\\\/\",\"https:\\\/\\\/www.linkedin.com\\\/company\\\/lofinfo24\\\/\"]},{\"@type\":\"Person\",\"@id\":\"https:\\\/\\\/loginfo24.com\\\/pt-pt\\\/#\\\/schema\\\/person\\\/7b1593b33567ba798d300c8a1b0b85b1\",\"name\":\"Andreas M\u00fcller\",\"url\":\"https:\\\/\\\/loginfo24.com\\\/pt-pt\\\/author\\\/logismedia\\\/\"}]}<\/script>\n<!-- \/ Yoast SEO plugin. -->","yoast_head_json":{"title":"Harder Logistics organiza mudan\u00e7a das oficinas de forma\u00e7\u00e3o de Ulm - Loginfo24","robots":{"index":"index","follow":"follow","max-snippet":"max-snippet:-1","max-image-preview":"max-image-preview:large","max-video-preview":"max-video-preview:-1"},"canonical":"https:\/\/loginfo24.com\/pt-pt\/2026\/03\/10\/harder-logistics-organiza-mudanca-das-oficinas-de-formacao-de-ulm\/","og_locale":"pt_PT","og_type":"article","og_title":"Harder Logistics organiza mudan\u00e7a das oficinas de forma\u00e7\u00e3o de Ulm - Loginfo24","og_description":"A IHK Akademie Schwaben transferiu com sucesso suas oficinas de forma\u00e7\u00e3o para um novo centro de compet\u00eancia em metal em Neu-Ulm, a fim de criar condi\u00e7\u00f5es de forma\u00e7\u00e3o ideais.","og_url":"https:\/\/loginfo24.com\/pt-pt\/2026\/03\/10\/harder-logistics-organiza-mudanca-das-oficinas-de-formacao-de-ulm\/","og_site_name":"Loginfo24","article_publisher":"https:\/\/www.facebook.com\/people\/Loginfo24\/100057360583332\/","article_published_time":"2026-03-10T08:15:20+00:00","article_modified_time":"2026-03-10T08:31:20+00:00","og_image":[{"width":1114,"height":627,"url":"https:\/\/loginfo24.com\/wp-content\/uploads\/sites\/7\/2026\/03\/Harder_10.3.26.png_2-aspect-ratio-1400-788.jpg","type":"image\/jpeg"}],"author":"Andreas M\u00fcller","twitter_card":"summary_large_image","twitter_misc":{"Escrito por":"Andreas M\u00fcller","Tempo estimado de leitura":"2 minutos"},"schema":{"@context":"https:\/\/schema.org","@graph":[{"@type":"Article","@id":"https:\/\/loginfo24.com\/pt-pt\/2026\/03\/10\/harder-logistics-organiza-mudanca-das-oficinas-de-formacao-de-ulm\/#article","isPartOf":{"@id":"https:\/\/loginfo24.com\/pt-pt\/2026\/03\/10\/harder-logistics-organiza-mudanca-das-oficinas-de-formacao-de-ulm\/"},"author":{"name":"Andreas M\u00fcller","@id":"https:\/\/loginfo24.com\/pt-pt\/#\/schema\/person\/7b1593b33567ba798d300c8a1b0b85b1"},"headline":"Harder Logistics organiza mudan\u00e7a das oficinas de forma\u00e7\u00e3o de Ulm","datePublished":"2026-03-10T08:15:20+00:00","dateModified":"2026-03-10T08:31:20+00:00","mainEntityOfPage":{"@id":"https:\/\/loginfo24.com\/pt-pt\/2026\/03\/10\/harder-logistics-organiza-mudanca-das-oficinas-de-formacao-de-ulm\/"},"wordCount":448,"commentCount":0,"publisher":{"@id":"https:\/\/loginfo24.com\/pt-pt\/#organization"},"image":{"@id":"https:\/\/loginfo24.com\/pt-pt\/2026\/03\/10\/harder-logistics-organiza-mudanca-das-oficinas-de-formacao-de-ulm\/#primaryimage"},"thumbnailUrl":"https:\/\/loginfo24.com\/wp-content\/uploads\/sites\/7\/2026\/03\/Harder_10.3.26.png_2-aspect-ratio-1400-788.jpg","keywords":["Acad\u00e9mie IHK Schwaben","ateliers de formation","Aus- und Qualifizierungsma\u00dfnahmen","bauliche Gegebenheiten","centre de comp\u00e9tences m\u00e9talliques","conditions structurelles","crane for machines","d\u00e9fis logistiques","Deutsch Umzug","Fachkr\u00e4ftemangel in der Logistik","gestion de projet dans le d\u00e9m\u00e9nagement","gestion du temps dans le d\u00e9m\u00e9nagement","grue pour machines","HARDER logistics","IHK Academy Schwaben Fran\u00e7ais d\u00e9m\u00e9nagement","IHK Akademie Schwaben English moving","infrastructure for educational institutions","infrastructure pour les \u00e9tablissements \u00e9ducatifs","Infrastruktur f\u00fcr Bildungseinrichtungen","Kompetenzzentrum Metall","labor shortage in logistics","Ladekran f\u00fcr Maschinen","Lehrwerkst\u00e4tten","logistical challenges","logistics service provider","Logistikdienstleister","logistique de transport","logistische Herausforderungen","machine transport","Maschinentransport","mesures de formation et de qualification","metal competence center","Neu-Ulm","op\u00e9rations de formation","p\u00e9nurie de main-d'\u0153uvre dans la logistique","prestataire logistique","processus fluide","project management in moving","Projektmanagement im Umzug","reibungsloser Ablauf","Schulungsbetrieb","smooth process","special vehicle for moving","Spezialfahrzeug f\u00fcr Umz\u00fcge","structural conditions","time management in moving","training and qualification measures","training operations","training workshops","transport de machines","transport logistics","Transportlogistik","v\u00e9hicule sp\u00e9cial pour le d\u00e9m\u00e9nagement","Zeitmanagement im Umzug"],"articleSection":["Alemanha","Europa","Expedi\u00e7\u00e3o de Mercadorias e Log\u00edstica"],"inLanguage":"pt-PT","potentialAction":[{"@type":"CommentAction","name":"Comment","target":["https:\/\/loginfo24.com\/pt-pt\/2026\/03\/10\/harder-logistics-organiza-mudanca-das-oficinas-de-formacao-de-ulm\/#respond"]}]},{"@type":"WebPage","@id":"https:\/\/loginfo24.com\/pt-pt\/2026\/03\/10\/harder-logistics-organiza-mudanca-das-oficinas-de-formacao-de-ulm\/","url":"https:\/\/loginfo24.com\/pt-pt\/2026\/03\/10\/harder-logistics-organiza-mudanca-das-oficinas-de-formacao-de-ulm\/","name":"Harder Logistics organiza mudan\u00e7a das oficinas de forma\u00e7\u00e3o de Ulm - Loginfo24","isPartOf":{"@id":"https:\/\/loginfo24.com\/pt-pt\/#website"},"primaryImageOfPage":{"@id":"https:\/\/loginfo24.com\/pt-pt\/2026\/03\/10\/harder-logistics-organiza-mudanca-das-oficinas-de-formacao-de-ulm\/#primaryimage"},"image":{"@id":"https:\/\/loginfo24.com\/pt-pt\/2026\/03\/10\/harder-logistics-organiza-mudanca-das-oficinas-de-formacao-de-ulm\/#primaryimage"},"thumbnailUrl":"https:\/\/loginfo24.com\/wp-content\/uploads\/sites\/7\/2026\/03\/Harder_10.3.26.png_2-aspect-ratio-1400-788.jpg","datePublished":"2026-03-10T08:15:20+00:00","dateModified":"2026-03-10T08:31:20+00:00","breadcrumb":{"@id":"https:\/\/loginfo24.com\/pt-pt\/2026\/03\/10\/harder-logistics-organiza-mudanca-das-oficinas-de-formacao-de-ulm\/#breadcrumb"},"inLanguage":"pt-PT","potentialAction":[{"@type":"ReadAction","target":["https:\/\/loginfo24.com\/pt-pt\/2026\/03\/10\/harder-logistics-organiza-mudanca-das-oficinas-de-formacao-de-ulm\/"]}]},{"@type":"ImageObject","inLanguage":"pt-PT","@id":"https:\/\/loginfo24.com\/pt-pt\/2026\/03\/10\/harder-logistics-organiza-mudanca-das-oficinas-de-formacao-de-ulm\/#primaryimage","url":"https:\/\/loginfo24.com\/wp-content\/uploads\/sites\/7\/2026\/03\/Harder_10.3.26.png_2-aspect-ratio-1400-788.jpg","contentUrl":"https:\/\/loginfo24.com\/wp-content\/uploads\/sites\/7\/2026\/03\/Harder_10.3.26.png_2-aspect-ratio-1400-788.jpg","width":1114,"height":627},{"@type":"BreadcrumbList","@id":"https:\/\/loginfo24.com\/pt-pt\/2026\/03\/10\/harder-logistics-organiza-mudanca-das-oficinas-de-formacao-de-ulm\/#breadcrumb","itemListElement":[{"@type":"ListItem","position":1,"name":"Startseite","item":"https:\/\/loginfo24.com\/pt-pt\/"},{"@type":"ListItem","position":2,"name":"Harder Logistics organiza mudan\u00e7a das oficinas de forma\u00e7\u00e3o de Ulm"}]},{"@type":"WebSite","@id":"https:\/\/loginfo24.com\/pt-pt\/#website","url":"https:\/\/loginfo24.com\/pt-pt\/","name":"Loginfo24","description":"Loginfo24 \u00e9 a plataforma dedicada \u00e0 log\u00edstica e \u00e0s cadeias de abastecimento, com informa\u00e7\u00f5es dispon\u00edveis 24 horas por dia.","publisher":{"@id":"https:\/\/loginfo24.com\/pt-pt\/#organization"},"potentialAction":[{"@type":"SearchAction","target":{"@type":"EntryPoint","urlTemplate":"https:\/\/loginfo24.com\/pt-pt\/?s={search_term_string}"},"query-input":{"@type":"PropertyValueSpecification","valueRequired":true,"valueName":"search_term_string"}}],"inLanguage":"pt-PT"},{"@type":"Organization","@id":"https:\/\/loginfo24.com\/pt-pt\/#organization","name":"Logismedia Group AG","url":"https:\/\/loginfo24.com\/pt-pt\/","logo":{"@type":"ImageObject","inLanguage":"pt-PT","@id":"https:\/\/loginfo24.com\/pt-pt\/#\/schema\/logo\/image\/","url":"https:\/\/loginfo24.com\/wp-content\/uploads\/sites\/7\/2026\/01\/Logo_LogInfo24.png","contentUrl":"https:\/\/loginfo24.com\/wp-content\/uploads\/sites\/7\/2026\/01\/Logo_LogInfo24.png","width":938,"height":351,"caption":"Logismedia Group AG"},"image":{"@id":"https:\/\/loginfo24.com\/pt-pt\/#\/schema\/logo\/image\/"},"sameAs":["https:\/\/www.facebook.com\/people\/Loginfo24\/100057360583332\/","https:\/\/www.linkedin.com\/company\/lofinfo24\/"]},{"@type":"Person","@id":"https:\/\/loginfo24.com\/pt-pt\/#\/schema\/person\/7b1593b33567ba798d300c8a1b0b85b1","name":"Andreas M\u00fcller","url":"https:\/\/loginfo24.com\/pt-pt\/author\/logismedia\/"}]}},"_links":{"self":[{"href":"https:\/\/loginfo24.com\/pt-pt\/wp-json\/wp\/v2\/posts\/76137","targetHints":{"allow":["GET"]}}],"collection":[{"href":"https:\/\/loginfo24.com\/pt-pt\/wp-json\/wp\/v2\/posts"}],"about":[{"href":"https:\/\/loginfo24.com\/pt-pt\/wp-json\/wp\/v2\/types\/post"}],"author":[{"embeddable":true,"href":"https:\/\/loginfo24.com\/pt-pt\/wp-json\/wp\/v2\/users\/7"}],"replies":[{"embeddable":true,"href":"https:\/\/loginfo24.com\/pt-pt\/wp-json\/wp\/v2\/comments?post=76137"}],"version-history":[{"count":1,"href":"https:\/\/loginfo24.com\/pt-pt\/wp-json\/wp\/v2\/posts\/76137\/revisions"}],"predecessor-version":[{"id":76144,"href":"https:\/\/loginfo24.com\/pt-pt\/wp-json\/wp\/v2\/posts\/76137\/revisions\/76144"}],"wp:featuredmedia":[{"embeddable":true,"href":"https:\/\/loginfo24.com\/pt-pt\/wp-json\/wp\/v2\/media\/76132"}],"wp:attachment":[{"href":"https:\/\/loginfo24.com\/pt-pt\/wp-json\/wp\/v2\/media?parent=76137"}],"wp:term":[{"taxonomy":"category","embeddable":true,"href":"https:\/\/loginfo24.com\/pt-pt\/wp-json\/wp\/v2\/categories?post=76137"},{"taxonomy":"post_tag","embeddable":true,"href":"https:\/\/loginfo24.com\/pt-pt\/wp-json\/wp\/v2\/tags?post=76137"}],"curies":[{"name":"wp","href":"https:\/\/api.w.org\/{rel}","templated":true}]}}