{"id":73978,"date":"2026-01-27T15:12:07","date_gmt":"2026-01-27T15:12:07","guid":{"rendered":"https:\/\/loginfo24.com\/2026\/01\/27\/thielemanngroup-plane-um-campus-logistico-em-krefeld\/"},"modified":"2026-01-27T16:53:40","modified_gmt":"2026-01-27T15:53:40","slug":"thielemanngroup-plane-um-campus-logistico-em-krefeld","status":"publish","type":"post","link":"https:\/\/loginfo24.com\/pt-pt\/2026\/01\/27\/thielemanngroup-plane-um-campus-logistico-em-krefeld\/","title":{"rendered":"ThielemannGroup plane um campus log\u00edstico em Krefeld"},"content":{"rendered":"<p>A ThielemannGroup adquiriu um terreno no Porto do Reno em Krefeld para construir um campus log\u00edstico. Em uma \u00e1rea de mais de 60.000 m\u00b2, ser\u00e3o erguidas duas propriedades log\u00edsticas com um total de cerca de 40.000 m\u00b2 de \u00e1rea log\u00edstica. O in\u00edcio da constru\u00e7\u00e3o est\u00e1 previsto para o final de 2026, enquanto o pedido de constru\u00e7\u00e3o dever\u00e1 ser submetido em meados de 2026.<\/p>\n<h3>Localiza\u00e7\u00e3o estrat\u00e9gica e infraestrutura<\/h3>\n<p>Navid Thielemann, CEO da ThielemannGroup, destaca as vantagens do local: \u201cCom esta \u00e1rea, garantimos uma localiza\u00e7\u00e3o de topo \u2013 diretamente no KCT, com o Reno, ferrovia e autoestrada \u00e0 porta.\u201d O Porto do Reno em Krefeld oferece uma infraestrutura robusta, projetada para log\u00edstica de cont\u00eaineres multimodal. O terminal de cont\u00eaineres Krefelder (KCT) vizinho possui dois guindastes de portal e trilhos pr\u00f3prios, que permitem uma conex\u00e3o direta \u00e0 densa rede de autoestradas da regi\u00e3o Reno-Ruhr.<\/p>\n<p>Outro aspecto \u00e9 a conex\u00e3o ferrovi\u00e1ria planejada para os edif\u00edcios log\u00edsticos, que possibilitar\u00e1 uma transfer\u00eancia mais ecol\u00f3gica de fluxos de mercadorias por ferrovia e via aqu\u00e1tica. Isso deve ajudar a reduzir as emiss\u00f5es de transporte. Al\u00e9m disso, o aeroporto de D\u00fcsseldorf est\u00e1 a uma curta dist\u00e2ncia, o que \u00e9 vantajoso para envios com prazos cr\u00edticos.<\/p>\n<p>Patrick A. Wisotzky, diretor-geral da Hafen Krefeld GmbH &amp; Co. KG, acolhe a instala\u00e7\u00e3o da ThielemannGroup e v\u00ea isso como um sinal positivo para a regi\u00e3o. Ele enfatiza que a combina\u00e7\u00e3o de infraestrutura multimodal e um perfil de futuro claro fortalece o cluster log\u00edstico em Krefeld.<\/p>\n<h3>Planejamento sustent\u00e1vel e investimentos<\/h3>\n<p>A ThielemannGroup planeja buscar uma certifica\u00e7\u00e3o de ouro atrav\u00e9s da Deutsche Gesellschaft f\u00fcr Nachhaltiges Bauen (DGNB) para o campus log\u00edstico. As medidas planejadas incluem tecnologia de constru\u00e7\u00e3o energeticamente eficiente, um sistema de energia fotovoltaica e uma infraestrutura de carregamento el\u00e9trico. O volume de investimento para o projeto \u00e9 de cerca de 35 milh\u00f5es de euros.<\/p>\n<p>O grupo RECHT Logistik utilizar\u00e1 o novo campus como um local de desempenho. Cerca de 50% da \u00e1rea j\u00e1 foi alocada a um cliente existente do com\u00e9rcio eletr\u00f4nico. Negocia\u00e7\u00f5es com potenciais novos clientes para as \u00e1reas restantes est\u00e3o em andamento. A ThielemannGroup est\u00e1 buscando especificamente empresas que se encaixem em um campus sustent\u00e1vel e com conex\u00e3o trimodal.<\/p>\n<p>Christian Karl Flick, COO da ThielemannGroup Holding GmbH e CEO do grupo RECHT Logistik, enfatiza a import\u00e2ncia estrat\u00e9gica da localiza\u00e7\u00e3o em Krefeld. Ele v\u00ea nisso a oportunidade de expandir as capacidades em um mercado atraente e otimizar processos e prazos.<\/p>\n<h3>Expans\u00e3o do desenvolvimento de projetos<\/h3>\n<p>Al\u00e9m do projeto em Krefeld, a ThielemannGroup tamb\u00e9m est\u00e1 perseguindo outros desenvolvimentos. Em Wernberg-K\u00f6blitz, na Baviera, um centro log\u00edstico de 30.000 m\u00b2 de \u00e1rea log\u00edstica est\u00e1 sendo constru\u00eddo, com conclus\u00e3o prevista para o final de 2026. Al\u00e9m disso, os preparativos para um novo centro log\u00edstico em Col\u00f4nia est\u00e3o em andamento, com in\u00edcio da constru\u00e7\u00e3o previsto para o segundo trimestre de 2026.<\/p>\n<p>Navid Thielemann destaca as sinergias entre o desenvolvimento de projetos e a pr\u00e1tica operacional: \u201cKrefeld \u00e9 para n\u00f3s mais do que um novo local \u2013 o projeto representa como reunimos nossa for\u00e7a.\u201d A combina\u00e7\u00e3o de desenvolvedor de projetos e usu\u00e1rio em uma \u00fanica m\u00e3o deve garantir que as exig\u00eancias dos clientes sejam atendidas tanto hoje quanto no futuro.<\/p>\n<p><a href=\"https:\/\/www.thielemann-group.com\/\" target=\"_blank\" rel=\"noopener noreferrer\">www.thielemann-group.com<\/a><\/p>\n","protected":false},"excerpt":{"rendered":"<p>A ThielemannGroup planeja um campus log\u00edstico no porto de Krefeld com dois edif\u00edcios e busca uma certifica\u00e7\u00e3o Gold para constru\u00e7\u00e3o sustent\u00e1vel.<\/p>\n","protected":false},"author":7,"featured_media":73980,"comment_status":"open","ping_status":"open","sticky":false,"template":"","format":"standard","meta":{"_acf_changed":false,"footnotes":""},"categories":[6663,6679,1617],"tags":[7091,7092,7093,7094,7095,7096,7097,7098,7099,7100,7101,7102,7103,7104,7105,7106,7107,7108,7109,7110,3370,2133,1831,3371,7111,2622,2671,7112,7113,1800,7114,7115,7116,7117,7118,2148,3382,7119,2193,7120,7121,7122,7123,7124,1916,7125,7126,2641,7127,7128,7129,3125,7130,7131,7132,7133],"class_list":["post-73978","post","type-post","status-publish","format-standard","has-post-thumbnail","hentry","category-alemanha","category-europa","category-expedicao-e-logistica","tag-centre-logistique-wernberg-koeblitz","tag-certification-or-dgnb","tag-choix-strategique-de-site","tag-connexion-trimodale","tag-deutsch-logistik-campus-krefeld","tag-e-charging-infrastructure","tag-e-ladeinfrastruktur","tag-gold-certification-dgnb","tag-gold-zertifizierung-dgnb","tag-hafenbetrieb-krefeld","tag-infrastructure-de-recharge-electrique","tag-infrastructure-rhin-ruhr","tag-infrastruktur-rhein-ruhr","tag-investitionsvolumen-logistik","tag-investment-volume-logistics","tag-krefeld-container-terminal","tag-krefeld-port-operations","tag-krefelder-container-terminal","tag-logistics-center-wernberg-koeblitz","tag-logistics-process-optimization-francais-campus-logistique-krefeld","tag-logistics-properties","tag-logistics-service-providers","tag-logistikdienstleister","tag-logistikimmobilien","tag-logistikzentrum-wernberg-koeblitz","tag-logistique-durable","tag-logistique-multimodale","tag-multimodal-container-logistics","tag-multimodale-containerlogistik","tag-nachhaltige-logistik","tag-operations-portuaires-de-krefeld","tag-optimisation-des-processus-logistiques","tag-photovoltaic-system","tag-photovoltaikanlage","tag-port-rhenan-krefeld","tag-prestataires-de-services-logistiques","tag-proprietes-logistiques","tag-prozessoptimierung-logistik-english-logistics-campus-krefeld","tag-rail-freight-transport","tag-reduce-transport-emissions","tag-reduire-les-emissions-de-transport","tag-rheinhafen-krefeld","tag-rhine-port-krefeld","tag-rhine-ruhr-infrastructure","tag-schienengueterverkehr","tag-strategic-site-selection","tag-strategische-standortwahl","tag-sustainable-logistics","tag-systeme-photovoltaique","tag-terminal-a-conteneurs-de-krefeld","tag-thielemanngroup","tag-transport-ferroviaire-de-marchandises","tag-transportemissionen-reduzieren","tag-trimodal-connection","tag-trimodale-anbindung","tag-volume-dinvestissement-logistique"],"acf":[],"yoast_head":"<!-- This site is optimized with the Yoast SEO plugin v27.3 - https:\/\/yoast.com\/product\/yoast-seo-wordpress\/ -->\n<title>ThielemannGroup plane um campus log\u00edstico em Krefeld - Loginfo24<\/title>\n<meta name=\"robots\" content=\"index, follow, max-snippet:-1, max-image-preview:large, max-video-preview:-1\" \/>\n<link rel=\"canonical\" href=\"https:\/\/loginfo24.com\/pt-pt\/2026\/01\/27\/thielemanngroup-plane-um-campus-logistico-em-krefeld\/\" \/>\n<meta property=\"og:locale\" content=\"pt_PT\" \/>\n<meta property=\"og:type\" content=\"article\" \/>\n<meta property=\"og:title\" content=\"ThielemannGroup plane um campus log\u00edstico em Krefeld - Loginfo24\" \/>\n<meta property=\"og:description\" content=\"A ThielemannGroup planeja um campus log\u00edstico no porto de Krefeld com dois edif\u00edcios e busca uma certifica\u00e7\u00e3o Gold para constru\u00e7\u00e3o sustent\u00e1vel.\" \/>\n<meta property=\"og:url\" content=\"https:\/\/loginfo24.com\/pt-pt\/2026\/01\/27\/thielemanngroup-plane-um-campus-logistico-em-krefeld\/\" \/>\n<meta property=\"og:site_name\" content=\"Loginfo24\" \/>\n<meta property=\"article:publisher\" content=\"https:\/\/www.facebook.com\/people\/Loginfo24\/100057360583332\/\" \/>\n<meta property=\"article:published_time\" content=\"2026-01-27T15:12:07+00:00\" \/>\n<meta property=\"article:modified_time\" content=\"2026-01-27T15:53:40+00:00\" \/>\n<meta property=\"og:image\" content=\"https:\/\/loginfo24.com\/wp-content\/uploads\/sites\/7\/2026\/01\/Thielemann_27.1.26-aspect-ratio-1400-788-1.jpg\" \/>\n\t<meta property=\"og:image:width\" content=\"1325\" \/>\n\t<meta property=\"og:image:height\" content=\"746\" \/>\n\t<meta property=\"og:image:type\" content=\"image\/jpeg\" \/>\n<meta name=\"author\" content=\"Andreas M\u00fcller\" \/>\n<meta name=\"twitter:card\" content=\"summary_large_image\" \/>\n<meta name=\"twitter:label1\" content=\"Escrito por\" \/>\n\t<meta name=\"twitter:data1\" content=\"Andreas M\u00fcller\" \/>\n\t<meta name=\"twitter:label2\" content=\"Tempo estimado de leitura\" \/>\n\t<meta name=\"twitter:data2\" content=\"3 minutos\" \/>\n<script type=\"application\/ld+json\" class=\"yoast-schema-graph\">{\"@context\":\"https:\\\/\\\/schema.org\",\"@graph\":[{\"@type\":\"Article\",\"@id\":\"https:\\\/\\\/loginfo24.com\\\/pt-pt\\\/2026\\\/01\\\/27\\\/thielemanngroup-plane-um-campus-logistico-em-krefeld\\\/#article\",\"isPartOf\":{\"@id\":\"https:\\\/\\\/loginfo24.com\\\/pt-pt\\\/2026\\\/01\\\/27\\\/thielemanngroup-plane-um-campus-logistico-em-krefeld\\\/\"},\"author\":{\"name\":\"Andreas M\u00fcller\",\"@id\":\"https:\\\/\\\/loginfo24.com\\\/pt-pt\\\/#\\\/schema\\\/person\\\/7b1593b33567ba798d300c8a1b0b85b1\"},\"headline\":\"ThielemannGroup plane um campus log\u00edstico em Krefeld\",\"datePublished\":\"2026-01-27T15:12:07+00:00\",\"dateModified\":\"2026-01-27T15:53:40+00:00\",\"mainEntityOfPage\":{\"@id\":\"https:\\\/\\\/loginfo24.com\\\/pt-pt\\\/2026\\\/01\\\/27\\\/thielemanngroup-plane-um-campus-logistico-em-krefeld\\\/\"},\"wordCount\":586,\"commentCount\":0,\"publisher\":{\"@id\":\"https:\\\/\\\/loginfo24.com\\\/pt-pt\\\/#organization\"},\"image\":{\"@id\":\"https:\\\/\\\/loginfo24.com\\\/pt-pt\\\/2026\\\/01\\\/27\\\/thielemanngroup-plane-um-campus-logistico-em-krefeld\\\/#primaryimage\"},\"thumbnailUrl\":\"https:\\\/\\\/loginfo24.com\\\/wp-content\\\/uploads\\\/sites\\\/7\\\/2026\\\/01\\\/Thielemann_27.1.26-aspect-ratio-1400-788-1.jpg\",\"keywords\":[\"centre logistique Wernberg-K\u00f6blitz\",\"certification or DGNB\",\"choix strat\u00e9gique de site\",\"connexion trimodale\",\"Deutsch Logistik-Campus Krefeld\",\"e-charging infrastructure\",\"E-Ladeinfrastruktur\",\"gold certification DGNB\",\"Gold-Zertifizierung DGNB\",\"Hafenbetrieb Krefeld\",\"infrastructure de recharge \u00e9lectrique\",\"infrastructure Rhin-Ruhr\",\"Infrastruktur Rhein-Ruhr\",\"Investitionsvolumen Logistik\",\"investment volume logistics\",\"Krefeld container terminal\",\"Krefeld port operations\",\"Krefelder Container Terminal\",\"logistics center Wernberg-K\u00f6blitz\",\"logistics process optimization Fran\u00e7ais Campus logistique Krefeld\",\"logistics properties\",\"logistics service providers\",\"Logistikdienstleister\",\"Logistikimmobilien\",\"Logistikzentrum Wernberg-K\u00f6blitz\",\"logistique durable\",\"logistique multimodale\",\"multimodal container logistics\",\"multimodale Containerlogistik\",\"nachhaltige Logistik\",\"op\u00e9rations portuaires de Krefeld\",\"optimisation des processus logistiques\",\"photovoltaic system\",\"Photovoltaikanlage\",\"port rh\u00e9nan Krefeld\",\"prestataires de services logistiques\",\"propri\u00e9t\u00e9s logistiques\",\"Prozessoptimierung Logistik English Logistics campus Krefeld\",\"rail freight transport\",\"reduce transport emissions\",\"r\u00e9duire les \u00e9missions de transport\",\"Rheinhafen Krefeld\",\"Rhine port Krefeld\",\"Rhine-Ruhr infrastructure\",\"Schieneng\u00fcterverkehr\",\"strategic site selection\",\"strategische Standortwahl\",\"sustainable logistics\",\"syst\u00e8me photovolta\u00efque\",\"terminal \u00e0 conteneurs de Krefeld\",\"ThielemannGroup\",\"transport ferroviaire de marchandises\",\"Transportemissionen reduzieren\",\"trimodal connection\",\"trimodale Anbindung\",\"volume d'investissement logistique\"],\"articleSection\":[\"Alemanha\",\"Europa\",\"Expedi\u00e7\u00e3o de Mercadorias e Log\u00edstica\"],\"inLanguage\":\"pt-PT\",\"potentialAction\":[{\"@type\":\"CommentAction\",\"name\":\"Comment\",\"target\":[\"https:\\\/\\\/loginfo24.com\\\/pt-pt\\\/2026\\\/01\\\/27\\\/thielemanngroup-plane-um-campus-logistico-em-krefeld\\\/#respond\"]}]},{\"@type\":\"WebPage\",\"@id\":\"https:\\\/\\\/loginfo24.com\\\/pt-pt\\\/2026\\\/01\\\/27\\\/thielemanngroup-plane-um-campus-logistico-em-krefeld\\\/\",\"url\":\"https:\\\/\\\/loginfo24.com\\\/pt-pt\\\/2026\\\/01\\\/27\\\/thielemanngroup-plane-um-campus-logistico-em-krefeld\\\/\",\"name\":\"ThielemannGroup plane um campus log\u00edstico em Krefeld - Loginfo24\",\"isPartOf\":{\"@id\":\"https:\\\/\\\/loginfo24.com\\\/pt-pt\\\/#website\"},\"primaryImageOfPage\":{\"@id\":\"https:\\\/\\\/loginfo24.com\\\/pt-pt\\\/2026\\\/01\\\/27\\\/thielemanngroup-plane-um-campus-logistico-em-krefeld\\\/#primaryimage\"},\"image\":{\"@id\":\"https:\\\/\\\/loginfo24.com\\\/pt-pt\\\/2026\\\/01\\\/27\\\/thielemanngroup-plane-um-campus-logistico-em-krefeld\\\/#primaryimage\"},\"thumbnailUrl\":\"https:\\\/\\\/loginfo24.com\\\/wp-content\\\/uploads\\\/sites\\\/7\\\/2026\\\/01\\\/Thielemann_27.1.26-aspect-ratio-1400-788-1.jpg\",\"datePublished\":\"2026-01-27T15:12:07+00:00\",\"dateModified\":\"2026-01-27T15:53:40+00:00\",\"breadcrumb\":{\"@id\":\"https:\\\/\\\/loginfo24.com\\\/pt-pt\\\/2026\\\/01\\\/27\\\/thielemanngroup-plane-um-campus-logistico-em-krefeld\\\/#breadcrumb\"},\"inLanguage\":\"pt-PT\",\"potentialAction\":[{\"@type\":\"ReadAction\",\"target\":[\"https:\\\/\\\/loginfo24.com\\\/pt-pt\\\/2026\\\/01\\\/27\\\/thielemanngroup-plane-um-campus-logistico-em-krefeld\\\/\"]}]},{\"@type\":\"ImageObject\",\"inLanguage\":\"pt-PT\",\"@id\":\"https:\\\/\\\/loginfo24.com\\\/pt-pt\\\/2026\\\/01\\\/27\\\/thielemanngroup-plane-um-campus-logistico-em-krefeld\\\/#primaryimage\",\"url\":\"https:\\\/\\\/loginfo24.com\\\/wp-content\\\/uploads\\\/sites\\\/7\\\/2026\\\/01\\\/Thielemann_27.1.26-aspect-ratio-1400-788-1.jpg\",\"contentUrl\":\"https:\\\/\\\/loginfo24.com\\\/wp-content\\\/uploads\\\/sites\\\/7\\\/2026\\\/01\\\/Thielemann_27.1.26-aspect-ratio-1400-788-1.jpg\",\"width\":1325,\"height\":746},{\"@type\":\"BreadcrumbList\",\"@id\":\"https:\\\/\\\/loginfo24.com\\\/pt-pt\\\/2026\\\/01\\\/27\\\/thielemanngroup-plane-um-campus-logistico-em-krefeld\\\/#breadcrumb\",\"itemListElement\":[{\"@type\":\"ListItem\",\"position\":1,\"name\":\"Startseite\",\"item\":\"https:\\\/\\\/loginfo24.com\\\/pt-pt\\\/\"},{\"@type\":\"ListItem\",\"position\":2,\"name\":\"ThielemannGroup plane um campus log\u00edstico em Krefeld\"}]},{\"@type\":\"WebSite\",\"@id\":\"https:\\\/\\\/loginfo24.com\\\/pt-pt\\\/#website\",\"url\":\"https:\\\/\\\/loginfo24.com\\\/pt-pt\\\/\",\"name\":\"Loginfo24\",\"description\":\"Loginfo24 \u00e9 a plataforma dedicada \u00e0 log\u00edstica e \u00e0s cadeias de abastecimento, com informa\u00e7\u00f5es dispon\u00edveis 24 horas por dia.\",\"publisher\":{\"@id\":\"https:\\\/\\\/loginfo24.com\\\/pt-pt\\\/#organization\"},\"potentialAction\":[{\"@type\":\"SearchAction\",\"target\":{\"@type\":\"EntryPoint\",\"urlTemplate\":\"https:\\\/\\\/loginfo24.com\\\/pt-pt\\\/?s={search_term_string}\"},\"query-input\":{\"@type\":\"PropertyValueSpecification\",\"valueRequired\":true,\"valueName\":\"search_term_string\"}}],\"inLanguage\":\"pt-PT\"},{\"@type\":\"Organization\",\"@id\":\"https:\\\/\\\/loginfo24.com\\\/pt-pt\\\/#organization\",\"name\":\"Logismedia Group AG\",\"url\":\"https:\\\/\\\/loginfo24.com\\\/pt-pt\\\/\",\"logo\":{\"@type\":\"ImageObject\",\"inLanguage\":\"pt-PT\",\"@id\":\"https:\\\/\\\/loginfo24.com\\\/pt-pt\\\/#\\\/schema\\\/logo\\\/image\\\/\",\"url\":\"https:\\\/\\\/loginfo24.com\\\/wp-content\\\/uploads\\\/sites\\\/7\\\/2026\\\/01\\\/Logo_LogInfo24.png\",\"contentUrl\":\"https:\\\/\\\/loginfo24.com\\\/wp-content\\\/uploads\\\/sites\\\/7\\\/2026\\\/01\\\/Logo_LogInfo24.png\",\"width\":938,\"height\":351,\"caption\":\"Logismedia Group AG\"},\"image\":{\"@id\":\"https:\\\/\\\/loginfo24.com\\\/pt-pt\\\/#\\\/schema\\\/logo\\\/image\\\/\"},\"sameAs\":[\"https:\\\/\\\/www.facebook.com\\\/people\\\/Loginfo24\\\/100057360583332\\\/\",\"https:\\\/\\\/www.linkedin.com\\\/company\\\/lofinfo24\\\/\"]},{\"@type\":\"Person\",\"@id\":\"https:\\\/\\\/loginfo24.com\\\/pt-pt\\\/#\\\/schema\\\/person\\\/7b1593b33567ba798d300c8a1b0b85b1\",\"name\":\"Andreas M\u00fcller\",\"url\":\"https:\\\/\\\/loginfo24.com\\\/pt-pt\\\/author\\\/logismedia\\\/\"}]}<\/script>\n<!-- \/ Yoast SEO plugin. -->","yoast_head_json":{"title":"ThielemannGroup plane um campus log\u00edstico em Krefeld - Loginfo24","robots":{"index":"index","follow":"follow","max-snippet":"max-snippet:-1","max-image-preview":"max-image-preview:large","max-video-preview":"max-video-preview:-1"},"canonical":"https:\/\/loginfo24.com\/pt-pt\/2026\/01\/27\/thielemanngroup-plane-um-campus-logistico-em-krefeld\/","og_locale":"pt_PT","og_type":"article","og_title":"ThielemannGroup plane um campus log\u00edstico em Krefeld - Loginfo24","og_description":"A ThielemannGroup planeja um campus log\u00edstico no porto de Krefeld com dois edif\u00edcios e busca uma certifica\u00e7\u00e3o Gold para constru\u00e7\u00e3o sustent\u00e1vel.","og_url":"https:\/\/loginfo24.com\/pt-pt\/2026\/01\/27\/thielemanngroup-plane-um-campus-logistico-em-krefeld\/","og_site_name":"Loginfo24","article_publisher":"https:\/\/www.facebook.com\/people\/Loginfo24\/100057360583332\/","article_published_time":"2026-01-27T15:12:07+00:00","article_modified_time":"2026-01-27T15:53:40+00:00","og_image":[{"width":1325,"height":746,"url":"https:\/\/loginfo24.com\/wp-content\/uploads\/sites\/7\/2026\/01\/Thielemann_27.1.26-aspect-ratio-1400-788-1.jpg","type":"image\/jpeg"}],"author":"Andreas M\u00fcller","twitter_card":"summary_large_image","twitter_misc":{"Escrito por":"Andreas M\u00fcller","Tempo estimado de leitura":"3 minutos"},"schema":{"@context":"https:\/\/schema.org","@graph":[{"@type":"Article","@id":"https:\/\/loginfo24.com\/pt-pt\/2026\/01\/27\/thielemanngroup-plane-um-campus-logistico-em-krefeld\/#article","isPartOf":{"@id":"https:\/\/loginfo24.com\/pt-pt\/2026\/01\/27\/thielemanngroup-plane-um-campus-logistico-em-krefeld\/"},"author":{"name":"Andreas M\u00fcller","@id":"https:\/\/loginfo24.com\/pt-pt\/#\/schema\/person\/7b1593b33567ba798d300c8a1b0b85b1"},"headline":"ThielemannGroup plane um campus log\u00edstico em Krefeld","datePublished":"2026-01-27T15:12:07+00:00","dateModified":"2026-01-27T15:53:40+00:00","mainEntityOfPage":{"@id":"https:\/\/loginfo24.com\/pt-pt\/2026\/01\/27\/thielemanngroup-plane-um-campus-logistico-em-krefeld\/"},"wordCount":586,"commentCount":0,"publisher":{"@id":"https:\/\/loginfo24.com\/pt-pt\/#organization"},"image":{"@id":"https:\/\/loginfo24.com\/pt-pt\/2026\/01\/27\/thielemanngroup-plane-um-campus-logistico-em-krefeld\/#primaryimage"},"thumbnailUrl":"https:\/\/loginfo24.com\/wp-content\/uploads\/sites\/7\/2026\/01\/Thielemann_27.1.26-aspect-ratio-1400-788-1.jpg","keywords":["centre logistique Wernberg-K\u00f6blitz","certification or DGNB","choix strat\u00e9gique de site","connexion trimodale","Deutsch Logistik-Campus Krefeld","e-charging infrastructure","E-Ladeinfrastruktur","gold certification DGNB","Gold-Zertifizierung DGNB","Hafenbetrieb Krefeld","infrastructure de recharge \u00e9lectrique","infrastructure Rhin-Ruhr","Infrastruktur Rhein-Ruhr","Investitionsvolumen Logistik","investment volume logistics","Krefeld container terminal","Krefeld port operations","Krefelder Container Terminal","logistics center Wernberg-K\u00f6blitz","logistics process optimization Fran\u00e7ais Campus logistique Krefeld","logistics properties","logistics service providers","Logistikdienstleister","Logistikimmobilien","Logistikzentrum Wernberg-K\u00f6blitz","logistique durable","logistique multimodale","multimodal container logistics","multimodale Containerlogistik","nachhaltige Logistik","op\u00e9rations portuaires de Krefeld","optimisation des processus logistiques","photovoltaic system","Photovoltaikanlage","port rh\u00e9nan Krefeld","prestataires de services logistiques","propri\u00e9t\u00e9s logistiques","Prozessoptimierung Logistik English Logistics campus Krefeld","rail freight transport","reduce transport emissions","r\u00e9duire les \u00e9missions de transport","Rheinhafen Krefeld","Rhine port Krefeld","Rhine-Ruhr infrastructure","Schieneng\u00fcterverkehr","strategic site selection","strategische Standortwahl","sustainable logistics","syst\u00e8me photovolta\u00efque","terminal \u00e0 conteneurs de Krefeld","ThielemannGroup","transport ferroviaire de marchandises","Transportemissionen reduzieren","trimodal connection","trimodale Anbindung","volume d'investissement logistique"],"articleSection":["Alemanha","Europa","Expedi\u00e7\u00e3o de Mercadorias e Log\u00edstica"],"inLanguage":"pt-PT","potentialAction":[{"@type":"CommentAction","name":"Comment","target":["https:\/\/loginfo24.com\/pt-pt\/2026\/01\/27\/thielemanngroup-plane-um-campus-logistico-em-krefeld\/#respond"]}]},{"@type":"WebPage","@id":"https:\/\/loginfo24.com\/pt-pt\/2026\/01\/27\/thielemanngroup-plane-um-campus-logistico-em-krefeld\/","url":"https:\/\/loginfo24.com\/pt-pt\/2026\/01\/27\/thielemanngroup-plane-um-campus-logistico-em-krefeld\/","name":"ThielemannGroup plane um campus log\u00edstico em Krefeld - Loginfo24","isPartOf":{"@id":"https:\/\/loginfo24.com\/pt-pt\/#website"},"primaryImageOfPage":{"@id":"https:\/\/loginfo24.com\/pt-pt\/2026\/01\/27\/thielemanngroup-plane-um-campus-logistico-em-krefeld\/#primaryimage"},"image":{"@id":"https:\/\/loginfo24.com\/pt-pt\/2026\/01\/27\/thielemanngroup-plane-um-campus-logistico-em-krefeld\/#primaryimage"},"thumbnailUrl":"https:\/\/loginfo24.com\/wp-content\/uploads\/sites\/7\/2026\/01\/Thielemann_27.1.26-aspect-ratio-1400-788-1.jpg","datePublished":"2026-01-27T15:12:07+00:00","dateModified":"2026-01-27T15:53:40+00:00","breadcrumb":{"@id":"https:\/\/loginfo24.com\/pt-pt\/2026\/01\/27\/thielemanngroup-plane-um-campus-logistico-em-krefeld\/#breadcrumb"},"inLanguage":"pt-PT","potentialAction":[{"@type":"ReadAction","target":["https:\/\/loginfo24.com\/pt-pt\/2026\/01\/27\/thielemanngroup-plane-um-campus-logistico-em-krefeld\/"]}]},{"@type":"ImageObject","inLanguage":"pt-PT","@id":"https:\/\/loginfo24.com\/pt-pt\/2026\/01\/27\/thielemanngroup-plane-um-campus-logistico-em-krefeld\/#primaryimage","url":"https:\/\/loginfo24.com\/wp-content\/uploads\/sites\/7\/2026\/01\/Thielemann_27.1.26-aspect-ratio-1400-788-1.jpg","contentUrl":"https:\/\/loginfo24.com\/wp-content\/uploads\/sites\/7\/2026\/01\/Thielemann_27.1.26-aspect-ratio-1400-788-1.jpg","width":1325,"height":746},{"@type":"BreadcrumbList","@id":"https:\/\/loginfo24.com\/pt-pt\/2026\/01\/27\/thielemanngroup-plane-um-campus-logistico-em-krefeld\/#breadcrumb","itemListElement":[{"@type":"ListItem","position":1,"name":"Startseite","item":"https:\/\/loginfo24.com\/pt-pt\/"},{"@type":"ListItem","position":2,"name":"ThielemannGroup plane um campus log\u00edstico em Krefeld"}]},{"@type":"WebSite","@id":"https:\/\/loginfo24.com\/pt-pt\/#website","url":"https:\/\/loginfo24.com\/pt-pt\/","name":"Loginfo24","description":"Loginfo24 \u00e9 a plataforma dedicada \u00e0 log\u00edstica e \u00e0s cadeias de abastecimento, com informa\u00e7\u00f5es dispon\u00edveis 24 horas por dia.","publisher":{"@id":"https:\/\/loginfo24.com\/pt-pt\/#organization"},"potentialAction":[{"@type":"SearchAction","target":{"@type":"EntryPoint","urlTemplate":"https:\/\/loginfo24.com\/pt-pt\/?s={search_term_string}"},"query-input":{"@type":"PropertyValueSpecification","valueRequired":true,"valueName":"search_term_string"}}],"inLanguage":"pt-PT"},{"@type":"Organization","@id":"https:\/\/loginfo24.com\/pt-pt\/#organization","name":"Logismedia Group AG","url":"https:\/\/loginfo24.com\/pt-pt\/","logo":{"@type":"ImageObject","inLanguage":"pt-PT","@id":"https:\/\/loginfo24.com\/pt-pt\/#\/schema\/logo\/image\/","url":"https:\/\/loginfo24.com\/wp-content\/uploads\/sites\/7\/2026\/01\/Logo_LogInfo24.png","contentUrl":"https:\/\/loginfo24.com\/wp-content\/uploads\/sites\/7\/2026\/01\/Logo_LogInfo24.png","width":938,"height":351,"caption":"Logismedia Group AG"},"image":{"@id":"https:\/\/loginfo24.com\/pt-pt\/#\/schema\/logo\/image\/"},"sameAs":["https:\/\/www.facebook.com\/people\/Loginfo24\/100057360583332\/","https:\/\/www.linkedin.com\/company\/lofinfo24\/"]},{"@type":"Person","@id":"https:\/\/loginfo24.com\/pt-pt\/#\/schema\/person\/7b1593b33567ba798d300c8a1b0b85b1","name":"Andreas M\u00fcller","url":"https:\/\/loginfo24.com\/pt-pt\/author\/logismedia\/"}]}},"_links":{"self":[{"href":"https:\/\/loginfo24.com\/pt-pt\/wp-json\/wp\/v2\/posts\/73978","targetHints":{"allow":["GET"]}}],"collection":[{"href":"https:\/\/loginfo24.com\/pt-pt\/wp-json\/wp\/v2\/posts"}],"about":[{"href":"https:\/\/loginfo24.com\/pt-pt\/wp-json\/wp\/v2\/types\/post"}],"author":[{"embeddable":true,"href":"https:\/\/loginfo24.com\/pt-pt\/wp-json\/wp\/v2\/users\/7"}],"replies":[{"embeddable":true,"href":"https:\/\/loginfo24.com\/pt-pt\/wp-json\/wp\/v2\/comments?post=73978"}],"version-history":[{"count":2,"href":"https:\/\/loginfo24.com\/pt-pt\/wp-json\/wp\/v2\/posts\/73978\/revisions"}],"predecessor-version":[{"id":73991,"href":"https:\/\/loginfo24.com\/pt-pt\/wp-json\/wp\/v2\/posts\/73978\/revisions\/73991"}],"wp:featuredmedia":[{"embeddable":true,"href":"https:\/\/loginfo24.com\/pt-pt\/wp-json\/wp\/v2\/media\/73980"}],"wp:attachment":[{"href":"https:\/\/loginfo24.com\/pt-pt\/wp-json\/wp\/v2\/media?parent=73978"}],"wp:term":[{"taxonomy":"category","embeddable":true,"href":"https:\/\/loginfo24.com\/pt-pt\/wp-json\/wp\/v2\/categories?post=73978"},{"taxonomy":"post_tag","embeddable":true,"href":"https:\/\/loginfo24.com\/pt-pt\/wp-json\/wp\/v2\/tags?post=73978"}],"curies":[{"name":"wp","href":"https:\/\/api.w.org\/{rel}","templated":true}]}}