{"id":73529,"date":"2026-01-23T11:00:01","date_gmt":"2026-01-23T11:00:01","guid":{"rendered":"https:\/\/loginfo24.brand-architecture.at\/2026\/01\/23\/roland-weil-novo-vice-president-na-wfs\/"},"modified":"2026-01-23T11:00:01","modified_gmt":"2026-01-23T11:00:01","slug":"roland-weil-novo-vice-president-na-wfs","status":"publish","type":"post","link":"https:\/\/loginfo24.com\/pt-pt\/2026\/01\/23\/roland-weil-novo-vice-president-na-wfs\/","title":{"rendered":"Roland Weil novo Vice President na WFS"},"content":{"rendered":"<p>Roland Weil assumiu sua nova posi\u00e7\u00e3o como Vice President Business Development EFFH Germany na Worldwide Flight Services (WFS). Nesta fun\u00e7\u00e3o, ele apoiar\u00e1 a expans\u00e3o da localiza\u00e7\u00e3o da empresa em Frankfurt, que desempenha um papel de lideran\u00e7a na \u00e1rea de manuseio de carga a\u00e9rea. Antes, Weil atuou como Vice President Sales Cargo no Aeroporto de Frankfurt e foi membro fundador e primeiro diretor executivo da Air Cargo Community Frankfurt. Agora, ele trar\u00e1 sua vasta experi\u00eancia para o desenvolvimento da empresa.<\/p>\n<h3>Expans\u00e3o na localiza\u00e7\u00e3o de Frankfurt<\/h3>\n<p>A WFS planeja expandir significativamente suas atividades no mais importante hub de carga a\u00e9rea da Alemanha, especialmente nas \u00e1reas de expedi\u00e7\u00e3o e e-commerce. Para alcan\u00e7ar esses objetivos, a empresa ocupar\u00e1 um grande centro log\u00edstico na Cargo City S\u00fcd, que anteriormente era utilizado pela DHL. Essa medida visa fortalecer a competitividade da WFS no setor de carga a\u00e9rea.<\/p>\n<p>Roland Weil traz 40 anos de experi\u00eancia na ind\u00fastria da avia\u00e7\u00e3o. Sua carreira come\u00e7ou no departamento de vendas da Air Canada em Frankfurt. Em seguida, ele trabalhou por muitos anos na Delta Air Lines, onde ocupou v\u00e1rias posi\u00e7\u00f5es de vendas, sendo a \u00faltima como Regional Director Sales Southern Europe and Southeast Asia. Em mar\u00e7o de 2005, ele se juntou \u00e0 Fraport como Vice President Sales, onde atuou como ponto de contato central para os planejadores de rotas e redes das companhias a\u00e9reas, garantindo o desenvolvimento de voos regulares para e atrav\u00e9s de Frankfurt. Em fevereiro de 2013, ele assumiu a rec\u00e9m-criada posi\u00e7\u00e3o de Vice President Sales Cargo na Fraport e foi fundamental na expans\u00e3o do neg\u00f3cio de carga a\u00e9rea no Aeroporto de Frankfurt.<\/p>\n<p>Claus Wagner, diretor executivo da FCS, a filial de Frankfurt da WFS, comentou positivamente sobre a nova contrata\u00e7\u00e3o: \u201cEstamos felizes em receber Roland Weil na fam\u00edlia WFS. Em sua nova fun\u00e7\u00e3o, ele apoiar\u00e1 o desenvolvimento de novos produtos e a expans\u00e3o de nossas atividades de manuseio de carga a\u00e9rea. Estamos muito otimistas em rela\u00e7\u00e3o \u00e0 colabora\u00e7\u00e3o com ele no contexto do desenvolvimento cont\u00ednuo de nossas atividades em Frankfurt.\u201d<\/p>\n<p>A Worldwide Flight Services foi fundada em 1984 e \u00e9, como membro do grupo SATS, o maior prestador de servi\u00e7os de log\u00edstica de carga a\u00e9rea do mundo. A empresa tamb\u00e9m \u00e9 um dos principais fornecedores de servi\u00e7os de manuseio em solo e registrou uma receita anual de 2 bilh\u00f5es de euros. Com uma rede de mais de 225 esta\u00e7\u00f5es de carga e manuseio em solo em 27 pa\u00edses, a WFS cobre rotas comerciais respons\u00e1veis por mais de 50% do volume global de carga a\u00e9rea.<\/p>\n<p>&nbsp;<\/p>\n<p><a href=\"https:\/\/www.wfs.aero\/\" target=\"_blank\" rel=\"noopener noreferrer\">www.wfs.aero<\/a><\/p>\n<p>&nbsp;<\/p>\n","protected":false},"excerpt":{"rendered":"<p>Roland Weil assumiu seu novo cargo como Vice President Business Development EFFH Germany na Worldwide Flight Services para expandir a localiza\u00e7\u00e3o de Frankfurt.<\/p>\n","protected":false},"author":12,"featured_media":73524,"comment_status":"open","ping_status":"open","sticky":false,"template":"","format":"standard","meta":{"_acf_changed":false,"footnotes":""},"categories":[1615,1618],"tags":[6505,2648,2600,6580,6581,6582,6583,6584,6585,6586,2207,6587,6588,6589,6590,1996,2115,2266,6591,6592,6528,6593,6594,2655,6595,6596,2125,3520,3521,3872,2469,1831,6597,1962,6598,6599,6600,6601,5867,5531,4031,6602,6603,1857,2837,2155,1837,6604,6605,6606],"class_list":["post-73529","post","type-post","status-publish","format-standard","has-post-thumbnail","hentry","category-pessoas-e-empresas","category-transporte-aereo-de-mercadorias","tag-aeroport-de-francfort","tag-air-freight","tag-air-freight-infrastructure","tag-air-freight-sector","tag-air-cargo-handling","tag-aviation-labor-shortage","tag-business-development-francais-roland-weil","tag-cargo-city-south-logistics-center","tag-cargo-handling","tag-centre-logistique-cargo-city-sud","tag-chaine-dapprovisionnement","tag-competitiveness","tag-competitivite","tag-deutsch-roland-weil","tag-developpement-commercial","tag-dhl","tag-digitalisierung-in-der-logistik","tag-e-commerce","tag-fachkraeftemangel-luftfahrt","tag-frachtabfertigung","tag-frankfurt-airport","tag-frankfurter-flughafen","tag-freight-forwarding","tag-fret-aerien","tag-germany-air-freight-hub","tag-hub-de-fret-aerien-en-allemagne","tag-industrie-du-transport","tag-infrastructure-de-fret-aerien","tag-infrastruktur-luftfracht","tag-logistics-digitalization","tag-logistics-service-provider","tag-logistikdienstleister","tag-logistikzentrum-cargo-city-sued","tag-luftfracht","tag-luftfracht-hub-deutschland","tag-luftfrachtsektor","tag-manutention-de-cargaison","tag-manutention-de-fret-aerien","tag-numerisation-de-la-logistique","tag-penurie-de-main-doeuvre-dans-laviation","tag-prestataire-de-services-logistiques","tag-secteur-du-fret-aerien","tag-spedition","tag-supply-chain","tag-transport-de-marchandises","tag-transport-industry","tag-transportwirtschaft","tag-wettbewerbsfaehigkeit-english-roland-weil","tag-wfs","tag-worldwide-flight-services"],"acf":[],"yoast_head":"<!-- This site is optimized with the Yoast SEO plugin v27.3 - https:\/\/yoast.com\/product\/yoast-seo-wordpress\/ -->\n<title>Roland Weil novo Vice President na WFS - Loginfo24<\/title>\n<meta name=\"robots\" content=\"index, follow, max-snippet:-1, max-image-preview:large, max-video-preview:-1\" \/>\n<link rel=\"canonical\" href=\"https:\/\/loginfo24.com\/pt-pt\/2026\/01\/23\/roland-weil-novo-vice-president-na-wfs\/\" \/>\n<meta property=\"og:locale\" content=\"pt_PT\" \/>\n<meta property=\"og:type\" content=\"article\" \/>\n<meta property=\"og:title\" content=\"Roland Weil novo Vice President na WFS - Loginfo24\" \/>\n<meta property=\"og:description\" content=\"Roland Weil assumiu seu novo cargo como Vice President Business Development EFFH Germany na Worldwide Flight Services para expandir a localiza\u00e7\u00e3o de Frankfurt.\" \/>\n<meta property=\"og:url\" content=\"https:\/\/loginfo24.com\/pt-pt\/2026\/01\/23\/roland-weil-novo-vice-president-na-wfs\/\" \/>\n<meta property=\"og:site_name\" content=\"Loginfo24\" \/>\n<meta property=\"article:publisher\" content=\"https:\/\/www.facebook.com\/people\/Loginfo24\/100057360583332\/\" \/>\n<meta property=\"article:published_time\" content=\"2026-01-23T11:00:01+00:00\" \/>\n<meta property=\"og:image\" content=\"https:\/\/loginfo24.com\/wp-content\/uploads\/sites\/7\/2026\/01\/Bild_Roland_Weil-aspect-ratio-1400-788.jpg\" \/>\n\t<meta property=\"og:image:width\" content=\"750\" \/>\n\t<meta property=\"og:image:height\" content=\"422\" \/>\n\t<meta property=\"og:image:type\" content=\"image\/jpeg\" \/>\n<meta name=\"author\" content=\"Andreas Haug\" \/>\n<meta name=\"twitter:card\" content=\"summary_large_image\" \/>\n<meta name=\"twitter:label1\" content=\"Escrito por\" \/>\n\t<meta name=\"twitter:data1\" content=\"Andreas Haug\" \/>\n\t<meta name=\"twitter:label2\" content=\"Tempo estimado de leitura\" \/>\n\t<meta name=\"twitter:data2\" content=\"2 minutos\" \/>\n<script type=\"application\/ld+json\" class=\"yoast-schema-graph\">{\"@context\":\"https:\\\/\\\/schema.org\",\"@graph\":[{\"@type\":\"Article\",\"@id\":\"https:\\\/\\\/loginfo24.com\\\/pt-pt\\\/2026\\\/01\\\/23\\\/roland-weil-novo-vice-president-na-wfs\\\/#article\",\"isPartOf\":{\"@id\":\"https:\\\/\\\/loginfo24.com\\\/pt-pt\\\/2026\\\/01\\\/23\\\/roland-weil-novo-vice-president-na-wfs\\\/\"},\"author\":{\"name\":\"Andreas Haug\",\"@id\":\"https:\\\/\\\/loginfo24.com\\\/pt-pt\\\/#\\\/schema\\\/person\\\/cf538b3157f15afd7589245a4b3dbd25\"},\"headline\":\"Roland Weil novo Vice President na WFS\",\"datePublished\":\"2026-01-23T11:00:01+00:00\",\"mainEntityOfPage\":{\"@id\":\"https:\\\/\\\/loginfo24.com\\\/pt-pt\\\/2026\\\/01\\\/23\\\/roland-weil-novo-vice-president-na-wfs\\\/\"},\"wordCount\":463,\"commentCount\":0,\"publisher\":{\"@id\":\"https:\\\/\\\/loginfo24.com\\\/pt-pt\\\/#organization\"},\"image\":{\"@id\":\"https:\\\/\\\/loginfo24.com\\\/pt-pt\\\/2026\\\/01\\\/23\\\/roland-weil-novo-vice-president-na-wfs\\\/#primaryimage\"},\"thumbnailUrl\":\"https:\\\/\\\/loginfo24.com\\\/wp-content\\\/uploads\\\/sites\\\/7\\\/2026\\\/01\\\/Bild_Roland_Weil-aspect-ratio-1400-788.jpg\",\"keywords\":[\"a\u00e9roport de Francfort\",\"air freight\",\"air freight infrastructure\",\"air freight sector\",\"Air-Cargo-Handling\",\"aviation labor shortage\",\"business development Fran\u00e7ais Roland Weil\",\"Cargo City South logistics center\",\"cargo handling\",\"centre logistique Cargo City Sud\",\"cha\u00eene d'approvisionnement\",\"competitiveness\",\"comp\u00e9titivit\u00e9\",\"Deutsch Roland Weil\",\"d\u00e9veloppement commercial\",\"DHL\",\"Digitalisierung in der Logistik\",\"E-Commerce\",\"Fachkr\u00e4ftemangel Luftfahrt\",\"Frachtabfertigung\",\"Frankfurt Airport\",\"Frankfurter Flughafen\",\"freight forwarding\",\"fret a\u00e9rien\",\"Germany air freight hub\",\"hub de fret a\u00e9rien en Allemagne\",\"industrie du transport\",\"infrastructure de fret a\u00e9rien\",\"Infrastruktur Luftfracht\",\"logistics digitalization\",\"logistics service provider\",\"Logistikdienstleister\",\"Logistikzentrum Cargo City S\u00fcd\",\"Luftfracht\",\"Luftfracht-Hub Deutschland\",\"Luftfrachtsektor\",\"manutention de cargaison\",\"manutention de fret a\u00e9rien\",\"num\u00e9risation de la logistique\",\"p\u00e9nurie de main-d'\u0153uvre dans l'aviation\",\"prestataire de services logistiques\",\"secteur du fret a\u00e9rien\",\"Spedition\",\"Supply Chain\",\"transport de marchandises\",\"transport industry\",\"Transportwirtschaft\",\"Wettbewerbsf\u00e4higkeit English Roland Weil\",\"WFS\",\"Worldwide Flight Services\"],\"articleSection\":[\"Pessoas e empresas\",\"Transporte a\u00e9reo de mercadorias\"],\"inLanguage\":\"pt-PT\",\"potentialAction\":[{\"@type\":\"CommentAction\",\"name\":\"Comment\",\"target\":[\"https:\\\/\\\/loginfo24.com\\\/pt-pt\\\/2026\\\/01\\\/23\\\/roland-weil-novo-vice-president-na-wfs\\\/#respond\"]}]},{\"@type\":\"WebPage\",\"@id\":\"https:\\\/\\\/loginfo24.com\\\/pt-pt\\\/2026\\\/01\\\/23\\\/roland-weil-novo-vice-president-na-wfs\\\/\",\"url\":\"https:\\\/\\\/loginfo24.com\\\/pt-pt\\\/2026\\\/01\\\/23\\\/roland-weil-novo-vice-president-na-wfs\\\/\",\"name\":\"Roland Weil novo Vice President na WFS - Loginfo24\",\"isPartOf\":{\"@id\":\"https:\\\/\\\/loginfo24.com\\\/pt-pt\\\/#website\"},\"primaryImageOfPage\":{\"@id\":\"https:\\\/\\\/loginfo24.com\\\/pt-pt\\\/2026\\\/01\\\/23\\\/roland-weil-novo-vice-president-na-wfs\\\/#primaryimage\"},\"image\":{\"@id\":\"https:\\\/\\\/loginfo24.com\\\/pt-pt\\\/2026\\\/01\\\/23\\\/roland-weil-novo-vice-president-na-wfs\\\/#primaryimage\"},\"thumbnailUrl\":\"https:\\\/\\\/loginfo24.com\\\/wp-content\\\/uploads\\\/sites\\\/7\\\/2026\\\/01\\\/Bild_Roland_Weil-aspect-ratio-1400-788.jpg\",\"datePublished\":\"2026-01-23T11:00:01+00:00\",\"breadcrumb\":{\"@id\":\"https:\\\/\\\/loginfo24.com\\\/pt-pt\\\/2026\\\/01\\\/23\\\/roland-weil-novo-vice-president-na-wfs\\\/#breadcrumb\"},\"inLanguage\":\"pt-PT\",\"potentialAction\":[{\"@type\":\"ReadAction\",\"target\":[\"https:\\\/\\\/loginfo24.com\\\/pt-pt\\\/2026\\\/01\\\/23\\\/roland-weil-novo-vice-president-na-wfs\\\/\"]}]},{\"@type\":\"ImageObject\",\"inLanguage\":\"pt-PT\",\"@id\":\"https:\\\/\\\/loginfo24.com\\\/pt-pt\\\/2026\\\/01\\\/23\\\/roland-weil-novo-vice-president-na-wfs\\\/#primaryimage\",\"url\":\"https:\\\/\\\/loginfo24.com\\\/wp-content\\\/uploads\\\/sites\\\/7\\\/2026\\\/01\\\/Bild_Roland_Weil-aspect-ratio-1400-788.jpg\",\"contentUrl\":\"https:\\\/\\\/loginfo24.com\\\/wp-content\\\/uploads\\\/sites\\\/7\\\/2026\\\/01\\\/Bild_Roland_Weil-aspect-ratio-1400-788.jpg\",\"width\":750,\"height\":422},{\"@type\":\"BreadcrumbList\",\"@id\":\"https:\\\/\\\/loginfo24.com\\\/pt-pt\\\/2026\\\/01\\\/23\\\/roland-weil-novo-vice-president-na-wfs\\\/#breadcrumb\",\"itemListElement\":[{\"@type\":\"ListItem\",\"position\":1,\"name\":\"Startseite\",\"item\":\"https:\\\/\\\/loginfo24.com\\\/pt-pt\\\/\"},{\"@type\":\"ListItem\",\"position\":2,\"name\":\"Roland Weil novo Vice President na WFS\"}]},{\"@type\":\"WebSite\",\"@id\":\"https:\\\/\\\/loginfo24.com\\\/pt-pt\\\/#website\",\"url\":\"https:\\\/\\\/loginfo24.com\\\/pt-pt\\\/\",\"name\":\"Loginfo24\",\"description\":\"Loginfo24 \u00e9 a plataforma dedicada \u00e0 log\u00edstica e \u00e0s cadeias de abastecimento, com informa\u00e7\u00f5es dispon\u00edveis 24 horas por dia.\",\"publisher\":{\"@id\":\"https:\\\/\\\/loginfo24.com\\\/pt-pt\\\/#organization\"},\"potentialAction\":[{\"@type\":\"SearchAction\",\"target\":{\"@type\":\"EntryPoint\",\"urlTemplate\":\"https:\\\/\\\/loginfo24.com\\\/pt-pt\\\/?s={search_term_string}\"},\"query-input\":{\"@type\":\"PropertyValueSpecification\",\"valueRequired\":true,\"valueName\":\"search_term_string\"}}],\"inLanguage\":\"pt-PT\"},{\"@type\":\"Organization\",\"@id\":\"https:\\\/\\\/loginfo24.com\\\/pt-pt\\\/#organization\",\"name\":\"Logismedia Group AG\",\"url\":\"https:\\\/\\\/loginfo24.com\\\/pt-pt\\\/\",\"logo\":{\"@type\":\"ImageObject\",\"inLanguage\":\"pt-PT\",\"@id\":\"https:\\\/\\\/loginfo24.com\\\/pt-pt\\\/#\\\/schema\\\/logo\\\/image\\\/\",\"url\":\"https:\\\/\\\/loginfo24.com\\\/wp-content\\\/uploads\\\/sites\\\/7\\\/2026\\\/01\\\/Logo_LogInfo24.png\",\"contentUrl\":\"https:\\\/\\\/loginfo24.com\\\/wp-content\\\/uploads\\\/sites\\\/7\\\/2026\\\/01\\\/Logo_LogInfo24.png\",\"width\":938,\"height\":351,\"caption\":\"Logismedia Group AG\"},\"image\":{\"@id\":\"https:\\\/\\\/loginfo24.com\\\/pt-pt\\\/#\\\/schema\\\/logo\\\/image\\\/\"},\"sameAs\":[\"https:\\\/\\\/www.facebook.com\\\/people\\\/Loginfo24\\\/100057360583332\\\/\",\"https:\\\/\\\/www.linkedin.com\\\/company\\\/lofinfo24\\\/\"]},{\"@type\":\"Person\",\"@id\":\"https:\\\/\\\/loginfo24.com\\\/pt-pt\\\/#\\\/schema\\\/person\\\/cf538b3157f15afd7589245a4b3dbd25\",\"name\":\"Andreas Haug\",\"url\":\"https:\\\/\\\/loginfo24.com\\\/pt-pt\\\/author\\\/andreas\\\/\"}]}<\/script>\n<!-- \/ Yoast SEO plugin. -->","yoast_head_json":{"title":"Roland Weil novo Vice President na WFS - Loginfo24","robots":{"index":"index","follow":"follow","max-snippet":"max-snippet:-1","max-image-preview":"max-image-preview:large","max-video-preview":"max-video-preview:-1"},"canonical":"https:\/\/loginfo24.com\/pt-pt\/2026\/01\/23\/roland-weil-novo-vice-president-na-wfs\/","og_locale":"pt_PT","og_type":"article","og_title":"Roland Weil novo Vice President na WFS - Loginfo24","og_description":"Roland Weil assumiu seu novo cargo como Vice President Business Development EFFH Germany na Worldwide Flight Services para expandir a localiza\u00e7\u00e3o de Frankfurt.","og_url":"https:\/\/loginfo24.com\/pt-pt\/2026\/01\/23\/roland-weil-novo-vice-president-na-wfs\/","og_site_name":"Loginfo24","article_publisher":"https:\/\/www.facebook.com\/people\/Loginfo24\/100057360583332\/","article_published_time":"2026-01-23T11:00:01+00:00","og_image":[{"width":750,"height":422,"url":"https:\/\/loginfo24.com\/wp-content\/uploads\/sites\/7\/2026\/01\/Bild_Roland_Weil-aspect-ratio-1400-788.jpg","type":"image\/jpeg"}],"author":"Andreas Haug","twitter_card":"summary_large_image","twitter_misc":{"Escrito por":"Andreas Haug","Tempo estimado de leitura":"2 minutos"},"schema":{"@context":"https:\/\/schema.org","@graph":[{"@type":"Article","@id":"https:\/\/loginfo24.com\/pt-pt\/2026\/01\/23\/roland-weil-novo-vice-president-na-wfs\/#article","isPartOf":{"@id":"https:\/\/loginfo24.com\/pt-pt\/2026\/01\/23\/roland-weil-novo-vice-president-na-wfs\/"},"author":{"name":"Andreas Haug","@id":"https:\/\/loginfo24.com\/pt-pt\/#\/schema\/person\/cf538b3157f15afd7589245a4b3dbd25"},"headline":"Roland Weil novo Vice President na WFS","datePublished":"2026-01-23T11:00:01+00:00","mainEntityOfPage":{"@id":"https:\/\/loginfo24.com\/pt-pt\/2026\/01\/23\/roland-weil-novo-vice-president-na-wfs\/"},"wordCount":463,"commentCount":0,"publisher":{"@id":"https:\/\/loginfo24.com\/pt-pt\/#organization"},"image":{"@id":"https:\/\/loginfo24.com\/pt-pt\/2026\/01\/23\/roland-weil-novo-vice-president-na-wfs\/#primaryimage"},"thumbnailUrl":"https:\/\/loginfo24.com\/wp-content\/uploads\/sites\/7\/2026\/01\/Bild_Roland_Weil-aspect-ratio-1400-788.jpg","keywords":["a\u00e9roport de Francfort","air freight","air freight infrastructure","air freight sector","Air-Cargo-Handling","aviation labor shortage","business development Fran\u00e7ais Roland Weil","Cargo City South logistics center","cargo handling","centre logistique Cargo City Sud","cha\u00eene d'approvisionnement","competitiveness","comp\u00e9titivit\u00e9","Deutsch Roland Weil","d\u00e9veloppement commercial","DHL","Digitalisierung in der Logistik","E-Commerce","Fachkr\u00e4ftemangel Luftfahrt","Frachtabfertigung","Frankfurt Airport","Frankfurter Flughafen","freight forwarding","fret a\u00e9rien","Germany air freight hub","hub de fret a\u00e9rien en Allemagne","industrie du transport","infrastructure de fret a\u00e9rien","Infrastruktur Luftfracht","logistics digitalization","logistics service provider","Logistikdienstleister","Logistikzentrum Cargo City S\u00fcd","Luftfracht","Luftfracht-Hub Deutschland","Luftfrachtsektor","manutention de cargaison","manutention de fret a\u00e9rien","num\u00e9risation de la logistique","p\u00e9nurie de main-d'\u0153uvre dans l'aviation","prestataire de services logistiques","secteur du fret a\u00e9rien","Spedition","Supply Chain","transport de marchandises","transport industry","Transportwirtschaft","Wettbewerbsf\u00e4higkeit English Roland Weil","WFS","Worldwide Flight Services"],"articleSection":["Pessoas e empresas","Transporte a\u00e9reo de mercadorias"],"inLanguage":"pt-PT","potentialAction":[{"@type":"CommentAction","name":"Comment","target":["https:\/\/loginfo24.com\/pt-pt\/2026\/01\/23\/roland-weil-novo-vice-president-na-wfs\/#respond"]}]},{"@type":"WebPage","@id":"https:\/\/loginfo24.com\/pt-pt\/2026\/01\/23\/roland-weil-novo-vice-president-na-wfs\/","url":"https:\/\/loginfo24.com\/pt-pt\/2026\/01\/23\/roland-weil-novo-vice-president-na-wfs\/","name":"Roland Weil novo Vice President na WFS - Loginfo24","isPartOf":{"@id":"https:\/\/loginfo24.com\/pt-pt\/#website"},"primaryImageOfPage":{"@id":"https:\/\/loginfo24.com\/pt-pt\/2026\/01\/23\/roland-weil-novo-vice-president-na-wfs\/#primaryimage"},"image":{"@id":"https:\/\/loginfo24.com\/pt-pt\/2026\/01\/23\/roland-weil-novo-vice-president-na-wfs\/#primaryimage"},"thumbnailUrl":"https:\/\/loginfo24.com\/wp-content\/uploads\/sites\/7\/2026\/01\/Bild_Roland_Weil-aspect-ratio-1400-788.jpg","datePublished":"2026-01-23T11:00:01+00:00","breadcrumb":{"@id":"https:\/\/loginfo24.com\/pt-pt\/2026\/01\/23\/roland-weil-novo-vice-president-na-wfs\/#breadcrumb"},"inLanguage":"pt-PT","potentialAction":[{"@type":"ReadAction","target":["https:\/\/loginfo24.com\/pt-pt\/2026\/01\/23\/roland-weil-novo-vice-president-na-wfs\/"]}]},{"@type":"ImageObject","inLanguage":"pt-PT","@id":"https:\/\/loginfo24.com\/pt-pt\/2026\/01\/23\/roland-weil-novo-vice-president-na-wfs\/#primaryimage","url":"https:\/\/loginfo24.com\/wp-content\/uploads\/sites\/7\/2026\/01\/Bild_Roland_Weil-aspect-ratio-1400-788.jpg","contentUrl":"https:\/\/loginfo24.com\/wp-content\/uploads\/sites\/7\/2026\/01\/Bild_Roland_Weil-aspect-ratio-1400-788.jpg","width":750,"height":422},{"@type":"BreadcrumbList","@id":"https:\/\/loginfo24.com\/pt-pt\/2026\/01\/23\/roland-weil-novo-vice-president-na-wfs\/#breadcrumb","itemListElement":[{"@type":"ListItem","position":1,"name":"Startseite","item":"https:\/\/loginfo24.com\/pt-pt\/"},{"@type":"ListItem","position":2,"name":"Roland Weil novo Vice President na WFS"}]},{"@type":"WebSite","@id":"https:\/\/loginfo24.com\/pt-pt\/#website","url":"https:\/\/loginfo24.com\/pt-pt\/","name":"Loginfo24","description":"Loginfo24 \u00e9 a plataforma dedicada \u00e0 log\u00edstica e \u00e0s cadeias de abastecimento, com informa\u00e7\u00f5es dispon\u00edveis 24 horas por dia.","publisher":{"@id":"https:\/\/loginfo24.com\/pt-pt\/#organization"},"potentialAction":[{"@type":"SearchAction","target":{"@type":"EntryPoint","urlTemplate":"https:\/\/loginfo24.com\/pt-pt\/?s={search_term_string}"},"query-input":{"@type":"PropertyValueSpecification","valueRequired":true,"valueName":"search_term_string"}}],"inLanguage":"pt-PT"},{"@type":"Organization","@id":"https:\/\/loginfo24.com\/pt-pt\/#organization","name":"Logismedia Group AG","url":"https:\/\/loginfo24.com\/pt-pt\/","logo":{"@type":"ImageObject","inLanguage":"pt-PT","@id":"https:\/\/loginfo24.com\/pt-pt\/#\/schema\/logo\/image\/","url":"https:\/\/loginfo24.com\/wp-content\/uploads\/sites\/7\/2026\/01\/Logo_LogInfo24.png","contentUrl":"https:\/\/loginfo24.com\/wp-content\/uploads\/sites\/7\/2026\/01\/Logo_LogInfo24.png","width":938,"height":351,"caption":"Logismedia Group AG"},"image":{"@id":"https:\/\/loginfo24.com\/pt-pt\/#\/schema\/logo\/image\/"},"sameAs":["https:\/\/www.facebook.com\/people\/Loginfo24\/100057360583332\/","https:\/\/www.linkedin.com\/company\/lofinfo24\/"]},{"@type":"Person","@id":"https:\/\/loginfo24.com\/pt-pt\/#\/schema\/person\/cf538b3157f15afd7589245a4b3dbd25","name":"Andreas Haug","url":"https:\/\/loginfo24.com\/pt-pt\/author\/andreas\/"}]}},"_links":{"self":[{"href":"https:\/\/loginfo24.com\/pt-pt\/wp-json\/wp\/v2\/posts\/73529","targetHints":{"allow":["GET"]}}],"collection":[{"href":"https:\/\/loginfo24.com\/pt-pt\/wp-json\/wp\/v2\/posts"}],"about":[{"href":"https:\/\/loginfo24.com\/pt-pt\/wp-json\/wp\/v2\/types\/post"}],"author":[{"embeddable":true,"href":"https:\/\/loginfo24.com\/pt-pt\/wp-json\/wp\/v2\/users\/12"}],"replies":[{"embeddable":true,"href":"https:\/\/loginfo24.com\/pt-pt\/wp-json\/wp\/v2\/comments?post=73529"}],"version-history":[{"count":0,"href":"https:\/\/loginfo24.com\/pt-pt\/wp-json\/wp\/v2\/posts\/73529\/revisions"}],"wp:featuredmedia":[{"embeddable":true,"href":"https:\/\/loginfo24.com\/pt-pt\/wp-json\/wp\/v2\/media\/73524"}],"wp:attachment":[{"href":"https:\/\/loginfo24.com\/pt-pt\/wp-json\/wp\/v2\/media?parent=73529"}],"wp:term":[{"taxonomy":"category","embeddable":true,"href":"https:\/\/loginfo24.com\/pt-pt\/wp-json\/wp\/v2\/categories?post=73529"},{"taxonomy":"post_tag","embeddable":true,"href":"https:\/\/loginfo24.com\/pt-pt\/wp-json\/wp\/v2\/tags?post=73529"}],"curies":[{"name":"wp","href":"https:\/\/api.w.org\/{rel}","templated":true}]}}