{"id":73503,"date":"2026-01-23T08:03:06","date_gmt":"2026-01-23T08:03:06","guid":{"rendered":"https:\/\/loginfo24.brand-architecture.at\/2026\/01\/23\/barigs-evento-de-ano-novo-no-ano-do-jubileu\/"},"modified":"2026-01-23T09:17:34","modified_gmt":"2026-01-23T08:17:34","slug":"barigs-evento-de-ano-novo-no-ano-do-jubileu","status":"publish","type":"post","link":"https:\/\/loginfo24.com\/pt-pt\/2026\/01\/23\/barigs-evento-de-ano-novo-no-ano-do-jubileu\/","title":{"rendered":"BARIG: evento de Ano Novo no ano do jubileu"},"content":{"rendered":"<p>Cerca de 150 profissionais e l\u00edderes da ind\u00fastria de avia\u00e7\u00e3o nacional e internacional se reuniram recentemente no Hilton Frankfurt Airport Hotel para o evento de Ano Novo 2026 do Board of Airline Representatives in Germany (BARIG) e do Airline Operators Committee Frankfurt (AOC FRA). O evento ofereceu uma plataforma para a troca entre representantes de companhias a\u00e9reas, operadores de aeroportos, pol\u00edtica estadual, pol\u00edcia federal, alf\u00e2ndega, al\u00e9m de outras autoridades e prestadores de servi\u00e7os. O objetivo foi discutir os desafios do ano de 2026 e fortalecer a colabora\u00e7\u00e3o na ind\u00fastria.<\/p>\n<h3>Anivers\u00e1rio e colabora\u00e7\u00e3o em foco<\/h3>\n<p>Michael Hoppe (centro), Chairman e Executive Director do BARIG, enfatizou a import\u00e2ncia do evento de Ano Novo como um marco para o 75\u00ba anivers\u00e1rio da associa\u00e7\u00e3o. \u201cDesde 1951, defendemos os interesses das companhias a\u00e9reas junto \u00e0 pol\u00edtica, aeroportos e autoridades, promovendo a colabora\u00e7\u00e3o em parceria\u201d, explicou Hoppe. O alto n\u00famero de participantes ilustra como a colabora\u00e7\u00e3o e a a\u00e7\u00e3o conjunta s\u00e3o importantes para o local de avia\u00e7\u00e3o na Alemanha.<\/p>\n<p>Klaus Marx (2\u00ba \u00e0 esquerda), Chairman do AOC FRA, complementou que a estreita coordena\u00e7\u00e3o entre os diferentes atores no aeroporto de Frankfurt \u00e9 crucial para garantir qualidade e estabilidade. Ele destacou que eventos como o New Year\u2019s Event promovem a compreens\u00e3o m\u00fatua, necess\u00e1ria para futuras melhorias.<\/p>\n<h3>Impulsos pol\u00edticos para a avia\u00e7\u00e3o<\/h3>\n<p>Em seu discurso, Kaweh Mansoori (2\u00ba \u00e0 direita), Vice-Ministro-Presidente e Ministro de Economia, Energia, Transporte, Habita\u00e7\u00e3o e Espa\u00e7o Rural da Hesse, enfatizou o papel central da avia\u00e7\u00e3o para a Hesse e a Alemanha. Ele descreveu o aeroporto de Frankfurt como um importante motor econ\u00f4mico e fator de competitividade. Mansoori anunciou que se empenhar\u00e1 na redu\u00e7\u00e3o do imposto sobre a avia\u00e7\u00e3o e planeja mais al\u00edvios e melhorias de efici\u00eancia em v\u00e1rias \u00e1reas.<\/p>\n<p>Aletta von Massenbach (\u00e0 direita), CEO da Flughafen Berlin Brandenburg GmbH e Presidente da associa\u00e7\u00e3o de aeroportos ADV, apontou as grandes transforma\u00e7\u00f5es que a ind\u00fastria enfrenta, incluindo digitaliza\u00e7\u00e3o e sustentabilidade. Ela enfatizou que esses desafios s\u00f3 podem ser enfrentados em conjunto e que o New Year\u2019s Event demonstrou a for\u00e7a das redes e a disposi\u00e7\u00e3o para a mudan\u00e7a.<\/p>\n<p>Dr. Pierre Dominique Pr\u00fcmm (\u00e0 esquerda), membro do conselho da Fraport AG, sublinhou a necessidade de comunica\u00e7\u00e3o e colabora\u00e7\u00e3o para aumentar a efici\u00eancia operacional. Ele pediu um desenvolvimento da infraestrutura na avia\u00e7\u00e3o e a elimina\u00e7\u00e3o de desvantagens competitivas atuais.<\/p>\n<h3>Olhar para o futuro da avia\u00e7\u00e3o<\/h3>\n<p>O New Year\u2019s Event marcou para a comunidade BARIG n\u00e3o apenas o in\u00edcio do ano, mas tamb\u00e9m o come\u00e7o de um ano de anivers\u00e1rio. A associa\u00e7\u00e3o tem se desenvolvido continuamente desde sua funda\u00e7\u00e3o em 1951 e defende os interesses das companhias a\u00e9reas que operam na Alemanha. O BARIG exige condi\u00e7\u00f5es justas, efici\u00eancia de custos e uma infraestrutura moderna para garantir a competitividade global do local de avia\u00e7\u00e3o na Alemanha.<\/p>\n<p>&nbsp;<\/p>\n<p><a href=\"https:\/\/www.barig.aero\/\" target=\"_blank\" rel=\"noopener noreferrer\">www.barig.aero<\/a><\/p>\n<p>&nbsp;<\/p>\n","protected":false},"excerpt":{"rendered":"<p>Cerca de 150 especialistas e l\u00edderes da ind\u00fastria da avia\u00e7\u00e3o se reuniram recentemente em Frankfurt para discutir desafios e fortalecer a colabora\u00e7\u00e3o para 2026.<\/p>\n","protected":false},"author":12,"featured_media":73498,"comment_status":"open","ping_status":"open","sticky":false,"template":"","format":"standard","meta":{"_acf_changed":false,"footnotes":""},"categories":[1615,1618],"tags":[6502,6503,6504,6505,6506,6507,6508,6509,6510,6511,6512,6513,6514,6515,3225,6516,6517,6518,4282,4951,6519,6520,6521,6522,6523,6524,6525,6526,6527,6528,6529,6530,6531,6532,6533,6534,4962,6535,4298,6536,5531,6537,6538,6539,4974,6540,6541,6542,6543,6544,6545,6546,6547,6548],"class_list":["post-73503","post","type-post","status-publish","format-standard","has-post-thumbnail","hentry","category-pessoas-e-empresas","category-transporte-aereo-de-mercadorias","tag-75-ans-de-barig","tag-75-jahre-barig-english-air-transport-industry","tag-75-years-barig-francais-secteur-aerien","tag-aeroport-de-francfort","tag-air-traffic-tax","tag-air-transport-location-hesse","tag-airline-operators-committee","tag-airport-operators","tag-amelioration-de-lefficacite-du-transport-aerien","tag-barig","tag-collaboration-dans-laviation","tag-collaboration-in-aviation","tag-comite-des-operateurs-aeriens","tag-competitiveness-airlines","tag-competitivite-des-compagnies-aeriennes","tag-deutsch-luftverkehrsbranche","tag-developpement-des-infrastructures-aeronautiques","tag-digitalisierung-im-luftverkehr","tag-digitalization-in-aviation","tag-durabilite-dans-laviation","tag-economic-significance-air-transport","tag-economie-du-transport-en-allemagne","tag-efficiency-improvement-air-transport","tag-effizienzsteigerung-luftverkehr","tag-emplacement-aerien-hesse","tag-evenement-du-nouvel-an","tag-fachkraeftemangel-luftverkehr","tag-flughafen-frankfurt","tag-flughafenbetreiber","tag-frankfurt-airport","tag-importance-economique-du-transport-aerien","tag-impulsions-politiques-pour-le-transport-aerien","tag-infrastructure-development-aviation","tag-infrastrukturentwicklung-luftverkehr","tag-luftverkehrsstandort-hessen","tag-luftverkehrssteuer","tag-nachhaltigkeit-in-der-luftfahrt","tag-new-years-event","tag-numerisation-dans-laviation","tag-operateurs-daeroport","tag-penurie-de-main-doeuvre-dans-laviation","tag-political-impulses-air-transport","tag-politische-impulse-luftverkehr","tag-skilled-labor-shortage-aviation","tag-sustainability-in-aviation","tag-taxe-sur-le-transport-aerien","tag-transformation-aviation-industry","tag-transformation-du-secteur-aerien","tag-transformation-luftfahrtbranche","tag-transport-economy-germany","tag-transportwirtschaft-deutschland","tag-wettbewerbsfaehigkeit-fluggesellschaften","tag-wirtschaftliche-bedeutung-luftverkehr","tag-zusammenarbeit-in-der-luftfahrt"],"acf":[],"yoast_head":"<!-- This site is optimized with the Yoast SEO plugin v27.3 - https:\/\/yoast.com\/product\/yoast-seo-wordpress\/ -->\n<title>BARIG: evento de Ano Novo no ano do jubileu - Loginfo24<\/title>\n<meta name=\"robots\" content=\"index, follow, max-snippet:-1, max-image-preview:large, max-video-preview:-1\" \/>\n<link rel=\"canonical\" href=\"https:\/\/loginfo24.com\/pt-pt\/2026\/01\/23\/barigs-evento-de-ano-novo-no-ano-do-jubileu\/\" \/>\n<meta property=\"og:locale\" content=\"pt_PT\" \/>\n<meta property=\"og:type\" content=\"article\" \/>\n<meta property=\"og:title\" content=\"BARIG: evento de Ano Novo no ano do jubileu - Loginfo24\" \/>\n<meta property=\"og:description\" content=\"Cerca de 150 especialistas e l\u00edderes da ind\u00fastria da avia\u00e7\u00e3o se reuniram recentemente em Frankfurt para discutir desafios e fortalecer a colabora\u00e7\u00e3o para 2026.\" \/>\n<meta property=\"og:url\" content=\"https:\/\/loginfo24.com\/pt-pt\/2026\/01\/23\/barigs-evento-de-ano-novo-no-ano-do-jubileu\/\" \/>\n<meta property=\"og:site_name\" content=\"Loginfo24\" \/>\n<meta property=\"article:publisher\" content=\"https:\/\/www.facebook.com\/people\/Loginfo24\/100057360583332\/\" \/>\n<meta property=\"article:published_time\" content=\"2026-01-23T08:03:06+00:00\" \/>\n<meta property=\"article:modified_time\" content=\"2026-01-23T08:17:34+00:00\" \/>\n<meta property=\"og:image\" content=\"https:\/\/loginfo24.com\/wp-content\/uploads\/sites\/7\/2026\/01\/2026_BARIG_AOC_FRA_New_Years_Event-c-BARIG-aspect-ratio-1400-788-1.jpg\" \/>\n\t<meta property=\"og:image:width\" content=\"1582\" \/>\n\t<meta property=\"og:image:height\" content=\"891\" \/>\n\t<meta property=\"og:image:type\" content=\"image\/jpeg\" \/>\n<meta name=\"author\" content=\"Andreas Haug\" \/>\n<meta name=\"twitter:card\" content=\"summary_large_image\" \/>\n<meta name=\"twitter:label1\" content=\"Escrito por\" \/>\n\t<meta name=\"twitter:data1\" content=\"Andreas Haug\" \/>\n\t<meta name=\"twitter:label2\" content=\"Tempo estimado de leitura\" \/>\n\t<meta name=\"twitter:data2\" content=\"3 minutos\" \/>\n<script type=\"application\/ld+json\" class=\"yoast-schema-graph\">{\"@context\":\"https:\\\/\\\/schema.org\",\"@graph\":[{\"@type\":\"Article\",\"@id\":\"https:\\\/\\\/loginfo24.com\\\/pt-pt\\\/2026\\\/01\\\/23\\\/barigs-evento-de-ano-novo-no-ano-do-jubileu\\\/#article\",\"isPartOf\":{\"@id\":\"https:\\\/\\\/loginfo24.com\\\/pt-pt\\\/2026\\\/01\\\/23\\\/barigs-evento-de-ano-novo-no-ano-do-jubileu\\\/\"},\"author\":{\"name\":\"Andreas Haug\",\"@id\":\"https:\\\/\\\/loginfo24.com\\\/pt-pt\\\/#\\\/schema\\\/person\\\/cf538b3157f15afd7589245a4b3dbd25\"},\"headline\":\"BARIG: evento de Ano Novo no ano do jubileu\",\"datePublished\":\"2026-01-23T08:03:06+00:00\",\"dateModified\":\"2026-01-23T08:17:34+00:00\",\"mainEntityOfPage\":{\"@id\":\"https:\\\/\\\/loginfo24.com\\\/pt-pt\\\/2026\\\/01\\\/23\\\/barigs-evento-de-ano-novo-no-ano-do-jubileu\\\/\"},\"wordCount\":524,\"commentCount\":0,\"publisher\":{\"@id\":\"https:\\\/\\\/loginfo24.com\\\/pt-pt\\\/#organization\"},\"image\":{\"@id\":\"https:\\\/\\\/loginfo24.com\\\/pt-pt\\\/2026\\\/01\\\/23\\\/barigs-evento-de-ano-novo-no-ano-do-jubileu\\\/#primaryimage\"},\"thumbnailUrl\":\"https:\\\/\\\/loginfo24.com\\\/wp-content\\\/uploads\\\/sites\\\/7\\\/2026\\\/01\\\/2026_BARIG_AOC_FRA_New_Years_Event-c-BARIG-aspect-ratio-1400-788-1.jpg\",\"keywords\":[\"75 ans de BARIG\",\"75 Jahre BARIG English air transport industry\",\"75 years BARIG Fran\u00e7ais secteur a\u00e9rien\",\"a\u00e9roport de Francfort\",\"air traffic tax\",\"air transport location Hesse\",\"Airline Operators Committee\",\"airport operators\",\"am\u00e9lioration de l'efficacit\u00e9 du transport a\u00e9rien\",\"BARIG\",\"collaboration dans l'aviation\",\"collaboration in aviation\",\"Comit\u00e9 des op\u00e9rateurs a\u00e9riens\",\"competitiveness airlines\",\"comp\u00e9titivit\u00e9 des compagnies a\u00e9riennes\",\"Deutsch Luftverkehrsbranche\",\"d\u00e9veloppement des infrastructures a\u00e9ronautiques\",\"Digitalisierung im Luftverkehr\",\"digitalization in aviation\",\"durabilit\u00e9 dans l'aviation\",\"economic significance air transport\",\"\u00e9conomie du transport en Allemagne\",\"efficiency improvement air transport\",\"Effizienzsteigerung Luftverkehr\",\"emplacement a\u00e9rien Hesse\",\"\u00e9v\u00e9nement du Nouvel An\",\"Fachkr\u00e4ftemangel Luftverkehr\",\"Flughafen Frankfurt\",\"Flughafenbetreiber\",\"Frankfurt Airport\",\"importance \u00e9conomique du transport a\u00e9rien\",\"impulsions politiques pour le transport a\u00e9rien\",\"infrastructure development aviation\",\"Infrastrukturentwicklung Luftverkehr\",\"Luftverkehrsstandort Hessen\",\"Luftverkehrssteuer\",\"Nachhaltigkeit in der Luftfahrt\",\"New Year\u2019s Event\",\"num\u00e9risation dans l'aviation\",\"op\u00e9rateurs d'a\u00e9roport\",\"p\u00e9nurie de main-d'\u0153uvre dans l'aviation\",\"political impulses air transport\",\"politische Impulse Luftverkehr\",\"skilled labor shortage aviation\",\"sustainability in aviation\",\"taxe sur le transport a\u00e9rien\",\"transformation aviation industry\",\"transformation du secteur a\u00e9rien\",\"Transformation Luftfahrtbranche\",\"transport economy Germany\",\"Transportwirtschaft Deutschland\",\"Wettbewerbsf\u00e4higkeit Fluggesellschaften\",\"wirtschaftliche Bedeutung Luftverkehr\",\"Zusammenarbeit in der Luftfahrt\"],\"articleSection\":[\"Pessoas e empresas\",\"Transporte a\u00e9reo de mercadorias\"],\"inLanguage\":\"pt-PT\",\"potentialAction\":[{\"@type\":\"CommentAction\",\"name\":\"Comment\",\"target\":[\"https:\\\/\\\/loginfo24.com\\\/pt-pt\\\/2026\\\/01\\\/23\\\/barigs-evento-de-ano-novo-no-ano-do-jubileu\\\/#respond\"]}]},{\"@type\":\"WebPage\",\"@id\":\"https:\\\/\\\/loginfo24.com\\\/pt-pt\\\/2026\\\/01\\\/23\\\/barigs-evento-de-ano-novo-no-ano-do-jubileu\\\/\",\"url\":\"https:\\\/\\\/loginfo24.com\\\/pt-pt\\\/2026\\\/01\\\/23\\\/barigs-evento-de-ano-novo-no-ano-do-jubileu\\\/\",\"name\":\"BARIG: evento de Ano Novo no ano do jubileu - Loginfo24\",\"isPartOf\":{\"@id\":\"https:\\\/\\\/loginfo24.com\\\/pt-pt\\\/#website\"},\"primaryImageOfPage\":{\"@id\":\"https:\\\/\\\/loginfo24.com\\\/pt-pt\\\/2026\\\/01\\\/23\\\/barigs-evento-de-ano-novo-no-ano-do-jubileu\\\/#primaryimage\"},\"image\":{\"@id\":\"https:\\\/\\\/loginfo24.com\\\/pt-pt\\\/2026\\\/01\\\/23\\\/barigs-evento-de-ano-novo-no-ano-do-jubileu\\\/#primaryimage\"},\"thumbnailUrl\":\"https:\\\/\\\/loginfo24.com\\\/wp-content\\\/uploads\\\/sites\\\/7\\\/2026\\\/01\\\/2026_BARIG_AOC_FRA_New_Years_Event-c-BARIG-aspect-ratio-1400-788-1.jpg\",\"datePublished\":\"2026-01-23T08:03:06+00:00\",\"dateModified\":\"2026-01-23T08:17:34+00:00\",\"breadcrumb\":{\"@id\":\"https:\\\/\\\/loginfo24.com\\\/pt-pt\\\/2026\\\/01\\\/23\\\/barigs-evento-de-ano-novo-no-ano-do-jubileu\\\/#breadcrumb\"},\"inLanguage\":\"pt-PT\",\"potentialAction\":[{\"@type\":\"ReadAction\",\"target\":[\"https:\\\/\\\/loginfo24.com\\\/pt-pt\\\/2026\\\/01\\\/23\\\/barigs-evento-de-ano-novo-no-ano-do-jubileu\\\/\"]}]},{\"@type\":\"ImageObject\",\"inLanguage\":\"pt-PT\",\"@id\":\"https:\\\/\\\/loginfo24.com\\\/pt-pt\\\/2026\\\/01\\\/23\\\/barigs-evento-de-ano-novo-no-ano-do-jubileu\\\/#primaryimage\",\"url\":\"https:\\\/\\\/loginfo24.com\\\/wp-content\\\/uploads\\\/sites\\\/7\\\/2026\\\/01\\\/2026_BARIG_AOC_FRA_New_Years_Event-c-BARIG-aspect-ratio-1400-788-1.jpg\",\"contentUrl\":\"https:\\\/\\\/loginfo24.com\\\/wp-content\\\/uploads\\\/sites\\\/7\\\/2026\\\/01\\\/2026_BARIG_AOC_FRA_New_Years_Event-c-BARIG-aspect-ratio-1400-788-1.jpg\",\"width\":1582,\"height\":891},{\"@type\":\"BreadcrumbList\",\"@id\":\"https:\\\/\\\/loginfo24.com\\\/pt-pt\\\/2026\\\/01\\\/23\\\/barigs-evento-de-ano-novo-no-ano-do-jubileu\\\/#breadcrumb\",\"itemListElement\":[{\"@type\":\"ListItem\",\"position\":1,\"name\":\"Startseite\",\"item\":\"https:\\\/\\\/loginfo24.com\\\/pt-pt\\\/\"},{\"@type\":\"ListItem\",\"position\":2,\"name\":\"BARIG: evento de Ano Novo no ano do jubileu\"}]},{\"@type\":\"WebSite\",\"@id\":\"https:\\\/\\\/loginfo24.com\\\/pt-pt\\\/#website\",\"url\":\"https:\\\/\\\/loginfo24.com\\\/pt-pt\\\/\",\"name\":\"Loginfo24\",\"description\":\"Loginfo24 \u00e9 a plataforma dedicada \u00e0 log\u00edstica e \u00e0s cadeias de abastecimento, com informa\u00e7\u00f5es dispon\u00edveis 24 horas por dia.\",\"publisher\":{\"@id\":\"https:\\\/\\\/loginfo24.com\\\/pt-pt\\\/#organization\"},\"potentialAction\":[{\"@type\":\"SearchAction\",\"target\":{\"@type\":\"EntryPoint\",\"urlTemplate\":\"https:\\\/\\\/loginfo24.com\\\/pt-pt\\\/?s={search_term_string}\"},\"query-input\":{\"@type\":\"PropertyValueSpecification\",\"valueRequired\":true,\"valueName\":\"search_term_string\"}}],\"inLanguage\":\"pt-PT\"},{\"@type\":\"Organization\",\"@id\":\"https:\\\/\\\/loginfo24.com\\\/pt-pt\\\/#organization\",\"name\":\"Logismedia Group AG\",\"url\":\"https:\\\/\\\/loginfo24.com\\\/pt-pt\\\/\",\"logo\":{\"@type\":\"ImageObject\",\"inLanguage\":\"pt-PT\",\"@id\":\"https:\\\/\\\/loginfo24.com\\\/pt-pt\\\/#\\\/schema\\\/logo\\\/image\\\/\",\"url\":\"https:\\\/\\\/loginfo24.com\\\/wp-content\\\/uploads\\\/sites\\\/7\\\/2026\\\/01\\\/Logo_LogInfo24.png\",\"contentUrl\":\"https:\\\/\\\/loginfo24.com\\\/wp-content\\\/uploads\\\/sites\\\/7\\\/2026\\\/01\\\/Logo_LogInfo24.png\",\"width\":938,\"height\":351,\"caption\":\"Logismedia Group AG\"},\"image\":{\"@id\":\"https:\\\/\\\/loginfo24.com\\\/pt-pt\\\/#\\\/schema\\\/logo\\\/image\\\/\"},\"sameAs\":[\"https:\\\/\\\/www.facebook.com\\\/people\\\/Loginfo24\\\/100057360583332\\\/\",\"https:\\\/\\\/www.linkedin.com\\\/company\\\/lofinfo24\\\/\"]},{\"@type\":\"Person\",\"@id\":\"https:\\\/\\\/loginfo24.com\\\/pt-pt\\\/#\\\/schema\\\/person\\\/cf538b3157f15afd7589245a4b3dbd25\",\"name\":\"Andreas Haug\",\"url\":\"https:\\\/\\\/loginfo24.com\\\/pt-pt\\\/author\\\/andreas\\\/\"}]}<\/script>\n<!-- \/ Yoast SEO plugin. -->","yoast_head_json":{"title":"BARIG: evento de Ano Novo no ano do jubileu - Loginfo24","robots":{"index":"index","follow":"follow","max-snippet":"max-snippet:-1","max-image-preview":"max-image-preview:large","max-video-preview":"max-video-preview:-1"},"canonical":"https:\/\/loginfo24.com\/pt-pt\/2026\/01\/23\/barigs-evento-de-ano-novo-no-ano-do-jubileu\/","og_locale":"pt_PT","og_type":"article","og_title":"BARIG: evento de Ano Novo no ano do jubileu - Loginfo24","og_description":"Cerca de 150 especialistas e l\u00edderes da ind\u00fastria da avia\u00e7\u00e3o se reuniram recentemente em Frankfurt para discutir desafios e fortalecer a colabora\u00e7\u00e3o para 2026.","og_url":"https:\/\/loginfo24.com\/pt-pt\/2026\/01\/23\/barigs-evento-de-ano-novo-no-ano-do-jubileu\/","og_site_name":"Loginfo24","article_publisher":"https:\/\/www.facebook.com\/people\/Loginfo24\/100057360583332\/","article_published_time":"2026-01-23T08:03:06+00:00","article_modified_time":"2026-01-23T08:17:34+00:00","og_image":[{"width":1582,"height":891,"url":"https:\/\/loginfo24.com\/wp-content\/uploads\/sites\/7\/2026\/01\/2026_BARIG_AOC_FRA_New_Years_Event-c-BARIG-aspect-ratio-1400-788-1.jpg","type":"image\/jpeg"}],"author":"Andreas Haug","twitter_card":"summary_large_image","twitter_misc":{"Escrito por":"Andreas Haug","Tempo estimado de leitura":"3 minutos"},"schema":{"@context":"https:\/\/schema.org","@graph":[{"@type":"Article","@id":"https:\/\/loginfo24.com\/pt-pt\/2026\/01\/23\/barigs-evento-de-ano-novo-no-ano-do-jubileu\/#article","isPartOf":{"@id":"https:\/\/loginfo24.com\/pt-pt\/2026\/01\/23\/barigs-evento-de-ano-novo-no-ano-do-jubileu\/"},"author":{"name":"Andreas Haug","@id":"https:\/\/loginfo24.com\/pt-pt\/#\/schema\/person\/cf538b3157f15afd7589245a4b3dbd25"},"headline":"BARIG: evento de Ano Novo no ano do jubileu","datePublished":"2026-01-23T08:03:06+00:00","dateModified":"2026-01-23T08:17:34+00:00","mainEntityOfPage":{"@id":"https:\/\/loginfo24.com\/pt-pt\/2026\/01\/23\/barigs-evento-de-ano-novo-no-ano-do-jubileu\/"},"wordCount":524,"commentCount":0,"publisher":{"@id":"https:\/\/loginfo24.com\/pt-pt\/#organization"},"image":{"@id":"https:\/\/loginfo24.com\/pt-pt\/2026\/01\/23\/barigs-evento-de-ano-novo-no-ano-do-jubileu\/#primaryimage"},"thumbnailUrl":"https:\/\/loginfo24.com\/wp-content\/uploads\/sites\/7\/2026\/01\/2026_BARIG_AOC_FRA_New_Years_Event-c-BARIG-aspect-ratio-1400-788-1.jpg","keywords":["75 ans de BARIG","75 Jahre BARIG English air transport industry","75 years BARIG Fran\u00e7ais secteur a\u00e9rien","a\u00e9roport de Francfort","air traffic tax","air transport location Hesse","Airline Operators Committee","airport operators","am\u00e9lioration de l'efficacit\u00e9 du transport a\u00e9rien","BARIG","collaboration dans l'aviation","collaboration in aviation","Comit\u00e9 des op\u00e9rateurs a\u00e9riens","competitiveness airlines","comp\u00e9titivit\u00e9 des compagnies a\u00e9riennes","Deutsch Luftverkehrsbranche","d\u00e9veloppement des infrastructures a\u00e9ronautiques","Digitalisierung im Luftverkehr","digitalization in aviation","durabilit\u00e9 dans l'aviation","economic significance air transport","\u00e9conomie du transport en Allemagne","efficiency improvement air transport","Effizienzsteigerung Luftverkehr","emplacement a\u00e9rien Hesse","\u00e9v\u00e9nement du Nouvel An","Fachkr\u00e4ftemangel Luftverkehr","Flughafen Frankfurt","Flughafenbetreiber","Frankfurt Airport","importance \u00e9conomique du transport a\u00e9rien","impulsions politiques pour le transport a\u00e9rien","infrastructure development aviation","Infrastrukturentwicklung Luftverkehr","Luftverkehrsstandort Hessen","Luftverkehrssteuer","Nachhaltigkeit in der Luftfahrt","New Year\u2019s Event","num\u00e9risation dans l'aviation","op\u00e9rateurs d'a\u00e9roport","p\u00e9nurie de main-d'\u0153uvre dans l'aviation","political impulses air transport","politische Impulse Luftverkehr","skilled labor shortage aviation","sustainability in aviation","taxe sur le transport a\u00e9rien","transformation aviation industry","transformation du secteur a\u00e9rien","Transformation Luftfahrtbranche","transport economy Germany","Transportwirtschaft Deutschland","Wettbewerbsf\u00e4higkeit Fluggesellschaften","wirtschaftliche Bedeutung Luftverkehr","Zusammenarbeit in der Luftfahrt"],"articleSection":["Pessoas e empresas","Transporte a\u00e9reo de mercadorias"],"inLanguage":"pt-PT","potentialAction":[{"@type":"CommentAction","name":"Comment","target":["https:\/\/loginfo24.com\/pt-pt\/2026\/01\/23\/barigs-evento-de-ano-novo-no-ano-do-jubileu\/#respond"]}]},{"@type":"WebPage","@id":"https:\/\/loginfo24.com\/pt-pt\/2026\/01\/23\/barigs-evento-de-ano-novo-no-ano-do-jubileu\/","url":"https:\/\/loginfo24.com\/pt-pt\/2026\/01\/23\/barigs-evento-de-ano-novo-no-ano-do-jubileu\/","name":"BARIG: evento de Ano Novo no ano do jubileu - Loginfo24","isPartOf":{"@id":"https:\/\/loginfo24.com\/pt-pt\/#website"},"primaryImageOfPage":{"@id":"https:\/\/loginfo24.com\/pt-pt\/2026\/01\/23\/barigs-evento-de-ano-novo-no-ano-do-jubileu\/#primaryimage"},"image":{"@id":"https:\/\/loginfo24.com\/pt-pt\/2026\/01\/23\/barigs-evento-de-ano-novo-no-ano-do-jubileu\/#primaryimage"},"thumbnailUrl":"https:\/\/loginfo24.com\/wp-content\/uploads\/sites\/7\/2026\/01\/2026_BARIG_AOC_FRA_New_Years_Event-c-BARIG-aspect-ratio-1400-788-1.jpg","datePublished":"2026-01-23T08:03:06+00:00","dateModified":"2026-01-23T08:17:34+00:00","breadcrumb":{"@id":"https:\/\/loginfo24.com\/pt-pt\/2026\/01\/23\/barigs-evento-de-ano-novo-no-ano-do-jubileu\/#breadcrumb"},"inLanguage":"pt-PT","potentialAction":[{"@type":"ReadAction","target":["https:\/\/loginfo24.com\/pt-pt\/2026\/01\/23\/barigs-evento-de-ano-novo-no-ano-do-jubileu\/"]}]},{"@type":"ImageObject","inLanguage":"pt-PT","@id":"https:\/\/loginfo24.com\/pt-pt\/2026\/01\/23\/barigs-evento-de-ano-novo-no-ano-do-jubileu\/#primaryimage","url":"https:\/\/loginfo24.com\/wp-content\/uploads\/sites\/7\/2026\/01\/2026_BARIG_AOC_FRA_New_Years_Event-c-BARIG-aspect-ratio-1400-788-1.jpg","contentUrl":"https:\/\/loginfo24.com\/wp-content\/uploads\/sites\/7\/2026\/01\/2026_BARIG_AOC_FRA_New_Years_Event-c-BARIG-aspect-ratio-1400-788-1.jpg","width":1582,"height":891},{"@type":"BreadcrumbList","@id":"https:\/\/loginfo24.com\/pt-pt\/2026\/01\/23\/barigs-evento-de-ano-novo-no-ano-do-jubileu\/#breadcrumb","itemListElement":[{"@type":"ListItem","position":1,"name":"Startseite","item":"https:\/\/loginfo24.com\/pt-pt\/"},{"@type":"ListItem","position":2,"name":"BARIG: evento de Ano Novo no ano do jubileu"}]},{"@type":"WebSite","@id":"https:\/\/loginfo24.com\/pt-pt\/#website","url":"https:\/\/loginfo24.com\/pt-pt\/","name":"Loginfo24","description":"Loginfo24 \u00e9 a plataforma dedicada \u00e0 log\u00edstica e \u00e0s cadeias de abastecimento, com informa\u00e7\u00f5es dispon\u00edveis 24 horas por dia.","publisher":{"@id":"https:\/\/loginfo24.com\/pt-pt\/#organization"},"potentialAction":[{"@type":"SearchAction","target":{"@type":"EntryPoint","urlTemplate":"https:\/\/loginfo24.com\/pt-pt\/?s={search_term_string}"},"query-input":{"@type":"PropertyValueSpecification","valueRequired":true,"valueName":"search_term_string"}}],"inLanguage":"pt-PT"},{"@type":"Organization","@id":"https:\/\/loginfo24.com\/pt-pt\/#organization","name":"Logismedia Group AG","url":"https:\/\/loginfo24.com\/pt-pt\/","logo":{"@type":"ImageObject","inLanguage":"pt-PT","@id":"https:\/\/loginfo24.com\/pt-pt\/#\/schema\/logo\/image\/","url":"https:\/\/loginfo24.com\/wp-content\/uploads\/sites\/7\/2026\/01\/Logo_LogInfo24.png","contentUrl":"https:\/\/loginfo24.com\/wp-content\/uploads\/sites\/7\/2026\/01\/Logo_LogInfo24.png","width":938,"height":351,"caption":"Logismedia Group AG"},"image":{"@id":"https:\/\/loginfo24.com\/pt-pt\/#\/schema\/logo\/image\/"},"sameAs":["https:\/\/www.facebook.com\/people\/Loginfo24\/100057360583332\/","https:\/\/www.linkedin.com\/company\/lofinfo24\/"]},{"@type":"Person","@id":"https:\/\/loginfo24.com\/pt-pt\/#\/schema\/person\/cf538b3157f15afd7589245a4b3dbd25","name":"Andreas Haug","url":"https:\/\/loginfo24.com\/pt-pt\/author\/andreas\/"}]}},"_links":{"self":[{"href":"https:\/\/loginfo24.com\/pt-pt\/wp-json\/wp\/v2\/posts\/73503","targetHints":{"allow":["GET"]}}],"collection":[{"href":"https:\/\/loginfo24.com\/pt-pt\/wp-json\/wp\/v2\/posts"}],"about":[{"href":"https:\/\/loginfo24.com\/pt-pt\/wp-json\/wp\/v2\/types\/post"}],"author":[{"embeddable":true,"href":"https:\/\/loginfo24.com\/pt-pt\/wp-json\/wp\/v2\/users\/12"}],"replies":[{"embeddable":true,"href":"https:\/\/loginfo24.com\/pt-pt\/wp-json\/wp\/v2\/comments?post=73503"}],"version-history":[{"count":1,"href":"https:\/\/loginfo24.com\/pt-pt\/wp-json\/wp\/v2\/posts\/73503\/revisions"}],"predecessor-version":[{"id":73510,"href":"https:\/\/loginfo24.com\/pt-pt\/wp-json\/wp\/v2\/posts\/73503\/revisions\/73510"}],"wp:featuredmedia":[{"embeddable":true,"href":"https:\/\/loginfo24.com\/pt-pt\/wp-json\/wp\/v2\/media\/73498"}],"wp:attachment":[{"href":"https:\/\/loginfo24.com\/pt-pt\/wp-json\/wp\/v2\/media?parent=73503"}],"wp:term":[{"taxonomy":"category","embeddable":true,"href":"https:\/\/loginfo24.com\/pt-pt\/wp-json\/wp\/v2\/categories?post=73503"},{"taxonomy":"post_tag","embeddable":true,"href":"https:\/\/loginfo24.com\/pt-pt\/wp-json\/wp\/v2\/tags?post=73503"}],"curies":[{"name":"wp","href":"https:\/\/api.w.org\/{rel}","templated":true}]}}