{"id":73488,"date":"2026-01-22T10:20:46","date_gmt":"2026-01-22T10:20:46","guid":{"rendered":"https:\/\/loginfo24.brand-architecture.at\/2026\/01\/22\/mudanca-de-lideranca-na-zetes\/"},"modified":"2026-01-22T10:20:46","modified_gmt":"2026-01-22T10:20:46","slug":"mudanca-de-lideranca-na-zetes","status":"publish","type":"post","link":"https:\/\/loginfo24.com\/pt-pt\/2026\/01\/22\/mudanca-de-lideranca-na-zetes\/","title":{"rendered":"Mudan\u00e7a de lideran\u00e7a na Zetes"},"content":{"rendered":"<p>Pierre Lambert (esquerda), o atual CEO da Zetes, ser\u00e1 substitu\u00eddo por Ronny Depoortere a partir de 1\u00ba de abril de 2026. Lambert, que est\u00e1 na empresa h\u00e1 mais de 20 anos, contribuiu significativamente para o desenvolvimento da empresa durante seu tempo como CFO e, posteriormente, como CEO. Em um comunicado, ele expressou que foi uma honra desenvolver a Zetes nos \u00faltimos 25 anos e lider\u00e1-la nos \u00faltimos quatro anos como CEO. Ele enfatizou que tem grande confian\u00e7a em Depoortere e est\u00e1 ansioso para apoi\u00e1-lo em seu novo papel como presidente n\u00e3o executivo do conselho da Zetes.<\/p>\n<p>Ronny Depoortere traz mais de 30 anos de experi\u00eancia na \u00e1rea de tecnologia da informa\u00e7\u00e3o e comunica\u00e7\u00e3o (TIC), quase 25 dos quais na \u00e1rea de identidade cidad\u00e3. Ele ingressou na empresa em 2002 para fundar a divis\u00e3o People ID e foi vice-presidente s\u00eanior dessa divis\u00e3o por quase 20 anos. Em abril de 2022, ele se tornou presidente e membro do conselho. Com uma forma\u00e7\u00e3o acad\u00eamica em engenharia el\u00e9trica, administra\u00e7\u00e3o de empresas e direito empresarial, ele expandiu a \u00e1rea de identidade cidad\u00e3 da Zetes para um neg\u00f3cio reconhecido internacionalmente. Depoortere expressou que se sente honrado em suceder Lambert e est\u00e1 ansioso para trabalhar com a equipe de lideran\u00e7a e os funcion\u00e1rios para moldar a pr\u00f3xima fase da empresa.<\/p>\n<h3>Mudan\u00e7as no conselho e na estrutura da empresa<\/h3>\n<p>Al\u00e9m das mudan\u00e7as na lideran\u00e7a, Satoshi Mizobata se aposentar\u00e1 como presidente do conselho da Zetes em junho de 2026, ap\u00f3s cinco anos. Bart Crols assumir\u00e1 a presid\u00eancia da divis\u00e3o People ID em 1\u00ba de abril de 2026, sucedendo Depoortere. Tiago Concei\u00e7\u00e3o, que foi nomeado presidente da divis\u00e3o Goods ID em abril de 2025, continuar\u00e1 nessa posi\u00e7\u00e3o. Jo\u00ebl Criqui foi nomeado CFO do grupo em janeiro de 2026 para a equipe de lideran\u00e7a da Zetes.<\/p>\n<p>A Zetes \u00e9 uma empresa de tecnologia com sede em Bruxelas, especializada em solu\u00e7\u00f5es para otimiza\u00e7\u00e3o de cadeias de suprimentos e identifica\u00e7\u00e3o de cidad\u00e3os. A empresa emprega mais de 1.300 funcion\u00e1rios em 23 pa\u00edses na regi\u00e3o EMEA e se tornou uma subsidi\u00e1ria da Panasonic Corporation em 2017. Em 2024, a Zetes adquiriu uma participa\u00e7\u00e3o de 50% na empresa dinamarquesa Robotize, um fabricante l\u00edder de rob\u00f4s m\u00f3veis aut\u00f4nomos.<\/p>\n<p>&nbsp;<\/p>\n<p><a href=\"https:\/\/www.zetes.com\/\" target=\"_blank\" rel=\"noopener noreferrer\">www.zetes.com<\/a><\/p>\n<p>&nbsp;<\/p>\n","protected":false},"excerpt":{"rendered":"<p>Pierre Lambert ser\u00e1 substitu\u00eddo por Ronny Depoortere como CEO da Zetes em 1 de abril de 2026, ap\u00f3s ter moldado a empresa durante 25 anos.<\/p>\n","protected":false},"author":12,"featured_media":73483,"comment_status":"open","ping_status":"open","sticky":false,"template":"","format":"standard","meta":{"_acf_changed":false,"footnotes":""},"categories":[1617,1615],"tags":[6461,6462,6463,6464,6465,6466,6467,6468,6469,6470,2211,2212,6471,6472,4114,6473,6474,6475,6476,6477,6478,6479,6480,6481,6482,6483,6484,5733,6485,4784,6486,6487,6488,6489,6490,6491,4140,6492,6493,6494,5424,6495,6496,5748,5430,6497,6498,6499,2242,6500,6501],"class_list":["post-73488","post","type-post","status-publish","format-standard","has-post-thumbnail","hentry","category-expedicao-e-logistica","category-pessoas-e-empresas","tag-autonome-mobile-roboter","tag-autonomous-mobile-robots","tag-board-zetes","tag-buergeridentifikation","tag-ceo-zetes","tag-changement-de-direction-zetes","tag-citizen-identification","tag-conseil-zetes","tag-corporate-structure-zetes","tag-deutsch-zetes","tag-digital-transformation","tag-digitale-transformation","tag-division-goods-id","tag-division-people-id","tag-emea-region","tag-employees-zetes","tag-employes-zetes","tag-entreprise-technologique-bruxelles","tag-fachkraeftemangel-ikt","tag-filiale-de-panasonic-corporation","tag-fuehrungswechsel-zetes","tag-goods-id-division-english-zetes","tag-goods-id-division-francais-zetes","tag-identification-des-citoyens","tag-information-and-communication-technology","tag-informations-und-kommunikationstechnologie","tag-leadership-change-zetes","tag-lieferkettenoptimierung","tag-mitarbeiter-zetes","tag-optimisation-de-la-chaine-dapprovisionnement","tag-panasonic-corporation-subsidiary","tag-panasonic-corporation-tochtergesellschaft","tag-pdg-zetes","tag-penurie-de-competences-tic","tag-people-id-division","tag-pierre-lambert","tag-region-emea","tag-robots-mobiles-autonomes","tag-ronny-depoortere","tag-skills-shortage-ict","tag-solutions-de-chaine-dapprovisionnement","tag-structure-dentreprise-zetes","tag-supply-chain-loesungen","tag-supply-chain-optimization","tag-supply-chain-solutions","tag-technologies-de-linformation-et-de-la-communication","tag-technologieunternehmen-bruessel","tag-technology-company-brussels","tag-transformation-numerique","tag-unternehmensstruktur-zetes","tag-vorstand-zetes"],"acf":[],"yoast_head":"<!-- This site is optimized with the Yoast SEO plugin v27.3 - https:\/\/yoast.com\/product\/yoast-seo-wordpress\/ -->\n<title>Mudan\u00e7a de lideran\u00e7a na Zetes - Loginfo24<\/title>\n<meta name=\"robots\" content=\"index, follow, max-snippet:-1, max-image-preview:large, max-video-preview:-1\" \/>\n<link rel=\"canonical\" href=\"https:\/\/loginfo24.com\/pt-pt\/2026\/01\/22\/mudanca-de-lideranca-na-zetes\/\" \/>\n<meta property=\"og:locale\" content=\"pt_PT\" \/>\n<meta property=\"og:type\" content=\"article\" \/>\n<meta property=\"og:title\" content=\"Mudan\u00e7a de lideran\u00e7a na Zetes - Loginfo24\" \/>\n<meta property=\"og:description\" content=\"Pierre Lambert ser\u00e1 substitu\u00eddo por Ronny Depoortere como CEO da Zetes em 1 de abril de 2026, ap\u00f3s ter moldado a empresa durante 25 anos.\" \/>\n<meta property=\"og:url\" content=\"https:\/\/loginfo24.com\/pt-pt\/2026\/01\/22\/mudanca-de-lideranca-na-zetes\/\" \/>\n<meta property=\"og:site_name\" content=\"Loginfo24\" \/>\n<meta property=\"article:publisher\" content=\"https:\/\/www.facebook.com\/people\/Loginfo24\/100057360583332\/\" \/>\n<meta property=\"article:published_time\" content=\"2026-01-22T10:20:46+00:00\" \/>\n<meta property=\"og:image\" content=\"https:\/\/loginfo24.com\/wp-content\/uploads\/sites\/7\/2026\/01\/2026_01_13-Zetes-82_low-aspect-ratio-1400-788.jpg\" \/>\n\t<meta property=\"og:image:width\" content=\"1192\" \/>\n\t<meta property=\"og:image:height\" content=\"671\" \/>\n\t<meta property=\"og:image:type\" content=\"image\/jpeg\" \/>\n<meta name=\"author\" content=\"Andreas Haug\" \/>\n<meta name=\"twitter:card\" content=\"summary_large_image\" \/>\n<meta name=\"twitter:label1\" content=\"Escrito por\" \/>\n\t<meta name=\"twitter:data1\" content=\"Andreas Haug\" \/>\n\t<meta name=\"twitter:label2\" content=\"Tempo estimado de leitura\" \/>\n\t<meta name=\"twitter:data2\" content=\"2 minutos\" \/>\n<script type=\"application\/ld+json\" class=\"yoast-schema-graph\">{\"@context\":\"https:\\\/\\\/schema.org\",\"@graph\":[{\"@type\":\"Article\",\"@id\":\"https:\\\/\\\/loginfo24.com\\\/pt-pt\\\/2026\\\/01\\\/22\\\/mudanca-de-lideranca-na-zetes\\\/#article\",\"isPartOf\":{\"@id\":\"https:\\\/\\\/loginfo24.com\\\/pt-pt\\\/2026\\\/01\\\/22\\\/mudanca-de-lideranca-na-zetes\\\/\"},\"author\":{\"name\":\"Andreas Haug\",\"@id\":\"https:\\\/\\\/loginfo24.com\\\/pt-pt\\\/#\\\/schema\\\/person\\\/cf538b3157f15afd7589245a4b3dbd25\"},\"headline\":\"Mudan\u00e7a de lideran\u00e7a na Zetes\",\"datePublished\":\"2026-01-22T10:20:46+00:00\",\"mainEntityOfPage\":{\"@id\":\"https:\\\/\\\/loginfo24.com\\\/pt-pt\\\/2026\\\/01\\\/22\\\/mudanca-de-lideranca-na-zetes\\\/\"},\"wordCount\":398,\"commentCount\":0,\"publisher\":{\"@id\":\"https:\\\/\\\/loginfo24.com\\\/pt-pt\\\/#organization\"},\"image\":{\"@id\":\"https:\\\/\\\/loginfo24.com\\\/pt-pt\\\/2026\\\/01\\\/22\\\/mudanca-de-lideranca-na-zetes\\\/#primaryimage\"},\"thumbnailUrl\":\"https:\\\/\\\/loginfo24.com\\\/wp-content\\\/uploads\\\/sites\\\/7\\\/2026\\\/01\\\/2026_01_13-Zetes-82_low-aspect-ratio-1400-788.jpg\",\"keywords\":[\"autonome mobile Roboter\",\"autonomous mobile robots\",\"board Zetes\",\"B\u00fcrgeridentifikation\",\"CEO Zetes\",\"changement de direction Zetes\",\"citizen identification\",\"conseil Zetes\",\"corporate structure Zetes\",\"Deutsch Zetes\",\"digital transformation\",\"digitale Transformation\",\"division Goods ID\",\"division People ID\",\"EMEA-Region\",\"employees Zetes\",\"employ\u00e9s Zetes\",\"entreprise technologique Bruxelles\",\"Fachkr\u00e4ftemangel IKT\",\"filiale de Panasonic Corporation\",\"F\u00fchrungswechsel Zetes\",\"Goods ID Division English Zetes\",\"Goods ID Division Fran\u00e7ais Zetes\",\"identification des citoyens\",\"information and communication technology\",\"Informations- und Kommunikationstechnologie\",\"leadership change Zetes\",\"Lieferkettenoptimierung\",\"Mitarbeiter Zetes\",\"optimisation de la cha\u00eene d'approvisionnement\",\"Panasonic Corporation subsidiary\",\"Panasonic Corporation Tochtergesellschaft\",\"PDG Zetes\",\"p\u00e9nurie de comp\u00e9tences TIC\",\"People ID Division\",\"Pierre Lambert\",\"r\u00e9gion EMEA\",\"robots mobiles autonomes\",\"Ronny Depoortere\",\"skills shortage ICT\",\"solutions de cha\u00eene d'approvisionnement\",\"structure d'entreprise Zetes\",\"Supply Chain L\u00f6sungen\",\"supply chain optimization\",\"supply chain solutions\",\"technologies de l'information et de la communication\",\"Technologieunternehmen Br\u00fcssel\",\"technology company Brussels\",\"transformation num\u00e9rique\",\"Unternehmensstruktur Zetes\",\"Vorstand Zetes\"],\"articleSection\":[\"Expedi\u00e7\u00e3o de Mercadorias e Log\u00edstica\",\"Pessoas e empresas\"],\"inLanguage\":\"pt-PT\",\"potentialAction\":[{\"@type\":\"CommentAction\",\"name\":\"Comment\",\"target\":[\"https:\\\/\\\/loginfo24.com\\\/pt-pt\\\/2026\\\/01\\\/22\\\/mudanca-de-lideranca-na-zetes\\\/#respond\"]}]},{\"@type\":\"WebPage\",\"@id\":\"https:\\\/\\\/loginfo24.com\\\/pt-pt\\\/2026\\\/01\\\/22\\\/mudanca-de-lideranca-na-zetes\\\/\",\"url\":\"https:\\\/\\\/loginfo24.com\\\/pt-pt\\\/2026\\\/01\\\/22\\\/mudanca-de-lideranca-na-zetes\\\/\",\"name\":\"Mudan\u00e7a de lideran\u00e7a na Zetes - Loginfo24\",\"isPartOf\":{\"@id\":\"https:\\\/\\\/loginfo24.com\\\/pt-pt\\\/#website\"},\"primaryImageOfPage\":{\"@id\":\"https:\\\/\\\/loginfo24.com\\\/pt-pt\\\/2026\\\/01\\\/22\\\/mudanca-de-lideranca-na-zetes\\\/#primaryimage\"},\"image\":{\"@id\":\"https:\\\/\\\/loginfo24.com\\\/pt-pt\\\/2026\\\/01\\\/22\\\/mudanca-de-lideranca-na-zetes\\\/#primaryimage\"},\"thumbnailUrl\":\"https:\\\/\\\/loginfo24.com\\\/wp-content\\\/uploads\\\/sites\\\/7\\\/2026\\\/01\\\/2026_01_13-Zetes-82_low-aspect-ratio-1400-788.jpg\",\"datePublished\":\"2026-01-22T10:20:46+00:00\",\"breadcrumb\":{\"@id\":\"https:\\\/\\\/loginfo24.com\\\/pt-pt\\\/2026\\\/01\\\/22\\\/mudanca-de-lideranca-na-zetes\\\/#breadcrumb\"},\"inLanguage\":\"pt-PT\",\"potentialAction\":[{\"@type\":\"ReadAction\",\"target\":[\"https:\\\/\\\/loginfo24.com\\\/pt-pt\\\/2026\\\/01\\\/22\\\/mudanca-de-lideranca-na-zetes\\\/\"]}]},{\"@type\":\"ImageObject\",\"inLanguage\":\"pt-PT\",\"@id\":\"https:\\\/\\\/loginfo24.com\\\/pt-pt\\\/2026\\\/01\\\/22\\\/mudanca-de-lideranca-na-zetes\\\/#primaryimage\",\"url\":\"https:\\\/\\\/loginfo24.com\\\/wp-content\\\/uploads\\\/sites\\\/7\\\/2026\\\/01\\\/2026_01_13-Zetes-82_low-aspect-ratio-1400-788.jpg\",\"contentUrl\":\"https:\\\/\\\/loginfo24.com\\\/wp-content\\\/uploads\\\/sites\\\/7\\\/2026\\\/01\\\/2026_01_13-Zetes-82_low-aspect-ratio-1400-788.jpg\",\"width\":1192,\"height\":671},{\"@type\":\"BreadcrumbList\",\"@id\":\"https:\\\/\\\/loginfo24.com\\\/pt-pt\\\/2026\\\/01\\\/22\\\/mudanca-de-lideranca-na-zetes\\\/#breadcrumb\",\"itemListElement\":[{\"@type\":\"ListItem\",\"position\":1,\"name\":\"Startseite\",\"item\":\"https:\\\/\\\/loginfo24.com\\\/pt-pt\\\/\"},{\"@type\":\"ListItem\",\"position\":2,\"name\":\"Mudan\u00e7a de lideran\u00e7a na Zetes\"}]},{\"@type\":\"WebSite\",\"@id\":\"https:\\\/\\\/loginfo24.com\\\/pt-pt\\\/#website\",\"url\":\"https:\\\/\\\/loginfo24.com\\\/pt-pt\\\/\",\"name\":\"Loginfo24\",\"description\":\"Loginfo24 \u00e9 a plataforma dedicada \u00e0 log\u00edstica e \u00e0s cadeias de abastecimento, com informa\u00e7\u00f5es dispon\u00edveis 24 horas por dia.\",\"publisher\":{\"@id\":\"https:\\\/\\\/loginfo24.com\\\/pt-pt\\\/#organization\"},\"potentialAction\":[{\"@type\":\"SearchAction\",\"target\":{\"@type\":\"EntryPoint\",\"urlTemplate\":\"https:\\\/\\\/loginfo24.com\\\/pt-pt\\\/?s={search_term_string}\"},\"query-input\":{\"@type\":\"PropertyValueSpecification\",\"valueRequired\":true,\"valueName\":\"search_term_string\"}}],\"inLanguage\":\"pt-PT\"},{\"@type\":\"Organization\",\"@id\":\"https:\\\/\\\/loginfo24.com\\\/pt-pt\\\/#organization\",\"name\":\"Logismedia Group AG\",\"url\":\"https:\\\/\\\/loginfo24.com\\\/pt-pt\\\/\",\"logo\":{\"@type\":\"ImageObject\",\"inLanguage\":\"pt-PT\",\"@id\":\"https:\\\/\\\/loginfo24.com\\\/pt-pt\\\/#\\\/schema\\\/logo\\\/image\\\/\",\"url\":\"https:\\\/\\\/loginfo24.com\\\/wp-content\\\/uploads\\\/sites\\\/7\\\/2026\\\/01\\\/Logo_LogInfo24.png\",\"contentUrl\":\"https:\\\/\\\/loginfo24.com\\\/wp-content\\\/uploads\\\/sites\\\/7\\\/2026\\\/01\\\/Logo_LogInfo24.png\",\"width\":938,\"height\":351,\"caption\":\"Logismedia Group AG\"},\"image\":{\"@id\":\"https:\\\/\\\/loginfo24.com\\\/pt-pt\\\/#\\\/schema\\\/logo\\\/image\\\/\"},\"sameAs\":[\"https:\\\/\\\/www.facebook.com\\\/people\\\/Loginfo24\\\/100057360583332\\\/\",\"https:\\\/\\\/www.linkedin.com\\\/company\\\/lofinfo24\\\/\"]},{\"@type\":\"Person\",\"@id\":\"https:\\\/\\\/loginfo24.com\\\/pt-pt\\\/#\\\/schema\\\/person\\\/cf538b3157f15afd7589245a4b3dbd25\",\"name\":\"Andreas Haug\",\"url\":\"https:\\\/\\\/loginfo24.com\\\/pt-pt\\\/author\\\/andreas\\\/\"}]}<\/script>\n<!-- \/ Yoast SEO plugin. -->","yoast_head_json":{"title":"Mudan\u00e7a de lideran\u00e7a na Zetes - Loginfo24","robots":{"index":"index","follow":"follow","max-snippet":"max-snippet:-1","max-image-preview":"max-image-preview:large","max-video-preview":"max-video-preview:-1"},"canonical":"https:\/\/loginfo24.com\/pt-pt\/2026\/01\/22\/mudanca-de-lideranca-na-zetes\/","og_locale":"pt_PT","og_type":"article","og_title":"Mudan\u00e7a de lideran\u00e7a na Zetes - Loginfo24","og_description":"Pierre Lambert ser\u00e1 substitu\u00eddo por Ronny Depoortere como CEO da Zetes em 1 de abril de 2026, ap\u00f3s ter moldado a empresa durante 25 anos.","og_url":"https:\/\/loginfo24.com\/pt-pt\/2026\/01\/22\/mudanca-de-lideranca-na-zetes\/","og_site_name":"Loginfo24","article_publisher":"https:\/\/www.facebook.com\/people\/Loginfo24\/100057360583332\/","article_published_time":"2026-01-22T10:20:46+00:00","og_image":[{"width":1192,"height":671,"url":"https:\/\/loginfo24.com\/wp-content\/uploads\/sites\/7\/2026\/01\/2026_01_13-Zetes-82_low-aspect-ratio-1400-788.jpg","type":"image\/jpeg"}],"author":"Andreas Haug","twitter_card":"summary_large_image","twitter_misc":{"Escrito por":"Andreas Haug","Tempo estimado de leitura":"2 minutos"},"schema":{"@context":"https:\/\/schema.org","@graph":[{"@type":"Article","@id":"https:\/\/loginfo24.com\/pt-pt\/2026\/01\/22\/mudanca-de-lideranca-na-zetes\/#article","isPartOf":{"@id":"https:\/\/loginfo24.com\/pt-pt\/2026\/01\/22\/mudanca-de-lideranca-na-zetes\/"},"author":{"name":"Andreas Haug","@id":"https:\/\/loginfo24.com\/pt-pt\/#\/schema\/person\/cf538b3157f15afd7589245a4b3dbd25"},"headline":"Mudan\u00e7a de lideran\u00e7a na Zetes","datePublished":"2026-01-22T10:20:46+00:00","mainEntityOfPage":{"@id":"https:\/\/loginfo24.com\/pt-pt\/2026\/01\/22\/mudanca-de-lideranca-na-zetes\/"},"wordCount":398,"commentCount":0,"publisher":{"@id":"https:\/\/loginfo24.com\/pt-pt\/#organization"},"image":{"@id":"https:\/\/loginfo24.com\/pt-pt\/2026\/01\/22\/mudanca-de-lideranca-na-zetes\/#primaryimage"},"thumbnailUrl":"https:\/\/loginfo24.com\/wp-content\/uploads\/sites\/7\/2026\/01\/2026_01_13-Zetes-82_low-aspect-ratio-1400-788.jpg","keywords":["autonome mobile Roboter","autonomous mobile robots","board Zetes","B\u00fcrgeridentifikation","CEO Zetes","changement de direction Zetes","citizen identification","conseil Zetes","corporate structure Zetes","Deutsch Zetes","digital transformation","digitale Transformation","division Goods ID","division People ID","EMEA-Region","employees Zetes","employ\u00e9s Zetes","entreprise technologique Bruxelles","Fachkr\u00e4ftemangel IKT","filiale de Panasonic Corporation","F\u00fchrungswechsel Zetes","Goods ID Division English Zetes","Goods ID Division Fran\u00e7ais Zetes","identification des citoyens","information and communication technology","Informations- und Kommunikationstechnologie","leadership change Zetes","Lieferkettenoptimierung","Mitarbeiter Zetes","optimisation de la cha\u00eene d'approvisionnement","Panasonic Corporation subsidiary","Panasonic Corporation Tochtergesellschaft","PDG Zetes","p\u00e9nurie de comp\u00e9tences TIC","People ID Division","Pierre Lambert","r\u00e9gion EMEA","robots mobiles autonomes","Ronny Depoortere","skills shortage ICT","solutions de cha\u00eene d'approvisionnement","structure d'entreprise Zetes","Supply Chain L\u00f6sungen","supply chain optimization","supply chain solutions","technologies de l'information et de la communication","Technologieunternehmen Br\u00fcssel","technology company Brussels","transformation num\u00e9rique","Unternehmensstruktur Zetes","Vorstand Zetes"],"articleSection":["Expedi\u00e7\u00e3o de Mercadorias e Log\u00edstica","Pessoas e empresas"],"inLanguage":"pt-PT","potentialAction":[{"@type":"CommentAction","name":"Comment","target":["https:\/\/loginfo24.com\/pt-pt\/2026\/01\/22\/mudanca-de-lideranca-na-zetes\/#respond"]}]},{"@type":"WebPage","@id":"https:\/\/loginfo24.com\/pt-pt\/2026\/01\/22\/mudanca-de-lideranca-na-zetes\/","url":"https:\/\/loginfo24.com\/pt-pt\/2026\/01\/22\/mudanca-de-lideranca-na-zetes\/","name":"Mudan\u00e7a de lideran\u00e7a na Zetes - Loginfo24","isPartOf":{"@id":"https:\/\/loginfo24.com\/pt-pt\/#website"},"primaryImageOfPage":{"@id":"https:\/\/loginfo24.com\/pt-pt\/2026\/01\/22\/mudanca-de-lideranca-na-zetes\/#primaryimage"},"image":{"@id":"https:\/\/loginfo24.com\/pt-pt\/2026\/01\/22\/mudanca-de-lideranca-na-zetes\/#primaryimage"},"thumbnailUrl":"https:\/\/loginfo24.com\/wp-content\/uploads\/sites\/7\/2026\/01\/2026_01_13-Zetes-82_low-aspect-ratio-1400-788.jpg","datePublished":"2026-01-22T10:20:46+00:00","breadcrumb":{"@id":"https:\/\/loginfo24.com\/pt-pt\/2026\/01\/22\/mudanca-de-lideranca-na-zetes\/#breadcrumb"},"inLanguage":"pt-PT","potentialAction":[{"@type":"ReadAction","target":["https:\/\/loginfo24.com\/pt-pt\/2026\/01\/22\/mudanca-de-lideranca-na-zetes\/"]}]},{"@type":"ImageObject","inLanguage":"pt-PT","@id":"https:\/\/loginfo24.com\/pt-pt\/2026\/01\/22\/mudanca-de-lideranca-na-zetes\/#primaryimage","url":"https:\/\/loginfo24.com\/wp-content\/uploads\/sites\/7\/2026\/01\/2026_01_13-Zetes-82_low-aspect-ratio-1400-788.jpg","contentUrl":"https:\/\/loginfo24.com\/wp-content\/uploads\/sites\/7\/2026\/01\/2026_01_13-Zetes-82_low-aspect-ratio-1400-788.jpg","width":1192,"height":671},{"@type":"BreadcrumbList","@id":"https:\/\/loginfo24.com\/pt-pt\/2026\/01\/22\/mudanca-de-lideranca-na-zetes\/#breadcrumb","itemListElement":[{"@type":"ListItem","position":1,"name":"Startseite","item":"https:\/\/loginfo24.com\/pt-pt\/"},{"@type":"ListItem","position":2,"name":"Mudan\u00e7a de lideran\u00e7a na Zetes"}]},{"@type":"WebSite","@id":"https:\/\/loginfo24.com\/pt-pt\/#website","url":"https:\/\/loginfo24.com\/pt-pt\/","name":"Loginfo24","description":"Loginfo24 \u00e9 a plataforma dedicada \u00e0 log\u00edstica e \u00e0s cadeias de abastecimento, com informa\u00e7\u00f5es dispon\u00edveis 24 horas por dia.","publisher":{"@id":"https:\/\/loginfo24.com\/pt-pt\/#organization"},"potentialAction":[{"@type":"SearchAction","target":{"@type":"EntryPoint","urlTemplate":"https:\/\/loginfo24.com\/pt-pt\/?s={search_term_string}"},"query-input":{"@type":"PropertyValueSpecification","valueRequired":true,"valueName":"search_term_string"}}],"inLanguage":"pt-PT"},{"@type":"Organization","@id":"https:\/\/loginfo24.com\/pt-pt\/#organization","name":"Logismedia Group AG","url":"https:\/\/loginfo24.com\/pt-pt\/","logo":{"@type":"ImageObject","inLanguage":"pt-PT","@id":"https:\/\/loginfo24.com\/pt-pt\/#\/schema\/logo\/image\/","url":"https:\/\/loginfo24.com\/wp-content\/uploads\/sites\/7\/2026\/01\/Logo_LogInfo24.png","contentUrl":"https:\/\/loginfo24.com\/wp-content\/uploads\/sites\/7\/2026\/01\/Logo_LogInfo24.png","width":938,"height":351,"caption":"Logismedia Group AG"},"image":{"@id":"https:\/\/loginfo24.com\/pt-pt\/#\/schema\/logo\/image\/"},"sameAs":["https:\/\/www.facebook.com\/people\/Loginfo24\/100057360583332\/","https:\/\/www.linkedin.com\/company\/lofinfo24\/"]},{"@type":"Person","@id":"https:\/\/loginfo24.com\/pt-pt\/#\/schema\/person\/cf538b3157f15afd7589245a4b3dbd25","name":"Andreas Haug","url":"https:\/\/loginfo24.com\/pt-pt\/author\/andreas\/"}]}},"_links":{"self":[{"href":"https:\/\/loginfo24.com\/pt-pt\/wp-json\/wp\/v2\/posts\/73488","targetHints":{"allow":["GET"]}}],"collection":[{"href":"https:\/\/loginfo24.com\/pt-pt\/wp-json\/wp\/v2\/posts"}],"about":[{"href":"https:\/\/loginfo24.com\/pt-pt\/wp-json\/wp\/v2\/types\/post"}],"author":[{"embeddable":true,"href":"https:\/\/loginfo24.com\/pt-pt\/wp-json\/wp\/v2\/users\/12"}],"replies":[{"embeddable":true,"href":"https:\/\/loginfo24.com\/pt-pt\/wp-json\/wp\/v2\/comments?post=73488"}],"version-history":[{"count":0,"href":"https:\/\/loginfo24.com\/pt-pt\/wp-json\/wp\/v2\/posts\/73488\/revisions"}],"wp:featuredmedia":[{"embeddable":true,"href":"https:\/\/loginfo24.com\/pt-pt\/wp-json\/wp\/v2\/media\/73483"}],"wp:attachment":[{"href":"https:\/\/loginfo24.com\/pt-pt\/wp-json\/wp\/v2\/media?parent=73488"}],"wp:term":[{"taxonomy":"category","embeddable":true,"href":"https:\/\/loginfo24.com\/pt-pt\/wp-json\/wp\/v2\/categories?post=73488"},{"taxonomy":"post_tag","embeddable":true,"href":"https:\/\/loginfo24.com\/pt-pt\/wp-json\/wp\/v2\/tags?post=73488"}],"curies":[{"name":"wp","href":"https:\/\/api.w.org\/{rel}","templated":true}]}}