{"id":73473,"date":"2026-01-22T09:58:05","date_gmt":"2026-01-22T09:58:05","guid":{"rendered":"https:\/\/loginfo24.brand-architecture.at\/2026\/01\/22\/mudanca-na-gestao-da-ctd\/"},"modified":"2026-01-22T11:06:06","modified_gmt":"2026-01-22T10:06:06","slug":"mudanca-na-gestao-da-ctd","status":"publish","type":"post","link":"https:\/\/loginfo24.com\/pt-pt\/2026\/01\/22\/mudanca-na-gestao-da-ctd\/","title":{"rendered":"Mudan\u00e7a na gest\u00e3o da CTD"},"content":{"rendered":"<p>Torsten Sch\u00fctte se aposentou no final de 2025, ap\u00f3s duas d\u00e9cadas como diretor-geral da Container Terminal Dortmund GmbH. Durante esse per\u00edodo, ele moldou decisivamente a empresa e a desenvolveu estrategicamente. Sob sua lideran\u00e7a, o terminal de cont\u00eaineres conseguiu expandir seu papel como um importante local log\u00edstico em Dortmund.<\/p>\n<h3>Michael Kirschner assume a gest\u00e3o<\/h3>\n<p>A partir de 1\u00ba de janeiro de 2026, Michael Kirschner assumir\u00e1 a gest\u00e3o da Container Terminal Dortmund GmbH. Kirschner traz 30 anos de experi\u00eancia na \u00e1rea de terminais de cont\u00eaineres e no transporte combinado. Seu amplo conhecimento do setor e experi\u00eancia em lideran\u00e7a devem contribuir para o desenvolvimento cont\u00ednuo da empresa. \u201cEstou muito animado com a nova tarefa e em trabalhar com os \u00f3timos e experientes colaboradores da Container Terminal Dortmund GmbH para enfrentar os desafios do futuro\u201d, afirmou Kirschner.<\/p>\n<p>Bettina Brennenstuhl, membro do conselho da Dortmunder Hafen AG e presidente do conselho da Container Terminal Dortmund GmbH, elogiou o compromisso de Sch\u00fctte e as decis\u00f5es tomadas nos \u00faltimos anos. Ela enfatizou a import\u00e2ncia de Kirschner como especialista do setor e os passos planejados para o desenvolvimento dos terminais. \u201cCom ele, vamos impulsionar o desenvolvimento de nossos terminais, torn\u00e1-los mais digitais e ainda mais competitivos, fortalecendo assim o local log\u00edstico de Dortmund\u201d, disse Brennenstuhl.<\/p>\n<p>A Container Terminal Dortmund GmbH opera dois terminais no porto de Dortmund, em uma \u00e1rea total de 145.000 m\u00b2, e emprega cerca de 70 colaboradores.<\/p>\n<p>&nbsp;<\/p>\n<p><a href=\"https:\/\/www.ctddortmund.de\/\" target=\"_blank\" rel=\"noopener noreferrer\">www.ctddortmund.de<\/a><\/p>\n<p>&nbsp;<\/p>\n","protected":false},"excerpt":{"rendered":"<p>Torsten Sch\u00fctte se aposentar\u00e1 ap\u00f3s 20 anos como diretor-geral da Container Terminal Dortmund GmbH, enquanto Michael Kirschner assumir\u00e1 a lideran\u00e7a a partir de 2026.<\/p>\n","protected":false},"author":12,"featured_media":73468,"comment_status":"open","ping_status":"open","sticky":false,"template":"","format":"standard","meta":{"_acf_changed":false,"footnotes":""},"categories":[1616,1619,1615],"tags":[6430,6431,6432,6433,6434,6435,6436,6437,6438,2115,2116,6439,6440,2213,2700,6441,2123,6442,2910,6443,6444,2913,6445,6446,6447,2918,2133,2135,1831,6448,6449,2622,6450,1800,3157,6451,2720,6452,6453,2148,6454,6455,2106,2641,6456,6457,6458,6459,2297,2930,1837,6460],"class_list":["post-73473","post","type-post","status-publish","format-standard","has-post-thumbnail","hentry","category-intermodal-rodoviario","category-navegacao-e-portos","category-pessoas-e-empresas","tag-ag-port-de-dortmund","tag-business-management-logistics-francais-terminal-a-conteneurs-dortmund","tag-container-logistics","tag-container-terminals-germany","tag-containerlogistik","tag-containerterminals-deutschland","tag-deutsch-container-terminal-dortmund","tag-developpement-des-terminaux","tag-developpement-strategique-des-entreprises","tag-digitalisierung-in-der-logistik","tag-digitalization-in-logistics","tag-dortmund-port-ag","tag-dortmunder-hafen-ag","tag-economie-du-transport","tag-fachkraeftemangel-in-der-logistik","tag-gestion-dentreprise-logistique","tag-gestion-de-la-chaine-dapprovisionnement","tag-hafenbetrieb-dortmund","tag-industrie-logistique","tag-infrastructure-dortmund","tag-infrastruktur-dortmund","tag-intermodal-transport","tag-kombinierter-verkehr","tag-labor-shortage-in-logistics","tag-logistics-hub-dortmund","tag-logistics-industry","tag-logistics-service-providers","tag-logistikbranche","tag-logistikdienstleister","tag-logistikstandort-dortmund","tag-logistique-de-conteneurs","tag-logistique-durable","tag-michael-kirschner","tag-nachhaltige-logistik","tag-numerisation-dans-la-logistique","tag-operations-portuaires-dortmund","tag-penurie-de-main-doeuvre-dans-la-logistique","tag-pole-logistique-dortmund","tag-port-operations-dortmund","tag-prestataires-de-services-logistiques","tag-strategic-business-development","tag-strategische-unternehmensentwicklung","tag-supply-chain-management","tag-sustainable-logistics","tag-terminal-development","tag-terminalweiterentwicklung","tag-terminaux-a-conteneurs-allemagne","tag-torsten-schuette","tag-transport-economy","tag-transport-intermodal","tag-transportwirtschaft","tag-unternehmensfuehrung-logistik-english-container-terminal-dortmund"],"acf":[],"yoast_head":"<!-- This site is optimized with the Yoast SEO plugin v27.3 - https:\/\/yoast.com\/product\/yoast-seo-wordpress\/ -->\n<title>Mudan\u00e7a na gest\u00e3o da CTD - Loginfo24<\/title>\n<meta name=\"robots\" content=\"index, follow, max-snippet:-1, max-image-preview:large, max-video-preview:-1\" \/>\n<link rel=\"canonical\" href=\"https:\/\/loginfo24.com\/pt-pt\/2026\/01\/22\/mudanca-na-gestao-da-ctd\/\" \/>\n<meta property=\"og:locale\" content=\"pt_PT\" \/>\n<meta property=\"og:type\" content=\"article\" \/>\n<meta property=\"og:title\" content=\"Mudan\u00e7a na gest\u00e3o da CTD - Loginfo24\" \/>\n<meta property=\"og:description\" content=\"Torsten Sch\u00fctte se aposentar\u00e1 ap\u00f3s 20 anos como diretor-geral da Container Terminal Dortmund GmbH, enquanto Michael Kirschner assumir\u00e1 a lideran\u00e7a a partir de 2026.\" \/>\n<meta property=\"og:url\" content=\"https:\/\/loginfo24.com\/pt-pt\/2026\/01\/22\/mudanca-na-gestao-da-ctd\/\" \/>\n<meta property=\"og:site_name\" content=\"Loginfo24\" \/>\n<meta property=\"article:publisher\" content=\"https:\/\/www.facebook.com\/people\/Loginfo24\/100057360583332\/\" \/>\n<meta property=\"article:published_time\" content=\"2026-01-22T09:58:05+00:00\" \/>\n<meta property=\"article:modified_time\" content=\"2026-01-22T10:06:06+00:00\" \/>\n<meta property=\"og:image\" content=\"https:\/\/loginfo24.com\/wp-content\/uploads\/sites\/7\/2026\/01\/CTD-Michael-Kirschner-400x271-1-aspect-ratio-1400-788.jpg\" \/>\n\t<meta property=\"og:image:width\" content=\"313\" \/>\n\t<meta property=\"og:image:height\" content=\"177\" \/>\n\t<meta property=\"og:image:type\" content=\"image\/jpeg\" \/>\n<meta name=\"author\" content=\"Andreas Haug\" \/>\n<meta name=\"twitter:card\" content=\"summary_large_image\" \/>\n<meta name=\"twitter:label1\" content=\"Escrito por\" \/>\n\t<meta name=\"twitter:data1\" content=\"Andreas Haug\" \/>\n\t<meta name=\"twitter:label2\" content=\"Tempo estimado de leitura\" \/>\n\t<meta name=\"twitter:data2\" content=\"1 minuto\" \/>\n<script type=\"application\/ld+json\" class=\"yoast-schema-graph\">{\"@context\":\"https:\\\/\\\/schema.org\",\"@graph\":[{\"@type\":\"Article\",\"@id\":\"https:\\\/\\\/loginfo24.com\\\/pt-pt\\\/2026\\\/01\\\/22\\\/mudanca-na-gestao-da-ctd\\\/#article\",\"isPartOf\":{\"@id\":\"https:\\\/\\\/loginfo24.com\\\/pt-pt\\\/2026\\\/01\\\/22\\\/mudanca-na-gestao-da-ctd\\\/\"},\"author\":{\"name\":\"Andreas Haug\",\"@id\":\"https:\\\/\\\/loginfo24.com\\\/pt-pt\\\/#\\\/schema\\\/person\\\/cf538b3157f15afd7589245a4b3dbd25\"},\"headline\":\"Mudan\u00e7a na gest\u00e3o da CTD\",\"datePublished\":\"2026-01-22T09:58:05+00:00\",\"dateModified\":\"2026-01-22T10:06:06+00:00\",\"mainEntityOfPage\":{\"@id\":\"https:\\\/\\\/loginfo24.com\\\/pt-pt\\\/2026\\\/01\\\/22\\\/mudanca-na-gestao-da-ctd\\\/\"},\"wordCount\":257,\"commentCount\":0,\"publisher\":{\"@id\":\"https:\\\/\\\/loginfo24.com\\\/pt-pt\\\/#organization\"},\"image\":{\"@id\":\"https:\\\/\\\/loginfo24.com\\\/pt-pt\\\/2026\\\/01\\\/22\\\/mudanca-na-gestao-da-ctd\\\/#primaryimage\"},\"thumbnailUrl\":\"https:\\\/\\\/loginfo24.com\\\/wp-content\\\/uploads\\\/sites\\\/7\\\/2026\\\/01\\\/CTD-Michael-Kirschner-400x271-1-aspect-ratio-1400-788.jpg\",\"keywords\":[\"AG Port de Dortmund\",\"business management logistics Fran\u00e7ais Terminal \u00e0 conteneurs Dortmund\",\"container logistics\",\"container terminals Germany\",\"Containerlogistik\",\"Containerterminals Deutschland\",\"Deutsch Container Terminal Dortmund\",\"d\u00e9veloppement des terminaux\",\"d\u00e9veloppement strat\u00e9gique des entreprises\",\"Digitalisierung in der Logistik\",\"digitalization in logistics\",\"Dortmund Port AG\",\"Dortmunder Hafen AG\",\"\u00e9conomie du transport\",\"Fachkr\u00e4ftemangel in der Logistik\",\"gestion d'entreprise logistique\",\"gestion de la cha\u00eene d'approvisionnement\",\"Hafenbetrieb Dortmund\",\"industrie logistique\",\"infrastructure Dortmund\",\"Infrastruktur Dortmund\",\"intermodal transport\",\"kombinierter Verkehr\",\"labor shortage in logistics\",\"logistics hub Dortmund\",\"logistics industry\",\"logistics service providers\",\"Logistikbranche\",\"Logistikdienstleister\",\"Logistikstandort Dortmund\",\"logistique de conteneurs\",\"logistique durable\",\"Michael Kirschner\",\"nachhaltige Logistik\",\"num\u00e9risation dans la logistique\",\"op\u00e9rations portuaires Dortmund\",\"p\u00e9nurie de main-d'\u0153uvre dans la logistique\",\"p\u00f4le logistique Dortmund\",\"port operations Dortmund\",\"prestataires de services logistiques\",\"strategic business development\",\"strategische Unternehmensentwicklung\",\"Supply Chain Management\",\"sustainable logistics\",\"terminal development\",\"Terminalweiterentwicklung\",\"terminaux \u00e0 conteneurs Allemagne\",\"Torsten Sch\u00fctte\",\"transport economy\",\"transport intermodal\",\"Transportwirtschaft\",\"Unternehmensf\u00fchrung Logistik English Container Terminal Dortmund\"],\"articleSection\":[\"Intermodal \\\/ Rodovi\u00e1rio\",\"Navega\u00e7\u00e3o e portos\",\"Pessoas e empresas\"],\"inLanguage\":\"pt-PT\",\"potentialAction\":[{\"@type\":\"CommentAction\",\"name\":\"Comment\",\"target\":[\"https:\\\/\\\/loginfo24.com\\\/pt-pt\\\/2026\\\/01\\\/22\\\/mudanca-na-gestao-da-ctd\\\/#respond\"]}]},{\"@type\":\"WebPage\",\"@id\":\"https:\\\/\\\/loginfo24.com\\\/pt-pt\\\/2026\\\/01\\\/22\\\/mudanca-na-gestao-da-ctd\\\/\",\"url\":\"https:\\\/\\\/loginfo24.com\\\/pt-pt\\\/2026\\\/01\\\/22\\\/mudanca-na-gestao-da-ctd\\\/\",\"name\":\"Mudan\u00e7a na gest\u00e3o da CTD - Loginfo24\",\"isPartOf\":{\"@id\":\"https:\\\/\\\/loginfo24.com\\\/pt-pt\\\/#website\"},\"primaryImageOfPage\":{\"@id\":\"https:\\\/\\\/loginfo24.com\\\/pt-pt\\\/2026\\\/01\\\/22\\\/mudanca-na-gestao-da-ctd\\\/#primaryimage\"},\"image\":{\"@id\":\"https:\\\/\\\/loginfo24.com\\\/pt-pt\\\/2026\\\/01\\\/22\\\/mudanca-na-gestao-da-ctd\\\/#primaryimage\"},\"thumbnailUrl\":\"https:\\\/\\\/loginfo24.com\\\/wp-content\\\/uploads\\\/sites\\\/7\\\/2026\\\/01\\\/CTD-Michael-Kirschner-400x271-1-aspect-ratio-1400-788.jpg\",\"datePublished\":\"2026-01-22T09:58:05+00:00\",\"dateModified\":\"2026-01-22T10:06:06+00:00\",\"breadcrumb\":{\"@id\":\"https:\\\/\\\/loginfo24.com\\\/pt-pt\\\/2026\\\/01\\\/22\\\/mudanca-na-gestao-da-ctd\\\/#breadcrumb\"},\"inLanguage\":\"pt-PT\",\"potentialAction\":[{\"@type\":\"ReadAction\",\"target\":[\"https:\\\/\\\/loginfo24.com\\\/pt-pt\\\/2026\\\/01\\\/22\\\/mudanca-na-gestao-da-ctd\\\/\"]}]},{\"@type\":\"ImageObject\",\"inLanguage\":\"pt-PT\",\"@id\":\"https:\\\/\\\/loginfo24.com\\\/pt-pt\\\/2026\\\/01\\\/22\\\/mudanca-na-gestao-da-ctd\\\/#primaryimage\",\"url\":\"https:\\\/\\\/loginfo24.com\\\/wp-content\\\/uploads\\\/sites\\\/7\\\/2026\\\/01\\\/CTD-Michael-Kirschner-400x271-1-aspect-ratio-1400-788.jpg\",\"contentUrl\":\"https:\\\/\\\/loginfo24.com\\\/wp-content\\\/uploads\\\/sites\\\/7\\\/2026\\\/01\\\/CTD-Michael-Kirschner-400x271-1-aspect-ratio-1400-788.jpg\",\"width\":313,\"height\":177},{\"@type\":\"BreadcrumbList\",\"@id\":\"https:\\\/\\\/loginfo24.com\\\/pt-pt\\\/2026\\\/01\\\/22\\\/mudanca-na-gestao-da-ctd\\\/#breadcrumb\",\"itemListElement\":[{\"@type\":\"ListItem\",\"position\":1,\"name\":\"Startseite\",\"item\":\"https:\\\/\\\/loginfo24.com\\\/pt-pt\\\/\"},{\"@type\":\"ListItem\",\"position\":2,\"name\":\"Mudan\u00e7a na gest\u00e3o da CTD\"}]},{\"@type\":\"WebSite\",\"@id\":\"https:\\\/\\\/loginfo24.com\\\/pt-pt\\\/#website\",\"url\":\"https:\\\/\\\/loginfo24.com\\\/pt-pt\\\/\",\"name\":\"Loginfo24\",\"description\":\"Loginfo24 \u00e9 a plataforma dedicada \u00e0 log\u00edstica e \u00e0s cadeias de abastecimento, com informa\u00e7\u00f5es dispon\u00edveis 24 horas por dia.\",\"publisher\":{\"@id\":\"https:\\\/\\\/loginfo24.com\\\/pt-pt\\\/#organization\"},\"potentialAction\":[{\"@type\":\"SearchAction\",\"target\":{\"@type\":\"EntryPoint\",\"urlTemplate\":\"https:\\\/\\\/loginfo24.com\\\/pt-pt\\\/?s={search_term_string}\"},\"query-input\":{\"@type\":\"PropertyValueSpecification\",\"valueRequired\":true,\"valueName\":\"search_term_string\"}}],\"inLanguage\":\"pt-PT\"},{\"@type\":\"Organization\",\"@id\":\"https:\\\/\\\/loginfo24.com\\\/pt-pt\\\/#organization\",\"name\":\"Logismedia Group AG\",\"url\":\"https:\\\/\\\/loginfo24.com\\\/pt-pt\\\/\",\"logo\":{\"@type\":\"ImageObject\",\"inLanguage\":\"pt-PT\",\"@id\":\"https:\\\/\\\/loginfo24.com\\\/pt-pt\\\/#\\\/schema\\\/logo\\\/image\\\/\",\"url\":\"https:\\\/\\\/loginfo24.com\\\/wp-content\\\/uploads\\\/sites\\\/7\\\/2026\\\/01\\\/Logo_LogInfo24.png\",\"contentUrl\":\"https:\\\/\\\/loginfo24.com\\\/wp-content\\\/uploads\\\/sites\\\/7\\\/2026\\\/01\\\/Logo_LogInfo24.png\",\"width\":938,\"height\":351,\"caption\":\"Logismedia Group AG\"},\"image\":{\"@id\":\"https:\\\/\\\/loginfo24.com\\\/pt-pt\\\/#\\\/schema\\\/logo\\\/image\\\/\"},\"sameAs\":[\"https:\\\/\\\/www.facebook.com\\\/people\\\/Loginfo24\\\/100057360583332\\\/\",\"https:\\\/\\\/www.linkedin.com\\\/company\\\/lofinfo24\\\/\"]},{\"@type\":\"Person\",\"@id\":\"https:\\\/\\\/loginfo24.com\\\/pt-pt\\\/#\\\/schema\\\/person\\\/cf538b3157f15afd7589245a4b3dbd25\",\"name\":\"Andreas Haug\",\"url\":\"https:\\\/\\\/loginfo24.com\\\/pt-pt\\\/author\\\/andreas\\\/\"}]}<\/script>\n<!-- \/ Yoast SEO plugin. -->","yoast_head_json":{"title":"Mudan\u00e7a na gest\u00e3o da CTD - Loginfo24","robots":{"index":"index","follow":"follow","max-snippet":"max-snippet:-1","max-image-preview":"max-image-preview:large","max-video-preview":"max-video-preview:-1"},"canonical":"https:\/\/loginfo24.com\/pt-pt\/2026\/01\/22\/mudanca-na-gestao-da-ctd\/","og_locale":"pt_PT","og_type":"article","og_title":"Mudan\u00e7a na gest\u00e3o da CTD - Loginfo24","og_description":"Torsten Sch\u00fctte se aposentar\u00e1 ap\u00f3s 20 anos como diretor-geral da Container Terminal Dortmund GmbH, enquanto Michael Kirschner assumir\u00e1 a lideran\u00e7a a partir de 2026.","og_url":"https:\/\/loginfo24.com\/pt-pt\/2026\/01\/22\/mudanca-na-gestao-da-ctd\/","og_site_name":"Loginfo24","article_publisher":"https:\/\/www.facebook.com\/people\/Loginfo24\/100057360583332\/","article_published_time":"2026-01-22T09:58:05+00:00","article_modified_time":"2026-01-22T10:06:06+00:00","og_image":[{"width":313,"height":177,"url":"https:\/\/loginfo24.com\/wp-content\/uploads\/sites\/7\/2026\/01\/CTD-Michael-Kirschner-400x271-1-aspect-ratio-1400-788.jpg","type":"image\/jpeg"}],"author":"Andreas Haug","twitter_card":"summary_large_image","twitter_misc":{"Escrito por":"Andreas Haug","Tempo estimado de leitura":"1 minuto"},"schema":{"@context":"https:\/\/schema.org","@graph":[{"@type":"Article","@id":"https:\/\/loginfo24.com\/pt-pt\/2026\/01\/22\/mudanca-na-gestao-da-ctd\/#article","isPartOf":{"@id":"https:\/\/loginfo24.com\/pt-pt\/2026\/01\/22\/mudanca-na-gestao-da-ctd\/"},"author":{"name":"Andreas Haug","@id":"https:\/\/loginfo24.com\/pt-pt\/#\/schema\/person\/cf538b3157f15afd7589245a4b3dbd25"},"headline":"Mudan\u00e7a na gest\u00e3o da CTD","datePublished":"2026-01-22T09:58:05+00:00","dateModified":"2026-01-22T10:06:06+00:00","mainEntityOfPage":{"@id":"https:\/\/loginfo24.com\/pt-pt\/2026\/01\/22\/mudanca-na-gestao-da-ctd\/"},"wordCount":257,"commentCount":0,"publisher":{"@id":"https:\/\/loginfo24.com\/pt-pt\/#organization"},"image":{"@id":"https:\/\/loginfo24.com\/pt-pt\/2026\/01\/22\/mudanca-na-gestao-da-ctd\/#primaryimage"},"thumbnailUrl":"https:\/\/loginfo24.com\/wp-content\/uploads\/sites\/7\/2026\/01\/CTD-Michael-Kirschner-400x271-1-aspect-ratio-1400-788.jpg","keywords":["AG Port de Dortmund","business management logistics Fran\u00e7ais Terminal \u00e0 conteneurs Dortmund","container logistics","container terminals Germany","Containerlogistik","Containerterminals Deutschland","Deutsch Container Terminal Dortmund","d\u00e9veloppement des terminaux","d\u00e9veloppement strat\u00e9gique des entreprises","Digitalisierung in der Logistik","digitalization in logistics","Dortmund Port AG","Dortmunder Hafen AG","\u00e9conomie du transport","Fachkr\u00e4ftemangel in der Logistik","gestion d'entreprise logistique","gestion de la cha\u00eene d'approvisionnement","Hafenbetrieb Dortmund","industrie logistique","infrastructure Dortmund","Infrastruktur Dortmund","intermodal transport","kombinierter Verkehr","labor shortage in logistics","logistics hub Dortmund","logistics industry","logistics service providers","Logistikbranche","Logistikdienstleister","Logistikstandort Dortmund","logistique de conteneurs","logistique durable","Michael Kirschner","nachhaltige Logistik","num\u00e9risation dans la logistique","op\u00e9rations portuaires Dortmund","p\u00e9nurie de main-d'\u0153uvre dans la logistique","p\u00f4le logistique Dortmund","port operations Dortmund","prestataires de services logistiques","strategic business development","strategische Unternehmensentwicklung","Supply Chain Management","sustainable logistics","terminal development","Terminalweiterentwicklung","terminaux \u00e0 conteneurs Allemagne","Torsten Sch\u00fctte","transport economy","transport intermodal","Transportwirtschaft","Unternehmensf\u00fchrung Logistik English Container Terminal Dortmund"],"articleSection":["Intermodal \/ Rodovi\u00e1rio","Navega\u00e7\u00e3o e portos","Pessoas e empresas"],"inLanguage":"pt-PT","potentialAction":[{"@type":"CommentAction","name":"Comment","target":["https:\/\/loginfo24.com\/pt-pt\/2026\/01\/22\/mudanca-na-gestao-da-ctd\/#respond"]}]},{"@type":"WebPage","@id":"https:\/\/loginfo24.com\/pt-pt\/2026\/01\/22\/mudanca-na-gestao-da-ctd\/","url":"https:\/\/loginfo24.com\/pt-pt\/2026\/01\/22\/mudanca-na-gestao-da-ctd\/","name":"Mudan\u00e7a na gest\u00e3o da CTD - Loginfo24","isPartOf":{"@id":"https:\/\/loginfo24.com\/pt-pt\/#website"},"primaryImageOfPage":{"@id":"https:\/\/loginfo24.com\/pt-pt\/2026\/01\/22\/mudanca-na-gestao-da-ctd\/#primaryimage"},"image":{"@id":"https:\/\/loginfo24.com\/pt-pt\/2026\/01\/22\/mudanca-na-gestao-da-ctd\/#primaryimage"},"thumbnailUrl":"https:\/\/loginfo24.com\/wp-content\/uploads\/sites\/7\/2026\/01\/CTD-Michael-Kirschner-400x271-1-aspect-ratio-1400-788.jpg","datePublished":"2026-01-22T09:58:05+00:00","dateModified":"2026-01-22T10:06:06+00:00","breadcrumb":{"@id":"https:\/\/loginfo24.com\/pt-pt\/2026\/01\/22\/mudanca-na-gestao-da-ctd\/#breadcrumb"},"inLanguage":"pt-PT","potentialAction":[{"@type":"ReadAction","target":["https:\/\/loginfo24.com\/pt-pt\/2026\/01\/22\/mudanca-na-gestao-da-ctd\/"]}]},{"@type":"ImageObject","inLanguage":"pt-PT","@id":"https:\/\/loginfo24.com\/pt-pt\/2026\/01\/22\/mudanca-na-gestao-da-ctd\/#primaryimage","url":"https:\/\/loginfo24.com\/wp-content\/uploads\/sites\/7\/2026\/01\/CTD-Michael-Kirschner-400x271-1-aspect-ratio-1400-788.jpg","contentUrl":"https:\/\/loginfo24.com\/wp-content\/uploads\/sites\/7\/2026\/01\/CTD-Michael-Kirschner-400x271-1-aspect-ratio-1400-788.jpg","width":313,"height":177},{"@type":"BreadcrumbList","@id":"https:\/\/loginfo24.com\/pt-pt\/2026\/01\/22\/mudanca-na-gestao-da-ctd\/#breadcrumb","itemListElement":[{"@type":"ListItem","position":1,"name":"Startseite","item":"https:\/\/loginfo24.com\/pt-pt\/"},{"@type":"ListItem","position":2,"name":"Mudan\u00e7a na gest\u00e3o da CTD"}]},{"@type":"WebSite","@id":"https:\/\/loginfo24.com\/pt-pt\/#website","url":"https:\/\/loginfo24.com\/pt-pt\/","name":"Loginfo24","description":"Loginfo24 \u00e9 a plataforma dedicada \u00e0 log\u00edstica e \u00e0s cadeias de abastecimento, com informa\u00e7\u00f5es dispon\u00edveis 24 horas por dia.","publisher":{"@id":"https:\/\/loginfo24.com\/pt-pt\/#organization"},"potentialAction":[{"@type":"SearchAction","target":{"@type":"EntryPoint","urlTemplate":"https:\/\/loginfo24.com\/pt-pt\/?s={search_term_string}"},"query-input":{"@type":"PropertyValueSpecification","valueRequired":true,"valueName":"search_term_string"}}],"inLanguage":"pt-PT"},{"@type":"Organization","@id":"https:\/\/loginfo24.com\/pt-pt\/#organization","name":"Logismedia Group AG","url":"https:\/\/loginfo24.com\/pt-pt\/","logo":{"@type":"ImageObject","inLanguage":"pt-PT","@id":"https:\/\/loginfo24.com\/pt-pt\/#\/schema\/logo\/image\/","url":"https:\/\/loginfo24.com\/wp-content\/uploads\/sites\/7\/2026\/01\/Logo_LogInfo24.png","contentUrl":"https:\/\/loginfo24.com\/wp-content\/uploads\/sites\/7\/2026\/01\/Logo_LogInfo24.png","width":938,"height":351,"caption":"Logismedia Group AG"},"image":{"@id":"https:\/\/loginfo24.com\/pt-pt\/#\/schema\/logo\/image\/"},"sameAs":["https:\/\/www.facebook.com\/people\/Loginfo24\/100057360583332\/","https:\/\/www.linkedin.com\/company\/lofinfo24\/"]},{"@type":"Person","@id":"https:\/\/loginfo24.com\/pt-pt\/#\/schema\/person\/cf538b3157f15afd7589245a4b3dbd25","name":"Andreas Haug","url":"https:\/\/loginfo24.com\/pt-pt\/author\/andreas\/"}]}},"_links":{"self":[{"href":"https:\/\/loginfo24.com\/pt-pt\/wp-json\/wp\/v2\/posts\/73473","targetHints":{"allow":["GET"]}}],"collection":[{"href":"https:\/\/loginfo24.com\/pt-pt\/wp-json\/wp\/v2\/posts"}],"about":[{"href":"https:\/\/loginfo24.com\/pt-pt\/wp-json\/wp\/v2\/types\/post"}],"author":[{"embeddable":true,"href":"https:\/\/loginfo24.com\/pt-pt\/wp-json\/wp\/v2\/users\/12"}],"replies":[{"embeddable":true,"href":"https:\/\/loginfo24.com\/pt-pt\/wp-json\/wp\/v2\/comments?post=73473"}],"version-history":[{"count":1,"href":"https:\/\/loginfo24.com\/pt-pt\/wp-json\/wp\/v2\/posts\/73473\/revisions"}],"predecessor-version":[{"id":73480,"href":"https:\/\/loginfo24.com\/pt-pt\/wp-json\/wp\/v2\/posts\/73473\/revisions\/73480"}],"wp:featuredmedia":[{"embeddable":true,"href":"https:\/\/loginfo24.com\/pt-pt\/wp-json\/wp\/v2\/media\/73468"}],"wp:attachment":[{"href":"https:\/\/loginfo24.com\/pt-pt\/wp-json\/wp\/v2\/media?parent=73473"}],"wp:term":[{"taxonomy":"category","embeddable":true,"href":"https:\/\/loginfo24.com\/pt-pt\/wp-json\/wp\/v2\/categories?post=73473"},{"taxonomy":"post_tag","embeddable":true,"href":"https:\/\/loginfo24.com\/pt-pt\/wp-json\/wp\/v2\/tags?post=73473"}],"curies":[{"name":"wp","href":"https:\/\/api.w.org\/{rel}","templated":true}]}}