{"id":73385,"date":"2026-01-20T14:27:48","date_gmt":"2026-01-20T14:27:48","guid":{"rendered":"https:\/\/loginfo24.brand-architecture.at\/2026\/01\/20\/niccoli-novo-presidente-do-grupo-anfia\/"},"modified":"2026-01-20T14:27:48","modified_gmt":"2026-01-20T14:27:48","slug":"niccoli-novo-presidente-do-grupo-anfia","status":"publish","type":"post","link":"https:\/\/loginfo24.com\/pt-pt\/2026\/01\/20\/niccoli-novo-presidente-do-grupo-anfia\/","title":{"rendered":"Niccoli novo presidente do grupo ANFIA"},"content":{"rendered":"<p>Ranieri Niccoli foi nomeado o novo presidente da associa\u00e7\u00e3o de fabricantes de autom\u00f3veis dentro da associa\u00e7\u00e3o setorial italiana ANFIA. Niccoli, que atua como Chief Manufacturing Officer na Automobili Lamborghini, sucede Umberto Tossini. Tossini \u00e9 reconhecido por seu compromisso e pelo trabalho realizado na representa\u00e7\u00e3o da produ\u00e7\u00e3o automotiva italiana em um per\u00edodo desafiador.<\/p>\n<p>Em sua primeira declara\u00e7\u00e3o, Niccoli expressou que \u00e9 uma honra assumir essa posi\u00e7\u00e3o. Ele enfatizou os desafios atuais que a ind\u00fastria automotiva enfrenta e destacou a necessidade de os fabricantes se envolverem ativamente com inova\u00e7\u00f5es e decis\u00f5es industriais. Essas medidas s\u00e3o cruciais para apoiar o desenvolvimento tecnol\u00f3gico no setor.<\/p>\n<p>Niccoli apontou que a ind\u00fastria automotiva desempenha um papel estrat\u00e9gico para a It\u00e1lia e a Europa. Ele enfatizou que \u00e9 importante construir sobre a s\u00f3lida cultura industrial do pa\u00eds, que est\u00e1 profundamente enraizada. Essa cultura deve ser promovida e valorizada para dar \u00e0s empresas a oportunidade de enfrentar com sucesso os desafios futuros.<\/p>\n<p>A nomea\u00e7\u00e3o de Niccoli ocorre em um contexto em que a ind\u00fastria automotiva enfrenta numerosos desafios, incluindo mudan\u00e7as tecnol\u00f3gicas e a necessidade de se adaptar a novas condi\u00e7\u00f5es de mercado. A ANFIA, a associa\u00e7\u00e3o dos fabricantes de autom\u00f3veis na It\u00e1lia, desempenha um papel central no apoio \u00e0 ind\u00fastria nesses tempos.<\/p>\n<p>&nbsp;<\/p>\n<p><a href=\"https:\/\/www.anfia.it\/\" target=\"_blank\" rel=\"noopener noreferrer\">www.anfia.it<\/a><\/p>\n<p>&nbsp;<\/p>\n","protected":false},"excerpt":{"rendered":"<p>Ranieri Niccoli foi nomeado presidente da ANFIA e enfatiza a import\u00e2ncia das inova\u00e7\u00f5es para a ind\u00fastria automotiva na It\u00e1lia e na Europa<\/p>\n","protected":false},"author":12,"featured_media":73378,"comment_status":"open","ping_status":"open","sticky":false,"template":"","format":"standard","meta":{"_acf_changed":false,"footnotes":""},"categories":[1617,1615,1621],"tags":[6126,6127,6128,6129,6130,6131,6132,6133,6134,6135,6136,6137,6138,6139,6140,6141,6142,6143,6144,6145,6146,6147,6148,6149,6150,6151,6152,6153,6154,6155,6156,6157,6158,6159,6160,6161,6162,6163,6164,6165,6166,6167,6168],"class_list":["post-73385","post","type-post","status-publish","format-standard","has-post-thumbnail","hentry","category-expedicao-e-logistica","category-pessoas-e-empresas","category-regioes","tag-anfia","tag-associations-de-fabricants-automobiles","tag-automobili-lamborghini","tag-automotive-manufacturers-associations-francais-industrie-automobile","tag-avenir-de-lindustrie-automobile","tag-challenges-in-the-automotive-sector","tag-changements-technologiques","tag-conditions-du-marche-du-secteur-automobile","tag-culture-industrielle-en-italie","tag-defis-du-secteur-automobile","tag-deutsch-automobilindustrie","tag-digitalisierung-in-der-automobilindustrie","tag-digitalization-in-the-automotive-industry","tag-europaeische-automobilproduktion","tag-european-automotive-production","tag-fabricants-automobiles-italiens","tag-fachkraeftemangel-automobilbranche","tag-future-of-the-automotive-industry","tag-herausforderungen-der-automobilbranche","tag-industrial-culture-in-italy","tag-industrial-innovations","tag-industrielle-innovationen","tag-industrielle-kultur-italien","tag-innovations-industrielles","tag-italian-car-manufacturers","tag-italienische-automobilhersteller","tag-market-conditions-automotive-sector","tag-marktbedingungen-automobilsektor","tag-nachhaltige-automobilproduktion","tag-numerisation-dans-lindustrie-automobile","tag-penurie-de-competences-dans-lindustrie-automobile","tag-production-automobile-durable","tag-production-automobile-europeenne","tag-ranieri-niccoli","tag-role-strategique-de-lindustrie-automobile","tag-skills-shortage-automotive-industry","tag-strategic-role-of-the-automotive-industry","tag-strategische-rolle-der-automobilindustrie","tag-sustainable-automotive-production","tag-technological-changes","tag-technologische-veraenderungen","tag-verbaende-der-automobilhersteller-english-automotive-industry","tag-zukunft-der-automobilindustrie"],"acf":[],"yoast_head":"<!-- This site is optimized with the Yoast SEO plugin v27.3 - https:\/\/yoast.com\/product\/yoast-seo-wordpress\/ -->\n<title>Niccoli novo presidente do grupo ANFIA - Loginfo24<\/title>\n<meta name=\"robots\" content=\"index, follow, max-snippet:-1, max-image-preview:large, max-video-preview:-1\" \/>\n<link rel=\"canonical\" href=\"https:\/\/loginfo24.com\/pt-pt\/2026\/01\/20\/niccoli-novo-presidente-do-grupo-anfia\/\" \/>\n<meta property=\"og:locale\" content=\"pt_PT\" \/>\n<meta property=\"og:type\" content=\"article\" \/>\n<meta property=\"og:title\" content=\"Niccoli novo presidente do grupo ANFIA - Loginfo24\" \/>\n<meta property=\"og:description\" content=\"Ranieri Niccoli foi nomeado presidente da ANFIA e enfatiza a import\u00e2ncia das inova\u00e7\u00f5es para a ind\u00fastria automotiva na It\u00e1lia e na Europa\" \/>\n<meta property=\"og:url\" content=\"https:\/\/loginfo24.com\/pt-pt\/2026\/01\/20\/niccoli-novo-presidente-do-grupo-anfia\/\" \/>\n<meta property=\"og:site_name\" content=\"Loginfo24\" \/>\n<meta property=\"article:publisher\" content=\"https:\/\/www.facebook.com\/people\/Loginfo24\/100057360583332\/\" \/>\n<meta property=\"article:published_time\" content=\"2026-01-20T14:27:48+00:00\" \/>\n<meta property=\"og:image\" content=\"https:\/\/loginfo24.com\/wp-content\/uploads\/sites\/7\/2026\/01\/Anfia-Foto_Ranieri_Niccoli_sito-aspect-ratio-1400-788.png\" \/>\n\t<meta property=\"og:image:width\" content=\"746\" \/>\n\t<meta property=\"og:image:height\" content=\"420\" \/>\n\t<meta property=\"og:image:type\" content=\"image\/png\" \/>\n<meta name=\"author\" content=\"Andreas Haug\" \/>\n<meta name=\"twitter:card\" content=\"summary_large_image\" \/>\n<meta name=\"twitter:label1\" content=\"Escrito por\" \/>\n\t<meta name=\"twitter:data1\" content=\"Andreas Haug\" \/>\n\t<meta name=\"twitter:label2\" content=\"Tempo estimado de leitura\" \/>\n\t<meta name=\"twitter:data2\" content=\"1 minuto\" \/>\n<script type=\"application\/ld+json\" class=\"yoast-schema-graph\">{\"@context\":\"https:\\\/\\\/schema.org\",\"@graph\":[{\"@type\":\"Article\",\"@id\":\"https:\\\/\\\/loginfo24.com\\\/pt-pt\\\/2026\\\/01\\\/20\\\/niccoli-novo-presidente-do-grupo-anfia\\\/#article\",\"isPartOf\":{\"@id\":\"https:\\\/\\\/loginfo24.com\\\/pt-pt\\\/2026\\\/01\\\/20\\\/niccoli-novo-presidente-do-grupo-anfia\\\/\"},\"author\":{\"name\":\"Andreas Haug\",\"@id\":\"https:\\\/\\\/loginfo24.com\\\/pt-pt\\\/#\\\/schema\\\/person\\\/cf538b3157f15afd7589245a4b3dbd25\"},\"headline\":\"Niccoli novo presidente do grupo ANFIA\",\"datePublished\":\"2026-01-20T14:27:48+00:00\",\"mainEntityOfPage\":{\"@id\":\"https:\\\/\\\/loginfo24.com\\\/pt-pt\\\/2026\\\/01\\\/20\\\/niccoli-novo-presidente-do-grupo-anfia\\\/\"},\"wordCount\":238,\"commentCount\":0,\"publisher\":{\"@id\":\"https:\\\/\\\/loginfo24.com\\\/pt-pt\\\/#organization\"},\"image\":{\"@id\":\"https:\\\/\\\/loginfo24.com\\\/pt-pt\\\/2026\\\/01\\\/20\\\/niccoli-novo-presidente-do-grupo-anfia\\\/#primaryimage\"},\"thumbnailUrl\":\"https:\\\/\\\/loginfo24.com\\\/wp-content\\\/uploads\\\/sites\\\/7\\\/2026\\\/01\\\/Anfia-Foto_Ranieri_Niccoli_sito-aspect-ratio-1400-788.png\",\"keywords\":[\"ANFIA\",\"associations de fabricants automobiles\",\"Automobili Lamborghini\",\"automotive manufacturers associations Fran\u00e7ais industrie automobile\",\"avenir de l'industrie automobile\",\"challenges in the automotive sector\",\"changements technologiques\",\"conditions du march\u00e9 du secteur automobile\",\"culture industrielle en Italie\",\"d\u00e9fis du secteur automobile\",\"Deutsch Automobilindustrie\",\"Digitalisierung in der Automobilindustrie\",\"digitalization in the automotive industry\",\"europ\u00e4ische Automobilproduktion\",\"European automotive production\",\"fabricants automobiles italiens\",\"Fachkr\u00e4ftemangel Automobilbranche\",\"future of the automotive industry\",\"Herausforderungen der Automobilbranche\",\"industrial culture in Italy\",\"industrial innovations\",\"industrielle Innovationen\",\"industrielle Kultur Italien\",\"innovations industrielles\",\"Italian car manufacturers\",\"italienische Automobilhersteller\",\"market conditions automotive sector\",\"Marktbedingungen Automobilsektor\",\"nachhaltige Automobilproduktion\",\"num\u00e9risation dans l'industrie automobile\",\"p\u00e9nurie de comp\u00e9tences dans l'industrie automobile\",\"production automobile durable\",\"production automobile europ\u00e9enne\",\"Ranieri Niccoli\",\"r\u00f4le strat\u00e9gique de l'industrie automobile\",\"skills shortage automotive industry\",\"strategic role of the automotive industry\",\"strategische Rolle der Automobilindustrie\",\"sustainable automotive production\",\"technological changes\",\"technologische Ver\u00e4nderungen\",\"Verb\u00e4nde der Automobilhersteller English automotive industry\",\"Zukunft der Automobilindustrie\"],\"articleSection\":[\"Expedi\u00e7\u00e3o de Mercadorias e Log\u00edstica\",\"Pessoas e empresas\",\"Regi\u00f5es\"],\"inLanguage\":\"pt-PT\",\"potentialAction\":[{\"@type\":\"CommentAction\",\"name\":\"Comment\",\"target\":[\"https:\\\/\\\/loginfo24.com\\\/pt-pt\\\/2026\\\/01\\\/20\\\/niccoli-novo-presidente-do-grupo-anfia\\\/#respond\"]}]},{\"@type\":\"WebPage\",\"@id\":\"https:\\\/\\\/loginfo24.com\\\/pt-pt\\\/2026\\\/01\\\/20\\\/niccoli-novo-presidente-do-grupo-anfia\\\/\",\"url\":\"https:\\\/\\\/loginfo24.com\\\/pt-pt\\\/2026\\\/01\\\/20\\\/niccoli-novo-presidente-do-grupo-anfia\\\/\",\"name\":\"Niccoli novo presidente do grupo ANFIA - Loginfo24\",\"isPartOf\":{\"@id\":\"https:\\\/\\\/loginfo24.com\\\/pt-pt\\\/#website\"},\"primaryImageOfPage\":{\"@id\":\"https:\\\/\\\/loginfo24.com\\\/pt-pt\\\/2026\\\/01\\\/20\\\/niccoli-novo-presidente-do-grupo-anfia\\\/#primaryimage\"},\"image\":{\"@id\":\"https:\\\/\\\/loginfo24.com\\\/pt-pt\\\/2026\\\/01\\\/20\\\/niccoli-novo-presidente-do-grupo-anfia\\\/#primaryimage\"},\"thumbnailUrl\":\"https:\\\/\\\/loginfo24.com\\\/wp-content\\\/uploads\\\/sites\\\/7\\\/2026\\\/01\\\/Anfia-Foto_Ranieri_Niccoli_sito-aspect-ratio-1400-788.png\",\"datePublished\":\"2026-01-20T14:27:48+00:00\",\"breadcrumb\":{\"@id\":\"https:\\\/\\\/loginfo24.com\\\/pt-pt\\\/2026\\\/01\\\/20\\\/niccoli-novo-presidente-do-grupo-anfia\\\/#breadcrumb\"},\"inLanguage\":\"pt-PT\",\"potentialAction\":[{\"@type\":\"ReadAction\",\"target\":[\"https:\\\/\\\/loginfo24.com\\\/pt-pt\\\/2026\\\/01\\\/20\\\/niccoli-novo-presidente-do-grupo-anfia\\\/\"]}]},{\"@type\":\"ImageObject\",\"inLanguage\":\"pt-PT\",\"@id\":\"https:\\\/\\\/loginfo24.com\\\/pt-pt\\\/2026\\\/01\\\/20\\\/niccoli-novo-presidente-do-grupo-anfia\\\/#primaryimage\",\"url\":\"https:\\\/\\\/loginfo24.com\\\/wp-content\\\/uploads\\\/sites\\\/7\\\/2026\\\/01\\\/Anfia-Foto_Ranieri_Niccoli_sito-aspect-ratio-1400-788.png\",\"contentUrl\":\"https:\\\/\\\/loginfo24.com\\\/wp-content\\\/uploads\\\/sites\\\/7\\\/2026\\\/01\\\/Anfia-Foto_Ranieri_Niccoli_sito-aspect-ratio-1400-788.png\",\"width\":746,\"height\":420},{\"@type\":\"BreadcrumbList\",\"@id\":\"https:\\\/\\\/loginfo24.com\\\/pt-pt\\\/2026\\\/01\\\/20\\\/niccoli-novo-presidente-do-grupo-anfia\\\/#breadcrumb\",\"itemListElement\":[{\"@type\":\"ListItem\",\"position\":1,\"name\":\"Startseite\",\"item\":\"https:\\\/\\\/loginfo24.com\\\/pt-pt\\\/\"},{\"@type\":\"ListItem\",\"position\":2,\"name\":\"Niccoli novo presidente do grupo ANFIA\"}]},{\"@type\":\"WebSite\",\"@id\":\"https:\\\/\\\/loginfo24.com\\\/pt-pt\\\/#website\",\"url\":\"https:\\\/\\\/loginfo24.com\\\/pt-pt\\\/\",\"name\":\"Loginfo24\",\"description\":\"Loginfo24 \u00e9 a plataforma dedicada \u00e0 log\u00edstica e \u00e0s cadeias de abastecimento, com informa\u00e7\u00f5es dispon\u00edveis 24 horas por dia.\",\"publisher\":{\"@id\":\"https:\\\/\\\/loginfo24.com\\\/pt-pt\\\/#organization\"},\"potentialAction\":[{\"@type\":\"SearchAction\",\"target\":{\"@type\":\"EntryPoint\",\"urlTemplate\":\"https:\\\/\\\/loginfo24.com\\\/pt-pt\\\/?s={search_term_string}\"},\"query-input\":{\"@type\":\"PropertyValueSpecification\",\"valueRequired\":true,\"valueName\":\"search_term_string\"}}],\"inLanguage\":\"pt-PT\"},{\"@type\":\"Organization\",\"@id\":\"https:\\\/\\\/loginfo24.com\\\/pt-pt\\\/#organization\",\"name\":\"Logismedia Group AG\",\"url\":\"https:\\\/\\\/loginfo24.com\\\/pt-pt\\\/\",\"logo\":{\"@type\":\"ImageObject\",\"inLanguage\":\"pt-PT\",\"@id\":\"https:\\\/\\\/loginfo24.com\\\/pt-pt\\\/#\\\/schema\\\/logo\\\/image\\\/\",\"url\":\"https:\\\/\\\/loginfo24.com\\\/wp-content\\\/uploads\\\/sites\\\/7\\\/2026\\\/01\\\/Logo_LogInfo24.png\",\"contentUrl\":\"https:\\\/\\\/loginfo24.com\\\/wp-content\\\/uploads\\\/sites\\\/7\\\/2026\\\/01\\\/Logo_LogInfo24.png\",\"width\":938,\"height\":351,\"caption\":\"Logismedia Group AG\"},\"image\":{\"@id\":\"https:\\\/\\\/loginfo24.com\\\/pt-pt\\\/#\\\/schema\\\/logo\\\/image\\\/\"},\"sameAs\":[\"https:\\\/\\\/www.facebook.com\\\/people\\\/Loginfo24\\\/100057360583332\\\/\",\"https:\\\/\\\/www.linkedin.com\\\/company\\\/lofinfo24\\\/\"]},{\"@type\":\"Person\",\"@id\":\"https:\\\/\\\/loginfo24.com\\\/pt-pt\\\/#\\\/schema\\\/person\\\/cf538b3157f15afd7589245a4b3dbd25\",\"name\":\"Andreas Haug\",\"url\":\"https:\\\/\\\/loginfo24.com\\\/pt-pt\\\/author\\\/andreas\\\/\"}]}<\/script>\n<!-- \/ Yoast SEO plugin. -->","yoast_head_json":{"title":"Niccoli novo presidente do grupo ANFIA - Loginfo24","robots":{"index":"index","follow":"follow","max-snippet":"max-snippet:-1","max-image-preview":"max-image-preview:large","max-video-preview":"max-video-preview:-1"},"canonical":"https:\/\/loginfo24.com\/pt-pt\/2026\/01\/20\/niccoli-novo-presidente-do-grupo-anfia\/","og_locale":"pt_PT","og_type":"article","og_title":"Niccoli novo presidente do grupo ANFIA - Loginfo24","og_description":"Ranieri Niccoli foi nomeado presidente da ANFIA e enfatiza a import\u00e2ncia das inova\u00e7\u00f5es para a ind\u00fastria automotiva na It\u00e1lia e na Europa","og_url":"https:\/\/loginfo24.com\/pt-pt\/2026\/01\/20\/niccoli-novo-presidente-do-grupo-anfia\/","og_site_name":"Loginfo24","article_publisher":"https:\/\/www.facebook.com\/people\/Loginfo24\/100057360583332\/","article_published_time":"2026-01-20T14:27:48+00:00","og_image":[{"width":746,"height":420,"url":"https:\/\/loginfo24.com\/wp-content\/uploads\/sites\/7\/2026\/01\/Anfia-Foto_Ranieri_Niccoli_sito-aspect-ratio-1400-788.png","type":"image\/png"}],"author":"Andreas Haug","twitter_card":"summary_large_image","twitter_misc":{"Escrito por":"Andreas Haug","Tempo estimado de leitura":"1 minuto"},"schema":{"@context":"https:\/\/schema.org","@graph":[{"@type":"Article","@id":"https:\/\/loginfo24.com\/pt-pt\/2026\/01\/20\/niccoli-novo-presidente-do-grupo-anfia\/#article","isPartOf":{"@id":"https:\/\/loginfo24.com\/pt-pt\/2026\/01\/20\/niccoli-novo-presidente-do-grupo-anfia\/"},"author":{"name":"Andreas Haug","@id":"https:\/\/loginfo24.com\/pt-pt\/#\/schema\/person\/cf538b3157f15afd7589245a4b3dbd25"},"headline":"Niccoli novo presidente do grupo ANFIA","datePublished":"2026-01-20T14:27:48+00:00","mainEntityOfPage":{"@id":"https:\/\/loginfo24.com\/pt-pt\/2026\/01\/20\/niccoli-novo-presidente-do-grupo-anfia\/"},"wordCount":238,"commentCount":0,"publisher":{"@id":"https:\/\/loginfo24.com\/pt-pt\/#organization"},"image":{"@id":"https:\/\/loginfo24.com\/pt-pt\/2026\/01\/20\/niccoli-novo-presidente-do-grupo-anfia\/#primaryimage"},"thumbnailUrl":"https:\/\/loginfo24.com\/wp-content\/uploads\/sites\/7\/2026\/01\/Anfia-Foto_Ranieri_Niccoli_sito-aspect-ratio-1400-788.png","keywords":["ANFIA","associations de fabricants automobiles","Automobili Lamborghini","automotive manufacturers associations Fran\u00e7ais industrie automobile","avenir de l'industrie automobile","challenges in the automotive sector","changements technologiques","conditions du march\u00e9 du secteur automobile","culture industrielle en Italie","d\u00e9fis du secteur automobile","Deutsch Automobilindustrie","Digitalisierung in der Automobilindustrie","digitalization in the automotive industry","europ\u00e4ische Automobilproduktion","European automotive production","fabricants automobiles italiens","Fachkr\u00e4ftemangel Automobilbranche","future of the automotive industry","Herausforderungen der Automobilbranche","industrial culture in Italy","industrial innovations","industrielle Innovationen","industrielle Kultur Italien","innovations industrielles","Italian car manufacturers","italienische Automobilhersteller","market conditions automotive sector","Marktbedingungen Automobilsektor","nachhaltige Automobilproduktion","num\u00e9risation dans l'industrie automobile","p\u00e9nurie de comp\u00e9tences dans l'industrie automobile","production automobile durable","production automobile europ\u00e9enne","Ranieri Niccoli","r\u00f4le strat\u00e9gique de l'industrie automobile","skills shortage automotive industry","strategic role of the automotive industry","strategische Rolle der Automobilindustrie","sustainable automotive production","technological changes","technologische Ver\u00e4nderungen","Verb\u00e4nde der Automobilhersteller English automotive industry","Zukunft der Automobilindustrie"],"articleSection":["Expedi\u00e7\u00e3o de Mercadorias e Log\u00edstica","Pessoas e empresas","Regi\u00f5es"],"inLanguage":"pt-PT","potentialAction":[{"@type":"CommentAction","name":"Comment","target":["https:\/\/loginfo24.com\/pt-pt\/2026\/01\/20\/niccoli-novo-presidente-do-grupo-anfia\/#respond"]}]},{"@type":"WebPage","@id":"https:\/\/loginfo24.com\/pt-pt\/2026\/01\/20\/niccoli-novo-presidente-do-grupo-anfia\/","url":"https:\/\/loginfo24.com\/pt-pt\/2026\/01\/20\/niccoli-novo-presidente-do-grupo-anfia\/","name":"Niccoli novo presidente do grupo ANFIA - Loginfo24","isPartOf":{"@id":"https:\/\/loginfo24.com\/pt-pt\/#website"},"primaryImageOfPage":{"@id":"https:\/\/loginfo24.com\/pt-pt\/2026\/01\/20\/niccoli-novo-presidente-do-grupo-anfia\/#primaryimage"},"image":{"@id":"https:\/\/loginfo24.com\/pt-pt\/2026\/01\/20\/niccoli-novo-presidente-do-grupo-anfia\/#primaryimage"},"thumbnailUrl":"https:\/\/loginfo24.com\/wp-content\/uploads\/sites\/7\/2026\/01\/Anfia-Foto_Ranieri_Niccoli_sito-aspect-ratio-1400-788.png","datePublished":"2026-01-20T14:27:48+00:00","breadcrumb":{"@id":"https:\/\/loginfo24.com\/pt-pt\/2026\/01\/20\/niccoli-novo-presidente-do-grupo-anfia\/#breadcrumb"},"inLanguage":"pt-PT","potentialAction":[{"@type":"ReadAction","target":["https:\/\/loginfo24.com\/pt-pt\/2026\/01\/20\/niccoli-novo-presidente-do-grupo-anfia\/"]}]},{"@type":"ImageObject","inLanguage":"pt-PT","@id":"https:\/\/loginfo24.com\/pt-pt\/2026\/01\/20\/niccoli-novo-presidente-do-grupo-anfia\/#primaryimage","url":"https:\/\/loginfo24.com\/wp-content\/uploads\/sites\/7\/2026\/01\/Anfia-Foto_Ranieri_Niccoli_sito-aspect-ratio-1400-788.png","contentUrl":"https:\/\/loginfo24.com\/wp-content\/uploads\/sites\/7\/2026\/01\/Anfia-Foto_Ranieri_Niccoli_sito-aspect-ratio-1400-788.png","width":746,"height":420},{"@type":"BreadcrumbList","@id":"https:\/\/loginfo24.com\/pt-pt\/2026\/01\/20\/niccoli-novo-presidente-do-grupo-anfia\/#breadcrumb","itemListElement":[{"@type":"ListItem","position":1,"name":"Startseite","item":"https:\/\/loginfo24.com\/pt-pt\/"},{"@type":"ListItem","position":2,"name":"Niccoli novo presidente do grupo ANFIA"}]},{"@type":"WebSite","@id":"https:\/\/loginfo24.com\/pt-pt\/#website","url":"https:\/\/loginfo24.com\/pt-pt\/","name":"Loginfo24","description":"Loginfo24 \u00e9 a plataforma dedicada \u00e0 log\u00edstica e \u00e0s cadeias de abastecimento, com informa\u00e7\u00f5es dispon\u00edveis 24 horas por dia.","publisher":{"@id":"https:\/\/loginfo24.com\/pt-pt\/#organization"},"potentialAction":[{"@type":"SearchAction","target":{"@type":"EntryPoint","urlTemplate":"https:\/\/loginfo24.com\/pt-pt\/?s={search_term_string}"},"query-input":{"@type":"PropertyValueSpecification","valueRequired":true,"valueName":"search_term_string"}}],"inLanguage":"pt-PT"},{"@type":"Organization","@id":"https:\/\/loginfo24.com\/pt-pt\/#organization","name":"Logismedia Group AG","url":"https:\/\/loginfo24.com\/pt-pt\/","logo":{"@type":"ImageObject","inLanguage":"pt-PT","@id":"https:\/\/loginfo24.com\/pt-pt\/#\/schema\/logo\/image\/","url":"https:\/\/loginfo24.com\/wp-content\/uploads\/sites\/7\/2026\/01\/Logo_LogInfo24.png","contentUrl":"https:\/\/loginfo24.com\/wp-content\/uploads\/sites\/7\/2026\/01\/Logo_LogInfo24.png","width":938,"height":351,"caption":"Logismedia Group AG"},"image":{"@id":"https:\/\/loginfo24.com\/pt-pt\/#\/schema\/logo\/image\/"},"sameAs":["https:\/\/www.facebook.com\/people\/Loginfo24\/100057360583332\/","https:\/\/www.linkedin.com\/company\/lofinfo24\/"]},{"@type":"Person","@id":"https:\/\/loginfo24.com\/pt-pt\/#\/schema\/person\/cf538b3157f15afd7589245a4b3dbd25","name":"Andreas Haug","url":"https:\/\/loginfo24.com\/pt-pt\/author\/andreas\/"}]}},"_links":{"self":[{"href":"https:\/\/loginfo24.com\/pt-pt\/wp-json\/wp\/v2\/posts\/73385","targetHints":{"allow":["GET"]}}],"collection":[{"href":"https:\/\/loginfo24.com\/pt-pt\/wp-json\/wp\/v2\/posts"}],"about":[{"href":"https:\/\/loginfo24.com\/pt-pt\/wp-json\/wp\/v2\/types\/post"}],"author":[{"embeddable":true,"href":"https:\/\/loginfo24.com\/pt-pt\/wp-json\/wp\/v2\/users\/12"}],"replies":[{"embeddable":true,"href":"https:\/\/loginfo24.com\/pt-pt\/wp-json\/wp\/v2\/comments?post=73385"}],"version-history":[{"count":0,"href":"https:\/\/loginfo24.com\/pt-pt\/wp-json\/wp\/v2\/posts\/73385\/revisions"}],"wp:featuredmedia":[{"embeddable":true,"href":"https:\/\/loginfo24.com\/pt-pt\/wp-json\/wp\/v2\/media\/73378"}],"wp:attachment":[{"href":"https:\/\/loginfo24.com\/pt-pt\/wp-json\/wp\/v2\/media?parent=73385"}],"wp:term":[{"taxonomy":"category","embeddable":true,"href":"https:\/\/loginfo24.com\/pt-pt\/wp-json\/wp\/v2\/categories?post=73385"},{"taxonomy":"post_tag","embeddable":true,"href":"https:\/\/loginfo24.com\/pt-pt\/wp-json\/wp\/v2\/tags?post=73385"}],"curies":[{"name":"wp","href":"https:\/\/api.w.org\/{rel}","templated":true}]}}