{"id":73209,"date":"2026-01-15T10:31:10","date_gmt":"2026-01-15T10:31:10","guid":{"rendered":"https:\/\/loginfo24.dashboard.brand-architecture.at\/2026\/01\/15\/maersk-plane-o-retorno-ao-mecl\/"},"modified":"2026-01-15T10:31:10","modified_gmt":"2026-01-15T10:31:10","slug":"maersk-plane-o-retorno-ao-mecl","status":"publish","type":"post","link":"https:\/\/loginfo24.com\/pt-pt\/2026\/01\/15\/maersk-plane-o-retorno-ao-mecl\/","title":{"rendered":"Maersk plane o retorno ao MECL"},"content":{"rendered":"<p>Hoje, a A.P. Moller &#8211; Maersk (Maersk) anunciou que a empresa planeja um retorno \u00e0 rota trans-Suez para o servi\u00e7o MECL. Esta decis\u00e3o segue as passagens bem-sucedidas dos navios porta-cont\u00eaineres &#8222;Maersk Sebarok&#8220; e <a href=\"https:\/\/loginfo24.com\/2026\/01\/13\/maersk-denver-passes-bab-el-mandeb\/\" target=\"_blank\" rel=\"noopener noreferrer\">&#8222;Maersk Denver&#8220; pelo Canal de Suez<\/a>. O servi\u00e7o MECL conecta o Oriente M\u00e9dio e a \u00cdndia \u00e0 costa leste dos EUA e \u00e9 operado exclusivamente pela Maersk. A primeira viagem do servi\u00e7o MECL ocorrer\u00e1 na rota oeste pelo Canal de Suez (viagem 603W). O &#8222;Cornelia Maersk&#8220; partiu de Jebel Ali em 15 de janeiro de 2026.<\/p>\n<p>A Maersk enfatiza que a seguran\u00e7a da tripula\u00e7\u00e3o, dos ativos e da carga dos clientes &#8222;\u00e9 a maior prioridade&#8220;. A empresa monitorar\u00e1 a situa\u00e7\u00e3o de seguran\u00e7a na regi\u00e3o do Oriente M\u00e9dio. Altera\u00e7\u00f5es no servi\u00e7o MECL depender\u00e3o da estabilidade no Mar Vermelho. Caso a situa\u00e7\u00e3o de seguran\u00e7a se deteriorar, a Maersk preparou planos de emerg\u00eancia.<\/p>\n<p><a href=\"https:\/\/www.maersk.com\/\" target=\"_blank\" rel=\"noopener noreferrer\">www.maersk.com<\/a><\/p>\n","protected":false},"excerpt":{"rendered":"<p>A.P. Moller \u2013 Maersk plane uma volta \u00e0 rota trans-Suez para o servi\u00e7o MECL, dependendo da situa\u00e7\u00e3o de seguran\u00e7a no Oriente M\u00e9dio e no Mar Vermelho.<\/p>\n","protected":false},"author":10,"featured_media":73204,"comment_status":"open","ping_status":"open","sticky":false,"template":"","format":"standard","meta":{"_acf_changed":false,"footnotes":""},"categories":[1619],"tags":[5856,5857,5858,5859,5860,4019,3739,2115,5861,5136,2123,5862,2125,3745,2075,5050,5051,3872,5863,2133,5864,1831,5865,1904,5058,5866,5867,5868,5869,5151,5870,2148,5871,5872,5873,5874,5875,5876,5877,2153,5070,5072,5878,5879,5880,5881,5882,2106,5883,2155,5884,5885,1837,5886],"class_list":["post-73209","post","type-post","status-publish","format-standard","has-post-thumbnail","hentry","category-navegacao-e-portos","tag-container-ships","tag-container-transport-india","tag-containerschiffe","tag-containertransport-indien","tag-cote-est-des-etats-unis","tag-deutsch-maersk","tag-developpement-des-infrastructures","tag-digitalisierung-in-der-logistik","tag-east-coast-usa","tag-fachkraeftemangel-transport","tag-gestion-de-la-chaine-dapprovisionnement","tag-hafenbetrieb-jebel-ali","tag-industrie-du-transport","tag-infrastructure-development","tag-infrastrukturentwicklung","tag-international-shipping","tag-internationale-schifffahrt","tag-logistics-digitalization","tag-logistics-sector-francais-maersk","tag-logistics-service-providers","tag-logistikbranche-english-maersk","tag-logistikdienstleister","tag-maritime-safety","tag-maritime-sicherheit","tag-mecl-service","tag-navires-porte-conteneurs","tag-numerisation-de-la-logistique","tag-operations-portuaires-jebel-ali","tag-ostkueste-usa","tag-penurie-de-main-doeuvre-transport","tag-port-operations-jebel-ali","tag-prestataires-de-services-logistiques","tag-red-sea-stability","tag-retour-a-la-route-de-suez","tag-return-to-suez-route","tag-rotmeer-stabilitaet","tag-route-de-suez","tag-rueckkehr-zur-suez-route","tag-schifffahrt-naher-osten","tag-secteur-logistique","tag-securite-maritime","tag-service-mecl","tag-shipping-middle-east","tag-shipping-security","tag-sicherheit-in-der-schifffahrt","tag-stabilite-de-la-mer-rouge","tag-suez-route","tag-supply-chain-management","tag-transport-de-conteneurs-inde","tag-transport-industry","tag-transport-maritime-international","tag-transport-maritime-moyen-orient","tag-transportwirtschaft","tag-workforce-shortage-transport"],"acf":[],"yoast_head":"<!-- This site is optimized with the Yoast SEO plugin v27.3 - https:\/\/yoast.com\/product\/yoast-seo-wordpress\/ -->\n<title>Maersk plane o retorno ao MECL - Loginfo24<\/title>\n<meta name=\"robots\" content=\"index, follow, max-snippet:-1, max-image-preview:large, max-video-preview:-1\" \/>\n<link rel=\"canonical\" href=\"https:\/\/loginfo24.com\/pt-pt\/2026\/01\/15\/maersk-plane-o-retorno-ao-mecl\/\" \/>\n<meta property=\"og:locale\" content=\"pt_PT\" \/>\n<meta property=\"og:type\" content=\"article\" \/>\n<meta property=\"og:title\" content=\"Maersk plane o retorno ao MECL - Loginfo24\" \/>\n<meta property=\"og:description\" content=\"A.P. Moller - Maersk plane uma volta \u00e0 rota trans-Suez para o servi\u00e7o MECL, dependendo da situa\u00e7\u00e3o de seguran\u00e7a no Oriente M\u00e9dio e no Mar Vermelho.\" \/>\n<meta property=\"og:url\" content=\"https:\/\/loginfo24.com\/pt-pt\/2026\/01\/15\/maersk-plane-o-retorno-ao-mecl\/\" \/>\n<meta property=\"og:site_name\" content=\"Loginfo24\" \/>\n<meta property=\"article:publisher\" content=\"https:\/\/www.facebook.com\/people\/Loginfo24\/100057360583332\/\" \/>\n<meta property=\"article:published_time\" content=\"2026-01-15T10:31:10+00:00\" \/>\n<meta property=\"og:image\" content=\"https:\/\/loginfo24.com\/wp-content\/uploads\/sites\/7\/2026\/01\/earsk.jpg\" \/>\n\t<meta property=\"og:image:width\" content=\"1056\" \/>\n\t<meta property=\"og:image:height\" content=\"594\" \/>\n\t<meta property=\"og:image:type\" content=\"image\/jpeg\" \/>\n<meta name=\"author\" content=\"Jeremy Soland\" \/>\n<meta name=\"twitter:card\" content=\"summary_large_image\" \/>\n<meta name=\"twitter:label1\" content=\"Escrito por\" \/>\n\t<meta name=\"twitter:data1\" content=\"Jeremy Soland\" \/>\n\t<meta name=\"twitter:label2\" content=\"Tempo estimado de leitura\" \/>\n\t<meta name=\"twitter:data2\" content=\"1 minuto\" \/>\n<script type=\"application\/ld+json\" class=\"yoast-schema-graph\">{\"@context\":\"https:\\\/\\\/schema.org\",\"@graph\":[{\"@type\":\"Article\",\"@id\":\"https:\\\/\\\/loginfo24.com\\\/pt-pt\\\/2026\\\/01\\\/15\\\/maersk-plane-o-retorno-ao-mecl\\\/#article\",\"isPartOf\":{\"@id\":\"https:\\\/\\\/loginfo24.com\\\/pt-pt\\\/2026\\\/01\\\/15\\\/maersk-plane-o-retorno-ao-mecl\\\/\"},\"author\":{\"name\":\"Jeremy Soland\",\"@id\":\"https:\\\/\\\/loginfo24.com\\\/pt-pt\\\/#\\\/schema\\\/person\\\/41d36b5474b623392fa613e97e2363fa\"},\"headline\":\"Maersk plane o retorno ao MECL\",\"datePublished\":\"2026-01-15T10:31:10+00:00\",\"mainEntityOfPage\":{\"@id\":\"https:\\\/\\\/loginfo24.com\\\/pt-pt\\\/2026\\\/01\\\/15\\\/maersk-plane-o-retorno-ao-mecl\\\/\"},\"wordCount\":164,\"commentCount\":0,\"publisher\":{\"@id\":\"https:\\\/\\\/loginfo24.com\\\/pt-pt\\\/#organization\"},\"image\":{\"@id\":\"https:\\\/\\\/loginfo24.com\\\/pt-pt\\\/2026\\\/01\\\/15\\\/maersk-plane-o-retorno-ao-mecl\\\/#primaryimage\"},\"thumbnailUrl\":\"https:\\\/\\\/loginfo24.com\\\/wp-content\\\/uploads\\\/sites\\\/7\\\/2026\\\/01\\\/earsk.jpg\",\"keywords\":[\"container ships\",\"container transport India\",\"Containerschiffe\",\"Containertransport Indien\",\"c\u00f4te est des \u00c9tats-Unis\",\"Deutsch Maersk\",\"d\u00e9veloppement des infrastructures\",\"Digitalisierung in der Logistik\",\"East Coast USA\",\"Fachkr\u00e4ftemangel Transport\",\"gestion de la cha\u00eene d'approvisionnement\",\"Hafenbetrieb Jebel Ali\",\"industrie du transport\",\"infrastructure development\",\"Infrastrukturentwicklung\",\"international shipping\",\"internationale Schifffahrt\",\"logistics digitalization\",\"logistics sector Fran\u00e7ais Maersk\",\"logistics service providers\",\"Logistikbranche English Maersk\",\"Logistikdienstleister\",\"maritime safety\",\"maritime Sicherheit\",\"MECL service\",\"navires porte-conteneurs\",\"num\u00e9risation de la logistique\",\"op\u00e9rations portuaires Jebel Ali\",\"Ostk\u00fcste USA\",\"p\u00e9nurie de main-d'\u0153uvre transport\",\"port operations Jebel Ali\",\"prestataires de services logistiques\",\"Red Sea stability\",\"retour \u00e0 la route de Suez\",\"return to Suez route\",\"Rotmeer Stabilit\u00e4t\",\"route de Suez\",\"R\u00fcckkehr zur Suez-Route\",\"Schifffahrt Naher Osten\",\"secteur logistique\",\"s\u00e9curit\u00e9 maritime\",\"service MECL\",\"shipping Middle East\",\"shipping security\",\"Sicherheit in der Schifffahrt\",\"stabilit\u00e9 de la mer Rouge\",\"Suez-Route\",\"Supply Chain Management\",\"transport de conteneurs Inde\",\"transport industry\",\"transport maritime international\",\"transport maritime Moyen-Orient\",\"Transportwirtschaft\",\"workforce shortage transport\"],\"articleSection\":[\"Navega\u00e7\u00e3o e portos\"],\"inLanguage\":\"pt-PT\",\"potentialAction\":[{\"@type\":\"CommentAction\",\"name\":\"Comment\",\"target\":[\"https:\\\/\\\/loginfo24.com\\\/pt-pt\\\/2026\\\/01\\\/15\\\/maersk-plane-o-retorno-ao-mecl\\\/#respond\"]}]},{\"@type\":\"WebPage\",\"@id\":\"https:\\\/\\\/loginfo24.com\\\/pt-pt\\\/2026\\\/01\\\/15\\\/maersk-plane-o-retorno-ao-mecl\\\/\",\"url\":\"https:\\\/\\\/loginfo24.com\\\/pt-pt\\\/2026\\\/01\\\/15\\\/maersk-plane-o-retorno-ao-mecl\\\/\",\"name\":\"Maersk plane o retorno ao MECL - Loginfo24\",\"isPartOf\":{\"@id\":\"https:\\\/\\\/loginfo24.com\\\/pt-pt\\\/#website\"},\"primaryImageOfPage\":{\"@id\":\"https:\\\/\\\/loginfo24.com\\\/pt-pt\\\/2026\\\/01\\\/15\\\/maersk-plane-o-retorno-ao-mecl\\\/#primaryimage\"},\"image\":{\"@id\":\"https:\\\/\\\/loginfo24.com\\\/pt-pt\\\/2026\\\/01\\\/15\\\/maersk-plane-o-retorno-ao-mecl\\\/#primaryimage\"},\"thumbnailUrl\":\"https:\\\/\\\/loginfo24.com\\\/wp-content\\\/uploads\\\/sites\\\/7\\\/2026\\\/01\\\/earsk.jpg\",\"datePublished\":\"2026-01-15T10:31:10+00:00\",\"breadcrumb\":{\"@id\":\"https:\\\/\\\/loginfo24.com\\\/pt-pt\\\/2026\\\/01\\\/15\\\/maersk-plane-o-retorno-ao-mecl\\\/#breadcrumb\"},\"inLanguage\":\"pt-PT\",\"potentialAction\":[{\"@type\":\"ReadAction\",\"target\":[\"https:\\\/\\\/loginfo24.com\\\/pt-pt\\\/2026\\\/01\\\/15\\\/maersk-plane-o-retorno-ao-mecl\\\/\"]}]},{\"@type\":\"ImageObject\",\"inLanguage\":\"pt-PT\",\"@id\":\"https:\\\/\\\/loginfo24.com\\\/pt-pt\\\/2026\\\/01\\\/15\\\/maersk-plane-o-retorno-ao-mecl\\\/#primaryimage\",\"url\":\"https:\\\/\\\/loginfo24.com\\\/wp-content\\\/uploads\\\/sites\\\/7\\\/2026\\\/01\\\/earsk.jpg\",\"contentUrl\":\"https:\\\/\\\/loginfo24.com\\\/wp-content\\\/uploads\\\/sites\\\/7\\\/2026\\\/01\\\/earsk.jpg\",\"width\":1056,\"height\":594},{\"@type\":\"BreadcrumbList\",\"@id\":\"https:\\\/\\\/loginfo24.com\\\/pt-pt\\\/2026\\\/01\\\/15\\\/maersk-plane-o-retorno-ao-mecl\\\/#breadcrumb\",\"itemListElement\":[{\"@type\":\"ListItem\",\"position\":1,\"name\":\"Startseite\",\"item\":\"https:\\\/\\\/loginfo24.com\\\/pt-pt\\\/\"},{\"@type\":\"ListItem\",\"position\":2,\"name\":\"Maersk plane o retorno ao MECL\"}]},{\"@type\":\"WebSite\",\"@id\":\"https:\\\/\\\/loginfo24.com\\\/pt-pt\\\/#website\",\"url\":\"https:\\\/\\\/loginfo24.com\\\/pt-pt\\\/\",\"name\":\"Loginfo24\",\"description\":\"Loginfo24 \u00e9 a plataforma dedicada \u00e0 log\u00edstica e \u00e0s cadeias de abastecimento, com informa\u00e7\u00f5es dispon\u00edveis 24 horas por dia.\",\"publisher\":{\"@id\":\"https:\\\/\\\/loginfo24.com\\\/pt-pt\\\/#organization\"},\"potentialAction\":[{\"@type\":\"SearchAction\",\"target\":{\"@type\":\"EntryPoint\",\"urlTemplate\":\"https:\\\/\\\/loginfo24.com\\\/pt-pt\\\/?s={search_term_string}\"},\"query-input\":{\"@type\":\"PropertyValueSpecification\",\"valueRequired\":true,\"valueName\":\"search_term_string\"}}],\"inLanguage\":\"pt-PT\"},{\"@type\":\"Organization\",\"@id\":\"https:\\\/\\\/loginfo24.com\\\/pt-pt\\\/#organization\",\"name\":\"Logismedia Group AG\",\"url\":\"https:\\\/\\\/loginfo24.com\\\/pt-pt\\\/\",\"logo\":{\"@type\":\"ImageObject\",\"inLanguage\":\"pt-PT\",\"@id\":\"https:\\\/\\\/loginfo24.com\\\/pt-pt\\\/#\\\/schema\\\/logo\\\/image\\\/\",\"url\":\"https:\\\/\\\/loginfo24.com\\\/wp-content\\\/uploads\\\/sites\\\/7\\\/2026\\\/01\\\/Logo_LogInfo24.png\",\"contentUrl\":\"https:\\\/\\\/loginfo24.com\\\/wp-content\\\/uploads\\\/sites\\\/7\\\/2026\\\/01\\\/Logo_LogInfo24.png\",\"width\":938,\"height\":351,\"caption\":\"Logismedia Group AG\"},\"image\":{\"@id\":\"https:\\\/\\\/loginfo24.com\\\/pt-pt\\\/#\\\/schema\\\/logo\\\/image\\\/\"},\"sameAs\":[\"https:\\\/\\\/www.facebook.com\\\/people\\\/Loginfo24\\\/100057360583332\\\/\",\"https:\\\/\\\/www.linkedin.com\\\/company\\\/lofinfo24\\\/\"]},{\"@type\":\"Person\",\"@id\":\"https:\\\/\\\/loginfo24.com\\\/pt-pt\\\/#\\\/schema\\\/person\\\/41d36b5474b623392fa613e97e2363fa\",\"name\":\"Jeremy Soland\",\"url\":\"https:\\\/\\\/loginfo24.com\\\/pt-pt\\\/author\\\/jeremy\\\/\"}]}<\/script>\n<!-- \/ Yoast SEO plugin. -->","yoast_head_json":{"title":"Maersk plane o retorno ao MECL - Loginfo24","robots":{"index":"index","follow":"follow","max-snippet":"max-snippet:-1","max-image-preview":"max-image-preview:large","max-video-preview":"max-video-preview:-1"},"canonical":"https:\/\/loginfo24.com\/pt-pt\/2026\/01\/15\/maersk-plane-o-retorno-ao-mecl\/","og_locale":"pt_PT","og_type":"article","og_title":"Maersk plane o retorno ao MECL - Loginfo24","og_description":"A.P. Moller - Maersk plane uma volta \u00e0 rota trans-Suez para o servi\u00e7o MECL, dependendo da situa\u00e7\u00e3o de seguran\u00e7a no Oriente M\u00e9dio e no Mar Vermelho.","og_url":"https:\/\/loginfo24.com\/pt-pt\/2026\/01\/15\/maersk-plane-o-retorno-ao-mecl\/","og_site_name":"Loginfo24","article_publisher":"https:\/\/www.facebook.com\/people\/Loginfo24\/100057360583332\/","article_published_time":"2026-01-15T10:31:10+00:00","og_image":[{"width":1056,"height":594,"url":"https:\/\/loginfo24.com\/wp-content\/uploads\/sites\/7\/2026\/01\/earsk.jpg","type":"image\/jpeg"}],"author":"Jeremy Soland","twitter_card":"summary_large_image","twitter_misc":{"Escrito por":"Jeremy Soland","Tempo estimado de leitura":"1 minuto"},"schema":{"@context":"https:\/\/schema.org","@graph":[{"@type":"Article","@id":"https:\/\/loginfo24.com\/pt-pt\/2026\/01\/15\/maersk-plane-o-retorno-ao-mecl\/#article","isPartOf":{"@id":"https:\/\/loginfo24.com\/pt-pt\/2026\/01\/15\/maersk-plane-o-retorno-ao-mecl\/"},"author":{"name":"Jeremy Soland","@id":"https:\/\/loginfo24.com\/pt-pt\/#\/schema\/person\/41d36b5474b623392fa613e97e2363fa"},"headline":"Maersk plane o retorno ao MECL","datePublished":"2026-01-15T10:31:10+00:00","mainEntityOfPage":{"@id":"https:\/\/loginfo24.com\/pt-pt\/2026\/01\/15\/maersk-plane-o-retorno-ao-mecl\/"},"wordCount":164,"commentCount":0,"publisher":{"@id":"https:\/\/loginfo24.com\/pt-pt\/#organization"},"image":{"@id":"https:\/\/loginfo24.com\/pt-pt\/2026\/01\/15\/maersk-plane-o-retorno-ao-mecl\/#primaryimage"},"thumbnailUrl":"https:\/\/loginfo24.com\/wp-content\/uploads\/sites\/7\/2026\/01\/earsk.jpg","keywords":["container ships","container transport India","Containerschiffe","Containertransport Indien","c\u00f4te est des \u00c9tats-Unis","Deutsch Maersk","d\u00e9veloppement des infrastructures","Digitalisierung in der Logistik","East Coast USA","Fachkr\u00e4ftemangel Transport","gestion de la cha\u00eene d'approvisionnement","Hafenbetrieb Jebel Ali","industrie du transport","infrastructure development","Infrastrukturentwicklung","international shipping","internationale Schifffahrt","logistics digitalization","logistics sector Fran\u00e7ais Maersk","logistics service providers","Logistikbranche English Maersk","Logistikdienstleister","maritime safety","maritime Sicherheit","MECL service","navires porte-conteneurs","num\u00e9risation de la logistique","op\u00e9rations portuaires Jebel Ali","Ostk\u00fcste USA","p\u00e9nurie de main-d'\u0153uvre transport","port operations Jebel Ali","prestataires de services logistiques","Red Sea stability","retour \u00e0 la route de Suez","return to Suez route","Rotmeer Stabilit\u00e4t","route de Suez","R\u00fcckkehr zur Suez-Route","Schifffahrt Naher Osten","secteur logistique","s\u00e9curit\u00e9 maritime","service MECL","shipping Middle East","shipping security","Sicherheit in der Schifffahrt","stabilit\u00e9 de la mer Rouge","Suez-Route","Supply Chain Management","transport de conteneurs Inde","transport industry","transport maritime international","transport maritime Moyen-Orient","Transportwirtschaft","workforce shortage transport"],"articleSection":["Navega\u00e7\u00e3o e portos"],"inLanguage":"pt-PT","potentialAction":[{"@type":"CommentAction","name":"Comment","target":["https:\/\/loginfo24.com\/pt-pt\/2026\/01\/15\/maersk-plane-o-retorno-ao-mecl\/#respond"]}]},{"@type":"WebPage","@id":"https:\/\/loginfo24.com\/pt-pt\/2026\/01\/15\/maersk-plane-o-retorno-ao-mecl\/","url":"https:\/\/loginfo24.com\/pt-pt\/2026\/01\/15\/maersk-plane-o-retorno-ao-mecl\/","name":"Maersk plane o retorno ao MECL - Loginfo24","isPartOf":{"@id":"https:\/\/loginfo24.com\/pt-pt\/#website"},"primaryImageOfPage":{"@id":"https:\/\/loginfo24.com\/pt-pt\/2026\/01\/15\/maersk-plane-o-retorno-ao-mecl\/#primaryimage"},"image":{"@id":"https:\/\/loginfo24.com\/pt-pt\/2026\/01\/15\/maersk-plane-o-retorno-ao-mecl\/#primaryimage"},"thumbnailUrl":"https:\/\/loginfo24.com\/wp-content\/uploads\/sites\/7\/2026\/01\/earsk.jpg","datePublished":"2026-01-15T10:31:10+00:00","breadcrumb":{"@id":"https:\/\/loginfo24.com\/pt-pt\/2026\/01\/15\/maersk-plane-o-retorno-ao-mecl\/#breadcrumb"},"inLanguage":"pt-PT","potentialAction":[{"@type":"ReadAction","target":["https:\/\/loginfo24.com\/pt-pt\/2026\/01\/15\/maersk-plane-o-retorno-ao-mecl\/"]}]},{"@type":"ImageObject","inLanguage":"pt-PT","@id":"https:\/\/loginfo24.com\/pt-pt\/2026\/01\/15\/maersk-plane-o-retorno-ao-mecl\/#primaryimage","url":"https:\/\/loginfo24.com\/wp-content\/uploads\/sites\/7\/2026\/01\/earsk.jpg","contentUrl":"https:\/\/loginfo24.com\/wp-content\/uploads\/sites\/7\/2026\/01\/earsk.jpg","width":1056,"height":594},{"@type":"BreadcrumbList","@id":"https:\/\/loginfo24.com\/pt-pt\/2026\/01\/15\/maersk-plane-o-retorno-ao-mecl\/#breadcrumb","itemListElement":[{"@type":"ListItem","position":1,"name":"Startseite","item":"https:\/\/loginfo24.com\/pt-pt\/"},{"@type":"ListItem","position":2,"name":"Maersk plane o retorno ao MECL"}]},{"@type":"WebSite","@id":"https:\/\/loginfo24.com\/pt-pt\/#website","url":"https:\/\/loginfo24.com\/pt-pt\/","name":"Loginfo24","description":"Loginfo24 \u00e9 a plataforma dedicada \u00e0 log\u00edstica e \u00e0s cadeias de abastecimento, com informa\u00e7\u00f5es dispon\u00edveis 24 horas por dia.","publisher":{"@id":"https:\/\/loginfo24.com\/pt-pt\/#organization"},"potentialAction":[{"@type":"SearchAction","target":{"@type":"EntryPoint","urlTemplate":"https:\/\/loginfo24.com\/pt-pt\/?s={search_term_string}"},"query-input":{"@type":"PropertyValueSpecification","valueRequired":true,"valueName":"search_term_string"}}],"inLanguage":"pt-PT"},{"@type":"Organization","@id":"https:\/\/loginfo24.com\/pt-pt\/#organization","name":"Logismedia Group AG","url":"https:\/\/loginfo24.com\/pt-pt\/","logo":{"@type":"ImageObject","inLanguage":"pt-PT","@id":"https:\/\/loginfo24.com\/pt-pt\/#\/schema\/logo\/image\/","url":"https:\/\/loginfo24.com\/wp-content\/uploads\/sites\/7\/2026\/01\/Logo_LogInfo24.png","contentUrl":"https:\/\/loginfo24.com\/wp-content\/uploads\/sites\/7\/2026\/01\/Logo_LogInfo24.png","width":938,"height":351,"caption":"Logismedia Group AG"},"image":{"@id":"https:\/\/loginfo24.com\/pt-pt\/#\/schema\/logo\/image\/"},"sameAs":["https:\/\/www.facebook.com\/people\/Loginfo24\/100057360583332\/","https:\/\/www.linkedin.com\/company\/lofinfo24\/"]},{"@type":"Person","@id":"https:\/\/loginfo24.com\/pt-pt\/#\/schema\/person\/41d36b5474b623392fa613e97e2363fa","name":"Jeremy Soland","url":"https:\/\/loginfo24.com\/pt-pt\/author\/jeremy\/"}]}},"_links":{"self":[{"href":"https:\/\/loginfo24.com\/pt-pt\/wp-json\/wp\/v2\/posts\/73209","targetHints":{"allow":["GET"]}}],"collection":[{"href":"https:\/\/loginfo24.com\/pt-pt\/wp-json\/wp\/v2\/posts"}],"about":[{"href":"https:\/\/loginfo24.com\/pt-pt\/wp-json\/wp\/v2\/types\/post"}],"author":[{"embeddable":true,"href":"https:\/\/loginfo24.com\/pt-pt\/wp-json\/wp\/v2\/users\/10"}],"replies":[{"embeddable":true,"href":"https:\/\/loginfo24.com\/pt-pt\/wp-json\/wp\/v2\/comments?post=73209"}],"version-history":[{"count":0,"href":"https:\/\/loginfo24.com\/pt-pt\/wp-json\/wp\/v2\/posts\/73209\/revisions"}],"wp:featuredmedia":[{"embeddable":true,"href":"https:\/\/loginfo24.com\/pt-pt\/wp-json\/wp\/v2\/media\/73204"}],"wp:attachment":[{"href":"https:\/\/loginfo24.com\/pt-pt\/wp-json\/wp\/v2\/media?parent=73209"}],"wp:term":[{"taxonomy":"category","embeddable":true,"href":"https:\/\/loginfo24.com\/pt-pt\/wp-json\/wp\/v2\/categories?post=73209"},{"taxonomy":"post_tag","embeddable":true,"href":"https:\/\/loginfo24.com\/pt-pt\/wp-json\/wp\/v2\/tags?post=73209"}],"curies":[{"name":"wp","href":"https:\/\/api.w.org\/{rel}","templated":true}]}}