{"id":73129,"date":"2026-01-15T08:26:37","date_gmt":"2026-01-15T08:26:37","guid":{"rendered":"https:\/\/loginfo24.dashboard.brand-architecture.at\/2026\/01\/15\/queda-no-numero-de-passageiros-e-aumento-de-carga\/"},"modified":"2026-01-15T08:26:37","modified_gmt":"2026-01-15T08:26:37","slug":"queda-no-numero-de-passageiros-e-aumento-de-carga","status":"publish","type":"post","link":"https:\/\/loginfo24.com\/pt-pt\/2026\/01\/15\/queda-no-numero-de-passageiros-e-aumento-de-carga\/","title":{"rendered":"Queda no n\u00famero de passageiros e aumento de carga"},"content":{"rendered":"<p>Maastricht Aachen Airport publicou os primeiros resultados para o ano de 2025. Os operadores do aeroporto relatam um aumento significativo no volume de carga a\u00e9rea, enquanto o n\u00famero de passageiros caiu em compara\u00e7\u00e3o ao ano anterior. No total, foram processadas 41.636 t de carga no aeroporto em 2025, enquanto o n\u00famero de passageiros foi de 159.270. O n\u00famero de movimentos de aeronaves foi de 7.549, dos quais 1.737 foram de cargueiros e 994 de avi\u00f5es de passageiros. Os movimentos restantes foram causados por helic\u00f3pteros, avi\u00f5es pequenos e voos de manuten\u00e7\u00e3o.<\/p>\n<h3>Queda no n\u00famero de passageiros e aumento nas cifras de carga<\/h3>\n<p>Ao contr\u00e1rio dos n\u00fameros de passageiros, o aeroporto registrou um aumento significativo na \u00e1rea de carga a\u00e9rea. Ap\u00f3s uma queda nos volumes de carga desde a renova\u00e7\u00e3o da pista, o aeroporto alcan\u00e7ou um aumento de mais de 40% em 2025. Este desenvolvimento \u00e9 visto como a primeira consequ\u00eancia positiva dos investimentos na manipula\u00e7\u00e3o de carga, especialmente no segundo semestre de 2025.<\/p>\n<p>No final de 2024, o Maastricht Aachen Airport anunciou que iria focar na carga a\u00e9rea. A estrat\u00e9gia de neg\u00f3cios de longo prazo prev\u00ea alcan\u00e7ar 500.000 passageiros e 200.000 t de carga. Embora ambas as \u00e1reas sejam importantes para o aeroporto, espera-se uma rentabilidade mais r\u00e1pida no setor de carga a\u00e9rea. Esta estrat\u00e9gia j\u00e1 se reflete nos volumes de carga aumentados em 2025.<\/p>\n<h3>Nova resolu\u00e7\u00e3o do aeroporto e medidas de infraestrutura<\/h3>\n<p>Al\u00e9m disso, o Maastricht Aachen Airport apresentou um pedido para uma nova resolu\u00e7\u00e3o do aeroporto no in\u00edcio de janeiro de 2026. Este passo faz parte dos esfor\u00e7os para transformar o aeroporto em uma instala\u00e7\u00e3o sustent\u00e1vel e vi\u00e1vel para o futuro. O pedido inclui, entre outras coisas, uma extens\u00e3o da pista operacional para 2.750 m, o que permitir\u00e1 que os cargueiros decolarem com cargas mais pesadas ou alcancem destinos mais distantes. Essas medidas visam n\u00e3o apenas fortalecer a competitividade do aeroporto, mas tamb\u00e9m reduzir a carga para as comunidades vizinhas.<\/p>\n<p>&nbsp;<\/p>\n<p><a href=\"https:\/\/www.maa.nl\/\" target=\"_blank\" rel=\"noopener noreferrer\">www.maa.nl<\/a><\/p>\n<p>&nbsp;<\/p>\n","protected":false},"excerpt":{"rendered":"<p>Maastricht Aachen Airport registrou em 2025 um aumento no volume de carga a\u00e9rea de mais de 40%, enquanto o n\u00famero de passageiros caiu para 159.270<\/p>\n","protected":false},"author":12,"featured_media":73124,"comment_status":"open","ping_status":"open","sticky":false,"template":"","format":"standard","meta":{"_acf_changed":false,"footnotes":""},"categories":[1621,1618],"tags":[3447,5501,5502,3619,5503,5504,5505,5506,5507,5508,3402,2265,5509,5510,2115,4521,5511,5512,5513,5514,5515,3632,5516,2032,5517,1958,5291,5518,4091,5293,5519,2125,3643,5520,5521,5522,5523,2133,1831,3472,5524,5525,5526,3475,5527,3157,5528,5529,5530,5531,2148,5532,5533,5534,5535,4105,2155,1837,5311],"class_list":["post-73129","post","type-post","status-publish","format-standard","has-post-thumbnail","hentry","category-regioes","category-transporte-aereo-de-mercadorias","tag-air-freight-market","tag-air-freight-strategy","tag-air-traffic","tag-airport-infrastructure","tag-airport-management-francais-fret-aerien","tag-airport-operations","tag-airport-resolution","tag-augmentation-du-fret","tag-avions-cargo","tag-baisse-du-nombre-de-passagers","tag-cargo-aircraft","tag-deutsch-luftfracht","tag-developpement-aeroportuaire-durable","tag-developpement-aeroportuaire-europeen","tag-digitalisierung-in-der-logistik","tag-digitization-in-logistics","tag-europaeische-flughafenentwicklung","tag-european-airport-development","tag-fachkraeftemangel-in-der-luftfahrt","tag-flughafenbeschluss","tag-flughafenbetrieb","tag-flughafeninfrastruktur","tag-flughafenmanagement-english-air-freight","tag-frachtflugzeuge","tag-frachtsteigerung","tag-frachttransport","tag-frachtvolumen-2025","tag-freight-increase","tag-freight-transport","tag-freight-volume-2025","tag-gestion-aeroportuaire","tag-industrie-du-transport","tag-infrastructure-aeroportuaire","tag-investissements-dans-le-traitement-du-fret","tag-investitionen-in-frachtabwicklung","tag-investments-in-freight-handling","tag-labor-shortage-in-aviation","tag-logistics-service-providers","tag-logistikdienstleister","tag-luftfrachtmarkt","tag-luftfrachtstrategie","tag-luftverkehr","tag-maastricht-aachen-airport","tag-marche-du-fret-aerien","tag-nachhaltige-flughafenentwicklung","tag-numerisation-dans-la-logistique","tag-operations-aeroportuaires","tag-passagierzahlen-rueckgang","tag-passenger-numbers-decline","tag-penurie-de-main-doeuvre-dans-laviation","tag-prestataires-de-services-logistiques","tag-resolution-aeroportuaire","tag-strategie-de-fret-aerien","tag-sustainable-airport-development","tag-trafic-aerien","tag-transport-de-fret","tag-transport-industry","tag-transportwirtschaft","tag-volume-de-fret-2025"],"acf":[],"yoast_head":"<!-- This site is optimized with the Yoast SEO plugin v27.3 - https:\/\/yoast.com\/product\/yoast-seo-wordpress\/ -->\n<title>Queda no n\u00famero de passageiros e aumento de carga - Loginfo24<\/title>\n<meta name=\"robots\" content=\"index, follow, max-snippet:-1, max-image-preview:large, max-video-preview:-1\" \/>\n<link rel=\"canonical\" href=\"https:\/\/loginfo24.com\/pt-pt\/2026\/01\/15\/queda-no-numero-de-passageiros-e-aumento-de-carga\/\" \/>\n<meta property=\"og:locale\" content=\"pt_PT\" \/>\n<meta property=\"og:type\" content=\"article\" \/>\n<meta property=\"og:title\" content=\"Queda no n\u00famero de passageiros e aumento de carga - Loginfo24\" \/>\n<meta property=\"og:description\" content=\"Maastricht Aachen Airport registrou em 2025 um aumento no volume de carga a\u00e9rea de mais de 40%, enquanto o n\u00famero de passageiros caiu para 159.270\" \/>\n<meta property=\"og:url\" content=\"https:\/\/loginfo24.com\/pt-pt\/2026\/01\/15\/queda-no-numero-de-passageiros-e-aumento-de-carga\/\" \/>\n<meta property=\"og:site_name\" content=\"Loginfo24\" \/>\n<meta property=\"article:publisher\" content=\"https:\/\/www.facebook.com\/people\/Loginfo24\/100057360583332\/\" \/>\n<meta property=\"article:published_time\" content=\"2026-01-15T08:26:37+00:00\" \/>\n<meta property=\"og:image\" content=\"https:\/\/loginfo24.com\/wp-content\/uploads\/sites\/7\/2026\/01\/MAA-615821362_1440700054442875_7059948635848186391_n-aspect-ratio-1400-788.jpg\" \/>\n\t<meta property=\"og:image:width\" content=\"2048\" \/>\n\t<meta property=\"og:image:height\" content=\"1153\" \/>\n\t<meta property=\"og:image:type\" content=\"image\/jpeg\" \/>\n<meta name=\"author\" content=\"Andreas Haug\" \/>\n<meta name=\"twitter:card\" content=\"summary_large_image\" \/>\n<meta name=\"twitter:label1\" content=\"Escrito por\" \/>\n\t<meta name=\"twitter:data1\" content=\"Andreas Haug\" \/>\n\t<meta name=\"twitter:label2\" content=\"Tempo estimado de leitura\" \/>\n\t<meta name=\"twitter:data2\" content=\"2 minutos\" \/>\n<script type=\"application\/ld+json\" class=\"yoast-schema-graph\">{\"@context\":\"https:\\\/\\\/schema.org\",\"@graph\":[{\"@type\":\"Article\",\"@id\":\"https:\\\/\\\/loginfo24.com\\\/pt-pt\\\/2026\\\/01\\\/15\\\/queda-no-numero-de-passageiros-e-aumento-de-carga\\\/#article\",\"isPartOf\":{\"@id\":\"https:\\\/\\\/loginfo24.com\\\/pt-pt\\\/2026\\\/01\\\/15\\\/queda-no-numero-de-passageiros-e-aumento-de-carga\\\/\"},\"author\":{\"name\":\"Andreas Haug\",\"@id\":\"https:\\\/\\\/loginfo24.com\\\/pt-pt\\\/#\\\/schema\\\/person\\\/cf538b3157f15afd7589245a4b3dbd25\"},\"headline\":\"Queda no n\u00famero de passageiros e aumento de carga\",\"datePublished\":\"2026-01-15T08:26:37+00:00\",\"mainEntityOfPage\":{\"@id\":\"https:\\\/\\\/loginfo24.com\\\/pt-pt\\\/2026\\\/01\\\/15\\\/queda-no-numero-de-passageiros-e-aumento-de-carga\\\/\"},\"wordCount\":355,\"commentCount\":0,\"publisher\":{\"@id\":\"https:\\\/\\\/loginfo24.com\\\/pt-pt\\\/#organization\"},\"image\":{\"@id\":\"https:\\\/\\\/loginfo24.com\\\/pt-pt\\\/2026\\\/01\\\/15\\\/queda-no-numero-de-passageiros-e-aumento-de-carga\\\/#primaryimage\"},\"thumbnailUrl\":\"https:\\\/\\\/loginfo24.com\\\/wp-content\\\/uploads\\\/sites\\\/7\\\/2026\\\/01\\\/MAA-615821362_1440700054442875_7059948635848186391_n-aspect-ratio-1400-788.jpg\",\"keywords\":[\"air freight market\",\"air freight strategy\",\"air traffic\",\"airport infrastructure\",\"airport management Fran\u00e7ais fret a\u00e9rien\",\"airport operations\",\"airport resolution\",\"augmentation du fret\",\"avions cargo\",\"baisse du nombre de passagers\",\"cargo aircraft\",\"Deutsch Luftfracht\",\"d\u00e9veloppement a\u00e9roportuaire durable\",\"d\u00e9veloppement a\u00e9roportuaire europ\u00e9en\",\"Digitalisierung in der Logistik\",\"digitization in logistics\",\"europ\u00e4ische Flughafenentwicklung\",\"European airport development\",\"Fachkr\u00e4ftemangel in der Luftfahrt\",\"Flughafenbeschluss\",\"Flughafenbetrieb\",\"Flughafeninfrastruktur\",\"Flughafenmanagement English air freight\",\"Frachtflugzeuge\",\"Frachtsteigerung\",\"Frachttransport\",\"Frachtvolumen 2025\",\"freight increase\",\"freight transport\",\"freight volume 2025\",\"gestion a\u00e9roportuaire\",\"industrie du transport\",\"infrastructure a\u00e9roportuaire\",\"investissements dans le traitement du fret\",\"Investitionen in Frachtabwicklung\",\"investments in freight handling\",\"labor shortage in aviation\",\"logistics service providers\",\"Logistikdienstleister\",\"Luftfrachtmarkt\",\"Luftfrachtstrategie\",\"Luftverkehr\",\"Maastricht Aachen Airport\",\"march\u00e9 du fret a\u00e9rien\",\"nachhaltige Flughafenentwicklung\",\"num\u00e9risation dans la logistique\",\"op\u00e9rations a\u00e9roportuaires\",\"Passagierzahlen R\u00fcckgang\",\"passenger numbers decline\",\"p\u00e9nurie de main-d'\u0153uvre dans l'aviation\",\"prestataires de services logistiques\",\"r\u00e9solution a\u00e9roportuaire\",\"strat\u00e9gie de fret a\u00e9rien\",\"sustainable airport development\",\"trafic a\u00e9rien\",\"transport de fret\",\"transport industry\",\"Transportwirtschaft\",\"volume de fret 2025\"],\"articleSection\":[\"Regi\u00f5es\",\"Transporte a\u00e9reo de mercadorias\"],\"inLanguage\":\"pt-PT\",\"potentialAction\":[{\"@type\":\"CommentAction\",\"name\":\"Comment\",\"target\":[\"https:\\\/\\\/loginfo24.com\\\/pt-pt\\\/2026\\\/01\\\/15\\\/queda-no-numero-de-passageiros-e-aumento-de-carga\\\/#respond\"]}]},{\"@type\":\"WebPage\",\"@id\":\"https:\\\/\\\/loginfo24.com\\\/pt-pt\\\/2026\\\/01\\\/15\\\/queda-no-numero-de-passageiros-e-aumento-de-carga\\\/\",\"url\":\"https:\\\/\\\/loginfo24.com\\\/pt-pt\\\/2026\\\/01\\\/15\\\/queda-no-numero-de-passageiros-e-aumento-de-carga\\\/\",\"name\":\"Queda no n\u00famero de passageiros e aumento de carga - Loginfo24\",\"isPartOf\":{\"@id\":\"https:\\\/\\\/loginfo24.com\\\/pt-pt\\\/#website\"},\"primaryImageOfPage\":{\"@id\":\"https:\\\/\\\/loginfo24.com\\\/pt-pt\\\/2026\\\/01\\\/15\\\/queda-no-numero-de-passageiros-e-aumento-de-carga\\\/#primaryimage\"},\"image\":{\"@id\":\"https:\\\/\\\/loginfo24.com\\\/pt-pt\\\/2026\\\/01\\\/15\\\/queda-no-numero-de-passageiros-e-aumento-de-carga\\\/#primaryimage\"},\"thumbnailUrl\":\"https:\\\/\\\/loginfo24.com\\\/wp-content\\\/uploads\\\/sites\\\/7\\\/2026\\\/01\\\/MAA-615821362_1440700054442875_7059948635848186391_n-aspect-ratio-1400-788.jpg\",\"datePublished\":\"2026-01-15T08:26:37+00:00\",\"breadcrumb\":{\"@id\":\"https:\\\/\\\/loginfo24.com\\\/pt-pt\\\/2026\\\/01\\\/15\\\/queda-no-numero-de-passageiros-e-aumento-de-carga\\\/#breadcrumb\"},\"inLanguage\":\"pt-PT\",\"potentialAction\":[{\"@type\":\"ReadAction\",\"target\":[\"https:\\\/\\\/loginfo24.com\\\/pt-pt\\\/2026\\\/01\\\/15\\\/queda-no-numero-de-passageiros-e-aumento-de-carga\\\/\"]}]},{\"@type\":\"ImageObject\",\"inLanguage\":\"pt-PT\",\"@id\":\"https:\\\/\\\/loginfo24.com\\\/pt-pt\\\/2026\\\/01\\\/15\\\/queda-no-numero-de-passageiros-e-aumento-de-carga\\\/#primaryimage\",\"url\":\"https:\\\/\\\/loginfo24.com\\\/wp-content\\\/uploads\\\/sites\\\/7\\\/2026\\\/01\\\/MAA-615821362_1440700054442875_7059948635848186391_n-aspect-ratio-1400-788.jpg\",\"contentUrl\":\"https:\\\/\\\/loginfo24.com\\\/wp-content\\\/uploads\\\/sites\\\/7\\\/2026\\\/01\\\/MAA-615821362_1440700054442875_7059948635848186391_n-aspect-ratio-1400-788.jpg\",\"width\":2048,\"height\":1153},{\"@type\":\"BreadcrumbList\",\"@id\":\"https:\\\/\\\/loginfo24.com\\\/pt-pt\\\/2026\\\/01\\\/15\\\/queda-no-numero-de-passageiros-e-aumento-de-carga\\\/#breadcrumb\",\"itemListElement\":[{\"@type\":\"ListItem\",\"position\":1,\"name\":\"Startseite\",\"item\":\"https:\\\/\\\/loginfo24.com\\\/pt-pt\\\/\"},{\"@type\":\"ListItem\",\"position\":2,\"name\":\"Queda no n\u00famero de passageiros e aumento de carga\"}]},{\"@type\":\"WebSite\",\"@id\":\"https:\\\/\\\/loginfo24.com\\\/pt-pt\\\/#website\",\"url\":\"https:\\\/\\\/loginfo24.com\\\/pt-pt\\\/\",\"name\":\"Loginfo24\",\"description\":\"Loginfo24 \u00e9 a plataforma dedicada \u00e0 log\u00edstica e \u00e0s cadeias de abastecimento, com informa\u00e7\u00f5es dispon\u00edveis 24 horas por dia.\",\"publisher\":{\"@id\":\"https:\\\/\\\/loginfo24.com\\\/pt-pt\\\/#organization\"},\"potentialAction\":[{\"@type\":\"SearchAction\",\"target\":{\"@type\":\"EntryPoint\",\"urlTemplate\":\"https:\\\/\\\/loginfo24.com\\\/pt-pt\\\/?s={search_term_string}\"},\"query-input\":{\"@type\":\"PropertyValueSpecification\",\"valueRequired\":true,\"valueName\":\"search_term_string\"}}],\"inLanguage\":\"pt-PT\"},{\"@type\":\"Organization\",\"@id\":\"https:\\\/\\\/loginfo24.com\\\/pt-pt\\\/#organization\",\"name\":\"Logismedia Group AG\",\"url\":\"https:\\\/\\\/loginfo24.com\\\/pt-pt\\\/\",\"logo\":{\"@type\":\"ImageObject\",\"inLanguage\":\"pt-PT\",\"@id\":\"https:\\\/\\\/loginfo24.com\\\/pt-pt\\\/#\\\/schema\\\/logo\\\/image\\\/\",\"url\":\"https:\\\/\\\/loginfo24.com\\\/wp-content\\\/uploads\\\/sites\\\/7\\\/2026\\\/01\\\/Logo_LogInfo24.png\",\"contentUrl\":\"https:\\\/\\\/loginfo24.com\\\/wp-content\\\/uploads\\\/sites\\\/7\\\/2026\\\/01\\\/Logo_LogInfo24.png\",\"width\":938,\"height\":351,\"caption\":\"Logismedia Group AG\"},\"image\":{\"@id\":\"https:\\\/\\\/loginfo24.com\\\/pt-pt\\\/#\\\/schema\\\/logo\\\/image\\\/\"},\"sameAs\":[\"https:\\\/\\\/www.facebook.com\\\/people\\\/Loginfo24\\\/100057360583332\\\/\",\"https:\\\/\\\/www.linkedin.com\\\/company\\\/lofinfo24\\\/\"]},{\"@type\":\"Person\",\"@id\":\"https:\\\/\\\/loginfo24.com\\\/pt-pt\\\/#\\\/schema\\\/person\\\/cf538b3157f15afd7589245a4b3dbd25\",\"name\":\"Andreas Haug\",\"url\":\"https:\\\/\\\/loginfo24.com\\\/pt-pt\\\/author\\\/andreas\\\/\"}]}<\/script>\n<!-- \/ Yoast SEO plugin. -->","yoast_head_json":{"title":"Queda no n\u00famero de passageiros e aumento de carga - Loginfo24","robots":{"index":"index","follow":"follow","max-snippet":"max-snippet:-1","max-image-preview":"max-image-preview:large","max-video-preview":"max-video-preview:-1"},"canonical":"https:\/\/loginfo24.com\/pt-pt\/2026\/01\/15\/queda-no-numero-de-passageiros-e-aumento-de-carga\/","og_locale":"pt_PT","og_type":"article","og_title":"Queda no n\u00famero de passageiros e aumento de carga - Loginfo24","og_description":"Maastricht Aachen Airport registrou em 2025 um aumento no volume de carga a\u00e9rea de mais de 40%, enquanto o n\u00famero de passageiros caiu para 159.270","og_url":"https:\/\/loginfo24.com\/pt-pt\/2026\/01\/15\/queda-no-numero-de-passageiros-e-aumento-de-carga\/","og_site_name":"Loginfo24","article_publisher":"https:\/\/www.facebook.com\/people\/Loginfo24\/100057360583332\/","article_published_time":"2026-01-15T08:26:37+00:00","og_image":[{"width":2048,"height":1153,"url":"https:\/\/loginfo24.com\/wp-content\/uploads\/sites\/7\/2026\/01\/MAA-615821362_1440700054442875_7059948635848186391_n-aspect-ratio-1400-788.jpg","type":"image\/jpeg"}],"author":"Andreas Haug","twitter_card":"summary_large_image","twitter_misc":{"Escrito por":"Andreas Haug","Tempo estimado de leitura":"2 minutos"},"schema":{"@context":"https:\/\/schema.org","@graph":[{"@type":"Article","@id":"https:\/\/loginfo24.com\/pt-pt\/2026\/01\/15\/queda-no-numero-de-passageiros-e-aumento-de-carga\/#article","isPartOf":{"@id":"https:\/\/loginfo24.com\/pt-pt\/2026\/01\/15\/queda-no-numero-de-passageiros-e-aumento-de-carga\/"},"author":{"name":"Andreas Haug","@id":"https:\/\/loginfo24.com\/pt-pt\/#\/schema\/person\/cf538b3157f15afd7589245a4b3dbd25"},"headline":"Queda no n\u00famero de passageiros e aumento de carga","datePublished":"2026-01-15T08:26:37+00:00","mainEntityOfPage":{"@id":"https:\/\/loginfo24.com\/pt-pt\/2026\/01\/15\/queda-no-numero-de-passageiros-e-aumento-de-carga\/"},"wordCount":355,"commentCount":0,"publisher":{"@id":"https:\/\/loginfo24.com\/pt-pt\/#organization"},"image":{"@id":"https:\/\/loginfo24.com\/pt-pt\/2026\/01\/15\/queda-no-numero-de-passageiros-e-aumento-de-carga\/#primaryimage"},"thumbnailUrl":"https:\/\/loginfo24.com\/wp-content\/uploads\/sites\/7\/2026\/01\/MAA-615821362_1440700054442875_7059948635848186391_n-aspect-ratio-1400-788.jpg","keywords":["air freight market","air freight strategy","air traffic","airport infrastructure","airport management Fran\u00e7ais fret a\u00e9rien","airport operations","airport resolution","augmentation du fret","avions cargo","baisse du nombre de passagers","cargo aircraft","Deutsch Luftfracht","d\u00e9veloppement a\u00e9roportuaire durable","d\u00e9veloppement a\u00e9roportuaire europ\u00e9en","Digitalisierung in der Logistik","digitization in logistics","europ\u00e4ische Flughafenentwicklung","European airport development","Fachkr\u00e4ftemangel in der Luftfahrt","Flughafenbeschluss","Flughafenbetrieb","Flughafeninfrastruktur","Flughafenmanagement English air freight","Frachtflugzeuge","Frachtsteigerung","Frachttransport","Frachtvolumen 2025","freight increase","freight transport","freight volume 2025","gestion a\u00e9roportuaire","industrie du transport","infrastructure a\u00e9roportuaire","investissements dans le traitement du fret","Investitionen in Frachtabwicklung","investments in freight handling","labor shortage in aviation","logistics service providers","Logistikdienstleister","Luftfrachtmarkt","Luftfrachtstrategie","Luftverkehr","Maastricht Aachen Airport","march\u00e9 du fret a\u00e9rien","nachhaltige Flughafenentwicklung","num\u00e9risation dans la logistique","op\u00e9rations a\u00e9roportuaires","Passagierzahlen R\u00fcckgang","passenger numbers decline","p\u00e9nurie de main-d'\u0153uvre dans l'aviation","prestataires de services logistiques","r\u00e9solution a\u00e9roportuaire","strat\u00e9gie de fret a\u00e9rien","sustainable airport development","trafic a\u00e9rien","transport de fret","transport industry","Transportwirtschaft","volume de fret 2025"],"articleSection":["Regi\u00f5es","Transporte a\u00e9reo de mercadorias"],"inLanguage":"pt-PT","potentialAction":[{"@type":"CommentAction","name":"Comment","target":["https:\/\/loginfo24.com\/pt-pt\/2026\/01\/15\/queda-no-numero-de-passageiros-e-aumento-de-carga\/#respond"]}]},{"@type":"WebPage","@id":"https:\/\/loginfo24.com\/pt-pt\/2026\/01\/15\/queda-no-numero-de-passageiros-e-aumento-de-carga\/","url":"https:\/\/loginfo24.com\/pt-pt\/2026\/01\/15\/queda-no-numero-de-passageiros-e-aumento-de-carga\/","name":"Queda no n\u00famero de passageiros e aumento de carga - Loginfo24","isPartOf":{"@id":"https:\/\/loginfo24.com\/pt-pt\/#website"},"primaryImageOfPage":{"@id":"https:\/\/loginfo24.com\/pt-pt\/2026\/01\/15\/queda-no-numero-de-passageiros-e-aumento-de-carga\/#primaryimage"},"image":{"@id":"https:\/\/loginfo24.com\/pt-pt\/2026\/01\/15\/queda-no-numero-de-passageiros-e-aumento-de-carga\/#primaryimage"},"thumbnailUrl":"https:\/\/loginfo24.com\/wp-content\/uploads\/sites\/7\/2026\/01\/MAA-615821362_1440700054442875_7059948635848186391_n-aspect-ratio-1400-788.jpg","datePublished":"2026-01-15T08:26:37+00:00","breadcrumb":{"@id":"https:\/\/loginfo24.com\/pt-pt\/2026\/01\/15\/queda-no-numero-de-passageiros-e-aumento-de-carga\/#breadcrumb"},"inLanguage":"pt-PT","potentialAction":[{"@type":"ReadAction","target":["https:\/\/loginfo24.com\/pt-pt\/2026\/01\/15\/queda-no-numero-de-passageiros-e-aumento-de-carga\/"]}]},{"@type":"ImageObject","inLanguage":"pt-PT","@id":"https:\/\/loginfo24.com\/pt-pt\/2026\/01\/15\/queda-no-numero-de-passageiros-e-aumento-de-carga\/#primaryimage","url":"https:\/\/loginfo24.com\/wp-content\/uploads\/sites\/7\/2026\/01\/MAA-615821362_1440700054442875_7059948635848186391_n-aspect-ratio-1400-788.jpg","contentUrl":"https:\/\/loginfo24.com\/wp-content\/uploads\/sites\/7\/2026\/01\/MAA-615821362_1440700054442875_7059948635848186391_n-aspect-ratio-1400-788.jpg","width":2048,"height":1153},{"@type":"BreadcrumbList","@id":"https:\/\/loginfo24.com\/pt-pt\/2026\/01\/15\/queda-no-numero-de-passageiros-e-aumento-de-carga\/#breadcrumb","itemListElement":[{"@type":"ListItem","position":1,"name":"Startseite","item":"https:\/\/loginfo24.com\/pt-pt\/"},{"@type":"ListItem","position":2,"name":"Queda no n\u00famero de passageiros e aumento de carga"}]},{"@type":"WebSite","@id":"https:\/\/loginfo24.com\/pt-pt\/#website","url":"https:\/\/loginfo24.com\/pt-pt\/","name":"Loginfo24","description":"Loginfo24 \u00e9 a plataforma dedicada \u00e0 log\u00edstica e \u00e0s cadeias de abastecimento, com informa\u00e7\u00f5es dispon\u00edveis 24 horas por dia.","publisher":{"@id":"https:\/\/loginfo24.com\/pt-pt\/#organization"},"potentialAction":[{"@type":"SearchAction","target":{"@type":"EntryPoint","urlTemplate":"https:\/\/loginfo24.com\/pt-pt\/?s={search_term_string}"},"query-input":{"@type":"PropertyValueSpecification","valueRequired":true,"valueName":"search_term_string"}}],"inLanguage":"pt-PT"},{"@type":"Organization","@id":"https:\/\/loginfo24.com\/pt-pt\/#organization","name":"Logismedia Group AG","url":"https:\/\/loginfo24.com\/pt-pt\/","logo":{"@type":"ImageObject","inLanguage":"pt-PT","@id":"https:\/\/loginfo24.com\/pt-pt\/#\/schema\/logo\/image\/","url":"https:\/\/loginfo24.com\/wp-content\/uploads\/sites\/7\/2026\/01\/Logo_LogInfo24.png","contentUrl":"https:\/\/loginfo24.com\/wp-content\/uploads\/sites\/7\/2026\/01\/Logo_LogInfo24.png","width":938,"height":351,"caption":"Logismedia Group AG"},"image":{"@id":"https:\/\/loginfo24.com\/pt-pt\/#\/schema\/logo\/image\/"},"sameAs":["https:\/\/www.facebook.com\/people\/Loginfo24\/100057360583332\/","https:\/\/www.linkedin.com\/company\/lofinfo24\/"]},{"@type":"Person","@id":"https:\/\/loginfo24.com\/pt-pt\/#\/schema\/person\/cf538b3157f15afd7589245a4b3dbd25","name":"Andreas Haug","url":"https:\/\/loginfo24.com\/pt-pt\/author\/andreas\/"}]}},"_links":{"self":[{"href":"https:\/\/loginfo24.com\/pt-pt\/wp-json\/wp\/v2\/posts\/73129","targetHints":{"allow":["GET"]}}],"collection":[{"href":"https:\/\/loginfo24.com\/pt-pt\/wp-json\/wp\/v2\/posts"}],"about":[{"href":"https:\/\/loginfo24.com\/pt-pt\/wp-json\/wp\/v2\/types\/post"}],"author":[{"embeddable":true,"href":"https:\/\/loginfo24.com\/pt-pt\/wp-json\/wp\/v2\/users\/12"}],"replies":[{"embeddable":true,"href":"https:\/\/loginfo24.com\/pt-pt\/wp-json\/wp\/v2\/comments?post=73129"}],"version-history":[{"count":0,"href":"https:\/\/loginfo24.com\/pt-pt\/wp-json\/wp\/v2\/posts\/73129\/revisions"}],"wp:featuredmedia":[{"embeddable":true,"href":"https:\/\/loginfo24.com\/pt-pt\/wp-json\/wp\/v2\/media\/73124"}],"wp:attachment":[{"href":"https:\/\/loginfo24.com\/pt-pt\/wp-json\/wp\/v2\/media?parent=73129"}],"wp:term":[{"taxonomy":"category","embeddable":true,"href":"https:\/\/loginfo24.com\/pt-pt\/wp-json\/wp\/v2\/categories?post=73129"},{"taxonomy":"post_tag","embeddable":true,"href":"https:\/\/loginfo24.com\/pt-pt\/wp-json\/wp\/v2\/tags?post=73129"}],"curies":[{"name":"wp","href":"https:\/\/api.w.org\/{rel}","templated":true}]}}