{"id":73038,"date":"2026-01-14T08:53:26","date_gmt":"2026-01-14T08:53:26","guid":{"rendered":"https:\/\/loginfo24.dashboard.brand-architecture.at\/2026\/01\/14\/faturamento-de-carga-nos-aeroportos-da-aena-aumenta\/"},"modified":"2026-01-14T11:37:18","modified_gmt":"2026-01-14T10:37:18","slug":"faturamento-de-carga-nos-aeroportos-da-aena-aumenta","status":"publish","type":"post","link":"https:\/\/loginfo24.com\/pt-pt\/2026\/01\/14\/faturamento-de-carga-nos-aeroportos-da-aena-aumenta\/","title":{"rendered":"Faturamento de carga nos aeroportos da Aena aumenta"},"content":{"rendered":"<p>No ano passado, os aeroportos do grupo Aena movimentaram 1.533.901 t de carga, o que representa um aumento de 7,9% em rela\u00e7\u00e3o a 2024. Em dezembro de 2025<\/p>\n<h3>Transporte de Carga e Planos de Investimento<\/h3>\n<p>O Aeroporto Adolfo Su\u00e1rez Madrid-Barajas foi o maior centro de movimenta\u00e7\u00e3o de carga, com 840.331 t, seguido pelo Barcelona-El Prat com 200.741 t. A Aena planeja realizar investimentos na infraestrutura dos aeroportos espanh\u00f3is nos pr\u00f3ximos anos para lidar com a crescente demanda e otimizar as opera\u00e7\u00f5es. Esses investimentos s\u00e3o necess\u00e1rios para adaptar as capacidades aos crescentes volumes de tr\u00e1fego e apoiar futuros projetos de expans\u00e3o e moderniza\u00e7\u00e3o. O transporte de carga dos 17 aeroportos da Aena Brasil aumentou 20,9%, totalizando 133.972 t. No Aeroporto de Londres Luton, a carga caiu 10,2%, totalizando 27.534 t.<\/p>\n<p>&nbsp;<\/p>\n<p><a href=\"https:\/\/www.aena.es\/\" target=\"_blank\" rel=\"noopener noreferrer\">www.aena.es<\/a><\/p>\n<p>&nbsp;<\/p>\n","protected":false},"excerpt":{"rendered":"<p>Em 2025, foram movimentadas 1.533.901 t de carga nos aeroportos do grupo Aena, sendo Madrid-Barajas e Barcelona-El Prat os principais centros de movimenta\u00e7\u00e3o.<\/p>\n","protected":false},"author":12,"featured_media":73033,"comment_status":"open","ping_status":"open","sticky":false,"template":"","format":"standard","meta":{"_acf_changed":false,"footnotes":""},"categories":[1621,1618,1645],"tags":[5272,5273,5274,5275,5276,5277,5278,5279,2648,3619,5280,5281,5282,5283,5284,5285,5286,5287,5288,3632,5289,2811,5290,1958,5291,5292,4091,5293,2655,5294,2125,3643,5295,5296,5297,5298,5299,5300,2821,1831,2176,5301,1962,5302,5303,5304,5305,5306,2829,5307,5308,5309,4105,2155,1837,5310,5311],"class_list":["post-73038","post","type-post","status-publish","format-standard","has-post-thumbnail","hentry","category-regioes","category-transporte-aereo-de-mercadorias","category-uncategorized","tag-adolfo-suarez-madrid-barajas","tag-aena-airports","tag-aena-brasil","tag-aena-brazil","tag-aena-bresil","tag-aena-flughaefen","tag-aeroport-de-londres-luton","tag-aeroports-aena","tag-air-freight","tag-airport-infrastructure","tag-ajustements-de-capacite","tag-barcelona-el-prat","tag-barcelone-el-prat","tag-betriebsablaeufe-optimieren","tag-capacity-adjustments","tag-cargo-flights","tag-cargo-logistics","tag-demande-croissante","tag-deutsch-frachtumschlag","tag-flughafeninfrastruktur","tag-frachtfluege","tag-frachtlogistik","tag-frachtstatistik","tag-frachttransport","tag-frachtvolumen-2025","tag-freight-statistics","tag-freight-transport","tag-freight-volume-2025","tag-fret-aerien","tag-increasing-demand","tag-industrie-du-transport","tag-infrastructure-aeroportuaire","tag-infrastructure-investments","tag-infrastrukturinvestitionen","tag-investissements-en-infrastructure","tag-investitionsplaene-english-freight-handling","tag-investment-plans-francais-manutention-de-fret","tag-kapazitaeten-anpassen","tag-logistics-providers","tag-logistikdienstleister","tag-logistique-de-fret","tag-london-luton-airport","tag-luftfracht","tag-modernisierungsprojekte","tag-modernization-projects","tag-optimisation-des-operations","tag-optimizing-operations","tag-plans-dinvestissement","tag-prestataires-logistiques","tag-projets-de-modernisation","tag-statistiques-de-fret","tag-steigende-nachfrage","tag-transport-de-fret","tag-transport-industry","tag-transportwirtschaft","tag-vols-de-fret","tag-volume-de-fret-2025"],"acf":[],"yoast_head":"<!-- This site is optimized with the Yoast SEO plugin v27.3 - https:\/\/yoast.com\/product\/yoast-seo-wordpress\/ -->\n<title>Faturamento de carga nos aeroportos da Aena aumenta - Loginfo24<\/title>\n<meta name=\"robots\" content=\"index, follow, max-snippet:-1, max-image-preview:large, max-video-preview:-1\" \/>\n<link rel=\"canonical\" href=\"https:\/\/loginfo24.com\/pt-pt\/2026\/01\/14\/faturamento-de-carga-nos-aeroportos-da-aena-aumenta\/\" \/>\n<meta property=\"og:locale\" content=\"pt_PT\" \/>\n<meta property=\"og:type\" content=\"article\" \/>\n<meta property=\"og:title\" content=\"Faturamento de carga nos aeroportos da Aena aumenta - Loginfo24\" \/>\n<meta property=\"og:description\" content=\"Em 2025, foram movimentadas 1.533.901 t de carga nos aeroportos do grupo Aena, sendo Madrid-Barajas e Barcelona-El Prat os principais centros de movimenta\u00e7\u00e3o.\" \/>\n<meta property=\"og:url\" content=\"https:\/\/loginfo24.com\/pt-pt\/2026\/01\/14\/faturamento-de-carga-nos-aeroportos-da-aena-aumenta\/\" \/>\n<meta property=\"og:site_name\" content=\"Loginfo24\" \/>\n<meta property=\"article:publisher\" content=\"https:\/\/www.facebook.com\/people\/Loginfo24\/100057360583332\/\" \/>\n<meta property=\"article:published_time\" content=\"2026-01-14T08:53:26+00:00\" \/>\n<meta property=\"article:modified_time\" content=\"2026-01-14T10:37:18+00:00\" \/>\n<meta property=\"og:image\" content=\"https:\/\/loginfo24.com\/wp-content\/uploads\/sites\/7\/2026\/01\/Aena-491545241_1088041750028984_6180535316988199121_n-aspect-ratio-1400-788.jpg\" \/>\n\t<meta property=\"og:image:width\" content=\"1638\" \/>\n\t<meta property=\"og:image:height\" content=\"922\" \/>\n\t<meta property=\"og:image:type\" content=\"image\/jpeg\" \/>\n<meta name=\"author\" content=\"Andreas Haug\" \/>\n<meta name=\"twitter:card\" content=\"summary_large_image\" \/>\n<meta name=\"twitter:label1\" content=\"Escrito por\" \/>\n\t<meta name=\"twitter:data1\" content=\"Andreas Haug\" \/>\n\t<meta name=\"twitter:label2\" content=\"Tempo estimado de leitura\" \/>\n\t<meta name=\"twitter:data2\" content=\"1 minuto\" \/>\n<script type=\"application\/ld+json\" class=\"yoast-schema-graph\">{\"@context\":\"https:\\\/\\\/schema.org\",\"@graph\":[{\"@type\":\"Article\",\"@id\":\"https:\\\/\\\/loginfo24.com\\\/pt-pt\\\/2026\\\/01\\\/14\\\/faturamento-de-carga-nos-aeroportos-da-aena-aumenta\\\/#article\",\"isPartOf\":{\"@id\":\"https:\\\/\\\/loginfo24.com\\\/pt-pt\\\/2026\\\/01\\\/14\\\/faturamento-de-carga-nos-aeroportos-da-aena-aumenta\\\/\"},\"author\":{\"name\":\"Andreas Haug\",\"@id\":\"https:\\\/\\\/loginfo24.com\\\/pt-pt\\\/#\\\/schema\\\/person\\\/cf538b3157f15afd7589245a4b3dbd25\"},\"headline\":\"Faturamento de carga nos aeroportos da Aena aumenta\",\"datePublished\":\"2026-01-14T08:53:26+00:00\",\"dateModified\":\"2026-01-14T10:37:18+00:00\",\"mainEntityOfPage\":{\"@id\":\"https:\\\/\\\/loginfo24.com\\\/pt-pt\\\/2026\\\/01\\\/14\\\/faturamento-de-carga-nos-aeroportos-da-aena-aumenta\\\/\"},\"wordCount\":142,\"commentCount\":0,\"publisher\":{\"@id\":\"https:\\\/\\\/loginfo24.com\\\/pt-pt\\\/#organization\"},\"image\":{\"@id\":\"https:\\\/\\\/loginfo24.com\\\/pt-pt\\\/2026\\\/01\\\/14\\\/faturamento-de-carga-nos-aeroportos-da-aena-aumenta\\\/#primaryimage\"},\"thumbnailUrl\":\"https:\\\/\\\/loginfo24.com\\\/wp-content\\\/uploads\\\/sites\\\/7\\\/2026\\\/01\\\/Aena-491545241_1088041750028984_6180535316988199121_n-aspect-ratio-1400-788.jpg\",\"keywords\":[\"Adolfo Su\u00e1rez Madrid-Barajas\",\"Aena airports\",\"Aena Brasil\",\"Aena Brazil\",\"Aena Br\u00e9sil\",\"Aena Flugh\u00e4fen\",\"a\u00e9roport de Londres Luton\",\"a\u00e9roports Aena\",\"air freight\",\"airport infrastructure\",\"ajustements de capacit\u00e9\",\"Barcelona-El Prat\",\"Barcelone-El Prat\",\"Betriebsabl\u00e4ufe optimieren\",\"capacity adjustments\",\"cargo flights\",\"cargo logistics\",\"demande croissante\",\"Deutsch Frachtumschlag\",\"Flughafeninfrastruktur\",\"Frachtfl\u00fcge\",\"Frachtlogistik\",\"Frachtstatistik\",\"Frachttransport\",\"Frachtvolumen 2025\",\"freight statistics\",\"freight transport\",\"freight volume 2025\",\"fret a\u00e9rien\",\"increasing demand\",\"industrie du transport\",\"infrastructure a\u00e9roportuaire\",\"infrastructure investments\",\"Infrastrukturinvestitionen\",\"investissements en infrastructure\",\"Investitionspl\u00e4ne English freight handling\",\"investment plans Fran\u00e7ais manutention de fret\",\"Kapazit\u00e4ten anpassen\",\"logistics providers\",\"Logistikdienstleister\",\"logistique de fret\",\"London Luton Airport\",\"Luftfracht\",\"Modernisierungsprojekte\",\"modernization projects\",\"optimisation des op\u00e9rations\",\"optimizing operations\",\"plans d'investissement\",\"prestataires logistiques\",\"projets de modernisation\",\"statistiques de fret\",\"steigende Nachfrage\",\"transport de fret\",\"transport industry\",\"Transportwirtschaft\",\"vols de fret\",\"volume de fret 2025\"],\"articleSection\":[\"Regi\u00f5es\",\"Transporte a\u00e9reo de mercadorias\",\"Uncategorized\"],\"inLanguage\":\"pt-PT\",\"potentialAction\":[{\"@type\":\"CommentAction\",\"name\":\"Comment\",\"target\":[\"https:\\\/\\\/loginfo24.com\\\/pt-pt\\\/2026\\\/01\\\/14\\\/faturamento-de-carga-nos-aeroportos-da-aena-aumenta\\\/#respond\"]}]},{\"@type\":\"WebPage\",\"@id\":\"https:\\\/\\\/loginfo24.com\\\/pt-pt\\\/2026\\\/01\\\/14\\\/faturamento-de-carga-nos-aeroportos-da-aena-aumenta\\\/\",\"url\":\"https:\\\/\\\/loginfo24.com\\\/pt-pt\\\/2026\\\/01\\\/14\\\/faturamento-de-carga-nos-aeroportos-da-aena-aumenta\\\/\",\"name\":\"Faturamento de carga nos aeroportos da Aena aumenta - Loginfo24\",\"isPartOf\":{\"@id\":\"https:\\\/\\\/loginfo24.com\\\/pt-pt\\\/#website\"},\"primaryImageOfPage\":{\"@id\":\"https:\\\/\\\/loginfo24.com\\\/pt-pt\\\/2026\\\/01\\\/14\\\/faturamento-de-carga-nos-aeroportos-da-aena-aumenta\\\/#primaryimage\"},\"image\":{\"@id\":\"https:\\\/\\\/loginfo24.com\\\/pt-pt\\\/2026\\\/01\\\/14\\\/faturamento-de-carga-nos-aeroportos-da-aena-aumenta\\\/#primaryimage\"},\"thumbnailUrl\":\"https:\\\/\\\/loginfo24.com\\\/wp-content\\\/uploads\\\/sites\\\/7\\\/2026\\\/01\\\/Aena-491545241_1088041750028984_6180535316988199121_n-aspect-ratio-1400-788.jpg\",\"datePublished\":\"2026-01-14T08:53:26+00:00\",\"dateModified\":\"2026-01-14T10:37:18+00:00\",\"breadcrumb\":{\"@id\":\"https:\\\/\\\/loginfo24.com\\\/pt-pt\\\/2026\\\/01\\\/14\\\/faturamento-de-carga-nos-aeroportos-da-aena-aumenta\\\/#breadcrumb\"},\"inLanguage\":\"pt-PT\",\"potentialAction\":[{\"@type\":\"ReadAction\",\"target\":[\"https:\\\/\\\/loginfo24.com\\\/pt-pt\\\/2026\\\/01\\\/14\\\/faturamento-de-carga-nos-aeroportos-da-aena-aumenta\\\/\"]}]},{\"@type\":\"ImageObject\",\"inLanguage\":\"pt-PT\",\"@id\":\"https:\\\/\\\/loginfo24.com\\\/pt-pt\\\/2026\\\/01\\\/14\\\/faturamento-de-carga-nos-aeroportos-da-aena-aumenta\\\/#primaryimage\",\"url\":\"https:\\\/\\\/loginfo24.com\\\/wp-content\\\/uploads\\\/sites\\\/7\\\/2026\\\/01\\\/Aena-491545241_1088041750028984_6180535316988199121_n-aspect-ratio-1400-788.jpg\",\"contentUrl\":\"https:\\\/\\\/loginfo24.com\\\/wp-content\\\/uploads\\\/sites\\\/7\\\/2026\\\/01\\\/Aena-491545241_1088041750028984_6180535316988199121_n-aspect-ratio-1400-788.jpg\",\"width\":1638,\"height\":922},{\"@type\":\"BreadcrumbList\",\"@id\":\"https:\\\/\\\/loginfo24.com\\\/pt-pt\\\/2026\\\/01\\\/14\\\/faturamento-de-carga-nos-aeroportos-da-aena-aumenta\\\/#breadcrumb\",\"itemListElement\":[{\"@type\":\"ListItem\",\"position\":1,\"name\":\"Startseite\",\"item\":\"https:\\\/\\\/loginfo24.com\\\/pt-pt\\\/\"},{\"@type\":\"ListItem\",\"position\":2,\"name\":\"Faturamento de carga nos aeroportos da Aena aumenta\"}]},{\"@type\":\"WebSite\",\"@id\":\"https:\\\/\\\/loginfo24.com\\\/pt-pt\\\/#website\",\"url\":\"https:\\\/\\\/loginfo24.com\\\/pt-pt\\\/\",\"name\":\"Loginfo24\",\"description\":\"Loginfo24 \u00e9 a plataforma dedicada \u00e0 log\u00edstica e \u00e0s cadeias de abastecimento, com informa\u00e7\u00f5es dispon\u00edveis 24 horas por dia.\",\"publisher\":{\"@id\":\"https:\\\/\\\/loginfo24.com\\\/pt-pt\\\/#organization\"},\"potentialAction\":[{\"@type\":\"SearchAction\",\"target\":{\"@type\":\"EntryPoint\",\"urlTemplate\":\"https:\\\/\\\/loginfo24.com\\\/pt-pt\\\/?s={search_term_string}\"},\"query-input\":{\"@type\":\"PropertyValueSpecification\",\"valueRequired\":true,\"valueName\":\"search_term_string\"}}],\"inLanguage\":\"pt-PT\"},{\"@type\":\"Organization\",\"@id\":\"https:\\\/\\\/loginfo24.com\\\/pt-pt\\\/#organization\",\"name\":\"Logismedia Group AG\",\"url\":\"https:\\\/\\\/loginfo24.com\\\/pt-pt\\\/\",\"logo\":{\"@type\":\"ImageObject\",\"inLanguage\":\"pt-PT\",\"@id\":\"https:\\\/\\\/loginfo24.com\\\/pt-pt\\\/#\\\/schema\\\/logo\\\/image\\\/\",\"url\":\"https:\\\/\\\/loginfo24.com\\\/wp-content\\\/uploads\\\/sites\\\/7\\\/2026\\\/01\\\/Logo_LogInfo24.png\",\"contentUrl\":\"https:\\\/\\\/loginfo24.com\\\/wp-content\\\/uploads\\\/sites\\\/7\\\/2026\\\/01\\\/Logo_LogInfo24.png\",\"width\":938,\"height\":351,\"caption\":\"Logismedia Group AG\"},\"image\":{\"@id\":\"https:\\\/\\\/loginfo24.com\\\/pt-pt\\\/#\\\/schema\\\/logo\\\/image\\\/\"},\"sameAs\":[\"https:\\\/\\\/www.facebook.com\\\/people\\\/Loginfo24\\\/100057360583332\\\/\",\"https:\\\/\\\/www.linkedin.com\\\/company\\\/lofinfo24\\\/\"]},{\"@type\":\"Person\",\"@id\":\"https:\\\/\\\/loginfo24.com\\\/pt-pt\\\/#\\\/schema\\\/person\\\/cf538b3157f15afd7589245a4b3dbd25\",\"name\":\"Andreas Haug\",\"url\":\"https:\\\/\\\/loginfo24.com\\\/pt-pt\\\/author\\\/andreas\\\/\"}]}<\/script>\n<!-- \/ Yoast SEO plugin. -->","yoast_head_json":{"title":"Faturamento de carga nos aeroportos da Aena aumenta - Loginfo24","robots":{"index":"index","follow":"follow","max-snippet":"max-snippet:-1","max-image-preview":"max-image-preview:large","max-video-preview":"max-video-preview:-1"},"canonical":"https:\/\/loginfo24.com\/pt-pt\/2026\/01\/14\/faturamento-de-carga-nos-aeroportos-da-aena-aumenta\/","og_locale":"pt_PT","og_type":"article","og_title":"Faturamento de carga nos aeroportos da Aena aumenta - Loginfo24","og_description":"Em 2025, foram movimentadas 1.533.901 t de carga nos aeroportos do grupo Aena, sendo Madrid-Barajas e Barcelona-El Prat os principais centros de movimenta\u00e7\u00e3o.","og_url":"https:\/\/loginfo24.com\/pt-pt\/2026\/01\/14\/faturamento-de-carga-nos-aeroportos-da-aena-aumenta\/","og_site_name":"Loginfo24","article_publisher":"https:\/\/www.facebook.com\/people\/Loginfo24\/100057360583332\/","article_published_time":"2026-01-14T08:53:26+00:00","article_modified_time":"2026-01-14T10:37:18+00:00","og_image":[{"width":1638,"height":922,"url":"https:\/\/loginfo24.com\/wp-content\/uploads\/sites\/7\/2026\/01\/Aena-491545241_1088041750028984_6180535316988199121_n-aspect-ratio-1400-788.jpg","type":"image\/jpeg"}],"author":"Andreas Haug","twitter_card":"summary_large_image","twitter_misc":{"Escrito por":"Andreas Haug","Tempo estimado de leitura":"1 minuto"},"schema":{"@context":"https:\/\/schema.org","@graph":[{"@type":"Article","@id":"https:\/\/loginfo24.com\/pt-pt\/2026\/01\/14\/faturamento-de-carga-nos-aeroportos-da-aena-aumenta\/#article","isPartOf":{"@id":"https:\/\/loginfo24.com\/pt-pt\/2026\/01\/14\/faturamento-de-carga-nos-aeroportos-da-aena-aumenta\/"},"author":{"name":"Andreas Haug","@id":"https:\/\/loginfo24.com\/pt-pt\/#\/schema\/person\/cf538b3157f15afd7589245a4b3dbd25"},"headline":"Faturamento de carga nos aeroportos da Aena aumenta","datePublished":"2026-01-14T08:53:26+00:00","dateModified":"2026-01-14T10:37:18+00:00","mainEntityOfPage":{"@id":"https:\/\/loginfo24.com\/pt-pt\/2026\/01\/14\/faturamento-de-carga-nos-aeroportos-da-aena-aumenta\/"},"wordCount":142,"commentCount":0,"publisher":{"@id":"https:\/\/loginfo24.com\/pt-pt\/#organization"},"image":{"@id":"https:\/\/loginfo24.com\/pt-pt\/2026\/01\/14\/faturamento-de-carga-nos-aeroportos-da-aena-aumenta\/#primaryimage"},"thumbnailUrl":"https:\/\/loginfo24.com\/wp-content\/uploads\/sites\/7\/2026\/01\/Aena-491545241_1088041750028984_6180535316988199121_n-aspect-ratio-1400-788.jpg","keywords":["Adolfo Su\u00e1rez Madrid-Barajas","Aena airports","Aena Brasil","Aena Brazil","Aena Br\u00e9sil","Aena Flugh\u00e4fen","a\u00e9roport de Londres Luton","a\u00e9roports Aena","air freight","airport infrastructure","ajustements de capacit\u00e9","Barcelona-El Prat","Barcelone-El Prat","Betriebsabl\u00e4ufe optimieren","capacity adjustments","cargo flights","cargo logistics","demande croissante","Deutsch Frachtumschlag","Flughafeninfrastruktur","Frachtfl\u00fcge","Frachtlogistik","Frachtstatistik","Frachttransport","Frachtvolumen 2025","freight statistics","freight transport","freight volume 2025","fret a\u00e9rien","increasing demand","industrie du transport","infrastructure a\u00e9roportuaire","infrastructure investments","Infrastrukturinvestitionen","investissements en infrastructure","Investitionspl\u00e4ne English freight handling","investment plans Fran\u00e7ais manutention de fret","Kapazit\u00e4ten anpassen","logistics providers","Logistikdienstleister","logistique de fret","London Luton Airport","Luftfracht","Modernisierungsprojekte","modernization projects","optimisation des op\u00e9rations","optimizing operations","plans d'investissement","prestataires logistiques","projets de modernisation","statistiques de fret","steigende Nachfrage","transport de fret","transport industry","Transportwirtschaft","vols de fret","volume de fret 2025"],"articleSection":["Regi\u00f5es","Transporte a\u00e9reo de mercadorias","Uncategorized"],"inLanguage":"pt-PT","potentialAction":[{"@type":"CommentAction","name":"Comment","target":["https:\/\/loginfo24.com\/pt-pt\/2026\/01\/14\/faturamento-de-carga-nos-aeroportos-da-aena-aumenta\/#respond"]}]},{"@type":"WebPage","@id":"https:\/\/loginfo24.com\/pt-pt\/2026\/01\/14\/faturamento-de-carga-nos-aeroportos-da-aena-aumenta\/","url":"https:\/\/loginfo24.com\/pt-pt\/2026\/01\/14\/faturamento-de-carga-nos-aeroportos-da-aena-aumenta\/","name":"Faturamento de carga nos aeroportos da Aena aumenta - Loginfo24","isPartOf":{"@id":"https:\/\/loginfo24.com\/pt-pt\/#website"},"primaryImageOfPage":{"@id":"https:\/\/loginfo24.com\/pt-pt\/2026\/01\/14\/faturamento-de-carga-nos-aeroportos-da-aena-aumenta\/#primaryimage"},"image":{"@id":"https:\/\/loginfo24.com\/pt-pt\/2026\/01\/14\/faturamento-de-carga-nos-aeroportos-da-aena-aumenta\/#primaryimage"},"thumbnailUrl":"https:\/\/loginfo24.com\/wp-content\/uploads\/sites\/7\/2026\/01\/Aena-491545241_1088041750028984_6180535316988199121_n-aspect-ratio-1400-788.jpg","datePublished":"2026-01-14T08:53:26+00:00","dateModified":"2026-01-14T10:37:18+00:00","breadcrumb":{"@id":"https:\/\/loginfo24.com\/pt-pt\/2026\/01\/14\/faturamento-de-carga-nos-aeroportos-da-aena-aumenta\/#breadcrumb"},"inLanguage":"pt-PT","potentialAction":[{"@type":"ReadAction","target":["https:\/\/loginfo24.com\/pt-pt\/2026\/01\/14\/faturamento-de-carga-nos-aeroportos-da-aena-aumenta\/"]}]},{"@type":"ImageObject","inLanguage":"pt-PT","@id":"https:\/\/loginfo24.com\/pt-pt\/2026\/01\/14\/faturamento-de-carga-nos-aeroportos-da-aena-aumenta\/#primaryimage","url":"https:\/\/loginfo24.com\/wp-content\/uploads\/sites\/7\/2026\/01\/Aena-491545241_1088041750028984_6180535316988199121_n-aspect-ratio-1400-788.jpg","contentUrl":"https:\/\/loginfo24.com\/wp-content\/uploads\/sites\/7\/2026\/01\/Aena-491545241_1088041750028984_6180535316988199121_n-aspect-ratio-1400-788.jpg","width":1638,"height":922},{"@type":"BreadcrumbList","@id":"https:\/\/loginfo24.com\/pt-pt\/2026\/01\/14\/faturamento-de-carga-nos-aeroportos-da-aena-aumenta\/#breadcrumb","itemListElement":[{"@type":"ListItem","position":1,"name":"Startseite","item":"https:\/\/loginfo24.com\/pt-pt\/"},{"@type":"ListItem","position":2,"name":"Faturamento de carga nos aeroportos da Aena aumenta"}]},{"@type":"WebSite","@id":"https:\/\/loginfo24.com\/pt-pt\/#website","url":"https:\/\/loginfo24.com\/pt-pt\/","name":"Loginfo24","description":"Loginfo24 \u00e9 a plataforma dedicada \u00e0 log\u00edstica e \u00e0s cadeias de abastecimento, com informa\u00e7\u00f5es dispon\u00edveis 24 horas por dia.","publisher":{"@id":"https:\/\/loginfo24.com\/pt-pt\/#organization"},"potentialAction":[{"@type":"SearchAction","target":{"@type":"EntryPoint","urlTemplate":"https:\/\/loginfo24.com\/pt-pt\/?s={search_term_string}"},"query-input":{"@type":"PropertyValueSpecification","valueRequired":true,"valueName":"search_term_string"}}],"inLanguage":"pt-PT"},{"@type":"Organization","@id":"https:\/\/loginfo24.com\/pt-pt\/#organization","name":"Logismedia Group AG","url":"https:\/\/loginfo24.com\/pt-pt\/","logo":{"@type":"ImageObject","inLanguage":"pt-PT","@id":"https:\/\/loginfo24.com\/pt-pt\/#\/schema\/logo\/image\/","url":"https:\/\/loginfo24.com\/wp-content\/uploads\/sites\/7\/2026\/01\/Logo_LogInfo24.png","contentUrl":"https:\/\/loginfo24.com\/wp-content\/uploads\/sites\/7\/2026\/01\/Logo_LogInfo24.png","width":938,"height":351,"caption":"Logismedia Group AG"},"image":{"@id":"https:\/\/loginfo24.com\/pt-pt\/#\/schema\/logo\/image\/"},"sameAs":["https:\/\/www.facebook.com\/people\/Loginfo24\/100057360583332\/","https:\/\/www.linkedin.com\/company\/lofinfo24\/"]},{"@type":"Person","@id":"https:\/\/loginfo24.com\/pt-pt\/#\/schema\/person\/cf538b3157f15afd7589245a4b3dbd25","name":"Andreas Haug","url":"https:\/\/loginfo24.com\/pt-pt\/author\/andreas\/"}]}},"_links":{"self":[{"href":"https:\/\/loginfo24.com\/pt-pt\/wp-json\/wp\/v2\/posts\/73038","targetHints":{"allow":["GET"]}}],"collection":[{"href":"https:\/\/loginfo24.com\/pt-pt\/wp-json\/wp\/v2\/posts"}],"about":[{"href":"https:\/\/loginfo24.com\/pt-pt\/wp-json\/wp\/v2\/types\/post"}],"author":[{"embeddable":true,"href":"https:\/\/loginfo24.com\/pt-pt\/wp-json\/wp\/v2\/users\/12"}],"replies":[{"embeddable":true,"href":"https:\/\/loginfo24.com\/pt-pt\/wp-json\/wp\/v2\/comments?post=73038"}],"version-history":[{"count":1,"href":"https:\/\/loginfo24.com\/pt-pt\/wp-json\/wp\/v2\/posts\/73038\/revisions"}],"predecessor-version":[{"id":73098,"href":"https:\/\/loginfo24.com\/pt-pt\/wp-json\/wp\/v2\/posts\/73038\/revisions\/73098"}],"wp:featuredmedia":[{"embeddable":true,"href":"https:\/\/loginfo24.com\/pt-pt\/wp-json\/wp\/v2\/media\/73033"}],"wp:attachment":[{"href":"https:\/\/loginfo24.com\/pt-pt\/wp-json\/wp\/v2\/media?parent=73038"}],"wp:term":[{"taxonomy":"category","embeddable":true,"href":"https:\/\/loginfo24.com\/pt-pt\/wp-json\/wp\/v2\/categories?post=73038"},{"taxonomy":"post_tag","embeddable":true,"href":"https:\/\/loginfo24.com\/pt-pt\/wp-json\/wp\/v2\/tags?post=73038"}],"curies":[{"name":"wp","href":"https:\/\/api.w.org\/{rel}","templated":true}]}}