{"id":72807,"date":"2026-01-13T08:00:49","date_gmt":"2026-01-13T08:00:49","guid":{"rendered":"https:\/\/loginfo24.dashboard.brand-architecture.at\/2026\/01\/13\/turnpoint-lamenta-a-morte-do-co-presidente\/"},"modified":"2026-01-13T08:00:49","modified_gmt":"2026-01-13T08:00:49","slug":"turnpoint-lamenta-a-morte-do-co-presidente","status":"publish","type":"post","link":"https:\/\/loginfo24.com\/pt-pt\/2026\/01\/13\/turnpoint-lamenta-a-morte-do-co-presidente\/","title":{"rendered":"TURNPOINT lamenta a morte do co-presidente"},"content":{"rendered":"<p>O prestador de servi\u00e7os de Executive Search TURNPOINT anunciou a morte s\u00fabita de seu co-presidente Fran\u00e7ois Raynal, que faleceu no final de novembro de 2025. Raynal foi uma figura marcante da empresa por duas d\u00e9cadas e foi reconhecido por sua contribui\u00e7\u00e3o para o sucesso da TURNPOINT.<\/p>\n<p>Em um comunicado, numerosos executivos das \u00e1reas de log\u00edstica, transporte e cadeia de suprimentos expressaram suas condol\u00eancias e tristeza pela perda. A TURNPOINT agradece a todos que manifestaram seu pesar.<\/p>\n<h3>Reestrutura\u00e7\u00e3o da empresa<\/h3>\n<p>Ap\u00f3s a morte de Fran\u00e7ois Raynal, a TURNPOINT implementou uma nova estrutura organizacional. Cyrille Raynal, que atua como diretor hist\u00f3rico desde o in\u00edcio da empresa, continuar\u00e1 ativo e comprometido com os clientes da empresa. Soraya Laurent, que atua como diretora adjunta h\u00e1 mais de dez anos, trar\u00e1 sua expertise na gest\u00e3o e execu\u00e7\u00e3o de projetos na \u00e1rea de Executive Search.<\/p>\n<p>Marine Sagon, que trabalha como consultora s\u00eanior na TURNPOINT h\u00e1 oito anos, continuar\u00e1 a disponibilizar seu amplo conhecimento de mercado em Executive Search para as \u00e1reas de transporte, log\u00edstica e cadeia de suprimentos. Sabrina Randria, especializada em recrutamento nessas \u00e1reas, tamb\u00e9m permanecer\u00e1 parte da equipe.<\/p>\n<p>Jun Ma-Raynal assumir\u00e1 a responsabilidade pelo desenvolvimento das rela\u00e7\u00f5es com clientes na regi\u00e3o asi\u00e1tica, especialmente no rec\u00e9m-criado &#8222;China Desk&#8220;. Linda Wehbe atuar\u00e1 como assistente na \u00e1rea operacional.<\/p>\n<p>A TURNPOINT \u00e9 considerada uma empresa de refer\u00eancia na Fran\u00e7a para Executive Search, especializada em posi\u00e7\u00f5es de gest\u00e3o e lideran\u00e7a na cadeia de suprimentos, transporte e log\u00edstica, bem como em suas tecnologias.<\/p>\n<p>&nbsp;<\/p>\n<p><a href=\"https:\/\/www.turnpoint.fr\/\" target=\"_blank\" rel=\"noopener noreferrer\">www.turnpoint.fr<\/a><\/p>\n<p>&nbsp;<\/p>\n","protected":false},"excerpt":{"rendered":"<p>TURNPOINT implementou uma nova estrutura organizacional ap\u00f3s a morte de Fran\u00e7ois Raynal, a fim de continuar a ter sucesso na \u00e1rea de Executive Search.<\/p>\n","protected":false},"author":12,"featured_media":72802,"comment_status":"open","ping_status":"open","sticky":false,"template":"","format":"standard","meta":{"_acf_changed":false,"footnotes":""},"categories":[1615],"tags":[4405,4406,4407,4408,4409,4410,4411,4412,2122,4413,2123,4414,2125,4415,2373,2469,1831,4416,4417,4418,4419,4420,4421,4422,4423,2145,4424,4425,4426,2481,4427,4428,4429,4430,4431,4432,2106,3535,3536,3537,2155,1837,4433],"class_list":["post-72807","post","type-post","status-publish","format-standard","has-post-thumbnail","hentry","category-pessoas-e-empresas","tag-assistance-operationnelle","tag-assistenz-operativer-bereich","tag-china-desk","tag-company-restructuring","tag-connaissances-du-marche-executive-search","tag-customer-relationships-asia","tag-cyrille-raynal","tag-deutsch-executive-search","tag-fachkraeftemangel-logistik","tag-francois-raynal","tag-gestion-de-la-chaine-dapprovisionnement","tag-hafenbetrieb-frankreich","tag-industrie-du-transport","tag-kundenbeziehungen-asien","tag-labor-shortage-logistics","tag-logistics-service-provider","tag-logistikdienstleister","tag-management-positions-logistics-francais-executive-search","tag-managementpositionen-logistik-english-executive-search","tag-marine-sagon","tag-market-knowledge-executive-search","tag-marktkenntnisse-executive-search","tag-neustrukturierung-unternehmen","tag-operational-assistance","tag-operations-portuaires-france","tag-penurie-de-main-doeuvre-logistique","tag-personalrekrutierung-transport","tag-port-operations-france","tag-postes-de-direction-logistique","tag-prestataire-logistique","tag-recruitment-transport","tag-recrutement-transport","tag-relations-clients-asie","tag-restructuration-dentreprise","tag-sabrina-randria","tag-soraya-laurent","tag-supply-chain-management","tag-technologie-dans-la-logistique","tag-technologie-in-der-logistik","tag-technology-in-logistics","tag-transport-industry","tag-transportwirtschaft","tag-turnpoint"],"acf":[],"yoast_head":"<!-- This site is optimized with the Yoast SEO plugin v27.3 - https:\/\/yoast.com\/product\/yoast-seo-wordpress\/ -->\n<title>TURNPOINT lamenta a morte do co-presidente - Loginfo24<\/title>\n<meta name=\"robots\" content=\"index, follow, max-snippet:-1, max-image-preview:large, max-video-preview:-1\" \/>\n<link rel=\"canonical\" href=\"https:\/\/loginfo24.com\/pt-pt\/2026\/01\/13\/turnpoint-lamenta-a-morte-do-co-presidente\/\" \/>\n<meta property=\"og:locale\" content=\"pt_PT\" \/>\n<meta property=\"og:type\" content=\"article\" \/>\n<meta property=\"og:title\" content=\"TURNPOINT lamenta a morte do co-presidente - Loginfo24\" \/>\n<meta property=\"og:description\" content=\"TURNPOINT implementou uma nova estrutura organizacional ap\u00f3s a morte de Fran\u00e7ois Raynal, a fim de continuar a ter sucesso na \u00e1rea de Executive Search.\" \/>\n<meta property=\"og:url\" content=\"https:\/\/loginfo24.com\/pt-pt\/2026\/01\/13\/turnpoint-lamenta-a-morte-do-co-presidente\/\" \/>\n<meta property=\"og:site_name\" content=\"Loginfo24\" \/>\n<meta property=\"article:publisher\" content=\"https:\/\/www.facebook.com\/people\/Loginfo24\/100057360583332\/\" \/>\n<meta property=\"article:published_time\" content=\"2026-01-13T08:00:49+00:00\" \/>\n<meta property=\"og:image\" content=\"https:\/\/loginfo24.com\/wp-content\/uploads\/sites\/7\/2026\/01\/Francois-Raynal-1743587872978-aspect-ratio-1400-788.jpg\" \/>\n\t<meta property=\"og:image:width\" content=\"508\" \/>\n\t<meta property=\"og:image:height\" content=\"286\" \/>\n\t<meta property=\"og:image:type\" content=\"image\/jpeg\" \/>\n<meta name=\"author\" content=\"Andreas Haug\" \/>\n<meta name=\"twitter:card\" content=\"summary_large_image\" \/>\n<meta name=\"twitter:label1\" content=\"Escrito por\" \/>\n\t<meta name=\"twitter:data1\" content=\"Andreas Haug\" \/>\n\t<meta name=\"twitter:label2\" content=\"Tempo estimado de leitura\" \/>\n\t<meta name=\"twitter:data2\" content=\"1 minuto\" \/>\n<script type=\"application\/ld+json\" class=\"yoast-schema-graph\">{\"@context\":\"https:\\\/\\\/schema.org\",\"@graph\":[{\"@type\":\"Article\",\"@id\":\"https:\\\/\\\/loginfo24.com\\\/pt-pt\\\/2026\\\/01\\\/13\\\/turnpoint-lamenta-a-morte-do-co-presidente\\\/#article\",\"isPartOf\":{\"@id\":\"https:\\\/\\\/loginfo24.com\\\/pt-pt\\\/2026\\\/01\\\/13\\\/turnpoint-lamenta-a-morte-do-co-presidente\\\/\"},\"author\":{\"name\":\"Andreas Haug\",\"@id\":\"https:\\\/\\\/loginfo24.com\\\/pt-pt\\\/#\\\/schema\\\/person\\\/cf538b3157f15afd7589245a4b3dbd25\"},\"headline\":\"TURNPOINT lamenta a morte do co-presidente\",\"datePublished\":\"2026-01-13T08:00:49+00:00\",\"mainEntityOfPage\":{\"@id\":\"https:\\\/\\\/loginfo24.com\\\/pt-pt\\\/2026\\\/01\\\/13\\\/turnpoint-lamenta-a-morte-do-co-presidente\\\/\"},\"wordCount\":279,\"commentCount\":0,\"publisher\":{\"@id\":\"https:\\\/\\\/loginfo24.com\\\/pt-pt\\\/#organization\"},\"image\":{\"@id\":\"https:\\\/\\\/loginfo24.com\\\/pt-pt\\\/2026\\\/01\\\/13\\\/turnpoint-lamenta-a-morte-do-co-presidente\\\/#primaryimage\"},\"thumbnailUrl\":\"https:\\\/\\\/loginfo24.com\\\/wp-content\\\/uploads\\\/sites\\\/7\\\/2026\\\/01\\\/Francois-Raynal-1743587872978-aspect-ratio-1400-788.jpg\",\"keywords\":[\"assistance op\u00e9rationnelle\",\"Assistenz operativer Bereich\",\"China Desk\",\"company restructuring\",\"connaissances du march\u00e9 executive search\",\"customer relationships Asia\",\"Cyrille Raynal\",\"Deutsch Executive Search\",\"Fachkr\u00e4ftemangel Logistik\",\"Fran\u00e7ois Raynal\",\"gestion de la cha\u00eene d'approvisionnement\",\"Hafenbetrieb Frankreich\",\"industrie du transport\",\"Kundenbeziehungen Asien\",\"labor shortage logistics\",\"logistics service provider\",\"Logistikdienstleister\",\"management positions logistics Fran\u00e7ais Executive Search\",\"Managementpositionen Logistik English Executive Search\",\"Marine Sagon\",\"market knowledge executive search\",\"Marktkenntnisse Executive Search\",\"Neustrukturierung Unternehmen\",\"operational assistance\",\"op\u00e9rations portuaires France\",\"p\u00e9nurie de main-d'\u0153uvre logistique\",\"Personalrekrutierung Transport\",\"port operations France\",\"postes de direction logistique\",\"prestataire logistique\",\"recruitment transport\",\"recrutement transport\",\"relations clients Asie\",\"restructuration d'entreprise\",\"Sabrina Randria\",\"Soraya Laurent\",\"Supply Chain Management\",\"technologie dans la logistique\",\"Technologie in der Logistik\",\"technology in logistics\",\"transport industry\",\"Transportwirtschaft\",\"TURNPOINT\"],\"articleSection\":[\"Pessoas e empresas\"],\"inLanguage\":\"pt-PT\",\"potentialAction\":[{\"@type\":\"CommentAction\",\"name\":\"Comment\",\"target\":[\"https:\\\/\\\/loginfo24.com\\\/pt-pt\\\/2026\\\/01\\\/13\\\/turnpoint-lamenta-a-morte-do-co-presidente\\\/#respond\"]}]},{\"@type\":\"WebPage\",\"@id\":\"https:\\\/\\\/loginfo24.com\\\/pt-pt\\\/2026\\\/01\\\/13\\\/turnpoint-lamenta-a-morte-do-co-presidente\\\/\",\"url\":\"https:\\\/\\\/loginfo24.com\\\/pt-pt\\\/2026\\\/01\\\/13\\\/turnpoint-lamenta-a-morte-do-co-presidente\\\/\",\"name\":\"TURNPOINT lamenta a morte do co-presidente - Loginfo24\",\"isPartOf\":{\"@id\":\"https:\\\/\\\/loginfo24.com\\\/pt-pt\\\/#website\"},\"primaryImageOfPage\":{\"@id\":\"https:\\\/\\\/loginfo24.com\\\/pt-pt\\\/2026\\\/01\\\/13\\\/turnpoint-lamenta-a-morte-do-co-presidente\\\/#primaryimage\"},\"image\":{\"@id\":\"https:\\\/\\\/loginfo24.com\\\/pt-pt\\\/2026\\\/01\\\/13\\\/turnpoint-lamenta-a-morte-do-co-presidente\\\/#primaryimage\"},\"thumbnailUrl\":\"https:\\\/\\\/loginfo24.com\\\/wp-content\\\/uploads\\\/sites\\\/7\\\/2026\\\/01\\\/Francois-Raynal-1743587872978-aspect-ratio-1400-788.jpg\",\"datePublished\":\"2026-01-13T08:00:49+00:00\",\"breadcrumb\":{\"@id\":\"https:\\\/\\\/loginfo24.com\\\/pt-pt\\\/2026\\\/01\\\/13\\\/turnpoint-lamenta-a-morte-do-co-presidente\\\/#breadcrumb\"},\"inLanguage\":\"pt-PT\",\"potentialAction\":[{\"@type\":\"ReadAction\",\"target\":[\"https:\\\/\\\/loginfo24.com\\\/pt-pt\\\/2026\\\/01\\\/13\\\/turnpoint-lamenta-a-morte-do-co-presidente\\\/\"]}]},{\"@type\":\"ImageObject\",\"inLanguage\":\"pt-PT\",\"@id\":\"https:\\\/\\\/loginfo24.com\\\/pt-pt\\\/2026\\\/01\\\/13\\\/turnpoint-lamenta-a-morte-do-co-presidente\\\/#primaryimage\",\"url\":\"https:\\\/\\\/loginfo24.com\\\/wp-content\\\/uploads\\\/sites\\\/7\\\/2026\\\/01\\\/Francois-Raynal-1743587872978-aspect-ratio-1400-788.jpg\",\"contentUrl\":\"https:\\\/\\\/loginfo24.com\\\/wp-content\\\/uploads\\\/sites\\\/7\\\/2026\\\/01\\\/Francois-Raynal-1743587872978-aspect-ratio-1400-788.jpg\",\"width\":508,\"height\":286},{\"@type\":\"BreadcrumbList\",\"@id\":\"https:\\\/\\\/loginfo24.com\\\/pt-pt\\\/2026\\\/01\\\/13\\\/turnpoint-lamenta-a-morte-do-co-presidente\\\/#breadcrumb\",\"itemListElement\":[{\"@type\":\"ListItem\",\"position\":1,\"name\":\"Startseite\",\"item\":\"https:\\\/\\\/loginfo24.com\\\/pt-pt\\\/\"},{\"@type\":\"ListItem\",\"position\":2,\"name\":\"TURNPOINT lamenta a morte do co-presidente\"}]},{\"@type\":\"WebSite\",\"@id\":\"https:\\\/\\\/loginfo24.com\\\/pt-pt\\\/#website\",\"url\":\"https:\\\/\\\/loginfo24.com\\\/pt-pt\\\/\",\"name\":\"Loginfo24\",\"description\":\"Loginfo24 \u00e9 a plataforma dedicada \u00e0 log\u00edstica e \u00e0s cadeias de abastecimento, com informa\u00e7\u00f5es dispon\u00edveis 24 horas por dia.\",\"publisher\":{\"@id\":\"https:\\\/\\\/loginfo24.com\\\/pt-pt\\\/#organization\"},\"potentialAction\":[{\"@type\":\"SearchAction\",\"target\":{\"@type\":\"EntryPoint\",\"urlTemplate\":\"https:\\\/\\\/loginfo24.com\\\/pt-pt\\\/?s={search_term_string}\"},\"query-input\":{\"@type\":\"PropertyValueSpecification\",\"valueRequired\":true,\"valueName\":\"search_term_string\"}}],\"inLanguage\":\"pt-PT\"},{\"@type\":\"Organization\",\"@id\":\"https:\\\/\\\/loginfo24.com\\\/pt-pt\\\/#organization\",\"name\":\"Logismedia Group AG\",\"url\":\"https:\\\/\\\/loginfo24.com\\\/pt-pt\\\/\",\"logo\":{\"@type\":\"ImageObject\",\"inLanguage\":\"pt-PT\",\"@id\":\"https:\\\/\\\/loginfo24.com\\\/pt-pt\\\/#\\\/schema\\\/logo\\\/image\\\/\",\"url\":\"https:\\\/\\\/loginfo24.com\\\/wp-content\\\/uploads\\\/sites\\\/7\\\/2026\\\/01\\\/Logo_LogInfo24.png\",\"contentUrl\":\"https:\\\/\\\/loginfo24.com\\\/wp-content\\\/uploads\\\/sites\\\/7\\\/2026\\\/01\\\/Logo_LogInfo24.png\",\"width\":938,\"height\":351,\"caption\":\"Logismedia Group AG\"},\"image\":{\"@id\":\"https:\\\/\\\/loginfo24.com\\\/pt-pt\\\/#\\\/schema\\\/logo\\\/image\\\/\"},\"sameAs\":[\"https:\\\/\\\/www.facebook.com\\\/people\\\/Loginfo24\\\/100057360583332\\\/\",\"https:\\\/\\\/www.linkedin.com\\\/company\\\/lofinfo24\\\/\"]},{\"@type\":\"Person\",\"@id\":\"https:\\\/\\\/loginfo24.com\\\/pt-pt\\\/#\\\/schema\\\/person\\\/cf538b3157f15afd7589245a4b3dbd25\",\"name\":\"Andreas Haug\",\"url\":\"https:\\\/\\\/loginfo24.com\\\/pt-pt\\\/author\\\/andreas\\\/\"}]}<\/script>\n<!-- \/ Yoast SEO plugin. -->","yoast_head_json":{"title":"TURNPOINT lamenta a morte do co-presidente - Loginfo24","robots":{"index":"index","follow":"follow","max-snippet":"max-snippet:-1","max-image-preview":"max-image-preview:large","max-video-preview":"max-video-preview:-1"},"canonical":"https:\/\/loginfo24.com\/pt-pt\/2026\/01\/13\/turnpoint-lamenta-a-morte-do-co-presidente\/","og_locale":"pt_PT","og_type":"article","og_title":"TURNPOINT lamenta a morte do co-presidente - Loginfo24","og_description":"TURNPOINT implementou uma nova estrutura organizacional ap\u00f3s a morte de Fran\u00e7ois Raynal, a fim de continuar a ter sucesso na \u00e1rea de Executive Search.","og_url":"https:\/\/loginfo24.com\/pt-pt\/2026\/01\/13\/turnpoint-lamenta-a-morte-do-co-presidente\/","og_site_name":"Loginfo24","article_publisher":"https:\/\/www.facebook.com\/people\/Loginfo24\/100057360583332\/","article_published_time":"2026-01-13T08:00:49+00:00","og_image":[{"width":508,"height":286,"url":"https:\/\/loginfo24.com\/wp-content\/uploads\/sites\/7\/2026\/01\/Francois-Raynal-1743587872978-aspect-ratio-1400-788.jpg","type":"image\/jpeg"}],"author":"Andreas Haug","twitter_card":"summary_large_image","twitter_misc":{"Escrito por":"Andreas Haug","Tempo estimado de leitura":"1 minuto"},"schema":{"@context":"https:\/\/schema.org","@graph":[{"@type":"Article","@id":"https:\/\/loginfo24.com\/pt-pt\/2026\/01\/13\/turnpoint-lamenta-a-morte-do-co-presidente\/#article","isPartOf":{"@id":"https:\/\/loginfo24.com\/pt-pt\/2026\/01\/13\/turnpoint-lamenta-a-morte-do-co-presidente\/"},"author":{"name":"Andreas Haug","@id":"https:\/\/loginfo24.com\/pt-pt\/#\/schema\/person\/cf538b3157f15afd7589245a4b3dbd25"},"headline":"TURNPOINT lamenta a morte do co-presidente","datePublished":"2026-01-13T08:00:49+00:00","mainEntityOfPage":{"@id":"https:\/\/loginfo24.com\/pt-pt\/2026\/01\/13\/turnpoint-lamenta-a-morte-do-co-presidente\/"},"wordCount":279,"commentCount":0,"publisher":{"@id":"https:\/\/loginfo24.com\/pt-pt\/#organization"},"image":{"@id":"https:\/\/loginfo24.com\/pt-pt\/2026\/01\/13\/turnpoint-lamenta-a-morte-do-co-presidente\/#primaryimage"},"thumbnailUrl":"https:\/\/loginfo24.com\/wp-content\/uploads\/sites\/7\/2026\/01\/Francois-Raynal-1743587872978-aspect-ratio-1400-788.jpg","keywords":["assistance op\u00e9rationnelle","Assistenz operativer Bereich","China Desk","company restructuring","connaissances du march\u00e9 executive search","customer relationships Asia","Cyrille Raynal","Deutsch Executive Search","Fachkr\u00e4ftemangel Logistik","Fran\u00e7ois Raynal","gestion de la cha\u00eene d'approvisionnement","Hafenbetrieb Frankreich","industrie du transport","Kundenbeziehungen Asien","labor shortage logistics","logistics service provider","Logistikdienstleister","management positions logistics Fran\u00e7ais Executive Search","Managementpositionen Logistik English Executive Search","Marine Sagon","market knowledge executive search","Marktkenntnisse Executive Search","Neustrukturierung Unternehmen","operational assistance","op\u00e9rations portuaires France","p\u00e9nurie de main-d'\u0153uvre logistique","Personalrekrutierung Transport","port operations France","postes de direction logistique","prestataire logistique","recruitment transport","recrutement transport","relations clients Asie","restructuration d'entreprise","Sabrina Randria","Soraya Laurent","Supply Chain Management","technologie dans la logistique","Technologie in der Logistik","technology in logistics","transport industry","Transportwirtschaft","TURNPOINT"],"articleSection":["Pessoas e empresas"],"inLanguage":"pt-PT","potentialAction":[{"@type":"CommentAction","name":"Comment","target":["https:\/\/loginfo24.com\/pt-pt\/2026\/01\/13\/turnpoint-lamenta-a-morte-do-co-presidente\/#respond"]}]},{"@type":"WebPage","@id":"https:\/\/loginfo24.com\/pt-pt\/2026\/01\/13\/turnpoint-lamenta-a-morte-do-co-presidente\/","url":"https:\/\/loginfo24.com\/pt-pt\/2026\/01\/13\/turnpoint-lamenta-a-morte-do-co-presidente\/","name":"TURNPOINT lamenta a morte do co-presidente - Loginfo24","isPartOf":{"@id":"https:\/\/loginfo24.com\/pt-pt\/#website"},"primaryImageOfPage":{"@id":"https:\/\/loginfo24.com\/pt-pt\/2026\/01\/13\/turnpoint-lamenta-a-morte-do-co-presidente\/#primaryimage"},"image":{"@id":"https:\/\/loginfo24.com\/pt-pt\/2026\/01\/13\/turnpoint-lamenta-a-morte-do-co-presidente\/#primaryimage"},"thumbnailUrl":"https:\/\/loginfo24.com\/wp-content\/uploads\/sites\/7\/2026\/01\/Francois-Raynal-1743587872978-aspect-ratio-1400-788.jpg","datePublished":"2026-01-13T08:00:49+00:00","breadcrumb":{"@id":"https:\/\/loginfo24.com\/pt-pt\/2026\/01\/13\/turnpoint-lamenta-a-morte-do-co-presidente\/#breadcrumb"},"inLanguage":"pt-PT","potentialAction":[{"@type":"ReadAction","target":["https:\/\/loginfo24.com\/pt-pt\/2026\/01\/13\/turnpoint-lamenta-a-morte-do-co-presidente\/"]}]},{"@type":"ImageObject","inLanguage":"pt-PT","@id":"https:\/\/loginfo24.com\/pt-pt\/2026\/01\/13\/turnpoint-lamenta-a-morte-do-co-presidente\/#primaryimage","url":"https:\/\/loginfo24.com\/wp-content\/uploads\/sites\/7\/2026\/01\/Francois-Raynal-1743587872978-aspect-ratio-1400-788.jpg","contentUrl":"https:\/\/loginfo24.com\/wp-content\/uploads\/sites\/7\/2026\/01\/Francois-Raynal-1743587872978-aspect-ratio-1400-788.jpg","width":508,"height":286},{"@type":"BreadcrumbList","@id":"https:\/\/loginfo24.com\/pt-pt\/2026\/01\/13\/turnpoint-lamenta-a-morte-do-co-presidente\/#breadcrumb","itemListElement":[{"@type":"ListItem","position":1,"name":"Startseite","item":"https:\/\/loginfo24.com\/pt-pt\/"},{"@type":"ListItem","position":2,"name":"TURNPOINT lamenta a morte do co-presidente"}]},{"@type":"WebSite","@id":"https:\/\/loginfo24.com\/pt-pt\/#website","url":"https:\/\/loginfo24.com\/pt-pt\/","name":"Loginfo24","description":"Loginfo24 \u00e9 a plataforma dedicada \u00e0 log\u00edstica e \u00e0s cadeias de abastecimento, com informa\u00e7\u00f5es dispon\u00edveis 24 horas por dia.","publisher":{"@id":"https:\/\/loginfo24.com\/pt-pt\/#organization"},"potentialAction":[{"@type":"SearchAction","target":{"@type":"EntryPoint","urlTemplate":"https:\/\/loginfo24.com\/pt-pt\/?s={search_term_string}"},"query-input":{"@type":"PropertyValueSpecification","valueRequired":true,"valueName":"search_term_string"}}],"inLanguage":"pt-PT"},{"@type":"Organization","@id":"https:\/\/loginfo24.com\/pt-pt\/#organization","name":"Logismedia Group AG","url":"https:\/\/loginfo24.com\/pt-pt\/","logo":{"@type":"ImageObject","inLanguage":"pt-PT","@id":"https:\/\/loginfo24.com\/pt-pt\/#\/schema\/logo\/image\/","url":"https:\/\/loginfo24.com\/wp-content\/uploads\/sites\/7\/2026\/01\/Logo_LogInfo24.png","contentUrl":"https:\/\/loginfo24.com\/wp-content\/uploads\/sites\/7\/2026\/01\/Logo_LogInfo24.png","width":938,"height":351,"caption":"Logismedia Group AG"},"image":{"@id":"https:\/\/loginfo24.com\/pt-pt\/#\/schema\/logo\/image\/"},"sameAs":["https:\/\/www.facebook.com\/people\/Loginfo24\/100057360583332\/","https:\/\/www.linkedin.com\/company\/lofinfo24\/"]},{"@type":"Person","@id":"https:\/\/loginfo24.com\/pt-pt\/#\/schema\/person\/cf538b3157f15afd7589245a4b3dbd25","name":"Andreas Haug","url":"https:\/\/loginfo24.com\/pt-pt\/author\/andreas\/"}]}},"_links":{"self":[{"href":"https:\/\/loginfo24.com\/pt-pt\/wp-json\/wp\/v2\/posts\/72807","targetHints":{"allow":["GET"]}}],"collection":[{"href":"https:\/\/loginfo24.com\/pt-pt\/wp-json\/wp\/v2\/posts"}],"about":[{"href":"https:\/\/loginfo24.com\/pt-pt\/wp-json\/wp\/v2\/types\/post"}],"author":[{"embeddable":true,"href":"https:\/\/loginfo24.com\/pt-pt\/wp-json\/wp\/v2\/users\/12"}],"replies":[{"embeddable":true,"href":"https:\/\/loginfo24.com\/pt-pt\/wp-json\/wp\/v2\/comments?post=72807"}],"version-history":[{"count":0,"href":"https:\/\/loginfo24.com\/pt-pt\/wp-json\/wp\/v2\/posts\/72807\/revisions"}],"wp:featuredmedia":[{"embeddable":true,"href":"https:\/\/loginfo24.com\/pt-pt\/wp-json\/wp\/v2\/media\/72802"}],"wp:attachment":[{"href":"https:\/\/loginfo24.com\/pt-pt\/wp-json\/wp\/v2\/media?parent=72807"}],"wp:term":[{"taxonomy":"category","embeddable":true,"href":"https:\/\/loginfo24.com\/pt-pt\/wp-json\/wp\/v2\/categories?post=72807"},{"taxonomy":"post_tag","embeddable":true,"href":"https:\/\/loginfo24.com\/pt-pt\/wp-json\/wp\/v2\/tags?post=72807"}],"curies":[{"name":"wp","href":"https:\/\/api.w.org\/{rel}","templated":true}]}}