{"id":72535,"date":"2026-01-09T11:22:42","date_gmt":"2026-01-09T11:22:42","guid":{"rendered":"https:\/\/loginfo24.dashboard.brand-architecture.at\/2026\/01\/09\/novos-diretores-gerais-nomeados-na-allivate\/"},"modified":"2026-01-09T11:22:42","modified_gmt":"2026-01-09T11:22:42","slug":"novos-diretores-gerais-nomeados-na-allivate","status":"publish","type":"post","link":"https:\/\/loginfo24.com\/pt-pt\/2026\/01\/09\/novos-diretores-gerais-nomeados-na-allivate\/","title":{"rendered":"Novos diretores gerais nomeados na allivate"},"content":{"rendered":"<p>A empresa de TI de Frankfurt, allivate, especializada em solu\u00e7\u00f5es no setor de carga a\u00e9rea, tem uma nova gest\u00e3o a partir do in\u00edcio de 2026. Desde 1\u00ba de janeiro, Matthias Hupka (\u00e0 esquerda) e Niklas Petri assumem como diretores executivos da empresa. Ambos atuaram anteriormente como consultores seniores na allivate.<\/p>\n<h3>Nova estrutura de lideran\u00e7a e responsabilidades<\/h3>\n<p>Matthias Hupka se concentrar\u00e1 nas \u00e1reas de TI, gerenciamento de projetos e gerenciamento de produtos dentro da estrutura da empresa. Suas responsabilidades incluem o desenvolvimento t\u00e9cnico e estrat\u00e9gico da plataforma FAIR@Link, bem como a integra\u00e7\u00e3o de novos m\u00f3dulos e servi\u00e7os. Hupka, que \u00e9 cientista da computa\u00e7\u00e3o, come\u00e7ou sua carreira na Fraport e, em seguida, trabalhou na cimt e na consultoria WSP, onde ocupou v\u00e1rias fun\u00e7\u00f5es de consultoria em TI. Ele traz uma ampla experi\u00eancia nas \u00e1reas de carga a\u00e9rea, consultoria e desenvolvimento de TI.<\/p>\n<p>Niklas Petri \u00e9 respons\u00e1vel pela vendas e pela implementa\u00e7\u00e3o operacional de processos de carga a\u00e9rea digitalizados e automatizados na allivate. Ele liderar\u00e1 a expans\u00e3o de mercado, o desenvolvimento estrat\u00e9gico e a cria\u00e7\u00e3o de novos servi\u00e7os e modelos de neg\u00f3cios. Petri, economista com especializa\u00e7\u00e3o em log\u00edstica e formado em gest\u00e3o de transporte, tem a capacidade de entender processos de diferentes perspectivas. Na DB Schenker, seu foco estava na carga a\u00e9rea, enquanto na DB Cargo ele assumiu fun\u00e7\u00f5es de gerenciamento de projetos e desenvolvimento estrat\u00e9gico.<\/p>\n<h3>Prioridades comuns e orienta\u00e7\u00e3o estrat\u00e9gica<\/h3>\n<p>Em suas novas fun\u00e7\u00f5es, Hupka e Petri identificaram a consultoria de processos e a expans\u00e3o estrat\u00e9gica como prioridade comum. Os dois novos diretores executivos enfatizam: \u201cNosso diferencial \u00e9 a estreita colabora\u00e7\u00e3o com a comunidade na transforma\u00e7\u00e3o digital, para alcan\u00e7ar o melhor resultado poss\u00edvel para o setor de carga a\u00e9rea. Queremos aplicar o conceito bem-sucedido de um sistema de comunidade de carga estabelecido e compartilhado, desenvolvido no aeroporto de Frankfurt, em outros aeroportos.\u201d<\/p>\n<p>A equipe de lideran\u00e7a trabalhar\u00e1 em estreita colabora\u00e7\u00e3o com seus parceiros de joint venture DAKOSY e Fraport, que atuam como uma base est\u00e1vel nos bastidores. Hupka colaborar\u00e1 de perto com a DAKOSY, respons\u00e1vel pelo desenvolvimento e opera\u00e7\u00e3o da plataforma FAIR@Link. Petri atuar\u00e1 como liga\u00e7\u00e3o com a Fraport, que traz sua rede de carga a\u00e9rea, bem como suas for\u00e7as comunit\u00e1rias e de processo para a joint venture \u2013 uma base ideal para crescimento al\u00e9m de Frankfurt.<\/p>\n<p>Em janeiro de 2024, a allivate iniciou suas atividades com Martina Schikorr e Dirk Gladiator como diretores executivos conjuntos, posicionando a empresa com sucesso no mercado. Em junho de 2025, Denis de Farias Duarte assumiu interinamente o papel da Sra. Schikorr. A partir de janeiro de 2026, Hupka e Petri liderar\u00e3o juntos a nova gest\u00e3o. Gladiator permanecer\u00e1 na allivate em fun\u00e7\u00e3o consultiva at\u00e9 31 de mar\u00e7o de 2026.<\/p>\n<p>&nbsp;<\/p>\n<p><a href=\"https:\/\/allivate.aero\/\" target=\"_blank\" rel=\"noopener noreferrer\">www.allivate.aero<\/a><\/p>\n<p>&nbsp;<\/p>\n","protected":false},"excerpt":{"rendered":"<p>A empresa de TI de Frankfurt allivate nomeou Matthias Hupka e Niklas Petri como novos diretores executivos no in\u00edcio de 2026, com o objetivo de desenvolver estrategicamente a empresa.<\/p>\n","protected":false},"author":12,"featured_media":72530,"comment_status":"open","ping_status":"open","sticky":false,"template":"","format":"standard","meta":{"_acf_changed":false,"footnotes":""},"categories":[1615,1621],"tags":[2648,3667,3668,3669,3670,3671,3672,3673,3674,3675,2459,2211,2212,3676,3677,3678,1889,3679,3680,3681,2655,1876,2751,3682,3683,3684,3685,3686,2133,1831,1962,3687,3688,3689,3690,3691,3692,3693,3602,2148,3694,3695,2779,2780,3696,2237,2486,3697,3698,2242],"class_list":["post-72535","post","type-post","status-publish","format-standard","has-post-thumbnail","hentry","category-pessoas-e-empresas","category-regioes","tag-air-freight","tag-air-freight-processes","tag-automation","tag-automatisation","tag-automatisierung","tag-cargo-community-systems","tag-conseil-en-informatique","tag-conseil-en-processus","tag-dakosy","tag-deutsch-allivate","tag-developpement-strategique","tag-digital-transformation","tag-digitale-transformation","tag-direction","tag-entreprise-informatique","tag-expansion-du-marche","tag-fachkraeftemangel","tag-francfort","tag-frankfurt","tag-fraport","tag-fret-aerien","tag-geschaeftsfuehrung","tag-gestion-de-projet","tag-infrastructure","tag-infrastruktur","tag-it-company","tag-it-consulting","tag-it-firma","tag-logistics-service-providers","tag-logistikdienstleister","tag-luftfracht","tag-luftfrachtprozesse","tag-management","tag-market-expansion","tag-marktexpansion","tag-neue-dienstleistungen-english-allivate","tag-new-services-francais-allivate","tag-nouveaux-services","tag-penurie-de-competences","tag-prestataires-de-services-logistiques","tag-process-consulting","tag-processus-de-fret-aerien","tag-project-management","tag-projektmanagement","tag-prozessberatung","tag-skills-shortage","tag-strategic-development","tag-strategische-entwicklung","tag-systemes-communautaires-de-fret","tag-transformation-numerique"],"acf":[],"yoast_head":"<!-- This site is optimized with the Yoast SEO plugin v27.3 - https:\/\/yoast.com\/product\/yoast-seo-wordpress\/ -->\n<title>Novos diretores gerais nomeados na allivate - Loginfo24<\/title>\n<meta name=\"robots\" content=\"index, follow, max-snippet:-1, max-image-preview:large, max-video-preview:-1\" \/>\n<link rel=\"canonical\" href=\"https:\/\/loginfo24.com\/pt-pt\/2026\/01\/09\/novos-diretores-gerais-nomeados-na-allivate\/\" \/>\n<meta property=\"og:locale\" content=\"pt_PT\" \/>\n<meta property=\"og:type\" content=\"article\" \/>\n<meta property=\"og:title\" content=\"Novos diretores gerais nomeados na allivate - Loginfo24\" \/>\n<meta property=\"og:description\" content=\"A empresa de TI de Frankfurt allivate nomeou Matthias Hupka e Niklas Petri como novos diretores executivos no in\u00edcio de 2026, com o objetivo de desenvolver estrategicamente a empresa.\" \/>\n<meta property=\"og:url\" content=\"https:\/\/loginfo24.com\/pt-pt\/2026\/01\/09\/novos-diretores-gerais-nomeados-na-allivate\/\" \/>\n<meta property=\"og:site_name\" content=\"Loginfo24\" \/>\n<meta property=\"article:publisher\" content=\"https:\/\/www.facebook.com\/people\/Loginfo24\/100057360583332\/\" \/>\n<meta property=\"article:published_time\" content=\"2026-01-09T11:22:42+00:00\" \/>\n<meta property=\"og:image\" content=\"https:\/\/loginfo24.com\/wp-content\/uploads\/sites\/7\/2026\/01\/Pressemitteilung_GF_allivate_GF-scaled-aspect-ratio-1400-788.jpg\" \/>\n\t<meta property=\"og:image:width\" content=\"1964\" \/>\n\t<meta property=\"og:image:height\" content=\"1106\" \/>\n\t<meta property=\"og:image:type\" content=\"image\/jpeg\" \/>\n<meta name=\"author\" content=\"Andreas Haug\" \/>\n<meta name=\"twitter:card\" content=\"summary_large_image\" \/>\n<meta name=\"twitter:label1\" content=\"Escrito por\" \/>\n\t<meta name=\"twitter:data1\" content=\"Andreas Haug\" \/>\n\t<meta name=\"twitter:label2\" content=\"Tempo estimado de leitura\" \/>\n\t<meta name=\"twitter:data2\" content=\"2 minutos\" \/>\n<script type=\"application\/ld+json\" class=\"yoast-schema-graph\">{\"@context\":\"https:\\\/\\\/schema.org\",\"@graph\":[{\"@type\":\"Article\",\"@id\":\"https:\\\/\\\/loginfo24.com\\\/pt-pt\\\/2026\\\/01\\\/09\\\/novos-diretores-gerais-nomeados-na-allivate\\\/#article\",\"isPartOf\":{\"@id\":\"https:\\\/\\\/loginfo24.com\\\/pt-pt\\\/2026\\\/01\\\/09\\\/novos-diretores-gerais-nomeados-na-allivate\\\/\"},\"author\":{\"name\":\"Andreas Haug\",\"@id\":\"https:\\\/\\\/loginfo24.com\\\/pt-pt\\\/#\\\/schema\\\/person\\\/cf538b3157f15afd7589245a4b3dbd25\"},\"headline\":\"Novos diretores gerais nomeados na allivate\",\"datePublished\":\"2026-01-09T11:22:42+00:00\",\"mainEntityOfPage\":{\"@id\":\"https:\\\/\\\/loginfo24.com\\\/pt-pt\\\/2026\\\/01\\\/09\\\/novos-diretores-gerais-nomeados-na-allivate\\\/\"},\"wordCount\":498,\"commentCount\":0,\"publisher\":{\"@id\":\"https:\\\/\\\/loginfo24.com\\\/pt-pt\\\/#organization\"},\"image\":{\"@id\":\"https:\\\/\\\/loginfo24.com\\\/pt-pt\\\/2026\\\/01\\\/09\\\/novos-diretores-gerais-nomeados-na-allivate\\\/#primaryimage\"},\"thumbnailUrl\":\"https:\\\/\\\/loginfo24.com\\\/wp-content\\\/uploads\\\/sites\\\/7\\\/2026\\\/01\\\/Pressemitteilung_GF_allivate_GF-scaled-aspect-ratio-1400-788.jpg\",\"keywords\":[\"air freight\",\"air freight processes\",\"automation\",\"automatisation\",\"Automatisierung\",\"Cargo Community Systems\",\"conseil en informatique\",\"conseil en processus\",\"DAKOSY\",\"Deutsch allivate\",\"d\u00e9veloppement strat\u00e9gique\",\"digital transformation\",\"digitale Transformation\",\"direction\",\"entreprise informatique\",\"expansion du march\u00e9\",\"Fachkr\u00e4ftemangel\",\"Francfort\",\"Frankfurt\",\"Fraport\",\"fret a\u00e9rien\",\"Gesch\u00e4ftsf\u00fchrung\",\"gestion de projet\",\"infrastructure\",\"Infrastruktur\",\"IT company\",\"IT-Consulting\",\"IT-Firma\",\"logistics service providers\",\"Logistikdienstleister\",\"Luftfracht\",\"Luftfrachtprozesse\",\"management\",\"market expansion\",\"Marktexpansion\",\"neue Dienstleistungen English allivate\",\"new services Fran\u00e7ais allivate\",\"nouveaux services\",\"p\u00e9nurie de comp\u00e9tences\",\"prestataires de services logistiques\",\"process consulting\",\"processus de fret a\u00e9rien\",\"project management\",\"Projektmanagement\",\"Prozessberatung\",\"skills shortage\",\"strategic development\",\"strategische Entwicklung\",\"syst\u00e8mes communautaires de fret\",\"transformation num\u00e9rique\"],\"articleSection\":[\"Pessoas e empresas\",\"Regi\u00f5es\"],\"inLanguage\":\"pt-PT\",\"potentialAction\":[{\"@type\":\"CommentAction\",\"name\":\"Comment\",\"target\":[\"https:\\\/\\\/loginfo24.com\\\/pt-pt\\\/2026\\\/01\\\/09\\\/novos-diretores-gerais-nomeados-na-allivate\\\/#respond\"]}]},{\"@type\":\"WebPage\",\"@id\":\"https:\\\/\\\/loginfo24.com\\\/pt-pt\\\/2026\\\/01\\\/09\\\/novos-diretores-gerais-nomeados-na-allivate\\\/\",\"url\":\"https:\\\/\\\/loginfo24.com\\\/pt-pt\\\/2026\\\/01\\\/09\\\/novos-diretores-gerais-nomeados-na-allivate\\\/\",\"name\":\"Novos diretores gerais nomeados na allivate - Loginfo24\",\"isPartOf\":{\"@id\":\"https:\\\/\\\/loginfo24.com\\\/pt-pt\\\/#website\"},\"primaryImageOfPage\":{\"@id\":\"https:\\\/\\\/loginfo24.com\\\/pt-pt\\\/2026\\\/01\\\/09\\\/novos-diretores-gerais-nomeados-na-allivate\\\/#primaryimage\"},\"image\":{\"@id\":\"https:\\\/\\\/loginfo24.com\\\/pt-pt\\\/2026\\\/01\\\/09\\\/novos-diretores-gerais-nomeados-na-allivate\\\/#primaryimage\"},\"thumbnailUrl\":\"https:\\\/\\\/loginfo24.com\\\/wp-content\\\/uploads\\\/sites\\\/7\\\/2026\\\/01\\\/Pressemitteilung_GF_allivate_GF-scaled-aspect-ratio-1400-788.jpg\",\"datePublished\":\"2026-01-09T11:22:42+00:00\",\"breadcrumb\":{\"@id\":\"https:\\\/\\\/loginfo24.com\\\/pt-pt\\\/2026\\\/01\\\/09\\\/novos-diretores-gerais-nomeados-na-allivate\\\/#breadcrumb\"},\"inLanguage\":\"pt-PT\",\"potentialAction\":[{\"@type\":\"ReadAction\",\"target\":[\"https:\\\/\\\/loginfo24.com\\\/pt-pt\\\/2026\\\/01\\\/09\\\/novos-diretores-gerais-nomeados-na-allivate\\\/\"]}]},{\"@type\":\"ImageObject\",\"inLanguage\":\"pt-PT\",\"@id\":\"https:\\\/\\\/loginfo24.com\\\/pt-pt\\\/2026\\\/01\\\/09\\\/novos-diretores-gerais-nomeados-na-allivate\\\/#primaryimage\",\"url\":\"https:\\\/\\\/loginfo24.com\\\/wp-content\\\/uploads\\\/sites\\\/7\\\/2026\\\/01\\\/Pressemitteilung_GF_allivate_GF-scaled-aspect-ratio-1400-788.jpg\",\"contentUrl\":\"https:\\\/\\\/loginfo24.com\\\/wp-content\\\/uploads\\\/sites\\\/7\\\/2026\\\/01\\\/Pressemitteilung_GF_allivate_GF-scaled-aspect-ratio-1400-788.jpg\",\"width\":1964,\"height\":1106},{\"@type\":\"BreadcrumbList\",\"@id\":\"https:\\\/\\\/loginfo24.com\\\/pt-pt\\\/2026\\\/01\\\/09\\\/novos-diretores-gerais-nomeados-na-allivate\\\/#breadcrumb\",\"itemListElement\":[{\"@type\":\"ListItem\",\"position\":1,\"name\":\"Startseite\",\"item\":\"https:\\\/\\\/loginfo24.com\\\/pt-pt\\\/\"},{\"@type\":\"ListItem\",\"position\":2,\"name\":\"Novos diretores gerais nomeados na allivate\"}]},{\"@type\":\"WebSite\",\"@id\":\"https:\\\/\\\/loginfo24.com\\\/pt-pt\\\/#website\",\"url\":\"https:\\\/\\\/loginfo24.com\\\/pt-pt\\\/\",\"name\":\"Loginfo24\",\"description\":\"Loginfo24 \u00e9 a plataforma dedicada \u00e0 log\u00edstica e \u00e0s cadeias de abastecimento, com informa\u00e7\u00f5es dispon\u00edveis 24 horas por dia.\",\"publisher\":{\"@id\":\"https:\\\/\\\/loginfo24.com\\\/pt-pt\\\/#organization\"},\"potentialAction\":[{\"@type\":\"SearchAction\",\"target\":{\"@type\":\"EntryPoint\",\"urlTemplate\":\"https:\\\/\\\/loginfo24.com\\\/pt-pt\\\/?s={search_term_string}\"},\"query-input\":{\"@type\":\"PropertyValueSpecification\",\"valueRequired\":true,\"valueName\":\"search_term_string\"}}],\"inLanguage\":\"pt-PT\"},{\"@type\":\"Organization\",\"@id\":\"https:\\\/\\\/loginfo24.com\\\/pt-pt\\\/#organization\",\"name\":\"Logismedia Group AG\",\"url\":\"https:\\\/\\\/loginfo24.com\\\/pt-pt\\\/\",\"logo\":{\"@type\":\"ImageObject\",\"inLanguage\":\"pt-PT\",\"@id\":\"https:\\\/\\\/loginfo24.com\\\/pt-pt\\\/#\\\/schema\\\/logo\\\/image\\\/\",\"url\":\"https:\\\/\\\/loginfo24.com\\\/wp-content\\\/uploads\\\/sites\\\/7\\\/2026\\\/01\\\/Logo_LogInfo24.png\",\"contentUrl\":\"https:\\\/\\\/loginfo24.com\\\/wp-content\\\/uploads\\\/sites\\\/7\\\/2026\\\/01\\\/Logo_LogInfo24.png\",\"width\":938,\"height\":351,\"caption\":\"Logismedia Group AG\"},\"image\":{\"@id\":\"https:\\\/\\\/loginfo24.com\\\/pt-pt\\\/#\\\/schema\\\/logo\\\/image\\\/\"},\"sameAs\":[\"https:\\\/\\\/www.facebook.com\\\/people\\\/Loginfo24\\\/100057360583332\\\/\",\"https:\\\/\\\/www.linkedin.com\\\/company\\\/lofinfo24\\\/\"]},{\"@type\":\"Person\",\"@id\":\"https:\\\/\\\/loginfo24.com\\\/pt-pt\\\/#\\\/schema\\\/person\\\/cf538b3157f15afd7589245a4b3dbd25\",\"name\":\"Andreas Haug\",\"url\":\"https:\\\/\\\/loginfo24.com\\\/pt-pt\\\/author\\\/andreas\\\/\"}]}<\/script>\n<!-- \/ Yoast SEO plugin. -->","yoast_head_json":{"title":"Novos diretores gerais nomeados na allivate - Loginfo24","robots":{"index":"index","follow":"follow","max-snippet":"max-snippet:-1","max-image-preview":"max-image-preview:large","max-video-preview":"max-video-preview:-1"},"canonical":"https:\/\/loginfo24.com\/pt-pt\/2026\/01\/09\/novos-diretores-gerais-nomeados-na-allivate\/","og_locale":"pt_PT","og_type":"article","og_title":"Novos diretores gerais nomeados na allivate - Loginfo24","og_description":"A empresa de TI de Frankfurt allivate nomeou Matthias Hupka e Niklas Petri como novos diretores executivos no in\u00edcio de 2026, com o objetivo de desenvolver estrategicamente a empresa.","og_url":"https:\/\/loginfo24.com\/pt-pt\/2026\/01\/09\/novos-diretores-gerais-nomeados-na-allivate\/","og_site_name":"Loginfo24","article_publisher":"https:\/\/www.facebook.com\/people\/Loginfo24\/100057360583332\/","article_published_time":"2026-01-09T11:22:42+00:00","og_image":[{"width":1964,"height":1106,"url":"https:\/\/loginfo24.com\/wp-content\/uploads\/sites\/7\/2026\/01\/Pressemitteilung_GF_allivate_GF-scaled-aspect-ratio-1400-788.jpg","type":"image\/jpeg"}],"author":"Andreas Haug","twitter_card":"summary_large_image","twitter_misc":{"Escrito por":"Andreas Haug","Tempo estimado de leitura":"2 minutos"},"schema":{"@context":"https:\/\/schema.org","@graph":[{"@type":"Article","@id":"https:\/\/loginfo24.com\/pt-pt\/2026\/01\/09\/novos-diretores-gerais-nomeados-na-allivate\/#article","isPartOf":{"@id":"https:\/\/loginfo24.com\/pt-pt\/2026\/01\/09\/novos-diretores-gerais-nomeados-na-allivate\/"},"author":{"name":"Andreas Haug","@id":"https:\/\/loginfo24.com\/pt-pt\/#\/schema\/person\/cf538b3157f15afd7589245a4b3dbd25"},"headline":"Novos diretores gerais nomeados na allivate","datePublished":"2026-01-09T11:22:42+00:00","mainEntityOfPage":{"@id":"https:\/\/loginfo24.com\/pt-pt\/2026\/01\/09\/novos-diretores-gerais-nomeados-na-allivate\/"},"wordCount":498,"commentCount":0,"publisher":{"@id":"https:\/\/loginfo24.com\/pt-pt\/#organization"},"image":{"@id":"https:\/\/loginfo24.com\/pt-pt\/2026\/01\/09\/novos-diretores-gerais-nomeados-na-allivate\/#primaryimage"},"thumbnailUrl":"https:\/\/loginfo24.com\/wp-content\/uploads\/sites\/7\/2026\/01\/Pressemitteilung_GF_allivate_GF-scaled-aspect-ratio-1400-788.jpg","keywords":["air freight","air freight processes","automation","automatisation","Automatisierung","Cargo Community Systems","conseil en informatique","conseil en processus","DAKOSY","Deutsch allivate","d\u00e9veloppement strat\u00e9gique","digital transformation","digitale Transformation","direction","entreprise informatique","expansion du march\u00e9","Fachkr\u00e4ftemangel","Francfort","Frankfurt","Fraport","fret a\u00e9rien","Gesch\u00e4ftsf\u00fchrung","gestion de projet","infrastructure","Infrastruktur","IT company","IT-Consulting","IT-Firma","logistics service providers","Logistikdienstleister","Luftfracht","Luftfrachtprozesse","management","market expansion","Marktexpansion","neue Dienstleistungen English allivate","new services Fran\u00e7ais allivate","nouveaux services","p\u00e9nurie de comp\u00e9tences","prestataires de services logistiques","process consulting","processus de fret a\u00e9rien","project management","Projektmanagement","Prozessberatung","skills shortage","strategic development","strategische Entwicklung","syst\u00e8mes communautaires de fret","transformation num\u00e9rique"],"articleSection":["Pessoas e empresas","Regi\u00f5es"],"inLanguage":"pt-PT","potentialAction":[{"@type":"CommentAction","name":"Comment","target":["https:\/\/loginfo24.com\/pt-pt\/2026\/01\/09\/novos-diretores-gerais-nomeados-na-allivate\/#respond"]}]},{"@type":"WebPage","@id":"https:\/\/loginfo24.com\/pt-pt\/2026\/01\/09\/novos-diretores-gerais-nomeados-na-allivate\/","url":"https:\/\/loginfo24.com\/pt-pt\/2026\/01\/09\/novos-diretores-gerais-nomeados-na-allivate\/","name":"Novos diretores gerais nomeados na allivate - Loginfo24","isPartOf":{"@id":"https:\/\/loginfo24.com\/pt-pt\/#website"},"primaryImageOfPage":{"@id":"https:\/\/loginfo24.com\/pt-pt\/2026\/01\/09\/novos-diretores-gerais-nomeados-na-allivate\/#primaryimage"},"image":{"@id":"https:\/\/loginfo24.com\/pt-pt\/2026\/01\/09\/novos-diretores-gerais-nomeados-na-allivate\/#primaryimage"},"thumbnailUrl":"https:\/\/loginfo24.com\/wp-content\/uploads\/sites\/7\/2026\/01\/Pressemitteilung_GF_allivate_GF-scaled-aspect-ratio-1400-788.jpg","datePublished":"2026-01-09T11:22:42+00:00","breadcrumb":{"@id":"https:\/\/loginfo24.com\/pt-pt\/2026\/01\/09\/novos-diretores-gerais-nomeados-na-allivate\/#breadcrumb"},"inLanguage":"pt-PT","potentialAction":[{"@type":"ReadAction","target":["https:\/\/loginfo24.com\/pt-pt\/2026\/01\/09\/novos-diretores-gerais-nomeados-na-allivate\/"]}]},{"@type":"ImageObject","inLanguage":"pt-PT","@id":"https:\/\/loginfo24.com\/pt-pt\/2026\/01\/09\/novos-diretores-gerais-nomeados-na-allivate\/#primaryimage","url":"https:\/\/loginfo24.com\/wp-content\/uploads\/sites\/7\/2026\/01\/Pressemitteilung_GF_allivate_GF-scaled-aspect-ratio-1400-788.jpg","contentUrl":"https:\/\/loginfo24.com\/wp-content\/uploads\/sites\/7\/2026\/01\/Pressemitteilung_GF_allivate_GF-scaled-aspect-ratio-1400-788.jpg","width":1964,"height":1106},{"@type":"BreadcrumbList","@id":"https:\/\/loginfo24.com\/pt-pt\/2026\/01\/09\/novos-diretores-gerais-nomeados-na-allivate\/#breadcrumb","itemListElement":[{"@type":"ListItem","position":1,"name":"Startseite","item":"https:\/\/loginfo24.com\/pt-pt\/"},{"@type":"ListItem","position":2,"name":"Novos diretores gerais nomeados na allivate"}]},{"@type":"WebSite","@id":"https:\/\/loginfo24.com\/pt-pt\/#website","url":"https:\/\/loginfo24.com\/pt-pt\/","name":"Loginfo24","description":"Loginfo24 \u00e9 a plataforma dedicada \u00e0 log\u00edstica e \u00e0s cadeias de abastecimento, com informa\u00e7\u00f5es dispon\u00edveis 24 horas por dia.","publisher":{"@id":"https:\/\/loginfo24.com\/pt-pt\/#organization"},"potentialAction":[{"@type":"SearchAction","target":{"@type":"EntryPoint","urlTemplate":"https:\/\/loginfo24.com\/pt-pt\/?s={search_term_string}"},"query-input":{"@type":"PropertyValueSpecification","valueRequired":true,"valueName":"search_term_string"}}],"inLanguage":"pt-PT"},{"@type":"Organization","@id":"https:\/\/loginfo24.com\/pt-pt\/#organization","name":"Logismedia Group AG","url":"https:\/\/loginfo24.com\/pt-pt\/","logo":{"@type":"ImageObject","inLanguage":"pt-PT","@id":"https:\/\/loginfo24.com\/pt-pt\/#\/schema\/logo\/image\/","url":"https:\/\/loginfo24.com\/wp-content\/uploads\/sites\/7\/2026\/01\/Logo_LogInfo24.png","contentUrl":"https:\/\/loginfo24.com\/wp-content\/uploads\/sites\/7\/2026\/01\/Logo_LogInfo24.png","width":938,"height":351,"caption":"Logismedia Group AG"},"image":{"@id":"https:\/\/loginfo24.com\/pt-pt\/#\/schema\/logo\/image\/"},"sameAs":["https:\/\/www.facebook.com\/people\/Loginfo24\/100057360583332\/","https:\/\/www.linkedin.com\/company\/lofinfo24\/"]},{"@type":"Person","@id":"https:\/\/loginfo24.com\/pt-pt\/#\/schema\/person\/cf538b3157f15afd7589245a4b3dbd25","name":"Andreas Haug","url":"https:\/\/loginfo24.com\/pt-pt\/author\/andreas\/"}]}},"_links":{"self":[{"href":"https:\/\/loginfo24.com\/pt-pt\/wp-json\/wp\/v2\/posts\/72535","targetHints":{"allow":["GET"]}}],"collection":[{"href":"https:\/\/loginfo24.com\/pt-pt\/wp-json\/wp\/v2\/posts"}],"about":[{"href":"https:\/\/loginfo24.com\/pt-pt\/wp-json\/wp\/v2\/types\/post"}],"author":[{"embeddable":true,"href":"https:\/\/loginfo24.com\/pt-pt\/wp-json\/wp\/v2\/users\/12"}],"replies":[{"embeddable":true,"href":"https:\/\/loginfo24.com\/pt-pt\/wp-json\/wp\/v2\/comments?post=72535"}],"version-history":[{"count":0,"href":"https:\/\/loginfo24.com\/pt-pt\/wp-json\/wp\/v2\/posts\/72535\/revisions"}],"wp:featuredmedia":[{"embeddable":true,"href":"https:\/\/loginfo24.com\/pt-pt\/wp-json\/wp\/v2\/media\/72530"}],"wp:attachment":[{"href":"https:\/\/loginfo24.com\/pt-pt\/wp-json\/wp\/v2\/media?parent=72535"}],"wp:term":[{"taxonomy":"category","embeddable":true,"href":"https:\/\/loginfo24.com\/pt-pt\/wp-json\/wp\/v2\/categories?post=72535"},{"taxonomy":"post_tag","embeddable":true,"href":"https:\/\/loginfo24.com\/pt-pt\/wp-json\/wp\/v2\/tags?post=72535"}],"curies":[{"name":"wp","href":"https:\/\/api.w.org\/{rel}","templated":true}]}}