{"id":71729,"date":"2026-01-06T12:26:20","date_gmt":"2026-01-06T12:26:20","guid":{"rendered":"https:\/\/loginfo24.dashboard.brand-architecture.at\/2026\/01\/06\/pedidos-de-veiculos-comerciais-aumentam-nos-eua\/"},"modified":"2026-01-06T14:00:58","modified_gmt":"2026-01-06T13:00:58","slug":"pedidos-de-veiculos-comerciais-aumentam-nos-eua","status":"publish","type":"post","link":"https:\/\/loginfo24.com\/pt-pt\/2026\/01\/06\/pedidos-de-veiculos-comerciais-aumentam-nos-eua\/","title":{"rendered":"Pedidos de ve\u00edculos comerciais aumentam nos EUA"},"content":{"rendered":"<p>As encomendas norte-americanas para ve\u00edculos comerciais da Classe 8 registraram em dezembro de 2025 um aumento para 42.700 unidades, o que representa um crescimento de 16% em compara\u00e7\u00e3o ao ano anterior. Os dados completos do setor para o m\u00eas de dezembro, incluindo os n\u00fameros finais de pedidos, ser\u00e3o divulgados pela ACT Research em meados de janeiro.<\/p>\n<p>Carter Vieth, analista de pesquisa da ACT Research, explicou que, ap\u00f3s um longo per\u00edodo de taxas de frete estagnadas e incertezas devido a condi\u00e7\u00f5es pol\u00edticas e regulat\u00f3rias, a demanda por novos ve\u00edculos aumentou novamente em dezembro. &#8222;Um cen\u00e1rio econ\u00f4mico mais est\u00e1vel, frotas de ve\u00edculos cada vez mais antigas, bem como a certeza sobre o aumento de custos e novas tecnologias em 2027 foram, em nossa opini\u00e3o, as raz\u00f5es para essa repentina mudan\u00e7a de humor&#8220;, disse Vieth. Ele acrescentou que as condi\u00e7\u00f5es fundamentais no transporte, embora fr\u00e1geis, est\u00e3o melhorando, e que os n\u00fameros de dezembro da Classe 8 podem representar uma superavalia\u00e7\u00e3o da real melhoria.<\/p>\n<p>O relat\u00f3rio diferencia os indicadores de mercado por Classe 5, Classes 6-7 e Classe 8, apresentando v\u00e1rias m\u00e9tricas relacionadas \u00e0 atividade, como carteira de pedidos, produ\u00e7\u00e3o, estoques, novos pedidos, cancelamentos, pedidos l\u00edquidos e vendas no varejo. Al\u00e9m disso, as Classes 5 e 6-7 s\u00e3o subdivididas em caminh\u00f5es, \u00f4nibus, ve\u00edculos recreativos e configura\u00e7\u00f5es de Step-Van. O mercado da Classe 8 \u00e9 dividido em caminh\u00f5es e tratores, tanto com quanto sem cabines de dormir.<\/p>\n","protected":false},"excerpt":{"rendered":"<p>Em dezembro de 2025, os pedidos de ve\u00edculos comerciais da classe 8 na Am\u00e9rica do Norte aumentaram para 42.700 unidades, o que representa um crescimento de 16% em rela\u00e7\u00e3o ao ano anterior<\/p>\n","protected":false},"author":10,"featured_media":71724,"comment_status":"open","ping_status":"open","sticky":false,"template":"","format":"standard","meta":{"_acf_changed":false,"footnotes":""},"categories":[1616],"tags":[1921,1976,1946,1977,1978,1979,1980,1981,1982,1983,1984,1985],"class_list":["post-71729","post","type-post","status-publish","format-standard","has-post-thumbnail","hentry","category-intermodal-rodoviario","tag-act-research","tag-auftragsbestand-nutzfahrzeuge","tag-deutsch","tag-fahrzeugflotten-alter","tag-frachtraten-usa","tag-klasse-8-nutzfahrzeuge","tag-marktindikatoren-nutzfahrzeuge","tag-neue-technologien-nutzfahrzeuge","tag-nutzfahrzeugbestellungen","tag-politische-rahmenbedingungen-logistik","tag-transportwesen-usa","tag-wirtschaftlicher-hintergrund-transport"],"acf":[],"yoast_head":"<!-- This site is optimized with the Yoast SEO plugin v27.3 - https:\/\/yoast.com\/product\/yoast-seo-wordpress\/ -->\n<title>Pedidos de ve\u00edculos comerciais aumentam nos EUA - Loginfo24<\/title>\n<meta name=\"robots\" content=\"index, follow, max-snippet:-1, max-image-preview:large, max-video-preview:-1\" \/>\n<link rel=\"canonical\" href=\"https:\/\/loginfo24.com\/pt-pt\/2026\/01\/06\/pedidos-de-veiculos-comerciais-aumentam-nos-eua\/\" \/>\n<meta property=\"og:locale\" content=\"pt_PT\" \/>\n<meta property=\"og:type\" content=\"article\" \/>\n<meta property=\"og:title\" content=\"Pedidos de ve\u00edculos comerciais aumentam nos EUA - Loginfo24\" \/>\n<meta property=\"og:description\" content=\"Em dezembro de 2025, os pedidos de ve\u00edculos comerciais da classe 8 na Am\u00e9rica do Norte aumentaram para 42.700 unidades, o que representa um crescimento de 16% em rela\u00e7\u00e3o ao ano anterior\" \/>\n<meta property=\"og:url\" content=\"https:\/\/loginfo24.com\/pt-pt\/2026\/01\/06\/pedidos-de-veiculos-comerciais-aumentam-nos-eua\/\" \/>\n<meta property=\"og:site_name\" content=\"Loginfo24\" \/>\n<meta property=\"article:publisher\" content=\"https:\/\/www.facebook.com\/people\/Loginfo24\/100057360583332\/\" \/>\n<meta property=\"article:published_time\" content=\"2026-01-06T12:26:20+00:00\" \/>\n<meta property=\"article:modified_time\" content=\"2026-01-06T13:00:58+00:00\" \/>\n<meta property=\"og:image\" content=\"https:\/\/loginfo24.com\/wp-content\/uploads\/sites\/7\/2026\/01\/ACT-aspect-ratio-1400-788.jpg\" \/>\n\t<meta property=\"og:image:width\" content=\"1137\" \/>\n\t<meta property=\"og:image:height\" content=\"640\" \/>\n\t<meta property=\"og:image:type\" content=\"image\/jpeg\" \/>\n<meta name=\"author\" content=\"Jeremy Soland\" \/>\n<meta name=\"twitter:card\" content=\"summary_large_image\" \/>\n<meta name=\"twitter:label1\" content=\"Escrito por\" \/>\n\t<meta name=\"twitter:data1\" content=\"Jeremy Soland\" \/>\n\t<meta name=\"twitter:label2\" content=\"Tempo estimado de leitura\" \/>\n\t<meta name=\"twitter:data2\" content=\"1 minuto\" \/>\n<script type=\"application\/ld+json\" class=\"yoast-schema-graph\">{\"@context\":\"https:\\\/\\\/schema.org\",\"@graph\":[{\"@type\":\"Article\",\"@id\":\"https:\\\/\\\/loginfo24.com\\\/pt-pt\\\/2026\\\/01\\\/06\\\/pedidos-de-veiculos-comerciais-aumentam-nos-eua\\\/#article\",\"isPartOf\":{\"@id\":\"https:\\\/\\\/loginfo24.com\\\/pt-pt\\\/2026\\\/01\\\/06\\\/pedidos-de-veiculos-comerciais-aumentam-nos-eua\\\/\"},\"author\":{\"name\":\"Jeremy Soland\",\"@id\":\"https:\\\/\\\/loginfo24.com\\\/pt-pt\\\/#\\\/schema\\\/person\\\/41d36b5474b623392fa613e97e2363fa\"},\"headline\":\"Pedidos de ve\u00edculos comerciais aumentam nos EUA\",\"datePublished\":\"2026-01-06T12:26:20+00:00\",\"dateModified\":\"2026-01-06T13:00:58+00:00\",\"mainEntityOfPage\":{\"@id\":\"https:\\\/\\\/loginfo24.com\\\/pt-pt\\\/2026\\\/01\\\/06\\\/pedidos-de-veiculos-comerciais-aumentam-nos-eua\\\/\"},\"wordCount\":262,\"commentCount\":0,\"publisher\":{\"@id\":\"https:\\\/\\\/loginfo24.com\\\/pt-pt\\\/#organization\"},\"image\":{\"@id\":\"https:\\\/\\\/loginfo24.com\\\/pt-pt\\\/2026\\\/01\\\/06\\\/pedidos-de-veiculos-comerciais-aumentam-nos-eua\\\/#primaryimage\"},\"thumbnailUrl\":\"https:\\\/\\\/loginfo24.com\\\/wp-content\\\/uploads\\\/sites\\\/7\\\/2026\\\/01\\\/ACT-aspect-ratio-1400-788.jpg\",\"keywords\":[\"ACT Research\",\"Auftragsbestand Nutzfahrzeuge\",\"Deutsch\",\"Fahrzeugflotten Alter\",\"Frachtraten USA\",\"Klasse 8 Nutzfahrzeuge\",\"Marktindikatoren Nutzfahrzeuge\",\"neue Technologien Nutzfahrzeuge\",\"Nutzfahrzeugbestellungen\",\"politische Rahmenbedingungen Logistik\",\"Transportwesen USA\",\"wirtschaftlicher Hintergrund Transport\"],\"articleSection\":[\"Intermodal \\\/ Rodovi\u00e1rio\"],\"inLanguage\":\"pt-PT\",\"potentialAction\":[{\"@type\":\"CommentAction\",\"name\":\"Comment\",\"target\":[\"https:\\\/\\\/loginfo24.com\\\/pt-pt\\\/2026\\\/01\\\/06\\\/pedidos-de-veiculos-comerciais-aumentam-nos-eua\\\/#respond\"]}]},{\"@type\":\"WebPage\",\"@id\":\"https:\\\/\\\/loginfo24.com\\\/pt-pt\\\/2026\\\/01\\\/06\\\/pedidos-de-veiculos-comerciais-aumentam-nos-eua\\\/\",\"url\":\"https:\\\/\\\/loginfo24.com\\\/pt-pt\\\/2026\\\/01\\\/06\\\/pedidos-de-veiculos-comerciais-aumentam-nos-eua\\\/\",\"name\":\"Pedidos de ve\u00edculos comerciais aumentam nos EUA - Loginfo24\",\"isPartOf\":{\"@id\":\"https:\\\/\\\/loginfo24.com\\\/pt-pt\\\/#website\"},\"primaryImageOfPage\":{\"@id\":\"https:\\\/\\\/loginfo24.com\\\/pt-pt\\\/2026\\\/01\\\/06\\\/pedidos-de-veiculos-comerciais-aumentam-nos-eua\\\/#primaryimage\"},\"image\":{\"@id\":\"https:\\\/\\\/loginfo24.com\\\/pt-pt\\\/2026\\\/01\\\/06\\\/pedidos-de-veiculos-comerciais-aumentam-nos-eua\\\/#primaryimage\"},\"thumbnailUrl\":\"https:\\\/\\\/loginfo24.com\\\/wp-content\\\/uploads\\\/sites\\\/7\\\/2026\\\/01\\\/ACT-aspect-ratio-1400-788.jpg\",\"datePublished\":\"2026-01-06T12:26:20+00:00\",\"dateModified\":\"2026-01-06T13:00:58+00:00\",\"breadcrumb\":{\"@id\":\"https:\\\/\\\/loginfo24.com\\\/pt-pt\\\/2026\\\/01\\\/06\\\/pedidos-de-veiculos-comerciais-aumentam-nos-eua\\\/#breadcrumb\"},\"inLanguage\":\"pt-PT\",\"potentialAction\":[{\"@type\":\"ReadAction\",\"target\":[\"https:\\\/\\\/loginfo24.com\\\/pt-pt\\\/2026\\\/01\\\/06\\\/pedidos-de-veiculos-comerciais-aumentam-nos-eua\\\/\"]}]},{\"@type\":\"ImageObject\",\"inLanguage\":\"pt-PT\",\"@id\":\"https:\\\/\\\/loginfo24.com\\\/pt-pt\\\/2026\\\/01\\\/06\\\/pedidos-de-veiculos-comerciais-aumentam-nos-eua\\\/#primaryimage\",\"url\":\"https:\\\/\\\/loginfo24.com\\\/wp-content\\\/uploads\\\/sites\\\/7\\\/2026\\\/01\\\/ACT-aspect-ratio-1400-788.jpg\",\"contentUrl\":\"https:\\\/\\\/loginfo24.com\\\/wp-content\\\/uploads\\\/sites\\\/7\\\/2026\\\/01\\\/ACT-aspect-ratio-1400-788.jpg\",\"width\":1137,\"height\":640,\"caption\":\"Grafik: ACT Research\"},{\"@type\":\"BreadcrumbList\",\"@id\":\"https:\\\/\\\/loginfo24.com\\\/pt-pt\\\/2026\\\/01\\\/06\\\/pedidos-de-veiculos-comerciais-aumentam-nos-eua\\\/#breadcrumb\",\"itemListElement\":[{\"@type\":\"ListItem\",\"position\":1,\"name\":\"Startseite\",\"item\":\"https:\\\/\\\/loginfo24.com\\\/pt-pt\\\/\"},{\"@type\":\"ListItem\",\"position\":2,\"name\":\"Pedidos de ve\u00edculos comerciais aumentam nos EUA\"}]},{\"@type\":\"WebSite\",\"@id\":\"https:\\\/\\\/loginfo24.com\\\/pt-pt\\\/#website\",\"url\":\"https:\\\/\\\/loginfo24.com\\\/pt-pt\\\/\",\"name\":\"Loginfo24\",\"description\":\"Loginfo24 \u00e9 a plataforma dedicada \u00e0 log\u00edstica e \u00e0s cadeias de abastecimento, com informa\u00e7\u00f5es dispon\u00edveis 24 horas por dia.\",\"publisher\":{\"@id\":\"https:\\\/\\\/loginfo24.com\\\/pt-pt\\\/#organization\"},\"potentialAction\":[{\"@type\":\"SearchAction\",\"target\":{\"@type\":\"EntryPoint\",\"urlTemplate\":\"https:\\\/\\\/loginfo24.com\\\/pt-pt\\\/?s={search_term_string}\"},\"query-input\":{\"@type\":\"PropertyValueSpecification\",\"valueRequired\":true,\"valueName\":\"search_term_string\"}}],\"inLanguage\":\"pt-PT\"},{\"@type\":\"Organization\",\"@id\":\"https:\\\/\\\/loginfo24.com\\\/pt-pt\\\/#organization\",\"name\":\"Logismedia Group AG\",\"url\":\"https:\\\/\\\/loginfo24.com\\\/pt-pt\\\/\",\"logo\":{\"@type\":\"ImageObject\",\"inLanguage\":\"pt-PT\",\"@id\":\"https:\\\/\\\/loginfo24.com\\\/pt-pt\\\/#\\\/schema\\\/logo\\\/image\\\/\",\"url\":\"https:\\\/\\\/loginfo24.com\\\/wp-content\\\/uploads\\\/sites\\\/7\\\/2026\\\/01\\\/Logo_LogInfo24.png\",\"contentUrl\":\"https:\\\/\\\/loginfo24.com\\\/wp-content\\\/uploads\\\/sites\\\/7\\\/2026\\\/01\\\/Logo_LogInfo24.png\",\"width\":938,\"height\":351,\"caption\":\"Logismedia Group AG\"},\"image\":{\"@id\":\"https:\\\/\\\/loginfo24.com\\\/pt-pt\\\/#\\\/schema\\\/logo\\\/image\\\/\"},\"sameAs\":[\"https:\\\/\\\/www.facebook.com\\\/people\\\/Loginfo24\\\/100057360583332\\\/\",\"https:\\\/\\\/www.linkedin.com\\\/company\\\/lofinfo24\\\/\"]},{\"@type\":\"Person\",\"@id\":\"https:\\\/\\\/loginfo24.com\\\/pt-pt\\\/#\\\/schema\\\/person\\\/41d36b5474b623392fa613e97e2363fa\",\"name\":\"Jeremy Soland\",\"url\":\"https:\\\/\\\/loginfo24.com\\\/pt-pt\\\/author\\\/jeremy\\\/\"}]}<\/script>\n<!-- \/ Yoast SEO plugin. -->","yoast_head_json":{"title":"Pedidos de ve\u00edculos comerciais aumentam nos EUA - Loginfo24","robots":{"index":"index","follow":"follow","max-snippet":"max-snippet:-1","max-image-preview":"max-image-preview:large","max-video-preview":"max-video-preview:-1"},"canonical":"https:\/\/loginfo24.com\/pt-pt\/2026\/01\/06\/pedidos-de-veiculos-comerciais-aumentam-nos-eua\/","og_locale":"pt_PT","og_type":"article","og_title":"Pedidos de ve\u00edculos comerciais aumentam nos EUA - Loginfo24","og_description":"Em dezembro de 2025, os pedidos de ve\u00edculos comerciais da classe 8 na Am\u00e9rica do Norte aumentaram para 42.700 unidades, o que representa um crescimento de 16% em rela\u00e7\u00e3o ao ano anterior","og_url":"https:\/\/loginfo24.com\/pt-pt\/2026\/01\/06\/pedidos-de-veiculos-comerciais-aumentam-nos-eua\/","og_site_name":"Loginfo24","article_publisher":"https:\/\/www.facebook.com\/people\/Loginfo24\/100057360583332\/","article_published_time":"2026-01-06T12:26:20+00:00","article_modified_time":"2026-01-06T13:00:58+00:00","og_image":[{"width":1137,"height":640,"url":"https:\/\/loginfo24.com\/wp-content\/uploads\/sites\/7\/2026\/01\/ACT-aspect-ratio-1400-788.jpg","type":"image\/jpeg"}],"author":"Jeremy Soland","twitter_card":"summary_large_image","twitter_misc":{"Escrito por":"Jeremy Soland","Tempo estimado de leitura":"1 minuto"},"schema":{"@context":"https:\/\/schema.org","@graph":[{"@type":"Article","@id":"https:\/\/loginfo24.com\/pt-pt\/2026\/01\/06\/pedidos-de-veiculos-comerciais-aumentam-nos-eua\/#article","isPartOf":{"@id":"https:\/\/loginfo24.com\/pt-pt\/2026\/01\/06\/pedidos-de-veiculos-comerciais-aumentam-nos-eua\/"},"author":{"name":"Jeremy Soland","@id":"https:\/\/loginfo24.com\/pt-pt\/#\/schema\/person\/41d36b5474b623392fa613e97e2363fa"},"headline":"Pedidos de ve\u00edculos comerciais aumentam nos EUA","datePublished":"2026-01-06T12:26:20+00:00","dateModified":"2026-01-06T13:00:58+00:00","mainEntityOfPage":{"@id":"https:\/\/loginfo24.com\/pt-pt\/2026\/01\/06\/pedidos-de-veiculos-comerciais-aumentam-nos-eua\/"},"wordCount":262,"commentCount":0,"publisher":{"@id":"https:\/\/loginfo24.com\/pt-pt\/#organization"},"image":{"@id":"https:\/\/loginfo24.com\/pt-pt\/2026\/01\/06\/pedidos-de-veiculos-comerciais-aumentam-nos-eua\/#primaryimage"},"thumbnailUrl":"https:\/\/loginfo24.com\/wp-content\/uploads\/sites\/7\/2026\/01\/ACT-aspect-ratio-1400-788.jpg","keywords":["ACT Research","Auftragsbestand Nutzfahrzeuge","Deutsch","Fahrzeugflotten Alter","Frachtraten USA","Klasse 8 Nutzfahrzeuge","Marktindikatoren Nutzfahrzeuge","neue Technologien Nutzfahrzeuge","Nutzfahrzeugbestellungen","politische Rahmenbedingungen Logistik","Transportwesen USA","wirtschaftlicher Hintergrund Transport"],"articleSection":["Intermodal \/ Rodovi\u00e1rio"],"inLanguage":"pt-PT","potentialAction":[{"@type":"CommentAction","name":"Comment","target":["https:\/\/loginfo24.com\/pt-pt\/2026\/01\/06\/pedidos-de-veiculos-comerciais-aumentam-nos-eua\/#respond"]}]},{"@type":"WebPage","@id":"https:\/\/loginfo24.com\/pt-pt\/2026\/01\/06\/pedidos-de-veiculos-comerciais-aumentam-nos-eua\/","url":"https:\/\/loginfo24.com\/pt-pt\/2026\/01\/06\/pedidos-de-veiculos-comerciais-aumentam-nos-eua\/","name":"Pedidos de ve\u00edculos comerciais aumentam nos EUA - Loginfo24","isPartOf":{"@id":"https:\/\/loginfo24.com\/pt-pt\/#website"},"primaryImageOfPage":{"@id":"https:\/\/loginfo24.com\/pt-pt\/2026\/01\/06\/pedidos-de-veiculos-comerciais-aumentam-nos-eua\/#primaryimage"},"image":{"@id":"https:\/\/loginfo24.com\/pt-pt\/2026\/01\/06\/pedidos-de-veiculos-comerciais-aumentam-nos-eua\/#primaryimage"},"thumbnailUrl":"https:\/\/loginfo24.com\/wp-content\/uploads\/sites\/7\/2026\/01\/ACT-aspect-ratio-1400-788.jpg","datePublished":"2026-01-06T12:26:20+00:00","dateModified":"2026-01-06T13:00:58+00:00","breadcrumb":{"@id":"https:\/\/loginfo24.com\/pt-pt\/2026\/01\/06\/pedidos-de-veiculos-comerciais-aumentam-nos-eua\/#breadcrumb"},"inLanguage":"pt-PT","potentialAction":[{"@type":"ReadAction","target":["https:\/\/loginfo24.com\/pt-pt\/2026\/01\/06\/pedidos-de-veiculos-comerciais-aumentam-nos-eua\/"]}]},{"@type":"ImageObject","inLanguage":"pt-PT","@id":"https:\/\/loginfo24.com\/pt-pt\/2026\/01\/06\/pedidos-de-veiculos-comerciais-aumentam-nos-eua\/#primaryimage","url":"https:\/\/loginfo24.com\/wp-content\/uploads\/sites\/7\/2026\/01\/ACT-aspect-ratio-1400-788.jpg","contentUrl":"https:\/\/loginfo24.com\/wp-content\/uploads\/sites\/7\/2026\/01\/ACT-aspect-ratio-1400-788.jpg","width":1137,"height":640,"caption":"Grafik: ACT Research"},{"@type":"BreadcrumbList","@id":"https:\/\/loginfo24.com\/pt-pt\/2026\/01\/06\/pedidos-de-veiculos-comerciais-aumentam-nos-eua\/#breadcrumb","itemListElement":[{"@type":"ListItem","position":1,"name":"Startseite","item":"https:\/\/loginfo24.com\/pt-pt\/"},{"@type":"ListItem","position":2,"name":"Pedidos de ve\u00edculos comerciais aumentam nos EUA"}]},{"@type":"WebSite","@id":"https:\/\/loginfo24.com\/pt-pt\/#website","url":"https:\/\/loginfo24.com\/pt-pt\/","name":"Loginfo24","description":"Loginfo24 \u00e9 a plataforma dedicada \u00e0 log\u00edstica e \u00e0s cadeias de abastecimento, com informa\u00e7\u00f5es dispon\u00edveis 24 horas por dia.","publisher":{"@id":"https:\/\/loginfo24.com\/pt-pt\/#organization"},"potentialAction":[{"@type":"SearchAction","target":{"@type":"EntryPoint","urlTemplate":"https:\/\/loginfo24.com\/pt-pt\/?s={search_term_string}"},"query-input":{"@type":"PropertyValueSpecification","valueRequired":true,"valueName":"search_term_string"}}],"inLanguage":"pt-PT"},{"@type":"Organization","@id":"https:\/\/loginfo24.com\/pt-pt\/#organization","name":"Logismedia Group AG","url":"https:\/\/loginfo24.com\/pt-pt\/","logo":{"@type":"ImageObject","inLanguage":"pt-PT","@id":"https:\/\/loginfo24.com\/pt-pt\/#\/schema\/logo\/image\/","url":"https:\/\/loginfo24.com\/wp-content\/uploads\/sites\/7\/2026\/01\/Logo_LogInfo24.png","contentUrl":"https:\/\/loginfo24.com\/wp-content\/uploads\/sites\/7\/2026\/01\/Logo_LogInfo24.png","width":938,"height":351,"caption":"Logismedia Group AG"},"image":{"@id":"https:\/\/loginfo24.com\/pt-pt\/#\/schema\/logo\/image\/"},"sameAs":["https:\/\/www.facebook.com\/people\/Loginfo24\/100057360583332\/","https:\/\/www.linkedin.com\/company\/lofinfo24\/"]},{"@type":"Person","@id":"https:\/\/loginfo24.com\/pt-pt\/#\/schema\/person\/41d36b5474b623392fa613e97e2363fa","name":"Jeremy Soland","url":"https:\/\/loginfo24.com\/pt-pt\/author\/jeremy\/"}]}},"_links":{"self":[{"href":"https:\/\/loginfo24.com\/pt-pt\/wp-json\/wp\/v2\/posts\/71729","targetHints":{"allow":["GET"]}}],"collection":[{"href":"https:\/\/loginfo24.com\/pt-pt\/wp-json\/wp\/v2\/posts"}],"about":[{"href":"https:\/\/loginfo24.com\/pt-pt\/wp-json\/wp\/v2\/types\/post"}],"author":[{"embeddable":true,"href":"https:\/\/loginfo24.com\/pt-pt\/wp-json\/wp\/v2\/users\/10"}],"replies":[{"embeddable":true,"href":"https:\/\/loginfo24.com\/pt-pt\/wp-json\/wp\/v2\/comments?post=71729"}],"version-history":[{"count":1,"href":"https:\/\/loginfo24.com\/pt-pt\/wp-json\/wp\/v2\/posts\/71729\/revisions"}],"predecessor-version":[{"id":71736,"href":"https:\/\/loginfo24.com\/pt-pt\/wp-json\/wp\/v2\/posts\/71729\/revisions\/71736"}],"wp:featuredmedia":[{"embeddable":true,"href":"https:\/\/loginfo24.com\/pt-pt\/wp-json\/wp\/v2\/media\/71724"}],"wp:attachment":[{"href":"https:\/\/loginfo24.com\/pt-pt\/wp-json\/wp\/v2\/media?parent=71729"}],"wp:term":[{"taxonomy":"category","embeddable":true,"href":"https:\/\/loginfo24.com\/pt-pt\/wp-json\/wp\/v2\/categories?post=71729"},{"taxonomy":"post_tag","embeddable":true,"href":"https:\/\/loginfo24.com\/pt-pt\/wp-json\/wp\/v2\/tags?post=71729"}],"curies":[{"name":"wp","href":"https:\/\/api.w.org\/{rel}","templated":true}]}}