{"id":70773,"date":"2025-10-16T12:37:02","date_gmt":"2025-10-16T10:37:02","guid":{"rendered":"https:\/\/blog.brand-architecture.at\/2025\/10\/16\/associacao-bpex-exige-discussao-construtiva-com-o-setor-de-pacotes\/"},"modified":"2025-10-16T12:37:02","modified_gmt":"2025-10-16T10:37:02","slug":"associacao-bpex-exige-discussao-construtiva-com-o-setor-de-pacotes","status":"publish","type":"post","link":"https:\/\/loginfo24.com\/pt-pt\/2025\/10\/16\/associacao-bpex-exige-discussao-construtiva-com-o-setor-de-pacotes\/","title":{"rendered":"Associa\u00e7\u00e3o BPEX exige discuss\u00e3o construtiva com o setor de pacotes"},"content":{"rendered":"<h5>Na ocasi\u00e3o da reuni\u00e3o de hoje da Comiss\u00e3o do Trabalho e Assuntos Sociais do Bundestag sobre uma proposta para a implementa\u00e7\u00e3o da entrega de pacotes a partir de 20 quilos, a Associa\u00e7\u00e3o Federal de Log\u00edstica de Pacotes e Expresso (BPEX) enfatiza a necessidade de entrar em uma discuss\u00e3o construtiva e orientada para solu\u00e7\u00f5es com o setor.<\/h5>\n<p>(Berlim) &#8220;O setor de pacotes est\u00e1 pronto para iniciar, em conjunto com a pol\u00edtica e os parceiros sociais, o processo de di\u00e1logo previsto no contrato de coaliz\u00e3o&#8221;, explica Marten Bosselmann, presidente da BPEX. &#8220;Nosso objetivo \u00e9 uma solu\u00e7\u00e3o pr\u00e1tica e ao mesmo tempo socialmente respons\u00e1vel, que alivie os trabalhadores e garanta o fornecimento \u00e0 popula\u00e7\u00e3o e \u00e0 economia.&#8221;<\/p>\n<p>A BPEX j\u00e1 apresentou ao governo federal uma proposta pragm\u00e1tica para tal regulamenta\u00e7\u00e3o. De acordo com isso, para envios pesados, o uso de ferramentas adequadas, como carrinhos de m\u00e3o, para a entrega em n\u00edvel do solo deve ser explicitamente previsto. Este suporte comprovado na pr\u00e1tica permite um verdadeiro al\u00edvio para os entregadores, sem comprometer os processos em campo.<\/p>\n<h5><b>Manipula\u00e7\u00e3o por duas pessoas n\u00e3o seria vi\u00e1vel<\/b><\/h5>\n<p>Ao mesmo tempo, a associa\u00e7\u00e3o alerta contra regulamenta\u00e7\u00f5es gerais que n\u00e3o seriam vi\u00e1veis na pr\u00e1tica. Uma manipula\u00e7\u00e3o obrigat\u00f3ria por duas pessoas n\u00e3o \u00e9 um caminho eficaz para as empresas do setor. &#8220;Hoje j\u00e1 \u00e9 desafiador recrutar suficientes trabalhadores de entrega. Uma exig\u00eancia de dupla ocupa\u00e7\u00e3o para envios individuais agravaria drasticamente a escassez de pessoal&#8221;, continua o presidente. Tamb\u00e9m do ponto de vista da economia e dos consumidores, tal regulamenta\u00e7\u00e3o seria problem\u00e1tica. Os consumidores esperam uma entrega r\u00e1pida e descomplicada. Uma manipula\u00e7\u00e3o por duas pessoas levaria a atrasos significativos e custos mais altos.<\/p>\n<h5><b>Consequ\u00eancias para a economia e o fornecimento<\/b><\/h5>\n<p>Numerosos setores da economia \u2013 como a ind\u00fastria automobil\u00edstica, o com\u00e9rcio ou a agricultura \u2013 dependem de uma log\u00edstica de pacotes confi\u00e1vel. Restri\u00e7\u00f5es na entrega de pacotes pesados afetariam sensivelmente as cadeias de produ\u00e7\u00e3o e fornecimento. Al\u00e9m disso: o uso de ve\u00edculos maiores ou viagens adicionais aumentaria as emiss\u00f5es de CO\u2082. Um resultado que contraria claramente os objetivos clim\u00e1ticos comuns.<\/p>\n<p>Por fim, uma regulamenta\u00e7\u00e3o unilateral apenas para o setor de pacotes n\u00e3o seria consistente. Em muitos outros setores econ\u00f4micos, levantar cargas pesadas faz parte do cotidiano de trabalho. Restri\u00e7\u00f5es adicionais apenas para o setor de pacotes gerariam um tratamento desigual injustificado e distor\u00e7\u00f5es de concorr\u00eancia.<\/p>\n<h5><b>Prontos para o di\u00e1logo setorial<\/b><\/h5>\n<p>A BPEX acolhe positivamente o fato de que o governo federal iniciou o processo de di\u00e1logo anunciado, a fim de desenvolver, em conjunto com todas as partes envolvidas, uma regulamenta\u00e7\u00e3o pr\u00e1tica e adequada. A associa\u00e7\u00e3o participar\u00e1 ativamente e apresentar\u00e1 suas experi\u00eancias pr\u00e1ticas e propostas. &#8220;N\u00e3o precisamos de pol\u00edtica simb\u00f3lica, mas de uma solu\u00e7\u00e3o que garanta a seguran\u00e7a dos trabalhadores e o fornecimento da popula\u00e7\u00e3o e da economia de forma igual&#8221;, diz Marten Bosselmann.<\/p>\n<p>Foto: \u00a9 Loginfo24<\/p>\n","protected":false},"excerpt":{"rendered":"<p>Na ocasi\u00e3o da reuni\u00e3o de hoje da Comiss\u00e3o do Trabalho e Assuntos Sociais do Bundestag sobre uma proposta para a implementa\u00e7\u00e3o da entrega de pacotes a<span class=\"excerpt-hellip\"> [\u2026]<\/span><\/p>\n","protected":false},"author":0,"featured_media":4373,"comment_status":"open","ping_status":"open","sticky":false,"template":"","format":"standard","meta":{"_acf_changed":false,"footnotes":""},"categories":[1557,1556,1561],"tags":[],"class_list":["post-70773","post","type-post","status-publish","format-standard","has-post-thumbnail","hentry","category-forwarding-logistics","category-intermodal-road","category-regions"],"acf":[],"yoast_head":"<!-- This site is optimized with the Yoast SEO plugin v27.3 - https:\/\/yoast.com\/product\/yoast-seo-wordpress\/ -->\n<title>Associa\u00e7\u00e3o BPEX exige discuss\u00e3o construtiva com o setor de pacotes - Loginfo24<\/title>\n<meta name=\"robots\" content=\"index, follow, max-snippet:-1, max-image-preview:large, max-video-preview:-1\" \/>\n<link rel=\"canonical\" href=\"https:\/\/loginfo24.com\/pt-pt\/2025\/10\/16\/associacao-bpex-exige-discussao-construtiva-com-o-setor-de-pacotes\/\" \/>\n<meta property=\"og:locale\" content=\"pt_PT\" \/>\n<meta property=\"og:type\" content=\"article\" \/>\n<meta property=\"og:title\" content=\"Associa\u00e7\u00e3o BPEX exige discuss\u00e3o construtiva com o setor de pacotes - Loginfo24\" \/>\n<meta property=\"og:description\" content=\"Na ocasi\u00e3o da reuni\u00e3o de hoje da Comiss\u00e3o do Trabalho e Assuntos Sociais do Bundestag sobre uma proposta para a implementa\u00e7\u00e3o da entrega de pacotes a [\u2026]\" \/>\n<meta property=\"og:url\" content=\"https:\/\/loginfo24.com\/pt-pt\/2025\/10\/16\/associacao-bpex-exige-discussao-construtiva-com-o-setor-de-pacotes\/\" \/>\n<meta property=\"og:site_name\" content=\"Loginfo24\" \/>\n<meta property=\"article:publisher\" content=\"https:\/\/www.facebook.com\/people\/Loginfo24\/100057360583332\/\" \/>\n<meta property=\"article:published_time\" content=\"2025-10-16T10:37:02+00:00\" \/>\n<meta property=\"og:image\" content=\"https:\/\/loginfo24.com\/wp-content\/uploads\/sites\/7\/2025\/12\/Paketband_1.jpg\" \/>\n\t<meta property=\"og:image:width\" content=\"1467\" \/>\n\t<meta property=\"og:image:height\" content=\"834\" \/>\n\t<meta property=\"og:image:type\" content=\"image\/jpeg\" \/>\n<meta name=\"twitter:card\" content=\"summary_large_image\" \/>\n<meta name=\"twitter:label1\" content=\"Tempo estimado de leitura\" \/>\n\t<meta name=\"twitter:data1\" content=\"3 minutos\" \/>\n<script type=\"application\/ld+json\" class=\"yoast-schema-graph\">{\"@context\":\"https:\\\/\\\/schema.org\",\"@graph\":[{\"@type\":\"Article\",\"@id\":\"https:\\\/\\\/loginfo24.com\\\/pt-pt\\\/2025\\\/10\\\/16\\\/associacao-bpex-exige-discussao-construtiva-com-o-setor-de-pacotes\\\/#article\",\"isPartOf\":{\"@id\":\"https:\\\/\\\/loginfo24.com\\\/pt-pt\\\/2025\\\/10\\\/16\\\/associacao-bpex-exige-discussao-construtiva-com-o-setor-de-pacotes\\\/\"},\"author\":{\"name\":\"\",\"@id\":\"\"},\"headline\":\"Associa\u00e7\u00e3o BPEX exige discuss\u00e3o construtiva com o setor de pacotes\",\"datePublished\":\"2025-10-16T10:37:02+00:00\",\"mainEntityOfPage\":{\"@id\":\"https:\\\/\\\/loginfo24.com\\\/pt-pt\\\/2025\\\/10\\\/16\\\/associacao-bpex-exige-discussao-construtiva-com-o-setor-de-pacotes\\\/\"},\"wordCount\":537,\"commentCount\":0,\"publisher\":{\"@id\":\"https:\\\/\\\/loginfo24.com\\\/pt-pt\\\/#organization\"},\"image\":{\"@id\":\"https:\\\/\\\/loginfo24.com\\\/pt-pt\\\/2025\\\/10\\\/16\\\/associacao-bpex-exige-discussao-construtiva-com-o-setor-de-pacotes\\\/#primaryimage\"},\"thumbnailUrl\":\"https:\\\/\\\/loginfo24.com\\\/wp-content\\\/uploads\\\/sites\\\/7\\\/2025\\\/12\\\/Paketband_1.jpg\",\"articleSection\":[\"Forwarding &amp; Logistics\",\"Intermodal \\\/ Road\",\"Regions\"],\"inLanguage\":\"pt-PT\",\"potentialAction\":[{\"@type\":\"CommentAction\",\"name\":\"Comment\",\"target\":[\"https:\\\/\\\/loginfo24.com\\\/pt-pt\\\/2025\\\/10\\\/16\\\/associacao-bpex-exige-discussao-construtiva-com-o-setor-de-pacotes\\\/#respond\"]}]},{\"@type\":\"WebPage\",\"@id\":\"https:\\\/\\\/loginfo24.com\\\/pt-pt\\\/2025\\\/10\\\/16\\\/associacao-bpex-exige-discussao-construtiva-com-o-setor-de-pacotes\\\/\",\"url\":\"https:\\\/\\\/loginfo24.com\\\/pt-pt\\\/2025\\\/10\\\/16\\\/associacao-bpex-exige-discussao-construtiva-com-o-setor-de-pacotes\\\/\",\"name\":\"Associa\u00e7\u00e3o BPEX exige discuss\u00e3o construtiva com o setor de pacotes - Loginfo24\",\"isPartOf\":{\"@id\":\"https:\\\/\\\/loginfo24.com\\\/pt-pt\\\/#website\"},\"primaryImageOfPage\":{\"@id\":\"https:\\\/\\\/loginfo24.com\\\/pt-pt\\\/2025\\\/10\\\/16\\\/associacao-bpex-exige-discussao-construtiva-com-o-setor-de-pacotes\\\/#primaryimage\"},\"image\":{\"@id\":\"https:\\\/\\\/loginfo24.com\\\/pt-pt\\\/2025\\\/10\\\/16\\\/associacao-bpex-exige-discussao-construtiva-com-o-setor-de-pacotes\\\/#primaryimage\"},\"thumbnailUrl\":\"https:\\\/\\\/loginfo24.com\\\/wp-content\\\/uploads\\\/sites\\\/7\\\/2025\\\/12\\\/Paketband_1.jpg\",\"datePublished\":\"2025-10-16T10:37:02+00:00\",\"breadcrumb\":{\"@id\":\"https:\\\/\\\/loginfo24.com\\\/pt-pt\\\/2025\\\/10\\\/16\\\/associacao-bpex-exige-discussao-construtiva-com-o-setor-de-pacotes\\\/#breadcrumb\"},\"inLanguage\":\"pt-PT\",\"potentialAction\":[{\"@type\":\"ReadAction\",\"target\":[\"https:\\\/\\\/loginfo24.com\\\/pt-pt\\\/2025\\\/10\\\/16\\\/associacao-bpex-exige-discussao-construtiva-com-o-setor-de-pacotes\\\/\"]}]},{\"@type\":\"ImageObject\",\"inLanguage\":\"pt-PT\",\"@id\":\"https:\\\/\\\/loginfo24.com\\\/pt-pt\\\/2025\\\/10\\\/16\\\/associacao-bpex-exige-discussao-construtiva-com-o-setor-de-pacotes\\\/#primaryimage\",\"url\":\"https:\\\/\\\/loginfo24.com\\\/wp-content\\\/uploads\\\/sites\\\/7\\\/2025\\\/12\\\/Paketband_1.jpg\",\"contentUrl\":\"https:\\\/\\\/loginfo24.com\\\/wp-content\\\/uploads\\\/sites\\\/7\\\/2025\\\/12\\\/Paketband_1.jpg\",\"width\":1467,\"height\":834},{\"@type\":\"BreadcrumbList\",\"@id\":\"https:\\\/\\\/loginfo24.com\\\/pt-pt\\\/2025\\\/10\\\/16\\\/associacao-bpex-exige-discussao-construtiva-com-o-setor-de-pacotes\\\/#breadcrumb\",\"itemListElement\":[{\"@type\":\"ListItem\",\"position\":1,\"name\":\"Startseite\",\"item\":\"https:\\\/\\\/loginfo24.com\\\/pt-pt\\\/\"},{\"@type\":\"ListItem\",\"position\":2,\"name\":\"Associa\u00e7\u00e3o BPEX exige discuss\u00e3o construtiva com o setor de pacotes\"}]},{\"@type\":\"WebSite\",\"@id\":\"https:\\\/\\\/loginfo24.com\\\/pt-pt\\\/#website\",\"url\":\"https:\\\/\\\/loginfo24.com\\\/pt-pt\\\/\",\"name\":\"Loginfo24\",\"description\":\"Loginfo24 \u00e9 a plataforma dedicada \u00e0 log\u00edstica e \u00e0s cadeias de abastecimento, com informa\u00e7\u00f5es dispon\u00edveis 24 horas por dia.\",\"publisher\":{\"@id\":\"https:\\\/\\\/loginfo24.com\\\/pt-pt\\\/#organization\"},\"potentialAction\":[{\"@type\":\"SearchAction\",\"target\":{\"@type\":\"EntryPoint\",\"urlTemplate\":\"https:\\\/\\\/loginfo24.com\\\/pt-pt\\\/?s={search_term_string}\"},\"query-input\":{\"@type\":\"PropertyValueSpecification\",\"valueRequired\":true,\"valueName\":\"search_term_string\"}}],\"inLanguage\":\"pt-PT\"},{\"@type\":\"Organization\",\"@id\":\"https:\\\/\\\/loginfo24.com\\\/pt-pt\\\/#organization\",\"name\":\"Logismedia Group AG\",\"url\":\"https:\\\/\\\/loginfo24.com\\\/pt-pt\\\/\",\"logo\":{\"@type\":\"ImageObject\",\"inLanguage\":\"pt-PT\",\"@id\":\"https:\\\/\\\/loginfo24.com\\\/pt-pt\\\/#\\\/schema\\\/logo\\\/image\\\/\",\"url\":\"https:\\\/\\\/loginfo24.com\\\/wp-content\\\/uploads\\\/sites\\\/7\\\/2026\\\/01\\\/Logo_LogInfo24.png\",\"contentUrl\":\"https:\\\/\\\/loginfo24.com\\\/wp-content\\\/uploads\\\/sites\\\/7\\\/2026\\\/01\\\/Logo_LogInfo24.png\",\"width\":938,\"height\":351,\"caption\":\"Logismedia Group AG\"},\"image\":{\"@id\":\"https:\\\/\\\/loginfo24.com\\\/pt-pt\\\/#\\\/schema\\\/logo\\\/image\\\/\"},\"sameAs\":[\"https:\\\/\\\/www.facebook.com\\\/people\\\/Loginfo24\\\/100057360583332\\\/\",\"https:\\\/\\\/www.linkedin.com\\\/company\\\/lofinfo24\\\/\"]}]}<\/script>\n<!-- \/ Yoast SEO plugin. -->","yoast_head_json":{"title":"Associa\u00e7\u00e3o BPEX exige discuss\u00e3o construtiva com o setor de pacotes - Loginfo24","robots":{"index":"index","follow":"follow","max-snippet":"max-snippet:-1","max-image-preview":"max-image-preview:large","max-video-preview":"max-video-preview:-1"},"canonical":"https:\/\/loginfo24.com\/pt-pt\/2025\/10\/16\/associacao-bpex-exige-discussao-construtiva-com-o-setor-de-pacotes\/","og_locale":"pt_PT","og_type":"article","og_title":"Associa\u00e7\u00e3o BPEX exige discuss\u00e3o construtiva com o setor de pacotes - Loginfo24","og_description":"Na ocasi\u00e3o da reuni\u00e3o de hoje da Comiss\u00e3o do Trabalho e Assuntos Sociais do Bundestag sobre uma proposta para a implementa\u00e7\u00e3o da entrega de pacotes a [\u2026]","og_url":"https:\/\/loginfo24.com\/pt-pt\/2025\/10\/16\/associacao-bpex-exige-discussao-construtiva-com-o-setor-de-pacotes\/","og_site_name":"Loginfo24","article_publisher":"https:\/\/www.facebook.com\/people\/Loginfo24\/100057360583332\/","article_published_time":"2025-10-16T10:37:02+00:00","og_image":[{"width":1467,"height":834,"url":"https:\/\/loginfo24.com\/wp-content\/uploads\/sites\/7\/2025\/12\/Paketband_1.jpg","type":"image\/jpeg"}],"twitter_card":"summary_large_image","twitter_misc":{"Tempo estimado de leitura":"3 minutos"},"schema":{"@context":"https:\/\/schema.org","@graph":[{"@type":"Article","@id":"https:\/\/loginfo24.com\/pt-pt\/2025\/10\/16\/associacao-bpex-exige-discussao-construtiva-com-o-setor-de-pacotes\/#article","isPartOf":{"@id":"https:\/\/loginfo24.com\/pt-pt\/2025\/10\/16\/associacao-bpex-exige-discussao-construtiva-com-o-setor-de-pacotes\/"},"author":{"name":"","@id":""},"headline":"Associa\u00e7\u00e3o BPEX exige discuss\u00e3o construtiva com o setor de pacotes","datePublished":"2025-10-16T10:37:02+00:00","mainEntityOfPage":{"@id":"https:\/\/loginfo24.com\/pt-pt\/2025\/10\/16\/associacao-bpex-exige-discussao-construtiva-com-o-setor-de-pacotes\/"},"wordCount":537,"commentCount":0,"publisher":{"@id":"https:\/\/loginfo24.com\/pt-pt\/#organization"},"image":{"@id":"https:\/\/loginfo24.com\/pt-pt\/2025\/10\/16\/associacao-bpex-exige-discussao-construtiva-com-o-setor-de-pacotes\/#primaryimage"},"thumbnailUrl":"https:\/\/loginfo24.com\/wp-content\/uploads\/sites\/7\/2025\/12\/Paketband_1.jpg","articleSection":["Forwarding &amp; Logistics","Intermodal \/ Road","Regions"],"inLanguage":"pt-PT","potentialAction":[{"@type":"CommentAction","name":"Comment","target":["https:\/\/loginfo24.com\/pt-pt\/2025\/10\/16\/associacao-bpex-exige-discussao-construtiva-com-o-setor-de-pacotes\/#respond"]}]},{"@type":"WebPage","@id":"https:\/\/loginfo24.com\/pt-pt\/2025\/10\/16\/associacao-bpex-exige-discussao-construtiva-com-o-setor-de-pacotes\/","url":"https:\/\/loginfo24.com\/pt-pt\/2025\/10\/16\/associacao-bpex-exige-discussao-construtiva-com-o-setor-de-pacotes\/","name":"Associa\u00e7\u00e3o BPEX exige discuss\u00e3o construtiva com o setor de pacotes - Loginfo24","isPartOf":{"@id":"https:\/\/loginfo24.com\/pt-pt\/#website"},"primaryImageOfPage":{"@id":"https:\/\/loginfo24.com\/pt-pt\/2025\/10\/16\/associacao-bpex-exige-discussao-construtiva-com-o-setor-de-pacotes\/#primaryimage"},"image":{"@id":"https:\/\/loginfo24.com\/pt-pt\/2025\/10\/16\/associacao-bpex-exige-discussao-construtiva-com-o-setor-de-pacotes\/#primaryimage"},"thumbnailUrl":"https:\/\/loginfo24.com\/wp-content\/uploads\/sites\/7\/2025\/12\/Paketband_1.jpg","datePublished":"2025-10-16T10:37:02+00:00","breadcrumb":{"@id":"https:\/\/loginfo24.com\/pt-pt\/2025\/10\/16\/associacao-bpex-exige-discussao-construtiva-com-o-setor-de-pacotes\/#breadcrumb"},"inLanguage":"pt-PT","potentialAction":[{"@type":"ReadAction","target":["https:\/\/loginfo24.com\/pt-pt\/2025\/10\/16\/associacao-bpex-exige-discussao-construtiva-com-o-setor-de-pacotes\/"]}]},{"@type":"ImageObject","inLanguage":"pt-PT","@id":"https:\/\/loginfo24.com\/pt-pt\/2025\/10\/16\/associacao-bpex-exige-discussao-construtiva-com-o-setor-de-pacotes\/#primaryimage","url":"https:\/\/loginfo24.com\/wp-content\/uploads\/sites\/7\/2025\/12\/Paketband_1.jpg","contentUrl":"https:\/\/loginfo24.com\/wp-content\/uploads\/sites\/7\/2025\/12\/Paketband_1.jpg","width":1467,"height":834},{"@type":"BreadcrumbList","@id":"https:\/\/loginfo24.com\/pt-pt\/2025\/10\/16\/associacao-bpex-exige-discussao-construtiva-com-o-setor-de-pacotes\/#breadcrumb","itemListElement":[{"@type":"ListItem","position":1,"name":"Startseite","item":"https:\/\/loginfo24.com\/pt-pt\/"},{"@type":"ListItem","position":2,"name":"Associa\u00e7\u00e3o BPEX exige discuss\u00e3o construtiva com o setor de pacotes"}]},{"@type":"WebSite","@id":"https:\/\/loginfo24.com\/pt-pt\/#website","url":"https:\/\/loginfo24.com\/pt-pt\/","name":"Loginfo24","description":"Loginfo24 \u00e9 a plataforma dedicada \u00e0 log\u00edstica e \u00e0s cadeias de abastecimento, com informa\u00e7\u00f5es dispon\u00edveis 24 horas por dia.","publisher":{"@id":"https:\/\/loginfo24.com\/pt-pt\/#organization"},"potentialAction":[{"@type":"SearchAction","target":{"@type":"EntryPoint","urlTemplate":"https:\/\/loginfo24.com\/pt-pt\/?s={search_term_string}"},"query-input":{"@type":"PropertyValueSpecification","valueRequired":true,"valueName":"search_term_string"}}],"inLanguage":"pt-PT"},{"@type":"Organization","@id":"https:\/\/loginfo24.com\/pt-pt\/#organization","name":"Logismedia Group AG","url":"https:\/\/loginfo24.com\/pt-pt\/","logo":{"@type":"ImageObject","inLanguage":"pt-PT","@id":"https:\/\/loginfo24.com\/pt-pt\/#\/schema\/logo\/image\/","url":"https:\/\/loginfo24.com\/wp-content\/uploads\/sites\/7\/2026\/01\/Logo_LogInfo24.png","contentUrl":"https:\/\/loginfo24.com\/wp-content\/uploads\/sites\/7\/2026\/01\/Logo_LogInfo24.png","width":938,"height":351,"caption":"Logismedia Group AG"},"image":{"@id":"https:\/\/loginfo24.com\/pt-pt\/#\/schema\/logo\/image\/"},"sameAs":["https:\/\/www.facebook.com\/people\/Loginfo24\/100057360583332\/","https:\/\/www.linkedin.com\/company\/lofinfo24\/"]}]}},"_links":{"self":[{"href":"https:\/\/loginfo24.com\/pt-pt\/wp-json\/wp\/v2\/posts\/70773","targetHints":{"allow":["GET"]}}],"collection":[{"href":"https:\/\/loginfo24.com\/pt-pt\/wp-json\/wp\/v2\/posts"}],"about":[{"href":"https:\/\/loginfo24.com\/pt-pt\/wp-json\/wp\/v2\/types\/post"}],"replies":[{"embeddable":true,"href":"https:\/\/loginfo24.com\/pt-pt\/wp-json\/wp\/v2\/comments?post=70773"}],"version-history":[{"count":0,"href":"https:\/\/loginfo24.com\/pt-pt\/wp-json\/wp\/v2\/posts\/70773\/revisions"}],"wp:featuredmedia":[{"embeddable":true,"href":"https:\/\/loginfo24.com\/pt-pt\/wp-json\/wp\/v2\/media\/4373"}],"wp:attachment":[{"href":"https:\/\/loginfo24.com\/pt-pt\/wp-json\/wp\/v2\/media?parent=70773"}],"wp:term":[{"taxonomy":"category","embeddable":true,"href":"https:\/\/loginfo24.com\/pt-pt\/wp-json\/wp\/v2\/categories?post=70773"},{"taxonomy":"post_tag","embeddable":true,"href":"https:\/\/loginfo24.com\/pt-pt\/wp-json\/wp\/v2\/tags?post=70773"}],"curies":[{"name":"wp","href":"https:\/\/api.w.org\/{rel}","templated":true}]}}