{"id":70761,"date":"2025-10-16T12:18:34","date_gmt":"2025-10-16T10:18:34","guid":{"rendered":"https:\/\/blog.brand-architecture.at\/2025\/10\/16\/geis-gruppe-torna-se-membro-da-rede-internacional-waco\/"},"modified":"2025-10-16T12:18:34","modified_gmt":"2025-10-16T10:18:34","slug":"geis-gruppe-torna-se-membro-da-rede-internacional-waco","status":"publish","type":"post","link":"https:\/\/loginfo24.com\/pt-pt\/2025\/10\/16\/geis-gruppe-torna-se-membro-da-rede-internacional-waco\/","title":{"rendered":"Geis Gruppe torna-se membro da rede internacional WACO"},"content":{"rendered":"<h5>A Geis Gruppe, um dos principais prestadores de servi\u00e7os log\u00edsticos na Europa Central e Oriental, \u00e9 agora membro da rede internacional de transporte a\u00e9reo e mar\u00edtimo WACO. Como um dos dois parceiros exclusivos alem\u00e3es, a empresa expande sua presen\u00e7a internacional na \u00e1rea de Servi\u00e7os A\u00e9reos + Mar\u00edtimos. A ades\u00e3o ocorre poucos meses ap\u00f3s a reorienta\u00e7\u00e3o estrat\u00e9gica da unidade de neg\u00f3cios sob a lideran\u00e7a de Klaus Hrazdira.<\/h5>\n<p>(Bad Neustadt\/Nuremberga) WACO (World Air Cargo Organisation) \u00e9 a principal rede global de prestadores de servi\u00e7os log\u00edsticos independentes. A coopera\u00e7\u00e3o re\u00fane 121 empresas-membro em 118 pa\u00edses \u2013 juntas, operam mais de 400 locais com mais de 21.000 especialistas. Anualmente, a rede processa mais de 1,85 milh\u00f5es de remessas com mais de um milh\u00e3o de toneladas e gera uma receita superior a 3,4 bilh\u00f5es de euros.<br \/>\nExperi\u00eancia de longa data garante a ades\u00e3o \u00e0 rede<\/p>\n<p>A decis\u00e3o pela Geis Gruppe foi tomada ap\u00f3s uma avalia\u00e7\u00e3o abrangente pela WACO. Os fatores decisivos foram a orienta\u00e7\u00e3o internacional do grupo empresarial, o desempenho dos \u00faltimos anos e a qualidade comprovada de processamento. Al\u00e9m disso, a longa experi\u00eancia da Geis em outras colabora\u00e7\u00f5es bem-sucedidas, como a IDS para o setor de carga fracionada na Alemanha, foi convincente.<\/p>\n<p>&#8220;Com a ades\u00e3o \u00e0 WACO, juntamo-nos a uma das redes globais mais renomadas&#8221;, explicam Hans-Wolfgang Geis e Jochen Geis, s\u00f3cios-gerentes da Geis Gruppe. &#8220;Esta parceria \u00e9 mais um importante componente em nossa estrat\u00e9gia de desenvolver continuamente a \u00e1rea de Servi\u00e7os A\u00e9reos + Mar\u00edtimos.&#8221; <\/p>\n<h5>Extens\u00e3o perfeita para a reorienta\u00e7\u00e3o<\/h5>\n<p>A ades\u00e3o \u00e0 WACO se integra perfeitamente \u00e0 reestrutura\u00e7\u00e3o dos Servi\u00e7os A\u00e9reos + Mar\u00edtimos, que ser\u00e1 conclu\u00edda em abril de 2025. Klaus Hrazdira, COO da Quehenberger Logistics, assumiu a responsabilidade em toda a Europa pela unidade de neg\u00f3cios da Geis Gruppe \u2013 um passo decisivo na fus\u00e3o do grupo empresarial ap\u00f3s a integra\u00e7\u00e3o da Quehenberger Logistics.<\/p>\n<p>&#8220;A ades\u00e3o \u00e0 WACO \u00e9 o complemento ideal para nossa reorienta\u00e7\u00e3o estrat\u00e9gica&#8221;, diz Klaus Hrazdira. &#8220;A rede internacional nos oferece excelentes oportunidades para oferecer aos nossos clientes solu\u00e7\u00f5es log\u00edsticas ainda melhores em todo o mundo e, ao mesmo tempo, beneficiar-se de plataformas e processos digitais comprovados.&#8221; <\/p>\n<h5>Inova\u00e7\u00f5es digitais e qualidade comprovada<\/h5>\n<p>Como membro da WACO, a Geis Gruppe tem acesso a solu\u00e7\u00f5es digitais de ponta, incluindo um sistema global de rastreamento e troca de dados. Al\u00e9m disso, a Geis se beneficia de programas de transportadoras preferenciais.<br \/>\n&#8220;A parceria com a WACO destaca nossa ambi\u00e7\u00e3o de oferecer aos nossos clientes solu\u00e7\u00f5es log\u00edsticas de primeira classe al\u00e9m das fronteiras&#8221;, resumem Hans-Wolfgang Geis e Jochen Geis. &#8220;Com um parceiro forte ao nosso lado, podemos expandir os transportes internacionais de forma direcionada e explorar novas oportunidades de mercado.&#8221;<\/p>\n<p>Foto: \u00a9 Geis Gruppe \/<em><strong> Legenda da imagem<\/strong> (da esq. para a dir.): Richard Charles, CEO WACO; Sabine Geis, Chefe de Vendas Europa; Klaus Hrazdira, COO Servi\u00e7os A\u00e9reos + Mar\u00edtimos; Kristj\u00e1n P\u00e1lsson, Presidente da WACO e Diretor da Jonar Transport<\/em><\/p>\n","protected":false},"excerpt":{"rendered":"<p>A Geis Gruppe, um dos principais prestadores de servi\u00e7os log\u00edsticos na Europa Central e Oriental, \u00e9 agora membro da rede internacional de transporte a\u00e9reo e mar\u00edtimo<span class=\"excerpt-hellip\"> [\u2026]<\/span><\/p>\n","protected":false},"author":0,"featured_media":4377,"comment_status":"open","ping_status":"open","sticky":false,"template":"","format":"standard","meta":{"_acf_changed":false,"footnotes":""},"categories":[1558,1561,1559],"tags":[],"class_list":["post-70761","post","type-post","status-publish","format-standard","has-post-thumbnail","hentry","category-air-freight","category-regions","category-shipping-ports"],"acf":[],"yoast_head":"<!-- This site is optimized with the Yoast SEO plugin v27.3 - https:\/\/yoast.com\/product\/yoast-seo-wordpress\/ -->\n<title>Geis Gruppe torna-se membro da rede internacional WACO - Loginfo24<\/title>\n<meta name=\"robots\" content=\"index, follow, max-snippet:-1, max-image-preview:large, max-video-preview:-1\" \/>\n<link rel=\"canonical\" href=\"https:\/\/loginfo24.com\/pt-pt\/2025\/10\/16\/geis-gruppe-torna-se-membro-da-rede-internacional-waco\/\" \/>\n<meta property=\"og:locale\" content=\"pt_PT\" \/>\n<meta property=\"og:type\" content=\"article\" \/>\n<meta property=\"og:title\" content=\"Geis Gruppe torna-se membro da rede internacional WACO - Loginfo24\" \/>\n<meta property=\"og:description\" content=\"A Geis Gruppe, um dos principais prestadores de servi\u00e7os log\u00edsticos na Europa Central e Oriental, \u00e9 agora membro da rede internacional de transporte a\u00e9reo e mar\u00edtimo [\u2026]\" \/>\n<meta property=\"og:url\" content=\"https:\/\/loginfo24.com\/pt-pt\/2025\/10\/16\/geis-gruppe-torna-se-membro-da-rede-internacional-waco\/\" \/>\n<meta property=\"og:site_name\" content=\"Loginfo24\" \/>\n<meta property=\"article:publisher\" content=\"https:\/\/www.facebook.com\/people\/Loginfo24\/100057360583332\/\" \/>\n<meta property=\"article:published_time\" content=\"2025-10-16T10:18:34+00:00\" \/>\n<meta property=\"og:image\" content=\"https:\/\/loginfo24.com\/wp-content\/uploads\/sites\/7\/2025\/12\/Geis_16.10.25.jpg\" \/>\n\t<meta property=\"og:image:width\" content=\"1309\" \/>\n\t<meta property=\"og:image:height\" content=\"924\" \/>\n\t<meta property=\"og:image:type\" content=\"image\/jpeg\" \/>\n<meta name=\"twitter:card\" content=\"summary_large_image\" \/>\n<meta name=\"twitter:label1\" content=\"Tempo estimado de leitura\" \/>\n\t<meta name=\"twitter:data1\" content=\"3 minutos\" \/>\n<script type=\"application\/ld+json\" class=\"yoast-schema-graph\">{\"@context\":\"https:\\\/\\\/schema.org\",\"@graph\":[{\"@type\":\"Article\",\"@id\":\"https:\\\/\\\/loginfo24.com\\\/pt-pt\\\/2025\\\/10\\\/16\\\/geis-gruppe-torna-se-membro-da-rede-internacional-waco\\\/#article\",\"isPartOf\":{\"@id\":\"https:\\\/\\\/loginfo24.com\\\/pt-pt\\\/2025\\\/10\\\/16\\\/geis-gruppe-torna-se-membro-da-rede-internacional-waco\\\/\"},\"author\":{\"name\":\"\",\"@id\":\"\"},\"headline\":\"Geis Gruppe torna-se membro da rede internacional WACO\",\"datePublished\":\"2025-10-16T10:18:34+00:00\",\"mainEntityOfPage\":{\"@id\":\"https:\\\/\\\/loginfo24.com\\\/pt-pt\\\/2025\\\/10\\\/16\\\/geis-gruppe-torna-se-membro-da-rede-internacional-waco\\\/\"},\"wordCount\":528,\"commentCount\":0,\"publisher\":{\"@id\":\"https:\\\/\\\/loginfo24.com\\\/pt-pt\\\/#organization\"},\"image\":{\"@id\":\"https:\\\/\\\/loginfo24.com\\\/pt-pt\\\/2025\\\/10\\\/16\\\/geis-gruppe-torna-se-membro-da-rede-internacional-waco\\\/#primaryimage\"},\"thumbnailUrl\":\"https:\\\/\\\/loginfo24.com\\\/wp-content\\\/uploads\\\/sites\\\/7\\\/2025\\\/12\\\/Geis_16.10.25.jpg\",\"articleSection\":[\"Air Freight\",\"Regions\",\"Shipping &amp; Ports\"],\"inLanguage\":\"pt-PT\",\"potentialAction\":[{\"@type\":\"CommentAction\",\"name\":\"Comment\",\"target\":[\"https:\\\/\\\/loginfo24.com\\\/pt-pt\\\/2025\\\/10\\\/16\\\/geis-gruppe-torna-se-membro-da-rede-internacional-waco\\\/#respond\"]}]},{\"@type\":\"WebPage\",\"@id\":\"https:\\\/\\\/loginfo24.com\\\/pt-pt\\\/2025\\\/10\\\/16\\\/geis-gruppe-torna-se-membro-da-rede-internacional-waco\\\/\",\"url\":\"https:\\\/\\\/loginfo24.com\\\/pt-pt\\\/2025\\\/10\\\/16\\\/geis-gruppe-torna-se-membro-da-rede-internacional-waco\\\/\",\"name\":\"Geis Gruppe torna-se membro da rede internacional WACO - Loginfo24\",\"isPartOf\":{\"@id\":\"https:\\\/\\\/loginfo24.com\\\/pt-pt\\\/#website\"},\"primaryImageOfPage\":{\"@id\":\"https:\\\/\\\/loginfo24.com\\\/pt-pt\\\/2025\\\/10\\\/16\\\/geis-gruppe-torna-se-membro-da-rede-internacional-waco\\\/#primaryimage\"},\"image\":{\"@id\":\"https:\\\/\\\/loginfo24.com\\\/pt-pt\\\/2025\\\/10\\\/16\\\/geis-gruppe-torna-se-membro-da-rede-internacional-waco\\\/#primaryimage\"},\"thumbnailUrl\":\"https:\\\/\\\/loginfo24.com\\\/wp-content\\\/uploads\\\/sites\\\/7\\\/2025\\\/12\\\/Geis_16.10.25.jpg\",\"datePublished\":\"2025-10-16T10:18:34+00:00\",\"breadcrumb\":{\"@id\":\"https:\\\/\\\/loginfo24.com\\\/pt-pt\\\/2025\\\/10\\\/16\\\/geis-gruppe-torna-se-membro-da-rede-internacional-waco\\\/#breadcrumb\"},\"inLanguage\":\"pt-PT\",\"potentialAction\":[{\"@type\":\"ReadAction\",\"target\":[\"https:\\\/\\\/loginfo24.com\\\/pt-pt\\\/2025\\\/10\\\/16\\\/geis-gruppe-torna-se-membro-da-rede-internacional-waco\\\/\"]}]},{\"@type\":\"ImageObject\",\"inLanguage\":\"pt-PT\",\"@id\":\"https:\\\/\\\/loginfo24.com\\\/pt-pt\\\/2025\\\/10\\\/16\\\/geis-gruppe-torna-se-membro-da-rede-internacional-waco\\\/#primaryimage\",\"url\":\"https:\\\/\\\/loginfo24.com\\\/wp-content\\\/uploads\\\/sites\\\/7\\\/2025\\\/12\\\/Geis_16.10.25.jpg\",\"contentUrl\":\"https:\\\/\\\/loginfo24.com\\\/wp-content\\\/uploads\\\/sites\\\/7\\\/2025\\\/12\\\/Geis_16.10.25.jpg\",\"width\":1309,\"height\":924},{\"@type\":\"BreadcrumbList\",\"@id\":\"https:\\\/\\\/loginfo24.com\\\/pt-pt\\\/2025\\\/10\\\/16\\\/geis-gruppe-torna-se-membro-da-rede-internacional-waco\\\/#breadcrumb\",\"itemListElement\":[{\"@type\":\"ListItem\",\"position\":1,\"name\":\"Startseite\",\"item\":\"https:\\\/\\\/loginfo24.com\\\/pt-pt\\\/\"},{\"@type\":\"ListItem\",\"position\":2,\"name\":\"Geis Gruppe torna-se membro da rede internacional WACO\"}]},{\"@type\":\"WebSite\",\"@id\":\"https:\\\/\\\/loginfo24.com\\\/pt-pt\\\/#website\",\"url\":\"https:\\\/\\\/loginfo24.com\\\/pt-pt\\\/\",\"name\":\"Loginfo24\",\"description\":\"Loginfo24 \u00e9 a plataforma dedicada \u00e0 log\u00edstica e \u00e0s cadeias de abastecimento, com informa\u00e7\u00f5es dispon\u00edveis 24 horas por dia.\",\"publisher\":{\"@id\":\"https:\\\/\\\/loginfo24.com\\\/pt-pt\\\/#organization\"},\"potentialAction\":[{\"@type\":\"SearchAction\",\"target\":{\"@type\":\"EntryPoint\",\"urlTemplate\":\"https:\\\/\\\/loginfo24.com\\\/pt-pt\\\/?s={search_term_string}\"},\"query-input\":{\"@type\":\"PropertyValueSpecification\",\"valueRequired\":true,\"valueName\":\"search_term_string\"}}],\"inLanguage\":\"pt-PT\"},{\"@type\":\"Organization\",\"@id\":\"https:\\\/\\\/loginfo24.com\\\/pt-pt\\\/#organization\",\"name\":\"Logismedia Group AG\",\"url\":\"https:\\\/\\\/loginfo24.com\\\/pt-pt\\\/\",\"logo\":{\"@type\":\"ImageObject\",\"inLanguage\":\"pt-PT\",\"@id\":\"https:\\\/\\\/loginfo24.com\\\/pt-pt\\\/#\\\/schema\\\/logo\\\/image\\\/\",\"url\":\"https:\\\/\\\/loginfo24.com\\\/wp-content\\\/uploads\\\/sites\\\/7\\\/2026\\\/01\\\/Logo_LogInfo24.png\",\"contentUrl\":\"https:\\\/\\\/loginfo24.com\\\/wp-content\\\/uploads\\\/sites\\\/7\\\/2026\\\/01\\\/Logo_LogInfo24.png\",\"width\":938,\"height\":351,\"caption\":\"Logismedia Group AG\"},\"image\":{\"@id\":\"https:\\\/\\\/loginfo24.com\\\/pt-pt\\\/#\\\/schema\\\/logo\\\/image\\\/\"},\"sameAs\":[\"https:\\\/\\\/www.facebook.com\\\/people\\\/Loginfo24\\\/100057360583332\\\/\",\"https:\\\/\\\/www.linkedin.com\\\/company\\\/lofinfo24\\\/\"]}]}<\/script>\n<!-- \/ Yoast SEO plugin. -->","yoast_head_json":{"title":"Geis Gruppe torna-se membro da rede internacional WACO - Loginfo24","robots":{"index":"index","follow":"follow","max-snippet":"max-snippet:-1","max-image-preview":"max-image-preview:large","max-video-preview":"max-video-preview:-1"},"canonical":"https:\/\/loginfo24.com\/pt-pt\/2025\/10\/16\/geis-gruppe-torna-se-membro-da-rede-internacional-waco\/","og_locale":"pt_PT","og_type":"article","og_title":"Geis Gruppe torna-se membro da rede internacional WACO - Loginfo24","og_description":"A Geis Gruppe, um dos principais prestadores de servi\u00e7os log\u00edsticos na Europa Central e Oriental, \u00e9 agora membro da rede internacional de transporte a\u00e9reo e mar\u00edtimo [\u2026]","og_url":"https:\/\/loginfo24.com\/pt-pt\/2025\/10\/16\/geis-gruppe-torna-se-membro-da-rede-internacional-waco\/","og_site_name":"Loginfo24","article_publisher":"https:\/\/www.facebook.com\/people\/Loginfo24\/100057360583332\/","article_published_time":"2025-10-16T10:18:34+00:00","og_image":[{"width":1309,"height":924,"url":"https:\/\/loginfo24.com\/wp-content\/uploads\/sites\/7\/2025\/12\/Geis_16.10.25.jpg","type":"image\/jpeg"}],"twitter_card":"summary_large_image","twitter_misc":{"Tempo estimado de leitura":"3 minutos"},"schema":{"@context":"https:\/\/schema.org","@graph":[{"@type":"Article","@id":"https:\/\/loginfo24.com\/pt-pt\/2025\/10\/16\/geis-gruppe-torna-se-membro-da-rede-internacional-waco\/#article","isPartOf":{"@id":"https:\/\/loginfo24.com\/pt-pt\/2025\/10\/16\/geis-gruppe-torna-se-membro-da-rede-internacional-waco\/"},"author":{"name":"","@id":""},"headline":"Geis Gruppe torna-se membro da rede internacional WACO","datePublished":"2025-10-16T10:18:34+00:00","mainEntityOfPage":{"@id":"https:\/\/loginfo24.com\/pt-pt\/2025\/10\/16\/geis-gruppe-torna-se-membro-da-rede-internacional-waco\/"},"wordCount":528,"commentCount":0,"publisher":{"@id":"https:\/\/loginfo24.com\/pt-pt\/#organization"},"image":{"@id":"https:\/\/loginfo24.com\/pt-pt\/2025\/10\/16\/geis-gruppe-torna-se-membro-da-rede-internacional-waco\/#primaryimage"},"thumbnailUrl":"https:\/\/loginfo24.com\/wp-content\/uploads\/sites\/7\/2025\/12\/Geis_16.10.25.jpg","articleSection":["Air Freight","Regions","Shipping &amp; Ports"],"inLanguage":"pt-PT","potentialAction":[{"@type":"CommentAction","name":"Comment","target":["https:\/\/loginfo24.com\/pt-pt\/2025\/10\/16\/geis-gruppe-torna-se-membro-da-rede-internacional-waco\/#respond"]}]},{"@type":"WebPage","@id":"https:\/\/loginfo24.com\/pt-pt\/2025\/10\/16\/geis-gruppe-torna-se-membro-da-rede-internacional-waco\/","url":"https:\/\/loginfo24.com\/pt-pt\/2025\/10\/16\/geis-gruppe-torna-se-membro-da-rede-internacional-waco\/","name":"Geis Gruppe torna-se membro da rede internacional WACO - Loginfo24","isPartOf":{"@id":"https:\/\/loginfo24.com\/pt-pt\/#website"},"primaryImageOfPage":{"@id":"https:\/\/loginfo24.com\/pt-pt\/2025\/10\/16\/geis-gruppe-torna-se-membro-da-rede-internacional-waco\/#primaryimage"},"image":{"@id":"https:\/\/loginfo24.com\/pt-pt\/2025\/10\/16\/geis-gruppe-torna-se-membro-da-rede-internacional-waco\/#primaryimage"},"thumbnailUrl":"https:\/\/loginfo24.com\/wp-content\/uploads\/sites\/7\/2025\/12\/Geis_16.10.25.jpg","datePublished":"2025-10-16T10:18:34+00:00","breadcrumb":{"@id":"https:\/\/loginfo24.com\/pt-pt\/2025\/10\/16\/geis-gruppe-torna-se-membro-da-rede-internacional-waco\/#breadcrumb"},"inLanguage":"pt-PT","potentialAction":[{"@type":"ReadAction","target":["https:\/\/loginfo24.com\/pt-pt\/2025\/10\/16\/geis-gruppe-torna-se-membro-da-rede-internacional-waco\/"]}]},{"@type":"ImageObject","inLanguage":"pt-PT","@id":"https:\/\/loginfo24.com\/pt-pt\/2025\/10\/16\/geis-gruppe-torna-se-membro-da-rede-internacional-waco\/#primaryimage","url":"https:\/\/loginfo24.com\/wp-content\/uploads\/sites\/7\/2025\/12\/Geis_16.10.25.jpg","contentUrl":"https:\/\/loginfo24.com\/wp-content\/uploads\/sites\/7\/2025\/12\/Geis_16.10.25.jpg","width":1309,"height":924},{"@type":"BreadcrumbList","@id":"https:\/\/loginfo24.com\/pt-pt\/2025\/10\/16\/geis-gruppe-torna-se-membro-da-rede-internacional-waco\/#breadcrumb","itemListElement":[{"@type":"ListItem","position":1,"name":"Startseite","item":"https:\/\/loginfo24.com\/pt-pt\/"},{"@type":"ListItem","position":2,"name":"Geis Gruppe torna-se membro da rede internacional WACO"}]},{"@type":"WebSite","@id":"https:\/\/loginfo24.com\/pt-pt\/#website","url":"https:\/\/loginfo24.com\/pt-pt\/","name":"Loginfo24","description":"Loginfo24 \u00e9 a plataforma dedicada \u00e0 log\u00edstica e \u00e0s cadeias de abastecimento, com informa\u00e7\u00f5es dispon\u00edveis 24 horas por dia.","publisher":{"@id":"https:\/\/loginfo24.com\/pt-pt\/#organization"},"potentialAction":[{"@type":"SearchAction","target":{"@type":"EntryPoint","urlTemplate":"https:\/\/loginfo24.com\/pt-pt\/?s={search_term_string}"},"query-input":{"@type":"PropertyValueSpecification","valueRequired":true,"valueName":"search_term_string"}}],"inLanguage":"pt-PT"},{"@type":"Organization","@id":"https:\/\/loginfo24.com\/pt-pt\/#organization","name":"Logismedia Group AG","url":"https:\/\/loginfo24.com\/pt-pt\/","logo":{"@type":"ImageObject","inLanguage":"pt-PT","@id":"https:\/\/loginfo24.com\/pt-pt\/#\/schema\/logo\/image\/","url":"https:\/\/loginfo24.com\/wp-content\/uploads\/sites\/7\/2026\/01\/Logo_LogInfo24.png","contentUrl":"https:\/\/loginfo24.com\/wp-content\/uploads\/sites\/7\/2026\/01\/Logo_LogInfo24.png","width":938,"height":351,"caption":"Logismedia Group AG"},"image":{"@id":"https:\/\/loginfo24.com\/pt-pt\/#\/schema\/logo\/image\/"},"sameAs":["https:\/\/www.facebook.com\/people\/Loginfo24\/100057360583332\/","https:\/\/www.linkedin.com\/company\/lofinfo24\/"]}]}},"_links":{"self":[{"href":"https:\/\/loginfo24.com\/pt-pt\/wp-json\/wp\/v2\/posts\/70761","targetHints":{"allow":["GET"]}}],"collection":[{"href":"https:\/\/loginfo24.com\/pt-pt\/wp-json\/wp\/v2\/posts"}],"about":[{"href":"https:\/\/loginfo24.com\/pt-pt\/wp-json\/wp\/v2\/types\/post"}],"replies":[{"embeddable":true,"href":"https:\/\/loginfo24.com\/pt-pt\/wp-json\/wp\/v2\/comments?post=70761"}],"version-history":[{"count":0,"href":"https:\/\/loginfo24.com\/pt-pt\/wp-json\/wp\/v2\/posts\/70761\/revisions"}],"wp:featuredmedia":[{"embeddable":true,"href":"https:\/\/loginfo24.com\/pt-pt\/wp-json\/wp\/v2\/media\/4377"}],"wp:attachment":[{"href":"https:\/\/loginfo24.com\/pt-pt\/wp-json\/wp\/v2\/media?parent=70761"}],"wp:term":[{"taxonomy":"category","embeddable":true,"href":"https:\/\/loginfo24.com\/pt-pt\/wp-json\/wp\/v2\/categories?post=70761"},{"taxonomy":"post_tag","embeddable":true,"href":"https:\/\/loginfo24.com\/pt-pt\/wp-json\/wp\/v2\/tags?post=70761"}],"curies":[{"name":"wp","href":"https:\/\/api.w.org\/{rel}","templated":true}]}}