{"id":70501,"date":"2025-09-19T19:00:47","date_gmt":"2025-09-19T17:00:47","guid":{"rendered":"https:\/\/blog.brand-architecture.at\/2025\/09\/19\/um-milhao-de-conteineres-no-terminal-de-conteineres-de-wilhelmshaven\/"},"modified":"2025-09-19T19:00:47","modified_gmt":"2025-09-19T17:00:47","slug":"um-milhao-de-conteineres-no-terminal-de-conteineres-de-wilhelmshaven","status":"publish","type":"post","link":"https:\/\/loginfo24.com\/pt-pt\/2025\/09\/19\/um-milhao-de-conteineres-no-terminal-de-conteineres-de-wilhelmshaven\/","title":{"rendered":"Um milh\u00e3o de cont\u00eaineres no Terminal de Cont\u00eaineres de Wilhelmshaven"},"content":{"rendered":"<h5 class=\"x_elementToProof\" data-olk-copy-source=\"MessageBody\">No dia 18 de setembro, o Terminal de Cont\u00eaineres EUROGATE de Wilhelmshaven (CTW) movimentou o milion\u00e9simo cont\u00eainer de carga mar\u00edtima deste ano. Com isso, o volume anual ultrapassou pela primeira vez a marca de um milh\u00e3o. O cont\u00eainer comemorativo vem da China e cont\u00e9m pe\u00e7as de m\u00e1quinas para a ind\u00fastria agr\u00edcola. Foi transportado a pedido da Gebr\u00fcder Weiss pela companhia de navega\u00e7\u00e3o Hapag-Lloyd. As tr\u00eas empresas mant\u00eam uma parceria estreita e de confian\u00e7a h\u00e1 muitos anos.<\/h5>\n<p class=\"x_elementToProof\">Holger Bomm, diretor-geral do Terminal de Cont\u00eaineres EUROGATE de Wilhelmshaven, disse por ocasi\u00e3o do jubileu: &#8220;Estamos felizes e tamb\u00e9m muito orgulhosos por termos ultrapassado a marca de um milh\u00e3o. Gra\u00e7as \u00e0 parceria com a Hapag-Lloyd e nossos outros clientes, o CTW pode finalmente demonstrar toda a sua capacidade de desempenho.&#8221;<\/p>\n<p class=\"x_elementToProof\">O CTW \u00e9 um ponto central de transbordo na rede de transporte global da Gebr\u00fcder Weiss. A partir de Wilhelmshaven, o operador log\u00edstico organiza o transporte de mercadorias do exterior como carga completa ou carga consolidada (LCL) dentro da Alemanha e para a \u00c1ustria, geralmente por via ferrovi\u00e1ria. &#8220;Estamos muito satisfeitos por sermos o cliente do cont\u00eainer comemorativo. Wilhelmshaven \u00e9 de grande import\u00e2ncia para n\u00f3s e nossos clientes devido \u00e0 liga\u00e7\u00e3o direta com o Extremo Oriente, bem como \u00e0 r\u00e1pida libera\u00e7\u00e3o e disponibilidade das mercadorias&#8221;, diz Christian Fr\u00f6lich, gerente da filial da Gebr\u00fcder Weiss em Bremen.<\/p>\n<p>Foto: \u00a9 EUROGATE \/ Bj\u00f6rn L\u00fcbbe<\/p>\n","protected":false},"excerpt":{"rendered":"<p>No dia 18 de setembro, o Terminal de Cont\u00eaineres EUROGATE de Wilhelmshaven (CTW) movimentou o milion\u00e9simo cont\u00eainer de carga mar\u00edtima deste ano. Com isso, o volume<span class=\"excerpt-hellip\"> [\u2026]<\/span><\/p>\n","protected":false},"author":0,"featured_media":4484,"comment_status":"open","ping_status":"open","sticky":false,"template":"","format":"standard","meta":{"_acf_changed":false,"footnotes":""},"categories":[1557,1561,1559],"tags":[],"class_list":["post-70501","post","type-post","status-publish","format-standard","has-post-thumbnail","hentry","category-forwarding-logistics","category-regions","category-shipping-ports"],"acf":[],"yoast_head":"<!-- This site is optimized with the Yoast SEO plugin v27.3 - https:\/\/yoast.com\/product\/yoast-seo-wordpress\/ -->\n<title>Um milh\u00e3o de cont\u00eaineres no Terminal de Cont\u00eaineres de Wilhelmshaven - Loginfo24<\/title>\n<meta name=\"robots\" content=\"index, follow, max-snippet:-1, max-image-preview:large, max-video-preview:-1\" \/>\n<link rel=\"canonical\" href=\"https:\/\/loginfo24.com\/pt-pt\/2025\/09\/19\/um-milhao-de-conteineres-no-terminal-de-conteineres-de-wilhelmshaven\/\" \/>\n<meta property=\"og:locale\" content=\"pt_PT\" \/>\n<meta property=\"og:type\" content=\"article\" \/>\n<meta property=\"og:title\" content=\"Um milh\u00e3o de cont\u00eaineres no Terminal de Cont\u00eaineres de Wilhelmshaven - Loginfo24\" \/>\n<meta property=\"og:description\" content=\"No dia 18 de setembro, o Terminal de Cont\u00eaineres EUROGATE de Wilhelmshaven (CTW) movimentou o milion\u00e9simo cont\u00eainer de carga mar\u00edtima deste ano. Com isso, o volume [\u2026]\" \/>\n<meta property=\"og:url\" content=\"https:\/\/loginfo24.com\/pt-pt\/2025\/09\/19\/um-milhao-de-conteineres-no-terminal-de-conteineres-de-wilhelmshaven\/\" \/>\n<meta property=\"og:site_name\" content=\"Loginfo24\" \/>\n<meta property=\"article:publisher\" content=\"https:\/\/www.facebook.com\/people\/Loginfo24\/100057360583332\/\" \/>\n<meta property=\"article:published_time\" content=\"2025-09-19T17:00:47+00:00\" \/>\n<meta property=\"og:image\" content=\"https:\/\/loginfo24.com\/wp-content\/uploads\/sites\/7\/2025\/12\/Gebr_Weiss_19.9.25.jpg\" \/>\n\t<meta property=\"og:image:width\" content=\"1394\" \/>\n\t<meta property=\"og:image:height\" content=\"746\" \/>\n\t<meta property=\"og:image:type\" content=\"image\/jpeg\" \/>\n<meta name=\"twitter:card\" content=\"summary_large_image\" \/>\n<meta name=\"twitter:label1\" content=\"Tempo estimado de leitura\" \/>\n\t<meta name=\"twitter:data1\" content=\"1 minuto\" \/>\n<script type=\"application\/ld+json\" class=\"yoast-schema-graph\">{\"@context\":\"https:\\\/\\\/schema.org\",\"@graph\":[{\"@type\":\"Article\",\"@id\":\"https:\\\/\\\/loginfo24.com\\\/pt-pt\\\/2025\\\/09\\\/19\\\/um-milhao-de-conteineres-no-terminal-de-conteineres-de-wilhelmshaven\\\/#article\",\"isPartOf\":{\"@id\":\"https:\\\/\\\/loginfo24.com\\\/pt-pt\\\/2025\\\/09\\\/19\\\/um-milhao-de-conteineres-no-terminal-de-conteineres-de-wilhelmshaven\\\/\"},\"author\":{\"name\":\"\",\"@id\":\"\"},\"headline\":\"Um milh\u00e3o de cont\u00eaineres no Terminal de Cont\u00eaineres de Wilhelmshaven\",\"datePublished\":\"2025-09-19T17:00:47+00:00\",\"mainEntityOfPage\":{\"@id\":\"https:\\\/\\\/loginfo24.com\\\/pt-pt\\\/2025\\\/09\\\/19\\\/um-milhao-de-conteineres-no-terminal-de-conteineres-de-wilhelmshaven\\\/\"},\"wordCount\":267,\"commentCount\":0,\"publisher\":{\"@id\":\"https:\\\/\\\/loginfo24.com\\\/pt-pt\\\/#organization\"},\"image\":{\"@id\":\"https:\\\/\\\/loginfo24.com\\\/pt-pt\\\/2025\\\/09\\\/19\\\/um-milhao-de-conteineres-no-terminal-de-conteineres-de-wilhelmshaven\\\/#primaryimage\"},\"thumbnailUrl\":\"https:\\\/\\\/loginfo24.com\\\/wp-content\\\/uploads\\\/sites\\\/7\\\/2025\\\/12\\\/Gebr_Weiss_19.9.25.jpg\",\"articleSection\":[\"Forwarding &amp; Logistics\",\"Regions\",\"Shipping &amp; Ports\"],\"inLanguage\":\"pt-PT\",\"potentialAction\":[{\"@type\":\"CommentAction\",\"name\":\"Comment\",\"target\":[\"https:\\\/\\\/loginfo24.com\\\/pt-pt\\\/2025\\\/09\\\/19\\\/um-milhao-de-conteineres-no-terminal-de-conteineres-de-wilhelmshaven\\\/#respond\"]}]},{\"@type\":\"WebPage\",\"@id\":\"https:\\\/\\\/loginfo24.com\\\/pt-pt\\\/2025\\\/09\\\/19\\\/um-milhao-de-conteineres-no-terminal-de-conteineres-de-wilhelmshaven\\\/\",\"url\":\"https:\\\/\\\/loginfo24.com\\\/pt-pt\\\/2025\\\/09\\\/19\\\/um-milhao-de-conteineres-no-terminal-de-conteineres-de-wilhelmshaven\\\/\",\"name\":\"Um milh\u00e3o de cont\u00eaineres no Terminal de Cont\u00eaineres de Wilhelmshaven - Loginfo24\",\"isPartOf\":{\"@id\":\"https:\\\/\\\/loginfo24.com\\\/pt-pt\\\/#website\"},\"primaryImageOfPage\":{\"@id\":\"https:\\\/\\\/loginfo24.com\\\/pt-pt\\\/2025\\\/09\\\/19\\\/um-milhao-de-conteineres-no-terminal-de-conteineres-de-wilhelmshaven\\\/#primaryimage\"},\"image\":{\"@id\":\"https:\\\/\\\/loginfo24.com\\\/pt-pt\\\/2025\\\/09\\\/19\\\/um-milhao-de-conteineres-no-terminal-de-conteineres-de-wilhelmshaven\\\/#primaryimage\"},\"thumbnailUrl\":\"https:\\\/\\\/loginfo24.com\\\/wp-content\\\/uploads\\\/sites\\\/7\\\/2025\\\/12\\\/Gebr_Weiss_19.9.25.jpg\",\"datePublished\":\"2025-09-19T17:00:47+00:00\",\"breadcrumb\":{\"@id\":\"https:\\\/\\\/loginfo24.com\\\/pt-pt\\\/2025\\\/09\\\/19\\\/um-milhao-de-conteineres-no-terminal-de-conteineres-de-wilhelmshaven\\\/#breadcrumb\"},\"inLanguage\":\"pt-PT\",\"potentialAction\":[{\"@type\":\"ReadAction\",\"target\":[\"https:\\\/\\\/loginfo24.com\\\/pt-pt\\\/2025\\\/09\\\/19\\\/um-milhao-de-conteineres-no-terminal-de-conteineres-de-wilhelmshaven\\\/\"]}]},{\"@type\":\"ImageObject\",\"inLanguage\":\"pt-PT\",\"@id\":\"https:\\\/\\\/loginfo24.com\\\/pt-pt\\\/2025\\\/09\\\/19\\\/um-milhao-de-conteineres-no-terminal-de-conteineres-de-wilhelmshaven\\\/#primaryimage\",\"url\":\"https:\\\/\\\/loginfo24.com\\\/wp-content\\\/uploads\\\/sites\\\/7\\\/2025\\\/12\\\/Gebr_Weiss_19.9.25.jpg\",\"contentUrl\":\"https:\\\/\\\/loginfo24.com\\\/wp-content\\\/uploads\\\/sites\\\/7\\\/2025\\\/12\\\/Gebr_Weiss_19.9.25.jpg\",\"width\":1394,\"height\":746},{\"@type\":\"BreadcrumbList\",\"@id\":\"https:\\\/\\\/loginfo24.com\\\/pt-pt\\\/2025\\\/09\\\/19\\\/um-milhao-de-conteineres-no-terminal-de-conteineres-de-wilhelmshaven\\\/#breadcrumb\",\"itemListElement\":[{\"@type\":\"ListItem\",\"position\":1,\"name\":\"Startseite\",\"item\":\"https:\\\/\\\/loginfo24.com\\\/pt-pt\\\/\"},{\"@type\":\"ListItem\",\"position\":2,\"name\":\"Um milh\u00e3o de cont\u00eaineres no Terminal de Cont\u00eaineres de Wilhelmshaven\"}]},{\"@type\":\"WebSite\",\"@id\":\"https:\\\/\\\/loginfo24.com\\\/pt-pt\\\/#website\",\"url\":\"https:\\\/\\\/loginfo24.com\\\/pt-pt\\\/\",\"name\":\"Loginfo24\",\"description\":\"Loginfo24 \u00e9 a plataforma dedicada \u00e0 log\u00edstica e \u00e0s cadeias de abastecimento, com informa\u00e7\u00f5es dispon\u00edveis 24 horas por dia.\",\"publisher\":{\"@id\":\"https:\\\/\\\/loginfo24.com\\\/pt-pt\\\/#organization\"},\"potentialAction\":[{\"@type\":\"SearchAction\",\"target\":{\"@type\":\"EntryPoint\",\"urlTemplate\":\"https:\\\/\\\/loginfo24.com\\\/pt-pt\\\/?s={search_term_string}\"},\"query-input\":{\"@type\":\"PropertyValueSpecification\",\"valueRequired\":true,\"valueName\":\"search_term_string\"}}],\"inLanguage\":\"pt-PT\"},{\"@type\":\"Organization\",\"@id\":\"https:\\\/\\\/loginfo24.com\\\/pt-pt\\\/#organization\",\"name\":\"Logismedia Group AG\",\"url\":\"https:\\\/\\\/loginfo24.com\\\/pt-pt\\\/\",\"logo\":{\"@type\":\"ImageObject\",\"inLanguage\":\"pt-PT\",\"@id\":\"https:\\\/\\\/loginfo24.com\\\/pt-pt\\\/#\\\/schema\\\/logo\\\/image\\\/\",\"url\":\"https:\\\/\\\/loginfo24.com\\\/wp-content\\\/uploads\\\/sites\\\/7\\\/2026\\\/01\\\/Logo_LogInfo24.png\",\"contentUrl\":\"https:\\\/\\\/loginfo24.com\\\/wp-content\\\/uploads\\\/sites\\\/7\\\/2026\\\/01\\\/Logo_LogInfo24.png\",\"width\":938,\"height\":351,\"caption\":\"Logismedia Group AG\"},\"image\":{\"@id\":\"https:\\\/\\\/loginfo24.com\\\/pt-pt\\\/#\\\/schema\\\/logo\\\/image\\\/\"},\"sameAs\":[\"https:\\\/\\\/www.facebook.com\\\/people\\\/Loginfo24\\\/100057360583332\\\/\",\"https:\\\/\\\/www.linkedin.com\\\/company\\\/lofinfo24\\\/\"]}]}<\/script>\n<!-- \/ Yoast SEO plugin. -->","yoast_head_json":{"title":"Um milh\u00e3o de cont\u00eaineres no Terminal de Cont\u00eaineres de Wilhelmshaven - Loginfo24","robots":{"index":"index","follow":"follow","max-snippet":"max-snippet:-1","max-image-preview":"max-image-preview:large","max-video-preview":"max-video-preview:-1"},"canonical":"https:\/\/loginfo24.com\/pt-pt\/2025\/09\/19\/um-milhao-de-conteineres-no-terminal-de-conteineres-de-wilhelmshaven\/","og_locale":"pt_PT","og_type":"article","og_title":"Um milh\u00e3o de cont\u00eaineres no Terminal de Cont\u00eaineres de Wilhelmshaven - Loginfo24","og_description":"No dia 18 de setembro, o Terminal de Cont\u00eaineres EUROGATE de Wilhelmshaven (CTW) movimentou o milion\u00e9simo cont\u00eainer de carga mar\u00edtima deste ano. Com isso, o volume [\u2026]","og_url":"https:\/\/loginfo24.com\/pt-pt\/2025\/09\/19\/um-milhao-de-conteineres-no-terminal-de-conteineres-de-wilhelmshaven\/","og_site_name":"Loginfo24","article_publisher":"https:\/\/www.facebook.com\/people\/Loginfo24\/100057360583332\/","article_published_time":"2025-09-19T17:00:47+00:00","og_image":[{"width":1394,"height":746,"url":"https:\/\/loginfo24.com\/wp-content\/uploads\/sites\/7\/2025\/12\/Gebr_Weiss_19.9.25.jpg","type":"image\/jpeg"}],"twitter_card":"summary_large_image","twitter_misc":{"Tempo estimado de leitura":"1 minuto"},"schema":{"@context":"https:\/\/schema.org","@graph":[{"@type":"Article","@id":"https:\/\/loginfo24.com\/pt-pt\/2025\/09\/19\/um-milhao-de-conteineres-no-terminal-de-conteineres-de-wilhelmshaven\/#article","isPartOf":{"@id":"https:\/\/loginfo24.com\/pt-pt\/2025\/09\/19\/um-milhao-de-conteineres-no-terminal-de-conteineres-de-wilhelmshaven\/"},"author":{"name":"","@id":""},"headline":"Um milh\u00e3o de cont\u00eaineres no Terminal de Cont\u00eaineres de Wilhelmshaven","datePublished":"2025-09-19T17:00:47+00:00","mainEntityOfPage":{"@id":"https:\/\/loginfo24.com\/pt-pt\/2025\/09\/19\/um-milhao-de-conteineres-no-terminal-de-conteineres-de-wilhelmshaven\/"},"wordCount":267,"commentCount":0,"publisher":{"@id":"https:\/\/loginfo24.com\/pt-pt\/#organization"},"image":{"@id":"https:\/\/loginfo24.com\/pt-pt\/2025\/09\/19\/um-milhao-de-conteineres-no-terminal-de-conteineres-de-wilhelmshaven\/#primaryimage"},"thumbnailUrl":"https:\/\/loginfo24.com\/wp-content\/uploads\/sites\/7\/2025\/12\/Gebr_Weiss_19.9.25.jpg","articleSection":["Forwarding &amp; Logistics","Regions","Shipping &amp; Ports"],"inLanguage":"pt-PT","potentialAction":[{"@type":"CommentAction","name":"Comment","target":["https:\/\/loginfo24.com\/pt-pt\/2025\/09\/19\/um-milhao-de-conteineres-no-terminal-de-conteineres-de-wilhelmshaven\/#respond"]}]},{"@type":"WebPage","@id":"https:\/\/loginfo24.com\/pt-pt\/2025\/09\/19\/um-milhao-de-conteineres-no-terminal-de-conteineres-de-wilhelmshaven\/","url":"https:\/\/loginfo24.com\/pt-pt\/2025\/09\/19\/um-milhao-de-conteineres-no-terminal-de-conteineres-de-wilhelmshaven\/","name":"Um milh\u00e3o de cont\u00eaineres no Terminal de Cont\u00eaineres de Wilhelmshaven - Loginfo24","isPartOf":{"@id":"https:\/\/loginfo24.com\/pt-pt\/#website"},"primaryImageOfPage":{"@id":"https:\/\/loginfo24.com\/pt-pt\/2025\/09\/19\/um-milhao-de-conteineres-no-terminal-de-conteineres-de-wilhelmshaven\/#primaryimage"},"image":{"@id":"https:\/\/loginfo24.com\/pt-pt\/2025\/09\/19\/um-milhao-de-conteineres-no-terminal-de-conteineres-de-wilhelmshaven\/#primaryimage"},"thumbnailUrl":"https:\/\/loginfo24.com\/wp-content\/uploads\/sites\/7\/2025\/12\/Gebr_Weiss_19.9.25.jpg","datePublished":"2025-09-19T17:00:47+00:00","breadcrumb":{"@id":"https:\/\/loginfo24.com\/pt-pt\/2025\/09\/19\/um-milhao-de-conteineres-no-terminal-de-conteineres-de-wilhelmshaven\/#breadcrumb"},"inLanguage":"pt-PT","potentialAction":[{"@type":"ReadAction","target":["https:\/\/loginfo24.com\/pt-pt\/2025\/09\/19\/um-milhao-de-conteineres-no-terminal-de-conteineres-de-wilhelmshaven\/"]}]},{"@type":"ImageObject","inLanguage":"pt-PT","@id":"https:\/\/loginfo24.com\/pt-pt\/2025\/09\/19\/um-milhao-de-conteineres-no-terminal-de-conteineres-de-wilhelmshaven\/#primaryimage","url":"https:\/\/loginfo24.com\/wp-content\/uploads\/sites\/7\/2025\/12\/Gebr_Weiss_19.9.25.jpg","contentUrl":"https:\/\/loginfo24.com\/wp-content\/uploads\/sites\/7\/2025\/12\/Gebr_Weiss_19.9.25.jpg","width":1394,"height":746},{"@type":"BreadcrumbList","@id":"https:\/\/loginfo24.com\/pt-pt\/2025\/09\/19\/um-milhao-de-conteineres-no-terminal-de-conteineres-de-wilhelmshaven\/#breadcrumb","itemListElement":[{"@type":"ListItem","position":1,"name":"Startseite","item":"https:\/\/loginfo24.com\/pt-pt\/"},{"@type":"ListItem","position":2,"name":"Um milh\u00e3o de cont\u00eaineres no Terminal de Cont\u00eaineres de Wilhelmshaven"}]},{"@type":"WebSite","@id":"https:\/\/loginfo24.com\/pt-pt\/#website","url":"https:\/\/loginfo24.com\/pt-pt\/","name":"Loginfo24","description":"Loginfo24 \u00e9 a plataforma dedicada \u00e0 log\u00edstica e \u00e0s cadeias de abastecimento, com informa\u00e7\u00f5es dispon\u00edveis 24 horas por dia.","publisher":{"@id":"https:\/\/loginfo24.com\/pt-pt\/#organization"},"potentialAction":[{"@type":"SearchAction","target":{"@type":"EntryPoint","urlTemplate":"https:\/\/loginfo24.com\/pt-pt\/?s={search_term_string}"},"query-input":{"@type":"PropertyValueSpecification","valueRequired":true,"valueName":"search_term_string"}}],"inLanguage":"pt-PT"},{"@type":"Organization","@id":"https:\/\/loginfo24.com\/pt-pt\/#organization","name":"Logismedia Group AG","url":"https:\/\/loginfo24.com\/pt-pt\/","logo":{"@type":"ImageObject","inLanguage":"pt-PT","@id":"https:\/\/loginfo24.com\/pt-pt\/#\/schema\/logo\/image\/","url":"https:\/\/loginfo24.com\/wp-content\/uploads\/sites\/7\/2026\/01\/Logo_LogInfo24.png","contentUrl":"https:\/\/loginfo24.com\/wp-content\/uploads\/sites\/7\/2026\/01\/Logo_LogInfo24.png","width":938,"height":351,"caption":"Logismedia Group AG"},"image":{"@id":"https:\/\/loginfo24.com\/pt-pt\/#\/schema\/logo\/image\/"},"sameAs":["https:\/\/www.facebook.com\/people\/Loginfo24\/100057360583332\/","https:\/\/www.linkedin.com\/company\/lofinfo24\/"]}]}},"_links":{"self":[{"href":"https:\/\/loginfo24.com\/pt-pt\/wp-json\/wp\/v2\/posts\/70501","targetHints":{"allow":["GET"]}}],"collection":[{"href":"https:\/\/loginfo24.com\/pt-pt\/wp-json\/wp\/v2\/posts"}],"about":[{"href":"https:\/\/loginfo24.com\/pt-pt\/wp-json\/wp\/v2\/types\/post"}],"replies":[{"embeddable":true,"href":"https:\/\/loginfo24.com\/pt-pt\/wp-json\/wp\/v2\/comments?post=70501"}],"version-history":[{"count":0,"href":"https:\/\/loginfo24.com\/pt-pt\/wp-json\/wp\/v2\/posts\/70501\/revisions"}],"wp:featuredmedia":[{"embeddable":true,"href":"https:\/\/loginfo24.com\/pt-pt\/wp-json\/wp\/v2\/media\/4484"}],"wp:attachment":[{"href":"https:\/\/loginfo24.com\/pt-pt\/wp-json\/wp\/v2\/media?parent=70501"}],"wp:term":[{"taxonomy":"category","embeddable":true,"href":"https:\/\/loginfo24.com\/pt-pt\/wp-json\/wp\/v2\/categories?post=70501"},{"taxonomy":"post_tag","embeddable":true,"href":"https:\/\/loginfo24.com\/pt-pt\/wp-json\/wp\/v2\/tags?post=70501"}],"curies":[{"name":"wp","href":"https:\/\/api.w.org\/{rel}","templated":true}]}}