{"id":70364,"date":"2025-09-04T15:44:26","date_gmt":"2025-09-04T13:44:26","guid":{"rendered":"https:\/\/blog.brand-architecture.at\/2025\/09\/04\/fryte-apresenta-reserva-automatizada-para-pontos-de-carregamento\/"},"modified":"2025-09-04T15:44:26","modified_gmt":"2025-09-04T13:44:26","slug":"fryte-apresenta-reserva-automatizada-para-pontos-de-carregamento","status":"publish","type":"post","link":"https:\/\/loginfo24.com\/pt-pt\/2025\/09\/04\/fryte-apresenta-reserva-automatizada-para-pontos-de-carregamento\/","title":{"rendered":"Fryte apresenta reserva automatizada para pontos de carregamento"},"content":{"rendered":"<h5><strong>Juntamente com seus parceiros Bosch Road Services e Hubject, a startup de Munique FRYTE Mobility apresentou na <\/strong><strong>atual Confer\u00eancia Intercharge Network (icnc25) um <\/strong><strong>marco decisivo para o transporte rodovi\u00e1rio de mercadorias eletrificadas: o primeiro processo de reserva totalmente automatizado de um <\/strong><strong>ponto de carregamento para caminh\u00f5es el\u00e9tricos segundo o padr\u00e3o OCPI \u2013 diretamente a partir de um <\/strong><strong>planejamento de rotas.<\/strong><\/h5>\n<p>(Munique\/Berlim) Com a solu\u00e7\u00e3o apresentada, a FRYTE Mobility estabelece a base para uma eletrifica\u00e7\u00e3o planej\u00e1vel e confi\u00e1vel da log\u00edstica. Enquanto a infraestrutura de carregamento at\u00e9 agora estava principalmente voltada para o transporte de passageiros, o transporte rodovi\u00e1rio de mercadorias apresenta requisitos significativamente mais altos: maiores quantidades de energia, processos de carregamento mais potentes e condi\u00e7\u00f5es rigorosas devido \u00e0 press\u00e3o do tempo, janelas de entrega apertadas e tempos de dire\u00e7\u00e3o legais.<\/p>\n<p>Para operadores de frotas e empresas de transporte, a possibilidade de reservar processos de carregamento com anteced\u00eancia significa que caminh\u00f5es el\u00e9tricos podem ser planejados de forma confi\u00e1vel em cronogramas apertados. Ao mesmo tempo, os operadores de infraestrutura de carregamento \u2013 tanto no setor p\u00fablico quanto no carregamento em dep\u00f3sitos \u2013 se beneficiam de um melhor controle da utiliza\u00e7\u00e3o de seus pontos de carregamento. A fun\u00e7\u00e3o de reserva, portanto, n\u00e3o apenas impacta positivamente os processos operacionais, mas tamb\u00e9m abre novos temas futuros, como o compartilhamento de pontos de carregamento &#8220;privados&#8221; em dep\u00f3sitos, para construir redes de carregamento individuais.<\/p>\n<h5><strong>A funcionalidade de reserva deve ser apoiada por todos os sistemas no futuro<\/strong><\/h5>\n<p>A introdu\u00e7\u00e3o de fun\u00e7\u00f5es de reserva imp\u00f5e altas exig\u00eancias \u00e0 integra\u00e7\u00e3o e interoperabilidade. Para que os caminh\u00f5es el\u00e9tricos possam ser integrados de forma confi\u00e1vel nas opera\u00e7\u00f5es, o planejamento de rotas e de carregamento, sistemas de gerenciamento de transporte (TMS), sistemas de gerenciamento de energia (EMS) e sistemas de gerenciamento de pontos de carregamento (CPMS) devem funcionar perfeitamente juntos. Uma condi\u00e7\u00e3o pr\u00e9via para isso \u00e9 a capacidade de di\u00e1logo entre TMS e CPMS, sendo que a comunica\u00e7\u00e3o no CPMS ocorre atrav\u00e9s do novo padr\u00e3o OCPI 2.3. Para os operadores de infraestrutura de carregamento, tamb\u00e9m existe o desafio de vincular de forma inteligente o gerenciamento de calend\u00e1rio e o gerenciamento de energia. Apenas por meio dessa colabora\u00e7\u00e3o estreita \u00e9 poss\u00edvel garantir com precis\u00e3o a demanda de energia e escalar de forma sustent\u00e1vel o uso de caminh\u00f5es el\u00e9tricos. A base para essa colabora\u00e7\u00e3o \u00e9 o ecossistema modular em nuvem da FRYTE, que re\u00fane componentes centrais como calend\u00e1rio, planejamento de rotas, comunica\u00e7\u00e3o, reserva e monitoramento \u2013 tanto para operadores de infraestrutura de carregamento (CPOs) quanto para operadores de frotas e log\u00edsticos (EMPs). A FRYTE \u00e9 o primeiro ator a implementar essa interoperabilidade de forma consistente segundo o padr\u00e3o OCPI.<\/p>\n<p>No processo de reserva demonstrado na icnc25, a Hubject assumiu o papel de Roaming Hub e a Bosch Road Services atuou como Provedor de Servi\u00e7o de Reserva para CPOs, enquanto a FRYTE forneceu o m\u00f3dulo de integra\u00e7\u00e3o para a conex\u00e3o dos sistemas TMS dos EMPs. Para as exig\u00eancias espec\u00edficas da log\u00edstica, a FRYTE tamb\u00e9m p\u00f4de contar com parcerias com JUNA e Fiege Logistik: a Fiege Logistik assumiu a perspectiva de um CPO privado como operador de pontos de carregamento e dep\u00f3sitos, enquanto a JUNA, como fornecedor de E-Truck de servi\u00e7o completo e especialista em E-Log\u00edstica, contribuiu com seu conhecimento pr\u00e1tico.<\/p>\n<h5>A reserva de pontos de carregamento resolve dois desafios centrais<\/h5>\n<p>Maximilian Z\u00e4hringer, CEO da FRYTE, explica: &#8220;A reserva de pontos de carregamento resolve dois desafios centrais. Se implementada corretamente, proporciona seguran\u00e7a na opera\u00e7\u00e3o dos caminh\u00f5es el\u00e9tricos para os operadores de frotas e, por outro lado, uma utiliza\u00e7\u00e3o segura e conhecida da infraestrutura de carregamento para os operadores. A interoperabilidade \u00e9 crucial para permitir a reserva automatizada diretamente do gerenciamento de transporte.&#8221;<\/p>\n<p>Hartmut Entrup, Diretor de Solu\u00e7\u00f5es de Energia da FIEGE Logistik, confirma essa avalia\u00e7\u00e3o: &#8220;Estamos transformando todos os locais relevantes da Fiege Logistik em ecossistemas de energia. Portanto, a otimiza\u00e7\u00e3o dos fluxos e custos de energia \u00e9 uma das nossas tarefas mais importantes. Saber quando nossos caminh\u00f5es e os das empresas subcontratadas carregam nos locais \u00e9 crucial. Um processo de reserva digitalizado, portanto, fornece as informa\u00e7\u00f5es relevantes para nossa otimiza\u00e7\u00e3o e d\u00e1 aos nossos parceiros a seguran\u00e7a de que podem recarregar seus caminh\u00f5es el\u00e9tricos em nossos dep\u00f3sitos.&#8221;<\/p>\n<h5>Passo l\u00f3gico e importante a seguir<\/h5>\n<p>Thomas Ertel, CTO da JUNA Technologies, acrescenta: &#8220;J\u00e1 estamos trabalhando hoje com a FRYTE no planejamento de paradas de carregamento e dados de POI atrav\u00e9s de interfaces diretas. A possibilidade de reserva direta a partir de nossos sistemas atrav\u00e9s dessas interfaces \u00e9 o pr\u00f3ximo passo l\u00f3gico e importante.&#8221;<\/p>\n<p>Foto: \u00a9 Hubject<\/p>\n","protected":false},"excerpt":{"rendered":"<p>Juntamente com seus parceiros Bosch Road Services e Hubject, a startup de Munique FRYTE Mobility apresentou na atual Confer\u00eancia Intercharge Network (icnc25) um marco decisivo para<span class=\"excerpt-hellip\"> [\u2026]<\/span><\/p>\n","protected":false},"author":0,"featured_media":4532,"comment_status":"open","ping_status":"open","sticky":false,"template":"","format":"standard","meta":{"_acf_changed":false,"footnotes":""},"categories":[1557,1556,1561],"tags":[],"class_list":["post-70364","post","type-post","status-publish","format-standard","has-post-thumbnail","hentry","category-forwarding-logistics","category-intermodal-road","category-regions"],"acf":[],"yoast_head":"<!-- This site is optimized with the Yoast SEO plugin v27.3 - https:\/\/yoast.com\/product\/yoast-seo-wordpress\/ -->\n<title>Fryte apresenta reserva automatizada para pontos de carregamento - Loginfo24<\/title>\n<meta name=\"robots\" content=\"index, follow, max-snippet:-1, max-image-preview:large, max-video-preview:-1\" \/>\n<link rel=\"canonical\" href=\"https:\/\/loginfo24.com\/pt-pt\/2025\/09\/04\/fryte-apresenta-reserva-automatizada-para-pontos-de-carregamento\/\" \/>\n<meta property=\"og:locale\" content=\"pt_PT\" \/>\n<meta property=\"og:type\" content=\"article\" \/>\n<meta property=\"og:title\" content=\"Fryte apresenta reserva automatizada para pontos de carregamento - Loginfo24\" \/>\n<meta property=\"og:description\" content=\"Juntamente com seus parceiros Bosch Road Services e Hubject, a startup de Munique FRYTE Mobility apresentou na atual Confer\u00eancia Intercharge Network (icnc25) um marco decisivo para [\u2026]\" \/>\n<meta property=\"og:url\" content=\"https:\/\/loginfo24.com\/pt-pt\/2025\/09\/04\/fryte-apresenta-reserva-automatizada-para-pontos-de-carregamento\/\" \/>\n<meta property=\"og:site_name\" content=\"Loginfo24\" \/>\n<meta property=\"article:publisher\" content=\"https:\/\/www.facebook.com\/people\/Loginfo24\/100057360583332\/\" \/>\n<meta property=\"article:published_time\" content=\"2025-09-04T13:44:26+00:00\" \/>\n<meta property=\"og:image\" content=\"https:\/\/loginfo24.com\/wp-content\/uploads\/sites\/7\/2025\/12\/Fryte_4.9.25.jpg\" \/>\n\t<meta property=\"og:image:width\" content=\"1356\" \/>\n\t<meta property=\"og:image:height\" content=\"876\" \/>\n\t<meta property=\"og:image:type\" content=\"image\/jpeg\" \/>\n<meta name=\"twitter:card\" content=\"summary_large_image\" \/>\n<meta name=\"twitter:label1\" content=\"Tempo estimado de leitura\" \/>\n\t<meta name=\"twitter:data1\" content=\"4 minutos\" \/>\n<script type=\"application\/ld+json\" class=\"yoast-schema-graph\">{\"@context\":\"https:\\\/\\\/schema.org\",\"@graph\":[{\"@type\":\"Article\",\"@id\":\"https:\\\/\\\/loginfo24.com\\\/pt-pt\\\/2025\\\/09\\\/04\\\/fryte-apresenta-reserva-automatizada-para-pontos-de-carregamento\\\/#article\",\"isPartOf\":{\"@id\":\"https:\\\/\\\/loginfo24.com\\\/pt-pt\\\/2025\\\/09\\\/04\\\/fryte-apresenta-reserva-automatizada-para-pontos-de-carregamento\\\/\"},\"author\":{\"name\":\"\",\"@id\":\"\"},\"headline\":\"Fryte apresenta reserva automatizada para pontos de carregamento\",\"datePublished\":\"2025-09-04T13:44:26+00:00\",\"mainEntityOfPage\":{\"@id\":\"https:\\\/\\\/loginfo24.com\\\/pt-pt\\\/2025\\\/09\\\/04\\\/fryte-apresenta-reserva-automatizada-para-pontos-de-carregamento\\\/\"},\"wordCount\":830,\"commentCount\":0,\"publisher\":{\"@id\":\"https:\\\/\\\/loginfo24.com\\\/pt-pt\\\/#organization\"},\"image\":{\"@id\":\"https:\\\/\\\/loginfo24.com\\\/pt-pt\\\/2025\\\/09\\\/04\\\/fryte-apresenta-reserva-automatizada-para-pontos-de-carregamento\\\/#primaryimage\"},\"thumbnailUrl\":\"https:\\\/\\\/loginfo24.com\\\/wp-content\\\/uploads\\\/sites\\\/7\\\/2025\\\/12\\\/Fryte_4.9.25.jpg\",\"articleSection\":[\"Forwarding &amp; Logistics\",\"Intermodal \\\/ Road\",\"Regions\"],\"inLanguage\":\"pt-PT\",\"potentialAction\":[{\"@type\":\"CommentAction\",\"name\":\"Comment\",\"target\":[\"https:\\\/\\\/loginfo24.com\\\/pt-pt\\\/2025\\\/09\\\/04\\\/fryte-apresenta-reserva-automatizada-para-pontos-de-carregamento\\\/#respond\"]}]},{\"@type\":\"WebPage\",\"@id\":\"https:\\\/\\\/loginfo24.com\\\/pt-pt\\\/2025\\\/09\\\/04\\\/fryte-apresenta-reserva-automatizada-para-pontos-de-carregamento\\\/\",\"url\":\"https:\\\/\\\/loginfo24.com\\\/pt-pt\\\/2025\\\/09\\\/04\\\/fryte-apresenta-reserva-automatizada-para-pontos-de-carregamento\\\/\",\"name\":\"Fryte apresenta reserva automatizada para pontos de carregamento - Loginfo24\",\"isPartOf\":{\"@id\":\"https:\\\/\\\/loginfo24.com\\\/pt-pt\\\/#website\"},\"primaryImageOfPage\":{\"@id\":\"https:\\\/\\\/loginfo24.com\\\/pt-pt\\\/2025\\\/09\\\/04\\\/fryte-apresenta-reserva-automatizada-para-pontos-de-carregamento\\\/#primaryimage\"},\"image\":{\"@id\":\"https:\\\/\\\/loginfo24.com\\\/pt-pt\\\/2025\\\/09\\\/04\\\/fryte-apresenta-reserva-automatizada-para-pontos-de-carregamento\\\/#primaryimage\"},\"thumbnailUrl\":\"https:\\\/\\\/loginfo24.com\\\/wp-content\\\/uploads\\\/sites\\\/7\\\/2025\\\/12\\\/Fryte_4.9.25.jpg\",\"datePublished\":\"2025-09-04T13:44:26+00:00\",\"breadcrumb\":{\"@id\":\"https:\\\/\\\/loginfo24.com\\\/pt-pt\\\/2025\\\/09\\\/04\\\/fryte-apresenta-reserva-automatizada-para-pontos-de-carregamento\\\/#breadcrumb\"},\"inLanguage\":\"pt-PT\",\"potentialAction\":[{\"@type\":\"ReadAction\",\"target\":[\"https:\\\/\\\/loginfo24.com\\\/pt-pt\\\/2025\\\/09\\\/04\\\/fryte-apresenta-reserva-automatizada-para-pontos-de-carregamento\\\/\"]}]},{\"@type\":\"ImageObject\",\"inLanguage\":\"pt-PT\",\"@id\":\"https:\\\/\\\/loginfo24.com\\\/pt-pt\\\/2025\\\/09\\\/04\\\/fryte-apresenta-reserva-automatizada-para-pontos-de-carregamento\\\/#primaryimage\",\"url\":\"https:\\\/\\\/loginfo24.com\\\/wp-content\\\/uploads\\\/sites\\\/7\\\/2025\\\/12\\\/Fryte_4.9.25.jpg\",\"contentUrl\":\"https:\\\/\\\/loginfo24.com\\\/wp-content\\\/uploads\\\/sites\\\/7\\\/2025\\\/12\\\/Fryte_4.9.25.jpg\",\"width\":1356,\"height\":876},{\"@type\":\"BreadcrumbList\",\"@id\":\"https:\\\/\\\/loginfo24.com\\\/pt-pt\\\/2025\\\/09\\\/04\\\/fryte-apresenta-reserva-automatizada-para-pontos-de-carregamento\\\/#breadcrumb\",\"itemListElement\":[{\"@type\":\"ListItem\",\"position\":1,\"name\":\"Startseite\",\"item\":\"https:\\\/\\\/loginfo24.com\\\/pt-pt\\\/\"},{\"@type\":\"ListItem\",\"position\":2,\"name\":\"Fryte apresenta reserva automatizada para pontos de carregamento\"}]},{\"@type\":\"WebSite\",\"@id\":\"https:\\\/\\\/loginfo24.com\\\/pt-pt\\\/#website\",\"url\":\"https:\\\/\\\/loginfo24.com\\\/pt-pt\\\/\",\"name\":\"Loginfo24\",\"description\":\"Loginfo24 \u00e9 a plataforma dedicada \u00e0 log\u00edstica e \u00e0s cadeias de abastecimento, com informa\u00e7\u00f5es dispon\u00edveis 24 horas por dia.\",\"publisher\":{\"@id\":\"https:\\\/\\\/loginfo24.com\\\/pt-pt\\\/#organization\"},\"potentialAction\":[{\"@type\":\"SearchAction\",\"target\":{\"@type\":\"EntryPoint\",\"urlTemplate\":\"https:\\\/\\\/loginfo24.com\\\/pt-pt\\\/?s={search_term_string}\"},\"query-input\":{\"@type\":\"PropertyValueSpecification\",\"valueRequired\":true,\"valueName\":\"search_term_string\"}}],\"inLanguage\":\"pt-PT\"},{\"@type\":\"Organization\",\"@id\":\"https:\\\/\\\/loginfo24.com\\\/pt-pt\\\/#organization\",\"name\":\"Logismedia Group AG\",\"url\":\"https:\\\/\\\/loginfo24.com\\\/pt-pt\\\/\",\"logo\":{\"@type\":\"ImageObject\",\"inLanguage\":\"pt-PT\",\"@id\":\"https:\\\/\\\/loginfo24.com\\\/pt-pt\\\/#\\\/schema\\\/logo\\\/image\\\/\",\"url\":\"https:\\\/\\\/loginfo24.com\\\/wp-content\\\/uploads\\\/sites\\\/7\\\/2026\\\/01\\\/Logo_LogInfo24.png\",\"contentUrl\":\"https:\\\/\\\/loginfo24.com\\\/wp-content\\\/uploads\\\/sites\\\/7\\\/2026\\\/01\\\/Logo_LogInfo24.png\",\"width\":938,\"height\":351,\"caption\":\"Logismedia Group AG\"},\"image\":{\"@id\":\"https:\\\/\\\/loginfo24.com\\\/pt-pt\\\/#\\\/schema\\\/logo\\\/image\\\/\"},\"sameAs\":[\"https:\\\/\\\/www.facebook.com\\\/people\\\/Loginfo24\\\/100057360583332\\\/\",\"https:\\\/\\\/www.linkedin.com\\\/company\\\/lofinfo24\\\/\"]}]}<\/script>\n<!-- \/ Yoast SEO plugin. -->","yoast_head_json":{"title":"Fryte apresenta reserva automatizada para pontos de carregamento - Loginfo24","robots":{"index":"index","follow":"follow","max-snippet":"max-snippet:-1","max-image-preview":"max-image-preview:large","max-video-preview":"max-video-preview:-1"},"canonical":"https:\/\/loginfo24.com\/pt-pt\/2025\/09\/04\/fryte-apresenta-reserva-automatizada-para-pontos-de-carregamento\/","og_locale":"pt_PT","og_type":"article","og_title":"Fryte apresenta reserva automatizada para pontos de carregamento - Loginfo24","og_description":"Juntamente com seus parceiros Bosch Road Services e Hubject, a startup de Munique FRYTE Mobility apresentou na atual Confer\u00eancia Intercharge Network (icnc25) um marco decisivo para [\u2026]","og_url":"https:\/\/loginfo24.com\/pt-pt\/2025\/09\/04\/fryte-apresenta-reserva-automatizada-para-pontos-de-carregamento\/","og_site_name":"Loginfo24","article_publisher":"https:\/\/www.facebook.com\/people\/Loginfo24\/100057360583332\/","article_published_time":"2025-09-04T13:44:26+00:00","og_image":[{"width":1356,"height":876,"url":"https:\/\/loginfo24.com\/wp-content\/uploads\/sites\/7\/2025\/12\/Fryte_4.9.25.jpg","type":"image\/jpeg"}],"twitter_card":"summary_large_image","twitter_misc":{"Tempo estimado de leitura":"4 minutos"},"schema":{"@context":"https:\/\/schema.org","@graph":[{"@type":"Article","@id":"https:\/\/loginfo24.com\/pt-pt\/2025\/09\/04\/fryte-apresenta-reserva-automatizada-para-pontos-de-carregamento\/#article","isPartOf":{"@id":"https:\/\/loginfo24.com\/pt-pt\/2025\/09\/04\/fryte-apresenta-reserva-automatizada-para-pontos-de-carregamento\/"},"author":{"name":"","@id":""},"headline":"Fryte apresenta reserva automatizada para pontos de carregamento","datePublished":"2025-09-04T13:44:26+00:00","mainEntityOfPage":{"@id":"https:\/\/loginfo24.com\/pt-pt\/2025\/09\/04\/fryte-apresenta-reserva-automatizada-para-pontos-de-carregamento\/"},"wordCount":830,"commentCount":0,"publisher":{"@id":"https:\/\/loginfo24.com\/pt-pt\/#organization"},"image":{"@id":"https:\/\/loginfo24.com\/pt-pt\/2025\/09\/04\/fryte-apresenta-reserva-automatizada-para-pontos-de-carregamento\/#primaryimage"},"thumbnailUrl":"https:\/\/loginfo24.com\/wp-content\/uploads\/sites\/7\/2025\/12\/Fryte_4.9.25.jpg","articleSection":["Forwarding &amp; Logistics","Intermodal \/ Road","Regions"],"inLanguage":"pt-PT","potentialAction":[{"@type":"CommentAction","name":"Comment","target":["https:\/\/loginfo24.com\/pt-pt\/2025\/09\/04\/fryte-apresenta-reserva-automatizada-para-pontos-de-carregamento\/#respond"]}]},{"@type":"WebPage","@id":"https:\/\/loginfo24.com\/pt-pt\/2025\/09\/04\/fryte-apresenta-reserva-automatizada-para-pontos-de-carregamento\/","url":"https:\/\/loginfo24.com\/pt-pt\/2025\/09\/04\/fryte-apresenta-reserva-automatizada-para-pontos-de-carregamento\/","name":"Fryte apresenta reserva automatizada para pontos de carregamento - Loginfo24","isPartOf":{"@id":"https:\/\/loginfo24.com\/pt-pt\/#website"},"primaryImageOfPage":{"@id":"https:\/\/loginfo24.com\/pt-pt\/2025\/09\/04\/fryte-apresenta-reserva-automatizada-para-pontos-de-carregamento\/#primaryimage"},"image":{"@id":"https:\/\/loginfo24.com\/pt-pt\/2025\/09\/04\/fryte-apresenta-reserva-automatizada-para-pontos-de-carregamento\/#primaryimage"},"thumbnailUrl":"https:\/\/loginfo24.com\/wp-content\/uploads\/sites\/7\/2025\/12\/Fryte_4.9.25.jpg","datePublished":"2025-09-04T13:44:26+00:00","breadcrumb":{"@id":"https:\/\/loginfo24.com\/pt-pt\/2025\/09\/04\/fryte-apresenta-reserva-automatizada-para-pontos-de-carregamento\/#breadcrumb"},"inLanguage":"pt-PT","potentialAction":[{"@type":"ReadAction","target":["https:\/\/loginfo24.com\/pt-pt\/2025\/09\/04\/fryte-apresenta-reserva-automatizada-para-pontos-de-carregamento\/"]}]},{"@type":"ImageObject","inLanguage":"pt-PT","@id":"https:\/\/loginfo24.com\/pt-pt\/2025\/09\/04\/fryte-apresenta-reserva-automatizada-para-pontos-de-carregamento\/#primaryimage","url":"https:\/\/loginfo24.com\/wp-content\/uploads\/sites\/7\/2025\/12\/Fryte_4.9.25.jpg","contentUrl":"https:\/\/loginfo24.com\/wp-content\/uploads\/sites\/7\/2025\/12\/Fryte_4.9.25.jpg","width":1356,"height":876},{"@type":"BreadcrumbList","@id":"https:\/\/loginfo24.com\/pt-pt\/2025\/09\/04\/fryte-apresenta-reserva-automatizada-para-pontos-de-carregamento\/#breadcrumb","itemListElement":[{"@type":"ListItem","position":1,"name":"Startseite","item":"https:\/\/loginfo24.com\/pt-pt\/"},{"@type":"ListItem","position":2,"name":"Fryte apresenta reserva automatizada para pontos de carregamento"}]},{"@type":"WebSite","@id":"https:\/\/loginfo24.com\/pt-pt\/#website","url":"https:\/\/loginfo24.com\/pt-pt\/","name":"Loginfo24","description":"Loginfo24 \u00e9 a plataforma dedicada \u00e0 log\u00edstica e \u00e0s cadeias de abastecimento, com informa\u00e7\u00f5es dispon\u00edveis 24 horas por dia.","publisher":{"@id":"https:\/\/loginfo24.com\/pt-pt\/#organization"},"potentialAction":[{"@type":"SearchAction","target":{"@type":"EntryPoint","urlTemplate":"https:\/\/loginfo24.com\/pt-pt\/?s={search_term_string}"},"query-input":{"@type":"PropertyValueSpecification","valueRequired":true,"valueName":"search_term_string"}}],"inLanguage":"pt-PT"},{"@type":"Organization","@id":"https:\/\/loginfo24.com\/pt-pt\/#organization","name":"Logismedia Group AG","url":"https:\/\/loginfo24.com\/pt-pt\/","logo":{"@type":"ImageObject","inLanguage":"pt-PT","@id":"https:\/\/loginfo24.com\/pt-pt\/#\/schema\/logo\/image\/","url":"https:\/\/loginfo24.com\/wp-content\/uploads\/sites\/7\/2026\/01\/Logo_LogInfo24.png","contentUrl":"https:\/\/loginfo24.com\/wp-content\/uploads\/sites\/7\/2026\/01\/Logo_LogInfo24.png","width":938,"height":351,"caption":"Logismedia Group AG"},"image":{"@id":"https:\/\/loginfo24.com\/pt-pt\/#\/schema\/logo\/image\/"},"sameAs":["https:\/\/www.facebook.com\/people\/Loginfo24\/100057360583332\/","https:\/\/www.linkedin.com\/company\/lofinfo24\/"]}]}},"_links":{"self":[{"href":"https:\/\/loginfo24.com\/pt-pt\/wp-json\/wp\/v2\/posts\/70364","targetHints":{"allow":["GET"]}}],"collection":[{"href":"https:\/\/loginfo24.com\/pt-pt\/wp-json\/wp\/v2\/posts"}],"about":[{"href":"https:\/\/loginfo24.com\/pt-pt\/wp-json\/wp\/v2\/types\/post"}],"replies":[{"embeddable":true,"href":"https:\/\/loginfo24.com\/pt-pt\/wp-json\/wp\/v2\/comments?post=70364"}],"version-history":[{"count":0,"href":"https:\/\/loginfo24.com\/pt-pt\/wp-json\/wp\/v2\/posts\/70364\/revisions"}],"wp:featuredmedia":[{"embeddable":true,"href":"https:\/\/loginfo24.com\/pt-pt\/wp-json\/wp\/v2\/media\/4532"}],"wp:attachment":[{"href":"https:\/\/loginfo24.com\/pt-pt\/wp-json\/wp\/v2\/media?parent=70364"}],"wp:term":[{"taxonomy":"category","embeddable":true,"href":"https:\/\/loginfo24.com\/pt-pt\/wp-json\/wp\/v2\/categories?post=70364"},{"taxonomy":"post_tag","embeddable":true,"href":"https:\/\/loginfo24.com\/pt-pt\/wp-json\/wp\/v2\/tags?post=70364"}],"curies":[{"name":"wp","href":"https:\/\/api.w.org\/{rel}","templated":true}]}}