{"id":70210,"date":"2025-08-21T19:17:56","date_gmt":"2025-08-21T17:17:56","guid":{"rendered":"https:\/\/blog.brand-architecture.at\/2025\/08\/21\/garbe-industrial-aluga-em-ostholstein-para-a-start-up-de-calcados-dieseo\/"},"modified":"2025-08-21T19:17:56","modified_gmt":"2025-08-21T17:17:56","slug":"garbe-industrial-aluga-em-ostholstein-para-a-start-up-de-calcados-dieseo","status":"publish","type":"post","link":"https:\/\/loginfo24.com\/pt-pt\/2025\/08\/21\/garbe-industrial-aluga-em-ostholstein-para-a-start-up-de-calcados-dieseo\/","title":{"rendered":"Garbe Industrial aluga em Ostholstein para a start-up de cal\u00e7ados Dieseo"},"content":{"rendered":"<h5><strong>A Garbe Industrial alugou uma \u00e1rea log\u00edstica de cerca de 11.600 metros quadrados em Lensahn (distrito de Ostholstein) para a start-up de Kiel, Dieseo. A empresa de e-commerce foca, entre outras coisas, no marketing e na venda de cal\u00e7ados confort\u00e1veis e utilizar\u00e1 a nova localiza\u00e7\u00e3o para o armazenamento e envio de seus artigos de moda.<\/strong><\/h5>\n<p>(Hamburgo\/Lehnsan) Por tr\u00e1s da start-up Dieseo est\u00e1 a marca de cal\u00e7ados &#8220;Pammys&#8221;, conhecida principalmente nas redes sociais, que j\u00e1 conta com mais de 700.000 clientes. &#8220;Nosso armaz\u00e9m em Kiel n\u00e3o \u00e9 mais suficiente. Como continuamos a crescer rapidamente e queremos expandir nossa linha de produtos em um futuro pr\u00f3ximo, precisamos aumentar nossa capacidade&#8221;, diz Fatbardh Pakashtica, CEO da Dieseo: &#8220;Tanto o im\u00f3vel quanto a localiza\u00e7\u00e3o em Lensahn nos convenceram.&#8221;<\/p>\n<p>O centro log\u00edstico, com uma \u00e1rea total de aproximadamente 23.400 metros quadrados, foi conclu\u00eddo no final de 2023 e consiste em duas unidades. Uma delas foi alugada a longo prazo para a Dieseo. A outra metade ainda est\u00e1 dispon\u00edvel e atualmente est\u00e1 em comercializa\u00e7\u00e3o. &#8220;Estamos muito satisfeitos com o contrato de arrendamento ESG fechado com a Dieseo. Com o aluguel de 50% da \u00e1rea, o projeto atinge um marco importante, e o conceito de localiza\u00e7\u00e3o est\u00e1 sendo implementado com sucesso&#8221;, enfatiza Tobias Roloff, gerente de ativos da Garbe Industrial. &#8220;A localiza\u00e7\u00e3o oferece condi\u00e7\u00f5es ideais para empresas que buscam solu\u00e7\u00f5es log\u00edsticas eficientes. Isso tamb\u00e9m se reflete na loca\u00e7\u00e3o at\u00e9 agora.&#8221;<\/p>\n<h5>T\u00fanel Fehrmarnbelt nas proximidades<\/h5>\n<p>Lensahn est\u00e1 localizado a cerca de 50 quil\u00f4metros ao norte de L\u00fcbeck e aproximadamente 80 quil\u00f4metros a leste da capital do estado, Kiel. Nas proximidades do centro log\u00edstico, passa a A 1, que conecta a localiza\u00e7\u00e3o ao norte com a ponte Fehmarnsund e ao sul com Hamburgo e, posteriormente, com Bremen e a regi\u00e3o do Ruhr. A sa\u00edda Lensahn est\u00e1 a cerca de 600 metros de dist\u00e2ncia e \u00e9 acess\u00edvel sem passar pela cidade. Em 2029, o t\u00fanel Fehmarnbelt entre Puttgarden e a ilha dinamarquesa de Lolland dever\u00e1 ser inaugurado. Esta conex\u00e3o subterr\u00e2nea com a Dinamarca reduzir\u00e1 significativamente o tempo de viagem.<\/p>\n<p>&#8220;Todo o hinterland do t\u00fanel se beneficiar\u00e1 disso. Por isso, a Garbe Industrial decidiu-se por esta localiza\u00e7\u00e3o cedo&#8221;, diz Tobias Roloff. A \u00e1rea ainda dispon\u00edvel no novo edif\u00edcio \u00e9, segundo o gerente de ativos, especialmente adequada para servi\u00e7os log\u00edsticos devido ao uso irrestrito 24\/7 e oferece potencial para o com\u00e9rcio internacional com a Escandin\u00e1via.<\/p>\n<h5>De acordo com os mais recentes padr\u00f5es de ouro<\/h5>\n<p>O im\u00f3vel est\u00e1 equipado com 20 docas de carga e seis port\u00f5es seccionais ao n\u00edvel do solo para carga e descarga de caminh\u00f5es. No espa\u00e7o externo, est\u00e3o dispon\u00edveis um total de 44 vagas para autom\u00f3veis. No telhado, foi instalada uma usina fotovoltaica com uma capacidade de 2,9 megawatts pico. O novo edif\u00edcio \u00e9 aquecido por meio de um sistema de bomba de calor, de modo que a propriedade n\u00e3o depende do uso de combust\u00edveis f\u00f3sseis. O im\u00f3vel \u00e9 certificado de acordo com o padr\u00e3o de ouro da Sociedade Alem\u00e3 para Constru\u00e7\u00e3o Sustent\u00e1vel.<\/p>\n<p>Foto: \u00a9 Garbe<\/p>\n","protected":false},"excerpt":{"rendered":"<p>A Garbe Industrial alugou uma \u00e1rea log\u00edstica de cerca de 11.600 metros quadrados em Lensahn (distrito de Ostholstein) para a start-up de Kiel, Dieseo. A empresa<span class=\"excerpt-hellip\"> [\u2026]<\/span><\/p>\n","protected":false},"author":0,"featured_media":4602,"comment_status":"open","ping_status":"open","sticky":false,"template":"","format":"standard","meta":{"_acf_changed":false,"footnotes":""},"categories":[1557,1560,1561],"tags":[],"class_list":["post-70210","post","type-post","status-publish","format-standard","has-post-thumbnail","hentry","category-forwarding-logistics","category-intralogistics","category-regions"],"acf":[],"yoast_head":"<!-- This site is optimized with the Yoast SEO plugin v27.3 - https:\/\/yoast.com\/product\/yoast-seo-wordpress\/ -->\n<title>Garbe Industrial aluga em Ostholstein para a start-up de cal\u00e7ados Dieseo - Loginfo24<\/title>\n<meta name=\"robots\" content=\"index, follow, max-snippet:-1, max-image-preview:large, max-video-preview:-1\" \/>\n<link rel=\"canonical\" href=\"https:\/\/loginfo24.com\/pt-pt\/2025\/08\/21\/garbe-industrial-aluga-em-ostholstein-para-a-start-up-de-calcados-dieseo\/\" \/>\n<meta property=\"og:locale\" content=\"pt_PT\" \/>\n<meta property=\"og:type\" content=\"article\" \/>\n<meta property=\"og:title\" content=\"Garbe Industrial aluga em Ostholstein para a start-up de cal\u00e7ados Dieseo - Loginfo24\" \/>\n<meta property=\"og:description\" content=\"A Garbe Industrial alugou uma \u00e1rea log\u00edstica de cerca de 11.600 metros quadrados em Lensahn (distrito de Ostholstein) para a start-up de Kiel, Dieseo. A empresa [\u2026]\" \/>\n<meta property=\"og:url\" content=\"https:\/\/loginfo24.com\/pt-pt\/2025\/08\/21\/garbe-industrial-aluga-em-ostholstein-para-a-start-up-de-calcados-dieseo\/\" \/>\n<meta property=\"og:site_name\" content=\"Loginfo24\" \/>\n<meta property=\"article:publisher\" content=\"https:\/\/www.facebook.com\/people\/Loginfo24\/100057360583332\/\" \/>\n<meta property=\"article:published_time\" content=\"2025-08-21T17:17:56+00:00\" \/>\n<meta property=\"og:image\" content=\"https:\/\/loginfo24.com\/wp-content\/uploads\/sites\/7\/2025\/12\/Garbe_21.8.25.jpg\" \/>\n\t<meta property=\"og:image:width\" content=\"1341\" \/>\n\t<meta property=\"og:image:height\" content=\"743\" \/>\n\t<meta property=\"og:image:type\" content=\"image\/jpeg\" \/>\n<meta name=\"twitter:card\" content=\"summary_large_image\" \/>\n<meta name=\"twitter:label1\" content=\"Tempo estimado de leitura\" \/>\n\t<meta name=\"twitter:data1\" content=\"3 minutos\" \/>\n<script type=\"application\/ld+json\" class=\"yoast-schema-graph\">{\"@context\":\"https:\\\/\\\/schema.org\",\"@graph\":[{\"@type\":\"Article\",\"@id\":\"https:\\\/\\\/loginfo24.com\\\/pt-pt\\\/2025\\\/08\\\/21\\\/garbe-industrial-aluga-em-ostholstein-para-a-start-up-de-calcados-dieseo\\\/#article\",\"isPartOf\":{\"@id\":\"https:\\\/\\\/loginfo24.com\\\/pt-pt\\\/2025\\\/08\\\/21\\\/garbe-industrial-aluga-em-ostholstein-para-a-start-up-de-calcados-dieseo\\\/\"},\"author\":{\"name\":\"\",\"@id\":\"\"},\"headline\":\"Garbe Industrial aluga em Ostholstein para a start-up de cal\u00e7ados Dieseo\",\"datePublished\":\"2025-08-21T17:17:56+00:00\",\"mainEntityOfPage\":{\"@id\":\"https:\\\/\\\/loginfo24.com\\\/pt-pt\\\/2025\\\/08\\\/21\\\/garbe-industrial-aluga-em-ostholstein-para-a-start-up-de-calcados-dieseo\\\/\"},\"wordCount\":550,\"commentCount\":0,\"publisher\":{\"@id\":\"https:\\\/\\\/loginfo24.com\\\/pt-pt\\\/#organization\"},\"image\":{\"@id\":\"https:\\\/\\\/loginfo24.com\\\/pt-pt\\\/2025\\\/08\\\/21\\\/garbe-industrial-aluga-em-ostholstein-para-a-start-up-de-calcados-dieseo\\\/#primaryimage\"},\"thumbnailUrl\":\"https:\\\/\\\/loginfo24.com\\\/wp-content\\\/uploads\\\/sites\\\/7\\\/2025\\\/12\\\/Garbe_21.8.25.jpg\",\"articleSection\":[\"Forwarding &amp; Logistics\",\"Intralogistics\",\"Regions\"],\"inLanguage\":\"pt-PT\",\"potentialAction\":[{\"@type\":\"CommentAction\",\"name\":\"Comment\",\"target\":[\"https:\\\/\\\/loginfo24.com\\\/pt-pt\\\/2025\\\/08\\\/21\\\/garbe-industrial-aluga-em-ostholstein-para-a-start-up-de-calcados-dieseo\\\/#respond\"]}]},{\"@type\":\"WebPage\",\"@id\":\"https:\\\/\\\/loginfo24.com\\\/pt-pt\\\/2025\\\/08\\\/21\\\/garbe-industrial-aluga-em-ostholstein-para-a-start-up-de-calcados-dieseo\\\/\",\"url\":\"https:\\\/\\\/loginfo24.com\\\/pt-pt\\\/2025\\\/08\\\/21\\\/garbe-industrial-aluga-em-ostholstein-para-a-start-up-de-calcados-dieseo\\\/\",\"name\":\"Garbe Industrial aluga em Ostholstein para a start-up de cal\u00e7ados Dieseo - Loginfo24\",\"isPartOf\":{\"@id\":\"https:\\\/\\\/loginfo24.com\\\/pt-pt\\\/#website\"},\"primaryImageOfPage\":{\"@id\":\"https:\\\/\\\/loginfo24.com\\\/pt-pt\\\/2025\\\/08\\\/21\\\/garbe-industrial-aluga-em-ostholstein-para-a-start-up-de-calcados-dieseo\\\/#primaryimage\"},\"image\":{\"@id\":\"https:\\\/\\\/loginfo24.com\\\/pt-pt\\\/2025\\\/08\\\/21\\\/garbe-industrial-aluga-em-ostholstein-para-a-start-up-de-calcados-dieseo\\\/#primaryimage\"},\"thumbnailUrl\":\"https:\\\/\\\/loginfo24.com\\\/wp-content\\\/uploads\\\/sites\\\/7\\\/2025\\\/12\\\/Garbe_21.8.25.jpg\",\"datePublished\":\"2025-08-21T17:17:56+00:00\",\"breadcrumb\":{\"@id\":\"https:\\\/\\\/loginfo24.com\\\/pt-pt\\\/2025\\\/08\\\/21\\\/garbe-industrial-aluga-em-ostholstein-para-a-start-up-de-calcados-dieseo\\\/#breadcrumb\"},\"inLanguage\":\"pt-PT\",\"potentialAction\":[{\"@type\":\"ReadAction\",\"target\":[\"https:\\\/\\\/loginfo24.com\\\/pt-pt\\\/2025\\\/08\\\/21\\\/garbe-industrial-aluga-em-ostholstein-para-a-start-up-de-calcados-dieseo\\\/\"]}]},{\"@type\":\"ImageObject\",\"inLanguage\":\"pt-PT\",\"@id\":\"https:\\\/\\\/loginfo24.com\\\/pt-pt\\\/2025\\\/08\\\/21\\\/garbe-industrial-aluga-em-ostholstein-para-a-start-up-de-calcados-dieseo\\\/#primaryimage\",\"url\":\"https:\\\/\\\/loginfo24.com\\\/wp-content\\\/uploads\\\/sites\\\/7\\\/2025\\\/12\\\/Garbe_21.8.25.jpg\",\"contentUrl\":\"https:\\\/\\\/loginfo24.com\\\/wp-content\\\/uploads\\\/sites\\\/7\\\/2025\\\/12\\\/Garbe_21.8.25.jpg\",\"width\":1341,\"height\":743},{\"@type\":\"BreadcrumbList\",\"@id\":\"https:\\\/\\\/loginfo24.com\\\/pt-pt\\\/2025\\\/08\\\/21\\\/garbe-industrial-aluga-em-ostholstein-para-a-start-up-de-calcados-dieseo\\\/#breadcrumb\",\"itemListElement\":[{\"@type\":\"ListItem\",\"position\":1,\"name\":\"Startseite\",\"item\":\"https:\\\/\\\/loginfo24.com\\\/pt-pt\\\/\"},{\"@type\":\"ListItem\",\"position\":2,\"name\":\"Garbe Industrial aluga em Ostholstein para a start-up de cal\u00e7ados Dieseo\"}]},{\"@type\":\"WebSite\",\"@id\":\"https:\\\/\\\/loginfo24.com\\\/pt-pt\\\/#website\",\"url\":\"https:\\\/\\\/loginfo24.com\\\/pt-pt\\\/\",\"name\":\"Loginfo24\",\"description\":\"Loginfo24 \u00e9 a plataforma dedicada \u00e0 log\u00edstica e \u00e0s cadeias de abastecimento, com informa\u00e7\u00f5es dispon\u00edveis 24 horas por dia.\",\"publisher\":{\"@id\":\"https:\\\/\\\/loginfo24.com\\\/pt-pt\\\/#organization\"},\"potentialAction\":[{\"@type\":\"SearchAction\",\"target\":{\"@type\":\"EntryPoint\",\"urlTemplate\":\"https:\\\/\\\/loginfo24.com\\\/pt-pt\\\/?s={search_term_string}\"},\"query-input\":{\"@type\":\"PropertyValueSpecification\",\"valueRequired\":true,\"valueName\":\"search_term_string\"}}],\"inLanguage\":\"pt-PT\"},{\"@type\":\"Organization\",\"@id\":\"https:\\\/\\\/loginfo24.com\\\/pt-pt\\\/#organization\",\"name\":\"Logismedia Group AG\",\"url\":\"https:\\\/\\\/loginfo24.com\\\/pt-pt\\\/\",\"logo\":{\"@type\":\"ImageObject\",\"inLanguage\":\"pt-PT\",\"@id\":\"https:\\\/\\\/loginfo24.com\\\/pt-pt\\\/#\\\/schema\\\/logo\\\/image\\\/\",\"url\":\"https:\\\/\\\/loginfo24.com\\\/wp-content\\\/uploads\\\/sites\\\/7\\\/2026\\\/01\\\/Logo_LogInfo24.png\",\"contentUrl\":\"https:\\\/\\\/loginfo24.com\\\/wp-content\\\/uploads\\\/sites\\\/7\\\/2026\\\/01\\\/Logo_LogInfo24.png\",\"width\":938,\"height\":351,\"caption\":\"Logismedia Group AG\"},\"image\":{\"@id\":\"https:\\\/\\\/loginfo24.com\\\/pt-pt\\\/#\\\/schema\\\/logo\\\/image\\\/\"},\"sameAs\":[\"https:\\\/\\\/www.facebook.com\\\/people\\\/Loginfo24\\\/100057360583332\\\/\",\"https:\\\/\\\/www.linkedin.com\\\/company\\\/lofinfo24\\\/\"]}]}<\/script>\n<!-- \/ Yoast SEO plugin. -->","yoast_head_json":{"title":"Garbe Industrial aluga em Ostholstein para a start-up de cal\u00e7ados Dieseo - Loginfo24","robots":{"index":"index","follow":"follow","max-snippet":"max-snippet:-1","max-image-preview":"max-image-preview:large","max-video-preview":"max-video-preview:-1"},"canonical":"https:\/\/loginfo24.com\/pt-pt\/2025\/08\/21\/garbe-industrial-aluga-em-ostholstein-para-a-start-up-de-calcados-dieseo\/","og_locale":"pt_PT","og_type":"article","og_title":"Garbe Industrial aluga em Ostholstein para a start-up de cal\u00e7ados Dieseo - Loginfo24","og_description":"A Garbe Industrial alugou uma \u00e1rea log\u00edstica de cerca de 11.600 metros quadrados em Lensahn (distrito de Ostholstein) para a start-up de Kiel, Dieseo. A empresa [\u2026]","og_url":"https:\/\/loginfo24.com\/pt-pt\/2025\/08\/21\/garbe-industrial-aluga-em-ostholstein-para-a-start-up-de-calcados-dieseo\/","og_site_name":"Loginfo24","article_publisher":"https:\/\/www.facebook.com\/people\/Loginfo24\/100057360583332\/","article_published_time":"2025-08-21T17:17:56+00:00","og_image":[{"width":1341,"height":743,"url":"https:\/\/loginfo24.com\/wp-content\/uploads\/sites\/7\/2025\/12\/Garbe_21.8.25.jpg","type":"image\/jpeg"}],"twitter_card":"summary_large_image","twitter_misc":{"Tempo estimado de leitura":"3 minutos"},"schema":{"@context":"https:\/\/schema.org","@graph":[{"@type":"Article","@id":"https:\/\/loginfo24.com\/pt-pt\/2025\/08\/21\/garbe-industrial-aluga-em-ostholstein-para-a-start-up-de-calcados-dieseo\/#article","isPartOf":{"@id":"https:\/\/loginfo24.com\/pt-pt\/2025\/08\/21\/garbe-industrial-aluga-em-ostholstein-para-a-start-up-de-calcados-dieseo\/"},"author":{"name":"","@id":""},"headline":"Garbe Industrial aluga em Ostholstein para a start-up de cal\u00e7ados Dieseo","datePublished":"2025-08-21T17:17:56+00:00","mainEntityOfPage":{"@id":"https:\/\/loginfo24.com\/pt-pt\/2025\/08\/21\/garbe-industrial-aluga-em-ostholstein-para-a-start-up-de-calcados-dieseo\/"},"wordCount":550,"commentCount":0,"publisher":{"@id":"https:\/\/loginfo24.com\/pt-pt\/#organization"},"image":{"@id":"https:\/\/loginfo24.com\/pt-pt\/2025\/08\/21\/garbe-industrial-aluga-em-ostholstein-para-a-start-up-de-calcados-dieseo\/#primaryimage"},"thumbnailUrl":"https:\/\/loginfo24.com\/wp-content\/uploads\/sites\/7\/2025\/12\/Garbe_21.8.25.jpg","articleSection":["Forwarding &amp; Logistics","Intralogistics","Regions"],"inLanguage":"pt-PT","potentialAction":[{"@type":"CommentAction","name":"Comment","target":["https:\/\/loginfo24.com\/pt-pt\/2025\/08\/21\/garbe-industrial-aluga-em-ostholstein-para-a-start-up-de-calcados-dieseo\/#respond"]}]},{"@type":"WebPage","@id":"https:\/\/loginfo24.com\/pt-pt\/2025\/08\/21\/garbe-industrial-aluga-em-ostholstein-para-a-start-up-de-calcados-dieseo\/","url":"https:\/\/loginfo24.com\/pt-pt\/2025\/08\/21\/garbe-industrial-aluga-em-ostholstein-para-a-start-up-de-calcados-dieseo\/","name":"Garbe Industrial aluga em Ostholstein para a start-up de cal\u00e7ados Dieseo - Loginfo24","isPartOf":{"@id":"https:\/\/loginfo24.com\/pt-pt\/#website"},"primaryImageOfPage":{"@id":"https:\/\/loginfo24.com\/pt-pt\/2025\/08\/21\/garbe-industrial-aluga-em-ostholstein-para-a-start-up-de-calcados-dieseo\/#primaryimage"},"image":{"@id":"https:\/\/loginfo24.com\/pt-pt\/2025\/08\/21\/garbe-industrial-aluga-em-ostholstein-para-a-start-up-de-calcados-dieseo\/#primaryimage"},"thumbnailUrl":"https:\/\/loginfo24.com\/wp-content\/uploads\/sites\/7\/2025\/12\/Garbe_21.8.25.jpg","datePublished":"2025-08-21T17:17:56+00:00","breadcrumb":{"@id":"https:\/\/loginfo24.com\/pt-pt\/2025\/08\/21\/garbe-industrial-aluga-em-ostholstein-para-a-start-up-de-calcados-dieseo\/#breadcrumb"},"inLanguage":"pt-PT","potentialAction":[{"@type":"ReadAction","target":["https:\/\/loginfo24.com\/pt-pt\/2025\/08\/21\/garbe-industrial-aluga-em-ostholstein-para-a-start-up-de-calcados-dieseo\/"]}]},{"@type":"ImageObject","inLanguage":"pt-PT","@id":"https:\/\/loginfo24.com\/pt-pt\/2025\/08\/21\/garbe-industrial-aluga-em-ostholstein-para-a-start-up-de-calcados-dieseo\/#primaryimage","url":"https:\/\/loginfo24.com\/wp-content\/uploads\/sites\/7\/2025\/12\/Garbe_21.8.25.jpg","contentUrl":"https:\/\/loginfo24.com\/wp-content\/uploads\/sites\/7\/2025\/12\/Garbe_21.8.25.jpg","width":1341,"height":743},{"@type":"BreadcrumbList","@id":"https:\/\/loginfo24.com\/pt-pt\/2025\/08\/21\/garbe-industrial-aluga-em-ostholstein-para-a-start-up-de-calcados-dieseo\/#breadcrumb","itemListElement":[{"@type":"ListItem","position":1,"name":"Startseite","item":"https:\/\/loginfo24.com\/pt-pt\/"},{"@type":"ListItem","position":2,"name":"Garbe Industrial aluga em Ostholstein para a start-up de cal\u00e7ados Dieseo"}]},{"@type":"WebSite","@id":"https:\/\/loginfo24.com\/pt-pt\/#website","url":"https:\/\/loginfo24.com\/pt-pt\/","name":"Loginfo24","description":"Loginfo24 \u00e9 a plataforma dedicada \u00e0 log\u00edstica e \u00e0s cadeias de abastecimento, com informa\u00e7\u00f5es dispon\u00edveis 24 horas por dia.","publisher":{"@id":"https:\/\/loginfo24.com\/pt-pt\/#organization"},"potentialAction":[{"@type":"SearchAction","target":{"@type":"EntryPoint","urlTemplate":"https:\/\/loginfo24.com\/pt-pt\/?s={search_term_string}"},"query-input":{"@type":"PropertyValueSpecification","valueRequired":true,"valueName":"search_term_string"}}],"inLanguage":"pt-PT"},{"@type":"Organization","@id":"https:\/\/loginfo24.com\/pt-pt\/#organization","name":"Logismedia Group AG","url":"https:\/\/loginfo24.com\/pt-pt\/","logo":{"@type":"ImageObject","inLanguage":"pt-PT","@id":"https:\/\/loginfo24.com\/pt-pt\/#\/schema\/logo\/image\/","url":"https:\/\/loginfo24.com\/wp-content\/uploads\/sites\/7\/2026\/01\/Logo_LogInfo24.png","contentUrl":"https:\/\/loginfo24.com\/wp-content\/uploads\/sites\/7\/2026\/01\/Logo_LogInfo24.png","width":938,"height":351,"caption":"Logismedia Group AG"},"image":{"@id":"https:\/\/loginfo24.com\/pt-pt\/#\/schema\/logo\/image\/"},"sameAs":["https:\/\/www.facebook.com\/people\/Loginfo24\/100057360583332\/","https:\/\/www.linkedin.com\/company\/lofinfo24\/"]}]}},"_links":{"self":[{"href":"https:\/\/loginfo24.com\/pt-pt\/wp-json\/wp\/v2\/posts\/70210","targetHints":{"allow":["GET"]}}],"collection":[{"href":"https:\/\/loginfo24.com\/pt-pt\/wp-json\/wp\/v2\/posts"}],"about":[{"href":"https:\/\/loginfo24.com\/pt-pt\/wp-json\/wp\/v2\/types\/post"}],"replies":[{"embeddable":true,"href":"https:\/\/loginfo24.com\/pt-pt\/wp-json\/wp\/v2\/comments?post=70210"}],"version-history":[{"count":0,"href":"https:\/\/loginfo24.com\/pt-pt\/wp-json\/wp\/v2\/posts\/70210\/revisions"}],"wp:featuredmedia":[{"embeddable":true,"href":"https:\/\/loginfo24.com\/pt-pt\/wp-json\/wp\/v2\/media\/4602"}],"wp:attachment":[{"href":"https:\/\/loginfo24.com\/pt-pt\/wp-json\/wp\/v2\/media?parent=70210"}],"wp:term":[{"taxonomy":"category","embeddable":true,"href":"https:\/\/loginfo24.com\/pt-pt\/wp-json\/wp\/v2\/categories?post=70210"},{"taxonomy":"post_tag","embeddable":true,"href":"https:\/\/loginfo24.com\/pt-pt\/wp-json\/wp\/v2\/tags?post=70210"}],"curies":[{"name":"wp","href":"https:\/\/api.w.org\/{rel}","templated":true}]}}