{"id":69847,"date":"2025-07-13T19:50:07","date_gmt":"2025-07-13T17:50:07","guid":{"rendered":"https:\/\/blog.brand-architecture.at\/2025\/07\/13\/marten-bosselman-do-bpex-sobre-a-introducao-de-uma-taxa-de-pacote\/"},"modified":"2025-07-13T19:50:07","modified_gmt":"2025-07-13T17:50:07","slug":"marten-bosselman-do-bpex-sobre-a-introducao-de-uma-taxa-de-pacote","status":"publish","type":"post","link":"https:\/\/loginfo24.com\/pt-pt\/2025\/07\/13\/marten-bosselman-do-bpex-sobre-a-introducao-de-uma-taxa-de-pacote\/","title":{"rendered":"Marten Bosselman do BPEX sobre a introdu\u00e7\u00e3o de uma taxa de pacote"},"content":{"rendered":"<h5><strong>Marten Bosselmann, presidente da Associa\u00e7\u00e3o Federal de Log\u00edstica de Pacotes e Expresso (BPEX), comenta sobre a taxa de pacote planejada. A Uni\u00e3o Europeia planeja uma taxa de pacote de 2 euros para envios de pa\u00edses terceiros, como a China, para cobrir os custos aumentados de desembara\u00e7o aduaneiro e supervis\u00e3o de mercado, que surgiram devido ao crescente com\u00e9rcio online com fornecedores de baixo custo como Temu e Shein. <span data-huuid=\"7711619831950023061\">A taxa deve aplicar-se principalmente a envios para domic\u00edlios privados, enquanto para entregas a armaz\u00e9ns uma taxa reduzida de 50 c\u00eantimos est\u00e1 prevista.<\/span><\/strong><\/h5>\n<p>(Berlim) Em rela\u00e7\u00e3o ao atual debate em n\u00edvel da UE sobre a introdu\u00e7\u00e3o de uma taxa de pacote para envios de pa\u00edses terceiros, Marten Bosselmann, presidente da Associa\u00e7\u00e3o Federal de Log\u00edstica de Pacotes e Expresso (BPEX), se pronuncia:<\/p>\n<blockquote>\n<div id=\"attachment_29275\" style=\"width: 240px\" class=\"wp-caption alignleft\"><img loading=\"lazy\" decoding=\"async\" aria-describedby=\"caption-attachment-29275\" class=\"wp-image-29275\" src=\"https:\/\/loginfo24.com\/wp-content\/uploads\/sites\/7\/2025\/12\/BPEX_13.7.25_2-288x300.jpg\" alt=\"\" width=\"230\" height=\"239\" \/><p id=\"caption-attachment-29275\" class=\"wp-caption-text\">Marten Bosselmann<\/p><\/div>\n<p>&#8220;O debate no Parlamento Europeu sobre a introdu\u00e7\u00e3o de uma taxa de pacote para envios de pa\u00edses terceiros e a proposta de resolu\u00e7\u00e3o mostram que o tema do com\u00e9rcio internacional de mercadorias est\u00e1 cada vez mais em foco pol\u00edtico. O setor de pacotes acolhe positivamente a busca por solu\u00e7\u00f5es em n\u00edvel europeu para fortalecer os controles aduaneiros e garantir uma concorr\u00eancia justa. Como setor, possibilitamos o com\u00e9rcio internacional e somos um parceiro confi\u00e1vel para as autoridades aduaneiras e de seguran\u00e7a. Novas regras para a crescente quantidade de envios de pa\u00edses terceiros n\u00e3o devem comprometer isso.<\/p>\n<p>&nbsp;<\/p>\n<p>As cadeias de suprimento eficientes e resilientes dos servi\u00e7os de entrega garantem que o com\u00e9rcio exterior e interno europeu se beneficie. O objetivo das medidas da UE e da reforma aduaneira deve ser abordar problemas concretos, como a elis\u00e3o fiscal, de forma direcionada e n\u00e3o criar novas barreiras comerciais que afetariam especialmente pequenos comerciantes e consumidores. Uma taxa de pacote geral n\u00e3o deve, por exemplo, levar a que as empresas de log\u00edstica enfrentem encargos burocr\u00e1ticos e fiscais adicionais ou tenham que assumir tarefas que s\u00e3o originalmente da responsabilidade das autoridades estatais.<\/p>\n<p>&nbsp;<\/p>\n<p>Est\u00e1 claro para n\u00f3s: deve haver uma regulamenta\u00e7\u00e3o uniforme para todos os Estados-Membros. Iniciativas nacionais isoladas amea\u00e7am o mercado interno europeu e levam a distor\u00e7\u00f5es de concorr\u00eancia. Quaisquer medidas devem ser proporcionais. Para isso, s\u00e3o necess\u00e1rios processos claros e compreens\u00edveis, uma infraestrutura digital funcional e prazos de transi\u00e7\u00e3o adequados.<\/p>\n<p>&nbsp;<\/p>\n<p>As medidas discutidas, como a responsabilidade das plataformas comerciais por mercadorias que n\u00e3o atendem aos padr\u00f5es da UE, s\u00e3o um passo necess\u00e1rio para melhorar o mercado interno. Barreiras comerciais alcan\u00e7am o efeito oposto.&#8221;<\/p><\/blockquote>\n<p>Foto do t\u00edtulo: \u00a9 Loginfo24<\/p>\n","protected":false},"excerpt":{"rendered":"<p>Marten Bosselmann, presidente da Associa\u00e7\u00e3o Federal de Log\u00edstica de Pacotes e Expresso (BPEX), comenta sobre a taxa de pacote planejada. A Uni\u00e3o Europeia planeja uma taxa<span class=\"excerpt-hellip\"> [\u2026]<\/span><\/p>\n","protected":false},"author":0,"featured_media":4756,"comment_status":"open","ping_status":"open","sticky":false,"template":"","format":"standard","meta":{"_acf_changed":false,"footnotes":""},"categories":[1557,1561],"tags":[],"class_list":["post-69847","post","type-post","status-publish","format-standard","has-post-thumbnail","hentry","category-forwarding-logistics","category-regions"],"acf":[],"yoast_head":"<!-- This site is optimized with the Yoast SEO plugin v27.3 - https:\/\/yoast.com\/product\/yoast-seo-wordpress\/ -->\n<title>Marten Bosselman do BPEX sobre a introdu\u00e7\u00e3o de uma taxa de pacote - Loginfo24<\/title>\n<meta name=\"robots\" content=\"index, follow, max-snippet:-1, max-image-preview:large, max-video-preview:-1\" \/>\n<link rel=\"canonical\" href=\"https:\/\/loginfo24.com\/pt-pt\/2025\/07\/13\/marten-bosselman-do-bpex-sobre-a-introducao-de-uma-taxa-de-pacote\/\" \/>\n<meta property=\"og:locale\" content=\"pt_PT\" \/>\n<meta property=\"og:type\" content=\"article\" \/>\n<meta property=\"og:title\" content=\"Marten Bosselman do BPEX sobre a introdu\u00e7\u00e3o de uma taxa de pacote - Loginfo24\" \/>\n<meta property=\"og:description\" content=\"Marten Bosselmann, presidente da Associa\u00e7\u00e3o Federal de Log\u00edstica de Pacotes e Expresso (BPEX), comenta sobre a taxa de pacote planejada. A Uni\u00e3o Europeia planeja uma taxa [\u2026]\" \/>\n<meta property=\"og:url\" content=\"https:\/\/loginfo24.com\/pt-pt\/2025\/07\/13\/marten-bosselman-do-bpex-sobre-a-introducao-de-uma-taxa-de-pacote\/\" \/>\n<meta property=\"og:site_name\" content=\"Loginfo24\" \/>\n<meta property=\"article:publisher\" content=\"https:\/\/www.facebook.com\/people\/Loginfo24\/100057360583332\/\" \/>\n<meta property=\"article:published_time\" content=\"2025-07-13T17:50:07+00:00\" \/>\n<meta property=\"og:image\" content=\"https:\/\/loginfo24.com\/wp-content\/uploads\/sites\/7\/2025\/12\/BPEX_13.7.25.jpg\" \/>\n\t<meta property=\"og:image:width\" content=\"1221\" \/>\n\t<meta property=\"og:image:height\" content=\"927\" \/>\n\t<meta property=\"og:image:type\" content=\"image\/jpeg\" \/>\n<meta name=\"twitter:card\" content=\"summary_large_image\" \/>\n<meta name=\"twitter:label1\" content=\"Tempo estimado de leitura\" \/>\n\t<meta name=\"twitter:data1\" content=\"2 minutos\" \/>\n<script type=\"application\/ld+json\" class=\"yoast-schema-graph\">{\"@context\":\"https:\\\/\\\/schema.org\",\"@graph\":[{\"@type\":\"Article\",\"@id\":\"https:\\\/\\\/loginfo24.com\\\/pt-pt\\\/2025\\\/07\\\/13\\\/marten-bosselman-do-bpex-sobre-a-introducao-de-uma-taxa-de-pacote\\\/#article\",\"isPartOf\":{\"@id\":\"https:\\\/\\\/loginfo24.com\\\/pt-pt\\\/2025\\\/07\\\/13\\\/marten-bosselman-do-bpex-sobre-a-introducao-de-uma-taxa-de-pacote\\\/\"},\"author\":{\"name\":\"\",\"@id\":\"\"},\"headline\":\"Marten Bosselman do BPEX sobre a introdu\u00e7\u00e3o de uma taxa de pacote\",\"datePublished\":\"2025-07-13T17:50:07+00:00\",\"mainEntityOfPage\":{\"@id\":\"https:\\\/\\\/loginfo24.com\\\/pt-pt\\\/2025\\\/07\\\/13\\\/marten-bosselman-do-bpex-sobre-a-introducao-de-uma-taxa-de-pacote\\\/\"},\"wordCount\":475,\"commentCount\":0,\"publisher\":{\"@id\":\"https:\\\/\\\/loginfo24.com\\\/pt-pt\\\/#organization\"},\"image\":{\"@id\":\"https:\\\/\\\/loginfo24.com\\\/pt-pt\\\/2025\\\/07\\\/13\\\/marten-bosselman-do-bpex-sobre-a-introducao-de-uma-taxa-de-pacote\\\/#primaryimage\"},\"thumbnailUrl\":\"https:\\\/\\\/loginfo24.com\\\/wp-content\\\/uploads\\\/sites\\\/7\\\/2025\\\/12\\\/BPEX_13.7.25.jpg\",\"articleSection\":[\"Forwarding &amp; Logistics\",\"Regions\"],\"inLanguage\":\"pt-PT\",\"potentialAction\":[{\"@type\":\"CommentAction\",\"name\":\"Comment\",\"target\":[\"https:\\\/\\\/loginfo24.com\\\/pt-pt\\\/2025\\\/07\\\/13\\\/marten-bosselman-do-bpex-sobre-a-introducao-de-uma-taxa-de-pacote\\\/#respond\"]}]},{\"@type\":\"WebPage\",\"@id\":\"https:\\\/\\\/loginfo24.com\\\/pt-pt\\\/2025\\\/07\\\/13\\\/marten-bosselman-do-bpex-sobre-a-introducao-de-uma-taxa-de-pacote\\\/\",\"url\":\"https:\\\/\\\/loginfo24.com\\\/pt-pt\\\/2025\\\/07\\\/13\\\/marten-bosselman-do-bpex-sobre-a-introducao-de-uma-taxa-de-pacote\\\/\",\"name\":\"Marten Bosselman do BPEX sobre a introdu\u00e7\u00e3o de uma taxa de pacote - Loginfo24\",\"isPartOf\":{\"@id\":\"https:\\\/\\\/loginfo24.com\\\/pt-pt\\\/#website\"},\"primaryImageOfPage\":{\"@id\":\"https:\\\/\\\/loginfo24.com\\\/pt-pt\\\/2025\\\/07\\\/13\\\/marten-bosselman-do-bpex-sobre-a-introducao-de-uma-taxa-de-pacote\\\/#primaryimage\"},\"image\":{\"@id\":\"https:\\\/\\\/loginfo24.com\\\/pt-pt\\\/2025\\\/07\\\/13\\\/marten-bosselman-do-bpex-sobre-a-introducao-de-uma-taxa-de-pacote\\\/#primaryimage\"},\"thumbnailUrl\":\"https:\\\/\\\/loginfo24.com\\\/wp-content\\\/uploads\\\/sites\\\/7\\\/2025\\\/12\\\/BPEX_13.7.25.jpg\",\"datePublished\":\"2025-07-13T17:50:07+00:00\",\"breadcrumb\":{\"@id\":\"https:\\\/\\\/loginfo24.com\\\/pt-pt\\\/2025\\\/07\\\/13\\\/marten-bosselman-do-bpex-sobre-a-introducao-de-uma-taxa-de-pacote\\\/#breadcrumb\"},\"inLanguage\":\"pt-PT\",\"potentialAction\":[{\"@type\":\"ReadAction\",\"target\":[\"https:\\\/\\\/loginfo24.com\\\/pt-pt\\\/2025\\\/07\\\/13\\\/marten-bosselman-do-bpex-sobre-a-introducao-de-uma-taxa-de-pacote\\\/\"]}]},{\"@type\":\"ImageObject\",\"inLanguage\":\"pt-PT\",\"@id\":\"https:\\\/\\\/loginfo24.com\\\/pt-pt\\\/2025\\\/07\\\/13\\\/marten-bosselman-do-bpex-sobre-a-introducao-de-uma-taxa-de-pacote\\\/#primaryimage\",\"url\":\"https:\\\/\\\/loginfo24.com\\\/wp-content\\\/uploads\\\/sites\\\/7\\\/2025\\\/12\\\/BPEX_13.7.25.jpg\",\"contentUrl\":\"https:\\\/\\\/loginfo24.com\\\/wp-content\\\/uploads\\\/sites\\\/7\\\/2025\\\/12\\\/BPEX_13.7.25.jpg\",\"width\":1221,\"height\":927},{\"@type\":\"BreadcrumbList\",\"@id\":\"https:\\\/\\\/loginfo24.com\\\/pt-pt\\\/2025\\\/07\\\/13\\\/marten-bosselman-do-bpex-sobre-a-introducao-de-uma-taxa-de-pacote\\\/#breadcrumb\",\"itemListElement\":[{\"@type\":\"ListItem\",\"position\":1,\"name\":\"Startseite\",\"item\":\"https:\\\/\\\/loginfo24.com\\\/pt-pt\\\/\"},{\"@type\":\"ListItem\",\"position\":2,\"name\":\"Marten Bosselman do BPEX sobre a introdu\u00e7\u00e3o de uma taxa de pacote\"}]},{\"@type\":\"WebSite\",\"@id\":\"https:\\\/\\\/loginfo24.com\\\/pt-pt\\\/#website\",\"url\":\"https:\\\/\\\/loginfo24.com\\\/pt-pt\\\/\",\"name\":\"Loginfo24\",\"description\":\"Loginfo24 \u00e9 a plataforma dedicada \u00e0 log\u00edstica e \u00e0s cadeias de abastecimento, com informa\u00e7\u00f5es dispon\u00edveis 24 horas por dia.\",\"publisher\":{\"@id\":\"https:\\\/\\\/loginfo24.com\\\/pt-pt\\\/#organization\"},\"potentialAction\":[{\"@type\":\"SearchAction\",\"target\":{\"@type\":\"EntryPoint\",\"urlTemplate\":\"https:\\\/\\\/loginfo24.com\\\/pt-pt\\\/?s={search_term_string}\"},\"query-input\":{\"@type\":\"PropertyValueSpecification\",\"valueRequired\":true,\"valueName\":\"search_term_string\"}}],\"inLanguage\":\"pt-PT\"},{\"@type\":\"Organization\",\"@id\":\"https:\\\/\\\/loginfo24.com\\\/pt-pt\\\/#organization\",\"name\":\"Logismedia Group AG\",\"url\":\"https:\\\/\\\/loginfo24.com\\\/pt-pt\\\/\",\"logo\":{\"@type\":\"ImageObject\",\"inLanguage\":\"pt-PT\",\"@id\":\"https:\\\/\\\/loginfo24.com\\\/pt-pt\\\/#\\\/schema\\\/logo\\\/image\\\/\",\"url\":\"https:\\\/\\\/loginfo24.com\\\/wp-content\\\/uploads\\\/sites\\\/7\\\/2026\\\/01\\\/Logo_LogInfo24.png\",\"contentUrl\":\"https:\\\/\\\/loginfo24.com\\\/wp-content\\\/uploads\\\/sites\\\/7\\\/2026\\\/01\\\/Logo_LogInfo24.png\",\"width\":938,\"height\":351,\"caption\":\"Logismedia Group AG\"},\"image\":{\"@id\":\"https:\\\/\\\/loginfo24.com\\\/pt-pt\\\/#\\\/schema\\\/logo\\\/image\\\/\"},\"sameAs\":[\"https:\\\/\\\/www.facebook.com\\\/people\\\/Loginfo24\\\/100057360583332\\\/\",\"https:\\\/\\\/www.linkedin.com\\\/company\\\/lofinfo24\\\/\"]}]}<\/script>\n<!-- \/ Yoast SEO plugin. -->","yoast_head_json":{"title":"Marten Bosselman do BPEX sobre a introdu\u00e7\u00e3o de uma taxa de pacote - Loginfo24","robots":{"index":"index","follow":"follow","max-snippet":"max-snippet:-1","max-image-preview":"max-image-preview:large","max-video-preview":"max-video-preview:-1"},"canonical":"https:\/\/loginfo24.com\/pt-pt\/2025\/07\/13\/marten-bosselman-do-bpex-sobre-a-introducao-de-uma-taxa-de-pacote\/","og_locale":"pt_PT","og_type":"article","og_title":"Marten Bosselman do BPEX sobre a introdu\u00e7\u00e3o de uma taxa de pacote - Loginfo24","og_description":"Marten Bosselmann, presidente da Associa\u00e7\u00e3o Federal de Log\u00edstica de Pacotes e Expresso (BPEX), comenta sobre a taxa de pacote planejada. A Uni\u00e3o Europeia planeja uma taxa [\u2026]","og_url":"https:\/\/loginfo24.com\/pt-pt\/2025\/07\/13\/marten-bosselman-do-bpex-sobre-a-introducao-de-uma-taxa-de-pacote\/","og_site_name":"Loginfo24","article_publisher":"https:\/\/www.facebook.com\/people\/Loginfo24\/100057360583332\/","article_published_time":"2025-07-13T17:50:07+00:00","og_image":[{"width":1221,"height":927,"url":"https:\/\/loginfo24.com\/wp-content\/uploads\/sites\/7\/2025\/12\/BPEX_13.7.25.jpg","type":"image\/jpeg"}],"twitter_card":"summary_large_image","twitter_misc":{"Tempo estimado de leitura":"2 minutos"},"schema":{"@context":"https:\/\/schema.org","@graph":[{"@type":"Article","@id":"https:\/\/loginfo24.com\/pt-pt\/2025\/07\/13\/marten-bosselman-do-bpex-sobre-a-introducao-de-uma-taxa-de-pacote\/#article","isPartOf":{"@id":"https:\/\/loginfo24.com\/pt-pt\/2025\/07\/13\/marten-bosselman-do-bpex-sobre-a-introducao-de-uma-taxa-de-pacote\/"},"author":{"name":"","@id":""},"headline":"Marten Bosselman do BPEX sobre a introdu\u00e7\u00e3o de uma taxa de pacote","datePublished":"2025-07-13T17:50:07+00:00","mainEntityOfPage":{"@id":"https:\/\/loginfo24.com\/pt-pt\/2025\/07\/13\/marten-bosselman-do-bpex-sobre-a-introducao-de-uma-taxa-de-pacote\/"},"wordCount":475,"commentCount":0,"publisher":{"@id":"https:\/\/loginfo24.com\/pt-pt\/#organization"},"image":{"@id":"https:\/\/loginfo24.com\/pt-pt\/2025\/07\/13\/marten-bosselman-do-bpex-sobre-a-introducao-de-uma-taxa-de-pacote\/#primaryimage"},"thumbnailUrl":"https:\/\/loginfo24.com\/wp-content\/uploads\/sites\/7\/2025\/12\/BPEX_13.7.25.jpg","articleSection":["Forwarding &amp; Logistics","Regions"],"inLanguage":"pt-PT","potentialAction":[{"@type":"CommentAction","name":"Comment","target":["https:\/\/loginfo24.com\/pt-pt\/2025\/07\/13\/marten-bosselman-do-bpex-sobre-a-introducao-de-uma-taxa-de-pacote\/#respond"]}]},{"@type":"WebPage","@id":"https:\/\/loginfo24.com\/pt-pt\/2025\/07\/13\/marten-bosselman-do-bpex-sobre-a-introducao-de-uma-taxa-de-pacote\/","url":"https:\/\/loginfo24.com\/pt-pt\/2025\/07\/13\/marten-bosselman-do-bpex-sobre-a-introducao-de-uma-taxa-de-pacote\/","name":"Marten Bosselman do BPEX sobre a introdu\u00e7\u00e3o de uma taxa de pacote - Loginfo24","isPartOf":{"@id":"https:\/\/loginfo24.com\/pt-pt\/#website"},"primaryImageOfPage":{"@id":"https:\/\/loginfo24.com\/pt-pt\/2025\/07\/13\/marten-bosselman-do-bpex-sobre-a-introducao-de-uma-taxa-de-pacote\/#primaryimage"},"image":{"@id":"https:\/\/loginfo24.com\/pt-pt\/2025\/07\/13\/marten-bosselman-do-bpex-sobre-a-introducao-de-uma-taxa-de-pacote\/#primaryimage"},"thumbnailUrl":"https:\/\/loginfo24.com\/wp-content\/uploads\/sites\/7\/2025\/12\/BPEX_13.7.25.jpg","datePublished":"2025-07-13T17:50:07+00:00","breadcrumb":{"@id":"https:\/\/loginfo24.com\/pt-pt\/2025\/07\/13\/marten-bosselman-do-bpex-sobre-a-introducao-de-uma-taxa-de-pacote\/#breadcrumb"},"inLanguage":"pt-PT","potentialAction":[{"@type":"ReadAction","target":["https:\/\/loginfo24.com\/pt-pt\/2025\/07\/13\/marten-bosselman-do-bpex-sobre-a-introducao-de-uma-taxa-de-pacote\/"]}]},{"@type":"ImageObject","inLanguage":"pt-PT","@id":"https:\/\/loginfo24.com\/pt-pt\/2025\/07\/13\/marten-bosselman-do-bpex-sobre-a-introducao-de-uma-taxa-de-pacote\/#primaryimage","url":"https:\/\/loginfo24.com\/wp-content\/uploads\/sites\/7\/2025\/12\/BPEX_13.7.25.jpg","contentUrl":"https:\/\/loginfo24.com\/wp-content\/uploads\/sites\/7\/2025\/12\/BPEX_13.7.25.jpg","width":1221,"height":927},{"@type":"BreadcrumbList","@id":"https:\/\/loginfo24.com\/pt-pt\/2025\/07\/13\/marten-bosselman-do-bpex-sobre-a-introducao-de-uma-taxa-de-pacote\/#breadcrumb","itemListElement":[{"@type":"ListItem","position":1,"name":"Startseite","item":"https:\/\/loginfo24.com\/pt-pt\/"},{"@type":"ListItem","position":2,"name":"Marten Bosselman do BPEX sobre a introdu\u00e7\u00e3o de uma taxa de pacote"}]},{"@type":"WebSite","@id":"https:\/\/loginfo24.com\/pt-pt\/#website","url":"https:\/\/loginfo24.com\/pt-pt\/","name":"Loginfo24","description":"Loginfo24 \u00e9 a plataforma dedicada \u00e0 log\u00edstica e \u00e0s cadeias de abastecimento, com informa\u00e7\u00f5es dispon\u00edveis 24 horas por dia.","publisher":{"@id":"https:\/\/loginfo24.com\/pt-pt\/#organization"},"potentialAction":[{"@type":"SearchAction","target":{"@type":"EntryPoint","urlTemplate":"https:\/\/loginfo24.com\/pt-pt\/?s={search_term_string}"},"query-input":{"@type":"PropertyValueSpecification","valueRequired":true,"valueName":"search_term_string"}}],"inLanguage":"pt-PT"},{"@type":"Organization","@id":"https:\/\/loginfo24.com\/pt-pt\/#organization","name":"Logismedia Group AG","url":"https:\/\/loginfo24.com\/pt-pt\/","logo":{"@type":"ImageObject","inLanguage":"pt-PT","@id":"https:\/\/loginfo24.com\/pt-pt\/#\/schema\/logo\/image\/","url":"https:\/\/loginfo24.com\/wp-content\/uploads\/sites\/7\/2026\/01\/Logo_LogInfo24.png","contentUrl":"https:\/\/loginfo24.com\/wp-content\/uploads\/sites\/7\/2026\/01\/Logo_LogInfo24.png","width":938,"height":351,"caption":"Logismedia Group AG"},"image":{"@id":"https:\/\/loginfo24.com\/pt-pt\/#\/schema\/logo\/image\/"},"sameAs":["https:\/\/www.facebook.com\/people\/Loginfo24\/100057360583332\/","https:\/\/www.linkedin.com\/company\/lofinfo24\/"]}]}},"_links":{"self":[{"href":"https:\/\/loginfo24.com\/pt-pt\/wp-json\/wp\/v2\/posts\/69847","targetHints":{"allow":["GET"]}}],"collection":[{"href":"https:\/\/loginfo24.com\/pt-pt\/wp-json\/wp\/v2\/posts"}],"about":[{"href":"https:\/\/loginfo24.com\/pt-pt\/wp-json\/wp\/v2\/types\/post"}],"replies":[{"embeddable":true,"href":"https:\/\/loginfo24.com\/pt-pt\/wp-json\/wp\/v2\/comments?post=69847"}],"version-history":[{"count":0,"href":"https:\/\/loginfo24.com\/pt-pt\/wp-json\/wp\/v2\/posts\/69847\/revisions"}],"wp:featuredmedia":[{"embeddable":true,"href":"https:\/\/loginfo24.com\/pt-pt\/wp-json\/wp\/v2\/media\/4756"}],"wp:attachment":[{"href":"https:\/\/loginfo24.com\/pt-pt\/wp-json\/wp\/v2\/media?parent=69847"}],"wp:term":[{"taxonomy":"category","embeddable":true,"href":"https:\/\/loginfo24.com\/pt-pt\/wp-json\/wp\/v2\/categories?post=69847"},{"taxonomy":"post_tag","embeddable":true,"href":"https:\/\/loginfo24.com\/pt-pt\/wp-json\/wp\/v2\/tags?post=69847"}],"curies":[{"name":"wp","href":"https:\/\/api.w.org\/{rel}","templated":true}]}}