{"id":69481,"date":"2025-06-14T20:10:11","date_gmt":"2025-06-14T18:10:11","guid":{"rendered":"https:\/\/blog.brand-architecture.at\/2025\/06\/14\/o-comerciante-online-galaxus-celebra-a-festa-da-colocacao-da-primeira-pedra-em-neuenburg-am-rhein\/"},"modified":"2025-06-14T20:10:11","modified_gmt":"2025-06-14T18:10:11","slug":"o-comerciante-online-galaxus-celebra-a-festa-da-colocacao-da-primeira-pedra-em-neuenburg-am-rhein","status":"publish","type":"post","link":"https:\/\/loginfo24.com\/pt-pt\/2025\/06\/14\/o-comerciante-online-galaxus-celebra-a-festa-da-colocacao-da-primeira-pedra-em-neuenburg-am-rhein\/","title":{"rendered":"O comerciante online Galaxus celebra a festa da coloca\u00e7\u00e3o da primeira pedra em Neuenburg am Rhein"},"content":{"rendered":"<h5><strong>Neuenburg am Rhein (DE) celebrou na semana passada a festa da coloca\u00e7\u00e3o da primeira pedra: O segundo armaz\u00e9m da Galaxus na cidade do sul da Alemanha est\u00e1 a tomar forma. Ele abrange mais de 60.000 metros quadrados, sendo assim duas vezes maior que a Allianz Arena de Munique. Para a opera\u00e7\u00e3o do centro log\u00edstico, a Galaxus est\u00e1 \u00e0 procura de 1.000 novos colaboradores.<\/strong><\/h5>\n<p>(Neuenburg am Rhein) A tranquila Neuenburg am Rhein (popula\u00e7\u00e3o cerca de 13.000) celebra em 2025 o seu 850\u00ba anivers\u00e1rio. E, de fato, come\u00e7a, se assim se pode dizer, para a cidade, este ano uma nova &#8220;era&#8221;. O comerciante online su\u00ed\u00e7o Galaxus ir\u00e1 em breve colocar em funcionamento o primeiro de dois centros log\u00edsticos e, a m\u00e9dio prazo, tornar-se no maior empregador da cidade. Cerca de 1.000 especialistas em com\u00e9rcio online, log\u00edstica, tecnologia, recursos humanos, gest\u00e3o de instala\u00e7\u00f5es e mais est\u00e3o a ser procurados.<\/p>\n<p>A Galaxus ir\u00e1 operar dois armaz\u00e9ns com uma \u00e1rea de armazenamento de 90.000 metros quadrados e escrit\u00f3rios em Neuenburg. Para o maior dos dois armaz\u00e9ns (60.000 metros quadrados), a festa da coloca\u00e7\u00e3o da primeira pedra foi celebrada a 5 de junho. A empresa de constru\u00e7\u00e3o K\u00f6ster convidou todas as empresas locais de artesanato envolvidas na constru\u00e7\u00e3o para um churrasco, bebidas e festa, assim como vizinhos, pol\u00edticos, meios de comunica\u00e7\u00e3o e, agradecidamente, tamb\u00e9m o inquilino Galaxus. O prefeito de Neuenburg, Jens Fondy-Langela, tamb\u00e9m falou diante dos convidados e reafirmou o apoio da cidade. Neuenburg \u00e9 uma cidade em ascens\u00e3o, vibrante e quer aproveitar as oportunidades do mercado europeu.<\/p>\n<h5>Empregador seguro e europeu para o futuro<\/h5>\n<p>Aqui, a Galaxus encaixa-se perfeitamente como um comerciante online puramente europeu com locais na Su\u00ed\u00e7a, Alemanha e S\u00e9rvia. Isso foi enfatizado tamb\u00e9m pelo COO da Galaxus, Michael Stolle, diante dos convidados reunidos, que sugeriu visitar o site. Isso pode ser um caminho vi\u00e1vel, especialmente \u00e0 luz das amea\u00e7as de tarifas dos EUA e esfor\u00e7os de boicote contra comerciantes americanos.<\/p>\n<p>&#8220;A Galaxus \u00e9 um empregador emocionante, seguro para o futuro e europeu&#8221;, disse Michael Stolle. Para Neuenburg, o recrutamento est\u00e1 em pleno andamento, e os primeiros contratos de trabalho j\u00e1 foram assinados. O primeiro dos dois armaz\u00e9ns ser\u00e1 colocado em funcionamento em outubro de 2025. Ambos os armaz\u00e9ns est\u00e3o praticamente \u00e0 vista um do outro na zona industrial sul da cidade de Neuenburg, separados apenas por alguns metros de caminhada. As vagas de emprego anunciadas para Neuenburg podem ser <a href=\"https:\/\/www.galaxus.de\/de\/joboffer\">encontradas aqui<\/a>. At\u00e9 o final deste ano, a Galaxus pretende contratar os primeiros 50 colaboradores em Neuenburg. At\u00e9 cerca de 2030, esse n\u00famero dever\u00e1 aumentar gradualmente para at\u00e9 1.000. Est\u00e3o a ser procurados profissionais de log\u00edstica, coordenadores de site, gerentes de projeto, l\u00edderes de equipe de log\u00edstica, especialistas em seguran\u00e7a e preven\u00e7\u00e3o de perdas, l\u00edderes de gest\u00e3o de instala\u00e7\u00f5es, generalistas de recursos humanos e administradores de sistemas.<\/p>\n<h5><strong>At\u00e9 agora, tudo tem avan\u00e7ado conforme o planejado<\/strong><\/h5>\n<p>Michael Stolle agradeceu tanto \u00e0s empresas parceiras, artes\u00e3os, quanto aos vizinhos e autoridades: &#8220;At\u00e9 agora, tudo tem avan\u00e7ado conforme o planejado e a constru\u00e7\u00e3o est\u00e1 a decorrer de acordo com o plano.&#8221; Ele tamb\u00e9m enfatizou qu\u00e3o importante \u00e9 para a Galaxus o tema da sustentabilidade. O segundo armaz\u00e9m ser\u00e1 equipado com um sistema solar com uma capacidade de 10 megawatts. Assim, a instala\u00e7\u00e3o fotovoltaica produzir\u00e1 cerca de 70% da energia que a cidade de Neuenburg obt\u00e9m da rede el\u00e9trica p\u00fablica.<\/p>\n<p>Est\u00e1 tamb\u00e9m planeada uma gigantesca bomba de calor revers\u00edvel, para aquecer o armaz\u00e9m durante todo o ano e resfri\u00e1-lo no ver\u00e3o. Esta ser\u00e1 totalmente alimentada por energia verde. A prop\u00f3sito de gigantesco: No armaz\u00e9m caberiam duas Allianz Arenas de Munique. Quem d\u00e1 uma volta completa ao armaz\u00e9m percorre 1,4 quil\u00f4metros.<\/p>\n<h5><strong>In\u00edcio das opera\u00e7\u00f5es no outono<\/strong><\/h5>\n<p>A Galaxus iniciar\u00e1 as opera\u00e7\u00f5es do primeiro armaz\u00e9m em Neuenburg j\u00e1 neste outono. O segundo armaz\u00e9m ser\u00e1 conclu\u00eddo at\u00e9 o final de 2025, permitindo que a Galaxus instale os equipamentos t\u00e9cnicos em 2026 ou 2027, para que, no mais tardar em 2027, tamb\u00e9m aqui possa iniciar as opera\u00e7\u00f5es.<\/p>\n<p>Foto: \u00a9 Galaxus<\/p>\n","protected":false},"excerpt":{"rendered":"<p>Neuenburg am Rhein (DE) celebrou na semana passada a festa da coloca\u00e7\u00e3o da primeira pedra: O segundo armaz\u00e9m da Galaxus na cidade do sul da Alemanha<span class=\"excerpt-hellip\"> [\u2026]<\/span><\/p>\n","protected":false},"author":0,"featured_media":4898,"comment_status":"open","ping_status":"open","sticky":false,"template":"","format":"standard","meta":{"_acf_changed":false,"footnotes":""},"categories":[1557,1560,1561],"tags":[],"class_list":["post-69481","post","type-post","status-publish","format-standard","has-post-thumbnail","hentry","category-forwarding-logistics","category-intralogistics","category-regions"],"acf":[],"yoast_head":"<!-- This site is optimized with the Yoast SEO plugin v27.3 - https:\/\/yoast.com\/product\/yoast-seo-wordpress\/ -->\n<title>O comerciante online Galaxus celebra a festa da coloca\u00e7\u00e3o da primeira pedra em Neuenburg am Rhein - Loginfo24<\/title>\n<meta name=\"robots\" content=\"index, follow, max-snippet:-1, max-image-preview:large, max-video-preview:-1\" \/>\n<link rel=\"canonical\" href=\"https:\/\/loginfo24.com\/pt-pt\/2025\/06\/14\/o-comerciante-online-galaxus-celebra-a-festa-da-colocacao-da-primeira-pedra-em-neuenburg-am-rhein\/\" \/>\n<meta property=\"og:locale\" content=\"pt_PT\" \/>\n<meta property=\"og:type\" content=\"article\" \/>\n<meta property=\"og:title\" content=\"O comerciante online Galaxus celebra a festa da coloca\u00e7\u00e3o da primeira pedra em Neuenburg am Rhein - Loginfo24\" \/>\n<meta property=\"og:description\" content=\"Neuenburg am Rhein (DE) celebrou na semana passada a festa da coloca\u00e7\u00e3o da primeira pedra: O segundo armaz\u00e9m da Galaxus na cidade do sul da Alemanha [\u2026]\" \/>\n<meta property=\"og:url\" content=\"https:\/\/loginfo24.com\/pt-pt\/2025\/06\/14\/o-comerciante-online-galaxus-celebra-a-festa-da-colocacao-da-primeira-pedra-em-neuenburg-am-rhein\/\" \/>\n<meta property=\"og:site_name\" content=\"Loginfo24\" \/>\n<meta property=\"article:publisher\" content=\"https:\/\/www.facebook.com\/people\/Loginfo24\/100057360583332\/\" \/>\n<meta property=\"article:published_time\" content=\"2025-06-14T18:10:11+00:00\" \/>\n<meta property=\"og:image\" content=\"https:\/\/loginfo24.com\/wp-content\/uploads\/sites\/7\/2025\/12\/Galaxus_14.6.25.jpg\" \/>\n\t<meta property=\"og:image:width\" content=\"1212\" \/>\n\t<meta property=\"og:image:height\" content=\"731\" \/>\n\t<meta property=\"og:image:type\" content=\"image\/jpeg\" \/>\n<meta name=\"twitter:card\" content=\"summary_large_image\" \/>\n<meta name=\"twitter:label1\" content=\"Tempo estimado de leitura\" \/>\n\t<meta name=\"twitter:data1\" content=\"4 minutos\" \/>\n<script type=\"application\/ld+json\" class=\"yoast-schema-graph\">{\"@context\":\"https:\\\/\\\/schema.org\",\"@graph\":[{\"@type\":\"Article\",\"@id\":\"https:\\\/\\\/loginfo24.com\\\/pt-pt\\\/2025\\\/06\\\/14\\\/o-comerciante-online-galaxus-celebra-a-festa-da-colocacao-da-primeira-pedra-em-neuenburg-am-rhein\\\/#article\",\"isPartOf\":{\"@id\":\"https:\\\/\\\/loginfo24.com\\\/pt-pt\\\/2025\\\/06\\\/14\\\/o-comerciante-online-galaxus-celebra-a-festa-da-colocacao-da-primeira-pedra-em-neuenburg-am-rhein\\\/\"},\"author\":{\"name\":\"\",\"@id\":\"\"},\"headline\":\"O comerciante online Galaxus celebra a festa da coloca\u00e7\u00e3o da primeira pedra em Neuenburg am Rhein\",\"datePublished\":\"2025-06-14T18:10:11+00:00\",\"mainEntityOfPage\":{\"@id\":\"https:\\\/\\\/loginfo24.com\\\/pt-pt\\\/2025\\\/06\\\/14\\\/o-comerciante-online-galaxus-celebra-a-festa-da-colocacao-da-primeira-pedra-em-neuenburg-am-rhein\\\/\"},\"wordCount\":724,\"commentCount\":0,\"publisher\":{\"@id\":\"https:\\\/\\\/loginfo24.com\\\/pt-pt\\\/#organization\"},\"image\":{\"@id\":\"https:\\\/\\\/loginfo24.com\\\/pt-pt\\\/2025\\\/06\\\/14\\\/o-comerciante-online-galaxus-celebra-a-festa-da-colocacao-da-primeira-pedra-em-neuenburg-am-rhein\\\/#primaryimage\"},\"thumbnailUrl\":\"https:\\\/\\\/loginfo24.com\\\/wp-content\\\/uploads\\\/sites\\\/7\\\/2025\\\/12\\\/Galaxus_14.6.25.jpg\",\"articleSection\":[\"Forwarding &amp; Logistics\",\"Intralogistics\",\"Regions\"],\"inLanguage\":\"pt-PT\",\"potentialAction\":[{\"@type\":\"CommentAction\",\"name\":\"Comment\",\"target\":[\"https:\\\/\\\/loginfo24.com\\\/pt-pt\\\/2025\\\/06\\\/14\\\/o-comerciante-online-galaxus-celebra-a-festa-da-colocacao-da-primeira-pedra-em-neuenburg-am-rhein\\\/#respond\"]}]},{\"@type\":\"WebPage\",\"@id\":\"https:\\\/\\\/loginfo24.com\\\/pt-pt\\\/2025\\\/06\\\/14\\\/o-comerciante-online-galaxus-celebra-a-festa-da-colocacao-da-primeira-pedra-em-neuenburg-am-rhein\\\/\",\"url\":\"https:\\\/\\\/loginfo24.com\\\/pt-pt\\\/2025\\\/06\\\/14\\\/o-comerciante-online-galaxus-celebra-a-festa-da-colocacao-da-primeira-pedra-em-neuenburg-am-rhein\\\/\",\"name\":\"O comerciante online Galaxus celebra a festa da coloca\u00e7\u00e3o da primeira pedra em Neuenburg am Rhein - Loginfo24\",\"isPartOf\":{\"@id\":\"https:\\\/\\\/loginfo24.com\\\/pt-pt\\\/#website\"},\"primaryImageOfPage\":{\"@id\":\"https:\\\/\\\/loginfo24.com\\\/pt-pt\\\/2025\\\/06\\\/14\\\/o-comerciante-online-galaxus-celebra-a-festa-da-colocacao-da-primeira-pedra-em-neuenburg-am-rhein\\\/#primaryimage\"},\"image\":{\"@id\":\"https:\\\/\\\/loginfo24.com\\\/pt-pt\\\/2025\\\/06\\\/14\\\/o-comerciante-online-galaxus-celebra-a-festa-da-colocacao-da-primeira-pedra-em-neuenburg-am-rhein\\\/#primaryimage\"},\"thumbnailUrl\":\"https:\\\/\\\/loginfo24.com\\\/wp-content\\\/uploads\\\/sites\\\/7\\\/2025\\\/12\\\/Galaxus_14.6.25.jpg\",\"datePublished\":\"2025-06-14T18:10:11+00:00\",\"breadcrumb\":{\"@id\":\"https:\\\/\\\/loginfo24.com\\\/pt-pt\\\/2025\\\/06\\\/14\\\/o-comerciante-online-galaxus-celebra-a-festa-da-colocacao-da-primeira-pedra-em-neuenburg-am-rhein\\\/#breadcrumb\"},\"inLanguage\":\"pt-PT\",\"potentialAction\":[{\"@type\":\"ReadAction\",\"target\":[\"https:\\\/\\\/loginfo24.com\\\/pt-pt\\\/2025\\\/06\\\/14\\\/o-comerciante-online-galaxus-celebra-a-festa-da-colocacao-da-primeira-pedra-em-neuenburg-am-rhein\\\/\"]}]},{\"@type\":\"ImageObject\",\"inLanguage\":\"pt-PT\",\"@id\":\"https:\\\/\\\/loginfo24.com\\\/pt-pt\\\/2025\\\/06\\\/14\\\/o-comerciante-online-galaxus-celebra-a-festa-da-colocacao-da-primeira-pedra-em-neuenburg-am-rhein\\\/#primaryimage\",\"url\":\"https:\\\/\\\/loginfo24.com\\\/wp-content\\\/uploads\\\/sites\\\/7\\\/2025\\\/12\\\/Galaxus_14.6.25.jpg\",\"contentUrl\":\"https:\\\/\\\/loginfo24.com\\\/wp-content\\\/uploads\\\/sites\\\/7\\\/2025\\\/12\\\/Galaxus_14.6.25.jpg\",\"width\":1212,\"height\":731},{\"@type\":\"BreadcrumbList\",\"@id\":\"https:\\\/\\\/loginfo24.com\\\/pt-pt\\\/2025\\\/06\\\/14\\\/o-comerciante-online-galaxus-celebra-a-festa-da-colocacao-da-primeira-pedra-em-neuenburg-am-rhein\\\/#breadcrumb\",\"itemListElement\":[{\"@type\":\"ListItem\",\"position\":1,\"name\":\"Startseite\",\"item\":\"https:\\\/\\\/loginfo24.com\\\/pt-pt\\\/\"},{\"@type\":\"ListItem\",\"position\":2,\"name\":\"O comerciante online Galaxus celebra a festa da coloca\u00e7\u00e3o da primeira pedra em Neuenburg am Rhein\"}]},{\"@type\":\"WebSite\",\"@id\":\"https:\\\/\\\/loginfo24.com\\\/pt-pt\\\/#website\",\"url\":\"https:\\\/\\\/loginfo24.com\\\/pt-pt\\\/\",\"name\":\"Loginfo24\",\"description\":\"Loginfo24 \u00e9 a plataforma dedicada \u00e0 log\u00edstica e \u00e0s cadeias de abastecimento, com informa\u00e7\u00f5es dispon\u00edveis 24 horas por dia.\",\"publisher\":{\"@id\":\"https:\\\/\\\/loginfo24.com\\\/pt-pt\\\/#organization\"},\"potentialAction\":[{\"@type\":\"SearchAction\",\"target\":{\"@type\":\"EntryPoint\",\"urlTemplate\":\"https:\\\/\\\/loginfo24.com\\\/pt-pt\\\/?s={search_term_string}\"},\"query-input\":{\"@type\":\"PropertyValueSpecification\",\"valueRequired\":true,\"valueName\":\"search_term_string\"}}],\"inLanguage\":\"pt-PT\"},{\"@type\":\"Organization\",\"@id\":\"https:\\\/\\\/loginfo24.com\\\/pt-pt\\\/#organization\",\"name\":\"Logismedia Group AG\",\"url\":\"https:\\\/\\\/loginfo24.com\\\/pt-pt\\\/\",\"logo\":{\"@type\":\"ImageObject\",\"inLanguage\":\"pt-PT\",\"@id\":\"https:\\\/\\\/loginfo24.com\\\/pt-pt\\\/#\\\/schema\\\/logo\\\/image\\\/\",\"url\":\"https:\\\/\\\/loginfo24.com\\\/wp-content\\\/uploads\\\/sites\\\/7\\\/2026\\\/01\\\/Logo_LogInfo24.png\",\"contentUrl\":\"https:\\\/\\\/loginfo24.com\\\/wp-content\\\/uploads\\\/sites\\\/7\\\/2026\\\/01\\\/Logo_LogInfo24.png\",\"width\":938,\"height\":351,\"caption\":\"Logismedia Group AG\"},\"image\":{\"@id\":\"https:\\\/\\\/loginfo24.com\\\/pt-pt\\\/#\\\/schema\\\/logo\\\/image\\\/\"},\"sameAs\":[\"https:\\\/\\\/www.facebook.com\\\/people\\\/Loginfo24\\\/100057360583332\\\/\",\"https:\\\/\\\/www.linkedin.com\\\/company\\\/lofinfo24\\\/\"]}]}<\/script>\n<!-- \/ Yoast SEO plugin. -->","yoast_head_json":{"title":"O comerciante online Galaxus celebra a festa da coloca\u00e7\u00e3o da primeira pedra em Neuenburg am Rhein - Loginfo24","robots":{"index":"index","follow":"follow","max-snippet":"max-snippet:-1","max-image-preview":"max-image-preview:large","max-video-preview":"max-video-preview:-1"},"canonical":"https:\/\/loginfo24.com\/pt-pt\/2025\/06\/14\/o-comerciante-online-galaxus-celebra-a-festa-da-colocacao-da-primeira-pedra-em-neuenburg-am-rhein\/","og_locale":"pt_PT","og_type":"article","og_title":"O comerciante online Galaxus celebra a festa da coloca\u00e7\u00e3o da primeira pedra em Neuenburg am Rhein - Loginfo24","og_description":"Neuenburg am Rhein (DE) celebrou na semana passada a festa da coloca\u00e7\u00e3o da primeira pedra: O segundo armaz\u00e9m da Galaxus na cidade do sul da Alemanha [\u2026]","og_url":"https:\/\/loginfo24.com\/pt-pt\/2025\/06\/14\/o-comerciante-online-galaxus-celebra-a-festa-da-colocacao-da-primeira-pedra-em-neuenburg-am-rhein\/","og_site_name":"Loginfo24","article_publisher":"https:\/\/www.facebook.com\/people\/Loginfo24\/100057360583332\/","article_published_time":"2025-06-14T18:10:11+00:00","og_image":[{"width":1212,"height":731,"url":"https:\/\/loginfo24.com\/wp-content\/uploads\/sites\/7\/2025\/12\/Galaxus_14.6.25.jpg","type":"image\/jpeg"}],"twitter_card":"summary_large_image","twitter_misc":{"Tempo estimado de leitura":"4 minutos"},"schema":{"@context":"https:\/\/schema.org","@graph":[{"@type":"Article","@id":"https:\/\/loginfo24.com\/pt-pt\/2025\/06\/14\/o-comerciante-online-galaxus-celebra-a-festa-da-colocacao-da-primeira-pedra-em-neuenburg-am-rhein\/#article","isPartOf":{"@id":"https:\/\/loginfo24.com\/pt-pt\/2025\/06\/14\/o-comerciante-online-galaxus-celebra-a-festa-da-colocacao-da-primeira-pedra-em-neuenburg-am-rhein\/"},"author":{"name":"","@id":""},"headline":"O comerciante online Galaxus celebra a festa da coloca\u00e7\u00e3o da primeira pedra em Neuenburg am Rhein","datePublished":"2025-06-14T18:10:11+00:00","mainEntityOfPage":{"@id":"https:\/\/loginfo24.com\/pt-pt\/2025\/06\/14\/o-comerciante-online-galaxus-celebra-a-festa-da-colocacao-da-primeira-pedra-em-neuenburg-am-rhein\/"},"wordCount":724,"commentCount":0,"publisher":{"@id":"https:\/\/loginfo24.com\/pt-pt\/#organization"},"image":{"@id":"https:\/\/loginfo24.com\/pt-pt\/2025\/06\/14\/o-comerciante-online-galaxus-celebra-a-festa-da-colocacao-da-primeira-pedra-em-neuenburg-am-rhein\/#primaryimage"},"thumbnailUrl":"https:\/\/loginfo24.com\/wp-content\/uploads\/sites\/7\/2025\/12\/Galaxus_14.6.25.jpg","articleSection":["Forwarding &amp; Logistics","Intralogistics","Regions"],"inLanguage":"pt-PT","potentialAction":[{"@type":"CommentAction","name":"Comment","target":["https:\/\/loginfo24.com\/pt-pt\/2025\/06\/14\/o-comerciante-online-galaxus-celebra-a-festa-da-colocacao-da-primeira-pedra-em-neuenburg-am-rhein\/#respond"]}]},{"@type":"WebPage","@id":"https:\/\/loginfo24.com\/pt-pt\/2025\/06\/14\/o-comerciante-online-galaxus-celebra-a-festa-da-colocacao-da-primeira-pedra-em-neuenburg-am-rhein\/","url":"https:\/\/loginfo24.com\/pt-pt\/2025\/06\/14\/o-comerciante-online-galaxus-celebra-a-festa-da-colocacao-da-primeira-pedra-em-neuenburg-am-rhein\/","name":"O comerciante online Galaxus celebra a festa da coloca\u00e7\u00e3o da primeira pedra em Neuenburg am Rhein - Loginfo24","isPartOf":{"@id":"https:\/\/loginfo24.com\/pt-pt\/#website"},"primaryImageOfPage":{"@id":"https:\/\/loginfo24.com\/pt-pt\/2025\/06\/14\/o-comerciante-online-galaxus-celebra-a-festa-da-colocacao-da-primeira-pedra-em-neuenburg-am-rhein\/#primaryimage"},"image":{"@id":"https:\/\/loginfo24.com\/pt-pt\/2025\/06\/14\/o-comerciante-online-galaxus-celebra-a-festa-da-colocacao-da-primeira-pedra-em-neuenburg-am-rhein\/#primaryimage"},"thumbnailUrl":"https:\/\/loginfo24.com\/wp-content\/uploads\/sites\/7\/2025\/12\/Galaxus_14.6.25.jpg","datePublished":"2025-06-14T18:10:11+00:00","breadcrumb":{"@id":"https:\/\/loginfo24.com\/pt-pt\/2025\/06\/14\/o-comerciante-online-galaxus-celebra-a-festa-da-colocacao-da-primeira-pedra-em-neuenburg-am-rhein\/#breadcrumb"},"inLanguage":"pt-PT","potentialAction":[{"@type":"ReadAction","target":["https:\/\/loginfo24.com\/pt-pt\/2025\/06\/14\/o-comerciante-online-galaxus-celebra-a-festa-da-colocacao-da-primeira-pedra-em-neuenburg-am-rhein\/"]}]},{"@type":"ImageObject","inLanguage":"pt-PT","@id":"https:\/\/loginfo24.com\/pt-pt\/2025\/06\/14\/o-comerciante-online-galaxus-celebra-a-festa-da-colocacao-da-primeira-pedra-em-neuenburg-am-rhein\/#primaryimage","url":"https:\/\/loginfo24.com\/wp-content\/uploads\/sites\/7\/2025\/12\/Galaxus_14.6.25.jpg","contentUrl":"https:\/\/loginfo24.com\/wp-content\/uploads\/sites\/7\/2025\/12\/Galaxus_14.6.25.jpg","width":1212,"height":731},{"@type":"BreadcrumbList","@id":"https:\/\/loginfo24.com\/pt-pt\/2025\/06\/14\/o-comerciante-online-galaxus-celebra-a-festa-da-colocacao-da-primeira-pedra-em-neuenburg-am-rhein\/#breadcrumb","itemListElement":[{"@type":"ListItem","position":1,"name":"Startseite","item":"https:\/\/loginfo24.com\/pt-pt\/"},{"@type":"ListItem","position":2,"name":"O comerciante online Galaxus celebra a festa da coloca\u00e7\u00e3o da primeira pedra em Neuenburg am Rhein"}]},{"@type":"WebSite","@id":"https:\/\/loginfo24.com\/pt-pt\/#website","url":"https:\/\/loginfo24.com\/pt-pt\/","name":"Loginfo24","description":"Loginfo24 \u00e9 a plataforma dedicada \u00e0 log\u00edstica e \u00e0s cadeias de abastecimento, com informa\u00e7\u00f5es dispon\u00edveis 24 horas por dia.","publisher":{"@id":"https:\/\/loginfo24.com\/pt-pt\/#organization"},"potentialAction":[{"@type":"SearchAction","target":{"@type":"EntryPoint","urlTemplate":"https:\/\/loginfo24.com\/pt-pt\/?s={search_term_string}"},"query-input":{"@type":"PropertyValueSpecification","valueRequired":true,"valueName":"search_term_string"}}],"inLanguage":"pt-PT"},{"@type":"Organization","@id":"https:\/\/loginfo24.com\/pt-pt\/#organization","name":"Logismedia Group AG","url":"https:\/\/loginfo24.com\/pt-pt\/","logo":{"@type":"ImageObject","inLanguage":"pt-PT","@id":"https:\/\/loginfo24.com\/pt-pt\/#\/schema\/logo\/image\/","url":"https:\/\/loginfo24.com\/wp-content\/uploads\/sites\/7\/2026\/01\/Logo_LogInfo24.png","contentUrl":"https:\/\/loginfo24.com\/wp-content\/uploads\/sites\/7\/2026\/01\/Logo_LogInfo24.png","width":938,"height":351,"caption":"Logismedia Group AG"},"image":{"@id":"https:\/\/loginfo24.com\/pt-pt\/#\/schema\/logo\/image\/"},"sameAs":["https:\/\/www.facebook.com\/people\/Loginfo24\/100057360583332\/","https:\/\/www.linkedin.com\/company\/lofinfo24\/"]}]}},"_links":{"self":[{"href":"https:\/\/loginfo24.com\/pt-pt\/wp-json\/wp\/v2\/posts\/69481","targetHints":{"allow":["GET"]}}],"collection":[{"href":"https:\/\/loginfo24.com\/pt-pt\/wp-json\/wp\/v2\/posts"}],"about":[{"href":"https:\/\/loginfo24.com\/pt-pt\/wp-json\/wp\/v2\/types\/post"}],"replies":[{"embeddable":true,"href":"https:\/\/loginfo24.com\/pt-pt\/wp-json\/wp\/v2\/comments?post=69481"}],"version-history":[{"count":0,"href":"https:\/\/loginfo24.com\/pt-pt\/wp-json\/wp\/v2\/posts\/69481\/revisions"}],"wp:featuredmedia":[{"embeddable":true,"href":"https:\/\/loginfo24.com\/pt-pt\/wp-json\/wp\/v2\/media\/4898"}],"wp:attachment":[{"href":"https:\/\/loginfo24.com\/pt-pt\/wp-json\/wp\/v2\/media?parent=69481"}],"wp:term":[{"taxonomy":"category","embeddable":true,"href":"https:\/\/loginfo24.com\/pt-pt\/wp-json\/wp\/v2\/categories?post=69481"},{"taxonomy":"post_tag","embeddable":true,"href":"https:\/\/loginfo24.com\/pt-pt\/wp-json\/wp\/v2\/tags?post=69481"}],"curies":[{"name":"wp","href":"https:\/\/api.w.org\/{rel}","templated":true}]}}