{"id":69268,"date":"2025-05-23T18:45:56","date_gmt":"2025-05-23T16:45:56","guid":{"rendered":"https:\/\/blog.brand-architecture.at\/2025\/05\/23\/dhl-apresenta-caminhao-erev-da-scania-em-leipzig\/"},"modified":"2025-05-23T18:45:56","modified_gmt":"2025-05-23T16:45:56","slug":"dhl-apresenta-caminhao-erev-da-scania-em-leipzig","status":"publish","type":"post","link":"https:\/\/loginfo24.com\/pt-pt\/2025\/05\/23\/dhl-apresenta-caminhao-erev-da-scania-em-leipzig\/","title":{"rendered":"DHL apresenta caminh\u00e3o EREV da Scania em Leipzig"},"content":{"rendered":"<h5><strong>A DHL Group apresentou hoje no F\u00f3rum Internacional de Transporte da OCDE em Leipzig o &#8220;Ve\u00edculo El\u00e9trico de Alcance Estendido&#8221; (EREV), desenvolvido em conjunto com o fabricante de ve\u00edculos comerciais Scania. O EREV \u00e9 um caminh\u00e3o el\u00e9trico equipado com um gerador de backup movido a combust\u00edvel, que gera eletricidade para recarregar as baterias quando estas est\u00e3o se esgotando.<\/strong><\/h5>\n<p>(Bonn\/Leipzig) Este novo conceito de caminh\u00e3o est\u00e1 sendo testado intensivamente pela DHL para o transporte de pacotes entre Berlim e Hamburgo. Os resultados ap\u00f3s os primeiros 100 dias s\u00e3o muito positivos: o EREV percorreu cerca de 22.000 quil\u00f4metros e esteve em modo el\u00e9trico mais de 90% do tempo. O prolongador de alcance foi ativado apenas em cerca de 8,1% dos quil\u00f4metros percorridos. Como resultado, o EREV economizou mais de 90% das emiss\u00f5es de CO<sub>2<\/sub>e em compara\u00e7\u00e3o com um caminh\u00e3o diesel convencional durante a fase de teste.<\/p>\n<p>Ao mesmo tempo, ele aumenta a flexibilidade operacional, fornecendo uma reserva de energia adicional quando n\u00e3o h\u00e1 esta\u00e7\u00e3o de carregamento dispon\u00edvel \u2013 ao contr\u00e1rio de um caminh\u00e3o totalmente el\u00e9trico. O gerador em si n\u00e3o pode acionar diretamente o eixo motriz do ve\u00edculo. Nesse aspecto, o EREV se diferencia dos ve\u00edculos h\u00edbridos convencionais. Em vez disso, \u00e9 um conceito inovador com grande potencial para apoiar a transi\u00e7\u00e3o para o transporte eletrificado. O teste entre os centros de pacotes da DHL em Berlim e Hamburgo mostrou que o EREV \u00e9 um meio de transporte pr\u00e1tico e, acima de tudo, sustent\u00e1vel para a log\u00edstica.<\/p>\n<h5>Condi\u00e7\u00f5es regulat\u00f3rias adequadas s\u00e3o necess\u00e1rias<\/h5>\n<p>Sobre isso, Tobias Meyer, presidente do conselho da DHL Group, afirmou: &#8220;Todos n\u00f3s \u2013 empresas, pol\u00edtica e sociedade \u2013 queremos menos emiss\u00f5es por meio de maior mobilidade el\u00e9trica no transporte de mercadorias. Ao mesmo tempo, todos os especialistas sabem que a transi\u00e7\u00e3o para caminh\u00f5es totalmente el\u00e9tricos levar\u00e1 muitos anos, principalmente porque a rede el\u00e9trica e a infraestrutura de carregamento s\u00e3o insuficientes. Mas n\u00e3o devemos ser for\u00e7ados a esperar. Precisamos de solu\u00e7\u00f5es pragm\u00e1ticas como o EREV e decis\u00f5es pol\u00edticas r\u00e1pidas para permitir essas tecnologias de transi\u00e7\u00e3o. Queremos descarbonizar o setor de transporte agora. A regulamenta\u00e7\u00e3o deve nos apoiar, n\u00e3o nos impedir.&#8221;<\/p>\n<p><img loading=\"lazy\" decoding=\"async\" class=\"wp-image-28882\" src=\"https:\/\/loginfo24.com\/wp-content\/uploads\/sites\/7\/2025\/12\/DHL_23.5.25_1-scaled-1.jpg\" alt=\"\" width=\"755\" height=\"503\" \/> O novo Ministro Federal dos Transportes, Patrick Schnieder (esquerda), tamb\u00e9m se fez presente, junto com Dr. Tobias Meyer, presidente do conselho da DHL Group, para ver de perto<\/caption>\n<p>O teste bem-sucedido do EREV demonstrou que a pegada ambiental deste ve\u00edculo pode se aproximar da de um caminh\u00e3o totalmente el\u00e9trico. O c\u00e1lculo da taxa de rodagem e dos valores de emiss\u00f5es para os limites de frota da UE deve refletir as emiss\u00f5es reais ou realisticamente esperadas, o que atualmente n\u00e3o \u00e9 o caso para o EREV. Um ve\u00edculo deve pagar a taxa de rodagem de caminh\u00e3o de CO<sub>2<\/sub> de acordo com suas emiss\u00f5es efetivas de gases de efeito estufa. Os formuladores de pol\u00edticas devem apoiar isso, introduzindo uma classe de emiss\u00f5es adicional que reconhe\u00e7a redu\u00e7\u00f5es proporcionais de emiss\u00f5es de CO<sub>2<\/sub> com base em emiss\u00f5es certificadas no \u00e2mbito da legisla\u00e7\u00e3o sobre taxas de rodagem. A DHL acolhe com satisfa\u00e7\u00e3o o acordo de coaliz\u00e3o do novo governo alem\u00e3o, que inclui o apoio aos EREVs, como um passo na dire\u00e7\u00e3o certa e pede uma implementa\u00e7\u00e3o oportuna das regulamenta\u00e7\u00f5es correspondentes.<\/p>\n<h5>91,9% do tempo em opera\u00e7\u00e3o totalmente el\u00e9trica<\/h5>\n<p>Desde fevereiro, o EREV est\u00e1 sendo utilizado na \u00e1rea de neg\u00f3cios de Correios &amp; Pacotes da Alemanha para o transporte entre os centros de pacotes em Ludwigsfelde, perto de Berlim, e Hamburgo. Durante esse per\u00edodo, o caminh\u00e3o percorreu cerca de 22.000 quil\u00f4metros e, geralmente, completou a rota de aproximadamente 250 quil\u00f4metros com energia el\u00e9trica renov\u00e1vel, que foi carregada pela rede el\u00e9trica. Em dias mais frios ou em caso de problemas de carregamento imprevistos (como esta\u00e7\u00f5es de carregamento ocupadas ou com defeito), que exigiam um alcance adicional, o prolongador de alcance foi ativado, oferecendo flexibilidade adicional como backup. Esta \u00e9 uma vantagem significativa em rela\u00e7\u00e3o aos caminh\u00f5es totalmente el\u00e9tricos, especialmente porque facilita um planejamento de rotas confi\u00e1vel \u2013 algo que \u00e9 indispens\u00e1vel na log\u00edstica.<\/p>\n<p>Na primeira fase do teste, o EREV operou 91,9% do tempo em modo totalmente el\u00e9trico, com 8,1% da energia fornecida pelo prolongador de alcance embutido. Em compara\u00e7\u00e3o com um caminh\u00e3o convencional, o EREV economizou at\u00e9 agora mais de 90% das emiss\u00f5es de CO<sub>2<\/sub>e, resultando em cerca de 16 toneladas a menos de emiss\u00f5es de gases de efeito estufa durante a fase de teste em compara\u00e7\u00e3o com um caminh\u00e3o diesel compar\u00e1vel. No futuro, as emiss\u00f5es poderiam ser ainda mais reduzidas utilizando combust\u00edveis de fontes renov\u00e1veis, como biodiesel, para a pequena parte de energia fornecida pelo gerador.<\/p>\n<p>Fotos: \u00a9 DHL\/Jens Schlueter<\/p>\n","protected":false},"excerpt":{"rendered":"<p>A DHL Group apresentou hoje no F\u00f3rum Internacional de Transporte da OCDE em Leipzig o &#8220;Ve\u00edculo El\u00e9trico de Alcance Estendido&#8221; (EREV), desenvolvido em conjunto com o<span class=\"excerpt-hellip\"> [\u2026]<\/span><\/p>\n","protected":false},"author":0,"featured_media":4973,"comment_status":"open","ping_status":"open","sticky":false,"template":"","format":"standard","meta":{"_acf_changed":false,"footnotes":""},"categories":[1557,1556,1561],"tags":[],"class_list":["post-69268","post","type-post","status-publish","format-standard","has-post-thumbnail","hentry","category-forwarding-logistics","category-intermodal-road","category-regions"],"acf":[],"yoast_head":"<!-- This site is optimized with the Yoast SEO plugin v27.3 - https:\/\/yoast.com\/product\/yoast-seo-wordpress\/ -->\n<title>DHL apresenta caminh\u00e3o EREV da Scania em Leipzig - Loginfo24<\/title>\n<meta name=\"robots\" content=\"index, follow, max-snippet:-1, max-image-preview:large, max-video-preview:-1\" \/>\n<link rel=\"canonical\" href=\"https:\/\/loginfo24.com\/pt-pt\/2025\/05\/23\/dhl-apresenta-caminhao-erev-da-scania-em-leipzig\/\" \/>\n<meta property=\"og:locale\" content=\"pt_PT\" \/>\n<meta property=\"og:type\" content=\"article\" \/>\n<meta property=\"og:title\" content=\"DHL apresenta caminh\u00e3o EREV da Scania em Leipzig - Loginfo24\" \/>\n<meta property=\"og:description\" content=\"A DHL Group apresentou hoje no F\u00f3rum Internacional de Transporte da OCDE em Leipzig o &#8220;Ve\u00edculo El\u00e9trico de Alcance Estendido&#8221; (EREV), desenvolvido em conjunto com o [\u2026]\" \/>\n<meta property=\"og:url\" content=\"https:\/\/loginfo24.com\/pt-pt\/2025\/05\/23\/dhl-apresenta-caminhao-erev-da-scania-em-leipzig\/\" \/>\n<meta property=\"og:site_name\" content=\"Loginfo24\" \/>\n<meta property=\"article:publisher\" content=\"https:\/\/www.facebook.com\/people\/Loginfo24\/100057360583332\/\" \/>\n<meta property=\"article:published_time\" content=\"2025-05-23T16:45:56+00:00\" \/>\n<meta property=\"og:image\" content=\"https:\/\/loginfo24.com\/wp-content\/uploads\/sites\/7\/2025\/12\/2DHL_23.5.25_1-scaled-1.jpg\" \/>\n\t<meta property=\"og:image:width\" content=\"2560\" \/>\n\t<meta property=\"og:image:height\" content=\"1708\" \/>\n\t<meta property=\"og:image:type\" content=\"image\/jpeg\" \/>\n<meta name=\"twitter:card\" content=\"summary_large_image\" \/>\n<meta name=\"twitter:label1\" content=\"Tempo estimado de leitura\" \/>\n\t<meta name=\"twitter:data1\" content=\"4 minutos\" \/>\n<script type=\"application\/ld+json\" class=\"yoast-schema-graph\">{\"@context\":\"https:\\\/\\\/schema.org\",\"@graph\":[{\"@type\":\"Article\",\"@id\":\"https:\\\/\\\/loginfo24.com\\\/pt-pt\\\/2025\\\/05\\\/23\\\/dhl-apresenta-caminhao-erev-da-scania-em-leipzig\\\/#article\",\"isPartOf\":{\"@id\":\"https:\\\/\\\/loginfo24.com\\\/pt-pt\\\/2025\\\/05\\\/23\\\/dhl-apresenta-caminhao-erev-da-scania-em-leipzig\\\/\"},\"author\":{\"name\":\"\",\"@id\":\"\"},\"headline\":\"DHL apresenta caminh\u00e3o EREV da Scania em Leipzig\",\"datePublished\":\"2025-05-23T16:45:56+00:00\",\"mainEntityOfPage\":{\"@id\":\"https:\\\/\\\/loginfo24.com\\\/pt-pt\\\/2025\\\/05\\\/23\\\/dhl-apresenta-caminhao-erev-da-scania-em-leipzig\\\/\"},\"wordCount\":860,\"commentCount\":0,\"publisher\":{\"@id\":\"https:\\\/\\\/loginfo24.com\\\/pt-pt\\\/#organization\"},\"image\":{\"@id\":\"https:\\\/\\\/loginfo24.com\\\/pt-pt\\\/2025\\\/05\\\/23\\\/dhl-apresenta-caminhao-erev-da-scania-em-leipzig\\\/#primaryimage\"},\"thumbnailUrl\":\"https:\\\/\\\/loginfo24.com\\\/wp-content\\\/uploads\\\/sites\\\/7\\\/2025\\\/12\\\/2DHL_23.5.25_1-scaled-1.jpg\",\"articleSection\":[\"Forwarding &amp; Logistics\",\"Intermodal \\\/ Road\",\"Regions\"],\"inLanguage\":\"pt-PT\",\"potentialAction\":[{\"@type\":\"CommentAction\",\"name\":\"Comment\",\"target\":[\"https:\\\/\\\/loginfo24.com\\\/pt-pt\\\/2025\\\/05\\\/23\\\/dhl-apresenta-caminhao-erev-da-scania-em-leipzig\\\/#respond\"]}]},{\"@type\":\"WebPage\",\"@id\":\"https:\\\/\\\/loginfo24.com\\\/pt-pt\\\/2025\\\/05\\\/23\\\/dhl-apresenta-caminhao-erev-da-scania-em-leipzig\\\/\",\"url\":\"https:\\\/\\\/loginfo24.com\\\/pt-pt\\\/2025\\\/05\\\/23\\\/dhl-apresenta-caminhao-erev-da-scania-em-leipzig\\\/\",\"name\":\"DHL apresenta caminh\u00e3o EREV da Scania em Leipzig - Loginfo24\",\"isPartOf\":{\"@id\":\"https:\\\/\\\/loginfo24.com\\\/pt-pt\\\/#website\"},\"primaryImageOfPage\":{\"@id\":\"https:\\\/\\\/loginfo24.com\\\/pt-pt\\\/2025\\\/05\\\/23\\\/dhl-apresenta-caminhao-erev-da-scania-em-leipzig\\\/#primaryimage\"},\"image\":{\"@id\":\"https:\\\/\\\/loginfo24.com\\\/pt-pt\\\/2025\\\/05\\\/23\\\/dhl-apresenta-caminhao-erev-da-scania-em-leipzig\\\/#primaryimage\"},\"thumbnailUrl\":\"https:\\\/\\\/loginfo24.com\\\/wp-content\\\/uploads\\\/sites\\\/7\\\/2025\\\/12\\\/2DHL_23.5.25_1-scaled-1.jpg\",\"datePublished\":\"2025-05-23T16:45:56+00:00\",\"breadcrumb\":{\"@id\":\"https:\\\/\\\/loginfo24.com\\\/pt-pt\\\/2025\\\/05\\\/23\\\/dhl-apresenta-caminhao-erev-da-scania-em-leipzig\\\/#breadcrumb\"},\"inLanguage\":\"pt-PT\",\"potentialAction\":[{\"@type\":\"ReadAction\",\"target\":[\"https:\\\/\\\/loginfo24.com\\\/pt-pt\\\/2025\\\/05\\\/23\\\/dhl-apresenta-caminhao-erev-da-scania-em-leipzig\\\/\"]}]},{\"@type\":\"ImageObject\",\"inLanguage\":\"pt-PT\",\"@id\":\"https:\\\/\\\/loginfo24.com\\\/pt-pt\\\/2025\\\/05\\\/23\\\/dhl-apresenta-caminhao-erev-da-scania-em-leipzig\\\/#primaryimage\",\"url\":\"https:\\\/\\\/loginfo24.com\\\/wp-content\\\/uploads\\\/sites\\\/7\\\/2025\\\/12\\\/2DHL_23.5.25_1-scaled-1.jpg\",\"contentUrl\":\"https:\\\/\\\/loginfo24.com\\\/wp-content\\\/uploads\\\/sites\\\/7\\\/2025\\\/12\\\/2DHL_23.5.25_1-scaled-1.jpg\",\"width\":2560,\"height\":1708},{\"@type\":\"BreadcrumbList\",\"@id\":\"https:\\\/\\\/loginfo24.com\\\/pt-pt\\\/2025\\\/05\\\/23\\\/dhl-apresenta-caminhao-erev-da-scania-em-leipzig\\\/#breadcrumb\",\"itemListElement\":[{\"@type\":\"ListItem\",\"position\":1,\"name\":\"Startseite\",\"item\":\"https:\\\/\\\/loginfo24.com\\\/pt-pt\\\/\"},{\"@type\":\"ListItem\",\"position\":2,\"name\":\"DHL apresenta caminh\u00e3o EREV da Scania em Leipzig\"}]},{\"@type\":\"WebSite\",\"@id\":\"https:\\\/\\\/loginfo24.com\\\/pt-pt\\\/#website\",\"url\":\"https:\\\/\\\/loginfo24.com\\\/pt-pt\\\/\",\"name\":\"Loginfo24\",\"description\":\"Loginfo24 \u00e9 a plataforma dedicada \u00e0 log\u00edstica e \u00e0s cadeias de abastecimento, com informa\u00e7\u00f5es dispon\u00edveis 24 horas por dia.\",\"publisher\":{\"@id\":\"https:\\\/\\\/loginfo24.com\\\/pt-pt\\\/#organization\"},\"potentialAction\":[{\"@type\":\"SearchAction\",\"target\":{\"@type\":\"EntryPoint\",\"urlTemplate\":\"https:\\\/\\\/loginfo24.com\\\/pt-pt\\\/?s={search_term_string}\"},\"query-input\":{\"@type\":\"PropertyValueSpecification\",\"valueRequired\":true,\"valueName\":\"search_term_string\"}}],\"inLanguage\":\"pt-PT\"},{\"@type\":\"Organization\",\"@id\":\"https:\\\/\\\/loginfo24.com\\\/pt-pt\\\/#organization\",\"name\":\"Logismedia Group AG\",\"url\":\"https:\\\/\\\/loginfo24.com\\\/pt-pt\\\/\",\"logo\":{\"@type\":\"ImageObject\",\"inLanguage\":\"pt-PT\",\"@id\":\"https:\\\/\\\/loginfo24.com\\\/pt-pt\\\/#\\\/schema\\\/logo\\\/image\\\/\",\"url\":\"https:\\\/\\\/loginfo24.com\\\/wp-content\\\/uploads\\\/sites\\\/7\\\/2026\\\/01\\\/Logo_LogInfo24.png\",\"contentUrl\":\"https:\\\/\\\/loginfo24.com\\\/wp-content\\\/uploads\\\/sites\\\/7\\\/2026\\\/01\\\/Logo_LogInfo24.png\",\"width\":938,\"height\":351,\"caption\":\"Logismedia Group AG\"},\"image\":{\"@id\":\"https:\\\/\\\/loginfo24.com\\\/pt-pt\\\/#\\\/schema\\\/logo\\\/image\\\/\"},\"sameAs\":[\"https:\\\/\\\/www.facebook.com\\\/people\\\/Loginfo24\\\/100057360583332\\\/\",\"https:\\\/\\\/www.linkedin.com\\\/company\\\/lofinfo24\\\/\"]}]}<\/script>\n<!-- \/ Yoast SEO plugin. -->","yoast_head_json":{"title":"DHL apresenta caminh\u00e3o EREV da Scania em Leipzig - Loginfo24","robots":{"index":"index","follow":"follow","max-snippet":"max-snippet:-1","max-image-preview":"max-image-preview:large","max-video-preview":"max-video-preview:-1"},"canonical":"https:\/\/loginfo24.com\/pt-pt\/2025\/05\/23\/dhl-apresenta-caminhao-erev-da-scania-em-leipzig\/","og_locale":"pt_PT","og_type":"article","og_title":"DHL apresenta caminh\u00e3o EREV da Scania em Leipzig - Loginfo24","og_description":"A DHL Group apresentou hoje no F\u00f3rum Internacional de Transporte da OCDE em Leipzig o &#8220;Ve\u00edculo El\u00e9trico de Alcance Estendido&#8221; (EREV), desenvolvido em conjunto com o [\u2026]","og_url":"https:\/\/loginfo24.com\/pt-pt\/2025\/05\/23\/dhl-apresenta-caminhao-erev-da-scania-em-leipzig\/","og_site_name":"Loginfo24","article_publisher":"https:\/\/www.facebook.com\/people\/Loginfo24\/100057360583332\/","article_published_time":"2025-05-23T16:45:56+00:00","og_image":[{"width":2560,"height":1708,"url":"https:\/\/loginfo24.com\/wp-content\/uploads\/sites\/7\/2025\/12\/2DHL_23.5.25_1-scaled-1.jpg","type":"image\/jpeg"}],"twitter_card":"summary_large_image","twitter_misc":{"Tempo estimado de leitura":"4 minutos"},"schema":{"@context":"https:\/\/schema.org","@graph":[{"@type":"Article","@id":"https:\/\/loginfo24.com\/pt-pt\/2025\/05\/23\/dhl-apresenta-caminhao-erev-da-scania-em-leipzig\/#article","isPartOf":{"@id":"https:\/\/loginfo24.com\/pt-pt\/2025\/05\/23\/dhl-apresenta-caminhao-erev-da-scania-em-leipzig\/"},"author":{"name":"","@id":""},"headline":"DHL apresenta caminh\u00e3o EREV da Scania em Leipzig","datePublished":"2025-05-23T16:45:56+00:00","mainEntityOfPage":{"@id":"https:\/\/loginfo24.com\/pt-pt\/2025\/05\/23\/dhl-apresenta-caminhao-erev-da-scania-em-leipzig\/"},"wordCount":860,"commentCount":0,"publisher":{"@id":"https:\/\/loginfo24.com\/pt-pt\/#organization"},"image":{"@id":"https:\/\/loginfo24.com\/pt-pt\/2025\/05\/23\/dhl-apresenta-caminhao-erev-da-scania-em-leipzig\/#primaryimage"},"thumbnailUrl":"https:\/\/loginfo24.com\/wp-content\/uploads\/sites\/7\/2025\/12\/2DHL_23.5.25_1-scaled-1.jpg","articleSection":["Forwarding &amp; Logistics","Intermodal \/ Road","Regions"],"inLanguage":"pt-PT","potentialAction":[{"@type":"CommentAction","name":"Comment","target":["https:\/\/loginfo24.com\/pt-pt\/2025\/05\/23\/dhl-apresenta-caminhao-erev-da-scania-em-leipzig\/#respond"]}]},{"@type":"WebPage","@id":"https:\/\/loginfo24.com\/pt-pt\/2025\/05\/23\/dhl-apresenta-caminhao-erev-da-scania-em-leipzig\/","url":"https:\/\/loginfo24.com\/pt-pt\/2025\/05\/23\/dhl-apresenta-caminhao-erev-da-scania-em-leipzig\/","name":"DHL apresenta caminh\u00e3o EREV da Scania em Leipzig - Loginfo24","isPartOf":{"@id":"https:\/\/loginfo24.com\/pt-pt\/#website"},"primaryImageOfPage":{"@id":"https:\/\/loginfo24.com\/pt-pt\/2025\/05\/23\/dhl-apresenta-caminhao-erev-da-scania-em-leipzig\/#primaryimage"},"image":{"@id":"https:\/\/loginfo24.com\/pt-pt\/2025\/05\/23\/dhl-apresenta-caminhao-erev-da-scania-em-leipzig\/#primaryimage"},"thumbnailUrl":"https:\/\/loginfo24.com\/wp-content\/uploads\/sites\/7\/2025\/12\/2DHL_23.5.25_1-scaled-1.jpg","datePublished":"2025-05-23T16:45:56+00:00","breadcrumb":{"@id":"https:\/\/loginfo24.com\/pt-pt\/2025\/05\/23\/dhl-apresenta-caminhao-erev-da-scania-em-leipzig\/#breadcrumb"},"inLanguage":"pt-PT","potentialAction":[{"@type":"ReadAction","target":["https:\/\/loginfo24.com\/pt-pt\/2025\/05\/23\/dhl-apresenta-caminhao-erev-da-scania-em-leipzig\/"]}]},{"@type":"ImageObject","inLanguage":"pt-PT","@id":"https:\/\/loginfo24.com\/pt-pt\/2025\/05\/23\/dhl-apresenta-caminhao-erev-da-scania-em-leipzig\/#primaryimage","url":"https:\/\/loginfo24.com\/wp-content\/uploads\/sites\/7\/2025\/12\/2DHL_23.5.25_1-scaled-1.jpg","contentUrl":"https:\/\/loginfo24.com\/wp-content\/uploads\/sites\/7\/2025\/12\/2DHL_23.5.25_1-scaled-1.jpg","width":2560,"height":1708},{"@type":"BreadcrumbList","@id":"https:\/\/loginfo24.com\/pt-pt\/2025\/05\/23\/dhl-apresenta-caminhao-erev-da-scania-em-leipzig\/#breadcrumb","itemListElement":[{"@type":"ListItem","position":1,"name":"Startseite","item":"https:\/\/loginfo24.com\/pt-pt\/"},{"@type":"ListItem","position":2,"name":"DHL apresenta caminh\u00e3o EREV da Scania em Leipzig"}]},{"@type":"WebSite","@id":"https:\/\/loginfo24.com\/pt-pt\/#website","url":"https:\/\/loginfo24.com\/pt-pt\/","name":"Loginfo24","description":"Loginfo24 \u00e9 a plataforma dedicada \u00e0 log\u00edstica e \u00e0s cadeias de abastecimento, com informa\u00e7\u00f5es dispon\u00edveis 24 horas por dia.","publisher":{"@id":"https:\/\/loginfo24.com\/pt-pt\/#organization"},"potentialAction":[{"@type":"SearchAction","target":{"@type":"EntryPoint","urlTemplate":"https:\/\/loginfo24.com\/pt-pt\/?s={search_term_string}"},"query-input":{"@type":"PropertyValueSpecification","valueRequired":true,"valueName":"search_term_string"}}],"inLanguage":"pt-PT"},{"@type":"Organization","@id":"https:\/\/loginfo24.com\/pt-pt\/#organization","name":"Logismedia Group AG","url":"https:\/\/loginfo24.com\/pt-pt\/","logo":{"@type":"ImageObject","inLanguage":"pt-PT","@id":"https:\/\/loginfo24.com\/pt-pt\/#\/schema\/logo\/image\/","url":"https:\/\/loginfo24.com\/wp-content\/uploads\/sites\/7\/2026\/01\/Logo_LogInfo24.png","contentUrl":"https:\/\/loginfo24.com\/wp-content\/uploads\/sites\/7\/2026\/01\/Logo_LogInfo24.png","width":938,"height":351,"caption":"Logismedia Group AG"},"image":{"@id":"https:\/\/loginfo24.com\/pt-pt\/#\/schema\/logo\/image\/"},"sameAs":["https:\/\/www.facebook.com\/people\/Loginfo24\/100057360583332\/","https:\/\/www.linkedin.com\/company\/lofinfo24\/"]}]}},"_links":{"self":[{"href":"https:\/\/loginfo24.com\/pt-pt\/wp-json\/wp\/v2\/posts\/69268","targetHints":{"allow":["GET"]}}],"collection":[{"href":"https:\/\/loginfo24.com\/pt-pt\/wp-json\/wp\/v2\/posts"}],"about":[{"href":"https:\/\/loginfo24.com\/pt-pt\/wp-json\/wp\/v2\/types\/post"}],"replies":[{"embeddable":true,"href":"https:\/\/loginfo24.com\/pt-pt\/wp-json\/wp\/v2\/comments?post=69268"}],"version-history":[{"count":0,"href":"https:\/\/loginfo24.com\/pt-pt\/wp-json\/wp\/v2\/posts\/69268\/revisions"}],"wp:featuredmedia":[{"embeddable":true,"href":"https:\/\/loginfo24.com\/pt-pt\/wp-json\/wp\/v2\/media\/4973"}],"wp:attachment":[{"href":"https:\/\/loginfo24.com\/pt-pt\/wp-json\/wp\/v2\/media?parent=69268"}],"wp:term":[{"taxonomy":"category","embeddable":true,"href":"https:\/\/loginfo24.com\/pt-pt\/wp-json\/wp\/v2\/categories?post=69268"},{"taxonomy":"post_tag","embeddable":true,"href":"https:\/\/loginfo24.com\/pt-pt\/wp-json\/wp\/v2\/tags?post=69268"}],"curies":[{"name":"wp","href":"https:\/\/api.w.org\/{rel}","templated":true}]}}