{"id":69193,"date":"2025-05-19T15:04:45","date_gmt":"2025-05-19T13:04:45","guid":{"rendered":"https:\/\/blog.brand-architecture.at\/2025\/05\/19\/o-barometro-de-transporte-da-timocom-mostra-uma-imagem-mista-do-clima-de-negocios\/"},"modified":"2025-05-19T15:04:45","modified_gmt":"2025-05-19T13:04:45","slug":"o-barometro-de-transporte-da-timocom-mostra-uma-imagem-mista-do-clima-de-negocios","status":"publish","type":"post","link":"https:\/\/loginfo24.com\/pt-pt\/2025\/05\/19\/o-barometro-de-transporte-da-timocom-mostra-uma-imagem-mista-do-clima-de-negocios\/","title":{"rendered":"O Bar\u00f3metro de Transporte da Timocom mostra uma imagem mista do clima de neg\u00f3cios"},"content":{"rendered":"<h5><strong>Na avalia\u00e7\u00e3o da situa\u00e7\u00e3o no mercado de transporte, uma pesquisa da TIMOCOM revela uma imagem mista do clima de neg\u00f3cios. Enquanto uma quantidade consider\u00e1vel de participantes avalia a situa\u00e7\u00e3o de sua empresa como nem boa nem m\u00e1 (47%), surgem desafios not\u00e1veis que atualmente moldam o mercado.<\/strong><\/h5>\n<p>(Erkrath) De acordo com a pesquisa, na qual participaram cerca de 150 profissionais das \u00e1reas de transporte, compra de frete e aquisi\u00e7\u00e3o entre 10 de abril e 15 de maio de 2025, 22% avaliam a situa\u00e7\u00e3o como bastante m\u00e1 e apenas 1% como muito m\u00e1. Apenas 4% dos participantes da pesquisa consideram a situa\u00e7\u00e3o como muito boa. Mais de um quarto dos participantes da pesquisa (26%) v\u00ea a situa\u00e7\u00e3o como bastante boa. &#8220;Os resultados refletem a atual situa\u00e7\u00e3o econ\u00f4mica estagnada&#8221;, avalia Gunnar Gburek, chefe de assuntos comerciais da TIMOCOM, os resultados da pesquisa. &#8220;Os n\u00fameros mostram que a maioria das empresas enfrenta uma situa\u00e7\u00e3o de mercado med\u00edocre e incerta.&#8221;<\/p>\n<h5><strong>Desafios atuais e problemas frequentemente mencionados<\/strong><\/h5>\n<p>Os coment\u00e1rios em texto livre dos participantes da pesquisa retratam uma imagem ainda mais detalhada dos desafios atuais. Problemas frequentemente mencionados incluem a falta de m\u00e3o de obra qualificada e o aumento das tarifas de frete devido \u00e0 redu\u00e7\u00e3o das capacidades. Al\u00e9m disso, h\u00e1 press\u00e3o devido aos altos custos fixos e vari\u00e1veis, que afetam negativamente as margens de lucro. A incerteza em rela\u00e7\u00e3o ao desenvolvimento econ\u00f4mico e uma press\u00e3o de pre\u00e7os acentuada tamb\u00e9m est\u00e3o entre os desafios que as empresas de transporte enfrentam atualmente. Especialmente no setor OEM, uma situa\u00e7\u00e3o de mercado dif\u00edcil se mostra com uma queda significativa nas vendas em compara\u00e7\u00e3o ao ano anterior.<\/p>\n<h5><strong>Otimismo: nem tudo est\u00e1 perdido<\/strong><\/h5>\n<p>No entanto, alguns aspectos mais positivos tamb\u00e9m foram mencionados, e a situa\u00e7\u00e3o foi descrita como dif\u00edcil, mas aceit\u00e1vel. Algumas empresas se beneficiam de longas parcerias e contratos anuais, que lhes proporcionam menos problemas com a disponibilidade de espa\u00e7o de carga do que outras. Al\u00e9m disso, h\u00e1 ind\u00edcios isolados de relaxamento, o que poderia reduzir a press\u00e3o sobre as empresas. Alguns esperam por uma recupera\u00e7\u00e3o na primavera e os t\u00e3o esperados investimentos em infraestrutura pelo novo governo federal.<\/p>\n<p>&#8220;Os diversos desafios, combinados com um desenvolvimento econ\u00f4mico geralmente fraco, exigir\u00e3o mais medidas organizacionais e estrat\u00e9gicas tanto por parte das empresas de transporte quanto dos carregadores&#8221;, afirma Gunnar Gburek. &#8220;Especializar-se como empresa de transporte ou diversificar mais o modelo de neg\u00f3cios pode reduzir a press\u00e3o sobre as margens.&#8221;<\/p>\n<h4><a href=\"https:\/\/go.timocom.com\/de\/transportbarometer_report?_gl=1*16a3pyb*_gcl_au*NDU1MTMzODY1LjE3NDc0OTkyNzA.*FPAU*NDU1MTMzODY1LjE3NDc0OTkyNzA.*_ga*NzMyNzY5NTMuMTc0NzQ5OTI3MA..*_ga_RHMKK016RP*czE3NDc0OTkyNjkkbzEkZzEkdDE3NDc0OTkyODgkajAkbDAkaDEwMTEyODY4NTAkZE5QeG9lcHFKU3BWejNPU01Wc2RTRlBUNHNyUHNhaV9LdGc.*_fplc*UyUyQkxrM1o0eElXRXVGQ1NpNGRlNGhUWDgyZkxxakM2d2lYVm1XWDNFSVolMkZnMkNPRGtBeCUyRiUyRkdiWGpWJTJGTlhNc2w5TGNhZW43bHBUeTA0bXJyV05RY3JQTzNyNjdDSyUyRnR2aDlsQlpIMHZETGslMkZVVGRmU0x1RWFiSEVRdG44QlElM0QlM0Q\" target=\"_blank\" rel=\"noopener\"><strong>Mais informa\u00e7\u00f5es sobre o desenvolvimento do mercado de transporte no Relat\u00f3rio do Bar\u00f4metro de Transporte da TIMOCOM aqui<\/strong><\/a><\/h4>\n<p>Gr\u00e1fico: \u00a9 Timocom<\/p>\n","protected":false},"excerpt":{"rendered":"<p>Na avalia\u00e7\u00e3o da situa\u00e7\u00e3o no mercado de transporte, uma pesquisa da TIMOCOM revela uma imagem mista do clima de neg\u00f3cios. Enquanto uma quantidade consider\u00e1vel de participantes<span class=\"excerpt-hellip\"> [\u2026]<\/span><\/p>\n","protected":false},"author":0,"featured_media":5001,"comment_status":"open","ping_status":"open","sticky":false,"template":"","format":"standard","meta":{"_acf_changed":false,"footnotes":""},"categories":[1557,1561],"tags":[],"class_list":["post-69193","post","type-post","status-publish","format-standard","has-post-thumbnail","hentry","category-forwarding-logistics","category-regions"],"acf":[],"yoast_head":"<!-- This site is optimized with the Yoast SEO plugin v27.3 - https:\/\/yoast.com\/product\/yoast-seo-wordpress\/ -->\n<title>O Bar\u00f3metro de Transporte da Timocom mostra uma imagem mista do clima de neg\u00f3cios - Loginfo24<\/title>\n<meta name=\"robots\" content=\"index, follow, max-snippet:-1, max-image-preview:large, max-video-preview:-1\" \/>\n<link rel=\"canonical\" href=\"https:\/\/loginfo24.com\/pt-pt\/2025\/05\/19\/o-barometro-de-transporte-da-timocom-mostra-uma-imagem-mista-do-clima-de-negocios\/\" \/>\n<meta property=\"og:locale\" content=\"pt_PT\" \/>\n<meta property=\"og:type\" content=\"article\" \/>\n<meta property=\"og:title\" content=\"O Bar\u00f3metro de Transporte da Timocom mostra uma imagem mista do clima de neg\u00f3cios - Loginfo24\" \/>\n<meta property=\"og:description\" content=\"Na avalia\u00e7\u00e3o da situa\u00e7\u00e3o no mercado de transporte, uma pesquisa da TIMOCOM revela uma imagem mista do clima de neg\u00f3cios. Enquanto uma quantidade consider\u00e1vel de participantes [\u2026]\" \/>\n<meta property=\"og:url\" content=\"https:\/\/loginfo24.com\/pt-pt\/2025\/05\/19\/o-barometro-de-transporte-da-timocom-mostra-uma-imagem-mista-do-clima-de-negocios\/\" \/>\n<meta property=\"og:site_name\" content=\"Loginfo24\" \/>\n<meta property=\"article:publisher\" content=\"https:\/\/www.facebook.com\/people\/Loginfo24\/100057360583332\/\" \/>\n<meta property=\"article:published_time\" content=\"2025-05-19T13:04:45+00:00\" \/>\n<meta property=\"og:image\" content=\"https:\/\/loginfo24.com\/wp-content\/uploads\/sites\/7\/2025\/12\/Timocom_17.5.25.jpg\" \/>\n\t<meta property=\"og:image:width\" content=\"1772\" \/>\n\t<meta property=\"og:image:height\" content=\"1181\" \/>\n\t<meta property=\"og:image:type\" content=\"image\/jpeg\" \/>\n<meta name=\"twitter:card\" content=\"summary_large_image\" \/>\n<meta name=\"twitter:label1\" content=\"Tempo estimado de leitura\" \/>\n\t<meta name=\"twitter:data1\" content=\"2 minutos\" \/>\n<script type=\"application\/ld+json\" class=\"yoast-schema-graph\">{\"@context\":\"https:\\\/\\\/schema.org\",\"@graph\":[{\"@type\":\"Article\",\"@id\":\"https:\\\/\\\/loginfo24.com\\\/pt-pt\\\/2025\\\/05\\\/19\\\/o-barometro-de-transporte-da-timocom-mostra-uma-imagem-mista-do-clima-de-negocios\\\/#article\",\"isPartOf\":{\"@id\":\"https:\\\/\\\/loginfo24.com\\\/pt-pt\\\/2025\\\/05\\\/19\\\/o-barometro-de-transporte-da-timocom-mostra-uma-imagem-mista-do-clima-de-negocios\\\/\"},\"author\":{\"name\":\"\",\"@id\":\"\"},\"headline\":\"O Bar\u00f3metro de Transporte da Timocom mostra uma imagem mista do clima de neg\u00f3cios\",\"datePublished\":\"2025-05-19T13:04:45+00:00\",\"mainEntityOfPage\":{\"@id\":\"https:\\\/\\\/loginfo24.com\\\/pt-pt\\\/2025\\\/05\\\/19\\\/o-barometro-de-transporte-da-timocom-mostra-uma-imagem-mista-do-clima-de-negocios\\\/\"},\"wordCount\":472,\"commentCount\":0,\"publisher\":{\"@id\":\"https:\\\/\\\/loginfo24.com\\\/pt-pt\\\/#organization\"},\"image\":{\"@id\":\"https:\\\/\\\/loginfo24.com\\\/pt-pt\\\/2025\\\/05\\\/19\\\/o-barometro-de-transporte-da-timocom-mostra-uma-imagem-mista-do-clima-de-negocios\\\/#primaryimage\"},\"thumbnailUrl\":\"https:\\\/\\\/loginfo24.com\\\/wp-content\\\/uploads\\\/sites\\\/7\\\/2025\\\/12\\\/Timocom_17.5.25.jpg\",\"articleSection\":[\"Forwarding &amp; Logistics\",\"Regions\"],\"inLanguage\":\"pt-PT\",\"potentialAction\":[{\"@type\":\"CommentAction\",\"name\":\"Comment\",\"target\":[\"https:\\\/\\\/loginfo24.com\\\/pt-pt\\\/2025\\\/05\\\/19\\\/o-barometro-de-transporte-da-timocom-mostra-uma-imagem-mista-do-clima-de-negocios\\\/#respond\"]}]},{\"@type\":\"WebPage\",\"@id\":\"https:\\\/\\\/loginfo24.com\\\/pt-pt\\\/2025\\\/05\\\/19\\\/o-barometro-de-transporte-da-timocom-mostra-uma-imagem-mista-do-clima-de-negocios\\\/\",\"url\":\"https:\\\/\\\/loginfo24.com\\\/pt-pt\\\/2025\\\/05\\\/19\\\/o-barometro-de-transporte-da-timocom-mostra-uma-imagem-mista-do-clima-de-negocios\\\/\",\"name\":\"O Bar\u00f3metro de Transporte da Timocom mostra uma imagem mista do clima de neg\u00f3cios - Loginfo24\",\"isPartOf\":{\"@id\":\"https:\\\/\\\/loginfo24.com\\\/pt-pt\\\/#website\"},\"primaryImageOfPage\":{\"@id\":\"https:\\\/\\\/loginfo24.com\\\/pt-pt\\\/2025\\\/05\\\/19\\\/o-barometro-de-transporte-da-timocom-mostra-uma-imagem-mista-do-clima-de-negocios\\\/#primaryimage\"},\"image\":{\"@id\":\"https:\\\/\\\/loginfo24.com\\\/pt-pt\\\/2025\\\/05\\\/19\\\/o-barometro-de-transporte-da-timocom-mostra-uma-imagem-mista-do-clima-de-negocios\\\/#primaryimage\"},\"thumbnailUrl\":\"https:\\\/\\\/loginfo24.com\\\/wp-content\\\/uploads\\\/sites\\\/7\\\/2025\\\/12\\\/Timocom_17.5.25.jpg\",\"datePublished\":\"2025-05-19T13:04:45+00:00\",\"breadcrumb\":{\"@id\":\"https:\\\/\\\/loginfo24.com\\\/pt-pt\\\/2025\\\/05\\\/19\\\/o-barometro-de-transporte-da-timocom-mostra-uma-imagem-mista-do-clima-de-negocios\\\/#breadcrumb\"},\"inLanguage\":\"pt-PT\",\"potentialAction\":[{\"@type\":\"ReadAction\",\"target\":[\"https:\\\/\\\/loginfo24.com\\\/pt-pt\\\/2025\\\/05\\\/19\\\/o-barometro-de-transporte-da-timocom-mostra-uma-imagem-mista-do-clima-de-negocios\\\/\"]}]},{\"@type\":\"ImageObject\",\"inLanguage\":\"pt-PT\",\"@id\":\"https:\\\/\\\/loginfo24.com\\\/pt-pt\\\/2025\\\/05\\\/19\\\/o-barometro-de-transporte-da-timocom-mostra-uma-imagem-mista-do-clima-de-negocios\\\/#primaryimage\",\"url\":\"https:\\\/\\\/loginfo24.com\\\/wp-content\\\/uploads\\\/sites\\\/7\\\/2025\\\/12\\\/Timocom_17.5.25.jpg\",\"contentUrl\":\"https:\\\/\\\/loginfo24.com\\\/wp-content\\\/uploads\\\/sites\\\/7\\\/2025\\\/12\\\/Timocom_17.5.25.jpg\",\"width\":1772,\"height\":1181},{\"@type\":\"BreadcrumbList\",\"@id\":\"https:\\\/\\\/loginfo24.com\\\/pt-pt\\\/2025\\\/05\\\/19\\\/o-barometro-de-transporte-da-timocom-mostra-uma-imagem-mista-do-clima-de-negocios\\\/#breadcrumb\",\"itemListElement\":[{\"@type\":\"ListItem\",\"position\":1,\"name\":\"Startseite\",\"item\":\"https:\\\/\\\/loginfo24.com\\\/pt-pt\\\/\"},{\"@type\":\"ListItem\",\"position\":2,\"name\":\"O Bar\u00f3metro de Transporte da Timocom mostra uma imagem mista do clima de neg\u00f3cios\"}]},{\"@type\":\"WebSite\",\"@id\":\"https:\\\/\\\/loginfo24.com\\\/pt-pt\\\/#website\",\"url\":\"https:\\\/\\\/loginfo24.com\\\/pt-pt\\\/\",\"name\":\"Loginfo24\",\"description\":\"Loginfo24 \u00e9 a plataforma dedicada \u00e0 log\u00edstica e \u00e0s cadeias de abastecimento, com informa\u00e7\u00f5es dispon\u00edveis 24 horas por dia.\",\"publisher\":{\"@id\":\"https:\\\/\\\/loginfo24.com\\\/pt-pt\\\/#organization\"},\"potentialAction\":[{\"@type\":\"SearchAction\",\"target\":{\"@type\":\"EntryPoint\",\"urlTemplate\":\"https:\\\/\\\/loginfo24.com\\\/pt-pt\\\/?s={search_term_string}\"},\"query-input\":{\"@type\":\"PropertyValueSpecification\",\"valueRequired\":true,\"valueName\":\"search_term_string\"}}],\"inLanguage\":\"pt-PT\"},{\"@type\":\"Organization\",\"@id\":\"https:\\\/\\\/loginfo24.com\\\/pt-pt\\\/#organization\",\"name\":\"Logismedia Group AG\",\"url\":\"https:\\\/\\\/loginfo24.com\\\/pt-pt\\\/\",\"logo\":{\"@type\":\"ImageObject\",\"inLanguage\":\"pt-PT\",\"@id\":\"https:\\\/\\\/loginfo24.com\\\/pt-pt\\\/#\\\/schema\\\/logo\\\/image\\\/\",\"url\":\"https:\\\/\\\/loginfo24.com\\\/wp-content\\\/uploads\\\/sites\\\/7\\\/2026\\\/01\\\/Logo_LogInfo24.png\",\"contentUrl\":\"https:\\\/\\\/loginfo24.com\\\/wp-content\\\/uploads\\\/sites\\\/7\\\/2026\\\/01\\\/Logo_LogInfo24.png\",\"width\":938,\"height\":351,\"caption\":\"Logismedia Group AG\"},\"image\":{\"@id\":\"https:\\\/\\\/loginfo24.com\\\/pt-pt\\\/#\\\/schema\\\/logo\\\/image\\\/\"},\"sameAs\":[\"https:\\\/\\\/www.facebook.com\\\/people\\\/Loginfo24\\\/100057360583332\\\/\",\"https:\\\/\\\/www.linkedin.com\\\/company\\\/lofinfo24\\\/\"]}]}<\/script>\n<!-- \/ Yoast SEO plugin. -->","yoast_head_json":{"title":"O Bar\u00f3metro de Transporte da Timocom mostra uma imagem mista do clima de neg\u00f3cios - Loginfo24","robots":{"index":"index","follow":"follow","max-snippet":"max-snippet:-1","max-image-preview":"max-image-preview:large","max-video-preview":"max-video-preview:-1"},"canonical":"https:\/\/loginfo24.com\/pt-pt\/2025\/05\/19\/o-barometro-de-transporte-da-timocom-mostra-uma-imagem-mista-do-clima-de-negocios\/","og_locale":"pt_PT","og_type":"article","og_title":"O Bar\u00f3metro de Transporte da Timocom mostra uma imagem mista do clima de neg\u00f3cios - Loginfo24","og_description":"Na avalia\u00e7\u00e3o da situa\u00e7\u00e3o no mercado de transporte, uma pesquisa da TIMOCOM revela uma imagem mista do clima de neg\u00f3cios. Enquanto uma quantidade consider\u00e1vel de participantes [\u2026]","og_url":"https:\/\/loginfo24.com\/pt-pt\/2025\/05\/19\/o-barometro-de-transporte-da-timocom-mostra-uma-imagem-mista-do-clima-de-negocios\/","og_site_name":"Loginfo24","article_publisher":"https:\/\/www.facebook.com\/people\/Loginfo24\/100057360583332\/","article_published_time":"2025-05-19T13:04:45+00:00","og_image":[{"width":1772,"height":1181,"url":"https:\/\/loginfo24.com\/wp-content\/uploads\/sites\/7\/2025\/12\/Timocom_17.5.25.jpg","type":"image\/jpeg"}],"twitter_card":"summary_large_image","twitter_misc":{"Tempo estimado de leitura":"2 minutos"},"schema":{"@context":"https:\/\/schema.org","@graph":[{"@type":"Article","@id":"https:\/\/loginfo24.com\/pt-pt\/2025\/05\/19\/o-barometro-de-transporte-da-timocom-mostra-uma-imagem-mista-do-clima-de-negocios\/#article","isPartOf":{"@id":"https:\/\/loginfo24.com\/pt-pt\/2025\/05\/19\/o-barometro-de-transporte-da-timocom-mostra-uma-imagem-mista-do-clima-de-negocios\/"},"author":{"name":"","@id":""},"headline":"O Bar\u00f3metro de Transporte da Timocom mostra uma imagem mista do clima de neg\u00f3cios","datePublished":"2025-05-19T13:04:45+00:00","mainEntityOfPage":{"@id":"https:\/\/loginfo24.com\/pt-pt\/2025\/05\/19\/o-barometro-de-transporte-da-timocom-mostra-uma-imagem-mista-do-clima-de-negocios\/"},"wordCount":472,"commentCount":0,"publisher":{"@id":"https:\/\/loginfo24.com\/pt-pt\/#organization"},"image":{"@id":"https:\/\/loginfo24.com\/pt-pt\/2025\/05\/19\/o-barometro-de-transporte-da-timocom-mostra-uma-imagem-mista-do-clima-de-negocios\/#primaryimage"},"thumbnailUrl":"https:\/\/loginfo24.com\/wp-content\/uploads\/sites\/7\/2025\/12\/Timocom_17.5.25.jpg","articleSection":["Forwarding &amp; Logistics","Regions"],"inLanguage":"pt-PT","potentialAction":[{"@type":"CommentAction","name":"Comment","target":["https:\/\/loginfo24.com\/pt-pt\/2025\/05\/19\/o-barometro-de-transporte-da-timocom-mostra-uma-imagem-mista-do-clima-de-negocios\/#respond"]}]},{"@type":"WebPage","@id":"https:\/\/loginfo24.com\/pt-pt\/2025\/05\/19\/o-barometro-de-transporte-da-timocom-mostra-uma-imagem-mista-do-clima-de-negocios\/","url":"https:\/\/loginfo24.com\/pt-pt\/2025\/05\/19\/o-barometro-de-transporte-da-timocom-mostra-uma-imagem-mista-do-clima-de-negocios\/","name":"O Bar\u00f3metro de Transporte da Timocom mostra uma imagem mista do clima de neg\u00f3cios - Loginfo24","isPartOf":{"@id":"https:\/\/loginfo24.com\/pt-pt\/#website"},"primaryImageOfPage":{"@id":"https:\/\/loginfo24.com\/pt-pt\/2025\/05\/19\/o-barometro-de-transporte-da-timocom-mostra-uma-imagem-mista-do-clima-de-negocios\/#primaryimage"},"image":{"@id":"https:\/\/loginfo24.com\/pt-pt\/2025\/05\/19\/o-barometro-de-transporte-da-timocom-mostra-uma-imagem-mista-do-clima-de-negocios\/#primaryimage"},"thumbnailUrl":"https:\/\/loginfo24.com\/wp-content\/uploads\/sites\/7\/2025\/12\/Timocom_17.5.25.jpg","datePublished":"2025-05-19T13:04:45+00:00","breadcrumb":{"@id":"https:\/\/loginfo24.com\/pt-pt\/2025\/05\/19\/o-barometro-de-transporte-da-timocom-mostra-uma-imagem-mista-do-clima-de-negocios\/#breadcrumb"},"inLanguage":"pt-PT","potentialAction":[{"@type":"ReadAction","target":["https:\/\/loginfo24.com\/pt-pt\/2025\/05\/19\/o-barometro-de-transporte-da-timocom-mostra-uma-imagem-mista-do-clima-de-negocios\/"]}]},{"@type":"ImageObject","inLanguage":"pt-PT","@id":"https:\/\/loginfo24.com\/pt-pt\/2025\/05\/19\/o-barometro-de-transporte-da-timocom-mostra-uma-imagem-mista-do-clima-de-negocios\/#primaryimage","url":"https:\/\/loginfo24.com\/wp-content\/uploads\/sites\/7\/2025\/12\/Timocom_17.5.25.jpg","contentUrl":"https:\/\/loginfo24.com\/wp-content\/uploads\/sites\/7\/2025\/12\/Timocom_17.5.25.jpg","width":1772,"height":1181},{"@type":"BreadcrumbList","@id":"https:\/\/loginfo24.com\/pt-pt\/2025\/05\/19\/o-barometro-de-transporte-da-timocom-mostra-uma-imagem-mista-do-clima-de-negocios\/#breadcrumb","itemListElement":[{"@type":"ListItem","position":1,"name":"Startseite","item":"https:\/\/loginfo24.com\/pt-pt\/"},{"@type":"ListItem","position":2,"name":"O Bar\u00f3metro de Transporte da Timocom mostra uma imagem mista do clima de neg\u00f3cios"}]},{"@type":"WebSite","@id":"https:\/\/loginfo24.com\/pt-pt\/#website","url":"https:\/\/loginfo24.com\/pt-pt\/","name":"Loginfo24","description":"Loginfo24 \u00e9 a plataforma dedicada \u00e0 log\u00edstica e \u00e0s cadeias de abastecimento, com informa\u00e7\u00f5es dispon\u00edveis 24 horas por dia.","publisher":{"@id":"https:\/\/loginfo24.com\/pt-pt\/#organization"},"potentialAction":[{"@type":"SearchAction","target":{"@type":"EntryPoint","urlTemplate":"https:\/\/loginfo24.com\/pt-pt\/?s={search_term_string}"},"query-input":{"@type":"PropertyValueSpecification","valueRequired":true,"valueName":"search_term_string"}}],"inLanguage":"pt-PT"},{"@type":"Organization","@id":"https:\/\/loginfo24.com\/pt-pt\/#organization","name":"Logismedia Group AG","url":"https:\/\/loginfo24.com\/pt-pt\/","logo":{"@type":"ImageObject","inLanguage":"pt-PT","@id":"https:\/\/loginfo24.com\/pt-pt\/#\/schema\/logo\/image\/","url":"https:\/\/loginfo24.com\/wp-content\/uploads\/sites\/7\/2026\/01\/Logo_LogInfo24.png","contentUrl":"https:\/\/loginfo24.com\/wp-content\/uploads\/sites\/7\/2026\/01\/Logo_LogInfo24.png","width":938,"height":351,"caption":"Logismedia Group AG"},"image":{"@id":"https:\/\/loginfo24.com\/pt-pt\/#\/schema\/logo\/image\/"},"sameAs":["https:\/\/www.facebook.com\/people\/Loginfo24\/100057360583332\/","https:\/\/www.linkedin.com\/company\/lofinfo24\/"]}]}},"_links":{"self":[{"href":"https:\/\/loginfo24.com\/pt-pt\/wp-json\/wp\/v2\/posts\/69193","targetHints":{"allow":["GET"]}}],"collection":[{"href":"https:\/\/loginfo24.com\/pt-pt\/wp-json\/wp\/v2\/posts"}],"about":[{"href":"https:\/\/loginfo24.com\/pt-pt\/wp-json\/wp\/v2\/types\/post"}],"replies":[{"embeddable":true,"href":"https:\/\/loginfo24.com\/pt-pt\/wp-json\/wp\/v2\/comments?post=69193"}],"version-history":[{"count":0,"href":"https:\/\/loginfo24.com\/pt-pt\/wp-json\/wp\/v2\/posts\/69193\/revisions"}],"wp:featuredmedia":[{"embeddable":true,"href":"https:\/\/loginfo24.com\/pt-pt\/wp-json\/wp\/v2\/media\/5001"}],"wp:attachment":[{"href":"https:\/\/loginfo24.com\/pt-pt\/wp-json\/wp\/v2\/media?parent=69193"}],"wp:term":[{"taxonomy":"category","embeddable":true,"href":"https:\/\/loginfo24.com\/pt-pt\/wp-json\/wp\/v2\/categories?post=69193"},{"taxonomy":"post_tag","embeddable":true,"href":"https:\/\/loginfo24.com\/pt-pt\/wp-json\/wp\/v2\/tags?post=69193"}],"curies":[{"name":"wp","href":"https:\/\/api.w.org\/{rel}","templated":true}]}}