{"id":69175,"date":"2025-05-16T16:11:26","date_gmt":"2025-05-16T14:11:26","guid":{"rendered":"https:\/\/blog.brand-architecture.at\/2025\/05\/16\/kombiverkehr-e-sophie-kircher-querem-acabar-com-a-estagnacao\/"},"modified":"2025-05-16T16:11:26","modified_gmt":"2025-05-16T14:11:26","slug":"kombiverkehr-e-sophie-kircher-querem-acabar-com-a-estagnacao","status":"publish","type":"post","link":"https:\/\/loginfo24.com\/pt-pt\/2025\/05\/16\/kombiverkehr-e-sophie-kircher-querem-acabar-com-a-estagnacao\/","title":{"rendered":"Kombiverkehr e Sophie Kircher querem acabar com a estagna\u00e7\u00e3o"},"content":{"rendered":"<h5><strong>A eurodeputada Sophie Kircher e a Kombiverkehr KG querem, em conjunto, acabar com a estagna\u00e7\u00e3o pol\u00edtica no debate sobre o futuro da diretiva KV. Por isso, a Kombiverkehr, em colabora\u00e7\u00e3o com Kircher, que \u00e9 vice-presidente da comiss\u00e3o TRAN, iniciou ontem no Parlamento Europeu um almo\u00e7o-debate. O evento, com participantes de alto n\u00edvel, tamb\u00e9m pretendia dar novos impulsos para um transporte ferrovi\u00e1rio de mercadorias sustent\u00e1vel na Europa.<\/strong><\/h5>\n<p>(Frankfurt) O contexto da iniciativa \u00e9 o terceiro rascunho da Comiss\u00e3o Europeia sobre a diretiva relativa ao transporte combinado, apresentado em novembro de 2023. Apesar dos objetivos declarados de desvio de tr\u00e1fego, a falta de padroniza\u00e7\u00e3o, defici\u00eancias na implementa\u00e7\u00e3o nos Estados-Membros e um processo legislativo estagnado continuam a impedir o crescimento do transporte combinado na Europa. O setor exige urgentemente seguran\u00e7a no planejamento \u2013 mas as negocia\u00e7\u00f5es est\u00e3o em um impasse.<\/p>\n<p>&#8220;\u00c9 mais do que tempo para este debate, para que o transporte combinado volte a ter movimento. Um sistema de transporte moderno e eficiente \u00e9 uma das bases mais importantes para a competitividade na UE. A dire\u00e7\u00e3o \u00e9 clara: precisamos de uma mudan\u00e7a significativa do tr\u00e1fego da estrada para a ferrovia. \u00c9 muito importante como a base legal \u00e9 estruturada, para que, especialmente nas regi\u00f5es alpinas, n\u00e3o se gere mais tr\u00e1fego nas estradas&#8221;, enfatizou a eurodeputada Sophia Kircher.<\/p>\n<h5><strong>Os temas centrais do debate foram:<\/strong><\/h5>\n<ul>\n<li>Os maiores desafios da diretiva sobre o transporte combinado<\/li>\n<li>A necessidade de uma defini\u00e7\u00e3o do transporte combinado que seja \u00e0 prova de futuro<\/li>\n<li>A melhor coordena\u00e7\u00e3o entre os atos jur\u00eddicos existentes (por exemplo, diretiva sobre peso e dimens\u00f5es)<\/li>\n<li>O papel das subven\u00e7\u00f5es nacionais e sua influ\u00eancia na concorr\u00eancia justa<\/li>\n<li>As li\u00e7\u00f5es aprendidas de situa\u00e7\u00f5es de crise, como o caos da neve em 2019 ou a situa\u00e7\u00e3o no corredor de Brenner<\/li>\n<li>A troca de informa\u00e7\u00f5es entre a Comiss\u00e3o Europeia, o Parlamento e o setor de log\u00edstica sobre os pr\u00f3ximos passos legislativos<\/li>\n<\/ul>\n<h5><strong>Desde o final da d\u00e9cada de 1990, nada avan\u00e7a<\/strong><\/h5>\n<p>Armin Riedl, diretor executivo da Kombiverkehr KG, fez exig\u00eancias claras, especialmente \u00e0 presid\u00eancia polaca do Conselho: &#8220;O tema do transporte combinado \u00e9 demasiado importante para ser deixado de lado por mais tempo. Desde o final da d\u00e9cada de 1990, nada avan\u00e7a na renova\u00e7\u00e3o da diretiva mais importante para este setor em r\u00e1pido crescimento do transporte ferrovi\u00e1rio de mercadorias.&#8221; A Comiss\u00e3o, o Parlamento e a presid\u00eancia do Conselho devem agora fazer uma nova tentativa para n\u00e3o comprometer o renascimento econ\u00f4mico na Europa. &#8220;Uma ind\u00fastria em crescimento precisa de um transporte de mercadorias forte. E isso n\u00e3o \u00e9 poss\u00edvel sem um transporte combinado eficiente, com base em uma diretiva KV inovadora, clara e renovada.&#8221;<\/p>\n<h5><strong>Apelo aos Estados-Membros<\/strong><\/h5>\n<p>Kristian Schmidt, diretor da Dire\u00e7\u00e3o-Geral de Mobilidade e Transportes (GD MOVE), tamb\u00e9m apelou aos Estados-Membros para que assumam mais a sua responsabilidade e acelerem a implementa\u00e7\u00e3o de objetivos europeus comuns no setor dos transportes.<\/p>\n<p>Com esta iniciativa, a Kombiverkehr, em conjunto com os decisores pol\u00edticos, envia um sinal claro: o transporte combinado deve ser fortalecido, regulamentado de forma clara por lei e expandido estrategicamente \u2013 para uma log\u00edstica europeia amiga do clima e resistente a crises.<\/p>\n<p>Foto: \u00a9 Kombiverkehr \/ <strong><em>Legenda da imagem:<\/em><\/strong><em> Sophia Kircher (centro) e Kristian Schmidt (direita) conversando com o moderador Detlef Fechtner (esquerda), chefe de reportagem do B\u00f6rsen-Zeitung<\/em><\/p>\n","protected":false},"excerpt":{"rendered":"<p>A eurodeputada Sophie Kircher e a Kombiverkehr KG querem, em conjunto, acabar com a estagna\u00e7\u00e3o pol\u00edtica no debate sobre o futuro da diretiva KV. Por isso,<span class=\"excerpt-hellip\"> [\u2026]<\/span><\/p>\n","protected":false},"author":0,"featured_media":5009,"comment_status":"open","ping_status":"open","sticky":false,"template":"","format":"standard","meta":{"_acf_changed":false,"footnotes":""},"categories":[1557,1561],"tags":[],"class_list":["post-69175","post","type-post","status-publish","format-standard","has-post-thumbnail","hentry","category-forwarding-logistics","category-regions"],"acf":[],"yoast_head":"<!-- This site is optimized with the Yoast SEO plugin v27.3 - https:\/\/yoast.com\/product\/yoast-seo-wordpress\/ -->\n<title>Kombiverkehr e Sophie Kircher querem acabar com a estagna\u00e7\u00e3o - Loginfo24<\/title>\n<meta name=\"robots\" content=\"index, follow, max-snippet:-1, max-image-preview:large, max-video-preview:-1\" \/>\n<link rel=\"canonical\" href=\"https:\/\/loginfo24.com\/pt-pt\/2025\/05\/16\/kombiverkehr-e-sophie-kircher-querem-acabar-com-a-estagnacao\/\" \/>\n<meta property=\"og:locale\" content=\"pt_PT\" \/>\n<meta property=\"og:type\" content=\"article\" \/>\n<meta property=\"og:title\" content=\"Kombiverkehr e Sophie Kircher querem acabar com a estagna\u00e7\u00e3o - Loginfo24\" \/>\n<meta property=\"og:description\" content=\"A eurodeputada Sophie Kircher e a Kombiverkehr KG querem, em conjunto, acabar com a estagna\u00e7\u00e3o pol\u00edtica no debate sobre o futuro da diretiva KV. Por isso, [\u2026]\" \/>\n<meta property=\"og:url\" content=\"https:\/\/loginfo24.com\/pt-pt\/2025\/05\/16\/kombiverkehr-e-sophie-kircher-querem-acabar-com-a-estagnacao\/\" \/>\n<meta property=\"og:site_name\" content=\"Loginfo24\" \/>\n<meta property=\"article:publisher\" content=\"https:\/\/www.facebook.com\/people\/Loginfo24\/100057360583332\/\" \/>\n<meta property=\"article:published_time\" content=\"2025-05-16T14:11:26+00:00\" \/>\n<meta property=\"og:image\" content=\"https:\/\/loginfo24.com\/wp-content\/uploads\/sites\/7\/2025\/12\/Kombiverkehr_16.5.25.jpg\" \/>\n\t<meta property=\"og:image:width\" content=\"1365\" \/>\n\t<meta property=\"og:image:height\" content=\"839\" \/>\n\t<meta property=\"og:image:type\" content=\"image\/jpeg\" \/>\n<meta name=\"twitter:card\" content=\"summary_large_image\" \/>\n<meta name=\"twitter:label1\" content=\"Tempo estimado de leitura\" \/>\n\t<meta name=\"twitter:data1\" content=\"3 minutos\" \/>\n<script type=\"application\/ld+json\" class=\"yoast-schema-graph\">{\"@context\":\"https:\\\/\\\/schema.org\",\"@graph\":[{\"@type\":\"Article\",\"@id\":\"https:\\\/\\\/loginfo24.com\\\/pt-pt\\\/2025\\\/05\\\/16\\\/kombiverkehr-e-sophie-kircher-querem-acabar-com-a-estagnacao\\\/#article\",\"isPartOf\":{\"@id\":\"https:\\\/\\\/loginfo24.com\\\/pt-pt\\\/2025\\\/05\\\/16\\\/kombiverkehr-e-sophie-kircher-querem-acabar-com-a-estagnacao\\\/\"},\"author\":{\"name\":\"\",\"@id\":\"\"},\"headline\":\"Kombiverkehr e Sophie Kircher querem acabar com a estagna\u00e7\u00e3o\",\"datePublished\":\"2025-05-16T14:11:26+00:00\",\"mainEntityOfPage\":{\"@id\":\"https:\\\/\\\/loginfo24.com\\\/pt-pt\\\/2025\\\/05\\\/16\\\/kombiverkehr-e-sophie-kircher-querem-acabar-com-a-estagnacao\\\/\"},\"wordCount\":587,\"commentCount\":0,\"publisher\":{\"@id\":\"https:\\\/\\\/loginfo24.com\\\/pt-pt\\\/#organization\"},\"image\":{\"@id\":\"https:\\\/\\\/loginfo24.com\\\/pt-pt\\\/2025\\\/05\\\/16\\\/kombiverkehr-e-sophie-kircher-querem-acabar-com-a-estagnacao\\\/#primaryimage\"},\"thumbnailUrl\":\"https:\\\/\\\/loginfo24.com\\\/wp-content\\\/uploads\\\/sites\\\/7\\\/2025\\\/12\\\/Kombiverkehr_16.5.25.jpg\",\"articleSection\":[\"Forwarding &amp; Logistics\",\"Regions\"],\"inLanguage\":\"pt-PT\",\"potentialAction\":[{\"@type\":\"CommentAction\",\"name\":\"Comment\",\"target\":[\"https:\\\/\\\/loginfo24.com\\\/pt-pt\\\/2025\\\/05\\\/16\\\/kombiverkehr-e-sophie-kircher-querem-acabar-com-a-estagnacao\\\/#respond\"]}]},{\"@type\":\"WebPage\",\"@id\":\"https:\\\/\\\/loginfo24.com\\\/pt-pt\\\/2025\\\/05\\\/16\\\/kombiverkehr-e-sophie-kircher-querem-acabar-com-a-estagnacao\\\/\",\"url\":\"https:\\\/\\\/loginfo24.com\\\/pt-pt\\\/2025\\\/05\\\/16\\\/kombiverkehr-e-sophie-kircher-querem-acabar-com-a-estagnacao\\\/\",\"name\":\"Kombiverkehr e Sophie Kircher querem acabar com a estagna\u00e7\u00e3o - Loginfo24\",\"isPartOf\":{\"@id\":\"https:\\\/\\\/loginfo24.com\\\/pt-pt\\\/#website\"},\"primaryImageOfPage\":{\"@id\":\"https:\\\/\\\/loginfo24.com\\\/pt-pt\\\/2025\\\/05\\\/16\\\/kombiverkehr-e-sophie-kircher-querem-acabar-com-a-estagnacao\\\/#primaryimage\"},\"image\":{\"@id\":\"https:\\\/\\\/loginfo24.com\\\/pt-pt\\\/2025\\\/05\\\/16\\\/kombiverkehr-e-sophie-kircher-querem-acabar-com-a-estagnacao\\\/#primaryimage\"},\"thumbnailUrl\":\"https:\\\/\\\/loginfo24.com\\\/wp-content\\\/uploads\\\/sites\\\/7\\\/2025\\\/12\\\/Kombiverkehr_16.5.25.jpg\",\"datePublished\":\"2025-05-16T14:11:26+00:00\",\"breadcrumb\":{\"@id\":\"https:\\\/\\\/loginfo24.com\\\/pt-pt\\\/2025\\\/05\\\/16\\\/kombiverkehr-e-sophie-kircher-querem-acabar-com-a-estagnacao\\\/#breadcrumb\"},\"inLanguage\":\"pt-PT\",\"potentialAction\":[{\"@type\":\"ReadAction\",\"target\":[\"https:\\\/\\\/loginfo24.com\\\/pt-pt\\\/2025\\\/05\\\/16\\\/kombiverkehr-e-sophie-kircher-querem-acabar-com-a-estagnacao\\\/\"]}]},{\"@type\":\"ImageObject\",\"inLanguage\":\"pt-PT\",\"@id\":\"https:\\\/\\\/loginfo24.com\\\/pt-pt\\\/2025\\\/05\\\/16\\\/kombiverkehr-e-sophie-kircher-querem-acabar-com-a-estagnacao\\\/#primaryimage\",\"url\":\"https:\\\/\\\/loginfo24.com\\\/wp-content\\\/uploads\\\/sites\\\/7\\\/2025\\\/12\\\/Kombiverkehr_16.5.25.jpg\",\"contentUrl\":\"https:\\\/\\\/loginfo24.com\\\/wp-content\\\/uploads\\\/sites\\\/7\\\/2025\\\/12\\\/Kombiverkehr_16.5.25.jpg\",\"width\":1365,\"height\":839},{\"@type\":\"BreadcrumbList\",\"@id\":\"https:\\\/\\\/loginfo24.com\\\/pt-pt\\\/2025\\\/05\\\/16\\\/kombiverkehr-e-sophie-kircher-querem-acabar-com-a-estagnacao\\\/#breadcrumb\",\"itemListElement\":[{\"@type\":\"ListItem\",\"position\":1,\"name\":\"Startseite\",\"item\":\"https:\\\/\\\/loginfo24.com\\\/pt-pt\\\/\"},{\"@type\":\"ListItem\",\"position\":2,\"name\":\"Kombiverkehr e Sophie Kircher querem acabar com a estagna\u00e7\u00e3o\"}]},{\"@type\":\"WebSite\",\"@id\":\"https:\\\/\\\/loginfo24.com\\\/pt-pt\\\/#website\",\"url\":\"https:\\\/\\\/loginfo24.com\\\/pt-pt\\\/\",\"name\":\"Loginfo24\",\"description\":\"Loginfo24 \u00e9 a plataforma dedicada \u00e0 log\u00edstica e \u00e0s cadeias de abastecimento, com informa\u00e7\u00f5es dispon\u00edveis 24 horas por dia.\",\"publisher\":{\"@id\":\"https:\\\/\\\/loginfo24.com\\\/pt-pt\\\/#organization\"},\"potentialAction\":[{\"@type\":\"SearchAction\",\"target\":{\"@type\":\"EntryPoint\",\"urlTemplate\":\"https:\\\/\\\/loginfo24.com\\\/pt-pt\\\/?s={search_term_string}\"},\"query-input\":{\"@type\":\"PropertyValueSpecification\",\"valueRequired\":true,\"valueName\":\"search_term_string\"}}],\"inLanguage\":\"pt-PT\"},{\"@type\":\"Organization\",\"@id\":\"https:\\\/\\\/loginfo24.com\\\/pt-pt\\\/#organization\",\"name\":\"Logismedia Group AG\",\"url\":\"https:\\\/\\\/loginfo24.com\\\/pt-pt\\\/\",\"logo\":{\"@type\":\"ImageObject\",\"inLanguage\":\"pt-PT\",\"@id\":\"https:\\\/\\\/loginfo24.com\\\/pt-pt\\\/#\\\/schema\\\/logo\\\/image\\\/\",\"url\":\"https:\\\/\\\/loginfo24.com\\\/wp-content\\\/uploads\\\/sites\\\/7\\\/2026\\\/01\\\/Logo_LogInfo24.png\",\"contentUrl\":\"https:\\\/\\\/loginfo24.com\\\/wp-content\\\/uploads\\\/sites\\\/7\\\/2026\\\/01\\\/Logo_LogInfo24.png\",\"width\":938,\"height\":351,\"caption\":\"Logismedia Group AG\"},\"image\":{\"@id\":\"https:\\\/\\\/loginfo24.com\\\/pt-pt\\\/#\\\/schema\\\/logo\\\/image\\\/\"},\"sameAs\":[\"https:\\\/\\\/www.facebook.com\\\/people\\\/Loginfo24\\\/100057360583332\\\/\",\"https:\\\/\\\/www.linkedin.com\\\/company\\\/lofinfo24\\\/\"]}]}<\/script>\n<!-- \/ Yoast SEO plugin. -->","yoast_head_json":{"title":"Kombiverkehr e Sophie Kircher querem acabar com a estagna\u00e7\u00e3o - Loginfo24","robots":{"index":"index","follow":"follow","max-snippet":"max-snippet:-1","max-image-preview":"max-image-preview:large","max-video-preview":"max-video-preview:-1"},"canonical":"https:\/\/loginfo24.com\/pt-pt\/2025\/05\/16\/kombiverkehr-e-sophie-kircher-querem-acabar-com-a-estagnacao\/","og_locale":"pt_PT","og_type":"article","og_title":"Kombiverkehr e Sophie Kircher querem acabar com a estagna\u00e7\u00e3o - Loginfo24","og_description":"A eurodeputada Sophie Kircher e a Kombiverkehr KG querem, em conjunto, acabar com a estagna\u00e7\u00e3o pol\u00edtica no debate sobre o futuro da diretiva KV. Por isso, [\u2026]","og_url":"https:\/\/loginfo24.com\/pt-pt\/2025\/05\/16\/kombiverkehr-e-sophie-kircher-querem-acabar-com-a-estagnacao\/","og_site_name":"Loginfo24","article_publisher":"https:\/\/www.facebook.com\/people\/Loginfo24\/100057360583332\/","article_published_time":"2025-05-16T14:11:26+00:00","og_image":[{"width":1365,"height":839,"url":"https:\/\/loginfo24.com\/wp-content\/uploads\/sites\/7\/2025\/12\/Kombiverkehr_16.5.25.jpg","type":"image\/jpeg"}],"twitter_card":"summary_large_image","twitter_misc":{"Tempo estimado de leitura":"3 minutos"},"schema":{"@context":"https:\/\/schema.org","@graph":[{"@type":"Article","@id":"https:\/\/loginfo24.com\/pt-pt\/2025\/05\/16\/kombiverkehr-e-sophie-kircher-querem-acabar-com-a-estagnacao\/#article","isPartOf":{"@id":"https:\/\/loginfo24.com\/pt-pt\/2025\/05\/16\/kombiverkehr-e-sophie-kircher-querem-acabar-com-a-estagnacao\/"},"author":{"name":"","@id":""},"headline":"Kombiverkehr e Sophie Kircher querem acabar com a estagna\u00e7\u00e3o","datePublished":"2025-05-16T14:11:26+00:00","mainEntityOfPage":{"@id":"https:\/\/loginfo24.com\/pt-pt\/2025\/05\/16\/kombiverkehr-e-sophie-kircher-querem-acabar-com-a-estagnacao\/"},"wordCount":587,"commentCount":0,"publisher":{"@id":"https:\/\/loginfo24.com\/pt-pt\/#organization"},"image":{"@id":"https:\/\/loginfo24.com\/pt-pt\/2025\/05\/16\/kombiverkehr-e-sophie-kircher-querem-acabar-com-a-estagnacao\/#primaryimage"},"thumbnailUrl":"https:\/\/loginfo24.com\/wp-content\/uploads\/sites\/7\/2025\/12\/Kombiverkehr_16.5.25.jpg","articleSection":["Forwarding &amp; Logistics","Regions"],"inLanguage":"pt-PT","potentialAction":[{"@type":"CommentAction","name":"Comment","target":["https:\/\/loginfo24.com\/pt-pt\/2025\/05\/16\/kombiverkehr-e-sophie-kircher-querem-acabar-com-a-estagnacao\/#respond"]}]},{"@type":"WebPage","@id":"https:\/\/loginfo24.com\/pt-pt\/2025\/05\/16\/kombiverkehr-e-sophie-kircher-querem-acabar-com-a-estagnacao\/","url":"https:\/\/loginfo24.com\/pt-pt\/2025\/05\/16\/kombiverkehr-e-sophie-kircher-querem-acabar-com-a-estagnacao\/","name":"Kombiverkehr e Sophie Kircher querem acabar com a estagna\u00e7\u00e3o - Loginfo24","isPartOf":{"@id":"https:\/\/loginfo24.com\/pt-pt\/#website"},"primaryImageOfPage":{"@id":"https:\/\/loginfo24.com\/pt-pt\/2025\/05\/16\/kombiverkehr-e-sophie-kircher-querem-acabar-com-a-estagnacao\/#primaryimage"},"image":{"@id":"https:\/\/loginfo24.com\/pt-pt\/2025\/05\/16\/kombiverkehr-e-sophie-kircher-querem-acabar-com-a-estagnacao\/#primaryimage"},"thumbnailUrl":"https:\/\/loginfo24.com\/wp-content\/uploads\/sites\/7\/2025\/12\/Kombiverkehr_16.5.25.jpg","datePublished":"2025-05-16T14:11:26+00:00","breadcrumb":{"@id":"https:\/\/loginfo24.com\/pt-pt\/2025\/05\/16\/kombiverkehr-e-sophie-kircher-querem-acabar-com-a-estagnacao\/#breadcrumb"},"inLanguage":"pt-PT","potentialAction":[{"@type":"ReadAction","target":["https:\/\/loginfo24.com\/pt-pt\/2025\/05\/16\/kombiverkehr-e-sophie-kircher-querem-acabar-com-a-estagnacao\/"]}]},{"@type":"ImageObject","inLanguage":"pt-PT","@id":"https:\/\/loginfo24.com\/pt-pt\/2025\/05\/16\/kombiverkehr-e-sophie-kircher-querem-acabar-com-a-estagnacao\/#primaryimage","url":"https:\/\/loginfo24.com\/wp-content\/uploads\/sites\/7\/2025\/12\/Kombiverkehr_16.5.25.jpg","contentUrl":"https:\/\/loginfo24.com\/wp-content\/uploads\/sites\/7\/2025\/12\/Kombiverkehr_16.5.25.jpg","width":1365,"height":839},{"@type":"BreadcrumbList","@id":"https:\/\/loginfo24.com\/pt-pt\/2025\/05\/16\/kombiverkehr-e-sophie-kircher-querem-acabar-com-a-estagnacao\/#breadcrumb","itemListElement":[{"@type":"ListItem","position":1,"name":"Startseite","item":"https:\/\/loginfo24.com\/pt-pt\/"},{"@type":"ListItem","position":2,"name":"Kombiverkehr e Sophie Kircher querem acabar com a estagna\u00e7\u00e3o"}]},{"@type":"WebSite","@id":"https:\/\/loginfo24.com\/pt-pt\/#website","url":"https:\/\/loginfo24.com\/pt-pt\/","name":"Loginfo24","description":"Loginfo24 \u00e9 a plataforma dedicada \u00e0 log\u00edstica e \u00e0s cadeias de abastecimento, com informa\u00e7\u00f5es dispon\u00edveis 24 horas por dia.","publisher":{"@id":"https:\/\/loginfo24.com\/pt-pt\/#organization"},"potentialAction":[{"@type":"SearchAction","target":{"@type":"EntryPoint","urlTemplate":"https:\/\/loginfo24.com\/pt-pt\/?s={search_term_string}"},"query-input":{"@type":"PropertyValueSpecification","valueRequired":true,"valueName":"search_term_string"}}],"inLanguage":"pt-PT"},{"@type":"Organization","@id":"https:\/\/loginfo24.com\/pt-pt\/#organization","name":"Logismedia Group AG","url":"https:\/\/loginfo24.com\/pt-pt\/","logo":{"@type":"ImageObject","inLanguage":"pt-PT","@id":"https:\/\/loginfo24.com\/pt-pt\/#\/schema\/logo\/image\/","url":"https:\/\/loginfo24.com\/wp-content\/uploads\/sites\/7\/2026\/01\/Logo_LogInfo24.png","contentUrl":"https:\/\/loginfo24.com\/wp-content\/uploads\/sites\/7\/2026\/01\/Logo_LogInfo24.png","width":938,"height":351,"caption":"Logismedia Group AG"},"image":{"@id":"https:\/\/loginfo24.com\/pt-pt\/#\/schema\/logo\/image\/"},"sameAs":["https:\/\/www.facebook.com\/people\/Loginfo24\/100057360583332\/","https:\/\/www.linkedin.com\/company\/lofinfo24\/"]}]}},"_links":{"self":[{"href":"https:\/\/loginfo24.com\/pt-pt\/wp-json\/wp\/v2\/posts\/69175","targetHints":{"allow":["GET"]}}],"collection":[{"href":"https:\/\/loginfo24.com\/pt-pt\/wp-json\/wp\/v2\/posts"}],"about":[{"href":"https:\/\/loginfo24.com\/pt-pt\/wp-json\/wp\/v2\/types\/post"}],"replies":[{"embeddable":true,"href":"https:\/\/loginfo24.com\/pt-pt\/wp-json\/wp\/v2\/comments?post=69175"}],"version-history":[{"count":0,"href":"https:\/\/loginfo24.com\/pt-pt\/wp-json\/wp\/v2\/posts\/69175\/revisions"}],"wp:featuredmedia":[{"embeddable":true,"href":"https:\/\/loginfo24.com\/pt-pt\/wp-json\/wp\/v2\/media\/5009"}],"wp:attachment":[{"href":"https:\/\/loginfo24.com\/pt-pt\/wp-json\/wp\/v2\/media?parent=69175"}],"wp:term":[{"taxonomy":"category","embeddable":true,"href":"https:\/\/loginfo24.com\/pt-pt\/wp-json\/wp\/v2\/categories?post=69175"},{"taxonomy":"post_tag","embeddable":true,"href":"https:\/\/loginfo24.com\/pt-pt\/wp-json\/wp\/v2\/tags?post=69175"}],"curies":[{"name":"wp","href":"https:\/\/api.w.org\/{rel}","templated":true}]}}