{"id":69086,"date":"2025-05-08T13:34:34","date_gmt":"2025-05-08T11:34:34","guid":{"rendered":"https:\/\/blog.brand-architecture.at\/2025\/05\/08\/a-correios-suicos-encerra-operacoes-da-sua-subsidiaria-notime\/"},"modified":"2025-05-08T13:34:34","modified_gmt":"2025-05-08T11:34:34","slug":"a-correios-suicos-encerra-operacoes-da-sua-subsidiaria-notime","status":"publish","type":"post","link":"https:\/\/loginfo24.com\/pt-pt\/2025\/05\/08\/a-correios-suicos-encerra-operacoes-da-sua-subsidiaria-notime\/","title":{"rendered":"A Correios Su\u00ed\u00e7os encerra opera\u00e7\u00f5es da sua subsidi\u00e1ria notime"},"content":{"rendered":"<h5><strong>A Correios Su\u00ed\u00e7os pretende encerrar a oferta da sua subsidi\u00e1ria notime at\u00e9 ao final de setembro de 2025. As duas empresas lan\u00e7am, por conseguinte, um processo de consulta. Elas fazem tudo o que podem para que a redu\u00e7\u00e3o de postos de trabalho associada seja realizada da forma mais socialmente respons\u00e1vel poss\u00edvel. A Correios oferece, sempre que poss\u00edvel, solu\u00e7\u00f5es alternativas aos clientes empresariais afetados.<\/strong><\/h5>\n<p>(Berna) Para se manter financeiramente saud\u00e1vel a longo prazo e fornecer um servi\u00e7o b\u00e1sico de qualidade sem recursos p\u00fablicos, a Correios est\u00e1 continuamente a avaliar a viabilidade econ\u00f4mica dos seus servi\u00e7os. Isso inclui tamb\u00e9m a oferta Same-Day da notime. Desde 2018, a Correios, com a sua subsidi\u00e1ria notime, oferece a entrega no dia do pedido nas \u00e1reas metropolitanas de v\u00e1rias cidades na Su\u00ed\u00e7a de l\u00edngua alem\u00e3 e na Su\u00ed\u00e7a Ocidental. No entanto, esta op\u00e7\u00e3o tem sido utilizada apenas em pequena medida pelos clientes desde o in\u00edcio, e a disposi\u00e7\u00e3o para pagar pelo servi\u00e7o \u00e9 baixa. A notime gera perdas anuais. Ap\u00f3s uma revis\u00e3o intensiva, a Correios chegou \u00e0 conclus\u00e3o de que poderia operar a oferta da notime a longo prazo apenas com preju\u00edzo. Por isso, pretende encerrar as opera\u00e7\u00f5es da notime (Su\u00ed\u00e7a) AG at\u00e9 ao final de setembro de 2025.<\/p>\n<h5><strong>Same-Day sempre foi uma oferta de nicho<\/strong><\/h5>\n<p>&#8220;Juntamente com a notime, examinamos v\u00e1rias op\u00e7\u00f5es para tornar a oferta rent\u00e1vel&#8221;, diz Johannes Cramer, chefe de Servi\u00e7os Log\u00edsticos e membro da dire\u00e7\u00e3o do grupo Correios. Assim, a Correios analisou v\u00e1rias vezes diferentes estruturas de pre\u00e7os e custos. No entanto, os custos fixos s\u00e3o demasiado altos para que a opera\u00e7\u00e3o de uma especialista em Same-Day seja vi\u00e1vel. A oferta permaneceu uma oferta de nicho e uma mudan\u00e7a na demanda por Same-Day n\u00e3o est\u00e1 \u00e0 vista.<\/p>\n<h5><strong><img loading=\"lazy\" decoding=\"async\" class=\"alignleft wp-image-28769 size-full\" src=\"https:\/\/loginfo24.com\/wp-content\/uploads\/sites\/7\/2025\/12\/Notime_8.5.25_2.jpg\" alt=\"\" width=\"1232\" height=\"962\" \/>Correios oferece alternativas aos clientes empresariais<\/strong><\/h5>\n<p>No caso do encerramento das opera\u00e7\u00f5es da notime (Su\u00ed\u00e7a) AG com sede em Zurique, a Correios, sempre que poss\u00edvel, oferecer\u00e1 aos clientes empresariais uma integra\u00e7\u00e3o nas solu\u00e7\u00f5es de entrega existentes da Correios. A Correios est\u00e1 em contato com todos os cerca de 20 clientes empresariais que utilizam entregas Same-Day da notime. N\u00e3o seriam afetadas pela inten\u00e7\u00e3o de encerrar a notime as ofertas Same-Day que a Correios oferece diretamente a clientes empresariais e particulares. Por exemplo, os servi\u00e7os SameDay Swiss Tarde e SameDay Swiss Noite continuar\u00e3o a existir. A notime foi fundada em 2014 e iniciou opera\u00e7\u00f5es em 2015. Em 2018, a Correios adquiriu uma participa\u00e7\u00e3o majorit\u00e1ria na empresa. Em 2021, adquiriu as restantes a\u00e7\u00f5es.<\/p>\n<h5><strong>A Correios quer apoiar os colaboradores da notime afetados<\/strong><\/h5>\n<p>Devido ao encerramento previsto das opera\u00e7\u00f5es da notime, cerca de 143 equivalentes a tempo inteiro (FTE) na Su\u00ed\u00e7a de l\u00edngua alem\u00e3 e na Su\u00ed\u00e7a Ocidental dever\u00e3o ser eliminados. Esses postos de trabalho distribuem-se principalmente por cerca de 550 motoristas de entregas que trabalham por hora com uma carga m\u00e9dia de 20% de entregas. Isso inclui tamb\u00e9m 39 colaboradores com sal\u00e1rio mensal. A notime e a Correios est\u00e3o a fazer tudo o que podem para que a redu\u00e7\u00e3o de postos de trabalho prevista seja realizada da forma mais socialmente respons\u00e1vel poss\u00edvel. Johannes Cramer assegura: &#8220;Os passos pretendidos s\u00e3o dif\u00edceis para n\u00f3s. No entanto, operar um neg\u00f3cio deficit\u00e1rio a longo prazo n\u00e3o seria respons\u00e1vel do ponto de vista empresarial. Vamos acompanhar de perto os colaboradores afetados e apoi\u00e1-los da melhor maneira poss\u00edvel. Estamos empenhados em oferecer a continuidade do emprego na Correios a tantos colaboradores quanto poss\u00edvel.&#8221;<\/p>\n<h5>Colaboradores podem apresentar propostas<\/h5>\n<p>Para os colaboradores que, em caso de encerramento, n\u00e3o puderem ser reempregados, a Correios planeia elaborar um plano social em conjunto com os parceiros sociais. No dia 8 de maio de 2025, inicia-se um processo de consulta na notime, que durar\u00e1 at\u00e9 30 de maio de 2025. Os colaboradores da notime poder\u00e3o apresentar propostas sobre como evitar a redu\u00e7\u00e3o de postos de trabalho prevista, limitar o n\u00famero de despedimentos ou mitigar suas consequ\u00eancias.<\/p>\n<p>Fotos: \u00a9 Correios Su\u00ed\u00e7os\/notime<\/p>\n","protected":false},"excerpt":{"rendered":"<p>A Correios Su\u00ed\u00e7os pretende encerrar a oferta da sua subsidi\u00e1ria notime at\u00e9 ao final de setembro de 2025. As duas empresas lan\u00e7am, por conseguinte, um processo<span class=\"excerpt-hellip\"> [\u2026]<\/span><\/p>\n","protected":false},"author":0,"featured_media":5041,"comment_status":"open","ping_status":"open","sticky":false,"template":"","format":"standard","meta":{"_acf_changed":false,"footnotes":""},"categories":[1557,1561],"tags":[],"class_list":["post-69086","post","type-post","status-publish","format-standard","has-post-thumbnail","hentry","category-forwarding-logistics","category-regions"],"acf":[],"yoast_head":"<!-- This site is optimized with the Yoast SEO plugin v27.3 - https:\/\/yoast.com\/product\/yoast-seo-wordpress\/ -->\n<title>A Correios Su\u00ed\u00e7os encerra opera\u00e7\u00f5es da sua subsidi\u00e1ria notime - Loginfo24<\/title>\n<meta name=\"robots\" content=\"index, follow, max-snippet:-1, max-image-preview:large, max-video-preview:-1\" \/>\n<link rel=\"canonical\" href=\"https:\/\/loginfo24.com\/pt-pt\/2025\/05\/08\/a-correios-suicos-encerra-operacoes-da-sua-subsidiaria-notime\/\" \/>\n<meta property=\"og:locale\" content=\"pt_PT\" \/>\n<meta property=\"og:type\" content=\"article\" \/>\n<meta property=\"og:title\" content=\"A Correios Su\u00ed\u00e7os encerra opera\u00e7\u00f5es da sua subsidi\u00e1ria notime - Loginfo24\" \/>\n<meta property=\"og:description\" content=\"A Correios Su\u00ed\u00e7os pretende encerrar a oferta da sua subsidi\u00e1ria notime at\u00e9 ao final de setembro de 2025. As duas empresas lan\u00e7am, por conseguinte, um processo [\u2026]\" \/>\n<meta property=\"og:url\" content=\"https:\/\/loginfo24.com\/pt-pt\/2025\/05\/08\/a-correios-suicos-encerra-operacoes-da-sua-subsidiaria-notime\/\" \/>\n<meta property=\"og:site_name\" content=\"Loginfo24\" \/>\n<meta property=\"article:publisher\" content=\"https:\/\/www.facebook.com\/people\/Loginfo24\/100057360583332\/\" \/>\n<meta property=\"article:published_time\" content=\"2025-05-08T11:34:34+00:00\" \/>\n<meta property=\"og:image\" content=\"https:\/\/loginfo24.com\/wp-content\/uploads\/sites\/7\/2025\/12\/Notime_8.5.25.jpg\" \/>\n\t<meta property=\"og:image:width\" content=\"1500\" \/>\n\t<meta property=\"og:image:height\" content=\"844\" \/>\n\t<meta property=\"og:image:type\" content=\"image\/jpeg\" \/>\n<meta name=\"twitter:card\" content=\"summary_large_image\" \/>\n<meta name=\"twitter:label1\" content=\"Tempo estimado de leitura\" \/>\n\t<meta name=\"twitter:data1\" content=\"4 minutos\" \/>\n<script type=\"application\/ld+json\" class=\"yoast-schema-graph\">{\"@context\":\"https:\\\/\\\/schema.org\",\"@graph\":[{\"@type\":\"Article\",\"@id\":\"https:\\\/\\\/loginfo24.com\\\/pt-pt\\\/2025\\\/05\\\/08\\\/a-correios-suicos-encerra-operacoes-da-sua-subsidiaria-notime\\\/#article\",\"isPartOf\":{\"@id\":\"https:\\\/\\\/loginfo24.com\\\/pt-pt\\\/2025\\\/05\\\/08\\\/a-correios-suicos-encerra-operacoes-da-sua-subsidiaria-notime\\\/\"},\"author\":{\"name\":\"\",\"@id\":\"\"},\"headline\":\"A Correios Su\u00ed\u00e7os encerra opera\u00e7\u00f5es da sua subsidi\u00e1ria notime\",\"datePublished\":\"2025-05-08T11:34:34+00:00\",\"mainEntityOfPage\":{\"@id\":\"https:\\\/\\\/loginfo24.com\\\/pt-pt\\\/2025\\\/05\\\/08\\\/a-correios-suicos-encerra-operacoes-da-sua-subsidiaria-notime\\\/\"},\"wordCount\":717,\"commentCount\":0,\"publisher\":{\"@id\":\"https:\\\/\\\/loginfo24.com\\\/pt-pt\\\/#organization\"},\"image\":{\"@id\":\"https:\\\/\\\/loginfo24.com\\\/pt-pt\\\/2025\\\/05\\\/08\\\/a-correios-suicos-encerra-operacoes-da-sua-subsidiaria-notime\\\/#primaryimage\"},\"thumbnailUrl\":\"https:\\\/\\\/loginfo24.com\\\/wp-content\\\/uploads\\\/sites\\\/7\\\/2025\\\/12\\\/Notime_8.5.25.jpg\",\"articleSection\":[\"Forwarding &amp; Logistics\",\"Regions\"],\"inLanguage\":\"pt-PT\",\"potentialAction\":[{\"@type\":\"CommentAction\",\"name\":\"Comment\",\"target\":[\"https:\\\/\\\/loginfo24.com\\\/pt-pt\\\/2025\\\/05\\\/08\\\/a-correios-suicos-encerra-operacoes-da-sua-subsidiaria-notime\\\/#respond\"]}]},{\"@type\":\"WebPage\",\"@id\":\"https:\\\/\\\/loginfo24.com\\\/pt-pt\\\/2025\\\/05\\\/08\\\/a-correios-suicos-encerra-operacoes-da-sua-subsidiaria-notime\\\/\",\"url\":\"https:\\\/\\\/loginfo24.com\\\/pt-pt\\\/2025\\\/05\\\/08\\\/a-correios-suicos-encerra-operacoes-da-sua-subsidiaria-notime\\\/\",\"name\":\"A Correios Su\u00ed\u00e7os encerra opera\u00e7\u00f5es da sua subsidi\u00e1ria notime - Loginfo24\",\"isPartOf\":{\"@id\":\"https:\\\/\\\/loginfo24.com\\\/pt-pt\\\/#website\"},\"primaryImageOfPage\":{\"@id\":\"https:\\\/\\\/loginfo24.com\\\/pt-pt\\\/2025\\\/05\\\/08\\\/a-correios-suicos-encerra-operacoes-da-sua-subsidiaria-notime\\\/#primaryimage\"},\"image\":{\"@id\":\"https:\\\/\\\/loginfo24.com\\\/pt-pt\\\/2025\\\/05\\\/08\\\/a-correios-suicos-encerra-operacoes-da-sua-subsidiaria-notime\\\/#primaryimage\"},\"thumbnailUrl\":\"https:\\\/\\\/loginfo24.com\\\/wp-content\\\/uploads\\\/sites\\\/7\\\/2025\\\/12\\\/Notime_8.5.25.jpg\",\"datePublished\":\"2025-05-08T11:34:34+00:00\",\"breadcrumb\":{\"@id\":\"https:\\\/\\\/loginfo24.com\\\/pt-pt\\\/2025\\\/05\\\/08\\\/a-correios-suicos-encerra-operacoes-da-sua-subsidiaria-notime\\\/#breadcrumb\"},\"inLanguage\":\"pt-PT\",\"potentialAction\":[{\"@type\":\"ReadAction\",\"target\":[\"https:\\\/\\\/loginfo24.com\\\/pt-pt\\\/2025\\\/05\\\/08\\\/a-correios-suicos-encerra-operacoes-da-sua-subsidiaria-notime\\\/\"]}]},{\"@type\":\"ImageObject\",\"inLanguage\":\"pt-PT\",\"@id\":\"https:\\\/\\\/loginfo24.com\\\/pt-pt\\\/2025\\\/05\\\/08\\\/a-correios-suicos-encerra-operacoes-da-sua-subsidiaria-notime\\\/#primaryimage\",\"url\":\"https:\\\/\\\/loginfo24.com\\\/wp-content\\\/uploads\\\/sites\\\/7\\\/2025\\\/12\\\/Notime_8.5.25.jpg\",\"contentUrl\":\"https:\\\/\\\/loginfo24.com\\\/wp-content\\\/uploads\\\/sites\\\/7\\\/2025\\\/12\\\/Notime_8.5.25.jpg\",\"width\":1500,\"height\":844},{\"@type\":\"BreadcrumbList\",\"@id\":\"https:\\\/\\\/loginfo24.com\\\/pt-pt\\\/2025\\\/05\\\/08\\\/a-correios-suicos-encerra-operacoes-da-sua-subsidiaria-notime\\\/#breadcrumb\",\"itemListElement\":[{\"@type\":\"ListItem\",\"position\":1,\"name\":\"Startseite\",\"item\":\"https:\\\/\\\/loginfo24.com\\\/pt-pt\\\/\"},{\"@type\":\"ListItem\",\"position\":2,\"name\":\"A Correios Su\u00ed\u00e7os encerra opera\u00e7\u00f5es da sua subsidi\u00e1ria notime\"}]},{\"@type\":\"WebSite\",\"@id\":\"https:\\\/\\\/loginfo24.com\\\/pt-pt\\\/#website\",\"url\":\"https:\\\/\\\/loginfo24.com\\\/pt-pt\\\/\",\"name\":\"Loginfo24\",\"description\":\"Loginfo24 \u00e9 a plataforma dedicada \u00e0 log\u00edstica e \u00e0s cadeias de abastecimento, com informa\u00e7\u00f5es dispon\u00edveis 24 horas por dia.\",\"publisher\":{\"@id\":\"https:\\\/\\\/loginfo24.com\\\/pt-pt\\\/#organization\"},\"potentialAction\":[{\"@type\":\"SearchAction\",\"target\":{\"@type\":\"EntryPoint\",\"urlTemplate\":\"https:\\\/\\\/loginfo24.com\\\/pt-pt\\\/?s={search_term_string}\"},\"query-input\":{\"@type\":\"PropertyValueSpecification\",\"valueRequired\":true,\"valueName\":\"search_term_string\"}}],\"inLanguage\":\"pt-PT\"},{\"@type\":\"Organization\",\"@id\":\"https:\\\/\\\/loginfo24.com\\\/pt-pt\\\/#organization\",\"name\":\"Logismedia Group AG\",\"url\":\"https:\\\/\\\/loginfo24.com\\\/pt-pt\\\/\",\"logo\":{\"@type\":\"ImageObject\",\"inLanguage\":\"pt-PT\",\"@id\":\"https:\\\/\\\/loginfo24.com\\\/pt-pt\\\/#\\\/schema\\\/logo\\\/image\\\/\",\"url\":\"https:\\\/\\\/loginfo24.com\\\/wp-content\\\/uploads\\\/sites\\\/7\\\/2026\\\/01\\\/Logo_LogInfo24.png\",\"contentUrl\":\"https:\\\/\\\/loginfo24.com\\\/wp-content\\\/uploads\\\/sites\\\/7\\\/2026\\\/01\\\/Logo_LogInfo24.png\",\"width\":938,\"height\":351,\"caption\":\"Logismedia Group AG\"},\"image\":{\"@id\":\"https:\\\/\\\/loginfo24.com\\\/pt-pt\\\/#\\\/schema\\\/logo\\\/image\\\/\"},\"sameAs\":[\"https:\\\/\\\/www.facebook.com\\\/people\\\/Loginfo24\\\/100057360583332\\\/\",\"https:\\\/\\\/www.linkedin.com\\\/company\\\/lofinfo24\\\/\"]}]}<\/script>\n<!-- \/ Yoast SEO plugin. -->","yoast_head_json":{"title":"A Correios Su\u00ed\u00e7os encerra opera\u00e7\u00f5es da sua subsidi\u00e1ria notime - Loginfo24","robots":{"index":"index","follow":"follow","max-snippet":"max-snippet:-1","max-image-preview":"max-image-preview:large","max-video-preview":"max-video-preview:-1"},"canonical":"https:\/\/loginfo24.com\/pt-pt\/2025\/05\/08\/a-correios-suicos-encerra-operacoes-da-sua-subsidiaria-notime\/","og_locale":"pt_PT","og_type":"article","og_title":"A Correios Su\u00ed\u00e7os encerra opera\u00e7\u00f5es da sua subsidi\u00e1ria notime - Loginfo24","og_description":"A Correios Su\u00ed\u00e7os pretende encerrar a oferta da sua subsidi\u00e1ria notime at\u00e9 ao final de setembro de 2025. As duas empresas lan\u00e7am, por conseguinte, um processo [\u2026]","og_url":"https:\/\/loginfo24.com\/pt-pt\/2025\/05\/08\/a-correios-suicos-encerra-operacoes-da-sua-subsidiaria-notime\/","og_site_name":"Loginfo24","article_publisher":"https:\/\/www.facebook.com\/people\/Loginfo24\/100057360583332\/","article_published_time":"2025-05-08T11:34:34+00:00","og_image":[{"width":1500,"height":844,"url":"https:\/\/loginfo24.com\/wp-content\/uploads\/sites\/7\/2025\/12\/Notime_8.5.25.jpg","type":"image\/jpeg"}],"twitter_card":"summary_large_image","twitter_misc":{"Tempo estimado de leitura":"4 minutos"},"schema":{"@context":"https:\/\/schema.org","@graph":[{"@type":"Article","@id":"https:\/\/loginfo24.com\/pt-pt\/2025\/05\/08\/a-correios-suicos-encerra-operacoes-da-sua-subsidiaria-notime\/#article","isPartOf":{"@id":"https:\/\/loginfo24.com\/pt-pt\/2025\/05\/08\/a-correios-suicos-encerra-operacoes-da-sua-subsidiaria-notime\/"},"author":{"name":"","@id":""},"headline":"A Correios Su\u00ed\u00e7os encerra opera\u00e7\u00f5es da sua subsidi\u00e1ria notime","datePublished":"2025-05-08T11:34:34+00:00","mainEntityOfPage":{"@id":"https:\/\/loginfo24.com\/pt-pt\/2025\/05\/08\/a-correios-suicos-encerra-operacoes-da-sua-subsidiaria-notime\/"},"wordCount":717,"commentCount":0,"publisher":{"@id":"https:\/\/loginfo24.com\/pt-pt\/#organization"},"image":{"@id":"https:\/\/loginfo24.com\/pt-pt\/2025\/05\/08\/a-correios-suicos-encerra-operacoes-da-sua-subsidiaria-notime\/#primaryimage"},"thumbnailUrl":"https:\/\/loginfo24.com\/wp-content\/uploads\/sites\/7\/2025\/12\/Notime_8.5.25.jpg","articleSection":["Forwarding &amp; Logistics","Regions"],"inLanguage":"pt-PT","potentialAction":[{"@type":"CommentAction","name":"Comment","target":["https:\/\/loginfo24.com\/pt-pt\/2025\/05\/08\/a-correios-suicos-encerra-operacoes-da-sua-subsidiaria-notime\/#respond"]}]},{"@type":"WebPage","@id":"https:\/\/loginfo24.com\/pt-pt\/2025\/05\/08\/a-correios-suicos-encerra-operacoes-da-sua-subsidiaria-notime\/","url":"https:\/\/loginfo24.com\/pt-pt\/2025\/05\/08\/a-correios-suicos-encerra-operacoes-da-sua-subsidiaria-notime\/","name":"A Correios Su\u00ed\u00e7os encerra opera\u00e7\u00f5es da sua subsidi\u00e1ria notime - Loginfo24","isPartOf":{"@id":"https:\/\/loginfo24.com\/pt-pt\/#website"},"primaryImageOfPage":{"@id":"https:\/\/loginfo24.com\/pt-pt\/2025\/05\/08\/a-correios-suicos-encerra-operacoes-da-sua-subsidiaria-notime\/#primaryimage"},"image":{"@id":"https:\/\/loginfo24.com\/pt-pt\/2025\/05\/08\/a-correios-suicos-encerra-operacoes-da-sua-subsidiaria-notime\/#primaryimage"},"thumbnailUrl":"https:\/\/loginfo24.com\/wp-content\/uploads\/sites\/7\/2025\/12\/Notime_8.5.25.jpg","datePublished":"2025-05-08T11:34:34+00:00","breadcrumb":{"@id":"https:\/\/loginfo24.com\/pt-pt\/2025\/05\/08\/a-correios-suicos-encerra-operacoes-da-sua-subsidiaria-notime\/#breadcrumb"},"inLanguage":"pt-PT","potentialAction":[{"@type":"ReadAction","target":["https:\/\/loginfo24.com\/pt-pt\/2025\/05\/08\/a-correios-suicos-encerra-operacoes-da-sua-subsidiaria-notime\/"]}]},{"@type":"ImageObject","inLanguage":"pt-PT","@id":"https:\/\/loginfo24.com\/pt-pt\/2025\/05\/08\/a-correios-suicos-encerra-operacoes-da-sua-subsidiaria-notime\/#primaryimage","url":"https:\/\/loginfo24.com\/wp-content\/uploads\/sites\/7\/2025\/12\/Notime_8.5.25.jpg","contentUrl":"https:\/\/loginfo24.com\/wp-content\/uploads\/sites\/7\/2025\/12\/Notime_8.5.25.jpg","width":1500,"height":844},{"@type":"BreadcrumbList","@id":"https:\/\/loginfo24.com\/pt-pt\/2025\/05\/08\/a-correios-suicos-encerra-operacoes-da-sua-subsidiaria-notime\/#breadcrumb","itemListElement":[{"@type":"ListItem","position":1,"name":"Startseite","item":"https:\/\/loginfo24.com\/pt-pt\/"},{"@type":"ListItem","position":2,"name":"A Correios Su\u00ed\u00e7os encerra opera\u00e7\u00f5es da sua subsidi\u00e1ria notime"}]},{"@type":"WebSite","@id":"https:\/\/loginfo24.com\/pt-pt\/#website","url":"https:\/\/loginfo24.com\/pt-pt\/","name":"Loginfo24","description":"Loginfo24 \u00e9 a plataforma dedicada \u00e0 log\u00edstica e \u00e0s cadeias de abastecimento, com informa\u00e7\u00f5es dispon\u00edveis 24 horas por dia.","publisher":{"@id":"https:\/\/loginfo24.com\/pt-pt\/#organization"},"potentialAction":[{"@type":"SearchAction","target":{"@type":"EntryPoint","urlTemplate":"https:\/\/loginfo24.com\/pt-pt\/?s={search_term_string}"},"query-input":{"@type":"PropertyValueSpecification","valueRequired":true,"valueName":"search_term_string"}}],"inLanguage":"pt-PT"},{"@type":"Organization","@id":"https:\/\/loginfo24.com\/pt-pt\/#organization","name":"Logismedia Group AG","url":"https:\/\/loginfo24.com\/pt-pt\/","logo":{"@type":"ImageObject","inLanguage":"pt-PT","@id":"https:\/\/loginfo24.com\/pt-pt\/#\/schema\/logo\/image\/","url":"https:\/\/loginfo24.com\/wp-content\/uploads\/sites\/7\/2026\/01\/Logo_LogInfo24.png","contentUrl":"https:\/\/loginfo24.com\/wp-content\/uploads\/sites\/7\/2026\/01\/Logo_LogInfo24.png","width":938,"height":351,"caption":"Logismedia Group AG"},"image":{"@id":"https:\/\/loginfo24.com\/pt-pt\/#\/schema\/logo\/image\/"},"sameAs":["https:\/\/www.facebook.com\/people\/Loginfo24\/100057360583332\/","https:\/\/www.linkedin.com\/company\/lofinfo24\/"]}]}},"_links":{"self":[{"href":"https:\/\/loginfo24.com\/pt-pt\/wp-json\/wp\/v2\/posts\/69086","targetHints":{"allow":["GET"]}}],"collection":[{"href":"https:\/\/loginfo24.com\/pt-pt\/wp-json\/wp\/v2\/posts"}],"about":[{"href":"https:\/\/loginfo24.com\/pt-pt\/wp-json\/wp\/v2\/types\/post"}],"replies":[{"embeddable":true,"href":"https:\/\/loginfo24.com\/pt-pt\/wp-json\/wp\/v2\/comments?post=69086"}],"version-history":[{"count":0,"href":"https:\/\/loginfo24.com\/pt-pt\/wp-json\/wp\/v2\/posts\/69086\/revisions"}],"wp:featuredmedia":[{"embeddable":true,"href":"https:\/\/loginfo24.com\/pt-pt\/wp-json\/wp\/v2\/media\/5041"}],"wp:attachment":[{"href":"https:\/\/loginfo24.com\/pt-pt\/wp-json\/wp\/v2\/media?parent=69086"}],"wp:term":[{"taxonomy":"category","embeddable":true,"href":"https:\/\/loginfo24.com\/pt-pt\/wp-json\/wp\/v2\/categories?post=69086"},{"taxonomy":"post_tag","embeddable":true,"href":"https:\/\/loginfo24.com\/pt-pt\/wp-json\/wp\/v2\/tags?post=69086"}],"curies":[{"name":"wp","href":"https:\/\/api.w.org\/{rel}","templated":true}]}}