{"id":69029,"date":"2025-05-06T18:19:11","date_gmt":"2025-05-06T16:19:11","guid":{"rendered":"https:\/\/blog.brand-architecture.at\/2025\/05\/06\/a-rede-ctl-celebra-um-bom-ano-fiscal-de-2024\/"},"modified":"2025-05-06T18:19:11","modified_gmt":"2025-05-06T16:19:11","slug":"a-rede-ctl-celebra-um-bom-ano-fiscal-de-2024","status":"publish","type":"post","link":"https:\/\/loginfo24.com\/pt-pt\/2025\/05\/06\/a-rede-ctl-celebra-um-bom-ano-fiscal-de-2024\/","title":{"rendered":"A rede CTL celebra um bom ano fiscal de 2024"},"content":{"rendered":"<h5><strong>A Cargo Trans Logistik AG (CTL) olha para um ano fiscal de 2024 bem-sucedido. Com a inclus\u00e3o de novas coopera\u00e7\u00f5es nacionais e internacionais, a rede de carga agora conta com 200 parceiros e oferece uma alta densidade e resili\u00eancia de rede em toda a Europa. Apesar das condi\u00e7\u00f5es desafiadoras do mercado, a CTL conseguiu aumentar os volumes de transporte atrav\u00e9s da intensifica\u00e7\u00e3o dos neg\u00f3cios internacionais e da expans\u00e3o da oferta de servi\u00e7os.<\/strong><\/h5>\n<p>(Homberg) Este crescimento direcionado reflete-se em um aumento de receita para quase 161 milh\u00f5es de euros. Com a funda\u00e7\u00e3o do prestador de servi\u00e7os de TI pr\u00f3prio SoftWard, a CTL tamb\u00e9m foca na digitaliza\u00e7\u00e3o e otimiza\u00e7\u00e3o cont\u00ednuas dos processos de rede.<\/p>\n<p>&#8220;Em 2024, expandimos visivelmente nossa rede. Nossos 200 parceiros nacionais e internacionais garantem uma densidade e seguran\u00e7a de rede m\u00e1ximas em toda a Europa&#8221;, diz Francesco De Lauso, CEO da CTL AG. O transporte local em regi\u00f5es desafiadoras como Col\u00f4nia ou Hannover tamb\u00e9m contribui para isso.<\/p>\n<p>O volume de transporte em 2024 foi ligeiramente aumentado em compara\u00e7\u00e3o ao ano anterior, com um crescimento de um por cento, totalizando 2,46 milh\u00f5es de envios de carga. Isso foi gerido atrav\u00e9s do sistema puro de Hub-and-Spoke. Os principais motores do desenvolvimento positivo dos volumes foram, por um lado, os neg\u00f3cios internacionais: atrav\u00e9s da constru\u00e7\u00e3o direcionada de novos parceiros e rotas internacionais, a CTL conseguiu expandir sua oferta e aumentar os volumes nesse segmento em mais de dez por cento. Por outro lado, a expans\u00e3o do portf\u00f3lio de servi\u00e7os, como o novo produto eficiente CTL Collect, tamb\u00e9m contribuiu para o aumento dos volumes. Assim, a trajet\u00f3ria de crescimento p\u00f4de ser mantida apesar das condi\u00e7\u00f5es desafiadoras e as capacidades da rede foram bem aproveitadas.<\/p>\n<h5><strong>Aumento de receita de 9,1 por cento<\/strong><\/h5>\n<p>A receita da CTL aumentou no ano fiscal de 2024 em 9,1 por cento, alcan\u00e7ando quase 161 milh\u00f5es de euros. O aumento da receita deve-se, al\u00e9m dos habituais ajustes tarif\u00e1rios, principalmente \u00e0 expans\u00e3o estrat\u00e9gica do portf\u00f3lio de servi\u00e7os da CTL, que vai al\u00e9m dos servi\u00e7os de rede e ganhou import\u00e2ncia.<\/p>\n<h5><strong>Funda\u00e7\u00e3o da SoftWard GmbH<\/strong><\/h5>\n<p>Outro marco importante no ano fiscal de 2024 foi a funda\u00e7\u00e3o da SoftWard GmbH. Com este passo, a CTL estabelece as bases para uma infraestrutura de TI voltada para o futuro. A SoftWard GmbH desenvolver\u00e1 e implementar\u00e1 solu\u00e7\u00f5es de TI inovadoras para a rede, a fim de avan\u00e7ar ainda mais na digitaliza\u00e7\u00e3o e otimiza\u00e7\u00e3o dos processos de rede. A base para isso \u00e9 o software operacional da rede, que a CTL adquiriu completamente do prestador de servi\u00e7os anterior e transferiu para a AG.<\/p>\n<h5><strong>Orienta\u00e7\u00e3o estrat\u00e9gica<\/strong><\/h5>\n<p>Apesar da situa\u00e7\u00e3o de mercado desafiadora, a coopera\u00e7\u00e3o de carga olha para o futuro com otimismo. &#8220;Na CTL, estamos ativamente moldando a mudan\u00e7a. Juntamente com nossos parceiros, nos preparamos com compet\u00eancia, efici\u00eancia e confiabilidade para os desafios futuros&#8221;, diz De Lauso. As prioridades est\u00e3o claramente definidas: al\u00e9m da capacidade operacional e cobertura da rede, o foco ser\u00e1 principalmente na expans\u00e3o internacional, na implementa\u00e7\u00e3o de aplica\u00e7\u00f5es inovadoras de IA e no desenvolvimento de solu\u00e7\u00f5es setoriais para os parceiros. Isso ser\u00e1 acompanhado pela implementa\u00e7\u00e3o de uma estrat\u00e9gia de sustentabilidade de longo prazo.<\/p>\n<p>Foto: \u00a9 CTL<\/p>\n","protected":false},"excerpt":{"rendered":"<p>A Cargo Trans Logistik AG (CTL) olha para um ano fiscal de 2024 bem-sucedido. Com a inclus\u00e3o de novas coopera\u00e7\u00f5es nacionais e internacionais, a rede de<span class=\"excerpt-hellip\"> [\u2026]<\/span><\/p>\n","protected":false},"author":0,"featured_media":5055,"comment_status":"open","ping_status":"open","sticky":false,"template":"","format":"standard","meta":{"_acf_changed":false,"footnotes":""},"categories":[1665,1561],"tags":[],"class_list":["post-69029","post","type-post","status-publish","format-standard","has-post-thumbnail","hentry","category-categories","category-regions"],"acf":[],"yoast_head":"<!-- This site is optimized with the Yoast SEO plugin v27.3 - https:\/\/yoast.com\/product\/yoast-seo-wordpress\/ -->\n<title>A rede CTL celebra um bom ano fiscal de 2024 - Loginfo24<\/title>\n<meta name=\"robots\" content=\"index, follow, max-snippet:-1, max-image-preview:large, max-video-preview:-1\" \/>\n<link rel=\"canonical\" href=\"https:\/\/loginfo24.com\/pt-pt\/2025\/05\/06\/a-rede-ctl-celebra-um-bom-ano-fiscal-de-2024\/\" \/>\n<meta property=\"og:locale\" content=\"pt_PT\" \/>\n<meta property=\"og:type\" content=\"article\" \/>\n<meta property=\"og:title\" content=\"A rede CTL celebra um bom ano fiscal de 2024 - Loginfo24\" \/>\n<meta property=\"og:description\" content=\"A Cargo Trans Logistik AG (CTL) olha para um ano fiscal de 2024 bem-sucedido. Com a inclus\u00e3o de novas coopera\u00e7\u00f5es nacionais e internacionais, a rede de [\u2026]\" \/>\n<meta property=\"og:url\" content=\"https:\/\/loginfo24.com\/pt-pt\/2025\/05\/06\/a-rede-ctl-celebra-um-bom-ano-fiscal-de-2024\/\" \/>\n<meta property=\"og:site_name\" content=\"Loginfo24\" \/>\n<meta property=\"article:publisher\" content=\"https:\/\/www.facebook.com\/people\/Loginfo24\/100057360583332\/\" \/>\n<meta property=\"article:published_time\" content=\"2025-05-06T16:19:11+00:00\" \/>\n<meta property=\"og:image\" content=\"https:\/\/loginfo24.com\/wp-content\/uploads\/sites\/7\/2025\/12\/CTL_6.5.25.jpg\" \/>\n\t<meta property=\"og:image:width\" content=\"1263\" \/>\n\t<meta property=\"og:image:height\" content=\"752\" \/>\n\t<meta property=\"og:image:type\" content=\"image\/jpeg\" \/>\n<meta name=\"twitter:card\" content=\"summary_large_image\" \/>\n<meta name=\"twitter:label1\" content=\"Tempo estimado de leitura\" \/>\n\t<meta name=\"twitter:data1\" content=\"3 minutos\" \/>\n<script type=\"application\/ld+json\" class=\"yoast-schema-graph\">{\"@context\":\"https:\\\/\\\/schema.org\",\"@graph\":[{\"@type\":\"Article\",\"@id\":\"https:\\\/\\\/loginfo24.com\\\/pt-pt\\\/2025\\\/05\\\/06\\\/a-rede-ctl-celebra-um-bom-ano-fiscal-de-2024\\\/#article\",\"isPartOf\":{\"@id\":\"https:\\\/\\\/loginfo24.com\\\/pt-pt\\\/2025\\\/05\\\/06\\\/a-rede-ctl-celebra-um-bom-ano-fiscal-de-2024\\\/\"},\"author\":{\"name\":\"\",\"@id\":\"\"},\"headline\":\"A rede CTL celebra um bom ano fiscal de 2024\",\"datePublished\":\"2025-05-06T16:19:11+00:00\",\"mainEntityOfPage\":{\"@id\":\"https:\\\/\\\/loginfo24.com\\\/pt-pt\\\/2025\\\/05\\\/06\\\/a-rede-ctl-celebra-um-bom-ano-fiscal-de-2024\\\/\"},\"wordCount\":582,\"commentCount\":0,\"publisher\":{\"@id\":\"https:\\\/\\\/loginfo24.com\\\/pt-pt\\\/#organization\"},\"image\":{\"@id\":\"https:\\\/\\\/loginfo24.com\\\/pt-pt\\\/2025\\\/05\\\/06\\\/a-rede-ctl-celebra-um-bom-ano-fiscal-de-2024\\\/#primaryimage\"},\"thumbnailUrl\":\"https:\\\/\\\/loginfo24.com\\\/wp-content\\\/uploads\\\/sites\\\/7\\\/2025\\\/12\\\/CTL_6.5.25.jpg\",\"articleSection\":[\"Categories\",\"Regions\"],\"inLanguage\":\"pt-PT\",\"potentialAction\":[{\"@type\":\"CommentAction\",\"name\":\"Comment\",\"target\":[\"https:\\\/\\\/loginfo24.com\\\/pt-pt\\\/2025\\\/05\\\/06\\\/a-rede-ctl-celebra-um-bom-ano-fiscal-de-2024\\\/#respond\"]}]},{\"@type\":\"WebPage\",\"@id\":\"https:\\\/\\\/loginfo24.com\\\/pt-pt\\\/2025\\\/05\\\/06\\\/a-rede-ctl-celebra-um-bom-ano-fiscal-de-2024\\\/\",\"url\":\"https:\\\/\\\/loginfo24.com\\\/pt-pt\\\/2025\\\/05\\\/06\\\/a-rede-ctl-celebra-um-bom-ano-fiscal-de-2024\\\/\",\"name\":\"A rede CTL celebra um bom ano fiscal de 2024 - Loginfo24\",\"isPartOf\":{\"@id\":\"https:\\\/\\\/loginfo24.com\\\/pt-pt\\\/#website\"},\"primaryImageOfPage\":{\"@id\":\"https:\\\/\\\/loginfo24.com\\\/pt-pt\\\/2025\\\/05\\\/06\\\/a-rede-ctl-celebra-um-bom-ano-fiscal-de-2024\\\/#primaryimage\"},\"image\":{\"@id\":\"https:\\\/\\\/loginfo24.com\\\/pt-pt\\\/2025\\\/05\\\/06\\\/a-rede-ctl-celebra-um-bom-ano-fiscal-de-2024\\\/#primaryimage\"},\"thumbnailUrl\":\"https:\\\/\\\/loginfo24.com\\\/wp-content\\\/uploads\\\/sites\\\/7\\\/2025\\\/12\\\/CTL_6.5.25.jpg\",\"datePublished\":\"2025-05-06T16:19:11+00:00\",\"breadcrumb\":{\"@id\":\"https:\\\/\\\/loginfo24.com\\\/pt-pt\\\/2025\\\/05\\\/06\\\/a-rede-ctl-celebra-um-bom-ano-fiscal-de-2024\\\/#breadcrumb\"},\"inLanguage\":\"pt-PT\",\"potentialAction\":[{\"@type\":\"ReadAction\",\"target\":[\"https:\\\/\\\/loginfo24.com\\\/pt-pt\\\/2025\\\/05\\\/06\\\/a-rede-ctl-celebra-um-bom-ano-fiscal-de-2024\\\/\"]}]},{\"@type\":\"ImageObject\",\"inLanguage\":\"pt-PT\",\"@id\":\"https:\\\/\\\/loginfo24.com\\\/pt-pt\\\/2025\\\/05\\\/06\\\/a-rede-ctl-celebra-um-bom-ano-fiscal-de-2024\\\/#primaryimage\",\"url\":\"https:\\\/\\\/loginfo24.com\\\/wp-content\\\/uploads\\\/sites\\\/7\\\/2025\\\/12\\\/CTL_6.5.25.jpg\",\"contentUrl\":\"https:\\\/\\\/loginfo24.com\\\/wp-content\\\/uploads\\\/sites\\\/7\\\/2025\\\/12\\\/CTL_6.5.25.jpg\",\"width\":1263,\"height\":752},{\"@type\":\"BreadcrumbList\",\"@id\":\"https:\\\/\\\/loginfo24.com\\\/pt-pt\\\/2025\\\/05\\\/06\\\/a-rede-ctl-celebra-um-bom-ano-fiscal-de-2024\\\/#breadcrumb\",\"itemListElement\":[{\"@type\":\"ListItem\",\"position\":1,\"name\":\"Startseite\",\"item\":\"https:\\\/\\\/loginfo24.com\\\/pt-pt\\\/\"},{\"@type\":\"ListItem\",\"position\":2,\"name\":\"A rede CTL celebra um bom ano fiscal de 2024\"}]},{\"@type\":\"WebSite\",\"@id\":\"https:\\\/\\\/loginfo24.com\\\/pt-pt\\\/#website\",\"url\":\"https:\\\/\\\/loginfo24.com\\\/pt-pt\\\/\",\"name\":\"Loginfo24\",\"description\":\"Loginfo24 \u00e9 a plataforma dedicada \u00e0 log\u00edstica e \u00e0s cadeias de abastecimento, com informa\u00e7\u00f5es dispon\u00edveis 24 horas por dia.\",\"publisher\":{\"@id\":\"https:\\\/\\\/loginfo24.com\\\/pt-pt\\\/#organization\"},\"potentialAction\":[{\"@type\":\"SearchAction\",\"target\":{\"@type\":\"EntryPoint\",\"urlTemplate\":\"https:\\\/\\\/loginfo24.com\\\/pt-pt\\\/?s={search_term_string}\"},\"query-input\":{\"@type\":\"PropertyValueSpecification\",\"valueRequired\":true,\"valueName\":\"search_term_string\"}}],\"inLanguage\":\"pt-PT\"},{\"@type\":\"Organization\",\"@id\":\"https:\\\/\\\/loginfo24.com\\\/pt-pt\\\/#organization\",\"name\":\"Logismedia Group AG\",\"url\":\"https:\\\/\\\/loginfo24.com\\\/pt-pt\\\/\",\"logo\":{\"@type\":\"ImageObject\",\"inLanguage\":\"pt-PT\",\"@id\":\"https:\\\/\\\/loginfo24.com\\\/pt-pt\\\/#\\\/schema\\\/logo\\\/image\\\/\",\"url\":\"https:\\\/\\\/loginfo24.com\\\/wp-content\\\/uploads\\\/sites\\\/7\\\/2026\\\/01\\\/Logo_LogInfo24.png\",\"contentUrl\":\"https:\\\/\\\/loginfo24.com\\\/wp-content\\\/uploads\\\/sites\\\/7\\\/2026\\\/01\\\/Logo_LogInfo24.png\",\"width\":938,\"height\":351,\"caption\":\"Logismedia Group AG\"},\"image\":{\"@id\":\"https:\\\/\\\/loginfo24.com\\\/pt-pt\\\/#\\\/schema\\\/logo\\\/image\\\/\"},\"sameAs\":[\"https:\\\/\\\/www.facebook.com\\\/people\\\/Loginfo24\\\/100057360583332\\\/\",\"https:\\\/\\\/www.linkedin.com\\\/company\\\/lofinfo24\\\/\"]}]}<\/script>\n<!-- \/ Yoast SEO plugin. -->","yoast_head_json":{"title":"A rede CTL celebra um bom ano fiscal de 2024 - Loginfo24","robots":{"index":"index","follow":"follow","max-snippet":"max-snippet:-1","max-image-preview":"max-image-preview:large","max-video-preview":"max-video-preview:-1"},"canonical":"https:\/\/loginfo24.com\/pt-pt\/2025\/05\/06\/a-rede-ctl-celebra-um-bom-ano-fiscal-de-2024\/","og_locale":"pt_PT","og_type":"article","og_title":"A rede CTL celebra um bom ano fiscal de 2024 - Loginfo24","og_description":"A Cargo Trans Logistik AG (CTL) olha para um ano fiscal de 2024 bem-sucedido. Com a inclus\u00e3o de novas coopera\u00e7\u00f5es nacionais e internacionais, a rede de [\u2026]","og_url":"https:\/\/loginfo24.com\/pt-pt\/2025\/05\/06\/a-rede-ctl-celebra-um-bom-ano-fiscal-de-2024\/","og_site_name":"Loginfo24","article_publisher":"https:\/\/www.facebook.com\/people\/Loginfo24\/100057360583332\/","article_published_time":"2025-05-06T16:19:11+00:00","og_image":[{"width":1263,"height":752,"url":"https:\/\/loginfo24.com\/wp-content\/uploads\/sites\/7\/2025\/12\/CTL_6.5.25.jpg","type":"image\/jpeg"}],"twitter_card":"summary_large_image","twitter_misc":{"Tempo estimado de leitura":"3 minutos"},"schema":{"@context":"https:\/\/schema.org","@graph":[{"@type":"Article","@id":"https:\/\/loginfo24.com\/pt-pt\/2025\/05\/06\/a-rede-ctl-celebra-um-bom-ano-fiscal-de-2024\/#article","isPartOf":{"@id":"https:\/\/loginfo24.com\/pt-pt\/2025\/05\/06\/a-rede-ctl-celebra-um-bom-ano-fiscal-de-2024\/"},"author":{"name":"","@id":""},"headline":"A rede CTL celebra um bom ano fiscal de 2024","datePublished":"2025-05-06T16:19:11+00:00","mainEntityOfPage":{"@id":"https:\/\/loginfo24.com\/pt-pt\/2025\/05\/06\/a-rede-ctl-celebra-um-bom-ano-fiscal-de-2024\/"},"wordCount":582,"commentCount":0,"publisher":{"@id":"https:\/\/loginfo24.com\/pt-pt\/#organization"},"image":{"@id":"https:\/\/loginfo24.com\/pt-pt\/2025\/05\/06\/a-rede-ctl-celebra-um-bom-ano-fiscal-de-2024\/#primaryimage"},"thumbnailUrl":"https:\/\/loginfo24.com\/wp-content\/uploads\/sites\/7\/2025\/12\/CTL_6.5.25.jpg","articleSection":["Categories","Regions"],"inLanguage":"pt-PT","potentialAction":[{"@type":"CommentAction","name":"Comment","target":["https:\/\/loginfo24.com\/pt-pt\/2025\/05\/06\/a-rede-ctl-celebra-um-bom-ano-fiscal-de-2024\/#respond"]}]},{"@type":"WebPage","@id":"https:\/\/loginfo24.com\/pt-pt\/2025\/05\/06\/a-rede-ctl-celebra-um-bom-ano-fiscal-de-2024\/","url":"https:\/\/loginfo24.com\/pt-pt\/2025\/05\/06\/a-rede-ctl-celebra-um-bom-ano-fiscal-de-2024\/","name":"A rede CTL celebra um bom ano fiscal de 2024 - Loginfo24","isPartOf":{"@id":"https:\/\/loginfo24.com\/pt-pt\/#website"},"primaryImageOfPage":{"@id":"https:\/\/loginfo24.com\/pt-pt\/2025\/05\/06\/a-rede-ctl-celebra-um-bom-ano-fiscal-de-2024\/#primaryimage"},"image":{"@id":"https:\/\/loginfo24.com\/pt-pt\/2025\/05\/06\/a-rede-ctl-celebra-um-bom-ano-fiscal-de-2024\/#primaryimage"},"thumbnailUrl":"https:\/\/loginfo24.com\/wp-content\/uploads\/sites\/7\/2025\/12\/CTL_6.5.25.jpg","datePublished":"2025-05-06T16:19:11+00:00","breadcrumb":{"@id":"https:\/\/loginfo24.com\/pt-pt\/2025\/05\/06\/a-rede-ctl-celebra-um-bom-ano-fiscal-de-2024\/#breadcrumb"},"inLanguage":"pt-PT","potentialAction":[{"@type":"ReadAction","target":["https:\/\/loginfo24.com\/pt-pt\/2025\/05\/06\/a-rede-ctl-celebra-um-bom-ano-fiscal-de-2024\/"]}]},{"@type":"ImageObject","inLanguage":"pt-PT","@id":"https:\/\/loginfo24.com\/pt-pt\/2025\/05\/06\/a-rede-ctl-celebra-um-bom-ano-fiscal-de-2024\/#primaryimage","url":"https:\/\/loginfo24.com\/wp-content\/uploads\/sites\/7\/2025\/12\/CTL_6.5.25.jpg","contentUrl":"https:\/\/loginfo24.com\/wp-content\/uploads\/sites\/7\/2025\/12\/CTL_6.5.25.jpg","width":1263,"height":752},{"@type":"BreadcrumbList","@id":"https:\/\/loginfo24.com\/pt-pt\/2025\/05\/06\/a-rede-ctl-celebra-um-bom-ano-fiscal-de-2024\/#breadcrumb","itemListElement":[{"@type":"ListItem","position":1,"name":"Startseite","item":"https:\/\/loginfo24.com\/pt-pt\/"},{"@type":"ListItem","position":2,"name":"A rede CTL celebra um bom ano fiscal de 2024"}]},{"@type":"WebSite","@id":"https:\/\/loginfo24.com\/pt-pt\/#website","url":"https:\/\/loginfo24.com\/pt-pt\/","name":"Loginfo24","description":"Loginfo24 \u00e9 a plataforma dedicada \u00e0 log\u00edstica e \u00e0s cadeias de abastecimento, com informa\u00e7\u00f5es dispon\u00edveis 24 horas por dia.","publisher":{"@id":"https:\/\/loginfo24.com\/pt-pt\/#organization"},"potentialAction":[{"@type":"SearchAction","target":{"@type":"EntryPoint","urlTemplate":"https:\/\/loginfo24.com\/pt-pt\/?s={search_term_string}"},"query-input":{"@type":"PropertyValueSpecification","valueRequired":true,"valueName":"search_term_string"}}],"inLanguage":"pt-PT"},{"@type":"Organization","@id":"https:\/\/loginfo24.com\/pt-pt\/#organization","name":"Logismedia Group AG","url":"https:\/\/loginfo24.com\/pt-pt\/","logo":{"@type":"ImageObject","inLanguage":"pt-PT","@id":"https:\/\/loginfo24.com\/pt-pt\/#\/schema\/logo\/image\/","url":"https:\/\/loginfo24.com\/wp-content\/uploads\/sites\/7\/2026\/01\/Logo_LogInfo24.png","contentUrl":"https:\/\/loginfo24.com\/wp-content\/uploads\/sites\/7\/2026\/01\/Logo_LogInfo24.png","width":938,"height":351,"caption":"Logismedia Group AG"},"image":{"@id":"https:\/\/loginfo24.com\/pt-pt\/#\/schema\/logo\/image\/"},"sameAs":["https:\/\/www.facebook.com\/people\/Loginfo24\/100057360583332\/","https:\/\/www.linkedin.com\/company\/lofinfo24\/"]}]}},"_links":{"self":[{"href":"https:\/\/loginfo24.com\/pt-pt\/wp-json\/wp\/v2\/posts\/69029","targetHints":{"allow":["GET"]}}],"collection":[{"href":"https:\/\/loginfo24.com\/pt-pt\/wp-json\/wp\/v2\/posts"}],"about":[{"href":"https:\/\/loginfo24.com\/pt-pt\/wp-json\/wp\/v2\/types\/post"}],"replies":[{"embeddable":true,"href":"https:\/\/loginfo24.com\/pt-pt\/wp-json\/wp\/v2\/comments?post=69029"}],"version-history":[{"count":0,"href":"https:\/\/loginfo24.com\/pt-pt\/wp-json\/wp\/v2\/posts\/69029\/revisions"}],"wp:featuredmedia":[{"embeddable":true,"href":"https:\/\/loginfo24.com\/pt-pt\/wp-json\/wp\/v2\/media\/5055"}],"wp:attachment":[{"href":"https:\/\/loginfo24.com\/pt-pt\/wp-json\/wp\/v2\/media?parent=69029"}],"wp:term":[{"taxonomy":"category","embeddable":true,"href":"https:\/\/loginfo24.com\/pt-pt\/wp-json\/wp\/v2\/categories?post=69029"},{"taxonomy":"post_tag","embeddable":true,"href":"https:\/\/loginfo24.com\/pt-pt\/wp-json\/wp\/v2\/tags?post=69029"}],"curies":[{"name":"wp","href":"https:\/\/api.w.org\/{rel}","templated":true}]}}