{"id":68859,"date":"2025-04-22T19:33:21","date_gmt":"2025-04-22T17:33:21","guid":{"rendered":"https:\/\/blog.brand-architecture.at\/2025\/04\/22\/kardex-abre-uma-filial-em-graz\/"},"modified":"2025-04-22T19:33:21","modified_gmt":"2025-04-22T17:33:21","slug":"kardex-abre-uma-filial-em-graz","status":"publish","type":"post","link":"https:\/\/loginfo24.com\/pt-pt\/2025\/04\/22\/kardex-abre-uma-filial-em-graz\/","title":{"rendered":"Kardex abre uma filial em Graz"},"content":{"rendered":"<h5><strong>A Kardex abre um novo local de escrit\u00f3rio no Technopark Raaba, ao sul de Graz, al\u00e9m do escrit\u00f3rio existente em Viena. Com a nova filial na capital do estado da Est\u00edria, o principal fornecedor de sistemas integrados de fluxo de materiais e armaz\u00e9ns de alta estante refor\u00e7a seu compromisso na \u00c1ustria.<\/strong><\/h5>\n<p>(Zurique\/Graz) A escolha do local foi influenciada, entre outros fatores, pela excelente infraestrutura e pelo grande potencial de trabalhadores altamente qualificados. Graz destaca-se pela ampla oferta de forma\u00e7\u00e3o e educa\u00e7\u00e3o continuada, com v\u00e1rias universidades e escolas superiores, e oferece um pool de m\u00e3o de obra altamente qualificada, especialmente nas \u00e1reas de tecnologia e software. A localiza\u00e7\u00e3o da cidade universit\u00e1ria no cora\u00e7\u00e3o da Europa, com boa infraestrutura de transporte e proximidade geogr\u00e1fica com os pa\u00edses vizinhos do sudeste europeu, \u00e9 outro fator que favorece este local econ\u00f4mico inovador. A segunda maior cidade da \u00c1ustria \u00e9 considerada um ponto central para solu\u00e7\u00f5es inovadoras de intralog\u00edstica e apresenta uma alta densidade de fornecedores l\u00edderes do setor.<\/p>\n<p>O novo escrit\u00f3rio da Kardex no Technopark Raaba oferece uma infraestrutura excelente e boas conex\u00f5es de transporte. Al\u00e9m de estacionamentos e esta\u00e7\u00f5es de carregamento para ve\u00edculos el\u00e9tricos, v\u00e1rias op\u00e7\u00f5es de gastronomia e compras, e um servi\u00e7o de creche, o local tamb\u00e9m conta com uma academia. O moderno parque empresarial est\u00e1 localizado diretamente na autoestrada, possui uma conex\u00e3o ferrovi\u00e1ria imediata e oferece uma boa liga\u00e7\u00e3o de \u00f4nibus.<\/p>\n<h5><strong>Todas as tr\u00eas divis\u00f5es representadas<\/strong><\/h5>\n<p>O escrit\u00f3rio em Graz re\u00fane todas as tr\u00eas divis\u00f5es da Kardex e oferece amplas oportunidades de crescimento. Atrav\u00e9s da estreita colabora\u00e7\u00e3o das divis\u00f5es Kardex Mlog, Kardex Remstar e Kardex AutoStore Solutions, a Kardex oferece um portf\u00f3lio completo de solu\u00e7\u00f5es para paletes e pequenas pe\u00e7as em v\u00e1rios n\u00edveis de automa\u00e7\u00e3o.<\/p>\n<p>Foto: \u00a9 Kardex<\/p>\n","protected":false},"excerpt":{"rendered":"<p>A Kardex abre um novo local de escrit\u00f3rio no Technopark Raaba, ao sul de Graz, al\u00e9m do escrit\u00f3rio existente em Viena. Com a nova filial na<span class=\"excerpt-hellip\"> [\u2026]<\/span><\/p>\n","protected":false},"author":0,"featured_media":5124,"comment_status":"open","ping_status":"open","sticky":false,"template":"","format":"standard","meta":{"_acf_changed":false,"footnotes":""},"categories":[1560,1561],"tags":[],"class_list":["post-68859","post","type-post","status-publish","format-standard","has-post-thumbnail","hentry","category-intralogistics","category-regions"],"acf":[],"yoast_head":"<!-- This site is optimized with the Yoast SEO plugin v27.3 - https:\/\/yoast.com\/product\/yoast-seo-wordpress\/ -->\n<title>Kardex abre uma filial em Graz - Loginfo24<\/title>\n<meta name=\"robots\" content=\"index, follow, max-snippet:-1, max-image-preview:large, max-video-preview:-1\" \/>\n<link rel=\"canonical\" href=\"https:\/\/loginfo24.com\/pt-pt\/2025\/04\/22\/kardex-abre-uma-filial-em-graz\/\" \/>\n<meta property=\"og:locale\" content=\"pt_PT\" \/>\n<meta property=\"og:type\" content=\"article\" \/>\n<meta property=\"og:title\" content=\"Kardex abre uma filial em Graz - Loginfo24\" \/>\n<meta property=\"og:description\" content=\"A Kardex abre um novo local de escrit\u00f3rio no Technopark Raaba, ao sul de Graz, al\u00e9m do escrit\u00f3rio existente em Viena. Com a nova filial na [\u2026]\" \/>\n<meta property=\"og:url\" content=\"https:\/\/loginfo24.com\/pt-pt\/2025\/04\/22\/kardex-abre-uma-filial-em-graz\/\" \/>\n<meta property=\"og:site_name\" content=\"Loginfo24\" \/>\n<meta property=\"article:publisher\" content=\"https:\/\/www.facebook.com\/people\/Loginfo24\/100057360583332\/\" \/>\n<meta property=\"article:published_time\" content=\"2025-04-22T17:33:21+00:00\" \/>\n<meta property=\"og:image\" content=\"https:\/\/loginfo24.com\/wp-content\/uploads\/sites\/7\/2025\/12\/Kardex_22.4.25.jpg\" \/>\n\t<meta property=\"og:image:width\" content=\"1654\" \/>\n\t<meta property=\"og:image:height\" content=\"930\" \/>\n\t<meta property=\"og:image:type\" content=\"image\/jpeg\" \/>\n<meta name=\"twitter:card\" content=\"summary_large_image\" \/>\n<meta name=\"twitter:label1\" content=\"Tempo estimado de leitura\" \/>\n\t<meta name=\"twitter:data1\" content=\"2 minutos\" \/>\n<script type=\"application\/ld+json\" class=\"yoast-schema-graph\">{\"@context\":\"https:\\\/\\\/schema.org\",\"@graph\":[{\"@type\":\"Article\",\"@id\":\"https:\\\/\\\/loginfo24.com\\\/pt-pt\\\/2025\\\/04\\\/22\\\/kardex-abre-uma-filial-em-graz\\\/#article\",\"isPartOf\":{\"@id\":\"https:\\\/\\\/loginfo24.com\\\/pt-pt\\\/2025\\\/04\\\/22\\\/kardex-abre-uma-filial-em-graz\\\/\"},\"author\":{\"name\":\"\",\"@id\":\"\"},\"headline\":\"Kardex abre uma filial em Graz\",\"datePublished\":\"2025-04-22T17:33:21+00:00\",\"mainEntityOfPage\":{\"@id\":\"https:\\\/\\\/loginfo24.com\\\/pt-pt\\\/2025\\\/04\\\/22\\\/kardex-abre-uma-filial-em-graz\\\/\"},\"wordCount\":338,\"commentCount\":0,\"publisher\":{\"@id\":\"https:\\\/\\\/loginfo24.com\\\/pt-pt\\\/#organization\"},\"image\":{\"@id\":\"https:\\\/\\\/loginfo24.com\\\/pt-pt\\\/2025\\\/04\\\/22\\\/kardex-abre-uma-filial-em-graz\\\/#primaryimage\"},\"thumbnailUrl\":\"https:\\\/\\\/loginfo24.com\\\/wp-content\\\/uploads\\\/sites\\\/7\\\/2025\\\/12\\\/Kardex_22.4.25.jpg\",\"articleSection\":[\"Intralogistics\",\"Regions\"],\"inLanguage\":\"pt-PT\",\"potentialAction\":[{\"@type\":\"CommentAction\",\"name\":\"Comment\",\"target\":[\"https:\\\/\\\/loginfo24.com\\\/pt-pt\\\/2025\\\/04\\\/22\\\/kardex-abre-uma-filial-em-graz\\\/#respond\"]}]},{\"@type\":\"WebPage\",\"@id\":\"https:\\\/\\\/loginfo24.com\\\/pt-pt\\\/2025\\\/04\\\/22\\\/kardex-abre-uma-filial-em-graz\\\/\",\"url\":\"https:\\\/\\\/loginfo24.com\\\/pt-pt\\\/2025\\\/04\\\/22\\\/kardex-abre-uma-filial-em-graz\\\/\",\"name\":\"Kardex abre uma filial em Graz - Loginfo24\",\"isPartOf\":{\"@id\":\"https:\\\/\\\/loginfo24.com\\\/pt-pt\\\/#website\"},\"primaryImageOfPage\":{\"@id\":\"https:\\\/\\\/loginfo24.com\\\/pt-pt\\\/2025\\\/04\\\/22\\\/kardex-abre-uma-filial-em-graz\\\/#primaryimage\"},\"image\":{\"@id\":\"https:\\\/\\\/loginfo24.com\\\/pt-pt\\\/2025\\\/04\\\/22\\\/kardex-abre-uma-filial-em-graz\\\/#primaryimage\"},\"thumbnailUrl\":\"https:\\\/\\\/loginfo24.com\\\/wp-content\\\/uploads\\\/sites\\\/7\\\/2025\\\/12\\\/Kardex_22.4.25.jpg\",\"datePublished\":\"2025-04-22T17:33:21+00:00\",\"breadcrumb\":{\"@id\":\"https:\\\/\\\/loginfo24.com\\\/pt-pt\\\/2025\\\/04\\\/22\\\/kardex-abre-uma-filial-em-graz\\\/#breadcrumb\"},\"inLanguage\":\"pt-PT\",\"potentialAction\":[{\"@type\":\"ReadAction\",\"target\":[\"https:\\\/\\\/loginfo24.com\\\/pt-pt\\\/2025\\\/04\\\/22\\\/kardex-abre-uma-filial-em-graz\\\/\"]}]},{\"@type\":\"ImageObject\",\"inLanguage\":\"pt-PT\",\"@id\":\"https:\\\/\\\/loginfo24.com\\\/pt-pt\\\/2025\\\/04\\\/22\\\/kardex-abre-uma-filial-em-graz\\\/#primaryimage\",\"url\":\"https:\\\/\\\/loginfo24.com\\\/wp-content\\\/uploads\\\/sites\\\/7\\\/2025\\\/12\\\/Kardex_22.4.25.jpg\",\"contentUrl\":\"https:\\\/\\\/loginfo24.com\\\/wp-content\\\/uploads\\\/sites\\\/7\\\/2025\\\/12\\\/Kardex_22.4.25.jpg\",\"width\":1654,\"height\":930},{\"@type\":\"BreadcrumbList\",\"@id\":\"https:\\\/\\\/loginfo24.com\\\/pt-pt\\\/2025\\\/04\\\/22\\\/kardex-abre-uma-filial-em-graz\\\/#breadcrumb\",\"itemListElement\":[{\"@type\":\"ListItem\",\"position\":1,\"name\":\"Startseite\",\"item\":\"https:\\\/\\\/loginfo24.com\\\/pt-pt\\\/\"},{\"@type\":\"ListItem\",\"position\":2,\"name\":\"Kardex abre uma filial em Graz\"}]},{\"@type\":\"WebSite\",\"@id\":\"https:\\\/\\\/loginfo24.com\\\/pt-pt\\\/#website\",\"url\":\"https:\\\/\\\/loginfo24.com\\\/pt-pt\\\/\",\"name\":\"Loginfo24\",\"description\":\"Loginfo24 \u00e9 a plataforma dedicada \u00e0 log\u00edstica e \u00e0s cadeias de abastecimento, com informa\u00e7\u00f5es dispon\u00edveis 24 horas por dia.\",\"publisher\":{\"@id\":\"https:\\\/\\\/loginfo24.com\\\/pt-pt\\\/#organization\"},\"potentialAction\":[{\"@type\":\"SearchAction\",\"target\":{\"@type\":\"EntryPoint\",\"urlTemplate\":\"https:\\\/\\\/loginfo24.com\\\/pt-pt\\\/?s={search_term_string}\"},\"query-input\":{\"@type\":\"PropertyValueSpecification\",\"valueRequired\":true,\"valueName\":\"search_term_string\"}}],\"inLanguage\":\"pt-PT\"},{\"@type\":\"Organization\",\"@id\":\"https:\\\/\\\/loginfo24.com\\\/pt-pt\\\/#organization\",\"name\":\"Logismedia Group AG\",\"url\":\"https:\\\/\\\/loginfo24.com\\\/pt-pt\\\/\",\"logo\":{\"@type\":\"ImageObject\",\"inLanguage\":\"pt-PT\",\"@id\":\"https:\\\/\\\/loginfo24.com\\\/pt-pt\\\/#\\\/schema\\\/logo\\\/image\\\/\",\"url\":\"https:\\\/\\\/loginfo24.com\\\/wp-content\\\/uploads\\\/sites\\\/7\\\/2026\\\/01\\\/Logo_LogInfo24.png\",\"contentUrl\":\"https:\\\/\\\/loginfo24.com\\\/wp-content\\\/uploads\\\/sites\\\/7\\\/2026\\\/01\\\/Logo_LogInfo24.png\",\"width\":938,\"height\":351,\"caption\":\"Logismedia Group AG\"},\"image\":{\"@id\":\"https:\\\/\\\/loginfo24.com\\\/pt-pt\\\/#\\\/schema\\\/logo\\\/image\\\/\"},\"sameAs\":[\"https:\\\/\\\/www.facebook.com\\\/people\\\/Loginfo24\\\/100057360583332\\\/\",\"https:\\\/\\\/www.linkedin.com\\\/company\\\/lofinfo24\\\/\"]}]}<\/script>\n<!-- \/ Yoast SEO plugin. -->","yoast_head_json":{"title":"Kardex abre uma filial em Graz - Loginfo24","robots":{"index":"index","follow":"follow","max-snippet":"max-snippet:-1","max-image-preview":"max-image-preview:large","max-video-preview":"max-video-preview:-1"},"canonical":"https:\/\/loginfo24.com\/pt-pt\/2025\/04\/22\/kardex-abre-uma-filial-em-graz\/","og_locale":"pt_PT","og_type":"article","og_title":"Kardex abre uma filial em Graz - Loginfo24","og_description":"A Kardex abre um novo local de escrit\u00f3rio no Technopark Raaba, ao sul de Graz, al\u00e9m do escrit\u00f3rio existente em Viena. Com a nova filial na [\u2026]","og_url":"https:\/\/loginfo24.com\/pt-pt\/2025\/04\/22\/kardex-abre-uma-filial-em-graz\/","og_site_name":"Loginfo24","article_publisher":"https:\/\/www.facebook.com\/people\/Loginfo24\/100057360583332\/","article_published_time":"2025-04-22T17:33:21+00:00","og_image":[{"width":1654,"height":930,"url":"https:\/\/loginfo24.com\/wp-content\/uploads\/sites\/7\/2025\/12\/Kardex_22.4.25.jpg","type":"image\/jpeg"}],"twitter_card":"summary_large_image","twitter_misc":{"Tempo estimado de leitura":"2 minutos"},"schema":{"@context":"https:\/\/schema.org","@graph":[{"@type":"Article","@id":"https:\/\/loginfo24.com\/pt-pt\/2025\/04\/22\/kardex-abre-uma-filial-em-graz\/#article","isPartOf":{"@id":"https:\/\/loginfo24.com\/pt-pt\/2025\/04\/22\/kardex-abre-uma-filial-em-graz\/"},"author":{"name":"","@id":""},"headline":"Kardex abre uma filial em Graz","datePublished":"2025-04-22T17:33:21+00:00","mainEntityOfPage":{"@id":"https:\/\/loginfo24.com\/pt-pt\/2025\/04\/22\/kardex-abre-uma-filial-em-graz\/"},"wordCount":338,"commentCount":0,"publisher":{"@id":"https:\/\/loginfo24.com\/pt-pt\/#organization"},"image":{"@id":"https:\/\/loginfo24.com\/pt-pt\/2025\/04\/22\/kardex-abre-uma-filial-em-graz\/#primaryimage"},"thumbnailUrl":"https:\/\/loginfo24.com\/wp-content\/uploads\/sites\/7\/2025\/12\/Kardex_22.4.25.jpg","articleSection":["Intralogistics","Regions"],"inLanguage":"pt-PT","potentialAction":[{"@type":"CommentAction","name":"Comment","target":["https:\/\/loginfo24.com\/pt-pt\/2025\/04\/22\/kardex-abre-uma-filial-em-graz\/#respond"]}]},{"@type":"WebPage","@id":"https:\/\/loginfo24.com\/pt-pt\/2025\/04\/22\/kardex-abre-uma-filial-em-graz\/","url":"https:\/\/loginfo24.com\/pt-pt\/2025\/04\/22\/kardex-abre-uma-filial-em-graz\/","name":"Kardex abre uma filial em Graz - Loginfo24","isPartOf":{"@id":"https:\/\/loginfo24.com\/pt-pt\/#website"},"primaryImageOfPage":{"@id":"https:\/\/loginfo24.com\/pt-pt\/2025\/04\/22\/kardex-abre-uma-filial-em-graz\/#primaryimage"},"image":{"@id":"https:\/\/loginfo24.com\/pt-pt\/2025\/04\/22\/kardex-abre-uma-filial-em-graz\/#primaryimage"},"thumbnailUrl":"https:\/\/loginfo24.com\/wp-content\/uploads\/sites\/7\/2025\/12\/Kardex_22.4.25.jpg","datePublished":"2025-04-22T17:33:21+00:00","breadcrumb":{"@id":"https:\/\/loginfo24.com\/pt-pt\/2025\/04\/22\/kardex-abre-uma-filial-em-graz\/#breadcrumb"},"inLanguage":"pt-PT","potentialAction":[{"@type":"ReadAction","target":["https:\/\/loginfo24.com\/pt-pt\/2025\/04\/22\/kardex-abre-uma-filial-em-graz\/"]}]},{"@type":"ImageObject","inLanguage":"pt-PT","@id":"https:\/\/loginfo24.com\/pt-pt\/2025\/04\/22\/kardex-abre-uma-filial-em-graz\/#primaryimage","url":"https:\/\/loginfo24.com\/wp-content\/uploads\/sites\/7\/2025\/12\/Kardex_22.4.25.jpg","contentUrl":"https:\/\/loginfo24.com\/wp-content\/uploads\/sites\/7\/2025\/12\/Kardex_22.4.25.jpg","width":1654,"height":930},{"@type":"BreadcrumbList","@id":"https:\/\/loginfo24.com\/pt-pt\/2025\/04\/22\/kardex-abre-uma-filial-em-graz\/#breadcrumb","itemListElement":[{"@type":"ListItem","position":1,"name":"Startseite","item":"https:\/\/loginfo24.com\/pt-pt\/"},{"@type":"ListItem","position":2,"name":"Kardex abre uma filial em Graz"}]},{"@type":"WebSite","@id":"https:\/\/loginfo24.com\/pt-pt\/#website","url":"https:\/\/loginfo24.com\/pt-pt\/","name":"Loginfo24","description":"Loginfo24 \u00e9 a plataforma dedicada \u00e0 log\u00edstica e \u00e0s cadeias de abastecimento, com informa\u00e7\u00f5es dispon\u00edveis 24 horas por dia.","publisher":{"@id":"https:\/\/loginfo24.com\/pt-pt\/#organization"},"potentialAction":[{"@type":"SearchAction","target":{"@type":"EntryPoint","urlTemplate":"https:\/\/loginfo24.com\/pt-pt\/?s={search_term_string}"},"query-input":{"@type":"PropertyValueSpecification","valueRequired":true,"valueName":"search_term_string"}}],"inLanguage":"pt-PT"},{"@type":"Organization","@id":"https:\/\/loginfo24.com\/pt-pt\/#organization","name":"Logismedia Group AG","url":"https:\/\/loginfo24.com\/pt-pt\/","logo":{"@type":"ImageObject","inLanguage":"pt-PT","@id":"https:\/\/loginfo24.com\/pt-pt\/#\/schema\/logo\/image\/","url":"https:\/\/loginfo24.com\/wp-content\/uploads\/sites\/7\/2026\/01\/Logo_LogInfo24.png","contentUrl":"https:\/\/loginfo24.com\/wp-content\/uploads\/sites\/7\/2026\/01\/Logo_LogInfo24.png","width":938,"height":351,"caption":"Logismedia Group AG"},"image":{"@id":"https:\/\/loginfo24.com\/pt-pt\/#\/schema\/logo\/image\/"},"sameAs":["https:\/\/www.facebook.com\/people\/Loginfo24\/100057360583332\/","https:\/\/www.linkedin.com\/company\/lofinfo24\/"]}]}},"_links":{"self":[{"href":"https:\/\/loginfo24.com\/pt-pt\/wp-json\/wp\/v2\/posts\/68859","targetHints":{"allow":["GET"]}}],"collection":[{"href":"https:\/\/loginfo24.com\/pt-pt\/wp-json\/wp\/v2\/posts"}],"about":[{"href":"https:\/\/loginfo24.com\/pt-pt\/wp-json\/wp\/v2\/types\/post"}],"replies":[{"embeddable":true,"href":"https:\/\/loginfo24.com\/pt-pt\/wp-json\/wp\/v2\/comments?post=68859"}],"version-history":[{"count":0,"href":"https:\/\/loginfo24.com\/pt-pt\/wp-json\/wp\/v2\/posts\/68859\/revisions"}],"wp:featuredmedia":[{"embeddable":true,"href":"https:\/\/loginfo24.com\/pt-pt\/wp-json\/wp\/v2\/media\/5124"}],"wp:attachment":[{"href":"https:\/\/loginfo24.com\/pt-pt\/wp-json\/wp\/v2\/media?parent=68859"}],"wp:term":[{"taxonomy":"category","embeddable":true,"href":"https:\/\/loginfo24.com\/pt-pt\/wp-json\/wp\/v2\/categories?post=68859"},{"taxonomy":"post_tag","embeddable":true,"href":"https:\/\/loginfo24.com\/pt-pt\/wp-json\/wp\/v2\/tags?post=68859"}],"curies":[{"name":"wp","href":"https:\/\/api.w.org\/{rel}","templated":true}]}}