{"id":68806,"date":"2025-04-13T18:17:52","date_gmt":"2025-04-13T16:17:52","guid":{"rendered":"https:\/\/blog.brand-architecture.at\/2025\/04\/13\/hellmann-esta-presente-em-bielefeld-ha-75-anos\/"},"modified":"2025-04-13T18:17:52","modified_gmt":"2025-04-13T16:17:52","slug":"hellmann-esta-presente-em-bielefeld-ha-75-anos","status":"publish","type":"post","link":"https:\/\/loginfo24.com\/pt-pt\/2025\/04\/13\/hellmann-esta-presente-em-bielefeld-ha-75-anos\/","title":{"rendered":"Hellmann est\u00e1 presente em Bielefeld h\u00e1 75 anos"},"content":{"rendered":"<h5><strong>A Hellmann Worldwide Logistics celebra o 75\u00ba anivers\u00e1rio da sua filial em Bielefeld. Por ocasi\u00e3o do &#8220;Dia da Log\u00edstica&#8221;, a empresa abriu as suas portas no dia 10 de abril na Friedrich Hagemann Stra\u00dfe para clientes e interessados, a fim de proporcionar uma vis\u00e3o dos processos do local.<\/strong><\/h5>\n<p>(Osnabr\u00fcck\/Bielefeld) A hist\u00f3ria da Hellmann em Bielefeld come\u00e7ou em 1950 com a abertura de um pequeno escrit\u00f3rio de disposi\u00e7\u00e3o e vendas. Desde ent\u00e3o, a filial tem-se desenvolvido continuamente e hoje \u00e9 um dos principais prestadores de servi\u00e7os log\u00edsticos na Ostwestfalen. Desde 2018, o log\u00edstico opera uma moderna instala\u00e7\u00e3o rodovi\u00e1ria digital e atende em Bielefeld e arredores uma variedade de segmentos de clientes, incluindo ind\u00fastria, com\u00e9rcio e automotivo. Com o aumento do portf\u00f3lio de produtos, o n\u00famero de colaboradores tamb\u00e9m cresceu continuamente, ultrapassando atualmente os 150.<\/p>\n<p>A regi\u00e3o de Ostwestfalen \u00e9 uma das mais fortes economicamente na Ren\u00e2nia do Norte-Vestf\u00e1lia e pertence aos principais locais industriais na Alemanha. Com a sua forte economia de pequenas e m\u00e9dias empresas, numerosos l\u00edderes de mercado mundial e uma alta capacidade de inova\u00e7\u00e3o, a regi\u00e3o oferece \u00e0 Hellmann, como fornecedor log\u00edstico global, um grande potencial de crescimento. Ao mesmo tempo, Bielefeld est\u00e1 situada nas importantes vias de tr\u00e1fego A 2 e A 33, funcionando assim como um ponto log\u00edstico estrat\u00e9gico em NRW, o que torna o local um importante hub.<\/p>\n<p>Sven Eisfeld, Diretor Geral da Alemanha, Hellmann Worldwide Logistics comenta: &#8220;O crescimento da nossa filial em Bielefeld nos \u00faltimos 75 anos demonstra claramente que o nosso compromisso sustent\u00e1vel na regi\u00e3o vale a pena. Um grande agradecimento vai para as nossas colegas e colegas, que fazem da Hellmann o que \u00e9 hoje: uma empresa familiar \u00e1gil com uma vis\u00e3o global comum: For the better. Together.&#8221;<\/p>\n<h5>Continuar a hist\u00f3ria de sucesso na Ostwestfalen<\/h5>\n<p>Burghard Bl\u00fcggel, Diretor da filial de Bielefeld, Hellmann Worldwide Logistics acrescenta: &#8220;Estamos especialmente felizes por tantos clientes terem seguido o nosso convite. Juntos, queremos continuar a crescer nos pr\u00f3ximos anos com base nas nossas boas rela\u00e7\u00f5es e no nosso know-how. Estamos ansiosos para continuar a nossa hist\u00f3ria de sucesso como prestador de servi\u00e7os log\u00edsticos l\u00edder na Ostwestfalen juntos.&#8221;<\/p>\n<p>Foto: \u00a9 Hellmann<\/p>\n","protected":false},"excerpt":{"rendered":"<p>A Hellmann Worldwide Logistics celebra o 75\u00ba anivers\u00e1rio da sua filial em Bielefeld. Por ocasi\u00e3o do &#8220;Dia da Log\u00edstica&#8221;, a empresa abriu as suas portas no<span class=\"excerpt-hellip\"> [\u2026]<\/span><\/p>\n","protected":false},"author":0,"featured_media":5144,"comment_status":"open","ping_status":"open","sticky":false,"template":"","format":"standard","meta":{"_acf_changed":false,"footnotes":""},"categories":[1557,1561],"tags":[],"class_list":["post-68806","post","type-post","status-publish","format-standard","has-post-thumbnail","hentry","category-forwarding-logistics","category-regions"],"acf":[],"yoast_head":"<!-- This site is optimized with the Yoast SEO plugin v27.3 - https:\/\/yoast.com\/product\/yoast-seo-wordpress\/ -->\n<title>Hellmann est\u00e1 presente em Bielefeld h\u00e1 75 anos - Loginfo24<\/title>\n<meta name=\"robots\" content=\"index, follow, max-snippet:-1, max-image-preview:large, max-video-preview:-1\" \/>\n<link rel=\"canonical\" href=\"https:\/\/loginfo24.com\/pt-pt\/2025\/04\/13\/hellmann-esta-presente-em-bielefeld-ha-75-anos\/\" \/>\n<meta property=\"og:locale\" content=\"pt_PT\" \/>\n<meta property=\"og:type\" content=\"article\" \/>\n<meta property=\"og:title\" content=\"Hellmann est\u00e1 presente em Bielefeld h\u00e1 75 anos - Loginfo24\" \/>\n<meta property=\"og:description\" content=\"A Hellmann Worldwide Logistics celebra o 75\u00ba anivers\u00e1rio da sua filial em Bielefeld. Por ocasi\u00e3o do &#8220;Dia da Log\u00edstica&#8221;, a empresa abriu as suas portas no [\u2026]\" \/>\n<meta property=\"og:url\" content=\"https:\/\/loginfo24.com\/pt-pt\/2025\/04\/13\/hellmann-esta-presente-em-bielefeld-ha-75-anos\/\" \/>\n<meta property=\"og:site_name\" content=\"Loginfo24\" \/>\n<meta property=\"article:publisher\" content=\"https:\/\/www.facebook.com\/people\/Loginfo24\/100057360583332\/\" \/>\n<meta property=\"article:published_time\" content=\"2025-04-13T16:17:52+00:00\" \/>\n<meta property=\"og:image\" content=\"https:\/\/loginfo24.com\/wp-content\/uploads\/sites\/7\/2025\/12\/Hellmann_13.4.25.jpg\" \/>\n\t<meta property=\"og:image:width\" content=\"1241\" \/>\n\t<meta property=\"og:image:height\" content=\"929\" \/>\n\t<meta property=\"og:image:type\" content=\"image\/jpeg\" \/>\n<meta name=\"twitter:card\" content=\"summary_large_image\" \/>\n<meta name=\"twitter:label1\" content=\"Tempo estimado de leitura\" \/>\n\t<meta name=\"twitter:data1\" content=\"2 minutos\" \/>\n<script type=\"application\/ld+json\" class=\"yoast-schema-graph\">{\"@context\":\"https:\\\/\\\/schema.org\",\"@graph\":[{\"@type\":\"Article\",\"@id\":\"https:\\\/\\\/loginfo24.com\\\/pt-pt\\\/2025\\\/04\\\/13\\\/hellmann-esta-presente-em-bielefeld-ha-75-anos\\\/#article\",\"isPartOf\":{\"@id\":\"https:\\\/\\\/loginfo24.com\\\/pt-pt\\\/2025\\\/04\\\/13\\\/hellmann-esta-presente-em-bielefeld-ha-75-anos\\\/\"},\"author\":{\"name\":\"\",\"@id\":\"\"},\"headline\":\"Hellmann est\u00e1 presente em Bielefeld h\u00e1 75 anos\",\"datePublished\":\"2025-04-13T16:17:52+00:00\",\"mainEntityOfPage\":{\"@id\":\"https:\\\/\\\/loginfo24.com\\\/pt-pt\\\/2025\\\/04\\\/13\\\/hellmann-esta-presente-em-bielefeld-ha-75-anos\\\/\"},\"wordCount\":393,\"commentCount\":0,\"publisher\":{\"@id\":\"https:\\\/\\\/loginfo24.com\\\/pt-pt\\\/#organization\"},\"image\":{\"@id\":\"https:\\\/\\\/loginfo24.com\\\/pt-pt\\\/2025\\\/04\\\/13\\\/hellmann-esta-presente-em-bielefeld-ha-75-anos\\\/#primaryimage\"},\"thumbnailUrl\":\"https:\\\/\\\/loginfo24.com\\\/wp-content\\\/uploads\\\/sites\\\/7\\\/2025\\\/12\\\/Hellmann_13.4.25.jpg\",\"articleSection\":[\"Forwarding &amp; Logistics\",\"Regions\"],\"inLanguage\":\"pt-PT\",\"potentialAction\":[{\"@type\":\"CommentAction\",\"name\":\"Comment\",\"target\":[\"https:\\\/\\\/loginfo24.com\\\/pt-pt\\\/2025\\\/04\\\/13\\\/hellmann-esta-presente-em-bielefeld-ha-75-anos\\\/#respond\"]}]},{\"@type\":\"WebPage\",\"@id\":\"https:\\\/\\\/loginfo24.com\\\/pt-pt\\\/2025\\\/04\\\/13\\\/hellmann-esta-presente-em-bielefeld-ha-75-anos\\\/\",\"url\":\"https:\\\/\\\/loginfo24.com\\\/pt-pt\\\/2025\\\/04\\\/13\\\/hellmann-esta-presente-em-bielefeld-ha-75-anos\\\/\",\"name\":\"Hellmann est\u00e1 presente em Bielefeld h\u00e1 75 anos - Loginfo24\",\"isPartOf\":{\"@id\":\"https:\\\/\\\/loginfo24.com\\\/pt-pt\\\/#website\"},\"primaryImageOfPage\":{\"@id\":\"https:\\\/\\\/loginfo24.com\\\/pt-pt\\\/2025\\\/04\\\/13\\\/hellmann-esta-presente-em-bielefeld-ha-75-anos\\\/#primaryimage\"},\"image\":{\"@id\":\"https:\\\/\\\/loginfo24.com\\\/pt-pt\\\/2025\\\/04\\\/13\\\/hellmann-esta-presente-em-bielefeld-ha-75-anos\\\/#primaryimage\"},\"thumbnailUrl\":\"https:\\\/\\\/loginfo24.com\\\/wp-content\\\/uploads\\\/sites\\\/7\\\/2025\\\/12\\\/Hellmann_13.4.25.jpg\",\"datePublished\":\"2025-04-13T16:17:52+00:00\",\"breadcrumb\":{\"@id\":\"https:\\\/\\\/loginfo24.com\\\/pt-pt\\\/2025\\\/04\\\/13\\\/hellmann-esta-presente-em-bielefeld-ha-75-anos\\\/#breadcrumb\"},\"inLanguage\":\"pt-PT\",\"potentialAction\":[{\"@type\":\"ReadAction\",\"target\":[\"https:\\\/\\\/loginfo24.com\\\/pt-pt\\\/2025\\\/04\\\/13\\\/hellmann-esta-presente-em-bielefeld-ha-75-anos\\\/\"]}]},{\"@type\":\"ImageObject\",\"inLanguage\":\"pt-PT\",\"@id\":\"https:\\\/\\\/loginfo24.com\\\/pt-pt\\\/2025\\\/04\\\/13\\\/hellmann-esta-presente-em-bielefeld-ha-75-anos\\\/#primaryimage\",\"url\":\"https:\\\/\\\/loginfo24.com\\\/wp-content\\\/uploads\\\/sites\\\/7\\\/2025\\\/12\\\/Hellmann_13.4.25.jpg\",\"contentUrl\":\"https:\\\/\\\/loginfo24.com\\\/wp-content\\\/uploads\\\/sites\\\/7\\\/2025\\\/12\\\/Hellmann_13.4.25.jpg\",\"width\":1241,\"height\":929},{\"@type\":\"BreadcrumbList\",\"@id\":\"https:\\\/\\\/loginfo24.com\\\/pt-pt\\\/2025\\\/04\\\/13\\\/hellmann-esta-presente-em-bielefeld-ha-75-anos\\\/#breadcrumb\",\"itemListElement\":[{\"@type\":\"ListItem\",\"position\":1,\"name\":\"Startseite\",\"item\":\"https:\\\/\\\/loginfo24.com\\\/pt-pt\\\/\"},{\"@type\":\"ListItem\",\"position\":2,\"name\":\"Hellmann est\u00e1 presente em Bielefeld h\u00e1 75 anos\"}]},{\"@type\":\"WebSite\",\"@id\":\"https:\\\/\\\/loginfo24.com\\\/pt-pt\\\/#website\",\"url\":\"https:\\\/\\\/loginfo24.com\\\/pt-pt\\\/\",\"name\":\"Loginfo24\",\"description\":\"Loginfo24 \u00e9 a plataforma dedicada \u00e0 log\u00edstica e \u00e0s cadeias de abastecimento, com informa\u00e7\u00f5es dispon\u00edveis 24 horas por dia.\",\"publisher\":{\"@id\":\"https:\\\/\\\/loginfo24.com\\\/pt-pt\\\/#organization\"},\"potentialAction\":[{\"@type\":\"SearchAction\",\"target\":{\"@type\":\"EntryPoint\",\"urlTemplate\":\"https:\\\/\\\/loginfo24.com\\\/pt-pt\\\/?s={search_term_string}\"},\"query-input\":{\"@type\":\"PropertyValueSpecification\",\"valueRequired\":true,\"valueName\":\"search_term_string\"}}],\"inLanguage\":\"pt-PT\"},{\"@type\":\"Organization\",\"@id\":\"https:\\\/\\\/loginfo24.com\\\/pt-pt\\\/#organization\",\"name\":\"Logismedia Group AG\",\"url\":\"https:\\\/\\\/loginfo24.com\\\/pt-pt\\\/\",\"logo\":{\"@type\":\"ImageObject\",\"inLanguage\":\"pt-PT\",\"@id\":\"https:\\\/\\\/loginfo24.com\\\/pt-pt\\\/#\\\/schema\\\/logo\\\/image\\\/\",\"url\":\"https:\\\/\\\/loginfo24.com\\\/wp-content\\\/uploads\\\/sites\\\/7\\\/2026\\\/01\\\/Logo_LogInfo24.png\",\"contentUrl\":\"https:\\\/\\\/loginfo24.com\\\/wp-content\\\/uploads\\\/sites\\\/7\\\/2026\\\/01\\\/Logo_LogInfo24.png\",\"width\":938,\"height\":351,\"caption\":\"Logismedia Group AG\"},\"image\":{\"@id\":\"https:\\\/\\\/loginfo24.com\\\/pt-pt\\\/#\\\/schema\\\/logo\\\/image\\\/\"},\"sameAs\":[\"https:\\\/\\\/www.facebook.com\\\/people\\\/Loginfo24\\\/100057360583332\\\/\",\"https:\\\/\\\/www.linkedin.com\\\/company\\\/lofinfo24\\\/\"]}]}<\/script>\n<!-- \/ Yoast SEO plugin. -->","yoast_head_json":{"title":"Hellmann est\u00e1 presente em Bielefeld h\u00e1 75 anos - Loginfo24","robots":{"index":"index","follow":"follow","max-snippet":"max-snippet:-1","max-image-preview":"max-image-preview:large","max-video-preview":"max-video-preview:-1"},"canonical":"https:\/\/loginfo24.com\/pt-pt\/2025\/04\/13\/hellmann-esta-presente-em-bielefeld-ha-75-anos\/","og_locale":"pt_PT","og_type":"article","og_title":"Hellmann est\u00e1 presente em Bielefeld h\u00e1 75 anos - Loginfo24","og_description":"A Hellmann Worldwide Logistics celebra o 75\u00ba anivers\u00e1rio da sua filial em Bielefeld. Por ocasi\u00e3o do &#8220;Dia da Log\u00edstica&#8221;, a empresa abriu as suas portas no [\u2026]","og_url":"https:\/\/loginfo24.com\/pt-pt\/2025\/04\/13\/hellmann-esta-presente-em-bielefeld-ha-75-anos\/","og_site_name":"Loginfo24","article_publisher":"https:\/\/www.facebook.com\/people\/Loginfo24\/100057360583332\/","article_published_time":"2025-04-13T16:17:52+00:00","og_image":[{"width":1241,"height":929,"url":"https:\/\/loginfo24.com\/wp-content\/uploads\/sites\/7\/2025\/12\/Hellmann_13.4.25.jpg","type":"image\/jpeg"}],"twitter_card":"summary_large_image","twitter_misc":{"Tempo estimado de leitura":"2 minutos"},"schema":{"@context":"https:\/\/schema.org","@graph":[{"@type":"Article","@id":"https:\/\/loginfo24.com\/pt-pt\/2025\/04\/13\/hellmann-esta-presente-em-bielefeld-ha-75-anos\/#article","isPartOf":{"@id":"https:\/\/loginfo24.com\/pt-pt\/2025\/04\/13\/hellmann-esta-presente-em-bielefeld-ha-75-anos\/"},"author":{"name":"","@id":""},"headline":"Hellmann est\u00e1 presente em Bielefeld h\u00e1 75 anos","datePublished":"2025-04-13T16:17:52+00:00","mainEntityOfPage":{"@id":"https:\/\/loginfo24.com\/pt-pt\/2025\/04\/13\/hellmann-esta-presente-em-bielefeld-ha-75-anos\/"},"wordCount":393,"commentCount":0,"publisher":{"@id":"https:\/\/loginfo24.com\/pt-pt\/#organization"},"image":{"@id":"https:\/\/loginfo24.com\/pt-pt\/2025\/04\/13\/hellmann-esta-presente-em-bielefeld-ha-75-anos\/#primaryimage"},"thumbnailUrl":"https:\/\/loginfo24.com\/wp-content\/uploads\/sites\/7\/2025\/12\/Hellmann_13.4.25.jpg","articleSection":["Forwarding &amp; Logistics","Regions"],"inLanguage":"pt-PT","potentialAction":[{"@type":"CommentAction","name":"Comment","target":["https:\/\/loginfo24.com\/pt-pt\/2025\/04\/13\/hellmann-esta-presente-em-bielefeld-ha-75-anos\/#respond"]}]},{"@type":"WebPage","@id":"https:\/\/loginfo24.com\/pt-pt\/2025\/04\/13\/hellmann-esta-presente-em-bielefeld-ha-75-anos\/","url":"https:\/\/loginfo24.com\/pt-pt\/2025\/04\/13\/hellmann-esta-presente-em-bielefeld-ha-75-anos\/","name":"Hellmann est\u00e1 presente em Bielefeld h\u00e1 75 anos - Loginfo24","isPartOf":{"@id":"https:\/\/loginfo24.com\/pt-pt\/#website"},"primaryImageOfPage":{"@id":"https:\/\/loginfo24.com\/pt-pt\/2025\/04\/13\/hellmann-esta-presente-em-bielefeld-ha-75-anos\/#primaryimage"},"image":{"@id":"https:\/\/loginfo24.com\/pt-pt\/2025\/04\/13\/hellmann-esta-presente-em-bielefeld-ha-75-anos\/#primaryimage"},"thumbnailUrl":"https:\/\/loginfo24.com\/wp-content\/uploads\/sites\/7\/2025\/12\/Hellmann_13.4.25.jpg","datePublished":"2025-04-13T16:17:52+00:00","breadcrumb":{"@id":"https:\/\/loginfo24.com\/pt-pt\/2025\/04\/13\/hellmann-esta-presente-em-bielefeld-ha-75-anos\/#breadcrumb"},"inLanguage":"pt-PT","potentialAction":[{"@type":"ReadAction","target":["https:\/\/loginfo24.com\/pt-pt\/2025\/04\/13\/hellmann-esta-presente-em-bielefeld-ha-75-anos\/"]}]},{"@type":"ImageObject","inLanguage":"pt-PT","@id":"https:\/\/loginfo24.com\/pt-pt\/2025\/04\/13\/hellmann-esta-presente-em-bielefeld-ha-75-anos\/#primaryimage","url":"https:\/\/loginfo24.com\/wp-content\/uploads\/sites\/7\/2025\/12\/Hellmann_13.4.25.jpg","contentUrl":"https:\/\/loginfo24.com\/wp-content\/uploads\/sites\/7\/2025\/12\/Hellmann_13.4.25.jpg","width":1241,"height":929},{"@type":"BreadcrumbList","@id":"https:\/\/loginfo24.com\/pt-pt\/2025\/04\/13\/hellmann-esta-presente-em-bielefeld-ha-75-anos\/#breadcrumb","itemListElement":[{"@type":"ListItem","position":1,"name":"Startseite","item":"https:\/\/loginfo24.com\/pt-pt\/"},{"@type":"ListItem","position":2,"name":"Hellmann est\u00e1 presente em Bielefeld h\u00e1 75 anos"}]},{"@type":"WebSite","@id":"https:\/\/loginfo24.com\/pt-pt\/#website","url":"https:\/\/loginfo24.com\/pt-pt\/","name":"Loginfo24","description":"Loginfo24 \u00e9 a plataforma dedicada \u00e0 log\u00edstica e \u00e0s cadeias de abastecimento, com informa\u00e7\u00f5es dispon\u00edveis 24 horas por dia.","publisher":{"@id":"https:\/\/loginfo24.com\/pt-pt\/#organization"},"potentialAction":[{"@type":"SearchAction","target":{"@type":"EntryPoint","urlTemplate":"https:\/\/loginfo24.com\/pt-pt\/?s={search_term_string}"},"query-input":{"@type":"PropertyValueSpecification","valueRequired":true,"valueName":"search_term_string"}}],"inLanguage":"pt-PT"},{"@type":"Organization","@id":"https:\/\/loginfo24.com\/pt-pt\/#organization","name":"Logismedia Group AG","url":"https:\/\/loginfo24.com\/pt-pt\/","logo":{"@type":"ImageObject","inLanguage":"pt-PT","@id":"https:\/\/loginfo24.com\/pt-pt\/#\/schema\/logo\/image\/","url":"https:\/\/loginfo24.com\/wp-content\/uploads\/sites\/7\/2026\/01\/Logo_LogInfo24.png","contentUrl":"https:\/\/loginfo24.com\/wp-content\/uploads\/sites\/7\/2026\/01\/Logo_LogInfo24.png","width":938,"height":351,"caption":"Logismedia Group AG"},"image":{"@id":"https:\/\/loginfo24.com\/pt-pt\/#\/schema\/logo\/image\/"},"sameAs":["https:\/\/www.facebook.com\/people\/Loginfo24\/100057360583332\/","https:\/\/www.linkedin.com\/company\/lofinfo24\/"]}]}},"_links":{"self":[{"href":"https:\/\/loginfo24.com\/pt-pt\/wp-json\/wp\/v2\/posts\/68806","targetHints":{"allow":["GET"]}}],"collection":[{"href":"https:\/\/loginfo24.com\/pt-pt\/wp-json\/wp\/v2\/posts"}],"about":[{"href":"https:\/\/loginfo24.com\/pt-pt\/wp-json\/wp\/v2\/types\/post"}],"replies":[{"embeddable":true,"href":"https:\/\/loginfo24.com\/pt-pt\/wp-json\/wp\/v2\/comments?post=68806"}],"version-history":[{"count":0,"href":"https:\/\/loginfo24.com\/pt-pt\/wp-json\/wp\/v2\/posts\/68806\/revisions"}],"wp:featuredmedia":[{"embeddable":true,"href":"https:\/\/loginfo24.com\/pt-pt\/wp-json\/wp\/v2\/media\/5144"}],"wp:attachment":[{"href":"https:\/\/loginfo24.com\/pt-pt\/wp-json\/wp\/v2\/media?parent=68806"}],"wp:term":[{"taxonomy":"category","embeddable":true,"href":"https:\/\/loginfo24.com\/pt-pt\/wp-json\/wp\/v2\/categories?post=68806"},{"taxonomy":"post_tag","embeddable":true,"href":"https:\/\/loginfo24.com\/pt-pt\/wp-json\/wp\/v2\/tags?post=68806"}],"curies":[{"name":"wp","href":"https:\/\/api.w.org\/{rel}","templated":true}]}}