{"id":68337,"date":"2025-03-05T21:23:36","date_gmt":"2025-03-05T20:23:36","guid":{"rendered":"https:\/\/blog.brand-architecture.at\/2025\/03\/05\/robert-brohl-assume-a-responsabilidade-total-pela-logistica-na-galaxus\/"},"modified":"2025-03-05T21:23:36","modified_gmt":"2025-03-05T20:23:36","slug":"robert-brohl-assume-a-responsabilidade-total-pela-logistica-na-galaxus","status":"publish","type":"post","link":"https:\/\/loginfo24.com\/pt-pt\/2025\/03\/05\/robert-brohl-assume-a-responsabilidade-total-pela-logistica-na-galaxus\/","title":{"rendered":"Robert Brohl assume a responsabilidade total pela log\u00edstica na Galaxus"},"content":{"rendered":"<h5>O comerciante online Galaxus reestrutura as \u00e1reas de Gest\u00e3o da Cadeia de Suprimentos e Log\u00edstica sob a lideran\u00e7a de Robert Brohl. No total, ele ser\u00e1 respons\u00e1vel por cerca de 1.400 funcion\u00e1rios em tr\u00eas locais na Su\u00ed\u00e7a e um na Alemanha. Outros 1.000 funcion\u00e1rios devem ser contratados at\u00e9 2030 em Neuenburg am Rhein.<\/h5>\n<p>Brohl trabalha na Galaxus em Krefeld desde meados de 2020. Ele come\u00e7ou como gerente de local, e em 2022 tornou-se chefe de Gest\u00e3o da Cadeia de Suprimentos para a Digitec Galaxus na Su\u00ed\u00e7a e para a Galaxus Alemanha, com cerca de 30 especialistas. A partir de agora, os gerentes de log\u00edstica com suas equipes em Krefeld, bem como em Wohlen, na Su\u00ed\u00e7a, nos armaz\u00e9ns de Dintikon (CH), Roggwil (CH) e Oftringen (CH), se reportar\u00e3o ao especialista em log\u00edstica com doutorado. Brohl \u00e9, portanto, respons\u00e1vel por cerca de 1.400 funcion\u00e1rios.<\/p>\n<p>As equipes de log\u00edstica no local de Neuenburg am Rhein, que ainda est\u00e1 em constru\u00e7\u00e3o, tamb\u00e9m se reportar\u00e3o a ele no futuro. Em Neuenburg, cerca de 1.000 novos colaboradores devem ser contratados at\u00e9 2030, a maior parte deles profissionais de log\u00edstica, bem como especialistas em TI, gest\u00e3o de processos, tecnologia e mais, tamb\u00e9m sob a supervis\u00e3o de Robert Brohl.<\/p>\n<p>Michael Stolle, CEO da Galaxus Alemanha e COO da Digitec Galaxus: &#8220;Robert Brohl combina expertise pr\u00e1tica em log\u00edstica, experi\u00eancia comprovada na gest\u00e3o de grandes projetos de crescimento e um estilo de lideran\u00e7a inclusivo e valorizador, de acordo com a nossa cultura Galaxus. Estou muito ansioso para o desenvolvimento cont\u00ednuo da nossa organiza\u00e7\u00e3o log\u00edstica sob sua lideran\u00e7a.\u201d<\/p>\n<h5>Desenvolvimento positivo cont\u00ednuo<\/h5>\n<p>Tanto na Su\u00ed\u00e7a quanto na Alemanha, a Galaxus continua a se desenvolver positivamente. Em 2024, a receita da Galaxus Deutschland GmbH aumentou em 27 por cento, totalizando 362 milh\u00f5es de euros. A empresa-m\u00e3e Digitec Galaxus alcan\u00e7ou uma receita total de 3,4 bilh\u00f5es de euros em 2024 (um aumento de 18 por cento).<\/p>\n<p>Foto: \u00a9 Galaxus<\/p>\n","protected":false},"excerpt":{"rendered":"<p>O comerciante online Galaxus reestrutura as \u00e1reas de Gest\u00e3o da Cadeia de Suprimentos e Log\u00edstica sob a lideran\u00e7a de Robert Brohl. No total, ele ser\u00e1 respons\u00e1vel<span class=\"excerpt-hellip\"> [\u2026]<\/span><\/p>\n","protected":false},"author":0,"featured_media":5328,"comment_status":"open","ping_status":"open","sticky":false,"template":"","format":"standard","meta":{"_acf_changed":false,"footnotes":""},"categories":[1557,1560,1561],"tags":[],"class_list":["post-68337","post","type-post","status-publish","format-standard","has-post-thumbnail","hentry","category-forwarding-logistics","category-intralogistics","category-regions"],"acf":[],"yoast_head":"<!-- This site is optimized with the Yoast SEO plugin v27.3 - https:\/\/yoast.com\/product\/yoast-seo-wordpress\/ -->\n<title>Robert Brohl assume a responsabilidade total pela log\u00edstica na Galaxus - Loginfo24<\/title>\n<meta name=\"robots\" content=\"index, follow, max-snippet:-1, max-image-preview:large, max-video-preview:-1\" \/>\n<link rel=\"canonical\" href=\"https:\/\/loginfo24.com\/pt-pt\/2025\/03\/05\/robert-brohl-assume-a-responsabilidade-total-pela-logistica-na-galaxus\/\" \/>\n<meta property=\"og:locale\" content=\"pt_PT\" \/>\n<meta property=\"og:type\" content=\"article\" \/>\n<meta property=\"og:title\" content=\"Robert Brohl assume a responsabilidade total pela log\u00edstica na Galaxus - Loginfo24\" \/>\n<meta property=\"og:description\" content=\"O comerciante online Galaxus reestrutura as \u00e1reas de Gest\u00e3o da Cadeia de Suprimentos e Log\u00edstica sob a lideran\u00e7a de Robert Brohl. No total, ele ser\u00e1 respons\u00e1vel [\u2026]\" \/>\n<meta property=\"og:url\" content=\"https:\/\/loginfo24.com\/pt-pt\/2025\/03\/05\/robert-brohl-assume-a-responsabilidade-total-pela-logistica-na-galaxus\/\" \/>\n<meta property=\"og:site_name\" content=\"Loginfo24\" \/>\n<meta property=\"article:publisher\" content=\"https:\/\/www.facebook.com\/people\/Loginfo24\/100057360583332\/\" \/>\n<meta property=\"article:published_time\" content=\"2025-03-05T20:23:36+00:00\" \/>\n<meta property=\"og:image\" content=\"https:\/\/loginfo24.com\/wp-content\/uploads\/sites\/7\/2025\/12\/Galaxus_5.3.25.jpg\" \/>\n\t<meta property=\"og:image:width\" content=\"1208\" \/>\n\t<meta property=\"og:image:height\" content=\"787\" \/>\n\t<meta property=\"og:image:type\" content=\"image\/jpeg\" \/>\n<meta name=\"twitter:card\" content=\"summary_large_image\" \/>\n<meta name=\"twitter:label1\" content=\"Tempo estimado de leitura\" \/>\n\t<meta name=\"twitter:data1\" content=\"2 minutos\" \/>\n<script type=\"application\/ld+json\" class=\"yoast-schema-graph\">{\"@context\":\"https:\\\/\\\/schema.org\",\"@graph\":[{\"@type\":\"Article\",\"@id\":\"https:\\\/\\\/loginfo24.com\\\/pt-pt\\\/2025\\\/03\\\/05\\\/robert-brohl-assume-a-responsabilidade-total-pela-logistica-na-galaxus\\\/#article\",\"isPartOf\":{\"@id\":\"https:\\\/\\\/loginfo24.com\\\/pt-pt\\\/2025\\\/03\\\/05\\\/robert-brohl-assume-a-responsabilidade-total-pela-logistica-na-galaxus\\\/\"},\"author\":{\"name\":\"\",\"@id\":\"\"},\"headline\":\"Robert Brohl assume a responsabilidade total pela log\u00edstica na Galaxus\",\"datePublished\":\"2025-03-05T20:23:36+00:00\",\"mainEntityOfPage\":{\"@id\":\"https:\\\/\\\/loginfo24.com\\\/pt-pt\\\/2025\\\/03\\\/05\\\/robert-brohl-assume-a-responsabilidade-total-pela-logistica-na-galaxus\\\/\"},\"wordCount\":349,\"commentCount\":0,\"publisher\":{\"@id\":\"https:\\\/\\\/loginfo24.com\\\/pt-pt\\\/#organization\"},\"image\":{\"@id\":\"https:\\\/\\\/loginfo24.com\\\/pt-pt\\\/2025\\\/03\\\/05\\\/robert-brohl-assume-a-responsabilidade-total-pela-logistica-na-galaxus\\\/#primaryimage\"},\"thumbnailUrl\":\"https:\\\/\\\/loginfo24.com\\\/wp-content\\\/uploads\\\/sites\\\/7\\\/2025\\\/12\\\/Galaxus_5.3.25.jpg\",\"articleSection\":[\"Forwarding &amp; Logistics\",\"Intralogistics\",\"Regions\"],\"inLanguage\":\"pt-PT\",\"potentialAction\":[{\"@type\":\"CommentAction\",\"name\":\"Comment\",\"target\":[\"https:\\\/\\\/loginfo24.com\\\/pt-pt\\\/2025\\\/03\\\/05\\\/robert-brohl-assume-a-responsabilidade-total-pela-logistica-na-galaxus\\\/#respond\"]}]},{\"@type\":\"WebPage\",\"@id\":\"https:\\\/\\\/loginfo24.com\\\/pt-pt\\\/2025\\\/03\\\/05\\\/robert-brohl-assume-a-responsabilidade-total-pela-logistica-na-galaxus\\\/\",\"url\":\"https:\\\/\\\/loginfo24.com\\\/pt-pt\\\/2025\\\/03\\\/05\\\/robert-brohl-assume-a-responsabilidade-total-pela-logistica-na-galaxus\\\/\",\"name\":\"Robert Brohl assume a responsabilidade total pela log\u00edstica na Galaxus - Loginfo24\",\"isPartOf\":{\"@id\":\"https:\\\/\\\/loginfo24.com\\\/pt-pt\\\/#website\"},\"primaryImageOfPage\":{\"@id\":\"https:\\\/\\\/loginfo24.com\\\/pt-pt\\\/2025\\\/03\\\/05\\\/robert-brohl-assume-a-responsabilidade-total-pela-logistica-na-galaxus\\\/#primaryimage\"},\"image\":{\"@id\":\"https:\\\/\\\/loginfo24.com\\\/pt-pt\\\/2025\\\/03\\\/05\\\/robert-brohl-assume-a-responsabilidade-total-pela-logistica-na-galaxus\\\/#primaryimage\"},\"thumbnailUrl\":\"https:\\\/\\\/loginfo24.com\\\/wp-content\\\/uploads\\\/sites\\\/7\\\/2025\\\/12\\\/Galaxus_5.3.25.jpg\",\"datePublished\":\"2025-03-05T20:23:36+00:00\",\"breadcrumb\":{\"@id\":\"https:\\\/\\\/loginfo24.com\\\/pt-pt\\\/2025\\\/03\\\/05\\\/robert-brohl-assume-a-responsabilidade-total-pela-logistica-na-galaxus\\\/#breadcrumb\"},\"inLanguage\":\"pt-PT\",\"potentialAction\":[{\"@type\":\"ReadAction\",\"target\":[\"https:\\\/\\\/loginfo24.com\\\/pt-pt\\\/2025\\\/03\\\/05\\\/robert-brohl-assume-a-responsabilidade-total-pela-logistica-na-galaxus\\\/\"]}]},{\"@type\":\"ImageObject\",\"inLanguage\":\"pt-PT\",\"@id\":\"https:\\\/\\\/loginfo24.com\\\/pt-pt\\\/2025\\\/03\\\/05\\\/robert-brohl-assume-a-responsabilidade-total-pela-logistica-na-galaxus\\\/#primaryimage\",\"url\":\"https:\\\/\\\/loginfo24.com\\\/wp-content\\\/uploads\\\/sites\\\/7\\\/2025\\\/12\\\/Galaxus_5.3.25.jpg\",\"contentUrl\":\"https:\\\/\\\/loginfo24.com\\\/wp-content\\\/uploads\\\/sites\\\/7\\\/2025\\\/12\\\/Galaxus_5.3.25.jpg\",\"width\":1208,\"height\":787},{\"@type\":\"BreadcrumbList\",\"@id\":\"https:\\\/\\\/loginfo24.com\\\/pt-pt\\\/2025\\\/03\\\/05\\\/robert-brohl-assume-a-responsabilidade-total-pela-logistica-na-galaxus\\\/#breadcrumb\",\"itemListElement\":[{\"@type\":\"ListItem\",\"position\":1,\"name\":\"Startseite\",\"item\":\"https:\\\/\\\/loginfo24.com\\\/pt-pt\\\/\"},{\"@type\":\"ListItem\",\"position\":2,\"name\":\"Robert Brohl assume a responsabilidade total pela log\u00edstica na Galaxus\"}]},{\"@type\":\"WebSite\",\"@id\":\"https:\\\/\\\/loginfo24.com\\\/pt-pt\\\/#website\",\"url\":\"https:\\\/\\\/loginfo24.com\\\/pt-pt\\\/\",\"name\":\"Loginfo24\",\"description\":\"Loginfo24 \u00e9 a plataforma dedicada \u00e0 log\u00edstica e \u00e0s cadeias de abastecimento, com informa\u00e7\u00f5es dispon\u00edveis 24 horas por dia.\",\"publisher\":{\"@id\":\"https:\\\/\\\/loginfo24.com\\\/pt-pt\\\/#organization\"},\"potentialAction\":[{\"@type\":\"SearchAction\",\"target\":{\"@type\":\"EntryPoint\",\"urlTemplate\":\"https:\\\/\\\/loginfo24.com\\\/pt-pt\\\/?s={search_term_string}\"},\"query-input\":{\"@type\":\"PropertyValueSpecification\",\"valueRequired\":true,\"valueName\":\"search_term_string\"}}],\"inLanguage\":\"pt-PT\"},{\"@type\":\"Organization\",\"@id\":\"https:\\\/\\\/loginfo24.com\\\/pt-pt\\\/#organization\",\"name\":\"Logismedia Group AG\",\"url\":\"https:\\\/\\\/loginfo24.com\\\/pt-pt\\\/\",\"logo\":{\"@type\":\"ImageObject\",\"inLanguage\":\"pt-PT\",\"@id\":\"https:\\\/\\\/loginfo24.com\\\/pt-pt\\\/#\\\/schema\\\/logo\\\/image\\\/\",\"url\":\"https:\\\/\\\/loginfo24.com\\\/wp-content\\\/uploads\\\/sites\\\/7\\\/2026\\\/01\\\/Logo_LogInfo24.png\",\"contentUrl\":\"https:\\\/\\\/loginfo24.com\\\/wp-content\\\/uploads\\\/sites\\\/7\\\/2026\\\/01\\\/Logo_LogInfo24.png\",\"width\":938,\"height\":351,\"caption\":\"Logismedia Group AG\"},\"image\":{\"@id\":\"https:\\\/\\\/loginfo24.com\\\/pt-pt\\\/#\\\/schema\\\/logo\\\/image\\\/\"},\"sameAs\":[\"https:\\\/\\\/www.facebook.com\\\/people\\\/Loginfo24\\\/100057360583332\\\/\",\"https:\\\/\\\/www.linkedin.com\\\/company\\\/lofinfo24\\\/\"]}]}<\/script>\n<!-- \/ Yoast SEO plugin. -->","yoast_head_json":{"title":"Robert Brohl assume a responsabilidade total pela log\u00edstica na Galaxus - Loginfo24","robots":{"index":"index","follow":"follow","max-snippet":"max-snippet:-1","max-image-preview":"max-image-preview:large","max-video-preview":"max-video-preview:-1"},"canonical":"https:\/\/loginfo24.com\/pt-pt\/2025\/03\/05\/robert-brohl-assume-a-responsabilidade-total-pela-logistica-na-galaxus\/","og_locale":"pt_PT","og_type":"article","og_title":"Robert Brohl assume a responsabilidade total pela log\u00edstica na Galaxus - Loginfo24","og_description":"O comerciante online Galaxus reestrutura as \u00e1reas de Gest\u00e3o da Cadeia de Suprimentos e Log\u00edstica sob a lideran\u00e7a de Robert Brohl. No total, ele ser\u00e1 respons\u00e1vel [\u2026]","og_url":"https:\/\/loginfo24.com\/pt-pt\/2025\/03\/05\/robert-brohl-assume-a-responsabilidade-total-pela-logistica-na-galaxus\/","og_site_name":"Loginfo24","article_publisher":"https:\/\/www.facebook.com\/people\/Loginfo24\/100057360583332\/","article_published_time":"2025-03-05T20:23:36+00:00","og_image":[{"width":1208,"height":787,"url":"https:\/\/loginfo24.com\/wp-content\/uploads\/sites\/7\/2025\/12\/Galaxus_5.3.25.jpg","type":"image\/jpeg"}],"twitter_card":"summary_large_image","twitter_misc":{"Tempo estimado de leitura":"2 minutos"},"schema":{"@context":"https:\/\/schema.org","@graph":[{"@type":"Article","@id":"https:\/\/loginfo24.com\/pt-pt\/2025\/03\/05\/robert-brohl-assume-a-responsabilidade-total-pela-logistica-na-galaxus\/#article","isPartOf":{"@id":"https:\/\/loginfo24.com\/pt-pt\/2025\/03\/05\/robert-brohl-assume-a-responsabilidade-total-pela-logistica-na-galaxus\/"},"author":{"name":"","@id":""},"headline":"Robert Brohl assume a responsabilidade total pela log\u00edstica na Galaxus","datePublished":"2025-03-05T20:23:36+00:00","mainEntityOfPage":{"@id":"https:\/\/loginfo24.com\/pt-pt\/2025\/03\/05\/robert-brohl-assume-a-responsabilidade-total-pela-logistica-na-galaxus\/"},"wordCount":349,"commentCount":0,"publisher":{"@id":"https:\/\/loginfo24.com\/pt-pt\/#organization"},"image":{"@id":"https:\/\/loginfo24.com\/pt-pt\/2025\/03\/05\/robert-brohl-assume-a-responsabilidade-total-pela-logistica-na-galaxus\/#primaryimage"},"thumbnailUrl":"https:\/\/loginfo24.com\/wp-content\/uploads\/sites\/7\/2025\/12\/Galaxus_5.3.25.jpg","articleSection":["Forwarding &amp; Logistics","Intralogistics","Regions"],"inLanguage":"pt-PT","potentialAction":[{"@type":"CommentAction","name":"Comment","target":["https:\/\/loginfo24.com\/pt-pt\/2025\/03\/05\/robert-brohl-assume-a-responsabilidade-total-pela-logistica-na-galaxus\/#respond"]}]},{"@type":"WebPage","@id":"https:\/\/loginfo24.com\/pt-pt\/2025\/03\/05\/robert-brohl-assume-a-responsabilidade-total-pela-logistica-na-galaxus\/","url":"https:\/\/loginfo24.com\/pt-pt\/2025\/03\/05\/robert-brohl-assume-a-responsabilidade-total-pela-logistica-na-galaxus\/","name":"Robert Brohl assume a responsabilidade total pela log\u00edstica na Galaxus - Loginfo24","isPartOf":{"@id":"https:\/\/loginfo24.com\/pt-pt\/#website"},"primaryImageOfPage":{"@id":"https:\/\/loginfo24.com\/pt-pt\/2025\/03\/05\/robert-brohl-assume-a-responsabilidade-total-pela-logistica-na-galaxus\/#primaryimage"},"image":{"@id":"https:\/\/loginfo24.com\/pt-pt\/2025\/03\/05\/robert-brohl-assume-a-responsabilidade-total-pela-logistica-na-galaxus\/#primaryimage"},"thumbnailUrl":"https:\/\/loginfo24.com\/wp-content\/uploads\/sites\/7\/2025\/12\/Galaxus_5.3.25.jpg","datePublished":"2025-03-05T20:23:36+00:00","breadcrumb":{"@id":"https:\/\/loginfo24.com\/pt-pt\/2025\/03\/05\/robert-brohl-assume-a-responsabilidade-total-pela-logistica-na-galaxus\/#breadcrumb"},"inLanguage":"pt-PT","potentialAction":[{"@type":"ReadAction","target":["https:\/\/loginfo24.com\/pt-pt\/2025\/03\/05\/robert-brohl-assume-a-responsabilidade-total-pela-logistica-na-galaxus\/"]}]},{"@type":"ImageObject","inLanguage":"pt-PT","@id":"https:\/\/loginfo24.com\/pt-pt\/2025\/03\/05\/robert-brohl-assume-a-responsabilidade-total-pela-logistica-na-galaxus\/#primaryimage","url":"https:\/\/loginfo24.com\/wp-content\/uploads\/sites\/7\/2025\/12\/Galaxus_5.3.25.jpg","contentUrl":"https:\/\/loginfo24.com\/wp-content\/uploads\/sites\/7\/2025\/12\/Galaxus_5.3.25.jpg","width":1208,"height":787},{"@type":"BreadcrumbList","@id":"https:\/\/loginfo24.com\/pt-pt\/2025\/03\/05\/robert-brohl-assume-a-responsabilidade-total-pela-logistica-na-galaxus\/#breadcrumb","itemListElement":[{"@type":"ListItem","position":1,"name":"Startseite","item":"https:\/\/loginfo24.com\/pt-pt\/"},{"@type":"ListItem","position":2,"name":"Robert Brohl assume a responsabilidade total pela log\u00edstica na Galaxus"}]},{"@type":"WebSite","@id":"https:\/\/loginfo24.com\/pt-pt\/#website","url":"https:\/\/loginfo24.com\/pt-pt\/","name":"Loginfo24","description":"Loginfo24 \u00e9 a plataforma dedicada \u00e0 log\u00edstica e \u00e0s cadeias de abastecimento, com informa\u00e7\u00f5es dispon\u00edveis 24 horas por dia.","publisher":{"@id":"https:\/\/loginfo24.com\/pt-pt\/#organization"},"potentialAction":[{"@type":"SearchAction","target":{"@type":"EntryPoint","urlTemplate":"https:\/\/loginfo24.com\/pt-pt\/?s={search_term_string}"},"query-input":{"@type":"PropertyValueSpecification","valueRequired":true,"valueName":"search_term_string"}}],"inLanguage":"pt-PT"},{"@type":"Organization","@id":"https:\/\/loginfo24.com\/pt-pt\/#organization","name":"Logismedia Group AG","url":"https:\/\/loginfo24.com\/pt-pt\/","logo":{"@type":"ImageObject","inLanguage":"pt-PT","@id":"https:\/\/loginfo24.com\/pt-pt\/#\/schema\/logo\/image\/","url":"https:\/\/loginfo24.com\/wp-content\/uploads\/sites\/7\/2026\/01\/Logo_LogInfo24.png","contentUrl":"https:\/\/loginfo24.com\/wp-content\/uploads\/sites\/7\/2026\/01\/Logo_LogInfo24.png","width":938,"height":351,"caption":"Logismedia Group AG"},"image":{"@id":"https:\/\/loginfo24.com\/pt-pt\/#\/schema\/logo\/image\/"},"sameAs":["https:\/\/www.facebook.com\/people\/Loginfo24\/100057360583332\/","https:\/\/www.linkedin.com\/company\/lofinfo24\/"]}]}},"_links":{"self":[{"href":"https:\/\/loginfo24.com\/pt-pt\/wp-json\/wp\/v2\/posts\/68337","targetHints":{"allow":["GET"]}}],"collection":[{"href":"https:\/\/loginfo24.com\/pt-pt\/wp-json\/wp\/v2\/posts"}],"about":[{"href":"https:\/\/loginfo24.com\/pt-pt\/wp-json\/wp\/v2\/types\/post"}],"replies":[{"embeddable":true,"href":"https:\/\/loginfo24.com\/pt-pt\/wp-json\/wp\/v2\/comments?post=68337"}],"version-history":[{"count":0,"href":"https:\/\/loginfo24.com\/pt-pt\/wp-json\/wp\/v2\/posts\/68337\/revisions"}],"wp:featuredmedia":[{"embeddable":true,"href":"https:\/\/loginfo24.com\/pt-pt\/wp-json\/wp\/v2\/media\/5328"}],"wp:attachment":[{"href":"https:\/\/loginfo24.com\/pt-pt\/wp-json\/wp\/v2\/media?parent=68337"}],"wp:term":[{"taxonomy":"category","embeddable":true,"href":"https:\/\/loginfo24.com\/pt-pt\/wp-json\/wp\/v2\/categories?post=68337"},{"taxonomy":"post_tag","embeddable":true,"href":"https:\/\/loginfo24.com\/pt-pt\/wp-json\/wp\/v2\/tags?post=68337"}],"curies":[{"name":"wp","href":"https:\/\/api.w.org\/{rel}","templated":true}]}}