{"id":67771,"date":"2025-01-19T09:57:41","date_gmt":"2025-01-19T08:57:41","guid":{"rendered":"https:\/\/blog.brand-architecture.at\/2025\/01\/19\/ceo-roberto-cirillo-deixa-os-correios-suicos\/"},"modified":"2025-01-19T09:57:41","modified_gmt":"2025-01-19T08:57:41","slug":"ceo-roberto-cirillo-deixa-os-correios-suicos","status":"publish","type":"post","link":"https:\/\/loginfo24.com\/pt-pt\/2025\/01\/19\/ceo-roberto-cirillo-deixa-os-correios-suicos\/","title":{"rendered":"CEO Roberto Cirillo deixa os Correios Su\u00ed\u00e7os"},"content":{"rendered":"<h5><strong>Com a conclus\u00e3o bem-sucedida do per\u00edodo estrat\u00e9gico 2021-2024, Roberto Cirillo decidiu renunciar ao cargo de CEO dos Correios Su\u00ed\u00e7os. Juntamente com o conselho de administra\u00e7\u00e3o e a dire\u00e7\u00e3o da empresa, Cirillo estabeleceu as bases para poder entregar uma empresa s\u00f3lida e sustent\u00e1vel \u00e0 pr\u00f3xima gera\u00e7\u00e3o. Cirillo permanecer\u00e1 na empresa at\u00e9 o final de mar\u00e7o de 2025.<\/strong><\/h5>\n<p>(Berna) Ap\u00f3s o trabalho de base realizado, a nova composi\u00e7\u00e3o da dire\u00e7\u00e3o da empresa e a implementa\u00e7\u00e3o bem-sucedida da estrat\u00e9gia corporativa &#8220;Correios do Amanh\u00e3&#8221;, Roberto Cirillo deixar\u00e1 seu cargo de CEO no final de mar\u00e7o de 2025. &#8220;Tive a oportunidade de liderar uma das institui\u00e7\u00f5es mais importantes do nosso pa\u00eds por seis anos e desenvolv\u00ea-la a partir da crise de confian\u00e7a da \u00e9poca para o futuro&#8221;, diz Cirillo. &#8220;Hoje, os Correios est\u00e3o mais s\u00f3lidos do que h\u00e1 seis anos. Agrade\u00e7o a todos que contribu\u00edram para isso \u2013 ao Conselho Federal, ao conselho de administra\u00e7\u00e3o, \u00e0 dire\u00e7\u00e3o da empresa, a todos os colaboradores \u2013 especialmente aos dezenas de milhares de carteiros que representam os melhores correios do mundo diariamente. Estou orgulhoso e grato por ter sido seu colega. Agora \u00e9 o momento certo para entregar os Correios s\u00f3lidos e sustent\u00e1veis a uma nova gera\u00e7\u00e3o.&#8221; <\/p>\n<h5><strong>Conselho de administra\u00e7\u00e3o lamenta a decis\u00e3o<\/strong><\/h5>\n<p>&#8220;Lamento muito a decis\u00e3o de Roberto. Com ele, foi poss\u00edvel levar os Correios para o futuro. Com sua personalidade, ele moldou significativamente a empresa e criou as condi\u00e7\u00f5es para enfrentar os grandes desafios futuros a partir de uma posi\u00e7\u00e3o s\u00f3lida&#8221;, explica o presidente do conselho de administra\u00e7\u00e3o, Christian Levrat. O conselho de administra\u00e7\u00e3o reconhece amplamente os m\u00e9ritos de Roberto Cirillo. &#8220;Isso inclui, entre outras coisas, sua estrat\u00e9gia sustent\u00e1vel e uma forte dire\u00e7\u00e3o da empresa, que continuar\u00e1 a impulsionar a transforma\u00e7\u00e3o iniciada. Isso inclui, por exemplo, o desenvolvimento da rede de ag\u00eancias com investimentos de mais de 100 milh\u00f5es de francos, o desenvolvimento de servi\u00e7os digitais e h\u00edbridos para todas as gera\u00e7\u00f5es, uma log\u00edstica moderna e sustent\u00e1vel e solu\u00e7\u00f5es de mobilidade sustent\u00e1veis. Agradecemos muito pelo seu trabalho eficaz e pela colabora\u00e7\u00e3o baseada na confian\u00e7a e desejamos a ele tudo de bom para o seu futuro&#8221;, comenta Christian Levrat sobre a sa\u00edda de Roberto Cirillo.<\/p>\n<h5><strong>Estrat\u00e9gia est\u00e1 no caminho certo \u2013 busca pela sucess\u00e3o iniciada<\/strong><\/h5>\n<p>Roberto Cirillo permanecer\u00e1 na empresa at\u00e9 o final de mar\u00e7o de 2025 e estar\u00e1 dispon\u00edvel para o presidente do conselho de administra\u00e7\u00e3o at\u00e9 o final do per\u00edodo de rescis\u00e3o em 31 de julho de 2025 para tarefas especiais. O conselho de administra\u00e7\u00e3o dos Correios Su\u00ed\u00e7os j\u00e1 lan\u00e7ou o processo para determinar a sucess\u00e3o. At\u00e9 a posse da nova CEO ou do novo CEO, o diretor financeiro Alex Glanzmann liderar\u00e1 a empresa interinamente a partir de abril de 2025. A nova estrat\u00e9gia para os anos 2025 \u2013 2028 baseia-se na estrat\u00e9gia anterior &#8220;Correios do Amanh\u00e3&#8221; e j\u00e1 est\u00e1 em implementa\u00e7\u00e3o. Os Correios continuam a perseguir o objetivo de financiar um servi\u00e7o p\u00fablico forte e contempor\u00e2neo de forma autossustent\u00e1vel.<\/p>\n<p>Foto: \u00a9 Correios Su\u00ed\u00e7os<\/p>\n","protected":false},"excerpt":{"rendered":"<p>Com a conclus\u00e3o bem-sucedida do per\u00edodo estrat\u00e9gico 2021-2024, Roberto Cirillo decidiu renunciar ao cargo de CEO dos Correios Su\u00ed\u00e7os. Juntamente com o conselho de administra\u00e7\u00e3o e<span class=\"excerpt-hellip\"> [\u2026]<\/span><\/p>\n","protected":false},"author":0,"featured_media":5518,"comment_status":"open","ping_status":"open","sticky":false,"template":"","format":"standard","meta":{"_acf_changed":false,"footnotes":""},"categories":[1557,1561],"tags":[],"class_list":["post-67771","post","type-post","status-publish","format-standard","has-post-thumbnail","hentry","category-forwarding-logistics","category-regions"],"acf":[],"yoast_head":"<!-- This site is optimized with the Yoast SEO plugin v27.3 - https:\/\/yoast.com\/product\/yoast-seo-wordpress\/ -->\n<title>CEO Roberto Cirillo deixa os Correios Su\u00ed\u00e7os - Loginfo24<\/title>\n<meta name=\"robots\" content=\"index, follow, max-snippet:-1, max-image-preview:large, max-video-preview:-1\" \/>\n<link rel=\"canonical\" href=\"https:\/\/loginfo24.com\/pt-pt\/2025\/01\/19\/ceo-roberto-cirillo-deixa-os-correios-suicos\/\" \/>\n<meta property=\"og:locale\" content=\"pt_PT\" \/>\n<meta property=\"og:type\" content=\"article\" \/>\n<meta property=\"og:title\" content=\"CEO Roberto Cirillo deixa os Correios Su\u00ed\u00e7os - Loginfo24\" \/>\n<meta property=\"og:description\" content=\"Com a conclus\u00e3o bem-sucedida do per\u00edodo estrat\u00e9gico 2021-2024, Roberto Cirillo decidiu renunciar ao cargo de CEO dos Correios Su\u00ed\u00e7os. Juntamente com o conselho de administra\u00e7\u00e3o e [\u2026]\" \/>\n<meta property=\"og:url\" content=\"https:\/\/loginfo24.com\/pt-pt\/2025\/01\/19\/ceo-roberto-cirillo-deixa-os-correios-suicos\/\" \/>\n<meta property=\"og:site_name\" content=\"Loginfo24\" \/>\n<meta property=\"article:publisher\" content=\"https:\/\/www.facebook.com\/people\/Loginfo24\/100057360583332\/\" \/>\n<meta property=\"article:published_time\" content=\"2025-01-19T08:57:41+00:00\" \/>\n<meta property=\"og:image\" content=\"https:\/\/loginfo24.com\/wp-content\/uploads\/sites\/7\/2025\/12\/Post_CH_19.1.25.jpg\" \/>\n\t<meta property=\"og:image:width\" content=\"1211\" \/>\n\t<meta property=\"og:image:height\" content=\"748\" \/>\n\t<meta property=\"og:image:type\" content=\"image\/jpeg\" \/>\n<meta name=\"twitter:card\" content=\"summary_large_image\" \/>\n<meta name=\"twitter:label1\" content=\"Tempo estimado de leitura\" \/>\n\t<meta name=\"twitter:data1\" content=\"3 minutos\" \/>\n<script type=\"application\/ld+json\" class=\"yoast-schema-graph\">{\"@context\":\"https:\\\/\\\/schema.org\",\"@graph\":[{\"@type\":\"Article\",\"@id\":\"https:\\\/\\\/loginfo24.com\\\/pt-pt\\\/2025\\\/01\\\/19\\\/ceo-roberto-cirillo-deixa-os-correios-suicos\\\/#article\",\"isPartOf\":{\"@id\":\"https:\\\/\\\/loginfo24.com\\\/pt-pt\\\/2025\\\/01\\\/19\\\/ceo-roberto-cirillo-deixa-os-correios-suicos\\\/\"},\"author\":{\"name\":\"\",\"@id\":\"\"},\"headline\":\"CEO Roberto Cirillo deixa os Correios Su\u00ed\u00e7os\",\"datePublished\":\"2025-01-19T08:57:41+00:00\",\"mainEntityOfPage\":{\"@id\":\"https:\\\/\\\/loginfo24.com\\\/pt-pt\\\/2025\\\/01\\\/19\\\/ceo-roberto-cirillo-deixa-os-correios-suicos\\\/\"},\"wordCount\":559,\"commentCount\":0,\"publisher\":{\"@id\":\"https:\\\/\\\/loginfo24.com\\\/pt-pt\\\/#organization\"},\"image\":{\"@id\":\"https:\\\/\\\/loginfo24.com\\\/pt-pt\\\/2025\\\/01\\\/19\\\/ceo-roberto-cirillo-deixa-os-correios-suicos\\\/#primaryimage\"},\"thumbnailUrl\":\"https:\\\/\\\/loginfo24.com\\\/wp-content\\\/uploads\\\/sites\\\/7\\\/2025\\\/12\\\/Post_CH_19.1.25.jpg\",\"articleSection\":[\"Forwarding &amp; Logistics\",\"Regions\"],\"inLanguage\":\"pt-PT\",\"potentialAction\":[{\"@type\":\"CommentAction\",\"name\":\"Comment\",\"target\":[\"https:\\\/\\\/loginfo24.com\\\/pt-pt\\\/2025\\\/01\\\/19\\\/ceo-roberto-cirillo-deixa-os-correios-suicos\\\/#respond\"]}]},{\"@type\":\"WebPage\",\"@id\":\"https:\\\/\\\/loginfo24.com\\\/pt-pt\\\/2025\\\/01\\\/19\\\/ceo-roberto-cirillo-deixa-os-correios-suicos\\\/\",\"url\":\"https:\\\/\\\/loginfo24.com\\\/pt-pt\\\/2025\\\/01\\\/19\\\/ceo-roberto-cirillo-deixa-os-correios-suicos\\\/\",\"name\":\"CEO Roberto Cirillo deixa os Correios Su\u00ed\u00e7os - Loginfo24\",\"isPartOf\":{\"@id\":\"https:\\\/\\\/loginfo24.com\\\/pt-pt\\\/#website\"},\"primaryImageOfPage\":{\"@id\":\"https:\\\/\\\/loginfo24.com\\\/pt-pt\\\/2025\\\/01\\\/19\\\/ceo-roberto-cirillo-deixa-os-correios-suicos\\\/#primaryimage\"},\"image\":{\"@id\":\"https:\\\/\\\/loginfo24.com\\\/pt-pt\\\/2025\\\/01\\\/19\\\/ceo-roberto-cirillo-deixa-os-correios-suicos\\\/#primaryimage\"},\"thumbnailUrl\":\"https:\\\/\\\/loginfo24.com\\\/wp-content\\\/uploads\\\/sites\\\/7\\\/2025\\\/12\\\/Post_CH_19.1.25.jpg\",\"datePublished\":\"2025-01-19T08:57:41+00:00\",\"breadcrumb\":{\"@id\":\"https:\\\/\\\/loginfo24.com\\\/pt-pt\\\/2025\\\/01\\\/19\\\/ceo-roberto-cirillo-deixa-os-correios-suicos\\\/#breadcrumb\"},\"inLanguage\":\"pt-PT\",\"potentialAction\":[{\"@type\":\"ReadAction\",\"target\":[\"https:\\\/\\\/loginfo24.com\\\/pt-pt\\\/2025\\\/01\\\/19\\\/ceo-roberto-cirillo-deixa-os-correios-suicos\\\/\"]}]},{\"@type\":\"ImageObject\",\"inLanguage\":\"pt-PT\",\"@id\":\"https:\\\/\\\/loginfo24.com\\\/pt-pt\\\/2025\\\/01\\\/19\\\/ceo-roberto-cirillo-deixa-os-correios-suicos\\\/#primaryimage\",\"url\":\"https:\\\/\\\/loginfo24.com\\\/wp-content\\\/uploads\\\/sites\\\/7\\\/2025\\\/12\\\/Post_CH_19.1.25.jpg\",\"contentUrl\":\"https:\\\/\\\/loginfo24.com\\\/wp-content\\\/uploads\\\/sites\\\/7\\\/2025\\\/12\\\/Post_CH_19.1.25.jpg\",\"width\":1211,\"height\":748},{\"@type\":\"BreadcrumbList\",\"@id\":\"https:\\\/\\\/loginfo24.com\\\/pt-pt\\\/2025\\\/01\\\/19\\\/ceo-roberto-cirillo-deixa-os-correios-suicos\\\/#breadcrumb\",\"itemListElement\":[{\"@type\":\"ListItem\",\"position\":1,\"name\":\"Startseite\",\"item\":\"https:\\\/\\\/loginfo24.com\\\/pt-pt\\\/\"},{\"@type\":\"ListItem\",\"position\":2,\"name\":\"CEO Roberto Cirillo deixa os Correios Su\u00ed\u00e7os\"}]},{\"@type\":\"WebSite\",\"@id\":\"https:\\\/\\\/loginfo24.com\\\/pt-pt\\\/#website\",\"url\":\"https:\\\/\\\/loginfo24.com\\\/pt-pt\\\/\",\"name\":\"Loginfo24\",\"description\":\"Loginfo24 \u00e9 a plataforma dedicada \u00e0 log\u00edstica e \u00e0s cadeias de abastecimento, com informa\u00e7\u00f5es dispon\u00edveis 24 horas por dia.\",\"publisher\":{\"@id\":\"https:\\\/\\\/loginfo24.com\\\/pt-pt\\\/#organization\"},\"potentialAction\":[{\"@type\":\"SearchAction\",\"target\":{\"@type\":\"EntryPoint\",\"urlTemplate\":\"https:\\\/\\\/loginfo24.com\\\/pt-pt\\\/?s={search_term_string}\"},\"query-input\":{\"@type\":\"PropertyValueSpecification\",\"valueRequired\":true,\"valueName\":\"search_term_string\"}}],\"inLanguage\":\"pt-PT\"},{\"@type\":\"Organization\",\"@id\":\"https:\\\/\\\/loginfo24.com\\\/pt-pt\\\/#organization\",\"name\":\"Logismedia Group AG\",\"url\":\"https:\\\/\\\/loginfo24.com\\\/pt-pt\\\/\",\"logo\":{\"@type\":\"ImageObject\",\"inLanguage\":\"pt-PT\",\"@id\":\"https:\\\/\\\/loginfo24.com\\\/pt-pt\\\/#\\\/schema\\\/logo\\\/image\\\/\",\"url\":\"https:\\\/\\\/loginfo24.com\\\/wp-content\\\/uploads\\\/sites\\\/7\\\/2026\\\/01\\\/Logo_LogInfo24.png\",\"contentUrl\":\"https:\\\/\\\/loginfo24.com\\\/wp-content\\\/uploads\\\/sites\\\/7\\\/2026\\\/01\\\/Logo_LogInfo24.png\",\"width\":938,\"height\":351,\"caption\":\"Logismedia Group AG\"},\"image\":{\"@id\":\"https:\\\/\\\/loginfo24.com\\\/pt-pt\\\/#\\\/schema\\\/logo\\\/image\\\/\"},\"sameAs\":[\"https:\\\/\\\/www.facebook.com\\\/people\\\/Loginfo24\\\/100057360583332\\\/\",\"https:\\\/\\\/www.linkedin.com\\\/company\\\/lofinfo24\\\/\"]}]}<\/script>\n<!-- \/ Yoast SEO plugin. -->","yoast_head_json":{"title":"CEO Roberto Cirillo deixa os Correios Su\u00ed\u00e7os - Loginfo24","robots":{"index":"index","follow":"follow","max-snippet":"max-snippet:-1","max-image-preview":"max-image-preview:large","max-video-preview":"max-video-preview:-1"},"canonical":"https:\/\/loginfo24.com\/pt-pt\/2025\/01\/19\/ceo-roberto-cirillo-deixa-os-correios-suicos\/","og_locale":"pt_PT","og_type":"article","og_title":"CEO Roberto Cirillo deixa os Correios Su\u00ed\u00e7os - Loginfo24","og_description":"Com a conclus\u00e3o bem-sucedida do per\u00edodo estrat\u00e9gico 2021-2024, Roberto Cirillo decidiu renunciar ao cargo de CEO dos Correios Su\u00ed\u00e7os. Juntamente com o conselho de administra\u00e7\u00e3o e [\u2026]","og_url":"https:\/\/loginfo24.com\/pt-pt\/2025\/01\/19\/ceo-roberto-cirillo-deixa-os-correios-suicos\/","og_site_name":"Loginfo24","article_publisher":"https:\/\/www.facebook.com\/people\/Loginfo24\/100057360583332\/","article_published_time":"2025-01-19T08:57:41+00:00","og_image":[{"width":1211,"height":748,"url":"https:\/\/loginfo24.com\/wp-content\/uploads\/sites\/7\/2025\/12\/Post_CH_19.1.25.jpg","type":"image\/jpeg"}],"twitter_card":"summary_large_image","twitter_misc":{"Tempo estimado de leitura":"3 minutos"},"schema":{"@context":"https:\/\/schema.org","@graph":[{"@type":"Article","@id":"https:\/\/loginfo24.com\/pt-pt\/2025\/01\/19\/ceo-roberto-cirillo-deixa-os-correios-suicos\/#article","isPartOf":{"@id":"https:\/\/loginfo24.com\/pt-pt\/2025\/01\/19\/ceo-roberto-cirillo-deixa-os-correios-suicos\/"},"author":{"name":"","@id":""},"headline":"CEO Roberto Cirillo deixa os Correios Su\u00ed\u00e7os","datePublished":"2025-01-19T08:57:41+00:00","mainEntityOfPage":{"@id":"https:\/\/loginfo24.com\/pt-pt\/2025\/01\/19\/ceo-roberto-cirillo-deixa-os-correios-suicos\/"},"wordCount":559,"commentCount":0,"publisher":{"@id":"https:\/\/loginfo24.com\/pt-pt\/#organization"},"image":{"@id":"https:\/\/loginfo24.com\/pt-pt\/2025\/01\/19\/ceo-roberto-cirillo-deixa-os-correios-suicos\/#primaryimage"},"thumbnailUrl":"https:\/\/loginfo24.com\/wp-content\/uploads\/sites\/7\/2025\/12\/Post_CH_19.1.25.jpg","articleSection":["Forwarding &amp; Logistics","Regions"],"inLanguage":"pt-PT","potentialAction":[{"@type":"CommentAction","name":"Comment","target":["https:\/\/loginfo24.com\/pt-pt\/2025\/01\/19\/ceo-roberto-cirillo-deixa-os-correios-suicos\/#respond"]}]},{"@type":"WebPage","@id":"https:\/\/loginfo24.com\/pt-pt\/2025\/01\/19\/ceo-roberto-cirillo-deixa-os-correios-suicos\/","url":"https:\/\/loginfo24.com\/pt-pt\/2025\/01\/19\/ceo-roberto-cirillo-deixa-os-correios-suicos\/","name":"CEO Roberto Cirillo deixa os Correios Su\u00ed\u00e7os - Loginfo24","isPartOf":{"@id":"https:\/\/loginfo24.com\/pt-pt\/#website"},"primaryImageOfPage":{"@id":"https:\/\/loginfo24.com\/pt-pt\/2025\/01\/19\/ceo-roberto-cirillo-deixa-os-correios-suicos\/#primaryimage"},"image":{"@id":"https:\/\/loginfo24.com\/pt-pt\/2025\/01\/19\/ceo-roberto-cirillo-deixa-os-correios-suicos\/#primaryimage"},"thumbnailUrl":"https:\/\/loginfo24.com\/wp-content\/uploads\/sites\/7\/2025\/12\/Post_CH_19.1.25.jpg","datePublished":"2025-01-19T08:57:41+00:00","breadcrumb":{"@id":"https:\/\/loginfo24.com\/pt-pt\/2025\/01\/19\/ceo-roberto-cirillo-deixa-os-correios-suicos\/#breadcrumb"},"inLanguage":"pt-PT","potentialAction":[{"@type":"ReadAction","target":["https:\/\/loginfo24.com\/pt-pt\/2025\/01\/19\/ceo-roberto-cirillo-deixa-os-correios-suicos\/"]}]},{"@type":"ImageObject","inLanguage":"pt-PT","@id":"https:\/\/loginfo24.com\/pt-pt\/2025\/01\/19\/ceo-roberto-cirillo-deixa-os-correios-suicos\/#primaryimage","url":"https:\/\/loginfo24.com\/wp-content\/uploads\/sites\/7\/2025\/12\/Post_CH_19.1.25.jpg","contentUrl":"https:\/\/loginfo24.com\/wp-content\/uploads\/sites\/7\/2025\/12\/Post_CH_19.1.25.jpg","width":1211,"height":748},{"@type":"BreadcrumbList","@id":"https:\/\/loginfo24.com\/pt-pt\/2025\/01\/19\/ceo-roberto-cirillo-deixa-os-correios-suicos\/#breadcrumb","itemListElement":[{"@type":"ListItem","position":1,"name":"Startseite","item":"https:\/\/loginfo24.com\/pt-pt\/"},{"@type":"ListItem","position":2,"name":"CEO Roberto Cirillo deixa os Correios Su\u00ed\u00e7os"}]},{"@type":"WebSite","@id":"https:\/\/loginfo24.com\/pt-pt\/#website","url":"https:\/\/loginfo24.com\/pt-pt\/","name":"Loginfo24","description":"Loginfo24 \u00e9 a plataforma dedicada \u00e0 log\u00edstica e \u00e0s cadeias de abastecimento, com informa\u00e7\u00f5es dispon\u00edveis 24 horas por dia.","publisher":{"@id":"https:\/\/loginfo24.com\/pt-pt\/#organization"},"potentialAction":[{"@type":"SearchAction","target":{"@type":"EntryPoint","urlTemplate":"https:\/\/loginfo24.com\/pt-pt\/?s={search_term_string}"},"query-input":{"@type":"PropertyValueSpecification","valueRequired":true,"valueName":"search_term_string"}}],"inLanguage":"pt-PT"},{"@type":"Organization","@id":"https:\/\/loginfo24.com\/pt-pt\/#organization","name":"Logismedia Group AG","url":"https:\/\/loginfo24.com\/pt-pt\/","logo":{"@type":"ImageObject","inLanguage":"pt-PT","@id":"https:\/\/loginfo24.com\/pt-pt\/#\/schema\/logo\/image\/","url":"https:\/\/loginfo24.com\/wp-content\/uploads\/sites\/7\/2026\/01\/Logo_LogInfo24.png","contentUrl":"https:\/\/loginfo24.com\/wp-content\/uploads\/sites\/7\/2026\/01\/Logo_LogInfo24.png","width":938,"height":351,"caption":"Logismedia Group AG"},"image":{"@id":"https:\/\/loginfo24.com\/pt-pt\/#\/schema\/logo\/image\/"},"sameAs":["https:\/\/www.facebook.com\/people\/Loginfo24\/100057360583332\/","https:\/\/www.linkedin.com\/company\/lofinfo24\/"]}]}},"_links":{"self":[{"href":"https:\/\/loginfo24.com\/pt-pt\/wp-json\/wp\/v2\/posts\/67771","targetHints":{"allow":["GET"]}}],"collection":[{"href":"https:\/\/loginfo24.com\/pt-pt\/wp-json\/wp\/v2\/posts"}],"about":[{"href":"https:\/\/loginfo24.com\/pt-pt\/wp-json\/wp\/v2\/types\/post"}],"replies":[{"embeddable":true,"href":"https:\/\/loginfo24.com\/pt-pt\/wp-json\/wp\/v2\/comments?post=67771"}],"version-history":[{"count":0,"href":"https:\/\/loginfo24.com\/pt-pt\/wp-json\/wp\/v2\/posts\/67771\/revisions"}],"wp:featuredmedia":[{"embeddable":true,"href":"https:\/\/loginfo24.com\/pt-pt\/wp-json\/wp\/v2\/media\/5518"}],"wp:attachment":[{"href":"https:\/\/loginfo24.com\/pt-pt\/wp-json\/wp\/v2\/media?parent=67771"}],"wp:term":[{"taxonomy":"category","embeddable":true,"href":"https:\/\/loginfo24.com\/pt-pt\/wp-json\/wp\/v2\/categories?post=67771"},{"taxonomy":"post_tag","embeddable":true,"href":"https:\/\/loginfo24.com\/pt-pt\/wp-json\/wp\/v2\/tags?post=67771"}],"curies":[{"name":"wp","href":"https:\/\/api.w.org\/{rel}","templated":true}]}}