{"id":67496,"date":"2024-12-08T19:06:11","date_gmt":"2024-12-08T18:06:11","guid":{"rendered":"https:\/\/blog.brand-architecture.at\/2024\/12\/08\/milence-instala-pela-primeira-vez-pontos-de-carregamento-para-e-caminhoes-na-alemanha\/"},"modified":"2024-12-08T19:06:11","modified_gmt":"2024-12-08T18:06:11","slug":"milence-instala-pela-primeira-vez-pontos-de-carregamento-para-e-caminhoes-na-alemanha","status":"publish","type":"post","link":"https:\/\/loginfo24.com\/pt-pt\/2024\/12\/08\/milence-instala-pela-primeira-vez-pontos-de-carregamento-para-e-caminhoes-na-alemanha\/","title":{"rendered":"Milence instala pela primeira vez pontos de carregamento para E-caminh\u00f5es na Alemanha"},"content":{"rendered":"<h5><strong>Milence, a joint venture entre Daimler Truck, TRATON GROUP e Volvo Group, entrou oficialmente na Alemanha \u2013 o maior mercado de transporte rodovi\u00e1rio da Europa \u2013 com a abertura de dois modernos pontos de carregamento p\u00fablicos perto de Leipzig. Localizados estrategicamente nos grandes corredores de mercadorias, os pontos ir\u00e3o conectar Berlim ao sul da Alemanha e \u00e0 Pol\u00f4nia, representando um importante marco na miss\u00e3o da Milence de acelerar o transporte rodovi\u00e1rio livre de f\u00f3sseis.<\/strong><\/h5>\n<p>(Amsterd\u00e3) Os novos hubs operacionais oferecem uma alta pot\u00eancia de at\u00e9 400 kW e s\u00e3o capazes de otimizar a conectividade e o conforto para os motoristas:<\/p>\n<p>Hermsdorfer Kreuz, Tur\u00edngia: Localizado na autoestrada A4 entre a Pol\u00f4nia e Frankfurt am Main, este hub estrategicamente posicionado possui oito pontos de carregamento e serve como um importante ponto de conex\u00e3o para o transporte de mercadorias. Ele oferece acesso universal para todos os caminh\u00f5es el\u00e9tricos de alta performance, independentemente do fabricante. Localizado na A9 entre Berlim e Leipzig e oferecendo quatro pontos de carregamento, este hub adjacente est\u00e1 ao lado de um estacionamento seguro para caminh\u00f5es com comodidades de primeira linha, como \u00e1reas de lounge, chuveiros e banheiros.<\/p>\n<p>Milence em Vockerode, Sax\u00f4nia-Anhalt: Com mais de 30% do transporte rodovi\u00e1rio de mercadorias da Europa passando por suas fronteiras, a Alemanha representa um pilar da estrat\u00e9gia da Milence. Outros hubs em Kassel Lohfelden, Koblenz, Himmelkron, H\u00fcttenberg, Kirchberg an der Jagst e Recklinghausen se juntar\u00e3o a esses, al\u00e9m de outros centros em 10 mercados, para atender \u00e0 crescente demanda por infraestrutura de transporte rodovi\u00e1rio el\u00e9trica.<\/p>\n<h5>Demanda crescente do mercado<\/h5>\n<p>Na inaugura\u00e7\u00e3o, a CEO da Milence, Anja van Niersen, disse: &#8220;A abertura dos nossos primeiros dois hubs na Alemanha \u00e9 uma prova do nosso compromisso em acompanhar a crescente demanda do mercado por infraestrutura de carregamento el\u00e9trica confi\u00e1vel e acess\u00edvel. Como o principal mercado de transporte rodovi\u00e1rio na Europa, a Alemanha \u00e9 crucial para a transi\u00e7\u00e3o para o transporte rodovi\u00e1rio livre de f\u00f3sseis. Estamos determinados a manter esse \u00edmpeto e a colaborar com todos os atores locais para priorizar e construir a infraestrutura em alinhamento com a demanda do mercado.&#8221;<\/p>\n<p>Hartmut H\u00f6ppner, secret\u00e1rio de Estado do Minist\u00e9rio Federal de Digital e Transporte, que participou da inaugura\u00e7\u00e3o, acrescentou: &#8220;Nenhum caminh\u00e3o el\u00e9trico sem infraestrutura de carregamento: O rec\u00e9m-inaugurado ponto de carregamento para caminh\u00f5es el\u00e9tricos a bateria em Hermsdorfer Kreuz \u00e9 um passo importante da Milence para expandir a infraestrutura p\u00fablica de carregamento r\u00e1pido para ve\u00edculos pesados. O desenvolvimento dessa infraestrutura \u00e9 um componente essencial para o sucesso da implementa\u00e7\u00e3o de caminh\u00f5es el\u00e9tricos na log\u00edstica. Valorizamos a contribui\u00e7\u00e3o da Milence, que complementa nossos pr\u00f3prios esfor\u00e7os para criar uma rede de carregamento r\u00e1pido abrangente, baseada na demanda e confi\u00e1vel para caminh\u00f5es ao longo das estradas federais. Nosso objetivo deve ser criar as condi\u00e7\u00f5es para que caminh\u00f5es el\u00e9tricos possam ser operados com sucesso econ\u00f4mico no setor de transporte. O compromisso da Milence \u00e9 uma contribui\u00e7\u00e3o importante.&#8221;<\/p>\n<h5><strong>M\u00faltiplas op\u00e7\u00f5es de pagamento e pre\u00e7os transparentes<\/strong><\/h5>\n<p>A Milence garante acessibilidade e transpar\u00eancia para todos os usu\u00e1rios com um robusto sistema de pagamento. Parcerias com provedores de servi\u00e7os de e-mobilidade (eMSPs) permitem que os motoristas paguem com uma variedade de cart\u00f5es de carregamento. Op\u00e7\u00f5es de pagamento direto atrav\u00e9s do aplicativo Milence e cart\u00f5es banc\u00e1rios tamb\u00e9m est\u00e3o dispon\u00edveis. A tarifa padr\u00e3o \u00e9 de 0,399 \u20ac por kWh (sem IVA), com detalhes de pre\u00e7os no aplicativo Milence e em cada ponto de carregamento.<\/p>\n<p>Os hubs da Milence s\u00e3o constru\u00eddos com foco na sustentabilidade. Todas as esta\u00e7\u00f5es de carregamento consomem 100% de energia verde, e as pr\u00e1ticas de constru\u00e7\u00e3o priorizam a redu\u00e7\u00e3o de CO2, incluindo solu\u00e7\u00f5es de concreto inovadoras que garantem uma vida \u00fatil de 30 anos com impacto ambiental m\u00ednimo.<\/p>\n<h5><strong>Melhorar a experi\u00eancia do motorista<\/strong><\/h5>\n<p>Al\u00e9m do carregamento potente, os hubs da Milence oferecem um ambiente seguro e confort\u00e1vel para os motoristas. As comodidades incluem estacionamentos seguros com controle de acesso, \u00e1reas iluminadas, monitoramento por c\u00e2meras, Wi-Fi e instala\u00e7\u00f5es para descanso e refresco, criando uma experi\u00eancia de carregamento ideal para motoristas e seus ve\u00edculos.<\/p>\n<p>Foto: \u00a9 Milence<\/p>\n","protected":false},"excerpt":{"rendered":"<p>Milence, a joint venture entre Daimler Truck, TRATON GROUP e Volvo Group, entrou oficialmente na Alemanha \u2013 o maior mercado de transporte rodovi\u00e1rio da Europa \u2013<span class=\"excerpt-hellip\"> [\u2026]<\/span><\/p>\n","protected":false},"author":0,"featured_media":5629,"comment_status":"open","ping_status":"open","sticky":false,"template":"","format":"standard","meta":{"_acf_changed":false,"footnotes":""},"categories":[1557,1561],"tags":[],"class_list":["post-67496","post","type-post","status-publish","format-standard","has-post-thumbnail","hentry","category-forwarding-logistics","category-regions"],"acf":[],"yoast_head":"<!-- This site is optimized with the Yoast SEO plugin v27.3 - https:\/\/yoast.com\/product\/yoast-seo-wordpress\/ -->\n<title>Milence instala pela primeira vez pontos de carregamento para E-caminh\u00f5es na Alemanha - Loginfo24<\/title>\n<meta name=\"robots\" content=\"index, follow, max-snippet:-1, max-image-preview:large, max-video-preview:-1\" \/>\n<link rel=\"canonical\" href=\"https:\/\/loginfo24.com\/pt-pt\/2024\/12\/08\/milence-instala-pela-primeira-vez-pontos-de-carregamento-para-e-caminhoes-na-alemanha\/\" \/>\n<meta property=\"og:locale\" content=\"pt_PT\" \/>\n<meta property=\"og:type\" content=\"article\" \/>\n<meta property=\"og:title\" content=\"Milence instala pela primeira vez pontos de carregamento para E-caminh\u00f5es na Alemanha - Loginfo24\" \/>\n<meta property=\"og:description\" content=\"Milence, a joint venture entre Daimler Truck, TRATON GROUP e Volvo Group, entrou oficialmente na Alemanha \u2013 o maior mercado de transporte rodovi\u00e1rio da Europa \u2013 [\u2026]\" \/>\n<meta property=\"og:url\" content=\"https:\/\/loginfo24.com\/pt-pt\/2024\/12\/08\/milence-instala-pela-primeira-vez-pontos-de-carregamento-para-e-caminhoes-na-alemanha\/\" \/>\n<meta property=\"og:site_name\" content=\"Loginfo24\" \/>\n<meta property=\"article:publisher\" content=\"https:\/\/www.facebook.com\/people\/Loginfo24\/100057360583332\/\" \/>\n<meta property=\"article:published_time\" content=\"2024-12-08T18:06:11+00:00\" \/>\n<meta property=\"og:image\" content=\"https:\/\/loginfo24.com\/wp-content\/uploads\/sites\/7\/2025\/12\/Milence_8.12.24.jpg\" \/>\n\t<meta property=\"og:image:width\" content=\"1366\" \/>\n\t<meta property=\"og:image:height\" content=\"839\" \/>\n\t<meta property=\"og:image:type\" content=\"image\/jpeg\" \/>\n<meta name=\"twitter:card\" content=\"summary_large_image\" \/>\n<meta name=\"twitter:label1\" content=\"Tempo estimado de leitura\" \/>\n\t<meta name=\"twitter:data1\" content=\"4 minutos\" \/>\n<script type=\"application\/ld+json\" class=\"yoast-schema-graph\">{\"@context\":\"https:\\\/\\\/schema.org\",\"@graph\":[{\"@type\":\"Article\",\"@id\":\"https:\\\/\\\/loginfo24.com\\\/pt-pt\\\/2024\\\/12\\\/08\\\/milence-instala-pela-primeira-vez-pontos-de-carregamento-para-e-caminhoes-na-alemanha\\\/#article\",\"isPartOf\":{\"@id\":\"https:\\\/\\\/loginfo24.com\\\/pt-pt\\\/2024\\\/12\\\/08\\\/milence-instala-pela-primeira-vez-pontos-de-carregamento-para-e-caminhoes-na-alemanha\\\/\"},\"author\":{\"name\":\"\",\"@id\":\"\"},\"headline\":\"Milence instala pela primeira vez pontos de carregamento para E-caminh\u00f5es na Alemanha\",\"datePublished\":\"2024-12-08T18:06:11+00:00\",\"mainEntityOfPage\":{\"@id\":\"https:\\\/\\\/loginfo24.com\\\/pt-pt\\\/2024\\\/12\\\/08\\\/milence-instala-pela-primeira-vez-pontos-de-carregamento-para-e-caminhoes-na-alemanha\\\/\"},\"wordCount\":746,\"commentCount\":0,\"publisher\":{\"@id\":\"https:\\\/\\\/loginfo24.com\\\/pt-pt\\\/#organization\"},\"image\":{\"@id\":\"https:\\\/\\\/loginfo24.com\\\/pt-pt\\\/2024\\\/12\\\/08\\\/milence-instala-pela-primeira-vez-pontos-de-carregamento-para-e-caminhoes-na-alemanha\\\/#primaryimage\"},\"thumbnailUrl\":\"https:\\\/\\\/loginfo24.com\\\/wp-content\\\/uploads\\\/sites\\\/7\\\/2025\\\/12\\\/Milence_8.12.24.jpg\",\"articleSection\":[\"Forwarding &amp; Logistics\",\"Regions\"],\"inLanguage\":\"pt-PT\",\"potentialAction\":[{\"@type\":\"CommentAction\",\"name\":\"Comment\",\"target\":[\"https:\\\/\\\/loginfo24.com\\\/pt-pt\\\/2024\\\/12\\\/08\\\/milence-instala-pela-primeira-vez-pontos-de-carregamento-para-e-caminhoes-na-alemanha\\\/#respond\"]}]},{\"@type\":\"WebPage\",\"@id\":\"https:\\\/\\\/loginfo24.com\\\/pt-pt\\\/2024\\\/12\\\/08\\\/milence-instala-pela-primeira-vez-pontos-de-carregamento-para-e-caminhoes-na-alemanha\\\/\",\"url\":\"https:\\\/\\\/loginfo24.com\\\/pt-pt\\\/2024\\\/12\\\/08\\\/milence-instala-pela-primeira-vez-pontos-de-carregamento-para-e-caminhoes-na-alemanha\\\/\",\"name\":\"Milence instala pela primeira vez pontos de carregamento para E-caminh\u00f5es na Alemanha - Loginfo24\",\"isPartOf\":{\"@id\":\"https:\\\/\\\/loginfo24.com\\\/pt-pt\\\/#website\"},\"primaryImageOfPage\":{\"@id\":\"https:\\\/\\\/loginfo24.com\\\/pt-pt\\\/2024\\\/12\\\/08\\\/milence-instala-pela-primeira-vez-pontos-de-carregamento-para-e-caminhoes-na-alemanha\\\/#primaryimage\"},\"image\":{\"@id\":\"https:\\\/\\\/loginfo24.com\\\/pt-pt\\\/2024\\\/12\\\/08\\\/milence-instala-pela-primeira-vez-pontos-de-carregamento-para-e-caminhoes-na-alemanha\\\/#primaryimage\"},\"thumbnailUrl\":\"https:\\\/\\\/loginfo24.com\\\/wp-content\\\/uploads\\\/sites\\\/7\\\/2025\\\/12\\\/Milence_8.12.24.jpg\",\"datePublished\":\"2024-12-08T18:06:11+00:00\",\"breadcrumb\":{\"@id\":\"https:\\\/\\\/loginfo24.com\\\/pt-pt\\\/2024\\\/12\\\/08\\\/milence-instala-pela-primeira-vez-pontos-de-carregamento-para-e-caminhoes-na-alemanha\\\/#breadcrumb\"},\"inLanguage\":\"pt-PT\",\"potentialAction\":[{\"@type\":\"ReadAction\",\"target\":[\"https:\\\/\\\/loginfo24.com\\\/pt-pt\\\/2024\\\/12\\\/08\\\/milence-instala-pela-primeira-vez-pontos-de-carregamento-para-e-caminhoes-na-alemanha\\\/\"]}]},{\"@type\":\"ImageObject\",\"inLanguage\":\"pt-PT\",\"@id\":\"https:\\\/\\\/loginfo24.com\\\/pt-pt\\\/2024\\\/12\\\/08\\\/milence-instala-pela-primeira-vez-pontos-de-carregamento-para-e-caminhoes-na-alemanha\\\/#primaryimage\",\"url\":\"https:\\\/\\\/loginfo24.com\\\/wp-content\\\/uploads\\\/sites\\\/7\\\/2025\\\/12\\\/Milence_8.12.24.jpg\",\"contentUrl\":\"https:\\\/\\\/loginfo24.com\\\/wp-content\\\/uploads\\\/sites\\\/7\\\/2025\\\/12\\\/Milence_8.12.24.jpg\",\"width\":1366,\"height\":839},{\"@type\":\"BreadcrumbList\",\"@id\":\"https:\\\/\\\/loginfo24.com\\\/pt-pt\\\/2024\\\/12\\\/08\\\/milence-instala-pela-primeira-vez-pontos-de-carregamento-para-e-caminhoes-na-alemanha\\\/#breadcrumb\",\"itemListElement\":[{\"@type\":\"ListItem\",\"position\":1,\"name\":\"Startseite\",\"item\":\"https:\\\/\\\/loginfo24.com\\\/pt-pt\\\/\"},{\"@type\":\"ListItem\",\"position\":2,\"name\":\"Milence instala pela primeira vez pontos de carregamento para E-caminh\u00f5es na Alemanha\"}]},{\"@type\":\"WebSite\",\"@id\":\"https:\\\/\\\/loginfo24.com\\\/pt-pt\\\/#website\",\"url\":\"https:\\\/\\\/loginfo24.com\\\/pt-pt\\\/\",\"name\":\"Loginfo24\",\"description\":\"Loginfo24 \u00e9 a plataforma dedicada \u00e0 log\u00edstica e \u00e0s cadeias de abastecimento, com informa\u00e7\u00f5es dispon\u00edveis 24 horas por dia.\",\"publisher\":{\"@id\":\"https:\\\/\\\/loginfo24.com\\\/pt-pt\\\/#organization\"},\"potentialAction\":[{\"@type\":\"SearchAction\",\"target\":{\"@type\":\"EntryPoint\",\"urlTemplate\":\"https:\\\/\\\/loginfo24.com\\\/pt-pt\\\/?s={search_term_string}\"},\"query-input\":{\"@type\":\"PropertyValueSpecification\",\"valueRequired\":true,\"valueName\":\"search_term_string\"}}],\"inLanguage\":\"pt-PT\"},{\"@type\":\"Organization\",\"@id\":\"https:\\\/\\\/loginfo24.com\\\/pt-pt\\\/#organization\",\"name\":\"Logismedia Group AG\",\"url\":\"https:\\\/\\\/loginfo24.com\\\/pt-pt\\\/\",\"logo\":{\"@type\":\"ImageObject\",\"inLanguage\":\"pt-PT\",\"@id\":\"https:\\\/\\\/loginfo24.com\\\/pt-pt\\\/#\\\/schema\\\/logo\\\/image\\\/\",\"url\":\"https:\\\/\\\/loginfo24.com\\\/wp-content\\\/uploads\\\/sites\\\/7\\\/2026\\\/01\\\/Logo_LogInfo24.png\",\"contentUrl\":\"https:\\\/\\\/loginfo24.com\\\/wp-content\\\/uploads\\\/sites\\\/7\\\/2026\\\/01\\\/Logo_LogInfo24.png\",\"width\":938,\"height\":351,\"caption\":\"Logismedia Group AG\"},\"image\":{\"@id\":\"https:\\\/\\\/loginfo24.com\\\/pt-pt\\\/#\\\/schema\\\/logo\\\/image\\\/\"},\"sameAs\":[\"https:\\\/\\\/www.facebook.com\\\/people\\\/Loginfo24\\\/100057360583332\\\/\",\"https:\\\/\\\/www.linkedin.com\\\/company\\\/lofinfo24\\\/\"]}]}<\/script>\n<!-- \/ Yoast SEO plugin. -->","yoast_head_json":{"title":"Milence instala pela primeira vez pontos de carregamento para E-caminh\u00f5es na Alemanha - Loginfo24","robots":{"index":"index","follow":"follow","max-snippet":"max-snippet:-1","max-image-preview":"max-image-preview:large","max-video-preview":"max-video-preview:-1"},"canonical":"https:\/\/loginfo24.com\/pt-pt\/2024\/12\/08\/milence-instala-pela-primeira-vez-pontos-de-carregamento-para-e-caminhoes-na-alemanha\/","og_locale":"pt_PT","og_type":"article","og_title":"Milence instala pela primeira vez pontos de carregamento para E-caminh\u00f5es na Alemanha - Loginfo24","og_description":"Milence, a joint venture entre Daimler Truck, TRATON GROUP e Volvo Group, entrou oficialmente na Alemanha \u2013 o maior mercado de transporte rodovi\u00e1rio da Europa \u2013 [\u2026]","og_url":"https:\/\/loginfo24.com\/pt-pt\/2024\/12\/08\/milence-instala-pela-primeira-vez-pontos-de-carregamento-para-e-caminhoes-na-alemanha\/","og_site_name":"Loginfo24","article_publisher":"https:\/\/www.facebook.com\/people\/Loginfo24\/100057360583332\/","article_published_time":"2024-12-08T18:06:11+00:00","og_image":[{"width":1366,"height":839,"url":"https:\/\/loginfo24.com\/wp-content\/uploads\/sites\/7\/2025\/12\/Milence_8.12.24.jpg","type":"image\/jpeg"}],"twitter_card":"summary_large_image","twitter_misc":{"Tempo estimado de leitura":"4 minutos"},"schema":{"@context":"https:\/\/schema.org","@graph":[{"@type":"Article","@id":"https:\/\/loginfo24.com\/pt-pt\/2024\/12\/08\/milence-instala-pela-primeira-vez-pontos-de-carregamento-para-e-caminhoes-na-alemanha\/#article","isPartOf":{"@id":"https:\/\/loginfo24.com\/pt-pt\/2024\/12\/08\/milence-instala-pela-primeira-vez-pontos-de-carregamento-para-e-caminhoes-na-alemanha\/"},"author":{"name":"","@id":""},"headline":"Milence instala pela primeira vez pontos de carregamento para E-caminh\u00f5es na Alemanha","datePublished":"2024-12-08T18:06:11+00:00","mainEntityOfPage":{"@id":"https:\/\/loginfo24.com\/pt-pt\/2024\/12\/08\/milence-instala-pela-primeira-vez-pontos-de-carregamento-para-e-caminhoes-na-alemanha\/"},"wordCount":746,"commentCount":0,"publisher":{"@id":"https:\/\/loginfo24.com\/pt-pt\/#organization"},"image":{"@id":"https:\/\/loginfo24.com\/pt-pt\/2024\/12\/08\/milence-instala-pela-primeira-vez-pontos-de-carregamento-para-e-caminhoes-na-alemanha\/#primaryimage"},"thumbnailUrl":"https:\/\/loginfo24.com\/wp-content\/uploads\/sites\/7\/2025\/12\/Milence_8.12.24.jpg","articleSection":["Forwarding &amp; Logistics","Regions"],"inLanguage":"pt-PT","potentialAction":[{"@type":"CommentAction","name":"Comment","target":["https:\/\/loginfo24.com\/pt-pt\/2024\/12\/08\/milence-instala-pela-primeira-vez-pontos-de-carregamento-para-e-caminhoes-na-alemanha\/#respond"]}]},{"@type":"WebPage","@id":"https:\/\/loginfo24.com\/pt-pt\/2024\/12\/08\/milence-instala-pela-primeira-vez-pontos-de-carregamento-para-e-caminhoes-na-alemanha\/","url":"https:\/\/loginfo24.com\/pt-pt\/2024\/12\/08\/milence-instala-pela-primeira-vez-pontos-de-carregamento-para-e-caminhoes-na-alemanha\/","name":"Milence instala pela primeira vez pontos de carregamento para E-caminh\u00f5es na Alemanha - Loginfo24","isPartOf":{"@id":"https:\/\/loginfo24.com\/pt-pt\/#website"},"primaryImageOfPage":{"@id":"https:\/\/loginfo24.com\/pt-pt\/2024\/12\/08\/milence-instala-pela-primeira-vez-pontos-de-carregamento-para-e-caminhoes-na-alemanha\/#primaryimage"},"image":{"@id":"https:\/\/loginfo24.com\/pt-pt\/2024\/12\/08\/milence-instala-pela-primeira-vez-pontos-de-carregamento-para-e-caminhoes-na-alemanha\/#primaryimage"},"thumbnailUrl":"https:\/\/loginfo24.com\/wp-content\/uploads\/sites\/7\/2025\/12\/Milence_8.12.24.jpg","datePublished":"2024-12-08T18:06:11+00:00","breadcrumb":{"@id":"https:\/\/loginfo24.com\/pt-pt\/2024\/12\/08\/milence-instala-pela-primeira-vez-pontos-de-carregamento-para-e-caminhoes-na-alemanha\/#breadcrumb"},"inLanguage":"pt-PT","potentialAction":[{"@type":"ReadAction","target":["https:\/\/loginfo24.com\/pt-pt\/2024\/12\/08\/milence-instala-pela-primeira-vez-pontos-de-carregamento-para-e-caminhoes-na-alemanha\/"]}]},{"@type":"ImageObject","inLanguage":"pt-PT","@id":"https:\/\/loginfo24.com\/pt-pt\/2024\/12\/08\/milence-instala-pela-primeira-vez-pontos-de-carregamento-para-e-caminhoes-na-alemanha\/#primaryimage","url":"https:\/\/loginfo24.com\/wp-content\/uploads\/sites\/7\/2025\/12\/Milence_8.12.24.jpg","contentUrl":"https:\/\/loginfo24.com\/wp-content\/uploads\/sites\/7\/2025\/12\/Milence_8.12.24.jpg","width":1366,"height":839},{"@type":"BreadcrumbList","@id":"https:\/\/loginfo24.com\/pt-pt\/2024\/12\/08\/milence-instala-pela-primeira-vez-pontos-de-carregamento-para-e-caminhoes-na-alemanha\/#breadcrumb","itemListElement":[{"@type":"ListItem","position":1,"name":"Startseite","item":"https:\/\/loginfo24.com\/pt-pt\/"},{"@type":"ListItem","position":2,"name":"Milence instala pela primeira vez pontos de carregamento para E-caminh\u00f5es na Alemanha"}]},{"@type":"WebSite","@id":"https:\/\/loginfo24.com\/pt-pt\/#website","url":"https:\/\/loginfo24.com\/pt-pt\/","name":"Loginfo24","description":"Loginfo24 \u00e9 a plataforma dedicada \u00e0 log\u00edstica e \u00e0s cadeias de abastecimento, com informa\u00e7\u00f5es dispon\u00edveis 24 horas por dia.","publisher":{"@id":"https:\/\/loginfo24.com\/pt-pt\/#organization"},"potentialAction":[{"@type":"SearchAction","target":{"@type":"EntryPoint","urlTemplate":"https:\/\/loginfo24.com\/pt-pt\/?s={search_term_string}"},"query-input":{"@type":"PropertyValueSpecification","valueRequired":true,"valueName":"search_term_string"}}],"inLanguage":"pt-PT"},{"@type":"Organization","@id":"https:\/\/loginfo24.com\/pt-pt\/#organization","name":"Logismedia Group AG","url":"https:\/\/loginfo24.com\/pt-pt\/","logo":{"@type":"ImageObject","inLanguage":"pt-PT","@id":"https:\/\/loginfo24.com\/pt-pt\/#\/schema\/logo\/image\/","url":"https:\/\/loginfo24.com\/wp-content\/uploads\/sites\/7\/2026\/01\/Logo_LogInfo24.png","contentUrl":"https:\/\/loginfo24.com\/wp-content\/uploads\/sites\/7\/2026\/01\/Logo_LogInfo24.png","width":938,"height":351,"caption":"Logismedia Group AG"},"image":{"@id":"https:\/\/loginfo24.com\/pt-pt\/#\/schema\/logo\/image\/"},"sameAs":["https:\/\/www.facebook.com\/people\/Loginfo24\/100057360583332\/","https:\/\/www.linkedin.com\/company\/lofinfo24\/"]}]}},"_links":{"self":[{"href":"https:\/\/loginfo24.com\/pt-pt\/wp-json\/wp\/v2\/posts\/67496","targetHints":{"allow":["GET"]}}],"collection":[{"href":"https:\/\/loginfo24.com\/pt-pt\/wp-json\/wp\/v2\/posts"}],"about":[{"href":"https:\/\/loginfo24.com\/pt-pt\/wp-json\/wp\/v2\/types\/post"}],"replies":[{"embeddable":true,"href":"https:\/\/loginfo24.com\/pt-pt\/wp-json\/wp\/v2\/comments?post=67496"}],"version-history":[{"count":0,"href":"https:\/\/loginfo24.com\/pt-pt\/wp-json\/wp\/v2\/posts\/67496\/revisions"}],"wp:featuredmedia":[{"embeddable":true,"href":"https:\/\/loginfo24.com\/pt-pt\/wp-json\/wp\/v2\/media\/5629"}],"wp:attachment":[{"href":"https:\/\/loginfo24.com\/pt-pt\/wp-json\/wp\/v2\/media?parent=67496"}],"wp:term":[{"taxonomy":"category","embeddable":true,"href":"https:\/\/loginfo24.com\/pt-pt\/wp-json\/wp\/v2\/categories?post=67496"},{"taxonomy":"post_tag","embeddable":true,"href":"https:\/\/loginfo24.com\/pt-pt\/wp-json\/wp\/v2\/tags?post=67496"}],"curies":[{"name":"wp","href":"https:\/\/api.w.org\/{rel}","templated":true}]}}